{"id":88,"name":"Michel Batista","url":"","description":"Atua h\u00e1 mais de 14 anos na \u00e1rea tribut\u00e1ria e, desde 2018, integra o time da Contabilizei, onde j\u00e1 liderou frentes fiscais e societ\u00e1rias e colaborou em \u00e1reas estrat\u00e9gicas como Tecnologia, Experi\u00eancia do Cliente e Branding. Atualmente \u00e9 respons\u00e1vel pelos estudos e pela implanta\u00e7\u00e3o da Reforma Tribut\u00e1ria na empresa, na frente de Assuntos Regulat\u00f3rios, contribuindo para a adapta\u00e7\u00e3o dos clientes e equipes ao novo modelo tribut\u00e1rio nacional. Tamb\u00e9m \u00e9 criador de conte\u00fados educativos sobre contabilidade e tributos, com foco em descomplicar o empreendedorismo no Brasil.","link":"https:\/\/www.contabilizei.com.br\/reforma-tributaria\/autor\/michel-batista\/","slug":"michel-batista","avatar_urls":{"24":"https:\/\/secure.gravatar.com\/avatar\/002f4310707b61057e95b94d4f9473e513ad1cdeb3ac88ee550e145a197b83c2?s=24&d=mm&r=g","48":"https:\/\/secure.gravatar.com\/avatar\/002f4310707b61057e95b94d4f9473e513ad1cdeb3ac88ee550e145a197b83c2?s=48&d=mm&r=g","96":"https:\/\/secure.gravatar.com\/avatar\/002f4310707b61057e95b94d4f9473e513ad1cdeb3ac88ee550e145a197b83c2?s=96&d=mm&r=g"},"meta":[],"yoast_head":"<!-- This site is optimized with the Yoast SEO plugin v27.5 - https:\/\/yoast.com\/product\/yoast-seo-wordpress\/ -->\n<title>Michel Batista - Especialista em Planejamento Tribut\u00e1rio<\/title>\n<meta name=\"description\" content=\"Atua h\u00e1 mais de 14 anos na \u00e1rea tribut\u00e1ria e, desde 2018, integra o time da Contabilizei, onde j\u00e1 liderou frentes fiscais e societ\u00e1rias e colaborou em \u00e1reas estrat\u00e9gicas como Tecnologia, Experi\u00eancia do Cliente e Branding. Atualmente \u00e9 respons\u00e1vel pelos estudos e pela implanta\u00e7\u00e3o da Reforma Tribut\u00e1ria na empresa, na frente de Assuntos Regulat\u00f3rios, contribuindo para a adapta\u00e7\u00e3o dos clientes e equipes ao novo modelo tribut\u00e1rio nacional. Tamb\u00e9m \u00e9 criador de conte\u00fados educativos sobre contabilidade e tributos, com foco em descomplicar o empreendedorismo no Brasil.\" \/>\n<meta name=\"robots\" content=\"index, follow\" \/>\n<link rel=\"canonical\" href=\"https:\/\/www.contabilizei.com.br\/reforma-tributaria\/autor\/michel-batista\/\" \/>\n<meta property=\"og:locale\" content=\"pt_BR\" \/>\n<meta property=\"og:type\" content=\"profile\" \/>\n<meta property=\"og:title\" content=\"Michel Batista - Especialista em Planejamento Tribut\u00e1rio\" \/>\n<meta property=\"og:description\" content=\"Atua h\u00e1 mais de 14 anos na \u00e1rea tribut\u00e1ria e, desde 2018, integra o time da Contabilizei, onde j\u00e1 liderou frentes fiscais e societ\u00e1rias e colaborou em \u00e1reas estrat\u00e9gicas como Tecnologia, Experi\u00eancia do Cliente e Branding. Atualmente \u00e9 respons\u00e1vel pelos estudos e pela implanta\u00e7\u00e3o da Reforma Tribut\u00e1ria na empresa, na frente de Assuntos Regulat\u00f3rios, contribuindo para a adapta\u00e7\u00e3o dos clientes e equipes ao novo modelo tribut\u00e1rio nacional. Tamb\u00e9m \u00e9 criador de conte\u00fados educativos sobre contabilidade e tributos, com foco em descomplicar o empreendedorismo no Brasil.\" \/>\n<meta property=\"og:url\" content=\"https:\/\/www.contabilizei.com.br\/reforma-tributaria\/autor\/michel-batista\/\" \/>\n<meta property=\"og:site_name\" content=\"Blog da Contabilizei\" \/>\n<meta property=\"og:image\" content=\"https:\/\/secure.gravatar.com\/avatar\/002f4310707b61057e95b94d4f9473e513ad1cdeb3ac88ee550e145a197b83c2?s=500&d=mm&r=g\" \/>\n<meta name=\"twitter:card\" content=\"summary_large_image\" \/>\n<meta name=\"twitter:site\" content=\"@contabilizei\" \/>\n<!-- \/ Yoast SEO plugin. -->","yoast_head_json":{"title":"Michel Batista - Especialista em Planejamento Tribut\u00e1rio","description":"Atua h\u00e1 mais de 14 anos na \u00e1rea tribut\u00e1ria e, desde 2018, integra o time da Contabilizei, onde j\u00e1 liderou frentes fiscais e societ\u00e1rias e colaborou em \u00e1reas estrat\u00e9gicas como Tecnologia, Experi\u00eancia do Cliente e Branding. Atualmente \u00e9 respons\u00e1vel pelos estudos e pela implanta\u00e7\u00e3o da Reforma Tribut\u00e1ria na empresa, na frente de Assuntos Regulat\u00f3rios, contribuindo para a adapta\u00e7\u00e3o dos clientes e equipes ao novo modelo tribut\u00e1rio nacional. Tamb\u00e9m \u00e9 criador de conte\u00fados educativos sobre contabilidade e tributos, com foco em descomplicar o empreendedorismo no Brasil.","robots":{"index":"index","follow":"follow"},"canonical":"https:\/\/www.contabilizei.com.br\/reforma-tributaria\/autor\/michel-batista\/","og_locale":"pt_BR","og_type":"profile","og_title":"Michel Batista - Especialista em Planejamento Tribut\u00e1rio","og_description":"Atua h\u00e1 mais de 14 anos na \u00e1rea tribut\u00e1ria e, desde 2018, integra o time da Contabilizei, onde j\u00e1 liderou frentes fiscais e societ\u00e1rias e colaborou em \u00e1reas estrat\u00e9gicas como Tecnologia, Experi\u00eancia do Cliente e Branding. Atualmente \u00e9 respons\u00e1vel pelos estudos e pela implanta\u00e7\u00e3o da Reforma Tribut\u00e1ria na empresa, na frente de Assuntos Regulat\u00f3rios, contribuindo para a adapta\u00e7\u00e3o dos clientes e equipes ao novo modelo tribut\u00e1rio nacional. Tamb\u00e9m \u00e9 criador de conte\u00fados educativos sobre contabilidade e tributos, com foco em descomplicar o empreendedorismo no Brasil.","og_url":"https:\/\/www.contabilizei.com.br\/reforma-tributaria\/autor\/michel-batista\/","og_site_name":"Blog da Contabilizei","og_image":[{"url":"https:\/\/secure.gravatar.com\/avatar\/002f4310707b61057e95b94d4f9473e513ad1cdeb3ac88ee550e145a197b83c2?s=500&d=mm&r=g","type":"","width":"","height":""}],"twitter_card":"summary_large_image","twitter_site":"@contabilizei","schema":{"@context":"https:\/\/schema.org","@graph":[{"@type":"ProfilePage","@id":"https:\/\/www.contabilizei.com.br\/reforma-tributaria\/autor\/michel-batista\/","url":"https:\/\/www.contabilizei.com.br\/reforma-tributaria\/autor\/michel-batista\/","name":"Michel Batista - Especialista em Planejamento Tribut\u00e1rio","isPartOf":{"@id":"https:\/\/www.contabilizei.com.br\/reforma-tributaria\/#website"},"description":"Atua h\u00e1 mais de 14 anos na \u00e1rea tribut\u00e1ria e, desde 2018, integra o time da Contabilizei, onde j\u00e1 liderou frentes fiscais e societ\u00e1rias e colaborou em \u00e1reas estrat\u00e9gicas como Tecnologia, Experi\u00eancia do Cliente e Branding. Atualmente \u00e9 respons\u00e1vel pelos estudos e pela implanta\u00e7\u00e3o da Reforma Tribut\u00e1ria na empresa, na frente de Assuntos Regulat\u00f3rios, contribuindo para a adapta\u00e7\u00e3o dos clientes e equipes ao novo modelo tribut\u00e1rio nacional. Tamb\u00e9m \u00e9 criador de conte\u00fados educativos sobre contabilidade e tributos, com foco em descomplicar o empreendedorismo no Brasil.","breadcrumb":{"@id":"https:\/\/www.contabilizei.com.br\/reforma-tributaria\/autor\/michel-batista\/#breadcrumb"},"inLanguage":"pt-BR","potentialAction":[{"@type":"ReadAction","target":["https:\/\/www.contabilizei.com.br\/reforma-tributaria\/autor\/michel-batista\/"]}]},{"@type":"BreadcrumbList","@id":"https:\/\/www.contabilizei.com.br\/reforma-tributaria\/autor\/michel-batista\/#breadcrumb","itemListElement":[{"@type":"ListItem","position":1,"name":"Home","item":"https:\/\/www.contabilizei.com.br\/reforma-tributaria\/"},{"@type":"ListItem","position":2,"name":"Arquivos para Michel Batista"}]},{"@type":"WebSite","@id":"https:\/\/www.contabilizei.com.br\/reforma-tributaria\/#website","url":"https:\/\/www.contabilizei.com.br\/reforma-tributaria\/","name":"Hub da Reforma tribut\u00e1ria","description":"Apoiando o empreendedorismo desde 2013","potentialAction":[{"@type":"SearchAction","target":{"@type":"EntryPoint","urlTemplate":"https:\/\/www.contabilizei.com.br\/reforma-tributaria\/?s={search_term_string}"},"query-input":{"@type":"PropertyValueSpecification","valueRequired":true,"valueName":"search_term_string"}}],"inLanguage":"pt-BR"},{"@type":"Person","@id":"https:\/\/www.contabilizei.com.br\/reforma-tributaria\/#\/schema\/person\/ca16d1d0fb23171d77b23775f564cb38","name":"Michel Batista","image":{"@type":"ImageObject","inLanguage":"pt-BR","@id":"https:\/\/secure.gravatar.com\/avatar\/002f4310707b61057e95b94d4f9473e513ad1cdeb3ac88ee550e145a197b83c2?s=96&d=mm&r=g","url":"https:\/\/secure.gravatar.com\/avatar\/002f4310707b61057e95b94d4f9473e513ad1cdeb3ac88ee550e145a197b83c2?s=96&d=mm&r=g","contentUrl":"https:\/\/secure.gravatar.com\/avatar\/002f4310707b61057e95b94d4f9473e513ad1cdeb3ac88ee550e145a197b83c2?s=96&d=mm&r=g","caption":"Michel Batista"},"description":"Atua h\u00e1 mais de 14 anos na \u00e1rea tribut\u00e1ria e, desde 2018, integra o time da Contabilizei, onde j\u00e1 liderou frentes fiscais e societ\u00e1rias e colaborou em \u00e1reas estrat\u00e9gicas como Tecnologia, Experi\u00eancia do Cliente e Branding. Atualmente \u00e9 respons\u00e1vel pelos estudos e pela implanta\u00e7\u00e3o da Reforma Tribut\u00e1ria na empresa, na frente de Assuntos Regulat\u00f3rios, contribuindo para a adapta\u00e7\u00e3o dos clientes e equipes ao novo modelo tribut\u00e1rio nacional. Tamb\u00e9m \u00e9 criador de conte\u00fados educativos sobre contabilidade e tributos, com foco em descomplicar o empreendedorismo no Brasil.","sameAs":["https:\/\/www.facebook.com\/Contabilizei\/","https:\/\/www.instagram.com\/contabilizei\/","https:\/\/www.linkedin.com\/company\/contabilizei\/","https:\/\/www.youtube.com\/@ContabilizeiBr"],"mainEntityOfPage":{"@id":"https:\/\/www.contabilizei.com.br\/reforma-tributaria\/autor\/michel-batista\/"}}]}},"_links":{"self":[{"href":"https:\/\/www.contabilizei.com.br\/reforma-tributaria\/wp-json\/wp\/v2\/users\/88","targetHints":{"allow":["GET"]}}],"collection":[{"href":"https:\/\/www.contabilizei.com.br\/reforma-tributaria\/wp-json\/wp\/v2\/users"}]}}