{"id":365,"count":5,"description":"Dependendo da forma que voc\u00ea atua profissionalmente, voc\u00ea deve se preparar de formas diferentes para as mudan\u00e7as da Reforma Tribut\u00e1ria. Quer saber como? Veja abaixo. ","link":"https:\/\/www.contabilizei.com.br\/reforma-tributaria\/trilhas\/reforma-na-pratica-como-aplicar-os-conceitos-em-exemplos\/o-que-muda-para-cada-tipo-de-profissional\/","name":"O que muda para cada tipo de profissional","slug":"o-que-muda-para-cada-tipo-de-profissional","taxonomy":"reforma_post_trail","parent":358,"meta":[],"yoast_head":"<!-- This site is optimized with the Yoast SEO plugin v27.5 - https:\/\/yoast.com\/product\/yoast-seo-wordpress\/ -->\n<title>O que muda para cada tipo de profissional | Blog da Contabilizei<\/title>\n<meta name=\"robots\" content=\"index, follow\" \/>\n<link rel=\"canonical\" href=\"https:\/\/www.contabilizei.com.br\/reforma-tributaria\/trilhas\/reforma-na-pratica-como-aplicar-os-conceitos-em-exemplos\/o-que-muda-para-cada-tipo-de-profissional\/\" \/>\n<meta property=\"og:locale\" content=\"pt_BR\" \/>\n<meta property=\"og:type\" content=\"article\" \/>\n<meta property=\"og:title\" content=\"O que muda para cada tipo de profissional | Blog da Contabilizei\" \/>\n<meta property=\"og:description\" content=\"Dependendo da forma que voc\u00ea atua profissionalmente, voc\u00ea deve se preparar de formas diferentes para as mudan\u00e7as da Reforma Tribut\u00e1ria. Quer saber como? Veja abaixo.\" \/>\n<meta property=\"og:url\" content=\"https:\/\/www.contabilizei.com.br\/reforma-tributaria\/trilhas\/reforma-na-pratica-como-aplicar-os-conceitos-em-exemplos\/o-que-muda-para-cada-tipo-de-profissional\/\" \/>\n<meta property=\"og:site_name\" content=\"Blog da Contabilizei\" \/>\n<meta name=\"twitter:card\" content=\"summary_large_image\" \/>\n<meta name=\"twitter:site\" content=\"@contabilizei\" \/>\n<!-- \/ Yoast SEO plugin. -->","yoast_head_json":{"title":"O que muda para cada tipo de profissional | Blog da Contabilizei","robots":{"index":"index","follow":"follow"},"canonical":"https:\/\/www.contabilizei.com.br\/reforma-tributaria\/trilhas\/reforma-na-pratica-como-aplicar-os-conceitos-em-exemplos\/o-que-muda-para-cada-tipo-de-profissional\/","og_locale":"pt_BR","og_type":"article","og_title":"O que muda para cada tipo de profissional | Blog da Contabilizei","og_description":"Dependendo da forma que voc\u00ea atua profissionalmente, voc\u00ea deve se preparar de formas diferentes para as mudan\u00e7as da Reforma Tribut\u00e1ria. Quer saber como? Veja abaixo.","og_url":"https:\/\/www.contabilizei.com.br\/reforma-tributaria\/trilhas\/reforma-na-pratica-como-aplicar-os-conceitos-em-exemplos\/o-que-muda-para-cada-tipo-de-profissional\/","og_site_name":"Blog da Contabilizei","twitter_card":"summary_large_image","twitter_site":"@contabilizei","schema":{"@context":"https:\/\/schema.org","@graph":[{"@type":"CollectionPage","@id":"https:\/\/www.contabilizei.com.br\/reforma-tributaria\/trilhas\/reforma-na-pratica-como-aplicar-os-conceitos-em-exemplos\/o-que-muda-para-cada-tipo-de-profissional\/","url":"https:\/\/www.contabilizei.com.br\/reforma-tributaria\/trilhas\/reforma-na-pratica-como-aplicar-os-conceitos-em-exemplos\/o-que-muda-para-cada-tipo-de-profissional\/","name":"O que muda para cada tipo de profissional | Blog da Contabilizei","isPartOf":{"@id":"https:\/\/www.contabilizei.com.br\/reforma-tributaria\/#website"},"breadcrumb":{"@id":"https:\/\/www.contabilizei.com.br\/reforma-tributaria\/trilhas\/reforma-na-pratica-como-aplicar-os-conceitos-em-exemplos\/o-que-muda-para-cada-tipo-de-profissional\/#breadcrumb"},"inLanguage":"pt-BR"},{"@type":"BreadcrumbList","@id":"https:\/\/www.contabilizei.com.br\/reforma-tributaria\/trilhas\/reforma-na-pratica-como-aplicar-os-conceitos-em-exemplos\/o-que-muda-para-cada-tipo-de-profissional\/#breadcrumb","itemListElement":[{"@type":"ListItem","position":1,"name":"Home","item":"https:\/\/www.contabilizei.com.br\/reforma-tributaria\/"},{"@type":"ListItem","position":2,"name":"Reforma na pr\u00e1tica: como aplicar os conceitos em exemplos","item":"https:\/\/www.contabilizei.com.br\/reforma-tributaria\/trilhas\/reforma-na-pratica-como-aplicar-os-conceitos-em-exemplos\/"},{"@type":"ListItem","position":3,"name":"O que muda para cada tipo de profissional"}]},{"@type":"WebSite","@id":"https:\/\/www.contabilizei.com.br\/reforma-tributaria\/#website","url":"https:\/\/www.contabilizei.com.br\/reforma-tributaria\/","name":"Hub da Reforma tribut\u00e1ria","description":"Apoiando o empreendedorismo desde 2013","potentialAction":[{"@type":"SearchAction","target":{"@type":"EntryPoint","urlTemplate":"https:\/\/www.contabilizei.com.br\/reforma-tributaria\/?s={search_term_string}"},"query-input":{"@type":"PropertyValueSpecification","valueRequired":true,"valueName":"search_term_string"}}],"inLanguage":"pt-BR"}]}},"_links":{"self":[{"href":"https:\/\/www.contabilizei.com.br\/reforma-tributaria\/wp-json\/wp\/v2\/reforma_post_trail\/365","targetHints":{"allow":["GET"]}}],"collection":[{"href":"https:\/\/www.contabilizei.com.br\/reforma-tributaria\/wp-json\/wp\/v2\/reforma_post_trail"}],"about":[{"href":"https:\/\/www.contabilizei.com.br\/reforma-tributaria\/wp-json\/wp\/v2\/taxonomies\/reforma_post_trail"}],"up":[{"embeddable":true,"href":"https:\/\/www.contabilizei.com.br\/reforma-tributaria\/wp-json\/wp\/v2\/reforma_post_trail\/358"}],"wp:post_type":[{"href":"https:\/\/www.contabilizei.com.br\/reforma-tributaria\/wp-json\/wp\/v2\/reforma_post?reforma_post_trail=365"}],"curies":[{"name":"wp","href":"https:\/\/api.w.org\/{rel}","templated":true}]}}