{"id":40205,"date":"2026-03-12T16:06:19","date_gmt":"2026-03-12T19:06:19","guid":{"rendered":"https:\/\/www.contabilizei.com.br\/reforma-tributaria\/?post_type=reforma_post&#038;p=40205"},"modified":"2026-03-12T16:09:21","modified_gmt":"2026-03-12T19:09:21","slug":"ibs-e-cbs-na-nota-fiscal-de-servico-o-que-e-como-calcular-qual-a-aliquota","status":"publish","type":"reforma_post","link":"https:\/\/www.contabilizei.com.br\/reforma-tributaria\/artigo\/ibs-e-cbs-na-nota-fiscal-de-servico-o-que-e-como-calcular-qual-a-aliquota\/","title":{"rendered":"IBS e CBS na nota fiscal de servi\u00e7o: O que \u00e9? Como calcular? Qual a al\u00edquota?"},"content":{"rendered":"\n<p>O Brasil est\u00e1 implementando a <strong>Reforma Tribut\u00e1ria<\/strong> que cria um novo sistema de impostos sobre o consumo, o chamado <a href=\"https:\/\/www.contabilizei.com.br\/contabilidade-online\/o-que-e-iva\/\" target=\"_blank\" rel=\"noreferrer noopener\"><strong>IVA (Imposto sobre Valor Agregado)<\/strong><\/a> composto por dois impostos: o <a href=\"https:\/\/www.contabilizei.com.br\/contabilidade-online\/ibs-imposto-sobre-bens-e-servicos\/\" target=\"_blank\" rel=\"noreferrer noopener\">IBS<\/a> e a <a href=\"https:\/\/www.contabilizei.com.br\/contabilidade-online\/cbs-imposto\/\" target=\"_blank\" rel=\"noreferrer noopener\">CBS<\/a>.\u00a0<\/p>\n\n\n\n<p>Este modelo procura extinguir a cumulatividade, em que o imposto \u00e9 cobrado sobre imposto ao longo da cadeia produtiva.<\/p>\n\n\n\n<p>Na pr\u00e1tica, quando sua empresa emitir uma Nota Fiscal Eletr\u00f4nica, voc\u00ea poder\u00e1 ver duas novas siglas e novos campos no seu documento fiscal a partir de <strong>janeiro de 2026 (empresas optantes pelo Simples Nacional passam a efetuar o destaque a partir de janeiro de 2027)<\/strong>, quando come\u00e7ou o per\u00edodo de transi\u00e7\u00e3o da Reforma Tribut\u00e1ria.&nbsp;<\/p>\n\n\n\n<h1 class=\"wp-block-heading\">O que s\u00e3o IBS e CBS?<\/h1>\n\n\n\n<p>IBS e CBS s\u00e3o os <a href=\"https:\/\/www.contabilizei.com.br\/contabilizei-responde\/impostos-reforma-tributaria\/#:~:text=A%20reforma%20tribut%C3%A1ria%20aprovada%20no,tributa%C3%A7%C3%A3o%20e%20reduzir%20a%20burocracia.\" target=\"_blank\" rel=\"noreferrer noopener\">dois novos impostos que formar\u00e3o o <strong>IVA Dual<\/strong> brasileiro<\/a>. Pense neles como substitutos de impostos mais antigos, simplificando o sistema:<\/p>\n\n\n\n<figure class=\"wp-block-table\"><table class=\"has-fixed-layout\"><tbody><tr><td><strong>Novo Imposto<\/strong><\/td><td><strong>Nome Completo<\/strong><\/td><td><strong>O que ele substitui&nbsp;<\/strong><\/td><td><strong>\u00c2mbito<\/strong><\/td><\/tr><tr><td><strong>IBS<\/strong><\/td><td>Imposto sobre Bens e Servi\u00e7os<\/td><td>Substitui o ICMS (estadual) e o ISS (municipal).<\/td><td>Subnacional (estados e munic\u00edpios).<\/td><\/tr><tr><td><strong>CBS<\/strong><\/td><td>Contribui\u00e7\u00e3o sobre Bens e Servi\u00e7os<\/td><td>Substitui e unifica PIS, Cofins e parte do IPI (este \u00faltimo ser\u00e1 substitu\u00eddo pela CBS em grande parte, coexistindo com o Imposto Seletivo em casos espec\u00edficos).<\/td><td>Federal.<\/td><\/tr><\/tbody><\/table><\/figure>\n\n\n\n<p>Ambos funcionar\u00e3o com a l\u00f3gica de <strong>n\u00e3o cumulatividade e cr\u00e9dito<\/strong>. Isso significa que o imposto pago em uma etapa da cadeia produtiva pode ser usado como <a href=\"https:\/\/www.contabilizei.com.br\/reforma-tributaria\/artigo\/credito-tributario\/\" target=\"_blank\" rel=\"noreferrer noopener\"><strong>cr\u00e9dito<\/strong><\/a> na etapa seguinte, o que torna a tributa\u00e7\u00e3o mais transparente e evita o &#8220;imposto sobre imposto&#8221;.<\/p>\n\n\n\n<h2 class=\"wp-block-heading\" class=\"wp-block-heading\" id=\"o-que-muda-na-nota-fiscal-e-por-que-isso-importa\">O que muda na nota fiscal e por que isso importa?<\/h2>\n\n\n\n<p>Para empresas prestadoras de servi\u00e7os uma mudan\u00e7a muito relevante \u00e9 que as<a href=\"https:\/\/www.contabilizei.com.br\/reforma-tributaria\/artigo\/nota-fiscal-reforma-tributaria-entenda-o-que-muda-com-o-padrao-nacional-e-como-se-adequar\/\" target=\"_blank\" rel=\"noreferrer noopener\"> novas Notas Fiscais de Servi\u00e7o (NFS-e)<\/a> passam a ter um layout padronizado em todo o pa\u00eds e a incluir campos espec\u00edficos para o IBS e a CBS, al\u00e9m de campos para informar os novos c\u00f3digos fiscais, que definem como cada estes novos impostos v\u00e3o tributar a opera\u00e7\u00e3o.\u00a0<\/p>\n\n\n\n<p>Pensando em Reforma Tribut\u00e1ria do Consumo, essa mudan\u00e7a se torna essencial, pois \u00e9 a base para:<\/p>\n\n\n\n<ul class=\"wp-block-list\">\n<li><strong>Padroniza\u00e7\u00e3o: <\/strong>Permite a mesma visibilidade para o contribuinte, independente de onde ele esteja.<\/li>\n\n\n\n<li><strong>Transpar\u00eancia:<\/strong> Mostrar exatamente quanto est\u00e1 sendo tributado.<\/li>\n\n\n\n<li><strong>Cr\u00e9ditos:<\/strong> Permitir que o seu cliente (o tomador do servi\u00e7o ou produto) possa aproveitar o imposto pago como cr\u00e9dito, o que \u00e9 a ess\u00eancia do novo IVA. Lembre-se: o cr\u00e9dito s\u00f3 \u00e9 gerado se houver o pagamento do imposto correspondente.<\/li>\n<\/ul>\n\n\n\n<p>Seu sistema (ERP ou emissor) precisa estar atualizado para receber os novos c\u00f3digos fiscais, que permitir\u00e3o ao Fisco identificar com precis\u00e3o a tributa\u00e7\u00e3o de cada servi\u00e7o prestado.&nbsp;<\/p>\n\n\n\n<p>Os principais s\u00e3o:<\/p>\n\n\n\n<ul class=\"wp-block-list\">\n<li>CST (C\u00f3digo de Situa\u00e7\u00e3o Tribut\u00e1ria): Identifica o regime de tributa\u00e7\u00e3o do IBS e da CBS (ex: tributa\u00e7\u00e3o integral, al\u00edquota zero, al\u00edquota reduzida ou suspens\u00e3o);<\/li>\n\n\n\n<li>cClassTrib (C\u00f3digo de Classifica\u00e7\u00e3o Tribut\u00e1ria): Funcionar\u00e1 como o &#8220;CPF&#8221; de cada opera\u00e7\u00e3o fiscal, detalhando o fundamento legal da tributa\u00e7\u00e3o (se \u00e9 al\u00edquota cheia, reduzida, isenta, etc.);<\/li>\n\n\n\n<li>NBS (Nomenclatura Brasileira de Servi\u00e7os): Classifica\u00e7\u00e3o nacional que padroniza a identifica\u00e7\u00e3o do tipo de servi\u00e7o em todo o pa\u00eds; e<\/li>\n\n\n\n<li>cIndOp (Indicador de Opera\u00e7\u00e3o): Define, por exemplo,se a opera\u00e7\u00e3o \u00e9 onerosa (com pagamento) ou n\u00e3o onerosa (como brindes e amostras).<\/li>\n<\/ul>\n\n\n\n<p>Importante: Embora esses novos c\u00f3digos passem a ser obrigat\u00f3rios para o IVA Dual, o C\u00f3digo de Servi\u00e7o (seja o padr\u00e3o nacional da NFS-e ou o c\u00f3digo espec\u00edfico exigido pelo seu munic\u00edpio) continua existindo e deve ser preenchido normalmente para atender \u00e0s exig\u00eancias das prefeituras durante o per\u00edodo de transi\u00e7\u00e3o.<\/p>\n\n\n\n<h2 class=\"wp-block-heading\" class=\"wp-block-heading\" id=\"quem-precisa-destacar-ibs-e-cbs-na-nota-fiscal-de-servico\">Quem precisa destacar IBS e CBS na nota fiscal de servi\u00e7o?<\/h2>\n\n\n\n<ul class=\"wp-block-list\">\n<li>Lucro Presumido e Lucro Real: precisam destacar IBS e CBS j\u00e1 nessa primeira fase de transi\u00e7\u00e3o (2026), para garantir a rastreabilidade, analise e ajustes preliminares de sistema e al\u00edquotas e a partir de 2027 permitir que seus clientes tomem cr\u00e9dito;<\/li>\n\n\n\n<li>Simples Nacional: na pr\u00e1tica, n\u00e3o muda a forma de pagar\u00a0 impostos(continua via DAS) e, em geral, n\u00e3o precisar\u00e1 destacar IBS\/CBS em 2026. Devendo em 2027 destacar o IBS e CBS que ser\u00e3o pagos no DAS, garantindo que, quando prestem servi\u00e7os para empresas que n\u00e3o estar\u00e3o no Simples Nacional, essas possam se aproveitar desse cr\u00e9dito (empresas optantes pelo simples NAcional, que recolherem o IBS e CBS dentro do DAS n\u00e3o poder\u00e3o tomar cr\u00e9dito sobre servi\u00e7os e produtos adquiridos).<\/li>\n<\/ul>\n\n\n\n<p>Aten\u00e7\u00e3o \u00e0 obriga\u00e7\u00e3o acess\u00f3ria: A LC 214\/2025 prev\u00ea que emitir corretamente a nota com os novos campos \u00e9 fundamental. O n\u00e3o cumprimento para quem estiver obrigado pode gerar penalidades. Em 2026, o foco \u00e9 educativo e, por hora, com dispensa de penalidades , para facilitar a adapta\u00e7\u00e3o, conforme o <a href=\"https:\/\/www.cgibs.gov.br\/comite-gestor-e-receita-federal-garantem-prazo-de-adaptacao-e-transicao-segura-para-contribuintes-do-ibs-e-da-cbs-em-2026#:~:text=editaram%C2%A0Ato%20Conjunto%2001%2C%20de%2023%20de%20dezembro%20de%202025\" target=\"_blank\" rel=\"noreferrer noopener\">Ato Conjunto 01\/2025<\/a>.<\/p>\n\n\n\n<h2 class=\"wp-block-heading\" class=\"wp-block-heading\" id=\"emissor-de-nfs-e-na-reforma-tributaria-onde-emitir-minhas-notas\">Emissor de NFS-e na Reforma Tribut\u00e1ria: onde emitir minhas notas?<\/h2>\n\n\n\n<p>Com a chegada do IVA Dual, a padroniza\u00e7\u00e3o tornou-se a palavra de ordem.<\/p>\n\n\n\n<p>Para viabilizar essa mudan\u00e7a, foi disponibilizado o Emissor Nacional de NFS-e. Este sistema j\u00e1 nasce parametrizado para atender a todas as exig\u00eancias da Reforma Tribut\u00e1ria, incluindo os novos campos de IBS e CBS.<\/p>\n\n\n\n<p>O que voc\u00ea precisa saber sobre a escolha do emissor:<\/p>\n\n\n\n<ul class=\"wp-block-list\">\n<li><strong>Decis\u00e3o Municipal:<\/strong> Cada munic\u00edpio tem a autonomia para decidir se adotar\u00e1 o Emissor Nacional como sua ferramenta oficial ou se continuar\u00e1 utilizando um emissor pr\u00f3prio (da prefeitura). Caso o munic\u00edpio opte por sistema pr\u00f3prio, ele ter\u00e1 a obrigatoriedade de adapt\u00e1-lo para suportar o novo layout nacional e os novos c\u00f3digos fiscais;<\/li>\n\n\n\n<li><strong>Responsabilidade do Contribuinte:<\/strong> \u00c9 essencial que o empreendedor se mantenha informado sobre qual caminho sua prefeitura seguiu. Independentemente de ser o sistema da prefeitura ou o nacional, as regras de preenchimento do IBS\/CBS ser\u00e3o as mesmas;<\/li>\n\n\n\n<li><strong>Sistemas de Terceiros e ERPs:<\/strong> Se voc\u00ea utiliza softwares de gest\u00e3o (ERPs) ou emissores integrados fornecidos pela sua contabilidade, certifique-se de que eles est\u00e3o prontos. Esses sistemas, que realizam a integra\u00e7\u00e3o via API com a prefeitura ou com o Ambiente Nacional, devem estar totalmente preparados para transmitir as novas informa\u00e7\u00f5es sem erros.<\/li>\n<\/ul>\n\n\n\n<p>Facilite sua transi\u00e7\u00e3o com a Contabilizei: O emissor de notas fiscais disponibilizado para os clientes da Contabilizei j\u00e1 est\u00e1 adaptado \u00e0s novas exig\u00eancias da Reforma Tribut\u00e1ria. Nosso sistema passa por atualiza\u00e7\u00f5es constantes sempre que novas normativas e Notas T\u00e9cnicas s\u00e3o lan\u00e7adas, garantindo que sua empresa mantenha a regularidade fiscal e a conformidade com o novo layout nacional de forma autom\u00e1tica e segura.<\/p>\n\n\n\n<h2 class=\"wp-block-heading\" class=\"wp-block-heading\" id=\"como-preencher-ibs-e-cbs-nas-notas-fiscais\">Como preencher IBS e CBS nas notas fiscais?<\/h2>\n\n\n\n<p>O \u201ccomo preencher\u201d vai depender do seu emissor (prefeitura, ERP ou emissor nacional), mas os pilares s\u00e3o os mesmos:<\/p>\n\n\n\n<h3 class=\"wp-block-heading\">1) Atualize o emissor\/ERP para o layout novo<\/h3>\n\n\n\n<p>A partir de 2026, a nota passou a ter novos campos. Se o seu sistema n\u00e3o estiver atualizado, voc\u00ea pode n\u00e3o conseguir emitir sendo indicadas rejei\u00e7\u00e3o\/erro ou emitir sem informa\u00e7\u00f5es essenciais (o que aumenta risco fiscal).<\/p>\n\n\n\n<h3 class=\"wp-block-heading\">2) Preencha os c\u00f3digos fiscais exigidos no padr\u00e3o<\/h3>\n\n\n\n<p>Diferente do modelo antigo, a nova codifica\u00e7\u00e3o \u00e9 mais detalhada:<\/p>\n\n\n\n<ul class=\"wp-block-list\">\n<li>NBS (Nomenclatura Brasileira de Servi\u00e7os): Substitui a lista de servi\u00e7os municipal por uma padroniza\u00e7\u00e3o nacional.<\/li>\n\n\n\n<li>cClassTrib (C\u00f3digo de Classifica\u00e7\u00e3o Tribut\u00e1ria): Indica o fundamento legal da tributa\u00e7\u00e3o (ex: al\u00edquota cheia, reduzida ou isen\u00e7\u00e3o).<\/li>\n\n\n\n<li>cIndOp (Indicador de Opera\u00e7\u00e3o): Identifica se \u00e9 onerosa ou n\u00e3o.\u00a0<\/li>\n<\/ul>\n\n\n\n<h4 class=\"wp-block-heading\">Onde consultar os c\u00f3digos oficiais?<\/h4>\n\n\n\n<p>Para garantir que sua parametriza\u00e7\u00e3o esteja correta, voc\u00ea pode consultar as tabelas oficiais nos seguintes endere\u00e7os:<\/p>\n\n\n\n<ul class=\"wp-block-list\">\n<li>Tabela de CST e cClassTrib (C\u00f3digos de Classifica\u00e7\u00e3o Tribut\u00e1ria): Dispon\u00edvel no <a href=\"https:\/\/dfe-portal.svrs.rs.gov.br\/CFF\/ClassificacaoTributaria\" target=\"_blank\" rel=\"noreferrer noopener\">Portal da Conformidade F\u00e1cil<\/a>, al\u00e9m de trazer a tabela dos c\u00f3digos e descri\u00e7\u00f5es, tamb\u00e9m pode ser utilizado para testar emiss\u00f5es de notas<\/li>\n\n\n\n<li>Nomenclatura Brasileira de Servi\u00e7os (NBS): Os c\u00f3digos NBS podem ser consultados diretamente no Portal da Nota Fiscal de Servi\u00e7o Eletr\u00f4nica, baixando a <a href=\"https:\/\/www.gov.br\/nfse\/pt-br\/biblioteca\/documentacao-tecnica\/rtc\/anexoviii-correlacaoitemnbsindopcclasstrib_ibscbs_v1-00-00.xlsx\/view\" target=\"_blank\" rel=\"noreferrer noopener\">tabela Anexo VIII<\/a> da Reforma Tribut\u00e1ria ou pelo <a href=\"https:\/\/www.contabilizei.com.br\/codigo-nbs-consulta-por-atividade\/\" target=\"_blank\" rel=\"noreferrer noopener\">Consultor de NBS da Contabilizei<\/a>.<\/li>\n<\/ul>\n\n\n\n<p>Esses c\u00f3digos s\u00e3o o que \u201cexplica\u201d para o fisco e para o tomador:<\/p>\n\n\n\n<ul class=\"wp-block-list\">\n<li>qual \u00e9 a natureza do servi\u00e7o\/opera\u00e7\u00e3o;<\/li>\n\n\n\n<li>se h\u00e1 redu\u00e7\u00e3o, regime espec\u00edfico, isen\u00e7\u00e3o etc;<\/li>\n\n\n\n<li>e por que a nota est\u00e1 destacando (ou n\u00e3o) IBS\/CBS e outros impostos durante o per\u00edodo de transi\u00e7\u00e3o,que ocorrer\u00e1 at\u00e9 2033.<\/li>\n<\/ul>\n\n\n\n<h3 class=\"wp-block-heading\">3) Informe base, al\u00edquota e valor de IBS\/CBS (quando aplic\u00e1vel)<\/h3>\n\n\n\n<p>Ap\u00f3s o preenchimento correto dos novos c\u00f3digos fiscais e a inser\u00e7\u00e3o do valor do servi\u00e7o, o processo de c\u00e1lculo entra em uma fase automatizada.&nbsp;<\/p>\n\n\n\n<p>Os Emissor Nacionals e ERPs foram projetados para aplicar automaticamente a al\u00edquota pertinente \u00e0quela opera\u00e7\u00e3o espec\u00edfica (desde que pr\u00e9 parametrizado, principalmente em sistemas que n\u00e3o s\u00e3o do governo), realizando o c\u00e1lculo do IBS e da CBS que ser\u00e3o destacados no documento fiscal.<\/p>\n\n\n\n<h2 class=\"wp-block-heading\" class=\"wp-block-heading\" id=\"como-calcular-ibs-e-cbs-na-emissao-de-notas-fiscais\">Como calcular IBS e CBS na emiss\u00e3o de notas fiscais?<\/h2>\n\n\n\n<p>A partir de 2026, come\u00e7ou a fase de transi\u00e7\u00e3o com uma &#8220;simula\u00e7\u00e3o&#8221; nos documentos fiscais, utilizando <strong>al\u00edquotas reduzidas de teste<\/strong> para que empresas e sistemas se adaptem.<\/p>\n\n\n\n<ul class=\"wp-block-list\">\n<li><strong>Al\u00edquotas de Teste (2026):<\/strong> CBS de 0,9% + IBS de 0,1% = <strong>Total de 1%<\/strong>.<\/li>\n<\/ul>\n\n\n\n<p>Exemplo Pr\u00e1tico (destaque em 2026)<\/p>\n\n\n\n<p>Imagine que uma empresa&nbsp; de S\u00e3o Paulo de tecnologia da informa\u00e7\u00e3o emite uma Nota Fiscal de Servi\u00e7o (NFS-e) referente a desenvolvimento de softwares para um cliente&nbsp; localizado em Curitiba, no valor de <strong>R$ 10.000,00<\/strong>.<\/p>\n\n\n\n<p>A nota dever\u00e1 ser preenchida com os seguintes c\u00f3digos no emissor, para a correta tributa\u00e7\u00e3o da opera\u00e7\u00e3o:<\/p>\n\n\n\n<ol class=\"wp-block-list\">\n<li><strong>Descri\u00e7\u00e3o do Item e c\u00f3digo do item: <\/strong>01.01 &#8211; An\u00e1lise E Desenvolvimento De Sistemas.<\/li>\n\n\n\n<li><strong>NBS:<\/strong> 1.1502.20.00 (Servi\u00e7os de projeto e desenvolvimento, adapta\u00e7\u00e3o e instala\u00e7\u00e3o de aplicativos e programas personalizados (customizados)).<\/li>\n\n\n\n<li><strong>C\u00f3digo INDOP<\/strong>: Indica\u00e7\u00e3o do local da incid\u00eancia e destina\u00e7\u00e3o do IBS\/CBS (Domic\u00edlio principal do adquirente, neste exemplo, em Curitiba\/PR, onde o cliente est\u00e1 localizado);<\/li>\n\n\n\n<li><strong>CST correspondente:<\/strong> 000 (Tributa\u00e7\u00e3o integral);<\/li>\n\n\n\n<li><strong>cClassTrib: <\/strong>000001 &#8211; Situa\u00e7\u00f5es tributadas integralmente pelo IBS e CBS.\u00a0<\/li>\n<\/ol>\n\n\n\n<p>Ap\u00f3s o preenchimento, a aplica\u00e7\u00e3o da al\u00edquota de IBS e CBS e c\u00e1lculos dos tributos, s\u00e3o realizados automaticamente pelo emissor.&nbsp;<\/p>\n\n\n\n<p>Assim, para esse caso o que dever\u00e1 aparecer na nota:<\/p>\n\n\n\n<figure class=\"wp-block-table\"><table class=\"has-fixed-layout\"><tbody><tr><td><strong>Imposto<\/strong><\/td><td><strong>Al\u00edquota (2026)<\/strong><\/td><td><strong>C\u00e1lculo<\/strong><\/td><td><strong>Valor Destacado<\/strong><\/td><\/tr><tr><td><strong>CBS<\/strong><\/td><td>0,9%<\/td><td>R$ 10.000,00 \u00d7 0,9%<\/td><td><strong>R$ 90,00<\/strong><\/td><\/tr><tr><td><strong>IBS<\/strong><\/td><td>0,1%<\/td><td>R$ 10.000,00 \u00d7 0,1%<\/td><td><strong>R$ 10,00<\/strong><\/td><\/tr><tr><td><strong>Total<\/strong><\/td><td>1,0%<\/td><td>R$ 100,00<\/td><td><strong>R$ 100,00<\/strong><\/td><\/tr><\/tbody><\/table><\/figure>\n\n\n\n<p>Este c\u00e1lculo \u00e9 apenas o <strong>destaque na nota<\/strong>. Em 2026, esta \u00e9 uma fase de teste para o sistema, sem necessidade do recolhimento do imposto. O quanto voc\u00ea pagar\u00e1 efetivamente de imposto (ap\u00f3s considerar os cr\u00e9ditos) depender\u00e1 das regras espec\u00edficas para seu regime tribut\u00e1rio do ano (a partir de 2027).<\/p>\n\n\n\n<p><em>Aprofunde-se no tema neste conte\u00fado: \u201c<\/em><a href=\"https:\/\/www.contabilizei.com.br\/reforma-tributaria\/artigo\/como-calcular-os-novos-impostos-da-reforma-tributaria\/\" target=\"_blank\" rel=\"noreferrer noopener\"><em>Como calcular os novos impostos da Reforma Tribut\u00e1ria<\/em><\/a><em>\u201d.<\/em><\/p>\n\n\n\n<h2 class=\"wp-block-heading\" class=\"wp-block-heading\" id=\"orientacao-o-que-sua-empresa-deve-fazer-agora\">Orienta\u00e7\u00e3o: o que sua empresa deve fazer agora<\/h2>\n\n\n\n<p>Se voc\u00ea est\u00e1 nos regimes Lucro Presumido ou Lucro Real, deve iniciar a transi\u00e7\u00e3o neste&nbsp; per\u00edodo de ajuste operacional.<\/p>\n\n\n\n<p>Seus passos de prepara\u00e7\u00e3o incluem:<\/p>\n\n\n\n<ol class=\"wp-block-list\">\n<li><strong>Atualizar o sistema emissor:<\/strong> Garanta que seu sistema emissor de notas esteja\u00a0 atualizado para o novo layout nacional. Sem a atualiza\u00e7\u00e3o, voc\u00ea pode enfrentar erros ou rejei\u00e7\u00f5es na emiss\u00e3o.<\/li>\n\n\n\n<li><strong>Destaque de IBS e CBS: <\/strong>Destacar corretamente as al\u00edquotas teste de IBS e CBS.<\/li>\n\n\n\n<li><strong>Mapear e parametrizar c\u00f3digos:<\/strong> Prepare-se para cadastrar e usar os novos c\u00f3digos fiscais exigidos no padr\u00e3o:\n<ul class=\"wp-block-list\">\n<li><strong>CClassTrib<\/strong> (C\u00f3digo de Classifica\u00e7\u00e3o Tribut\u00e1ria).<\/li>\n\n\n\n<li><strong>CST<\/strong> (C\u00f3digo de Situa\u00e7\u00e3o Tribut\u00e1ria).<\/li>\n\n\n\n<li><strong>NBS<\/strong> (Nomenclatura Brasileira de Servi\u00e7os &#8211; obrigat\u00f3ria mais \u00e0 frente, em 2027).<\/li>\n<\/ul>\n<\/li>\n\n\n\n<li><strong>Treinar a equipe e alinhar com a contabilidade:<\/strong> \u00c9 fundamental que sua equipe entenda a nova se\u00e7\u00e3o de c\u00e1lculo e o destaque do IBS\/CBS, alinhando com a contabilidade a rotina de confer\u00eancia e apropria\u00e7\u00e3o dos cr\u00e9ditos no per\u00edodo de transi\u00e7\u00e3o.<\/li>\n<\/ol>\n\n\n\n<p><em>Veja o per\u00edodo de transi\u00e7\u00e3o completo e os pr\u00f3ximos passos da Reforma Tribut\u00e1ria em: \u201c<\/em><a href=\"https:\/\/www.contabilizei.com.br\/reforma-tributaria\/artigo\/reforma-tributaria-o-que-muda-resumo-e-como-se-preparar-em-2026\/\" target=\"_blank\" rel=\"noreferrer noopener\"><em>Reforma Tribut\u00e1ria o que muda: resumo e como se preparar em 2026<\/em><\/a><em>\u201d.<\/em><\/p>\n\n\n\n<h2 class=\"wp-block-heading\" class=\"wp-block-heading\" id=\"entendendo-a-secao-calculo-de-imposto-na-nota-fiscal\">Entendendo a se\u00e7\u00e3o \u201cC\u00e1lculo de Imposto\u201d na nota fiscal&nbsp;<\/h2>\n\n\n\n<p>Muita gente associa \u201cc\u00e1lculo de imposto\u201d apenas ao valor final destacado na nota. Com IBS e CBS, essa se\u00e7\u00e3o ganha um papel ainda maior porque ela passa a ser, tamb\u00e9m, a base para:<\/p>\n\n\n\n<ul class=\"wp-block-list\">\n<li>transpar\u00eancia (mostrar o que est\u00e1 sendo tributado e quanto);<\/li>\n\n\n\n<li>rastreabilidade (governo e contribuintes conferindo a opera\u00e7\u00e3o por c\u00f3digos padronizados);<\/li>\n\n\n\n<li>aproveitamento de cr\u00e9ditos (caracter\u00edstica do IVA: o imposto pago em etapas anteriores pode virar cr\u00e9dito na etapa seguinte, conforme regras).<\/li>\n<\/ul>\n\n\n\n<p>Na pr\u00e1tica, quando voc\u00ea olhar a \u00e1rea de c\u00e1lculo de impostos na NF-e\/NFS-e com a Reforma, espere ver (de forma direta ou via campos do sistema):<\/p>\n\n\n\n<ul class=\"wp-block-list\">\n<li>a base de c\u00e1lculo da opera\u00e7\u00e3o,<\/li>\n\n\n\n<li>a al\u00edquota de IBS e CBS aplic\u00e1vel ao caso,<\/li>\n\n\n\n<li>o valor calculado de IBS e CBS,<\/li>\n\n\n\n<li>e os c\u00f3digos que justificam a tributa\u00e7\u00e3o (ou n\u00e3o tributa\u00e7\u00e3o, redu\u00e7\u00e3o, regime espec\u00edfico etc.).<\/li>\n<\/ul>\n\n\n\n<h2 class=\"wp-block-heading\" class=\"wp-block-heading\" id=\"como-funciona-a-aliquota-teste-de-ibs-e-cbs\">Como funciona a al\u00edquota teste de IBS e CBS?<\/h2>\n\n\n\n<p>Em 2026, teve in\u00edcio a transi\u00e7\u00e3o com uma fase de &#8220;simula\u00e7\u00e3o&#8221; para adaptar os sistemas. O objetivo \u00e9 testar a emiss\u00e3o e escritura\u00e7\u00e3o sem que haja uma substitui\u00e7\u00e3o imediata da arrecada\u00e7\u00e3o atual. A Receita Federal refor\u00e7a que este \u00e9 um per\u00edodo educativo para garantir seguran\u00e7a jur\u00eddica.&nbsp;<\/p>\n\n\n\n<p>Nesta etapa, ser\u00e3o aplicadas al\u00edquotas reduzidas, totalizando 1%: 0,9% para a Contribui\u00e7\u00e3o sobre Bens e Servi\u00e7os (CBS) e 0,1% para o Imposto sobre Bens e Servi\u00e7os (IBS).&nbsp;<\/p>\n\n\n\n<h2 class=\"wp-block-heading\" class=\"wp-block-heading\" id=\"e-qual-sera-a-aliquota-de-verdade\">E qual ser\u00e1 a al\u00edquota \u201cde verdade\u201d?<\/h2>\n\n\n\n<p>As al\u00edquotas finais ainda dependem da fixa\u00e7\u00e3o da al\u00edquota de refer\u00eancia e de calibra\u00e7\u00f5es. H\u00e1 estimativas divulgadas do valor total do IVA total na casa de 27%, com divis\u00e3o entre IBS e CBS.&nbsp;<\/p>\n\n\n\n<p>Mas o ponto seguro \u00e9:<\/p>\n\n\n\n<ul class=\"wp-block-list\">\n<li>em 2026: usa-se a al\u00edquota teste (0,9% + 0,1%);<\/li>\n\n\n\n<li>em 2027: A CBS passa a ter cobran\u00e7a integral e o PIS\/Cofins s\u00e3o extintos. O IPI tamb\u00e9m ter\u00e1 suas al\u00edquotas reduzidas a zero, exceto para produtos que competem com a Zona Franca de Manaus;<\/li>\n\n\n\n<li>o IBS tem transi\u00e7\u00e3o gradual at\u00e9 2033, reduzindo anualmente as al\u00edquotas de ICMS e ISS a partir de 2029.<\/li>\n<\/ul>\n\n\n\n<h2 class=\"wp-block-heading\" class=\"wp-block-heading\" id=\"simples-nacional-atencao-ao-nao-destacar-ibs-e-cbs\">Simples Nacional: aten\u00e7\u00e3o ao \u201cn\u00e3o destacar\u201d IBS e CBS<\/h2>\n\n\n\n<p>Para o Simples, n\u00e3o muda a pr\u00e1tica do imposto, mas ser\u00e1 importante estar apto a preencher os novos c\u00f3digos\/campos que justificam o tratamento, para evitar inconsist\u00eancia no padr\u00e3o nacional.<\/p>\n\n\n\n<p>Empresas do Simples que vendem para outras empresas devem avaliar se vale a pena recolher o IBS\/CBS por fora do DAS para transferir cr\u00e9dito integral aos seus clientes.<\/p>\n\n\n\n<p>Entenda mais das <a href=\"https:\/\/www.contabilizei.com.br\/reforma-tributaria\/artigo\/simples-nacional-reforma-tributaria\/\" target=\"_blank\" rel=\"noreferrer noopener\">mudan\u00e7as para o Simples Nacional na Reforma Tribut\u00e1ria<\/a> neste conte\u00fado.<\/p>\n\n\n\n<h2 class=\"wp-block-heading\" class=\"wp-block-heading\" id=\"nao-arrisque-a-conformidade-da-sua-empresa-na-maior-mudanca-tributaria-do-seculo\">N\u00e3o arrisque a conformidade da sua empresa na maior mudan\u00e7a tribut\u00e1ria do s\u00e9culo!<\/h2>\n\n\n\n<p>A transi\u00e7\u00e3o para o IBS e a CBS n\u00e3o \u00e9 apenas sobre al\u00edquotas; \u00e9 sobre a mudan\u00e7a completa do seu processo de emiss\u00e3o de notas fiscais, o preenchimento de novos c\u00f3digos fiscais e a garantia do correto aproveitamento dos cr\u00e9ditos do IVA. O n\u00e3o cumprimento da obriga\u00e7\u00e3o acess\u00f3ria pode gerar penalidades.<\/p>\n\n\n\n<p>Ter uma contabilidade especializada \u00e9 essencial para navegar nesta complexidade e garantir que seus sistemas estejam alinhados com o novo layout nacional desde o in\u00edcio de 2026.<\/p>\n\n\n\n<p>Prepare-se com a melhor op\u00e7\u00e3o do mercado.<\/p>\n\n\n\n<p>A Contabilizei est\u00e1 pronta para a Reforma Tribut\u00e1ria. Com tecnologia e especialistas focados, garantimos que sua empresa:<\/p>\n\n\n\n<ul class=\"wp-block-list\">\n<li>Cumpra o novo padr\u00e3o de emiss\u00e3o de Notas Fiscais de Servi\u00e7o (NFS-e) no prazo.<\/li>\n\n\n\n<li>Utilize a parametriza\u00e7\u00e3o de c\u00f3digos fiscais de forma correta.<\/li>\n\n\n\n<li>Tenha seguran\u00e7a na apropria\u00e7\u00e3o dos cr\u00e9ditos na fase de transi\u00e7\u00e3o.<\/li>\n<\/ul>\n\n\n\n<p>Chega de d\u00favidas sobre Reforma Tribut\u00e1ria! <a href=\"https:\/\/www.contabilizei.com.br\/\" target=\"_blank\" rel=\"noreferrer noopener\">Fale com um de nossos especialistas<\/a> e garanta a conformidade fiscal da sua empresa com a Contabilizei, l\u00edder em contabilidade.<\/p>\n\n\n\n<h2 class=\"wp-block-heading\" class=\"wp-block-heading\" id=\"faq\">FAQ:<\/h2>\n\n\n\n<h3 class=\"wp-block-heading\">\u201cVou pagar IBS e CBS j\u00e1 em 2026?\u201d<\/h3>\n\n\n\n<p>N\u00e3o. Em 2026 h\u00e1 uma fase de transi\u00e7\u00e3o com al\u00edquotas simb\u00f3licas para destaque e testes (0,9% CBS + 0,1% IBS), sem a l\u00f3gica de substitui\u00e7\u00e3o completa do sistema atual. O foco \u00e9 adapta\u00e7\u00e3o e conformidade da emiss\u00e3o.<\/p>\n\n\n\n<h3 class=\"wp-block-heading\">\u201cA al\u00edquota do IVA j\u00e1 est\u00e1 definida?\u201d<\/h3>\n\n\n\n<p>Ainda n\u00e3o de forma final. Existem estimativas, mas a al\u00edquota de refer\u00eancia depende de etapas de calibra\u00e7\u00e3o e regulamenta\u00e7\u00e3o.<\/p>\n\n\n\n<h3 class=\"wp-block-heading\">\u201cIsso vale para nota de servi\u00e7o?\u201d<\/h3>\n\n\n\n<p>Sim. A NFS-e entra no padr\u00e3o nacional, com obrigatoriedade para munic\u00edpios em 01\/2026, e os novos campos aparecem no documento.<\/p>\n","protected":false},"excerpt":{"rendered":"<p>O Brasil est\u00e1 implementando a Reforma Tribut\u00e1ria que cria um novo sistema de impostos sobre o consumo, o chamado IVA&#8230;<\/p>\n","protected":false},"author":88,"featured_media":40207,"template":"","reforma_post_category":[351],"reforma_post_trail":[357,363],"class_list":{"0":"post-40205","1":"reforma_post","2":"type-reforma_post","3":"status-publish","4":"has-post-thumbnail","6":"reforma_post_category-o-que-muda","7":"reforma_post_trail-primeiros-passos-entenda-os-conceitos","8":"reforma_post_trail-principais-novidades"},"yoast_head":"<!-- This site is optimized with the Yoast SEO plugin v27.5 - https:\/\/yoast.com\/product\/yoast-seo-wordpress\/ -->\n<title>IBS e CBS na nota fiscal de servi\u00e7o: O que \u00e9? Como calcular? Qual a al\u00edquota? | Blog da Contabilizei<\/title>\n<meta name=\"robots\" content=\"index, follow\" \/>\n<link rel=\"canonical\" href=\"https:\/\/www.contabilizei.com.br\/reforma-tributaria\/artigo\/ibs-e-cbs-na-nota-fiscal-de-servico-o-que-e-como-calcular-qual-a-aliquota\/\" \/>\n<meta property=\"og:locale\" content=\"pt_BR\" \/>\n<meta property=\"og:type\" content=\"article\" \/>\n<meta property=\"og:title\" content=\"IBS e CBS na nota fiscal de servi\u00e7o: O que \u00e9? Como calcular? Qual a al\u00edquota? | Blog da Contabilizei\" \/>\n<meta property=\"og:description\" content=\"O Brasil est\u00e1 implementando a Reforma Tribut\u00e1ria que cria um novo sistema de impostos sobre o consumo, o chamado IVA...\" \/>\n<meta property=\"og:url\" content=\"https:\/\/www.contabilizei.com.br\/reforma-tributaria\/artigo\/ibs-e-cbs-na-nota-fiscal-de-servico-o-que-e-como-calcular-qual-a-aliquota\/\" \/>\n<meta property=\"og:site_name\" content=\"Blog da Contabilizei\" \/>\n<meta property=\"article:publisher\" content=\"https:\/\/www.facebook.com\/Contabilizei\/\" \/>\n<meta property=\"article:modified_time\" content=\"2026-03-12T19:09:21+00:00\" \/>\n<meta property=\"og:image\" content=\"https:\/\/www.contabilizei.com.br\/reforma-tributaria\/wp-content\/uploads\/2026\/03\/IMG_03.jpg\" \/>\n\t<meta property=\"og:image:width\" content=\"1271\" \/>\n\t<meta property=\"og:image:height\" content=\"720\" \/>\n\t<meta property=\"og:image:type\" content=\"image\/jpeg\" \/>\n<meta name=\"twitter:card\" content=\"summary_large_image\" \/>\n<meta name=\"twitter:site\" content=\"@contabilizei\" \/>\n<meta name=\"twitter:label1\" content=\"Est. tempo de leitura\" \/>\n\t<meta name=\"twitter:data1\" content=\"14 minutos\" \/>\n<!-- \/ Yoast SEO plugin. -->","yoast_head_json":{"title":"IBS e CBS na nota fiscal de servi\u00e7o: O que \u00e9? Como calcular? Qual a al\u00edquota? | Blog da Contabilizei","robots":{"index":"index","follow":"follow"},"canonical":"https:\/\/www.contabilizei.com.br\/reforma-tributaria\/artigo\/ibs-e-cbs-na-nota-fiscal-de-servico-o-que-e-como-calcular-qual-a-aliquota\/","og_locale":"pt_BR","og_type":"article","og_title":"IBS e CBS na nota fiscal de servi\u00e7o: O que \u00e9? Como calcular? Qual a al\u00edquota? | Blog da Contabilizei","og_description":"O Brasil est\u00e1 implementando a Reforma Tribut\u00e1ria que cria um novo sistema de impostos sobre o consumo, o chamado IVA...","og_url":"https:\/\/www.contabilizei.com.br\/reforma-tributaria\/artigo\/ibs-e-cbs-na-nota-fiscal-de-servico-o-que-e-como-calcular-qual-a-aliquota\/","og_site_name":"Blog da Contabilizei","article_publisher":"https:\/\/www.facebook.com\/Contabilizei\/","article_modified_time":"2026-03-12T19:09:21+00:00","og_image":[{"width":1271,"height":720,"url":"https:\/\/www.contabilizei.com.br\/reforma-tributaria\/wp-content\/uploads\/2026\/03\/IMG_03.jpg","type":"image\/jpeg"}],"twitter_card":"summary_large_image","twitter_site":"@contabilizei","twitter_misc":{"Est. tempo de leitura":"14 minutos"},"schema":{"@context":"https:\/\/schema.org","@graph":[{"@type":"WebPage","@id":"https:\/\/www.contabilizei.com.br\/reforma-tributaria\/artigo\/ibs-e-cbs-na-nota-fiscal-de-servico-o-que-e-como-calcular-qual-a-aliquota\/","url":"https:\/\/www.contabilizei.com.br\/reforma-tributaria\/artigo\/ibs-e-cbs-na-nota-fiscal-de-servico-o-que-e-como-calcular-qual-a-aliquota\/","name":"IBS e CBS na nota fiscal de servi\u00e7o: O que \u00e9? Como calcular? Qual a al\u00edquota? | Blog da Contabilizei","isPartOf":{"@id":"https:\/\/www.contabilizei.com.br\/reforma-tributaria\/#website"},"primaryImageOfPage":{"@id":"https:\/\/www.contabilizei.com.br\/reforma-tributaria\/artigo\/ibs-e-cbs-na-nota-fiscal-de-servico-o-que-e-como-calcular-qual-a-aliquota\/#primaryimage"},"image":{"@id":"https:\/\/www.contabilizei.com.br\/reforma-tributaria\/artigo\/ibs-e-cbs-na-nota-fiscal-de-servico-o-que-e-como-calcular-qual-a-aliquota\/#primaryimage"},"thumbnailUrl":"https:\/\/www.contabilizei.com.br\/reforma-tributaria\/wp-content\/uploads\/2026\/03\/IMG_03.jpg","datePublished":"2026-03-12T19:06:19+00:00","dateModified":"2026-03-12T19:09:21+00:00","breadcrumb":{"@id":"https:\/\/www.contabilizei.com.br\/reforma-tributaria\/artigo\/ibs-e-cbs-na-nota-fiscal-de-servico-o-que-e-como-calcular-qual-a-aliquota\/#breadcrumb"},"inLanguage":"pt-BR","potentialAction":[{"@type":"ReadAction","target":["https:\/\/www.contabilizei.com.br\/reforma-tributaria\/artigo\/ibs-e-cbs-na-nota-fiscal-de-servico-o-que-e-como-calcular-qual-a-aliquota\/"]}]},{"@type":"ImageObject","inLanguage":"pt-BR","@id":"https:\/\/www.contabilizei.com.br\/reforma-tributaria\/artigo\/ibs-e-cbs-na-nota-fiscal-de-servico-o-que-e-como-calcular-qual-a-aliquota\/#primaryimage","url":"https:\/\/www.contabilizei.com.br\/reforma-tributaria\/wp-content\/uploads\/2026\/03\/IMG_03.jpg","contentUrl":"https:\/\/www.contabilizei.com.br\/reforma-tributaria\/wp-content\/uploads\/2026\/03\/IMG_03.jpg","width":1271,"height":720},{"@type":"BreadcrumbList","@id":"https:\/\/www.contabilizei.com.br\/reforma-tributaria\/artigo\/ibs-e-cbs-na-nota-fiscal-de-servico-o-que-e-como-calcular-qual-a-aliquota\/#breadcrumb","itemListElement":[{"@type":"ListItem","position":1,"name":"Home","item":"https:\/\/www.contabilizei.com.br\/reforma-tributaria\/"},{"@type":"ListItem","position":2,"name":"Posts - Reforma Tribut\u00e1ria","item":"https:\/\/www.contabilizei.com.br\/reforma-tributaria\/artigo\/"},{"@type":"ListItem","position":3,"name":"IBS e CBS na nota fiscal de servi\u00e7o: O que \u00e9? Como calcular? Qual a al\u00edquota?"}]},{"@type":"WebSite","@id":"https:\/\/www.contabilizei.com.br\/reforma-tributaria\/#website","url":"https:\/\/www.contabilizei.com.br\/reforma-tributaria\/","name":"Hub da Reforma tribut\u00e1ria","description":"Apoiando o empreendedorismo desde 2013","potentialAction":[{"@type":"SearchAction","target":{"@type":"EntryPoint","urlTemplate":"https:\/\/www.contabilizei.com.br\/reforma-tributaria\/?s={search_term_string}"},"query-input":{"@type":"PropertyValueSpecification","valueRequired":true,"valueName":"search_term_string"}}],"inLanguage":"pt-BR"}]}},"_links":{"self":[{"href":"https:\/\/www.contabilizei.com.br\/reforma-tributaria\/wp-json\/wp\/v2\/reforma_post\/40205","targetHints":{"allow":["GET"]}}],"collection":[{"href":"https:\/\/www.contabilizei.com.br\/reforma-tributaria\/wp-json\/wp\/v2\/reforma_post"}],"about":[{"href":"https:\/\/www.contabilizei.com.br\/reforma-tributaria\/wp-json\/wp\/v2\/types\/reforma_post"}],"author":[{"embeddable":true,"href":"https:\/\/www.contabilizei.com.br\/reforma-tributaria\/wp-json\/wp\/v2\/users\/88"}],"version-history":[{"count":1,"href":"https:\/\/www.contabilizei.com.br\/reforma-tributaria\/wp-json\/wp\/v2\/reforma_post\/40205\/revisions"}],"predecessor-version":[{"id":40206,"href":"https:\/\/www.contabilizei.com.br\/reforma-tributaria\/wp-json\/wp\/v2\/reforma_post\/40205\/revisions\/40206"}],"wp:featuredmedia":[{"embeddable":true,"href":"https:\/\/www.contabilizei.com.br\/reforma-tributaria\/wp-json\/wp\/v2\/media\/40207"}],"wp:attachment":[{"href":"https:\/\/www.contabilizei.com.br\/reforma-tributaria\/wp-json\/wp\/v2\/media?parent=40205"}],"wp:term":[{"taxonomy":"reforma_post_category","embeddable":true,"href":"https:\/\/www.contabilizei.com.br\/reforma-tributaria\/wp-json\/wp\/v2\/reforma_post_category?post=40205"},{"taxonomy":"reforma_post_trail","embeddable":true,"href":"https:\/\/www.contabilizei.com.br\/reforma-tributaria\/wp-json\/wp\/v2\/reforma_post_trail?post=40205"}],"curies":[{"name":"wp","href":"https:\/\/api.w.org\/{rel}","templated":true}]}}