{"id":40186,"date":"2026-03-02T17:31:15","date_gmt":"2026-03-02T20:31:15","guid":{"rendered":"https:\/\/www.contabilizei.com.br\/reforma-tributaria\/?post_type=reforma_post&#038;p=40186"},"modified":"2026-03-25T17:47:03","modified_gmt":"2026-03-25T20:47:03","slug":"imposto-sobre-aluguel-na-reforma-tributaria-o-que-muda-quem-paga-e-como-pagar-menos-de-forma-legal","status":"publish","type":"reforma_post","link":"https:\/\/www.contabilizei.com.br\/reforma-tributaria\/artigo\/imposto-sobre-aluguel-na-reforma-tributaria-o-que-muda-quem-paga-e-como-pagar-menos-de-forma-legal\/","title":{"rendered":"Imposto sobre aluguel na Reforma Tribut\u00e1ria: o que muda, quem paga e como pagar menos de forma legal"},"content":{"rendered":"\n<p>Existe um <strong>novo imposto sobre aluguel<\/strong> criado pela Reforma Tribut\u00e1ria?<strong> Sim, o novo sistema passa a tributar o aluguel, mas apenas para a Pessoa F\u00edsica que for considerada um &#8220;grande locador&#8221; ou agente de atividade econ\u00f4mica habitual<\/strong>, atendendo simultaneamente a crit\u00e9rios de<strong> receita bruta e n\u00famero de im\u00f3veis alugados<\/strong>.<\/p>\n\n\n\n<p>Nesse conte\u00fado, saiba o que a <strong>Reforma Tribut\u00e1ria<\/strong> realmente estabeleceu para o setor de loca\u00e7\u00e3o de im\u00f3veis, quem \u00e9 o alvo das novas regras e quais estrat\u00e9gias legais voc\u00ea pode usar para otimizar seus rendimentos.<\/p>\n\n\n\n<h2 class=\"wp-block-heading\" class=\"wp-block-heading\" id=\"o-que-e-o-novo-imposto-sobre-aluguel\">O que \u00e9 o novo imposto sobre aluguel?<\/h2>\n\n\n\n<p>O novo imposto sobre aluguel \u00e9 um t\u00f3pico que surge com a <strong>Reforma Tribut\u00e1ria<\/strong> aprovada no Brasil, que visa simplificar o sistema de tributa\u00e7\u00e3o sobre o consumo.<\/p>\n\n\n\n<p>A ess\u00eancia dessa simplifica\u00e7\u00e3o \u00e9 a cria\u00e7\u00e3o de um <a href=\"https:\/\/www.contabilizei.com.br\/contabilidade-online\/o-que-e-iva\/\" target=\"_blank\" rel=\"noreferrer noopener\"><strong>Imposto sobre Valor Agregado (IVA)<\/strong><\/a> de modelo <strong>dual<\/strong>, ou seja, dividido em dois componentes:<\/p>\n\n\n\n<ol class=\"wp-block-list\">\n<li><a href=\"https:\/\/www.contabilizei.com.br\/contabilidade-online\/cbs-imposto\/\" target=\"_blank\" rel=\"noreferrer noopener\"><strong>CBS (Contribui\u00e7\u00e3o sobre Bens e Servi\u00e7os)<\/strong><\/a><strong>:<\/strong> Este \u00e9 o imposto de compet\u00eancia <strong>federal<\/strong>, que ir\u00e1 unificar tributos como PIS, COFINS e IPI.<\/li>\n\n\n\n<li><a href=\"https:\/\/www.contabilizei.com.br\/contabilidade-online\/ibs-imposto-sobre-bens-e-servicos\/\" target=\"_blank\" rel=\"noreferrer noopener\"><strong>IBS (Imposto sobre Bens e Servi\u00e7os)<\/strong><\/a><strong>:<\/strong> Este \u00e9 o imposto de compet\u00eancia <strong>estadual e municipal<\/strong>, que ir\u00e1 unificar o ICMS (estadual) e o ISS (municipal).<\/li>\n<\/ol>\n\n\n\n<h3 class=\"wp-block-heading\">O que isso tem a ver com o aluguel?<\/h3>\n\n\n\n<p>Atualmente, o aluguel de im\u00f3veis, de modo geral, n\u00e3o \u00e9 tributado por ISS (o imposto municipal sobre servi\u00e7os), pois se entende que n\u00e3o se trata de um &#8220;servi\u00e7o&#8221; propriamente dito, mas de uma cess\u00e3o de uso de um bem. A tributa\u00e7\u00e3o atual recai sobre o Imposto de Renda (IR) do locador (quem recebe o aluguel).<\/p>\n\n\n\n<p>A principal lei regulamentadora da Reforma Tribut\u00e1ria, Lei Complementar (LC) 214\/2025, busca incluir o setor de loca\u00e7\u00e3o de bens, o que <strong>significa a incid\u00eancia do novo IVA dual (CBS + IBS) sobre os valores de aluguel<\/strong>, alterando o cen\u00e1rio atual de tributa\u00e7\u00e3o. O objetivo \u00e9 tornar a tributa\u00e7\u00e3o sobre bens e servi\u00e7os o mais abrangente poss\u00edvel, com algumas exce\u00e7\u00f5es.<\/p>\n\n\n\n<p>Em resumo, a men\u00e7\u00e3o ao &#8220;novo imposto sobre aluguel&#8221; est\u00e1 ligada \u00e0 <strong>obrigatoriedade de inclus\u00e3o da atividade de loca\u00e7\u00e3o na base de c\u00e1lculo do IVA dual (CBS e IBS)<\/strong> criado pela Reforma Tribut\u00e1ria para aqueles que atingem os crit\u00e9rios de habitualidade.<\/p>\n\n\n\n<p>Na pr\u00e1tica, esse novo sistema passa a tributar certas opera\u00e7\u00f5es com im\u00f3veis quando a pessoa f\u00edsica passa a ser vista como um agente de atividade econ\u00f4mica habitual, ou seja, um <strong>\u201cgrande locador\u201d<\/strong>.<\/p>\n\n\n\n<p>Mas a verdade \u00e9 que, mesmo para quem se enquadra nas novas regras, existem redutores, exclus\u00f5es, regime simplificado e cr\u00e9ditos que derrubam a carga efetiva.<\/p>\n\n\n\n<h2 class=\"wp-block-heading\" class=\"wp-block-heading\" id=\"aluguel-de-longa-duracao-sera-tributado-com-a-reforma-tributaria\">Aluguel de longa dura\u00e7\u00e3o ser\u00e1 tributado com a Reforma Tribut\u00e1ria?<\/h2>\n\n\n\n<p><strong>Sim, o aluguel ser\u00e1 tributado com a Reforma Tribut\u00e1ria. <\/strong>No entanto, a incid\u00eancia do novo imposto s\u00f3 vai afetar a Pessoa F\u00edsica (PF) que for considerada um &#8220;grande locador&#8221; ou agente de atividade econ\u00f4mica habitual. Para isso, \u00e9 necess\u00e1rio atender simultaneamente a dois crit\u00e9rios acumulados no ano anterior:&nbsp;<\/p>\n\n\n\n<ol class=\"wp-block-list\">\n<li>ter tido receita bruta anual com loca\u00e7\u00f5es superior a R$ 240.000,00 (valor base que ser\u00e1 corrigido pelo IPCA) e;<\/li>\n\n\n\n<li>&nbsp;possuir mais de 3 im\u00f3veis distintos alugados.&nbsp;<\/li>\n<\/ol>\n\n\n\n<p>Em suma: se voc\u00ea aluga apenas um ou dois im\u00f3veis, ou se sua renda anual com alugu\u00e9is n\u00e3o atinge o patamar de &#8220;atividade econ\u00f4mica habitual&#8221; (R$ 240 mil\/ano), nada muda para voc\u00ea em rela\u00e7\u00e3o ao novo imposto.<\/p>\n\n\n\n<h2 class=\"wp-block-heading\" class=\"wp-block-heading\" id=\"aluguel-por-temporada-sera-tributado-com-a-reforma-tributaria\">Aluguel por temporada ser\u00e1 tributado com a Reforma Tribut\u00e1ria?<\/h2>\n\n\n\n<p><strong>Sim, o aluguel por temporada ser\u00e1 tributado com a Reforma Tribut\u00e1ria, mas a incid\u00eancia do novo imposto (IBS\/CBS) depende de crit\u00e9rios espec\u00edficos.<\/strong><\/p>\n\n\n\n<p><strong>Veja os detalhes sobre a tributa\u00e7\u00e3o de aluguel por temporada:<\/strong><\/p>\n\n\n\n<ul class=\"wp-block-list\">\n<li><strong>Reclassifica\u00e7\u00e3o:<\/strong> A Lei Complementar n\u00ba 214\/2025 reclassifica a loca\u00e7\u00e3o de at\u00e9 90 dias ininterruptos. Ela deixa de ser &#8220;aluguel simples&#8221; e passa a ser equiparada a servi\u00e7o de hotelaria\/hospedagem. Isso vale para loca\u00e7\u00f5es via plataformas como Airbnb e Booking, e n\u00e3o \u00e9 um &#8220;imposto do Airbnb&#8221; e sim do anfitri\u00e3o.<\/li>\n\n\n\n<li><strong>Loca\u00e7\u00e3o acima de 90 Dias:<\/strong> Continua sendo tratada como loca\u00e7\u00e3o tradicional, sob o Regime Espec\u00edfico de Bens Im\u00f3veis, pela Lei Complementar n\u00ba 214\/2025.<\/li>\n\n\n\n<li><strong>Filtro de contribui\u00e7\u00e3o (quem paga):<\/strong> A reclassifica\u00e7\u00e3o n\u00e3o significa que todos pagar\u00e3o o novo imposto (IBS\/CBS). Existe um &#8220;filtro de entrada&#8221;: o IBS\/CBS s\u00f3 atinge o locador pessoa f\u00edsica (PF) considerado \u201chabitual\u201d ou &#8220;grande locador&#8221;.<\/li>\n<\/ul>\n\n\n\n<p>Para que a Pessoa F\u00edsica seja considerada contribuinte do IBS\/CBS, \u00e9 preciso que dois crit\u00e9rios sejam atendidos simultaneamente no ano anterior:<\/p>\n\n\n\n<ol class=\"wp-block-list\">\n<li>A receita bruta anual com loca\u00e7\u00f5es seja superior a R$ 240.000,00 (corrigido pelo IPCA).<\/li>\n\n\n\n<li>A pessoa possua mais de 3 im\u00f3veis distintos alugados (ou seja, a partir de 4).<\/li>\n<\/ol>\n\n\n\n<p>Se voc\u00ea n\u00e3o se enquadrar nessa combina\u00e7\u00e3o (por exemplo, tem 4 im\u00f3veis, mas receita de R$ 120 mil\/ano), continua pagando apenas IRPF sobre os alugu\u00e9is (Carn\u00ea-Le\u00e3o\/Ajuste Anual), como antes.<\/p>\n\n\n\n<p>Caso a receita ultrapasse os R$ 288.000,00 (limite de R$ 240 mil + margem de 20%) dentro do pr\u00f3prio ano, mesmo que tenho menos de 4 im\u00f3veis, o enquadramento \u00e9 autom\u00e1tico (naquele mesmo ano) conforme a regra do excesso.<\/p>\n\n\n\n<h3 class=\"wp-block-heading\">Grandes locadores ter\u00e3o obrigatoriedade de emitir nota fiscal?<\/h3>\n\n\n\n<p>Sim. Tem um detalhe burocr\u00e1tico para esses \u201cgrandes locadores&#8221;: em breve, voc\u00eas v\u00e3o precisar obter um registro de contribuinte (um CNPJ espec\u00edfico) e emitir <a href=\"https:\/\/www.contabilizei.com.br\/reforma-tributaria\/artigo\/nota-fiscal-nacional-como-emitir-nota-fiscal-de-servicos-nfse-em-2026-reforma-tributaria\/\" target=\"_blank\" rel=\"noreferrer noopener\">Nota Fiscal Eletr\u00f4nica<\/a> (NFS-e padr\u00e3o nacional) s\u00f3 para registrar essa receita do novo imposto. A regra de como emitir essa nota ainda est\u00e1 sendo montada pelo governo e 2026 ser\u00e1 o ano para testes desse novo layout, ent\u00e3o n\u00e3o precisa agir agora.<\/p>\n\n\n\n<p>Mas n\u00e3o se assuste, voc\u00ea n\u00e3o vira uma &#8220;empresa&#8221; de fato com todas aquelas obriga\u00e7\u00f5es complexas, o valor continua sendo de Pessoa F\u00edsica com desconto no Imposto de Renda.<\/p>\n\n\n\n<h2 class=\"wp-block-heading\" class=\"wp-block-heading\" id=\"quais-sao-as-excecoes-para-imposto-sobre-aluguel\">Quais s\u00e3o as exce\u00e7\u00f5es para imposto sobre aluguel?<\/h2>\n\n\n\n<p>Mesmo que voc\u00ea n\u00e3o tenha batido os crit\u00e9rios no ano anterior, existe um &#8220;alerta&#8221;: se a sua receita de loca\u00e7\u00e3o no ano corrente ultrapassar o limite com toler\u00e2ncia (R$ 240 mil + 20% = <strong>R$ 288.000,00<\/strong>), voc\u00ea pode ser enquadrado automaticamente pela <strong>\u201cregra do excesso\u201d e passar a ser contribuinte no pr\u00f3prio ano em que o limite foi atingido<\/strong>.<\/p>\n\n\n\n<figure class=\"wp-block-table\"><table class=\"has-fixed-layout\"><tbody><tr><td><strong>Exemplo Pr\u00e1tico<\/strong><\/td><td><strong>Im\u00f3veis<\/strong><\/td><td><strong>Receita anual<\/strong><\/td><td><strong>Status IBS\/CBS<\/strong><\/td><\/tr><tr><td>M\u00e1rcia<\/td><td>1 apartamento<\/td><td>R$ 60 mil<\/td><td>N\u00e3o contribuinte &#8211; N\u00e3o paga IBS\/CBS (n\u00e3o atingiu nenhum crit\u00e9rio) (s\u00f3 IRPF)<\/td><\/tr><tr><td>Bruno<\/td><td>4 apartamentos<\/td><td>R$ 120 mil<\/td><td>N\u00e3o contribuinte &#8211; N\u00e3o paga IBS\/CBS (n\u00e3o atingiu R$ 240 mil). Paga IRPF.&nbsp;<\/td><\/tr><tr><td>Luana<\/td><td>2 apartamentos &#8211; por temporada&nbsp;<\/td><td>R$ 300 mil<\/td><td><strong>Alerta aceso<\/strong>: entra pela regra do excesso (R$ 288 mil) e se tornar contribuinte de IBS\/CBS, al\u00e9m do IRPF.<\/td><\/tr><\/tbody><\/table><\/figure>\n\n\n\n<p>A segunda exce\u00e7\u00e3o \u00e9 uma &#8220;super exce\u00e7\u00e3o&#8221;: se voc\u00ea tem contratos de loca\u00e7\u00e3o de prazo determinado assinados at\u00e9 16 de janeiro de 2025 (data de publica\u00e7\u00e3o da Lei Complementar), pode fugir dessa conta toda, pagando uma al\u00edquota fixa de apenas 3,65% sem direito a cr\u00e9ditos e redutores, v\u00e1lida at\u00e9 o fim do contrato ou dezembro de 2028.&nbsp;<\/p>\n\n\n\n<ul class=\"wp-block-list\">\n<li>Para a loca\u00e7\u00e3o comercial, essa op\u00e7\u00e3o \u00e9 permitida desde que o contrato tenha prazo determinado;&nbsp;<\/li>\n\n\n\n<li>j\u00e1 para a loca\u00e7\u00e3o residencial, al\u00e9m do prazo determinado, o contrato deve ter sido firmado por escrito at\u00e9 a data da lei.<\/li>\n<\/ul>\n\n\n\n<p>Em ambos os casos, a legisla\u00e7\u00e3o exige formas de comprova\u00e7\u00e3o da data, como assinatura com firma reconhecida ou assinatura eletr\u00f4nica, e o benef\u00edcio termina assim que o contrato vencer ou em 31 de dezembro de 2028, o que ocorrer primeiro.<\/p>\n\n\n\n<h2 class=\"wp-block-heading\" class=\"wp-block-heading\" id=\"qual-o-valor-do-imposto\">Qual o valor do imposto?<\/h2>\n\n\n\n<p>A al\u00edquota \u201ccheia\u201d do IVA \u00e9 estimada em 27%, mas a pr\u00f3pria LC 214\/2025 cria redu\u00e7\u00f5es para loca\u00e7\u00e3o:<\/p>\n\n\n\n<ul class=\"wp-block-list\">\n<li>Loca\u00e7\u00e3o residencial longa (bens im\u00f3veis): redu\u00e7\u00e3o de 70% na al\u00edquota \u2192 paga-se sobre 30% da al\u00edquota cheia. Estimativa comum: ~8% efetivo (antes de cr\u00e9ditos e do redutor de R$ 600).\n<ul class=\"wp-block-list\">\n<li>Sobre o Redutor Social de R$ 600,00: Este benef\u00edcio funciona como uma dedu\u00e7\u00e3o direta na base de c\u00e1lculo de cada im\u00f3vel destinado a loca\u00e7\u00e3o residencial (n\u00e3o v\u00e1lido para im\u00f3veis com fins comerciais). Na pr\u00e1tica, antes de aplicar a al\u00edquota de 8,1%, voc\u00ea subtrai R$ 600,00 do valor do aluguel mensal. Por exemplo: em um aluguel de R$ 2.000,00, o imposto incidir\u00e1 apenas sobre R$ 1.400,00. \u00c9 importante destacar que, conforme a LC 227\/2026, esse redutor \u00e9 aplicado mensalmente por unidade imobili\u00e1ria, garantindo que loca\u00e7\u00f5es de menor valor tenham uma carga tribut\u00e1ria proporcionalmente muito baixa ou at\u00e9 nula.<\/li>\n<\/ul>\n<\/li>\n\n\n\n<li>Loca\u00e7\u00e3o por temporada at\u00e9 90 dias (hotelaria): redu\u00e7\u00e3o de 40% \u2192 paga-se sobre 60% da al\u00edquota cheia. Se a cheia for 27%, cerca de 16,2% efetivo (antes de cr\u00e9ditos), n\u00e3o possui redutor de base de c\u00e1lculo.<\/li>\n<\/ul>\n\n\n\n<p><strong>Redutores essenciais:<\/strong><\/p>\n\n\n\n<ol class=\"wp-block-list\">\n<li><strong>Exclus\u00e3o de Base de C\u00e1lculo:<\/strong> Valores como condom\u00ednio e tributos do im\u00f3vel (IPTU) <strong>n\u00e3o entram na base<\/strong> do IBS\/CBS. O imposto incide sobre o valor l\u00edquido do aluguel.<\/li>\n\n\n\n<li><strong>Redutor Social (apenas loca\u00e7\u00e3o longa):<\/strong> Para a loca\u00e7\u00e3o residencial tradicional, h\u00e1 um desconto de <strong>R$ 600,00 por m\u00eas por im\u00f3vel<\/strong> na base de c\u00e1lculo. Este redutor n\u00e3o se aplica \u00e0 loca\u00e7\u00e3o por temporada (hotelaria).<\/li>\n<\/ol>\n\n\n\n<p><strong>Al\u00edquotas:<\/strong><\/p>\n\n\n\n<figure class=\"wp-block-table\"><table class=\"has-fixed-layout\"><tbody><tr><td><strong>Tipo de Loca\u00e7\u00e3o<\/strong><\/td><td><strong>Redu\u00e7\u00e3o na Al\u00edquota Cheia de IBS\/CBS<\/strong><\/td><td><strong>Estimativa efetiva (antes de abatimento de cr\u00e9ditos tribut\u00e1rios)<\/strong><\/td><\/tr><tr><td>Residencial Longa &#8211; Residencial (Bens Im\u00f3veis)<\/td><td>70% de redu\u00e7\u00e3o<\/td><td>Cerca de ~8,1% efetivo sobre o valor da loca\u00e7\u00e3o, j\u00e1 deduzindo o redutor social de R$ 600 sobre o valor (antes de cr\u00e9ditos)<\/td><\/tr><tr><td>Residencial Longa &#8211; Comercial (Bens Im\u00f3veis)<\/td><td>70% de redu\u00e7\u00e3o<\/td><td>Cerca de ~8,1% efetivo (antes de cr\u00e9ditos)<\/td><\/tr><tr><td>Temporada\/Airbnb (Hotelaria)<\/td><td>40% de redu\u00e7\u00e3o<\/td><td>Cerca de ~16,2% efetivo<\/td><\/tr><\/tbody><\/table><\/figure>\n\n\n\n<h2 class=\"wp-block-heading\" class=\"wp-block-heading\" id=\"o-que-sao-creditos-tributarios-e-por-que-eles-te-ajudam-a-pagar-menos\">O que s\u00e3o cr\u00e9ditos tribut\u00e1rios e por que eles te ajudam a pagar menos?<\/h2>\n\n\n\n<p>Os cr\u00e9ditos tribut\u00e1rios s\u00e3o o mecanismo da Reforma Tribut\u00e1ria para garantir que voc\u00ea n\u00e3o pague imposto sobre o imposto, minimizando a carga fiscal real sobre o seu lucro.<\/p>\n\n\n\n<h3 class=\"wp-block-heading\">Defini\u00e7\u00e3o e como funciona:<\/h3>\n\n\n\n<p>Se voc\u00ea for enquadrado como &#8220;grande locador&#8221;, o sistema permite que voc\u00ea gere cr\u00e9ditos sobre os bens e servi\u00e7os que s\u00e3o usados na sua atividade de loca\u00e7\u00e3o.<\/p>\n\n\n\n<p>Na pr\u00e1tica, \u00e9 um abatimento de impostos. Ou seja, o valor do IBS\/CBS que voc\u00ea pagou em suas despesas eleg\u00edveis pode ser descontado do valor total de IBS\/CBS que voc\u00ea deve arrecadar sobre o aluguel.<\/p>\n\n\n\n<p>Para que esses cr\u00e9ditos funcionem corretamente, \u00e9 essencial que haja a formaliza\u00e7\u00e3o da despesa via nota fiscal destinada ao locador (dono) do im\u00f3ve.&nbsp;<\/p>\n\n\n\n<p>Os cr\u00e9ditos tribut\u00e1rios sobre bens e servi\u00e7os ligados \u00e0 atividade de loca\u00e7\u00e3o incluem despesas como:<\/p>\n\n\n\n<ul class=\"wp-block-list\">\n<li>Taxa de administra\u00e7\u00e3o imobili\u00e1ria.<\/li>\n\n\n\n<li>Manuten\u00e7\u00e3o e reformas.<\/li>\n\n\n\n<li>Servi\u00e7os de limpeza.<\/li>\n<\/ul>\n\n\n\n<h2 class=\"wp-block-heading\" class=\"wp-block-heading\" id=\"periodo-de-transicao-e-adaptacao\">Per\u00edodo de transi\u00e7\u00e3o e adapta\u00e7\u00e3o<\/h2>\n\n\n\n<p>\u00c9 importante destacar que, embora o &#8220;grande locador&#8221; Pessoa F\u00edsica (PF) precise obter uma inscri\u00e7\u00e3o de contribuinte (CNPJ) para a opera\u00e7\u00e3o do IBS\/CBS, ele continua sendo tratado como Pessoa F\u00edsica.&nbsp;<\/p>\n\n\n\n<p>Isso significa que voc\u00ea n\u00e3o vira uma &#8220;empresa imobili\u00e1ria&#8221; de fato, nem assume as obriga\u00e7\u00f5es complexas de uma pessoa jur\u00eddica, mantendo a tributa\u00e7\u00e3o de seus rendimentos via Imposto de Renda Pessoa F\u00edsica (Carn\u00ea-Le\u00e3o).<\/p>\n\n\n\n<p>Por isso, use 2026 para arrumar a casa. A Receita Federal sinalizou que a partir de julho de 2026 as pessoas f\u00edsicas que se enquadram como contribuintes dever\u00e3o realizar sua inscri\u00e7\u00e3o no CNPJ para fins de apura\u00e7\u00e3o do IBS\/CBS.&nbsp;<\/p>\n\n\n\n<p>Ent\u00e3o, organize documentos e fique atento \u00e0s novidades. E vale ressaltar que, embora a regulariza\u00e7\u00e3o e o registro devam ocorrer em 2026, este primeiro ano funciona apenas como uma fase de teste com al\u00edquotas simb\u00f3licas.&nbsp;<\/p>\n\n\n\n<p>A cobran\u00e7a efetiva e o pagamento do novo imposto com impacto no seu bolso s\u00f3 passar\u00e3o a valer oficialmente a partir de 2027. O governo ainda n\u00e3o definiu a data exata em que o registro e a emiss\u00e3o de nota passar\u00e3o a ser obrigat\u00f3rios para o locador habitual.<\/p>\n\n\n\n<figure class=\"wp-block-image size-full\"><a href=\"https:\/\/www.contabilizei.com.br\/calculadora-reforma-tributaria\/\" target=\"_blank\" rel=\" noreferrer noopener\"><img loading=\"lazy\" decoding=\"async\" width=\"615\" height=\"300\" src=\"https:\/\/www.contabilizei.com.br\/reforma-tributaria\/wp-content\/uploads\/2026\/03\/KV-2-Copy-1.webp\" alt=\"\" class=\"wp-image-40341\" srcset=\"https:\/\/www.contabilizei.com.br\/reforma-tributaria\/wp-content\/uploads\/2026\/03\/KV-2-Copy-1.webp 615w, https:\/\/www.contabilizei.com.br\/reforma-tributaria\/wp-content\/uploads\/2026\/03\/KV-2-Copy-1-300x146.webp 300w\" sizes=\"auto, (max-width: 615px) 100vw, 615px\" \/><\/a><\/figure>\n\n\n\n<h2 class=\"wp-block-heading\" class=\"wp-block-heading\" id=\"receita-federal-alerta-e-falso-que-todo-locador-pagara-imposto-imediato-em-2026\">Receita Federal alerta: \u00e9 falso que todo locador pagar\u00e1 imposto imediato em 2026<\/h2>\n\n\n\n<p>O posicionamento do \u00f3rg\u00e3o refor\u00e7a que a equipara\u00e7\u00e3o da loca\u00e7\u00e3o por temporada \u00e0 hotelaria s\u00f3 atinge quem \u00e9 considerado contribuinte de IBS\/CBS, ou seja, apenas os &#8220;grandes locadores&#8221; que superam o limite de R$ 240 mil anuais e possuem mais de 3 im\u00f3veis.<\/p>\n\n\n\n<p>Al\u00e9m disso, o governo esclareceu que 2026 \u00e9 um ano pedag\u00f3gico de testes. N\u00e3o haver\u00e1 uma cobran\u00e7a plena e imediata do novo imposto para todos os propriet\u00e1rios nesta data.<\/p>\n\n\n\n<p>A carga tribut\u00e1ria do setor tende a cair para quem se formaliza, devido \u00e0 redu\u00e7\u00e3o de 70% na al\u00edquota para loca\u00e7\u00e3o residencial e \u00e0 isen\u00e7\u00e3o (redutor social) sobre os primeiros R$ 600 de cada aluguel.<\/p>\n\n\n\n<p>Por fim, a LC 227\/2026 trouxe ajustes que protegem o pequeno propriet\u00e1rio, garantindo que ele continue pagando apenas o seu Imposto de Renda (Carn\u00ea-Le\u00e3o) habitual, sem a incid\u00eancia do novo IVA.<\/p>\n\n\n\n<h2 class=\"wp-block-heading\" class=\"wp-block-heading\" id=\"resumo-dos-principais-pontos\">Resumo dos principais pontos:<\/h2>\n\n\n\n<ul class=\"wp-block-list\">\n<li><strong>Nova Tributa\u00e7\u00e3o:<\/strong> O <a href=\"https:\/\/www.contabilizei.com.br\/contabilizei-responde\/impostos-reforma-tributaria\/\" target=\"_blank\" rel=\"noreferrer noopener\">novo sistema de impostos da Reforma Tribut\u00e1ria<\/a> passa a tributar a receita de aluguel, mas apenas para Pessoas F\u00edsicas que se enquadrem como &#8220;grandes locadores&#8221; ou agentes de atividade econ\u00f4mica habitual.<\/li>\n\n\n\n<li><strong>Quem se enquadra como &#8220;grande locador&#8221; (contribuinte):<\/strong> A Pessoa F\u00edsica s\u00f3 ser\u00e1 tributada pelo IBS\/CBS se, no ano anterior, tiver receita bruta anual com loca\u00e7\u00f5es superior a R$ 240.000,00 (corrigido pelo IPCA) e possuir mais de 3 im\u00f3veis distintos alugados (ou seja, a partir de 4). Vale lembrar que, se no ano corrente o faturamento ultrapassar R$ 288 mil, o enquadramento \u00e9 imediato pela regra do excesso.<\/li>\n\n\n\n<li><strong>Loca\u00e7\u00e3o por Temporada:<\/strong> Alugu\u00e9is de at\u00e9 90 dias ininterruptos (como Airbnb) s\u00e3o reclassificados como <strong>servi\u00e7o de hotelaria\/hospedagem<\/strong> e ficam sujeitos ao IBS\/CBS. Se o locador atingir os crit\u00e9rios de &#8220;grande locador&#8221;, a al\u00edquota estimada \u00e9 de 16,2%, sem direito ao redutor social de R$ 600.&nbsp;<\/li>\n\n\n\n<li><strong>Loca\u00e7\u00e3o de Longa Dura\u00e7\u00e3o (acima de 90 dias)<\/strong>: Esta modalidade permanece classificada como loca\u00e7\u00e3o de bens im\u00f3veis dentro do Regime Espec\u00edfico.\n<ul class=\"wp-block-list\">\n<li><strong>Residencial<\/strong>: Possui al\u00edquota estimada de 8,1% e direito ao Redutor Social de R$ 600,00 por m\u00eas por im\u00f3vel na base de c\u00e1lculo.<\/li>\n\n\n\n<li><strong>Comercial<\/strong>: Possui a mesma al\u00edquota estimada de 8,1%, mas N\u00c3O tem direito ao redutor social de R$ 600,00.<\/li>\n<\/ul>\n<\/li>\n\n\n\n<li><strong>Cr\u00e9ditos Tribut\u00e1rios:<\/strong> Grandes locadores podem reduzir o imposto devido gerando cr\u00e9ditos (abatimentos) sobre despesas ligadas \u00e0 atividade (taxa de administra\u00e7\u00e3o, manuten\u00e7\u00e3o, limpeza), desde que formalizadas com <strong>nota fiscal id\u00f4nea em nome do locador<\/strong>.<\/li>\n\n\n\n<li><strong>Op\u00e7\u00e3o de Al\u00edquota Fixa (Super Exce\u00e7\u00e3o):<\/strong> Locadores com contratos de loca\u00e7\u00e3o de prazo determinado assinados at\u00e9 janeiro de 2025 podem optar pela al\u00edquota fixa de 3,65% sobre a receita bruta (sem cr\u00e9ditos ou redutores), v\u00e1lida at\u00e9 o fim do contrato ou dezembro de 2028.<\/li>\n\n\n\n<li><strong>Obriga\u00e7\u00f5es Futuras e Transi\u00e7\u00e3o:<\/strong> O ano de 2026 \u00e9 o per\u00edodo de adapta\u00e7\u00e3o. Os locadores enquadrados como contribuintes dever\u00e3o realizar o registro no CNPJ e passar a emitir nota fiscal assim que os sistemas forem liberados pela Receita Federal. \u00c9 um registro necess\u00e1rio para o novo imposto, mas que n\u00e3o transforma o locador em uma &#8220;empresa imobili\u00e1ria&#8221; convencional, mantendo sua natureza de Pessoa F\u00edsica para o IRPF.<\/li>\n<\/ul>\n\n\n\n<h2 class=\"wp-block-heading\" class=\"wp-block-heading\" id=\"nao-perca-tempo-nem-dinheiro-na-reforma-tributaria\">N\u00e3o perca tempo nem dinheiro na Reforma Tribut\u00e1ria!<\/h2>\n\n\n\n<p>A Reforma Tribut\u00e1ria n\u00e3o exige que voc\u00ea se torne um especialista em impostos, al\u00edquotas reduzidas ou cr\u00e9ditos fiscais. A \u00fanica coisa que voc\u00ea precisa \u00e9 da contabilidade certa ao seu lado.<\/p>\n\n\n\n<p>Seja voc\u00ea um locador que busca estrat\u00e9gias de otimiza\u00e7\u00e3o de impostos ou algu\u00e9m que precisa gerar o m\u00e1ximo de cr\u00e9ditos tribut\u00e1rios, a <strong>Contabilizei<\/strong> \u00e9 a contabilidade mais preparada para apoiar as mudan\u00e7as da Reforma Tribut\u00e1ria.<\/p>\n\n\n\n<p>Nossa equipe est\u00e1 pronta para:<\/p>\n\n\n\n<ul class=\"wp-block-list\">\n<li><strong>Analisar seu perfil<\/strong> e garantir que voc\u00ea pague o m\u00ednimo de imposto, seja como PF ou PJ.<\/li>\n\n\n\n<li><strong>Preparar voc\u00ea para as novas obriga\u00e7\u00f5es burocr\u00e1ticas<\/strong> (como CNPJ e NFE) de forma simples e sem complica\u00e7\u00e3o.<\/li>\n<\/ul>\n\n\n\n<p>Voc\u00ea foca no seu patrim\u00f4nio. N\u00f3s cuidamos da conta fiscal. <a href=\"https:\/\/www.contabilizei.com.br\/\" target=\"_blank\" rel=\"noreferrer noopener\">Fale com um especialista<\/a> e descubra como otimizar seus rendimentos com a Contabilizei!<\/p>\n\n\n\n<p><\/p>\n","protected":false},"excerpt":{"rendered":"<p>Existe um novo imposto sobre aluguel criado pela Reforma Tribut\u00e1ria? Sim, o novo sistema passa a tributar o aluguel, mas&#8230;<\/p>\n","protected":false},"author":88,"featured_media":39374,"template":"","reforma_post_category":[],"reforma_post_trail":[357,363],"class_list":{"0":"post-40186","1":"reforma_post","2":"type-reforma_post","3":"status-publish","4":"has-post-thumbnail","6":"reforma_post_trail-primeiros-passos-entenda-os-conceitos","7":"reforma_post_trail-principais-novidades"},"yoast_head":"<!-- This site is optimized with the Yoast SEO plugin v27.4 - https:\/\/yoast.com\/product\/yoast-seo-wordpress\/ -->\n<title>Imposto sobre aluguel na Reforma Tribut\u00e1ria: o que muda, quem paga e como pagar menos de forma legal | Blog da Contabilizei<\/title>\n<meta name=\"description\" content=\"Saiba como vai ficar o imposto sobre aluguel com a Reforma Tribut\u00e1ria. Quem vai pagar, qual o valor e o que fazer.\" \/>\n<meta name=\"robots\" content=\"index, follow\" \/>\n<link rel=\"canonical\" href=\"https:\/\/www.contabilizei.com.br\/reforma-tributaria\/artigo\/imposto-sobre-aluguel-na-reforma-tributaria-o-que-muda-quem-paga-e-como-pagar-menos-de-forma-legal\/\" \/>\n<meta property=\"og:locale\" content=\"pt_BR\" \/>\n<meta property=\"og:type\" content=\"article\" \/>\n<meta property=\"og:title\" content=\"Imposto sobre aluguel na Reforma Tribut\u00e1ria: o que muda, quem paga e como pagar menos de forma legal | Blog da Contabilizei\" \/>\n<meta property=\"og:description\" content=\"Saiba como vai ficar o imposto sobre aluguel com a Reforma Tribut\u00e1ria. Quem vai pagar, qual o valor e o que fazer.\" \/>\n<meta property=\"og:url\" content=\"https:\/\/www.contabilizei.com.br\/reforma-tributaria\/artigo\/imposto-sobre-aluguel-na-reforma-tributaria-o-que-muda-quem-paga-e-como-pagar-menos-de-forma-legal\/\" \/>\n<meta property=\"og:site_name\" content=\"Blog da Contabilizei\" \/>\n<meta property=\"article:publisher\" content=\"https:\/\/www.facebook.com\/Contabilizei\/\" \/>\n<meta property=\"article:modified_time\" content=\"2026-03-25T20:47:03+00:00\" \/>\n<meta property=\"og:image\" content=\"https:\/\/www.contabilizei.com.br\/reforma-tributaria\/wp-content\/uploads\/2025\/06\/Ponto-de-equilibrio-financeiro_-como-calcular_.png\" \/>\n\t<meta property=\"og:image:width\" content=\"1270\" \/>\n\t<meta property=\"og:image:height\" content=\"720\" \/>\n\t<meta property=\"og:image:type\" content=\"image\/png\" \/>\n<meta name=\"twitter:card\" content=\"summary_large_image\" \/>\n<meta name=\"twitter:site\" content=\"@contabilizei\" \/>\n<meta name=\"twitter:label1\" content=\"Est. tempo de leitura\" \/>\n\t<meta name=\"twitter:data1\" content=\"14 minutos\" \/>\n<!-- \/ Yoast SEO plugin. -->","yoast_head_json":{"title":"Imposto sobre aluguel na Reforma Tribut\u00e1ria: o que muda, quem paga e como pagar menos de forma legal | Blog da Contabilizei","description":"Saiba como vai ficar o imposto sobre aluguel com a Reforma Tribut\u00e1ria. Quem vai pagar, qual o valor e o que fazer.","robots":{"index":"index","follow":"follow"},"canonical":"https:\/\/www.contabilizei.com.br\/reforma-tributaria\/artigo\/imposto-sobre-aluguel-na-reforma-tributaria-o-que-muda-quem-paga-e-como-pagar-menos-de-forma-legal\/","og_locale":"pt_BR","og_type":"article","og_title":"Imposto sobre aluguel na Reforma Tribut\u00e1ria: o que muda, quem paga e como pagar menos de forma legal | Blog da Contabilizei","og_description":"Saiba como vai ficar o imposto sobre aluguel com a Reforma Tribut\u00e1ria. Quem vai pagar, qual o valor e o que fazer.","og_url":"https:\/\/www.contabilizei.com.br\/reforma-tributaria\/artigo\/imposto-sobre-aluguel-na-reforma-tributaria-o-que-muda-quem-paga-e-como-pagar-menos-de-forma-legal\/","og_site_name":"Blog da Contabilizei","article_publisher":"https:\/\/www.facebook.com\/Contabilizei\/","article_modified_time":"2026-03-25T20:47:03+00:00","og_image":[{"width":1270,"height":720,"url":"https:\/\/www.contabilizei.com.br\/reforma-tributaria\/wp-content\/uploads\/2025\/06\/Ponto-de-equilibrio-financeiro_-como-calcular_.png","type":"image\/png"}],"twitter_card":"summary_large_image","twitter_site":"@contabilizei","twitter_misc":{"Est. tempo de leitura":"14 minutos"},"schema":{"@context":"https:\/\/schema.org","@graph":[{"@type":"WebPage","@id":"https:\/\/www.contabilizei.com.br\/reforma-tributaria\/artigo\/imposto-sobre-aluguel-na-reforma-tributaria-o-que-muda-quem-paga-e-como-pagar-menos-de-forma-legal\/","url":"https:\/\/www.contabilizei.com.br\/reforma-tributaria\/artigo\/imposto-sobre-aluguel-na-reforma-tributaria-o-que-muda-quem-paga-e-como-pagar-menos-de-forma-legal\/","name":"Imposto sobre aluguel na Reforma Tribut\u00e1ria: o que muda, quem paga e como pagar menos de forma legal | Blog da Contabilizei","isPartOf":{"@id":"https:\/\/www.contabilizei.com.br\/reforma-tributaria\/#website"},"primaryImageOfPage":{"@id":"https:\/\/www.contabilizei.com.br\/reforma-tributaria\/artigo\/imposto-sobre-aluguel-na-reforma-tributaria-o-que-muda-quem-paga-e-como-pagar-menos-de-forma-legal\/#primaryimage"},"image":{"@id":"https:\/\/www.contabilizei.com.br\/reforma-tributaria\/artigo\/imposto-sobre-aluguel-na-reforma-tributaria-o-que-muda-quem-paga-e-como-pagar-menos-de-forma-legal\/#primaryimage"},"thumbnailUrl":"https:\/\/www.contabilizei.com.br\/reforma-tributaria\/wp-content\/uploads\/2025\/06\/Ponto-de-equilibrio-financeiro_-como-calcular_.png","datePublished":"2026-03-02T20:31:15+00:00","dateModified":"2026-03-25T20:47:03+00:00","description":"Saiba como vai ficar o imposto sobre aluguel com a Reforma Tribut\u00e1ria. Quem vai pagar, qual o valor e o que fazer.","breadcrumb":{"@id":"https:\/\/www.contabilizei.com.br\/reforma-tributaria\/artigo\/imposto-sobre-aluguel-na-reforma-tributaria-o-que-muda-quem-paga-e-como-pagar-menos-de-forma-legal\/#breadcrumb"},"inLanguage":"pt-BR","potentialAction":[{"@type":"ReadAction","target":["https:\/\/www.contabilizei.com.br\/reforma-tributaria\/artigo\/imposto-sobre-aluguel-na-reforma-tributaria-o-que-muda-quem-paga-e-como-pagar-menos-de-forma-legal\/"]}]},{"@type":"ImageObject","inLanguage":"pt-BR","@id":"https:\/\/www.contabilizei.com.br\/reforma-tributaria\/artigo\/imposto-sobre-aluguel-na-reforma-tributaria-o-que-muda-quem-paga-e-como-pagar-menos-de-forma-legal\/#primaryimage","url":"https:\/\/www.contabilizei.com.br\/reforma-tributaria\/wp-content\/uploads\/2025\/06\/Ponto-de-equilibrio-financeiro_-como-calcular_.png","contentUrl":"https:\/\/www.contabilizei.com.br\/reforma-tributaria\/wp-content\/uploads\/2025\/06\/Ponto-de-equilibrio-financeiro_-como-calcular_.png","width":1270,"height":720},{"@type":"BreadcrumbList","@id":"https:\/\/www.contabilizei.com.br\/reforma-tributaria\/artigo\/imposto-sobre-aluguel-na-reforma-tributaria-o-que-muda-quem-paga-e-como-pagar-menos-de-forma-legal\/#breadcrumb","itemListElement":[{"@type":"ListItem","position":1,"name":"Home","item":"https:\/\/www.contabilizei.com.br\/reforma-tributaria\/"},{"@type":"ListItem","position":2,"name":"Posts - Reforma Tribut\u00e1ria","item":"https:\/\/www.contabilizei.com.br\/reforma-tributaria\/artigo\/"},{"@type":"ListItem","position":3,"name":"Imposto sobre aluguel na Reforma Tribut\u00e1ria: o que muda, quem paga e como pagar menos de forma legal"}]},{"@type":"WebSite","@id":"https:\/\/www.contabilizei.com.br\/reforma-tributaria\/#website","url":"https:\/\/www.contabilizei.com.br\/reforma-tributaria\/","name":"Hub da Reforma tribut\u00e1ria","description":"Apoiando o empreendedorismo desde 2013","potentialAction":[{"@type":"SearchAction","target":{"@type":"EntryPoint","urlTemplate":"https:\/\/www.contabilizei.com.br\/reforma-tributaria\/?s={search_term_string}"},"query-input":{"@type":"PropertyValueSpecification","valueRequired":true,"valueName":"search_term_string"}}],"inLanguage":"pt-BR"}]}},"_links":{"self":[{"href":"https:\/\/www.contabilizei.com.br\/reforma-tributaria\/wp-json\/wp\/v2\/reforma_post\/40186","targetHints":{"allow":["GET"]}}],"collection":[{"href":"https:\/\/www.contabilizei.com.br\/reforma-tributaria\/wp-json\/wp\/v2\/reforma_post"}],"about":[{"href":"https:\/\/www.contabilizei.com.br\/reforma-tributaria\/wp-json\/wp\/v2\/types\/reforma_post"}],"author":[{"embeddable":true,"href":"https:\/\/www.contabilizei.com.br\/reforma-tributaria\/wp-json\/wp\/v2\/users\/88"}],"version-history":[{"count":6,"href":"https:\/\/www.contabilizei.com.br\/reforma-tributaria\/wp-json\/wp\/v2\/reforma_post\/40186\/revisions"}],"predecessor-version":[{"id":40399,"href":"https:\/\/www.contabilizei.com.br\/reforma-tributaria\/wp-json\/wp\/v2\/reforma_post\/40186\/revisions\/40399"}],"wp:featuredmedia":[{"embeddable":true,"href":"https:\/\/www.contabilizei.com.br\/reforma-tributaria\/wp-json\/wp\/v2\/media\/39374"}],"wp:attachment":[{"href":"https:\/\/www.contabilizei.com.br\/reforma-tributaria\/wp-json\/wp\/v2\/media?parent=40186"}],"wp:term":[{"taxonomy":"reforma_post_category","embeddable":true,"href":"https:\/\/www.contabilizei.com.br\/reforma-tributaria\/wp-json\/wp\/v2\/reforma_post_category?post=40186"},{"taxonomy":"reforma_post_trail","embeddable":true,"href":"https:\/\/www.contabilizei.com.br\/reforma-tributaria\/wp-json\/wp\/v2\/reforma_post_trail?post=40186"}],"curies":[{"name":"wp","href":"https:\/\/api.w.org\/{rel}","templated":true}]}}