{"id":40140,"date":"2026-02-12T16:28:19","date_gmt":"2026-02-12T19:28:19","guid":{"rendered":"https:\/\/www.contabilizei.com.br\/reforma-tributaria\/?post_type=reforma_post&#038;p=40140"},"modified":"2026-03-25T17:34:13","modified_gmt":"2026-03-25T20:34:13","slug":"o-que-muda-com-a-reforma-tributaria-para-quem-fatura-como-pf-e-pj","status":"publish","type":"reforma_post","link":"https:\/\/www.contabilizei.com.br\/reforma-tributaria\/artigo\/o-que-muda-com-a-reforma-tributaria-para-quem-fatura-como-pf-e-pj\/","title":{"rendered":"O que muda com a Reforma Tribut\u00e1ria para quem fatura como PF e PJ?"},"content":{"rendered":"\n<p>Se <strong>voc\u00ea \u00e9 prestador de servi\u00e7os PJ (pessoa jur\u00eddica)<\/strong>, <strong>mas tamb\u00e9m presta servi\u00e7os como pessoa f\u00edsica,<\/strong> entenda como a Reforma Tribut\u00e1ria pode mudar a sua rotina de pagamento de impostos.&nbsp;<\/p>\n\n\n\n<p>Vale lembrar que a Reforma Tribut\u00e1ria do Consumo, regulamentada pela <a href=\"https:\/\/www.planalto.gov.br\/ccivil_03\/leis\/lcp\/lcp214.htm\" target=\"_blank\" rel=\"noreferrer noopener\">Lei Complementar 214\/2025<\/a> reorganiza os tributos sobre consumo no Brasil. Isso quer dizer que o <strong>impacto direto est\u00e1 associado \u00e0 venda de bens e servi\u00e7os e n\u00e3o \u00e0 contribui\u00e7\u00e3o de impostos da pessoa f\u00edsica<\/strong>.&nbsp;<\/p>\n\n\n\n<p>Entenda neste conte\u00fado o que muda com a Reforma Tribut\u00e1ria para quem fatura como PF e PJ e como se preparar.&nbsp;<\/p>\n\n\n\n<h2 class=\"wp-block-heading\" class=\"wp-block-heading\" id=\"o-que-vai-mudar-nos-impostos-com-a-reforma-tributaria\">O que vai mudar nos impostos com a Reforma Tribut\u00e1ria?<\/h2>\n\n\n\n<p><strong>Em vez do<\/strong> emaranhado <strong>PIS, Cofins, IPI, ICMS e ISS<\/strong>, entra um modelo de <a href=\"https:\/\/www.contabilizei.com.br\/contabilidade-online\/o-que-e-o-iva\/\" target=\"_blank\" rel=\"noreferrer noopener\"><strong>Imposto sobre Valor Agregado (IVA) <\/strong><\/a>em duas camadas:<\/p>\n\n\n\n<ul class=\"wp-block-list\">\n<li><a href=\"https:\/\/www.contabilizei.com.br\/contabilidade-online\/cbs-imposto\/\" target=\"_blank\" rel=\"noreferrer noopener\">CBS<\/a>, federal (Contribui\u00e7\u00e3o sobre Bens e Servi\u00e7os).<\/li>\n\n\n\n<li><a href=\"https:\/\/www.contabilizei.com.br\/contabilidade-online\/ibs-imposto-sobre-bens-e-servicos\/\" target=\"_blank\" rel=\"noreferrer noopener\">IBS<\/a>, compartilhado por estados e munic\u00edpios (Imposto sobre Bens e Servi\u00e7os).&nbsp;<\/li>\n\n\n\n<li>E ainda surge o <a href=\"https:\/\/www.contabilizei.com.br\/contabilidade-online\/reforma-tributaria-imposto-seletivo-o-que-e-e-quem-vai-pagar\/\" target=\"_blank\" rel=\"noreferrer noopener\">Imposto Seletivo<\/a>, que incide sobre produtos\/servi\u00e7os nocivos \u00e0 sa\u00fade e ao meio ambiente (como cigarros, bebidas a\u00e7ucaradas ou atividades altamente poluentes).<\/li>\n<\/ul>\n\n\n\n<p>O objetivo \u00e9 simplificar, acabar com o \u201cefeito cascata\u201d e tributar no destino, ou seja, onde est\u00e1 o consumidor.&nbsp;<\/p>\n\n\n\n<p><strong>Importante: IRPF, IRPJ, CSLL, INSS e o Simples Nacional seguem existindo.&nbsp;<\/strong><\/p>\n\n\n\n<h2 class=\"wp-block-heading\" class=\"wp-block-heading\" id=\"qual-a-aliquota-dos-novos-impostos\">Qual a al\u00edquota dos novos impostos?&nbsp;<\/h2>\n\n\n\n<p>Haver\u00e1 uma <strong>al\u00edquota padr\u00e3o estimada em torno de 27%<\/strong>, mas o n\u00famero final depende de regulamenta\u00e7\u00f5es e avalia\u00e7\u00e3o das redu\u00e7\u00f5es e isen\u00e7\u00f5es para alguns itens e servi\u00e7os.<\/p>\n\n\n\n<p><strong>A implementa\u00e7\u00e3o dos novos impostos ser\u00e1 feita de forma gradual.&nbsp;<\/strong><\/p>\n\n\n\n<ul class=\"wp-block-list\">\n<li>A partir de 2026, inicia-se a fase-piloto;<\/li>\n\n\n\n<li>Em 2027, ocorre a virada da CBS;&nbsp;<\/li>\n\n\n\n<li>Entre 2029 e 2032, ocorre a transi\u00e7\u00e3o do ICMS\/ISS para o IBS<\/li>\n\n\n\n<li>Em 2033, o sistema novo estar\u00e1 operando plenamente.<\/li>\n<\/ul>\n\n\n\n<figure class=\"wp-block-image size-full\"><a href=\"https:\/\/www.contabilizei.com.br\/calculadora-reforma-tributaria\/\" target=\"_blank\" rel=\" noreferrer noopener\"><img loading=\"lazy\" decoding=\"async\" width=\"615\" height=\"300\" src=\"https:\/\/www.contabilizei.com.br\/reforma-tributaria\/wp-content\/uploads\/2026\/02\/KV-2-Copy-1-1.webp\" alt=\"\" class=\"wp-image-40331\" srcset=\"https:\/\/www.contabilizei.com.br\/reforma-tributaria\/wp-content\/uploads\/2026\/02\/KV-2-Copy-1-1.webp 615w, https:\/\/www.contabilizei.com.br\/reforma-tributaria\/wp-content\/uploads\/2026\/02\/KV-2-Copy-1-1-300x146.webp 300w\" sizes=\"auto, (max-width: 615px) 100vw, 615px\" \/><\/a><\/figure>\n\n\n\n<h2 class=\"wp-block-heading\" class=\"wp-block-heading\" id=\"impactos-diretos-para-pj-do-imposto-embutido-ao-credito-amplo\">Impactos diretos para PJ: do \u201cimposto embutido\u201d ao cr\u00e9dito amplo&nbsp;<\/h2>\n\n\n\n<p>Para quem \u00e9 PJ, especialmente prestador de servi\u00e7os, a mudan\u00e7a da Reforma Tribut\u00e1ria \u00e9 concreta no dia a dia.&nbsp;<\/p>\n\n\n\n<p>A<strong> l\u00f3gica do novo imposto<\/strong>, o IVA, \u00e9 <strong>n\u00e3o cumulativa<\/strong>. <strong>Isso quer dizer que voc\u00ea poder\u00e1 abater, como <\/strong><a href=\"https:\/\/www.contabilizei.com.br\/contabilidade-online\/o-que-e-credito-tributario-na-reforma-tributaria-e-como-isso-afeta-o-preco-do-seu-produto\/\" target=\"_blank\" rel=\"noreferrer noopener\"><strong>cr\u00e9dito<\/strong><\/a><strong>, o que pagou de IVA nas suas compras.<\/strong> Entram na conta: energia, aluguel, softwares, cloud, servi\u00e7os tomados, materiais e imobilizado. No entanto, <strong>folha de pagamento n\u00e3o \u00e9 considerada.&nbsp;<\/strong><\/p>\n\n\n\n<p>\u00c9 importante destacar que esse cr\u00e9dito n\u00e3o ser\u00e1 permitido para empresas optantes pelo Simples Nacional que efetuarem o pagamento dos novos impostos via DAS (Documento de Arrecada\u00e7\u00e3o do Simples Nacional) e conceder\u00e1 aos seus clientes apenas o proporcional pago dentro da DAS.<\/p>\n\n\n\n<p>Isso altera quatro frentes pr\u00e1ticas.&nbsp;<\/p>\n\n\n\n<h3 class=\"wp-block-heading\">Nota fiscal<\/h3>\n\n\n\n<p>A primeira \u00e9 a nota fiscal. O imposto deixa de ser inclu\u00eddo no pre\u00e7o para ser destacado claramente destacado na nota e pago \u201cseparado\u201d do valor que \u00e9 cobrado pelo servi\u00e7o\/produto.<\/p>\n\n\n\n<p>&nbsp;A tend\u00eancia \u00e9 caminharmos para um portal\/nota mais unificado de informa\u00e7\u00f5es. Entenda tudo o que muda na nota fiscal neste conte\u00fado: \u201c<a href=\"https:\/\/www.contabilizei.com.br\/contabilidade-online\/nota-fiscal-reforma-tributaria\/\" target=\"_blank\" rel=\"noreferrer noopener\">Nota fiscal Reforma Tribut\u00e1ria: entenda o que muda<\/a>\u201d.&nbsp;<\/p>\n\n\n\n<p>Al\u00e9m disso, entra o conceito do <a href=\"https:\/\/www.contabilizei.com.br\/contabilidade-online\/como-calcular-split-payment-no-fluxo-de-caixa-apos-a-reforma-tributaria\/\" target=\"_blank\" rel=\"noreferrer noopener\">split payment<\/a> em que o pagamento dos impostos \u00e9 automaticamente direcionado ao fisco na liquida\u00e7\u00e3o do PIX\/cart\u00e3o\/boletos por parte do seu cliente, o que simplifica o recolhimento, mas complexifica a gest\u00e3o do caixa da empresa.<\/p>\n\n\n\n<h3 class=\"wp-block-heading\">Apura\u00e7\u00e3o dos impostos<\/h3>\n\n\n\n<p>A apura\u00e7\u00e3o dos impostos vai mudar dependendo do regime tribut\u00e1rio da sua empresa.&nbsp;<\/p>\n\n\n\n<p>As <strong>empresas do <\/strong><a href=\"https:\/\/www.contabilizei.com.br\/contabilidade-online\/simples-nacional\/\" target=\"_blank\" rel=\"noreferrer noopener\"><strong>Simples Nacional<\/strong><\/a><strong> continuam apurando os impostos da mesma forma<\/strong>. A CBS e o IBS entram dentro do DAS (Documento de Arrecada\u00e7\u00e3o do Simples Nacional).<\/p>\n\n\n\n<p>No entanto, a proposta da Reforma abriu espa\u00e7o para que empresas do Simples possam, em certas condi\u00e7\u00f5es definidas na regulamenta\u00e7\u00e3o, <strong>destacar a parcela de IVA por fora da DAS<\/strong>, <strong>para que o cliente gere <\/strong><a href=\"https:\/\/www.contabilizei.com.br\/contabilidade-online\/o-que-e-credito-tributario-na-reforma-tributaria-e-como-isso-afeta-o-preco-do-seu-produto\/\" target=\"_blank\" rel=\"noreferrer noopener\"><strong>cr\u00e9dito tribut\u00e1rio<\/strong><\/a><strong>, \u201cbarateando\u201d o valor final de aquisi\u00e7\u00e3o<\/strong> do produto ou servi\u00e7o. <strong>Isso pode ser algo valioso em vendas B2B.&nbsp;<\/strong><\/p>\n\n\n\n<p>Entenda mais sobre este modelo, no conte\u00fado \u201c<a href=\"https:\/\/www.contabilizei.com.br\/contabilidade-online\/reforma-tributaria-simples-nacional\/\" target=\"_blank\" rel=\"noreferrer noopener\">Simples Nacional: como fica com a Reforma?<\/a>\u201d.&nbsp;<\/p>\n\n\n\n<p><strong>Para quem est\u00e1 no Lucro Presumido ou Real, a troca de PIS\/Cofins\/ISS<\/strong> (e ICMS, se vender bens) <strong>por CBS\/IBS tende a reduzir distor\u00e7\u00f5es.<\/strong>&nbsp;<\/p>\n\n\n\n<p>Neg\u00f3cios com muitas despesas que geram cr\u00e9dito (aluguel, energia, software, terceiriza\u00e7\u00f5es) poder\u00e3o sentir menor impacto da nova al\u00edquota de impostos; j\u00e1 servi\u00e7os muito intensivos em m\u00e3o de obra e com poucos insumos podem sentir press\u00e3o se n\u00e3o tiverem al\u00edquota reduzida.<\/p>\n\n\n\n<h3 class=\"wp-block-heading\">Precifica\u00e7\u00e3o<\/h3>\n\n\n\n<p>Com a Reforma Tribut\u00e1ria, os impostos pagos pelas empresas poder\u00e3o mudar e, em alguns casos, voc\u00ea tamb\u00e9m poder\u00e1 oferecer cr\u00e9dito para seus clientes, dependendo do tipo de opera\u00e7\u00e3o.<\/p>\n\n\n\n<p>Isso significa que o pre\u00e7o dos seus produtos ou servi\u00e7os pode precisar de ajustes. Afinal, o valor que voc\u00ea cobra normalmente busca garantir uma receita l\u00edquida final, ou seja, o quanto voc\u00ea realmente quer ganhar depois de todas as despesas.<\/p>\n\n\n\n<p>Revisar sua precifica\u00e7\u00e3o agora \u00e9 essencial para alinhar expectativas com seus clientes e evitar preju\u00edzos no futuro. Um bom reajuste ajuda a manter o equil\u00edbrio financeiro e garante que ningu\u00e9m saia perdendo.<\/p>\n\n\n\n<h3 class=\"wp-block-heading\">Competitividade<\/h3>\n\n\n\n<p>Outro ponto importante \u00e9 entender como o novo modelo pode influenciar a competitividade entre empresas.<\/p>\n\n\n\n<p>Imagine um cliente que consegue gerar cr\u00e9dito tribut\u00e1rio maior mas que, para isso, ele paga a al\u00edquota cheia dos novos impostos (estimada em cerca de 27%). Isso pode interferir no pre\u00e7o final dele.&nbsp;<\/p>\n\n\n\n<p>J\u00e1 outro cliente gera um cr\u00e9dito menor, pois paga um al\u00edquota menor de impostos, do que se contratasse uma empresa com al\u00edquota cheia.<\/p>\n\n\n\n<p>Na pr\u00e1tica, isso pode influenciar as decis\u00f5es de compra e contrata\u00e7\u00e3o, alterando a din\u00e2mica das negocia\u00e7\u00f5es.<\/p>\n\n\n\n<p>Por isso, contar com parceiros estrat\u00e9gicos e especialistas para orientar nesse processo far\u00e1 toda a diferen\u00e7a. Eles poder\u00e3o te ajudar a enxergar oportunidades, evitar riscos e ajustar sua estrat\u00e9gia de forma inteligente.<\/p>\n\n\n\n<h2 class=\"wp-block-heading\" class=\"wp-block-heading\" id=\"exemplos-praticos\">Exemplos pr\u00e1ticos<\/h2>\n\n\n\n<p>Imagine uma consultoria que cobra R$ 10.000 de uma ind\u00fastria. No modelo novo, voc\u00ea emite a nota por R$ 10.000 + R$ 2.700 de IVA (hip\u00f3tese com al\u00edquota padr\u00e3o de 27%).&nbsp;<\/p>\n\n\n\n<p>O cliente, por ser PJ fora do Simples, credita esses R$ 2.700 e usa na sua pr\u00f3pria apura\u00e7\u00e3o \u2014 o imposto deixa de ser custo para ele.&nbsp;<\/p>\n\n\n\n<p>Voc\u00ea, na sua apura\u00e7\u00e3o, desconta os cr\u00e9ditos de energia, aluguel, assinaturas de software e assim por diante. Paga IVA s\u00f3 sobre o valor que, de fato, agregou.&nbsp;<\/p>\n\n\n\n<p>Agora, pense em um advogado ou m\u00e9dico com poucos insumos credit\u00e1veis. Se a al\u00edquota do setor n\u00e3o for reduzida, a parcela de consumo da carga pode subir.&nbsp;<\/p>\n\n\n\n<p><em>Leia tamb\u00e9m:<\/em><\/p>\n\n\n\n<ul class=\"wp-block-list\">\n<li><a href=\"https:\/\/www.contabilizei.com.br\/contabilizei-responde\/reforma-tributaria-para-medicos\/\" target=\"_blank\" rel=\"noreferrer noopener\"><em>Reforma tribut\u00e1ria para m\u00e9dicos: o que muda para a \u00e1rea?<\/em><\/a><\/li>\n\n\n\n<li><a href=\"https:\/\/www.contabilizei.com.br\/contabilizei-responde\/reforma-tributaria-para-advogado\/\" target=\"_blank\" rel=\"noreferrer noopener\"><em>Reforma tribut\u00e1ria para advogado: o que muda?<\/em><\/a><\/li>\n<\/ul>\n\n\n\n<p>\u00c9 por isso que a regulamenta\u00e7\u00e3o discute tratamentos espec\u00edficos e redu\u00e7\u00f5es para servi\u00e7os essenciais e profiss\u00f5es regulamentadas. Vale acompanhar o desfecho para a sua profiss\u00e3o.&nbsp;<\/p>\n\n\n\n<p>Veja se sua <a href=\"https:\/\/www.contabilizei.com.br\/contabilidade-online\/como-a-reforma-tributaria-impacta-o-profissional-pj-impostos-e-lucro\/\" target=\"_blank\" rel=\"noreferrer noopener\">profiss\u00e3o est\u00e1 entre as que podem ter redu\u00e7\u00e3o de al\u00edquota<\/a><\/p>\n\n\n\n<h2 class=\"wp-block-heading\" class=\"wp-block-heading\" id=\"impactos-diretos-para-pf-ir-e-inss-seguem-iguais-o-efeito-maior-e-de-mercado\">Impactos diretos para PF: IR e INSS seguem iguais; o efeito maior \u00e9 de mercado<\/h2>\n\n\n\n<p><strong>Para o profissional aut\u00f4nomo, \u00e9 importante considerar a mudan\u00e7a de competitividade. Algumas empresas podem passar a preferir contratar prestadores com CNPJ, j\u00e1 que esses permitem o aproveitamento de cr\u00e9ditos tribut\u00e1rios, o que pode influenciar as negocia\u00e7\u00f5es e as escolhas de contrata\u00e7\u00e3o.<\/strong><\/p>\n\n\n\n<p>Para quem atua como pessoa f\u00edsica, \u00e9 importante saber que a reforma do consumo n\u00e3o altera o Imposto de Renda (IRPF) nem o INSS. <strong>A principal mudan\u00e7a est\u00e1 no ISS<\/strong>, cobrado atualmente por muitos munic\u00edpios sobre servi\u00e7os aut\u00f4nomos, que ser\u00e1 gradualmente substitu\u00eddo pelo IBS e pela CBS.<\/p>\n\n\n\n<p>Em resumo, mesmo que o impacto inicial pare\u00e7a pequeno, as transforma\u00e7\u00f5es no sistema tribut\u00e1rio podem mudar a din\u00e2mica do mercado. Estar bem informado e buscar orienta\u00e7\u00e3o s\u00e3o passos fundamentais para se adaptar e aproveitar as oportunidades que v\u00eam pela frente.<\/p>\n\n\n\n<h3 class=\"wp-block-heading\">Loca\u00e7\u00e3o de im\u00f3veis<\/h3>\n\n\n\n<p><strong>Atividades como loca\u00e7\u00e3o e venda de im\u00f3veis, inclusive as de temporada, quando realizadas por pessoas f\u00edsicas, tamb\u00e9m estar\u00e3o sujeitas ao IBS e \u00e0 CBS.<\/strong><\/p>\n\n\n\n<p>Embora a forma de cobran\u00e7a ainda n\u00e3o esteja totalmente definida, a previs\u00e3o legal j\u00e1 deixa claro que<strong> o aut\u00f4nomo pode ser considerado contribuinte em determinadas situa\u00e7\u00f5es.<\/strong><\/p>\n\n\n\n<p>Por isso, \u00e9 essencial acompanhar as atualiza\u00e7\u00f5es ou contar com um parceiro especializado, que possa ajudar a entender os impactos e as oportunidades que a Reforma pode trazer, mesmo para quem n\u00e3o paga o novo IVA diretamente.<\/p>\n\n\n\n<h3 class=\"wp-block-heading\">Nota fiscal<\/h3>\n\n\n\n<p><strong>A emiss\u00e3o avulsa de NFS-e municipal continua sendo o caminho enquanto o ISS estiver valendo, e as regras de reten\u00e7\u00e3o podem mudar conforme avan\u00e7a a transi\u00e7\u00e3o para o IBS<\/strong>.&nbsp;<\/p>\n\n\n\n<h2 class=\"wp-block-heading\" class=\"wp-block-heading\" id=\"mei-e-simples-as-excecoes-que-continuam-importando\">MEI e Simples: as exce\u00e7\u00f5es que continuam importando<\/h2>\n\n\n\n<p><strong>O MEI segue existindo, com DAS simplificado e limite de faturamento definidos em lei pr\u00f3pria<\/strong>. Em geral, compras de MEI n\u00e3o geram cr\u00e9dito de IVA para o tomador. A NFS-e Nacional do MEI continua como porta de emiss\u00e3o.<\/p>\n\n\n\n<p>Al\u00e9m do MEI, surge a possibilidade do <a href=\"https:\/\/www.contabilizei.com.br\/contabilidade-online\/nanoempreendedor-o-novo-jogo-na-reforma-tributaria\/\" target=\"_blank\" rel=\"noreferrer noopener\">Nanoempreendedor<\/a>.<\/p>\n\n\n\n<p><strong>O Simples Nacional tamb\u00e9m permanece. Para quem vende para outras empresas, a possibilidade de destacar a parcela de IVA (se e quando regulamentada) pode ser um divisor de \u00e1guas<\/strong>, porque devolve ao cliente o cr\u00e9dito que ele espera em um ambiente de IVA.&nbsp;<\/p>\n\n\n\n<p>Mesmo sem essa op\u00e7\u00e3o, <strong>muitos neg\u00f3cios continuar\u00e3o preferindo o Simples<\/strong> por conta da simplicidade e da rela\u00e7\u00e3o entre margem e folha. Mas dado os impactos apresentados, \u00e9 importante uma avalia\u00e7\u00e3o detalhada do seu neg\u00f3cio e clientes para evitar preju\u00edzos.<\/p>\n\n\n\n<h2 class=\"wp-block-heading\" class=\"wp-block-heading\" id=\"como-se-preparar-um-roteiro-pratico-para-servicos\">Como se preparar: um roteiro pr\u00e1tico para servi\u00e7os<\/h2>\n\n\n\n<p>Quem se antecipar no planejamento para as mudan\u00e7as da Reforma Tribut\u00e1ria vai sair na frente. Por isso, veja as dicas dos nossos especialistas e comece a organizar o seu CNPJ agora mesmo.&nbsp;<\/p>\n\n\n\n<h3 class=\"wp-block-heading\">Mapeie suas receitas por tipo de cliente<\/h3>\n\n\n\n<p><strong>Mapeie suas receitas por tipo de cliente (PF, PJ Simples, PJ fora do Simples)<\/strong> para entender a necessidade de oferecer cr\u00e9ditos tribut\u00e1rios.&nbsp;<\/p>\n\n\n\n<h3 class=\"wp-block-heading\">Liste seus custos que devem gerar cr\u00e9dito de IVA<\/h3>\n\n\n\n<p>Energia, aluguel, coworking, softwares e nuvem, servi\u00e7os terceirizados, equipamentos, marketing e consultorias podem te <strong>ajudar a abater o valor total dos impostos<\/strong>.&nbsp;<\/p>\n\n\n\n<h3 class=\"wp-block-heading\">Simule cen\u00e1rios<\/h3>\n\n\n\n<p><strong>Trabalhe com a al\u00edquota padr\u00e3o estimada e com a hip\u00f3tese de al\u00edquota reduzida, caso seu setor esteja no debate de exce\u00e7\u00f5es.&nbsp;<\/strong><\/p>\n\n\n\n<p>Projete como ficaria a sua nota com o imposto por fora e quanto de cr\u00e9dito voc\u00ea acumularia.&nbsp;<\/p>\n\n\n\n<p>Um exemplo simples: se seu escrit\u00f3rio de TI fatura R$ 50.000\/m\u00eas e tem R$ 8.000 de despesas credit\u00e1veis, com al\u00edquota de 27% voc\u00ea destacaria R$ 13.500,00 de IVA nas vendas e acumularia cerca de R$ 2.160,00 de cr\u00e9dito nas compras. <strong>Voc\u00ea pagaria o IVA sobre a diferen\u00e7a, n\u00e3o sobre o total.<\/strong><\/p>\n\n\n\n<h3 class=\"wp-block-heading\">Revise pre\u00e7os&nbsp;<\/h3>\n\n\n\n<p><strong>Troque a l\u00f3gica do \u201cpre\u00e7o com impostos\u201d por \u201cpre\u00e7o l\u00edquido + tributos por fora\u201d<\/strong>. Inclua cl\u00e1usulas prevendo mudan\u00e7as de al\u00edquota, Split Payment e quem responde por reten\u00e7\u00f5es.&nbsp;<\/p>\n\n\n\n<h3 class=\"wp-block-heading\">Prepare sistemas e processos<\/h3>\n\n\n\n<p><strong>Ajuste o seu emissor de NF para destacar CBS e IBS<\/strong>, registrar cr\u00e9ditos, gerar relat\u00f3rios e conciliar Split Payments quando come\u00e7arem. Combine com a contabilidade quais documentos e concilia\u00e7\u00f5es precisar\u00e3o ser feitos no piloto de 2026 e na virada de 2027.<\/p>\n\n\n\n<p>A Contabilizei est\u00e1 preparada para te ajudar, incluindo o sistema de nota fiscal atualizado.&nbsp;<\/p>\n\n\n\n<h3 class=\"wp-block-heading\">Reveja o regime tribut\u00e1rio<\/h3>\n\n\n\n<p>Para muitos prestadores de servi\u00e7o, o Simples continuar\u00e1 competitivo, especialmente para quem trabalha com margens mais apertadas. Para outros, o Presumido ou o Real podem ganhar for\u00e7a com o cr\u00e9dito amplo do IVA. <strong>Refa\u00e7a as contas com os dados do seu neg\u00f3cio<\/strong>.<\/p>\n\n\n\n<h3 class=\"wp-block-heading\">Acompanhe a regulamenta\u00e7\u00e3o<\/h3>\n\n\n\n<p>As leis complementares detalham listas de bens e servi\u00e7os com al\u00edquota reduzida ou zero, regimes espec\u00edficos (como sa\u00fade e educa\u00e7\u00e3o), cashback para baixa renda, regras de destino e a operacionaliza\u00e7\u00e3o do Simples e do MEI nesse novo ambiente. <strong>\u00c9 normal haver ajustes finos at\u00e9 o fim da transi\u00e7\u00e3o.<\/strong><\/p>\n\n\n\n<h2 class=\"wp-block-heading\" class=\"wp-block-heading\" id=\"conclusao\">Conclus\u00e3o<\/h2>\n\n\n\n<p><strong>Em resumo, a Reforma Tribut\u00e1ria do consumo muda o jogo do consumo, n\u00e3o o do seu IR ou INSS.<\/strong> Para PJs, especialmente prestadores de servi\u00e7o, a transi\u00e7\u00e3o para nota por fora, cr\u00e9dito tribut\u00e1rio e Split Payment exige preparo de sistemas, contratos e pre\u00e7os.&nbsp;<\/p>\n\n\n\n<p><strong>Para PFs, o efeito \u00e9 menos burocr\u00e1tico e mais de mercado<\/strong>: clientes corporativos podem preferir PJs que geram cr\u00e9dito. Use 2025 e 2026 para simular, ajustar e comunicar.&nbsp;<\/p>\n\n\n\n<h2 class=\"wp-block-heading\" class=\"wp-block-heading\" id=\"conte-com-a-contabilizei\">Conte com a Contabilizei<\/h2>\n\n\n\n<p>A Contabilizei, o maior escrit\u00f3rio de contabilidade do Brasil, est\u00e1 preparada para auxiliar profissionais PJs e aut\u00f4nomos a encontrarem a melhor forma de otimizar o pagamento de impostos e assegurar o crescimento cont\u00ednuo de seus neg\u00f3cios.<\/p>\n\n\n\n<p><a href=\"https:\/\/www.contabilizei.com.br\/abrir-empresa\/\">Converse com um de nossos especial<\/a><a href=\"https:\/\/www.contabilizei.com.br\/abrir-empresa\/\" target=\"_blank\" rel=\"noreferrer noopener\">i<\/a><a href=\"https:\/\/www.contabilizei.com.br\/abrir-empresa\/\">stas<\/a> e descubra como podemos ajudar. Junte-se a mais de 70 mil clientes e abra ou migre sua empresa para a Contabilizei.<\/p>\n","protected":false},"excerpt":{"rendered":"<p>Se voc\u00ea \u00e9 prestador de servi\u00e7os PJ (pessoa jur\u00eddica), mas tamb\u00e9m presta servi\u00e7os como pessoa f\u00edsica, entenda como a Reforma&#8230;<\/p>\n","protected":false},"author":119,"featured_media":39707,"template":"","reforma_post_category":[351],"reforma_post_trail":[365,358],"class_list":{"0":"post-40140","1":"reforma_post","2":"type-reforma_post","3":"status-publish","4":"has-post-thumbnail","6":"reforma_post_category-o-que-muda","7":"reforma_post_trail-o-que-muda-para-cada-tipo-de-profissional","8":"reforma_post_trail-reforma-na-pratica-como-aplicar-os-conceitos-em-exemplos"},"yoast_head":"<!-- This site is optimized with the Yoast SEO plugin v27.4 - https:\/\/yoast.com\/product\/yoast-seo-wordpress\/ -->\n<title>O que muda com a Reforma Tribut\u00e1ria para quem fatura como PF e PJ? | Blog da Contabilizei<\/title>\n<meta name=\"description\" content=\"Informa\u00e7\u00f5es fundamentais para prestador de servi\u00e7os PJ, mas que tamb\u00e9m presta servi\u00e7os como pessoa f\u00edsica. Entenda tudo.\" \/>\n<meta name=\"robots\" content=\"index, follow\" \/>\n<link rel=\"canonical\" href=\"https:\/\/www.contabilizei.com.br\/reforma-tributaria\/artigo\/o-que-muda-com-a-reforma-tributaria-para-quem-fatura-como-pf-e-pj\/\" \/>\n<meta property=\"og:locale\" content=\"pt_BR\" \/>\n<meta property=\"og:type\" content=\"article\" \/>\n<meta property=\"og:title\" content=\"O que muda com a Reforma Tribut\u00e1ria para quem fatura como PF e PJ? | Blog da Contabilizei\" \/>\n<meta property=\"og:description\" content=\"Informa\u00e7\u00f5es fundamentais para prestador de servi\u00e7os PJ, mas que tamb\u00e9m presta servi\u00e7os como pessoa f\u00edsica. Entenda tudo.\" \/>\n<meta property=\"og:url\" content=\"https:\/\/www.contabilizei.com.br\/reforma-tributaria\/artigo\/o-que-muda-com-a-reforma-tributaria-para-quem-fatura-como-pf-e-pj\/\" \/>\n<meta property=\"og:site_name\" content=\"Blog da Contabilizei\" \/>\n<meta property=\"article:publisher\" content=\"https:\/\/www.facebook.com\/Contabilizei\/\" \/>\n<meta property=\"article:modified_time\" content=\"2026-03-25T20:34:13+00:00\" \/>\n<meta property=\"og:image\" content=\"https:\/\/www.contabilizei.com.br\/reforma-tributaria\/wp-content\/uploads\/2025\/09\/pix-por-biometria.webp\" \/>\n\t<meta property=\"og:image:width\" content=\"1200\" \/>\n\t<meta property=\"og:image:height\" content=\"750\" \/>\n\t<meta property=\"og:image:type\" content=\"image\/webp\" \/>\n<meta name=\"twitter:card\" content=\"summary_large_image\" \/>\n<meta name=\"twitter:site\" content=\"@contabilizei\" \/>\n<meta name=\"twitter:label1\" content=\"Est. tempo de leitura\" \/>\n\t<meta name=\"twitter:data1\" content=\"12 minutos\" \/>\n<!-- \/ Yoast SEO plugin. -->","yoast_head_json":{"title":"O que muda com a Reforma Tribut\u00e1ria para quem fatura como PF e PJ? | Blog da Contabilizei","description":"Informa\u00e7\u00f5es fundamentais para prestador de servi\u00e7os PJ, mas que tamb\u00e9m presta servi\u00e7os como pessoa f\u00edsica. Entenda tudo.","robots":{"index":"index","follow":"follow"},"canonical":"https:\/\/www.contabilizei.com.br\/reforma-tributaria\/artigo\/o-que-muda-com-a-reforma-tributaria-para-quem-fatura-como-pf-e-pj\/","og_locale":"pt_BR","og_type":"article","og_title":"O que muda com a Reforma Tribut\u00e1ria para quem fatura como PF e PJ? | Blog da Contabilizei","og_description":"Informa\u00e7\u00f5es fundamentais para prestador de servi\u00e7os PJ, mas que tamb\u00e9m presta servi\u00e7os como pessoa f\u00edsica. Entenda tudo.","og_url":"https:\/\/www.contabilizei.com.br\/reforma-tributaria\/artigo\/o-que-muda-com-a-reforma-tributaria-para-quem-fatura-como-pf-e-pj\/","og_site_name":"Blog da Contabilizei","article_publisher":"https:\/\/www.facebook.com\/Contabilizei\/","article_modified_time":"2026-03-25T20:34:13+00:00","og_image":[{"width":1200,"height":750,"url":"https:\/\/www.contabilizei.com.br\/reforma-tributaria\/wp-content\/uploads\/2025\/09\/pix-por-biometria.webp","type":"image\/webp"}],"twitter_card":"summary_large_image","twitter_site":"@contabilizei","twitter_misc":{"Est. tempo de leitura":"12 minutos"},"schema":{"@context":"https:\/\/schema.org","@graph":[{"@type":"WebPage","@id":"https:\/\/www.contabilizei.com.br\/reforma-tributaria\/artigo\/o-que-muda-com-a-reforma-tributaria-para-quem-fatura-como-pf-e-pj\/","url":"https:\/\/www.contabilizei.com.br\/reforma-tributaria\/artigo\/o-que-muda-com-a-reforma-tributaria-para-quem-fatura-como-pf-e-pj\/","name":"O que muda com a Reforma Tribut\u00e1ria para quem fatura como PF e PJ? | Blog da Contabilizei","isPartOf":{"@id":"https:\/\/www.contabilizei.com.br\/reforma-tributaria\/#website"},"primaryImageOfPage":{"@id":"https:\/\/www.contabilizei.com.br\/reforma-tributaria\/artigo\/o-que-muda-com-a-reforma-tributaria-para-quem-fatura-como-pf-e-pj\/#primaryimage"},"image":{"@id":"https:\/\/www.contabilizei.com.br\/reforma-tributaria\/artigo\/o-que-muda-com-a-reforma-tributaria-para-quem-fatura-como-pf-e-pj\/#primaryimage"},"thumbnailUrl":"https:\/\/www.contabilizei.com.br\/reforma-tributaria\/wp-content\/uploads\/2025\/09\/pix-por-biometria.webp","datePublished":"2026-02-12T19:28:19+00:00","dateModified":"2026-03-25T20:34:13+00:00","description":"Informa\u00e7\u00f5es fundamentais para prestador de servi\u00e7os PJ, mas que tamb\u00e9m presta servi\u00e7os como pessoa f\u00edsica. Entenda tudo.","breadcrumb":{"@id":"https:\/\/www.contabilizei.com.br\/reforma-tributaria\/artigo\/o-que-muda-com-a-reforma-tributaria-para-quem-fatura-como-pf-e-pj\/#breadcrumb"},"inLanguage":"pt-BR","potentialAction":[{"@type":"ReadAction","target":["https:\/\/www.contabilizei.com.br\/reforma-tributaria\/artigo\/o-que-muda-com-a-reforma-tributaria-para-quem-fatura-como-pf-e-pj\/"]}]},{"@type":"ImageObject","inLanguage":"pt-BR","@id":"https:\/\/www.contabilizei.com.br\/reforma-tributaria\/artigo\/o-que-muda-com-a-reforma-tributaria-para-quem-fatura-como-pf-e-pj\/#primaryimage","url":"https:\/\/www.contabilizei.com.br\/reforma-tributaria\/wp-content\/uploads\/2025\/09\/pix-por-biometria.webp","contentUrl":"https:\/\/www.contabilizei.com.br\/reforma-tributaria\/wp-content\/uploads\/2025\/09\/pix-por-biometria.webp","width":1200,"height":750},{"@type":"BreadcrumbList","@id":"https:\/\/www.contabilizei.com.br\/reforma-tributaria\/artigo\/o-que-muda-com-a-reforma-tributaria-para-quem-fatura-como-pf-e-pj\/#breadcrumb","itemListElement":[{"@type":"ListItem","position":1,"name":"Home","item":"https:\/\/www.contabilizei.com.br\/reforma-tributaria\/"},{"@type":"ListItem","position":2,"name":"Posts - Reforma Tribut\u00e1ria","item":"https:\/\/www.contabilizei.com.br\/reforma-tributaria\/artigo\/"},{"@type":"ListItem","position":3,"name":"O que muda com a Reforma Tribut\u00e1ria para quem fatura como PF e PJ?"}]},{"@type":"WebSite","@id":"https:\/\/www.contabilizei.com.br\/reforma-tributaria\/#website","url":"https:\/\/www.contabilizei.com.br\/reforma-tributaria\/","name":"Hub da Reforma tribut\u00e1ria","description":"Apoiando o empreendedorismo desde 2013","potentialAction":[{"@type":"SearchAction","target":{"@type":"EntryPoint","urlTemplate":"https:\/\/www.contabilizei.com.br\/reforma-tributaria\/?s={search_term_string}"},"query-input":{"@type":"PropertyValueSpecification","valueRequired":true,"valueName":"search_term_string"}}],"inLanguage":"pt-BR"}]}},"_links":{"self":[{"href":"https:\/\/www.contabilizei.com.br\/reforma-tributaria\/wp-json\/wp\/v2\/reforma_post\/40140","targetHints":{"allow":["GET"]}}],"collection":[{"href":"https:\/\/www.contabilizei.com.br\/reforma-tributaria\/wp-json\/wp\/v2\/reforma_post"}],"about":[{"href":"https:\/\/www.contabilizei.com.br\/reforma-tributaria\/wp-json\/wp\/v2\/types\/reforma_post"}],"author":[{"embeddable":true,"href":"https:\/\/www.contabilizei.com.br\/reforma-tributaria\/wp-json\/wp\/v2\/users\/119"}],"version-history":[{"count":3,"href":"https:\/\/www.contabilizei.com.br\/reforma-tributaria\/wp-json\/wp\/v2\/reforma_post\/40140\/revisions"}],"predecessor-version":[{"id":40392,"href":"https:\/\/www.contabilizei.com.br\/reforma-tributaria\/wp-json\/wp\/v2\/reforma_post\/40140\/revisions\/40392"}],"wp:featuredmedia":[{"embeddable":true,"href":"https:\/\/www.contabilizei.com.br\/reforma-tributaria\/wp-json\/wp\/v2\/media\/39707"}],"wp:attachment":[{"href":"https:\/\/www.contabilizei.com.br\/reforma-tributaria\/wp-json\/wp\/v2\/media?parent=40140"}],"wp:term":[{"taxonomy":"reforma_post_category","embeddable":true,"href":"https:\/\/www.contabilizei.com.br\/reforma-tributaria\/wp-json\/wp\/v2\/reforma_post_category?post=40140"},{"taxonomy":"reforma_post_trail","embeddable":true,"href":"https:\/\/www.contabilizei.com.br\/reforma-tributaria\/wp-json\/wp\/v2\/reforma_post_trail?post=40140"}],"curies":[{"name":"wp","href":"https:\/\/api.w.org\/{rel}","templated":true}]}}