{"id":39316,"date":"2025-06-25T12:22:16","date_gmt":"2025-06-25T15:22:16","guid":{"rendered":"https:\/\/www.contabilizei.com.br\/contabilidade-online\/?post_type=reforma_post&#038;p=39316"},"modified":"2025-08-26T11:46:41","modified_gmt":"2025-08-26T14:46:41","slug":"guia-sobre-a-reforma-tributaria-um-material-para-estudo","status":"publish","type":"reforma_post","link":"https:\/\/www.contabilizei.com.br\/reforma-tributaria\/artigo\/guia-sobre-a-reforma-tributaria-um-material-para-estudo\/","title":{"rendered":"Guia sobre a Reforma Tribut\u00e1ria: um material para estudo"},"content":{"rendered":"\n<p>Neste <a href=\"https:\/\/e.contabilizei.com.br\/e-book_rt\" target=\"_blank\" rel=\"noreferrer noopener\">e-book<\/a>, ofereceremos uma vis\u00e3o abrangente sobre a proposta da Reforma Tribut\u00e1ria, destacando os efeitos e diferen\u00e7as entre o atual sistema tribut\u00e1rio e o novo, o in\u00edcio do processo de transi\u00e7\u00e3o, as pr\u00f3ximas etapas, as altera\u00e7\u00f5es no Simples Nacional e outros regimes tribut\u00e1rios, al\u00e9m dos principais impactos que a reforma pode ter para os empreendedores brasileiros e orienta\u00e7\u00f5es sobre como se<br>preparar para essas mudan\u00e7as.<\/p>\n\n\n\n<p><a href=\"https:\/\/e.contabilizei.com.br\/e-book_rt\" target=\"_blank\" rel=\"noreferrer noopener\">Fa\u00e7a o download gratuito<\/a>.<\/p>\n","protected":false},"excerpt":{"rendered":"<p>Neste e-book, ofereceremos uma vis\u00e3o abrangente sobre a proposta da Reforma Tribut\u00e1ria, destacando os efeitos e diferen\u00e7as entre o atual&#8230;<\/p>\n","protected":false},"author":119,"featured_media":36039,"template":"","reforma_post_category":[355],"reforma_post_trail":[368],"class_list":{"0":"post-39316","1":"reforma_post","2":"type-reforma_post","3":"status-publish","4":"has-post-thumbnail","6":"reforma_post_category-como-se-preparar","7":"reforma_post_trail-e-book-guia-sobre-a-reforma-tributaria"},"yoast_head":"<!-- This site is optimized with the Yoast SEO plugin v27.5 - https:\/\/yoast.com\/product\/yoast-seo-wordpress\/ -->\n<title>Guia sobre a Reforma Tribut\u00e1ria: um material para estudo | Blog da Contabilizei<\/title>\n<meta name=\"description\" content=\"Fa\u00e7a o download do guia completo sobre a Reforma Tribut\u00e1ria aprovada no Brasil e prepare a sua contabilidade.\" \/>\n<meta name=\"robots\" content=\"index, follow\" \/>\n<link rel=\"canonical\" href=\"https:\/\/www.contabilizei.com.br\/reforma-tributaria\/artigo\/guia-sobre-a-reforma-tributaria-um-material-para-estudo\/\" \/>\n<meta property=\"og:locale\" content=\"pt_BR\" \/>\n<meta property=\"og:type\" content=\"article\" \/>\n<meta property=\"og:title\" content=\"Guia sobre a Reforma Tribut\u00e1ria: um material para estudo | Blog da Contabilizei\" \/>\n<meta property=\"og:description\" content=\"Fa\u00e7a o download do guia completo sobre a Reforma Tribut\u00e1ria aprovada no Brasil e prepare a sua contabilidade.\" \/>\n<meta property=\"og:url\" content=\"https:\/\/www.contabilizei.com.br\/reforma-tributaria\/artigo\/guia-sobre-a-reforma-tributaria-um-material-para-estudo\/\" \/>\n<meta property=\"og:site_name\" content=\"Blog da Contabilizei\" \/>\n<meta property=\"article:publisher\" content=\"https:\/\/www.facebook.com\/Contabilizei\/\" \/>\n<meta property=\"article:modified_time\" content=\"2025-08-26T14:46:41+00:00\" \/>\n<meta property=\"og:image\" content=\"https:\/\/www.contabilizei.com.br\/reforma-tributaria\/wp-content\/uploads\/2024\/01\/Dasn-ou-Dasn-Simei_-Guia-completo-de-o-que-e-como-declarar-e-mais.png\" \/>\n\t<meta property=\"og:image:width\" content=\"1270\" \/>\n\t<meta property=\"og:image:height\" content=\"720\" \/>\n\t<meta property=\"og:image:type\" content=\"image\/png\" \/>\n<meta name=\"twitter:card\" content=\"summary_large_image\" \/>\n<meta name=\"twitter:site\" content=\"@contabilizei\" \/>\n<meta name=\"twitter:label1\" content=\"Est. tempo de leitura\" \/>\n\t<meta name=\"twitter:data1\" content=\"1 minuto\" \/>\n<!-- \/ Yoast SEO plugin. -->","yoast_head_json":{"title":"Guia sobre a Reforma Tribut\u00e1ria: um material para estudo | Blog da Contabilizei","description":"Fa\u00e7a o download do guia completo sobre a Reforma Tribut\u00e1ria aprovada no Brasil e prepare a sua contabilidade.","robots":{"index":"index","follow":"follow"},"canonical":"https:\/\/www.contabilizei.com.br\/reforma-tributaria\/artigo\/guia-sobre-a-reforma-tributaria-um-material-para-estudo\/","og_locale":"pt_BR","og_type":"article","og_title":"Guia sobre a Reforma Tribut\u00e1ria: um material para estudo | Blog da Contabilizei","og_description":"Fa\u00e7a o download do guia completo sobre a Reforma Tribut\u00e1ria aprovada no Brasil e prepare a sua contabilidade.","og_url":"https:\/\/www.contabilizei.com.br\/reforma-tributaria\/artigo\/guia-sobre-a-reforma-tributaria-um-material-para-estudo\/","og_site_name":"Blog da Contabilizei","article_publisher":"https:\/\/www.facebook.com\/Contabilizei\/","article_modified_time":"2025-08-26T14:46:41+00:00","og_image":[{"width":1270,"height":720,"url":"https:\/\/www.contabilizei.com.br\/reforma-tributaria\/wp-content\/uploads\/2024\/01\/Dasn-ou-Dasn-Simei_-Guia-completo-de-o-que-e-como-declarar-e-mais.png","type":"image\/png"}],"twitter_card":"summary_large_image","twitter_site":"@contabilizei","twitter_misc":{"Est. tempo de leitura":"1 minuto"},"schema":{"@context":"https:\/\/schema.org","@graph":[{"@type":"WebPage","@id":"https:\/\/www.contabilizei.com.br\/reforma-tributaria\/artigo\/guia-sobre-a-reforma-tributaria-um-material-para-estudo\/","url":"https:\/\/www.contabilizei.com.br\/reforma-tributaria\/artigo\/guia-sobre-a-reforma-tributaria-um-material-para-estudo\/","name":"Guia sobre a Reforma Tribut\u00e1ria: um material para estudo | Blog da Contabilizei","isPartOf":{"@id":"https:\/\/www.contabilizei.com.br\/reforma-tributaria\/#website"},"primaryImageOfPage":{"@id":"https:\/\/www.contabilizei.com.br\/reforma-tributaria\/artigo\/guia-sobre-a-reforma-tributaria-um-material-para-estudo\/#primaryimage"},"image":{"@id":"https:\/\/www.contabilizei.com.br\/reforma-tributaria\/artigo\/guia-sobre-a-reforma-tributaria-um-material-para-estudo\/#primaryimage"},"thumbnailUrl":"https:\/\/www.contabilizei.com.br\/reforma-tributaria\/wp-content\/uploads\/2024\/01\/Dasn-ou-Dasn-Simei_-Guia-completo-de-o-que-e-como-declarar-e-mais.png","datePublished":"2025-06-25T15:22:16+00:00","dateModified":"2025-08-26T14:46:41+00:00","description":"Fa\u00e7a o download do guia completo sobre a Reforma Tribut\u00e1ria aprovada no Brasil e prepare a sua contabilidade.","breadcrumb":{"@id":"https:\/\/www.contabilizei.com.br\/reforma-tributaria\/artigo\/guia-sobre-a-reforma-tributaria-um-material-para-estudo\/#breadcrumb"},"inLanguage":"pt-BR","potentialAction":[{"@type":"ReadAction","target":["https:\/\/www.contabilizei.com.br\/reforma-tributaria\/artigo\/guia-sobre-a-reforma-tributaria-um-material-para-estudo\/"]}]},{"@type":"ImageObject","inLanguage":"pt-BR","@id":"https:\/\/www.contabilizei.com.br\/reforma-tributaria\/artigo\/guia-sobre-a-reforma-tributaria-um-material-para-estudo\/#primaryimage","url":"https:\/\/www.contabilizei.com.br\/reforma-tributaria\/wp-content\/uploads\/2024\/01\/Dasn-ou-Dasn-Simei_-Guia-completo-de-o-que-e-como-declarar-e-mais.png","contentUrl":"https:\/\/www.contabilizei.com.br\/reforma-tributaria\/wp-content\/uploads\/2024\/01\/Dasn-ou-Dasn-Simei_-Guia-completo-de-o-que-e-como-declarar-e-mais.png","width":1270,"height":720,"caption":"lalala"},{"@type":"BreadcrumbList","@id":"https:\/\/www.contabilizei.com.br\/reforma-tributaria\/artigo\/guia-sobre-a-reforma-tributaria-um-material-para-estudo\/#breadcrumb","itemListElement":[{"@type":"ListItem","position":1,"name":"Home","item":"https:\/\/www.contabilizei.com.br\/reforma-tributaria\/"},{"@type":"ListItem","position":2,"name":"Posts - Reforma Tribut\u00e1ria","item":"https:\/\/www.contabilizei.com.br\/reforma-tributaria\/artigo\/"},{"@type":"ListItem","position":3,"name":"Guia sobre a Reforma Tribut\u00e1ria: um material para estudo"}]},{"@type":"WebSite","@id":"https:\/\/www.contabilizei.com.br\/reforma-tributaria\/#website","url":"https:\/\/www.contabilizei.com.br\/reforma-tributaria\/","name":"Hub da Reforma tribut\u00e1ria","description":"Apoiando o empreendedorismo desde 2013","potentialAction":[{"@type":"SearchAction","target":{"@type":"EntryPoint","urlTemplate":"https:\/\/www.contabilizei.com.br\/reforma-tributaria\/?s={search_term_string}"},"query-input":{"@type":"PropertyValueSpecification","valueRequired":true,"valueName":"search_term_string"}}],"inLanguage":"pt-BR"}]}},"_links":{"self":[{"href":"https:\/\/www.contabilizei.com.br\/reforma-tributaria\/wp-json\/wp\/v2\/reforma_post\/39316","targetHints":{"allow":["GET"]}}],"collection":[{"href":"https:\/\/www.contabilizei.com.br\/reforma-tributaria\/wp-json\/wp\/v2\/reforma_post"}],"about":[{"href":"https:\/\/www.contabilizei.com.br\/reforma-tributaria\/wp-json\/wp\/v2\/types\/reforma_post"}],"author":[{"embeddable":true,"href":"https:\/\/www.contabilizei.com.br\/reforma-tributaria\/wp-json\/wp\/v2\/users\/119"}],"version-history":[{"count":0,"href":"https:\/\/www.contabilizei.com.br\/reforma-tributaria\/wp-json\/wp\/v2\/reforma_post\/39316\/revisions"}],"wp:featuredmedia":[{"embeddable":true,"href":"https:\/\/www.contabilizei.com.br\/reforma-tributaria\/wp-json\/wp\/v2\/media\/36039"}],"wp:attachment":[{"href":"https:\/\/www.contabilizei.com.br\/reforma-tributaria\/wp-json\/wp\/v2\/media?parent=39316"}],"wp:term":[{"taxonomy":"reforma_post_category","embeddable":true,"href":"https:\/\/www.contabilizei.com.br\/reforma-tributaria\/wp-json\/wp\/v2\/reforma_post_category?post=39316"},{"taxonomy":"reforma_post_trail","embeddable":true,"href":"https:\/\/www.contabilizei.com.br\/reforma-tributaria\/wp-json\/wp\/v2\/reforma_post_trail?post=39316"}],"curies":[{"name":"wp","href":"https:\/\/api.w.org\/{rel}","templated":true}]}}