{"id":39311,"date":"2025-06-25T11:53:33","date_gmt":"2025-06-25T14:53:33","guid":{"rendered":"https:\/\/www.contabilizei.com.br\/contabilidade-online\/?post_type=reforma_post&#038;p=39311"},"modified":"2025-07-18T16:17:43","modified_gmt":"2025-07-18T19:17:43","slug":"contabilizei-simplifica-para-pequenos-negocios-reforma-tributaria","status":"publish","type":"reforma_post","link":"https:\/\/www.contabilizei.com.br\/reforma-tributaria\/artigo\/contabilizei-simplifica-para-pequenos-negocios-reforma-tributaria\/","title":{"rendered":"Contabilizei Simplifica para pequenos Neg\u00f3cios: Reforma Tribut\u00e1ria"},"content":{"rendered":"\n<p>Para discutir os impactos da Nova Reforma Tribut\u00e1ria, o \u201c<strong>Contabilizei Simplifica para pequenos neg\u00f3cios<\/strong>\u201d estreia com convidados de peso para discutir e simplificar o entendimento dos impactos da Reforma e preparar o futuro dos micro e pequenos empreendedores. Acompanhe esse conte\u00fado in\u00e9dito e saiba quais das mudan\u00e7as previstas at\u00e9 agora poder\u00e3o afetar direta ou indiretamente a din\u00e2mica da sua empresa. <\/p>\n\n\n\n<p>Capitula\u00e7\u00e3o:<\/p>\n\n\n\n<ul class=\"wp-block-list\">\n<li>O que \u00e9 preciso saber sobre a Reforma Tribut\u00e1ria<\/li>\n\n\n\n<li>Como a Reforma Tribut\u00e1ria afetar\u00e1 o pequeno prestador de servi\u00e7o do Simples Nacional <\/li>\n\n\n\n<li>O que muda na cobran\u00e7a de impostos dentro da Reforma Tribut\u00e1ria <\/li>\n\n\n\n<li>As novidade dos cr\u00e9ditos tribut\u00e1rios Explicando split payment e seus impactos <\/li>\n\n\n\n<li>Os impactos da Reforma Tribut\u00e1ria no Lucro Presumido <\/li>\n\n\n\n<li>Como se preparar para as mudan\u00e7as que vem a\u00ed<\/li>\n<\/ul>\n\n\n\n<figure class=\"wp-block-embed is-type-video is-provider-youtube wp-block-embed-youtube wp-embed-aspect-16-9 wp-has-aspect-ratio\"><div class=\"wp-block-embed__wrapper\">\n<iframe loading=\"lazy\" title=\"\ud83d\udd34 AO VIVO | Contabilizei Simplifica para pequenos Neg\u00f3cios: Reforma Tribut\u00e1ria\" width=\"640\" height=\"360\" src=\"https:\/\/www.youtube.com\/embed\/xv9IbX9MukY?feature=oembed\" frameborder=\"0\" allow=\"accelerometer; autoplay; clipboard-write; encrypted-media; gyroscope; picture-in-picture; web-share\" referrerpolicy=\"strict-origin-when-cross-origin\" allowfullscreen><\/iframe>\n<\/div><\/figure>\n","protected":false},"excerpt":{"rendered":"<p>Para discutir os impactos da Nova Reforma Tribut\u00e1ria, o \u201cContabilizei Simplifica para pequenos neg\u00f3cios\u201d estreia com convidados de peso para&#8230;<\/p>\n","protected":false},"author":119,"featured_media":39472,"template":"","reforma_post_category":[356],"reforma_post_trail":[367],"class_list":{"0":"post-39311","1":"reforma_post","2":"type-reforma_post","3":"status-publish","4":"has-post-thumbnail","6":"reforma_post_category-videos","7":"reforma_post_trail-lives-contabilizei-simplifica-para-pequenos-negocios"},"yoast_head":"<!-- This site is optimized with the Yoast SEO plugin v27.5 - https:\/\/yoast.com\/product\/yoast-seo-wordpress\/ -->\n<title>Contabilizei Simplifica para pequenos Neg\u00f3cios: Reforma Tribut\u00e1ria | Blog da Contabilizei<\/title>\n<meta name=\"description\" content=\"Entenda o que \u00e9 preciso saber sobre a Reforma Tribut\u00e1ria e como ela vai afetar o pequeno prestador de servi\u00e7o do Simples Nacional e como se preparar para as mudan\u00e7as que vem a\u00ed.\" \/>\n<meta name=\"robots\" content=\"index, follow\" \/>\n<link rel=\"canonical\" href=\"https:\/\/www.contabilizei.com.br\/reforma-tributaria\/artigo\/contabilizei-simplifica-para-pequenos-negocios-reforma-tributaria\/\" \/>\n<meta property=\"og:locale\" content=\"pt_BR\" \/>\n<meta property=\"og:type\" content=\"article\" \/>\n<meta property=\"og:title\" content=\"Contabilizei Simplifica para pequenos Neg\u00f3cios: Reforma Tribut\u00e1ria | Blog da Contabilizei\" \/>\n<meta property=\"og:description\" content=\"Entenda o que \u00e9 preciso saber sobre a Reforma Tribut\u00e1ria e como ela vai afetar o pequeno prestador de servi\u00e7o do Simples Nacional e como se preparar para as mudan\u00e7as que vem a\u00ed.\" \/>\n<meta property=\"og:url\" content=\"https:\/\/www.contabilizei.com.br\/reforma-tributaria\/artigo\/contabilizei-simplifica-para-pequenos-negocios-reforma-tributaria\/\" \/>\n<meta property=\"og:site_name\" content=\"Blog da Contabilizei\" \/>\n<meta property=\"article:publisher\" content=\"https:\/\/www.facebook.com\/Contabilizei\/\" \/>\n<meta property=\"article:modified_time\" content=\"2025-07-18T19:17:43+00:00\" \/>\n<meta property=\"og:image\" content=\"https:\/\/www.contabilizei.com.br\/reforma-tributaria\/wp-content\/uploads\/2025\/06\/27.jpg\" \/>\n\t<meta property=\"og:image:width\" content=\"1921\" \/>\n\t<meta property=\"og:image:height\" content=\"1081\" \/>\n\t<meta property=\"og:image:type\" content=\"image\/jpeg\" \/>\n<meta name=\"twitter:card\" content=\"summary_large_image\" \/>\n<meta name=\"twitter:site\" content=\"@contabilizei\" \/>\n<meta name=\"twitter:label1\" content=\"Est. tempo de leitura\" \/>\n\t<meta name=\"twitter:data1\" content=\"1 minuto\" \/>\n<!-- \/ Yoast SEO plugin. -->","yoast_head_json":{"title":"Contabilizei Simplifica para pequenos Neg\u00f3cios: Reforma Tribut\u00e1ria | Blog da Contabilizei","description":"Entenda o que \u00e9 preciso saber sobre a Reforma Tribut\u00e1ria e como ela vai afetar o pequeno prestador de servi\u00e7o do Simples Nacional e como se preparar para as mudan\u00e7as que vem a\u00ed.","robots":{"index":"index","follow":"follow"},"canonical":"https:\/\/www.contabilizei.com.br\/reforma-tributaria\/artigo\/contabilizei-simplifica-para-pequenos-negocios-reforma-tributaria\/","og_locale":"pt_BR","og_type":"article","og_title":"Contabilizei Simplifica para pequenos Neg\u00f3cios: Reforma Tribut\u00e1ria | Blog da Contabilizei","og_description":"Entenda o que \u00e9 preciso saber sobre a Reforma Tribut\u00e1ria e como ela vai afetar o pequeno prestador de servi\u00e7o do Simples Nacional e como se preparar para as mudan\u00e7as que vem a\u00ed.","og_url":"https:\/\/www.contabilizei.com.br\/reforma-tributaria\/artigo\/contabilizei-simplifica-para-pequenos-negocios-reforma-tributaria\/","og_site_name":"Blog da Contabilizei","article_publisher":"https:\/\/www.facebook.com\/Contabilizei\/","article_modified_time":"2025-07-18T19:17:43+00:00","og_image":[{"width":1921,"height":1081,"url":"https:\/\/www.contabilizei.com.br\/reforma-tributaria\/wp-content\/uploads\/2025\/06\/27.jpg","type":"image\/jpeg"}],"twitter_card":"summary_large_image","twitter_site":"@contabilizei","twitter_misc":{"Est. tempo de leitura":"1 minuto"},"schema":{"@context":"https:\/\/schema.org","@graph":[{"@type":"WebPage","@id":"https:\/\/www.contabilizei.com.br\/reforma-tributaria\/artigo\/contabilizei-simplifica-para-pequenos-negocios-reforma-tributaria\/","url":"https:\/\/www.contabilizei.com.br\/reforma-tributaria\/artigo\/contabilizei-simplifica-para-pequenos-negocios-reforma-tributaria\/","name":"Contabilizei Simplifica para pequenos Neg\u00f3cios: Reforma Tribut\u00e1ria | Blog da Contabilizei","isPartOf":{"@id":"https:\/\/www.contabilizei.com.br\/reforma-tributaria\/#website"},"primaryImageOfPage":{"@id":"https:\/\/www.contabilizei.com.br\/reforma-tributaria\/artigo\/contabilizei-simplifica-para-pequenos-negocios-reforma-tributaria\/#primaryimage"},"image":{"@id":"https:\/\/www.contabilizei.com.br\/reforma-tributaria\/artigo\/contabilizei-simplifica-para-pequenos-negocios-reforma-tributaria\/#primaryimage"},"thumbnailUrl":"https:\/\/www.contabilizei.com.br\/reforma-tributaria\/wp-content\/uploads\/2025\/06\/27.jpg","datePublished":"2025-06-25T14:53:33+00:00","dateModified":"2025-07-18T19:17:43+00:00","description":"Entenda o que \u00e9 preciso saber sobre a Reforma Tribut\u00e1ria e como ela vai afetar o pequeno prestador de servi\u00e7o do Simples Nacional e como se preparar para as mudan\u00e7as que vem a\u00ed.","breadcrumb":{"@id":"https:\/\/www.contabilizei.com.br\/reforma-tributaria\/artigo\/contabilizei-simplifica-para-pequenos-negocios-reforma-tributaria\/#breadcrumb"},"inLanguage":"pt-BR","potentialAction":[{"@type":"ReadAction","target":["https:\/\/www.contabilizei.com.br\/reforma-tributaria\/artigo\/contabilizei-simplifica-para-pequenos-negocios-reforma-tributaria\/"]}]},{"@type":"ImageObject","inLanguage":"pt-BR","@id":"https:\/\/www.contabilizei.com.br\/reforma-tributaria\/artigo\/contabilizei-simplifica-para-pequenos-negocios-reforma-tributaria\/#primaryimage","url":"https:\/\/www.contabilizei.com.br\/reforma-tributaria\/wp-content\/uploads\/2025\/06\/27.jpg","contentUrl":"https:\/\/www.contabilizei.com.br\/reforma-tributaria\/wp-content\/uploads\/2025\/06\/27.jpg","width":1921,"height":1081},{"@type":"BreadcrumbList","@id":"https:\/\/www.contabilizei.com.br\/reforma-tributaria\/artigo\/contabilizei-simplifica-para-pequenos-negocios-reforma-tributaria\/#breadcrumb","itemListElement":[{"@type":"ListItem","position":1,"name":"Home","item":"https:\/\/www.contabilizei.com.br\/reforma-tributaria\/"},{"@type":"ListItem","position":2,"name":"Posts - Reforma Tribut\u00e1ria","item":"https:\/\/www.contabilizei.com.br\/reforma-tributaria\/artigo\/"},{"@type":"ListItem","position":3,"name":"Contabilizei Simplifica para pequenos Neg\u00f3cios: Reforma Tribut\u00e1ria"}]},{"@type":"WebSite","@id":"https:\/\/www.contabilizei.com.br\/reforma-tributaria\/#website","url":"https:\/\/www.contabilizei.com.br\/reforma-tributaria\/","name":"Hub da Reforma tribut\u00e1ria","description":"Apoiando o empreendedorismo desde 2013","potentialAction":[{"@type":"SearchAction","target":{"@type":"EntryPoint","urlTemplate":"https:\/\/www.contabilizei.com.br\/reforma-tributaria\/?s={search_term_string}"},"query-input":{"@type":"PropertyValueSpecification","valueRequired":true,"valueName":"search_term_string"}}],"inLanguage":"pt-BR"}]}},"_links":{"self":[{"href":"https:\/\/www.contabilizei.com.br\/reforma-tributaria\/wp-json\/wp\/v2\/reforma_post\/39311","targetHints":{"allow":["GET"]}}],"collection":[{"href":"https:\/\/www.contabilizei.com.br\/reforma-tributaria\/wp-json\/wp\/v2\/reforma_post"}],"about":[{"href":"https:\/\/www.contabilizei.com.br\/reforma-tributaria\/wp-json\/wp\/v2\/types\/reforma_post"}],"author":[{"embeddable":true,"href":"https:\/\/www.contabilizei.com.br\/reforma-tributaria\/wp-json\/wp\/v2\/users\/119"}],"version-history":[{"count":0,"href":"https:\/\/www.contabilizei.com.br\/reforma-tributaria\/wp-json\/wp\/v2\/reforma_post\/39311\/revisions"}],"wp:featuredmedia":[{"embeddable":true,"href":"https:\/\/www.contabilizei.com.br\/reforma-tributaria\/wp-json\/wp\/v2\/media\/39472"}],"wp:attachment":[{"href":"https:\/\/www.contabilizei.com.br\/reforma-tributaria\/wp-json\/wp\/v2\/media?parent=39311"}],"wp:term":[{"taxonomy":"reforma_post_category","embeddable":true,"href":"https:\/\/www.contabilizei.com.br\/reforma-tributaria\/wp-json\/wp\/v2\/reforma_post_category?post=39311"},{"taxonomy":"reforma_post_trail","embeddable":true,"href":"https:\/\/www.contabilizei.com.br\/reforma-tributaria\/wp-json\/wp\/v2\/reforma_post_trail?post=39311"}],"curies":[{"name":"wp","href":"https:\/\/api.w.org\/{rel}","templated":true}]}}