{"id":39309,"date":"2025-06-25T11:14:40","date_gmt":"2025-06-25T14:14:40","guid":{"rendered":"https:\/\/www.contabilizei.com.br\/contabilidade-online\/?post_type=reforma_post&#038;p=39309"},"modified":"2026-03-25T17:27:47","modified_gmt":"2026-03-25T20:27:47","slug":"reforma-tributaria-comercio-o-que-muda","status":"publish","type":"reforma_post","link":"https:\/\/www.contabilizei.com.br\/reforma-tributaria\/artigo\/reforma-tributaria-comercio-o-que-muda\/","title":{"rendered":"Reforma tribut\u00e1ria com\u00e9rcio: o que muda?"},"content":{"rendered":"\n<p>A nova Reforma Tribut\u00e1ria no Brasil est\u00e1 trazendo grandes transforma\u00e7\u00f5es no sistema de impostos sobre o consumo, afetando diretamente o com\u00e9rcio. <\/p>\n\n\n\n<p>Essas mudan\u00e7as visam simplificar o sistema tribut\u00e1rio e eliminar a cumulatividade de tributos, mas tamb\u00e9m exigir\u00e3o que as empresas do setor se reorganizem para garantir efici\u00eancia financeira e competitividade no novo cen\u00e1rio.<\/p>\n\n\n\n<p>Diante disso, comerciantes v\u00e3o precisar adaptar suas estrat\u00e9gias de precifica\u00e7\u00e3o, gest\u00e3o de fluxo de caixa e relacionamento com fornecedores e clientes. Confira, a seguir, os principais pontos que todo empres\u00e1rio do setor comercial precisa entender para se preparar para a Reforma Tribut\u00e1ria.<\/p>\n\n\n\n<h2 class=\"wp-block-heading\" class=\"wp-block-heading\" id=\"1-simplificacao-dos-tributos\">1 . Simplifica\u00e7\u00e3o dos tributos<\/h2>\n\n\n\n<p>Os principais tributos sobre o consumo \u2014 PIS, Cofins, IPI, ICMS e ISS \u2014 ser\u00e3o substitu\u00eddos por dois novos tributos: a <a href=\"https:\/\/site-stg1.ctbz.com.br\/contabilidade-online\/cbs-imposto\/\" target=\"_blank\" rel=\"noreferrer noopener\">Contribui\u00e7\u00e3o sobre Bens e Servi\u00e7os<\/a> (CBS) e o <a href=\"https:\/\/site-stg1.ctbz.com.br\/contabilidade-online\/ibs-imposto-sobre-bens-e-servicos\/\" target=\"_blank\" rel=\"noreferrer noopener\">Imposto sobre Bens e Servi\u00e7os<\/a> (IBS). Juntos, eles comp\u00f5e o <a href=\"https:\/\/site-stg1.ctbz.com.br\/contabilidade-online\/o-que-e-iva\/\" target=\"_blank\" rel=\"noreferrer noopener\">IVA (Imposto sobre Valor Agregado<\/a>) que ter\u00e1 uma al\u00edquota unificada estimada em 28%.<\/p>\n\n\n\n<p><strong>Isso significa que as empresas de com\u00e9rcio n\u00e3o precisar\u00e3o mais monitorar al\u00edquotas de ICMS por tipo de mercadoria, localidade ou se a opera\u00e7\u00e3o \u00e9 interna ou interestadual.&nbsp;<\/strong><\/p>\n\n\n\n<p><strong>A al\u00edquota ser\u00e1 a mesma em todo o pa\u00eds<\/strong>, reduzindo a complexidade do c\u00e1lculo e da apura\u00e7\u00e3o de tributos. Al\u00e9m disso, opera\u00e7\u00f5es como <strong>substitui\u00e7\u00e3o tribut\u00e1ria e diferencial de al\u00edquotas ser\u00e3o extintas<\/strong> com a Reforma, eliminando burocracias que muitas vezes dificultavam a gest\u00e3o financeira e tribut\u00e1ria dos neg\u00f3cios.<\/p>\n\n\n\n<h2 class=\"wp-block-heading\" class=\"wp-block-heading\" id=\"2-produtos-com-aliquotas-reduzidas-ou-zeradas\">2. Produtos com al\u00edquotas reduzidas ou zeradas<\/h2>\n\n\n\n<p>A Reforma prop\u00f5e uma lista de mercadorias com al\u00edquotas reduzidas ou zeradas, garantindo&nbsp; menor carga tribut\u00e1ria ou at\u00e9 isen\u00e7\u00e3o para produtos considerados essenciais \u00e0 vida humana, como alimentos da cesta b\u00e1sica, medicamentos e dispositivos m\u00e9dicos.&nbsp;<\/p>\n\n\n\n<p>Para os comerciantes, isso representa a necessidade de acompanhar de perto quais produtos estar\u00e3o sujeitos a essas regras diferenciadas, garantindo um planejamento tribut\u00e1rio eficiente e alinhado com as novas diretrizes da Reforma.<\/p>\n\n\n\n<h2 class=\"wp-block-heading\" class=\"wp-block-heading\" id=\"3-nao-cumulatividade-do-iva\">3. N\u00e3o Cumulatividade do IVA<\/h2>\n\n\n\n<p>Uma das grandes vantagens da Reforma Tribut\u00e1ria para o com\u00e9rcio \u00e9 a n\u00e3o cumulatividade dos novos tributos, rompendo com o modelo atual em que impostos s\u00e3o cobrados em cascata ao longo da cadeia de comercializa\u00e7\u00e3o.&nbsp;<\/p>\n\n\n\n<p>Com as novas regras, <strong>as empresas poder\u00e3o utilizar 100% dos tributos pagos nas compras de insumos, estoques e servi\u00e7os para abater o valor dos impostos sobre suas vendas<\/strong>.Esse mecanismo reduz a carga tribut\u00e1ria efetiva, melhora o fluxo de caixa e torna a precifica\u00e7\u00e3o de produtos mais competitiva.<\/p>\n\n\n\n<h2 class=\"wp-block-heading\" class=\"wp-block-heading\" id=\"4-creditos-tributarios\">4. Cr\u00e9ditos tribut\u00e1rios<\/h2>\n\n\n\n<p>A forma como os cr\u00e9ditos tribut\u00e1rios ser\u00e3o gerados e aproveitados tamb\u00e9m sofrer\u00e1 altera\u00e7\u00f5es, o que pode influenciar a rentabilidade dos neg\u00f3cios.&nbsp;<\/p>\n\n\n\n<p>Cr\u00e9ditos tribut\u00e1rios s\u00e3o como &#8220;descontos&#8221; que uma empresa pode usar para reduzir o valor total de impostos que deve pagar. Quando uma empresa compra produtos ou servi\u00e7os, ela paga impostos nessas transa\u00e7\u00f5es.&nbsp;<\/p>\n\n\n\n<p>Esses impostos pagos podem ser usados para diminuir os impostos devidos sobre as vendas da empresa. Isso evita a cobran\u00e7a de imposto &#8220;sobre imposto&#8221; e torna a carga tribut\u00e1ria mais justa. Utilizar cr\u00e9ditos tribut\u00e1rios pode tornar os produtos ou servi\u00e7os da empresa mais competitivos no mercado, j\u00e1 que, com o \u201cdesconto\u201d de impostos, seu produto pode sair mais barato.&nbsp;<\/p>\n\n\n\n<p>Mas o principal ponto aqui \u00e9 que as empresas do Simples Nacional e do Lucro Real ou Presumido v\u00e3o gerar quantidades diferentes de cr\u00e9dito. Neg\u00f3cios do Simples Nacional v\u00e3o gerar bem menos que neg\u00f3cios do regime normal, o que vai impactar diretamente na competitividade.&nbsp;<\/p>\n\n\n\n<p>Entenda mais sobre essa diferen\u00e7a e como isso pode impactar seu neg\u00f3cio neste conte\u00fado exclusivo sobre <a href=\"https:\/\/site-stg1.ctbz.com.br\/contabilidade-online\/o-que-e-credito-tributario-na-reforma-tributaria-e-como-isso-afeta-o-preco-do-seu-produto\/\" target=\"_blank\" rel=\"noreferrer noopener\">cr\u00e9ditos tribut\u00e1rios<\/a>.&nbsp;<\/p>\n\n\n\n<p>E, calma, os cr\u00e9ditos tribut\u00e1rios s\u00f3 valem para quem comercializa para outras empresas. Se voc\u00ea vende para pessoas f\u00edsicas, nada deve mudar aqui.&nbsp;<\/p>\n\n\n\n<figure class=\"wp-block-image size-full\"><a href=\"https:\/\/www.contabilizei.com.br\/calculadora-reforma-tributaria\/\" target=\"_blank\" rel=\" noreferrer noopener\"><img loading=\"lazy\" decoding=\"async\" width=\"615\" height=\"300\" src=\"https:\/\/www.contabilizei.com.br\/reforma-tributaria\/wp-content\/uploads\/2025\/06\/KV-2-Copy-2-7.webp\" alt=\"\" class=\"wp-image-40327\" srcset=\"https:\/\/www.contabilizei.com.br\/reforma-tributaria\/wp-content\/uploads\/2025\/06\/KV-2-Copy-2-7.webp 615w, https:\/\/www.contabilizei.com.br\/reforma-tributaria\/wp-content\/uploads\/2025\/06\/KV-2-Copy-2-7-300x146.webp 300w\" sizes=\"auto, (max-width: 615px) 100vw, 615px\" \/><\/a><\/figure>\n\n\n\n<h2 class=\"wp-block-heading\" class=\"wp-block-heading\" id=\"5-split-payment\">5. Split payment<\/h2>\n\n\n\n<p>Al\u00e9m disso, a Reforma introduz o split payment, um novo mecanismo de pagamento fracionado no qual <strong>os tributos s\u00e3o automaticamente recolhidos no momento da transa\u00e7\u00e3o <\/strong>e repassados diretamente ao governo.&nbsp;<\/p>\n\n\n\n<p>Esse novo modelo vai exigir um controle financeiro mais rigoroso, pois o imposto ser\u00e1 descontado antes mesmo de o valor da venda chegar ao caixa da empresa, impactando diretamente a gest\u00e3o de fluxo de caixa e capital de giro.&nbsp;<\/p>\n\n\n\n<p>Apesar de a Reforma j\u00e1 estar regulamentada e contar com um cronograma de transi\u00e7\u00e3o, a implementa\u00e7\u00e3o do split payment ainda est\u00e1 em fase de desenvolvimento.&nbsp;<\/p>\n\n\n\n<p>O governo prev\u00ea um per\u00edodo de testes para avaliar a viabilidade do sistema e identificar poss\u00edveis ajustes antes da ado\u00e7\u00e3o definitiva. Por conta disso, ainda n\u00e3o h\u00e1 uma data definida para sua obrigatoriedade, o que significa que as empresas precisar\u00e3o acompanhar de perto as regulamenta\u00e7\u00f5es futuras.<\/p>\n\n\n\n<figure class=\"wp-block-embed is-type-video is-provider-youtube wp-block-embed-youtube wp-embed-aspect-16-9 wp-has-aspect-ratio\"><div class=\"wp-block-embed__wrapper\">\n<iframe loading=\"lazy\" title=\"Como a Reforma Tribut\u00e1ria vai mudar a vida das micro e pequenas empresas?\" width=\"640\" height=\"360\" src=\"https:\/\/www.youtube.com\/embed\/uRqwfNMpgY4?feature=oembed\" frameborder=\"0\" allow=\"accelerometer; autoplay; clipboard-write; encrypted-media; gyroscope; picture-in-picture; web-share\" referrerpolicy=\"strict-origin-when-cross-origin\" allowfullscreen><\/iframe>\n<\/div><\/figure>\n\n\n\n<h2 class=\"wp-block-heading\" class=\"wp-block-heading\" id=\"6-simples-nacional-quais-os-possiveis-impactos\">6. Simples Nacional: quais os poss\u00edveis impactos?<\/h2>\n\n\n\n<p>Para empresas optantes pelo Simples Nacional, <strong>a carga tribut\u00e1ria permanecer\u00e1 inalterada, sem mudan\u00e7as nas al\u00edquotas atuais<\/strong>, independente da atividade da empresa. Entretanto, h\u00e1 impactos indiretos e novidades que influenciam diretamente no caixa da empresa e na forma de pagamento de impostos.<\/p>\n\n\n\n<p>O primeiro ponto a considerar \u00e9 que, agora, uma empresa do Simples Nacional vai poder optar por pagar os impostos sobre consumo (IBS e CBS) por fora da <a href=\"https:\/\/site-stg1.ctbz.com.br\/contabilidade-online\/das-documento-arrecadacao-simples-nacional\/\" target=\"_blank\" rel=\"noreferrer noopener\">DAS<\/a>, a guia de recolhimento de impostos do Simples Nacional.&nbsp;<\/p>\n\n\n\n<p>Isso porque, desta forma, seria poss\u00edvel gerar os cr\u00e9ditos tribut\u00e1rios de forma integral e se manter competitivo frente aos seus clientes PJs, al\u00e9m de tamb\u00e9m poder aproveitar cr\u00e9ditos tribut\u00e1rios em rela\u00e7\u00e3o aos tributos pagos sobre suas compras e servi\u00e7os contratados.&nbsp;<\/p>\n\n\n\n<p>Mas, o cuidado \u00e9 que para isso, <strong>h\u00e1 o aumento da carga tribut\u00e1ria e sua empresa vai pagar o valor da al\u00edquota cheia do novo imposto<\/strong>, assim como as empresas do Lucro Real, e abrindo m\u00e3o da al\u00edquota beneficiada do Simples. Por isso, deve-se tomar esta decis\u00e3o consultando seu contador e avaliando o impacto direto no caixa.&nbsp;<\/p>\n\n\n\n<p>A op\u00e7\u00e3o por esse regime vai se dar de forma semestral, em janeiro e julho, com ades\u00e3o respectivamente nos meses de setembro e abril.&nbsp;<\/p>\n\n\n\n<p>Em termos gerais,<strong> para quem presta servi\u00e7os predominantemente para pessoas f\u00edsicas, o Simples Nacional Regular pode ser ainda o mais indicado<\/strong>, j\u00e1 que a carga tribut\u00e1ria permanece inalterada e pessoas f\u00edsicas n\u00e3o se beneficiam de cr\u00e9ditos tribut\u00e1rios.<\/p>\n\n\n\n<p>Por outro lado, <strong>para quem atende majoritariamente pessoas jur\u00eddicas, a an\u00e1lise e tomada de decis\u00e3o \u00e9 mais complexa<\/strong>. As empresas que recolher\u00e3o o IVA com al\u00edquota padr\u00e3o, por fora da guia DAS ou pelos regimes normais de tributa\u00e7\u00e3o, v\u00e3o ofertar mais cr\u00e9ditos tribut\u00e1rios comparados ao Simples Nacional que possuem al\u00edquota beneficiadas, mas tamb\u00e9m pagar\u00e3o mais impostos no fim do dia, o que pode colocar em risco a sa\u00fade financeira da empresa.&nbsp;<\/p>\n\n\n\n<p>Por isso, <strong>\u00e9 essencial avaliar esses impactos&nbsp; e detalhar as oportunidades em cada caso com o apoio de um contador<\/strong>. Ele pode oferecer uma an\u00e1lise personalizada e ajudar a definir o regime mais adequado, considerando tanto os objetivos financeiros quanto o perfil da clientela e as oportunidades estrat\u00e9gicas dispon\u00edveis. Al\u00e9m de demais estrat\u00e9gias, como recomposi\u00e7\u00e3o de pre\u00e7o e negocia\u00e7\u00e3o.&nbsp;<\/p>\n\n\n\n<h2 class=\"wp-block-heading\" class=\"wp-block-heading\" id=\"conte-com-a-contabilizei\">Conte com a Contabilizei<\/h2>\n\n\n\n<p>A Reforma Tribut\u00e1ria trar\u00e1 mudan\u00e7as profundas para o com\u00e9rcio, com desafios e oportunidades igualmente significativas. Na <a href=\"https:\/\/www.contabilizei.com.br\/\" target=\"_blank\" rel=\"noreferrer noopener\">Contabilizei<\/a>, estamos dedicados a acompanhar de perto todas as atualiza\u00e7\u00f5es, visando simplificar ainda mais o cotidiano dos empreendedores do setor comercial. <\/p>\n\n\n\n<p>Oferecemos suporte abrangente e buscamos as solu\u00e7\u00f5es tribut\u00e1rias mais vantajosas para cada cliente. Estamos aqui para auxiliar os comerciantes a enfrentarem este novo panorama tribut\u00e1rio com confian\u00e7a e seguran\u00e7a<\/p>\n","protected":false},"excerpt":{"rendered":"<p>A nova Reforma Tribut\u00e1ria no Brasil est\u00e1 trazendo grandes transforma\u00e7\u00f5es no sistema de impostos sobre o consumo, afetando diretamente o&#8230;<\/p>\n","protected":false},"author":88,"featured_media":35901,"template":"","reforma_post_category":[354],"reforma_post_trail":[366],"class_list":{"0":"post-39309","1":"reforma_post","2":"type-reforma_post","3":"status-publish","4":"has-post-thumbnail","6":"reforma_post_category-profissoes","7":"reforma_post_trail-aprofunde-cenarios-da-sua-profissao"},"yoast_head":"<!-- This site is optimized with the Yoast SEO plugin v27.5 - https:\/\/yoast.com\/product\/yoast-seo-wordpress\/ -->\n<title>Reforma tribut\u00e1ria com\u00e9rcio: o que muda? | Blog da Contabilizei<\/title>\n<meta name=\"description\" content=\"Entenda como vai funcionar a Reforma tribut\u00e1ria para o com\u00e9rcio aprovada em 2023 e prepare seu CNPJ para as mudan\u00e7as.\" \/>\n<meta name=\"robots\" content=\"index, follow\" \/>\n<link rel=\"canonical\" href=\"https:\/\/www.contabilizei.com.br\/reforma-tributaria\/artigo\/reforma-tributaria-comercio-o-que-muda\/\" \/>\n<meta property=\"og:locale\" content=\"pt_BR\" \/>\n<meta property=\"og:type\" content=\"article\" \/>\n<meta property=\"og:title\" content=\"Reforma tribut\u00e1ria com\u00e9rcio: o que muda? | Blog da Contabilizei\" \/>\n<meta property=\"og:description\" content=\"Entenda como vai funcionar a Reforma tribut\u00e1ria para o com\u00e9rcio aprovada em 2023 e prepare seu CNPJ para as mudan\u00e7as.\" \/>\n<meta property=\"og:url\" content=\"https:\/\/www.contabilizei.com.br\/reforma-tributaria\/artigo\/reforma-tributaria-comercio-o-que-muda\/\" \/>\n<meta property=\"og:site_name\" content=\"Blog da Contabilizei\" \/>\n<meta property=\"article:publisher\" content=\"https:\/\/www.facebook.com\/Contabilizei\/\" \/>\n<meta property=\"article:modified_time\" content=\"2026-03-25T20:27:47+00:00\" \/>\n<meta property=\"og:image\" content=\"https:\/\/www.contabilizei.com.br\/reforma-tributaria\/wp-content\/uploads\/2023\/11\/ISS-retido-pelo-tomador_-o-que-e-e-como-pagar.png\" \/>\n\t<meta property=\"og:image:width\" content=\"1270\" \/>\n\t<meta property=\"og:image:height\" content=\"720\" \/>\n\t<meta property=\"og:image:type\" content=\"image\/png\" \/>\n<meta name=\"twitter:card\" content=\"summary_large_image\" \/>\n<meta name=\"twitter:site\" content=\"@contabilizei\" \/>\n<meta name=\"twitter:label1\" content=\"Est. tempo de leitura\" \/>\n\t<meta name=\"twitter:data1\" content=\"7 minutos\" \/>\n<!-- \/ Yoast SEO plugin. -->","yoast_head_json":{"title":"Reforma tribut\u00e1ria com\u00e9rcio: o que muda? | Blog da Contabilizei","description":"Entenda como vai funcionar a Reforma tribut\u00e1ria para o com\u00e9rcio aprovada em 2023 e prepare seu CNPJ para as mudan\u00e7as.","robots":{"index":"index","follow":"follow"},"canonical":"https:\/\/www.contabilizei.com.br\/reforma-tributaria\/artigo\/reforma-tributaria-comercio-o-que-muda\/","og_locale":"pt_BR","og_type":"article","og_title":"Reforma tribut\u00e1ria com\u00e9rcio: o que muda? | Blog da Contabilizei","og_description":"Entenda como vai funcionar a Reforma tribut\u00e1ria para o com\u00e9rcio aprovada em 2023 e prepare seu CNPJ para as mudan\u00e7as.","og_url":"https:\/\/www.contabilizei.com.br\/reforma-tributaria\/artigo\/reforma-tributaria-comercio-o-que-muda\/","og_site_name":"Blog da Contabilizei","article_publisher":"https:\/\/www.facebook.com\/Contabilizei\/","article_modified_time":"2026-03-25T20:27:47+00:00","og_image":[{"width":1270,"height":720,"url":"https:\/\/www.contabilizei.com.br\/reforma-tributaria\/wp-content\/uploads\/2023\/11\/ISS-retido-pelo-tomador_-o-que-e-e-como-pagar.png","type":"image\/png"}],"twitter_card":"summary_large_image","twitter_site":"@contabilizei","twitter_misc":{"Est. tempo de leitura":"7 minutos"},"schema":{"@context":"https:\/\/schema.org","@graph":[{"@type":"WebPage","@id":"https:\/\/www.contabilizei.com.br\/reforma-tributaria\/artigo\/reforma-tributaria-comercio-o-que-muda\/","url":"https:\/\/www.contabilizei.com.br\/reforma-tributaria\/artigo\/reforma-tributaria-comercio-o-que-muda\/","name":"Reforma tribut\u00e1ria com\u00e9rcio: o que muda? | Blog da Contabilizei","isPartOf":{"@id":"https:\/\/www.contabilizei.com.br\/reforma-tributaria\/#website"},"primaryImageOfPage":{"@id":"https:\/\/www.contabilizei.com.br\/reforma-tributaria\/artigo\/reforma-tributaria-comercio-o-que-muda\/#primaryimage"},"image":{"@id":"https:\/\/www.contabilizei.com.br\/reforma-tributaria\/artigo\/reforma-tributaria-comercio-o-que-muda\/#primaryimage"},"thumbnailUrl":"https:\/\/www.contabilizei.com.br\/reforma-tributaria\/wp-content\/uploads\/2023\/11\/ISS-retido-pelo-tomador_-o-que-e-e-como-pagar.png","datePublished":"2025-06-25T14:14:40+00:00","dateModified":"2026-03-25T20:27:47+00:00","description":"Entenda como vai funcionar a Reforma tribut\u00e1ria para o com\u00e9rcio aprovada em 2023 e prepare seu CNPJ para as mudan\u00e7as.","breadcrumb":{"@id":"https:\/\/www.contabilizei.com.br\/reforma-tributaria\/artigo\/reforma-tributaria-comercio-o-que-muda\/#breadcrumb"},"inLanguage":"pt-BR","potentialAction":[{"@type":"ReadAction","target":["https:\/\/www.contabilizei.com.br\/reforma-tributaria\/artigo\/reforma-tributaria-comercio-o-que-muda\/"]}]},{"@type":"ImageObject","inLanguage":"pt-BR","@id":"https:\/\/www.contabilizei.com.br\/reforma-tributaria\/artigo\/reforma-tributaria-comercio-o-que-muda\/#primaryimage","url":"https:\/\/www.contabilizei.com.br\/reforma-tributaria\/wp-content\/uploads\/2023\/11\/ISS-retido-pelo-tomador_-o-que-e-e-como-pagar.png","contentUrl":"https:\/\/www.contabilizei.com.br\/reforma-tributaria\/wp-content\/uploads\/2023\/11\/ISS-retido-pelo-tomador_-o-que-e-e-como-pagar.png","width":1270,"height":720},{"@type":"BreadcrumbList","@id":"https:\/\/www.contabilizei.com.br\/reforma-tributaria\/artigo\/reforma-tributaria-comercio-o-que-muda\/#breadcrumb","itemListElement":[{"@type":"ListItem","position":1,"name":"Home","item":"https:\/\/www.contabilizei.com.br\/reforma-tributaria\/"},{"@type":"ListItem","position":2,"name":"Posts - Reforma Tribut\u00e1ria","item":"https:\/\/www.contabilizei.com.br\/reforma-tributaria\/artigo\/"},{"@type":"ListItem","position":3,"name":"Reforma tribut\u00e1ria com\u00e9rcio: o que muda?"}]},{"@type":"WebSite","@id":"https:\/\/www.contabilizei.com.br\/reforma-tributaria\/#website","url":"https:\/\/www.contabilizei.com.br\/reforma-tributaria\/","name":"Hub da Reforma tribut\u00e1ria","description":"Apoiando o empreendedorismo desde 2013","potentialAction":[{"@type":"SearchAction","target":{"@type":"EntryPoint","urlTemplate":"https:\/\/www.contabilizei.com.br\/reforma-tributaria\/?s={search_term_string}"},"query-input":{"@type":"PropertyValueSpecification","valueRequired":true,"valueName":"search_term_string"}}],"inLanguage":"pt-BR"}]}},"_links":{"self":[{"href":"https:\/\/www.contabilizei.com.br\/reforma-tributaria\/wp-json\/wp\/v2\/reforma_post\/39309","targetHints":{"allow":["GET"]}}],"collection":[{"href":"https:\/\/www.contabilizei.com.br\/reforma-tributaria\/wp-json\/wp\/v2\/reforma_post"}],"about":[{"href":"https:\/\/www.contabilizei.com.br\/reforma-tributaria\/wp-json\/wp\/v2\/types\/reforma_post"}],"author":[{"embeddable":true,"href":"https:\/\/www.contabilizei.com.br\/reforma-tributaria\/wp-json\/wp\/v2\/users\/88"}],"version-history":[{"count":3,"href":"https:\/\/www.contabilizei.com.br\/reforma-tributaria\/wp-json\/wp\/v2\/reforma_post\/39309\/revisions"}],"predecessor-version":[{"id":40389,"href":"https:\/\/www.contabilizei.com.br\/reforma-tributaria\/wp-json\/wp\/v2\/reforma_post\/39309\/revisions\/40389"}],"wp:featuredmedia":[{"embeddable":true,"href":"https:\/\/www.contabilizei.com.br\/reforma-tributaria\/wp-json\/wp\/v2\/media\/35901"}],"wp:attachment":[{"href":"https:\/\/www.contabilizei.com.br\/reforma-tributaria\/wp-json\/wp\/v2\/media?parent=39309"}],"wp:term":[{"taxonomy":"reforma_post_category","embeddable":true,"href":"https:\/\/www.contabilizei.com.br\/reforma-tributaria\/wp-json\/wp\/v2\/reforma_post_category?post=39309"},{"taxonomy":"reforma_post_trail","embeddable":true,"href":"https:\/\/www.contabilizei.com.br\/reforma-tributaria\/wp-json\/wp\/v2\/reforma_post_trail?post=39309"}],"curies":[{"name":"wp","href":"https:\/\/api.w.org\/{rel}","templated":true}]}}