{"id":39308,"date":"2025-06-25T11:06:44","date_gmt":"2025-06-25T14:06:44","guid":{"rendered":"https:\/\/www.contabilizei.com.br\/contabilidade-online\/?post_type=reforma_post&#038;p=39308"},"modified":"2026-03-25T17:26:34","modified_gmt":"2026-03-25T20:26:34","slug":"reforma-tributaria-para-advogado-o-que-muda","status":"publish","type":"reforma_post","link":"https:\/\/www.contabilizei.com.br\/reforma-tributaria\/artigo\/reforma-tributaria-para-advogado-o-que-muda\/","title":{"rendered":"Reforma tribut\u00e1ria para advogado: o que muda?"},"content":{"rendered":"\n<p>A Reforma Tribut\u00e1ria brasileira trar\u00e1 significativas mudan\u00e7as de tributa\u00e7\u00e3o nacional, inclusive para advogados. Para as atividades desenvolvidas por profissionais liberais, ficou estabelecida uma al\u00edquota reduzida em rela\u00e7\u00e3o \u00e0 al\u00edquota geral proposta pela Reforma Tribut\u00e1ria.&nbsp;<\/p>\n\n\n\n<p>Mesmo com essa vantagem tribut\u00e1ria, cada empresa ainda precisa avaliar seu cen\u00e1rio com aten\u00e7\u00e3o, identificando desafios, oportunidades e exigindo adapta\u00e7\u00e3o precisa e estrat\u00e9gica.&nbsp;<\/p>\n\n\n\n<p>Compreenda os principais pontos e prepare-se para a Reforma:<\/p>\n\n\n\n<h2 class=\"wp-block-heading\" class=\"wp-block-heading\" id=\"1-simplificacao-tributaria\">1. Simplifica\u00e7\u00e3o Tribut\u00e1ria<\/h2>\n\n\n\n<ol class=\"wp-block-list\">\n<li><\/li>\n<\/ol>\n\n\n\n<p>Os tributos PIS, Cofins, IPI, ICMS e ISS ser\u00e3o substitu\u00eddos por dois novos tributos, o Imposto sobre Bens e Servi\u00e7os (IBS) e a Contribui\u00e7\u00e3o sobre Bens e Servi\u00e7os (CBS). O CBS e IBS, por sua vez, comp\u00f5e&nbsp; o<a href=\"https:\/\/site-stg1.ctbz.com.br\/contabilidade-online\/o-que-e-iva\/\" target=\"_blank\" rel=\"noreferrer noopener\"> IVA (Imposto sobre Valor Agregado)<\/a> que vai ter uma al\u00edquota unificada.&nbsp;<\/p>\n\n\n\n<p>Com a utiliza\u00e7\u00e3o do IVA, a Reforma tamb\u00e9m&nbsp; traz a possibilidade de aproveitar os impostos pagos sobre compras de bens e servi\u00e7os contratados, como <a href=\"https:\/\/site-stg1.ctbz.com.br\/contabilidade-online\/o-que-e-credito-tributario-na-reforma-tributaria-e-como-isso-afeta-o-preco-do-seu-produto\/\" target=\"_blank\" rel=\"noreferrer noopener\">cr\u00e9dito tribut\u00e1rio<\/a> para abater o valor do imposto final a pagar sobre o faturamento da empresa, rompendo com a cumulatividade de impostos atual.&nbsp;<\/p>\n\n\n\n<h2 class=\"wp-block-heading\" class=\"wp-block-heading\" id=\"2-mudanca-no-valor-da-carga-tributaria\">2. Mudan\u00e7a no valor da carga tribut\u00e1ria<\/h2>\n\n\n\n<ol start=\"2\" class=\"wp-block-list\">\n<li><\/li>\n<\/ol>\n\n\n\n<p>Empresas do setor de servi\u00e7os enquadradas no regime do Lucro Presumido e Lucro Real podem enfrentar um aumento na carga tribut\u00e1ria. Ap\u00f3s a san\u00e7\u00e3o da lei, a estimativa do governo para a&nbsp; <strong>nova al\u00edquota unificada de impostos \u00e9 de 28%<\/strong>.&nbsp;<\/p>\n\n\n\n<p>A Reforma Tribut\u00e1ria prev\u00ea algumas redu\u00e7\u00f5es sobre a al\u00edquota padr\u00e3o, o que varia de acordo com profiss\u00f5es espec\u00edficas e classificadas entre grupos de desconto de 30%, 60% e profiss\u00f5es que ficar\u00e3o com a al\u00edquota cheia.&nbsp; <strong>Assim, os servi\u00e7os prestados por advogados ter\u00e3o uma redu\u00e7\u00e3o de 30% sobre a al\u00edquota padr\u00e3o do novo imposto. Isso significa que a al\u00edquota do IVA&nbsp; para a advocacia ser\u00e1 de 19,6%.<\/strong><\/p>\n\n\n\n<p>J\u00e1 <strong>para as empresas enquadradas no Simples Nacional, as al\u00edquotas e o processo de apura\u00e7\u00e3o de impostos permanecer\u00e3o inalterados.<\/strong> Ou seja, continua igual, sem aumento na carga de tributos, independente da atividade da empresa.<\/p>\n\n\n\n<h2 class=\"wp-block-heading\" class=\"wp-block-heading\" id=\"3-creditos-tributarios\">3. Cr\u00e9ditos tribut\u00e1rios<\/h2>\n\n\n\n<ol start=\"3\" class=\"wp-block-list\">\n<li><\/li>\n<\/ol>\n\n\n\n<p>Pense neles como <strong>&#8220;descontos&#8221; nos seus impostos<\/strong>. Quando um advogado compra materiais de escrit\u00f3rio ou aluga um espa\u00e7o, ele paga impostos sobre essas transa\u00e7\u00f5es. Com cr\u00e9ditos tribut\u00e1rios, \u00e9 poss\u00edvel usar esses valores pagos para diminuir o total de impostos a pagar sobre seus servi\u00e7os.<\/p>\n\n\n\n<p>Se voc\u00ea paga impostos ao contratar servi\u00e7os ou comprar equipamentos para o escrit\u00f3rio, pode descontar esse valor do imposto que deve pagar sobre os honor\u00e1rios recebidos. Isso evita que se pague imposto &#8220;em cima de imposto&#8221;.<\/p>\n\n\n\n<p>Para advogados no Simples, as al\u00edquotas permanecem as mesmas, sem a possibilidade de utiliza\u00e7\u00e3o desses cr\u00e9ditos para reduzir os impostos a pagar. Isso pode afetar a competitividade, pois advogados em outros regimes podem oferecer servi\u00e7os mais baratos devido a esses &#8220;descontos&#8221;.<\/p>\n\n\n\n<p>J\u00e1 para advogados fora do Simples Nacional, o uso de cr\u00e9ditos tribut\u00e1rios representa uma vantagem para diminuir custos. Aqueles no Simples devem avaliar como essas mudan\u00e7as afetam sua pr\u00e1tica, especialmente se seus clientes podem se beneficiar desses cr\u00e9ditos.<\/p>\n\n\n\n<p>Vamos entender mais abaixo.&nbsp;<\/p>\n\n\n\n<h2 class=\"wp-block-heading\" class=\"wp-block-heading\" id=\"quanto-um-advogado-vai-pagar-de-impostos\">Quanto um advogado vai pagar de impostos?<\/h2>\n\n\n\n<p>Vamos considerar uma empresa de advocacia com faturamento m\u00e9dio mensal de R$ 15.000,00, optante pelos sistema regular do Simples Nacional e com a maioria de seus clientes sendo outras Pessoas Jur\u00eddicas:<\/p>\n\n\n\n<h3 class=\"wp-block-heading\">Cen\u00e1rio A: Simples Nacional Regular<\/h3>\n\n\n\n<p>Assim, podemos considerar a soma total de impostos em R$ 675,00, referente ao valor da <a href=\"https:\/\/site-stg1.ctbz.com.br\/contabilidade-online\/das-documento-arrecadacao-simples-nacional\/\">DAS<\/a>, a guia simplificada de impostos do Simples. Neste caso, o lucro l\u00edquido \u00e9 de R$ 14.325,00, ap\u00f3s o desconto da DAS.&nbsp;<\/p>\n\n\n\n<p>Neste cen\u00e1rio, as empresas nesse regime podem conceder R$ 1.387,50 em cr\u00e9ditos tribut\u00e1rios a clientes do Lucro Real. Entretanto, com a unifica\u00e7\u00e3o da tributa\u00e7\u00e3o proposta na Reforma, esse valor ser\u00e1 reduzido para R$ 445,50, que corresponde a participa\u00e7\u00e3o do IBS e CBS na DAS, diminuindo o benef\u00edcio para esses clientes.<\/p>\n\n\n\n<p>Ou seja, a gera\u00e7\u00e3o de cr\u00e9ditos tribut\u00e1rios vai acontecer conforme o valor pago sobre os novos tributos. <strong>Como o Simples Nacional ir\u00e1 manter a sua carga tribut\u00e1ria com al\u00edquotas reduzidas em rela\u00e7\u00e3o a outros regimes, o cr\u00e9dito tribut\u00e1rio gerado ser\u00e1 meno<\/strong>r, comparado ao cen\u00e1rio atual explicado no par\u00e1grafo anterior. Veja abaixo o resumo de como fica o Simples Nacional, neste cen\u00e1rio, no quadro comparativo:<\/p>\n\n\n\n<figure class=\"wp-block-table\"><table><tbody><tr><td><strong>Faturamento<\/strong><\/td><td>R$ 15.000,0<\/td><\/tr><tr><td><strong>Valor em impostos no SN<\/strong><\/td><td>R$ 675,00&nbsp;<\/td><\/tr><tr><td><strong>Lucro l\u00edquido<\/strong><\/td><td>R$ 14325,00<\/td><\/tr><tr><td><strong>Gera\u00e7\u00e3o de cr\u00e9ditos para o tomador do servi\u00e7o<\/strong><\/td><td>R$ 445,50<\/td><\/tr><\/tbody><\/table><\/figure>\n\n\n\n<h3 class=\"wp-block-heading\">Cen\u00e1rio B: Simples Nacional H\u00edbrido<\/h3>\n\n\n\n<p>A Reforma Tribut\u00e1ria tamb\u00e9m introduziu o Simples Nacional H\u00edbrido como uma nova op\u00e7\u00e3o para empresas desse regime que desejam gerar cr\u00e9ditos tribut\u00e1rios para seus clientes.&nbsp;<\/p>\n\n\n\n<p>Neste regime, a empresa do Simples Nacional pode optar por pagar os impostos sobre consumo (IBS e CBS) por fora da<a href=\"https:\/\/site-stg1.ctbz.com.br\/contabilidade-online\/das-documento-arrecadacao-simples-nacional\/\"> DAS<\/a>.<\/p>\n\n\n\n<p>Isso porque, desta forma, seria poss\u00edvel gerar os cr\u00e9ditos tribut\u00e1rios de forma integral e se manter competitivo frente aos seus clientes PJs, al\u00e9m de tamb\u00e9m poder aproveitar cr\u00e9ditos tribut\u00e1rios em rela\u00e7\u00e3o aos tributos pagos sobre suas compras e servi\u00e7os contratados.&nbsp;<\/p>\n\n\n\n<p>Vale lembrar que pessoas f\u00edsicas n\u00e3o utilizam cr\u00e9ditos tribut\u00e1rios ent\u00e3o,<strong> se voc\u00ea atende majoritariamente pessoas f\u00edsicas, n\u00e3o precisa se preocupar<\/strong>.&nbsp;<\/p>\n\n\n\n<p>Mas, aqui, o cuidado \u00e9 que para isso, <strong>h\u00e1 o aumento da carga tribut\u00e1ria e sua empresa vai pagar o valor da al\u00edquota cheia<\/strong>, assim como as empresas do Lucro Real. Por isso, deve-se tomar esta decis\u00e3o consultando seu contador e avaliando o impacto direto no caixa.&nbsp;<\/p>\n\n\n\n<p>A op\u00e7\u00e3o por esse regime vai se dar de forma semestral, em janeiro e julho, com ades\u00e3o respectivamente nos meses de setembro e abril.&nbsp;<\/p>\n\n\n\n<p>Vamos ao exemplo.&nbsp;<\/p>\n\n\n\n<p>Com o mesmo faturamento de R$ 15.000,00, os impostos sobem para R$ 3.172,88, reduzindo o lucro l\u00edquido para R$ 11.827,13. Nesse cen\u00e1rio, os cr\u00e9ditos tribut\u00e1rios referente ao IBS e CBS recolhidos por fora, ficam em R$ 2.940,00. Vale lembrar que a empresa pode abater cr\u00e9ditos de IVA sobre compras, minimizando parte do impacto tribut\u00e1rio.&nbsp;<\/p>\n\n\n\n<p>Aqui, um ponto importante \u00e9 entender o impacto direto no lucro da empresa, dado o aumento da carga tribut\u00e1ria. Por isso, conte com o apoio do seu contador nessa tomada de decis\u00e3o.&nbsp;<\/p>\n\n\n\n<figure class=\"wp-block-table\"><table><tbody><tr><td><strong>Faturamento<\/strong><\/td><td>R$ 15.000,0<\/td><\/tr><tr><td><strong>Valor em impostos no SN H\u00edbrido<\/strong><\/td><td>R$ 3.172,88<\/td><\/tr><tr><td><strong>Lucro l\u00edquido<\/strong><\/td><td>R$ 11.827,13<\/td><\/tr><tr><td><strong>Gera\u00e7\u00e3o de cr\u00e9ditos para o tomador do servi\u00e7o<\/strong><\/td><td>R$ 2.940,00<\/td><\/tr><\/tbody><\/table><\/figure>\n\n\n\n<h3 class=\"wp-block-heading\">Cen\u00e1rio C: Lucro Presumido<\/h3>\n\n\n\n<p>J\u00e1 considerando o cen\u00e1rio do<a href=\"https:\/\/site-stg1.ctbz.com.br\/contabilidade-online\/lucro-presumido\/\"> Lucro Presumido<\/a> como uma possibilidade, os impostos totais somam R$ 4.092,00. Consequentemente, o lucro l\u00edquido \u00e9 menor do que nas op\u00e7\u00f5es do Simples, atingindo R$ 10.908,00. Quanto aos cr\u00e9ditos tribut\u00e1rios, o valor \u00e9 de R$ 2.940,00, mesmo valor do Simples Nacional H\u00edbrido.&nbsp;<\/p>\n\n\n\n<p>Aqui, assim como no cen\u00e1rio do Simples H\u00edbrido, a empresa tamb\u00e9m pode reduzir parte da carga tribut\u00e1ria ao aproveitar cr\u00e9ditos gerados pelo consumo pr\u00f3prio. <\/p>\n\n\n\n<p>No entanto, n\u00e3o \u00e9 poss\u00edvel estimar nesta exemplifica\u00e7\u00e3o o valor desse desconto por cr\u00e9ditos, pois vai depender do consumo da empresa, mas seu contador vai conseguir estimar tal cen\u00e1rio.&nbsp;<\/p>\n\n\n\n<figure class=\"wp-block-table\"><table><tbody><tr><td><strong>Faturamento<\/strong><\/td><td>R$ 15.000,0<\/td><\/tr><tr><td><strong>Valor em impostos no LP<\/strong><\/td><td>R$ 4.092,00<\/td><\/tr><tr><td><strong>Lucro l\u00edquido<\/strong><\/td><td>R$ 10.908,00<\/td><\/tr><tr><td><strong>Gera\u00e7\u00e3o de cr\u00e9ditos para o tomador do servi\u00e7o<\/strong><\/td><td>R$ 2.940,00<\/td><\/tr><\/tbody><\/table><\/figure>\n\n\n\n<figure class=\"wp-block-image size-full\"><a href=\"https:\/\/www.contabilizei.com.br\/calculadora-reforma-tributaria\/\" target=\"_blank\" rel=\" noreferrer noopener\"><img loading=\"lazy\" decoding=\"async\" width=\"615\" height=\"300\" src=\"https:\/\/www.contabilizei.com.br\/reforma-tributaria\/wp-content\/uploads\/2025\/06\/KV-2-Copy-1-5.webp\" alt=\"\" class=\"wp-image-40325\" srcset=\"https:\/\/www.contabilizei.com.br\/reforma-tributaria\/wp-content\/uploads\/2025\/06\/KV-2-Copy-1-5.webp 615w, https:\/\/www.contabilizei.com.br\/reforma-tributaria\/wp-content\/uploads\/2025\/06\/KV-2-Copy-1-5-300x146.webp 300w\" sizes=\"auto, (max-width: 615px) 100vw, 615px\" \/><\/a><\/figure>\n\n\n\n<h2 class=\"wp-block-heading\" class=\"wp-block-heading\" id=\"como-escolher-o-regime-ideal\">Como escolher o regime ideal?<\/h2>\n\n\n\n<p>Essa resposta n\u00e3o \u00e9 t\u00e3o simples, pois <strong>\u00e9 preciso considerar as vari\u00e1veis de cada neg\u00f3cio.<\/strong>&nbsp;<\/p>\n\n\n\n<p>Aqui, pontos como quem \u00e9 seu cliente, qual a relev\u00e2ncia deste cliente no faturamento total, qual a sua abertura com ele para renegociar pre\u00e7os a fim de manter sua margem de lucro, qual o cen\u00e1rio competitivo que sua empresa est\u00e1 inserida, entre outras quest\u00f5es, \u00e9 fundamental para tomar uma decis\u00e3o assertiva.&nbsp;<\/p>\n\n\n\n<p>No entanto, em termos gerais, um primeiro passo \u00e9 considerar que, p<strong>ara quem presta servi\u00e7os predominantemente para pessoas f\u00edsicas, o Simples Nacional Regular pode ser ainda o mais indicado,<\/strong> j\u00e1 que a carga tribut\u00e1ria permanece inalterada e pessoas f\u00edsicas n\u00e3o se beneficiam de cr\u00e9ditos tribut\u00e1rios.<\/p>\n\n\n\n<p>Por outro lado, para <strong>quem atende majoritariamente pessoas jur\u00eddicas, a an\u00e1lise e tomada de decis\u00e3o \u00e9 mais complexa<\/strong>. <\/p>\n\n\n\n<p>Como vimos no exemplo, tanto o Simples Nacional H\u00edbrido como o Lucro Presumido, v\u00e3o ofertar mais cr\u00e9ditos tribut\u00e1rios comparados ao Simples Nacional, mas tamb\u00e9m pagar\u00e3o mais impostos no fim do dia, o que pode colocar em risco a sa\u00fade financeira da empresa.&nbsp;<\/p>\n\n\n\n<p>Por isso, <strong>\u00e9 essencial avaliar esses impactos&nbsp; e detalhar as oportunidades em cada caso com o apoio de um contador.<\/strong> Ele pode oferecer uma an\u00e1lise personalizada e ajudar a definir o regime mais adequado, considerando tanto os objetivos financeiros quanto o perfil da clientela e as oportunidades estrat\u00e9gicas dispon\u00edveis. Al\u00e9m de demais estrat\u00e9gias, como recomposi\u00e7\u00e3o de pre\u00e7o e negocia\u00e7\u00e3o.&nbsp;<\/p>\n\n\n\n<p><em>A Reforma Tribut\u00e1ria pode impactar diretamente a sua empresa, e a melhor maneira de se preparar para as mudan\u00e7as \u00e9 com conhecimento.<\/em><a href=\"https:\/\/e.contabilizei.com.br\/reforma_tributaria_newsletter\" target=\"_blank\" rel=\"noreferrer noopener\"><em> Assine nossa newsletter<\/em><\/a><em> e tenha acesso a uma curadoria com conte\u00fados exclusivos no seu e-mail.<\/em><\/p>\n\n\n\n<figure class=\"wp-block-embed is-type-video is-provider-youtube wp-block-embed-youtube wp-embed-aspect-16-9 wp-has-aspect-ratio\"><div class=\"wp-block-embed__wrapper\">\n<iframe loading=\"lazy\" title=\"Como a Reforma Tribut\u00e1ria vai mudar o cen\u00e1rio de prestadores de servi\u00e7os no Brasil?\" width=\"640\" height=\"360\" src=\"https:\/\/www.youtube.com\/embed\/DcMTT064P6E?feature=oembed\" frameborder=\"0\" allow=\"accelerometer; autoplay; clipboard-write; encrypted-media; gyroscope; picture-in-picture; web-share\" referrerpolicy=\"strict-origin-when-cross-origin\" allowfullscreen><\/iframe>\n<\/div><\/figure>\n\n\n\n<h2 class=\"wp-block-heading\" class=\"wp-block-heading\" id=\"conte-com-a-contabilizei\">Conte com a Contabilizei<\/h2>\n\n\n\n<p>Para empresas do Lucro Real e Lucro Presumido, a transi\u00e7\u00e3o da Reforma Tribut\u00e1ria ter\u00e1 in\u00edcio em 2026. No caso do Simples Nacional, entretanto, as mudan\u00e7as e a nova alternativa de recolhimento do IVA ser\u00e3o aplicadas apenas em 2027.<\/p>\n\n\n\n<p>O planejamento e a organiza\u00e7\u00e3o ser\u00e3o fundamentais para uma transi\u00e7\u00e3o suave para a nova sistem\u00e1tica. Buscar orienta\u00e7\u00e3o profissional especializada de um contador \u00e9 importante para garantir a correta aplica\u00e7\u00e3o das novas regras, minimizar impactos negativos e otimizar a carga tribut\u00e1ria da sua atividade profissional.<\/p>\n\n\n\n<p>Neste momento de transforma\u00e7\u00e3o, cada detalhe importa. Na <a href=\"https:\/\/www.contabilizei.com.br\/\" target=\"_blank\" rel=\"noreferrer noopener\">Contabilizei<\/a>, estamos atentos a todas as novidades para continuar simplificando a vida dos empreendedores, oferecendo suporte completo e buscando as melhores solu\u00e7\u00f5es tribut\u00e1rias para cada cliente. Estamos aqui para auxiliar os advogados a enfrentarem esse novo cen\u00e1rio tribut\u00e1rio com confian\u00e7a e seguran\u00e7a.<\/p>\n","protected":false},"excerpt":{"rendered":"<p>A Reforma Tribut\u00e1ria brasileira trar\u00e1 significativas mudan\u00e7as de tributa\u00e7\u00e3o nacional, inclusive para advogados. Para as atividades desenvolvidas por profissionais liberais,&#8230;<\/p>\n","protected":false},"author":88,"featured_media":38552,"template":"","reforma_post_category":[354],"reforma_post_trail":[366],"class_list":{"0":"post-39308","1":"reforma_post","2":"type-reforma_post","3":"status-publish","4":"has-post-thumbnail","6":"reforma_post_category-profissoes","7":"reforma_post_trail-aprofunde-cenarios-da-sua-profissao"},"yoast_head":"<!-- This site is optimized with the Yoast SEO plugin v27.5 - https:\/\/yoast.com\/product\/yoast-seo-wordpress\/ -->\n<title>Reforma tribut\u00e1ria para advogado: o que muda? | Blog da Contabilizei<\/title>\n<meta name=\"description\" content=\"Entenda como vai funcionar a Reforma tribut\u00e1ria para advogado aprovada em 2023 e prepare seu CNPJ para as mudan\u00e7as.\" \/>\n<meta name=\"robots\" content=\"index, follow\" \/>\n<link rel=\"canonical\" href=\"https:\/\/www.contabilizei.com.br\/reforma-tributaria\/artigo\/reforma-tributaria-para-advogado-o-que-muda\/\" \/>\n<meta property=\"og:locale\" content=\"pt_BR\" \/>\n<meta property=\"og:type\" content=\"article\" \/>\n<meta property=\"og:title\" content=\"Reforma tribut\u00e1ria para advogado: o que muda? | Blog da Contabilizei\" \/>\n<meta property=\"og:description\" content=\"Entenda como vai funcionar a Reforma tribut\u00e1ria para advogado aprovada em 2023 e prepare seu CNPJ para as mudan\u00e7as.\" \/>\n<meta property=\"og:url\" content=\"https:\/\/www.contabilizei.com.br\/reforma-tributaria\/artigo\/reforma-tributaria-para-advogado-o-que-muda\/\" \/>\n<meta property=\"og:site_name\" content=\"Blog da Contabilizei\" \/>\n<meta property=\"article:publisher\" content=\"https:\/\/www.facebook.com\/Contabilizei\/\" \/>\n<meta property=\"article:modified_time\" content=\"2026-03-25T20:26:34+00:00\" \/>\n<meta property=\"og:image\" content=\"https:\/\/www.contabilizei.com.br\/reforma-tributaria\/wp-content\/uploads\/2023\/09\/diferenca-entre-produto-e-servico.webp\" \/>\n\t<meta property=\"og:image:width\" content=\"1200\" \/>\n\t<meta property=\"og:image:height\" content=\"750\" \/>\n\t<meta property=\"og:image:type\" content=\"image\/webp\" \/>\n<meta name=\"twitter:card\" content=\"summary_large_image\" \/>\n<meta name=\"twitter:site\" content=\"@contabilizei\" \/>\n<meta name=\"twitter:label1\" content=\"Est. tempo de leitura\" \/>\n\t<meta name=\"twitter:data1\" content=\"9 minutos\" \/>\n<!-- \/ Yoast SEO plugin. -->","yoast_head_json":{"title":"Reforma tribut\u00e1ria para advogado: o que muda? | Blog da Contabilizei","description":"Entenda como vai funcionar a Reforma tribut\u00e1ria para advogado aprovada em 2023 e prepare seu CNPJ para as mudan\u00e7as.","robots":{"index":"index","follow":"follow"},"canonical":"https:\/\/www.contabilizei.com.br\/reforma-tributaria\/artigo\/reforma-tributaria-para-advogado-o-que-muda\/","og_locale":"pt_BR","og_type":"article","og_title":"Reforma tribut\u00e1ria para advogado: o que muda? | Blog da Contabilizei","og_description":"Entenda como vai funcionar a Reforma tribut\u00e1ria para advogado aprovada em 2023 e prepare seu CNPJ para as mudan\u00e7as.","og_url":"https:\/\/www.contabilizei.com.br\/reforma-tributaria\/artigo\/reforma-tributaria-para-advogado-o-que-muda\/","og_site_name":"Blog da Contabilizei","article_publisher":"https:\/\/www.facebook.com\/Contabilizei\/","article_modified_time":"2026-03-25T20:26:34+00:00","og_image":[{"width":1200,"height":750,"url":"https:\/\/www.contabilizei.com.br\/reforma-tributaria\/wp-content\/uploads\/2023\/09\/diferenca-entre-produto-e-servico.webp","type":"image\/webp"}],"twitter_card":"summary_large_image","twitter_site":"@contabilizei","twitter_misc":{"Est. tempo de leitura":"9 minutos"},"schema":{"@context":"https:\/\/schema.org","@graph":[{"@type":"WebPage","@id":"https:\/\/www.contabilizei.com.br\/reforma-tributaria\/artigo\/reforma-tributaria-para-advogado-o-que-muda\/","url":"https:\/\/www.contabilizei.com.br\/reforma-tributaria\/artigo\/reforma-tributaria-para-advogado-o-que-muda\/","name":"Reforma tribut\u00e1ria para advogado: o que muda? | Blog da Contabilizei","isPartOf":{"@id":"https:\/\/www.contabilizei.com.br\/reforma-tributaria\/#website"},"primaryImageOfPage":{"@id":"https:\/\/www.contabilizei.com.br\/reforma-tributaria\/artigo\/reforma-tributaria-para-advogado-o-que-muda\/#primaryimage"},"image":{"@id":"https:\/\/www.contabilizei.com.br\/reforma-tributaria\/artigo\/reforma-tributaria-para-advogado-o-que-muda\/#primaryimage"},"thumbnailUrl":"https:\/\/www.contabilizei.com.br\/reforma-tributaria\/wp-content\/uploads\/2023\/09\/diferenca-entre-produto-e-servico.webp","datePublished":"2025-06-25T14:06:44+00:00","dateModified":"2026-03-25T20:26:34+00:00","description":"Entenda como vai funcionar a Reforma tribut\u00e1ria para advogado aprovada em 2023 e prepare seu CNPJ para as mudan\u00e7as.","breadcrumb":{"@id":"https:\/\/www.contabilizei.com.br\/reforma-tributaria\/artigo\/reforma-tributaria-para-advogado-o-que-muda\/#breadcrumb"},"inLanguage":"pt-BR","potentialAction":[{"@type":"ReadAction","target":["https:\/\/www.contabilizei.com.br\/reforma-tributaria\/artigo\/reforma-tributaria-para-advogado-o-que-muda\/"]}]},{"@type":"ImageObject","inLanguage":"pt-BR","@id":"https:\/\/www.contabilizei.com.br\/reforma-tributaria\/artigo\/reforma-tributaria-para-advogado-o-que-muda\/#primaryimage","url":"https:\/\/www.contabilizei.com.br\/reforma-tributaria\/wp-content\/uploads\/2023\/09\/diferenca-entre-produto-e-servico.webp","contentUrl":"https:\/\/www.contabilizei.com.br\/reforma-tributaria\/wp-content\/uploads\/2023\/09\/diferenca-entre-produto-e-servico.webp","width":1200,"height":750},{"@type":"BreadcrumbList","@id":"https:\/\/www.contabilizei.com.br\/reforma-tributaria\/artigo\/reforma-tributaria-para-advogado-o-que-muda\/#breadcrumb","itemListElement":[{"@type":"ListItem","position":1,"name":"Home","item":"https:\/\/www.contabilizei.com.br\/reforma-tributaria\/"},{"@type":"ListItem","position":2,"name":"Posts - Reforma Tribut\u00e1ria","item":"https:\/\/www.contabilizei.com.br\/reforma-tributaria\/artigo\/"},{"@type":"ListItem","position":3,"name":"Reforma tribut\u00e1ria para advogado: o que muda?"}]},{"@type":"WebSite","@id":"https:\/\/www.contabilizei.com.br\/reforma-tributaria\/#website","url":"https:\/\/www.contabilizei.com.br\/reforma-tributaria\/","name":"Hub da Reforma tribut\u00e1ria","description":"Apoiando o empreendedorismo desde 2013","potentialAction":[{"@type":"SearchAction","target":{"@type":"EntryPoint","urlTemplate":"https:\/\/www.contabilizei.com.br\/reforma-tributaria\/?s={search_term_string}"},"query-input":{"@type":"PropertyValueSpecification","valueRequired":true,"valueName":"search_term_string"}}],"inLanguage":"pt-BR"}]}},"_links":{"self":[{"href":"https:\/\/www.contabilizei.com.br\/reforma-tributaria\/wp-json\/wp\/v2\/reforma_post\/39308","targetHints":{"allow":["GET"]}}],"collection":[{"href":"https:\/\/www.contabilizei.com.br\/reforma-tributaria\/wp-json\/wp\/v2\/reforma_post"}],"about":[{"href":"https:\/\/www.contabilizei.com.br\/reforma-tributaria\/wp-json\/wp\/v2\/types\/reforma_post"}],"author":[{"embeddable":true,"href":"https:\/\/www.contabilizei.com.br\/reforma-tributaria\/wp-json\/wp\/v2\/users\/88"}],"version-history":[{"count":3,"href":"https:\/\/www.contabilizei.com.br\/reforma-tributaria\/wp-json\/wp\/v2\/reforma_post\/39308\/revisions"}],"predecessor-version":[{"id":40388,"href":"https:\/\/www.contabilizei.com.br\/reforma-tributaria\/wp-json\/wp\/v2\/reforma_post\/39308\/revisions\/40388"}],"wp:featuredmedia":[{"embeddable":true,"href":"https:\/\/www.contabilizei.com.br\/reforma-tributaria\/wp-json\/wp\/v2\/media\/38552"}],"wp:attachment":[{"href":"https:\/\/www.contabilizei.com.br\/reforma-tributaria\/wp-json\/wp\/v2\/media?parent=39308"}],"wp:term":[{"taxonomy":"reforma_post_category","embeddable":true,"href":"https:\/\/www.contabilizei.com.br\/reforma-tributaria\/wp-json\/wp\/v2\/reforma_post_category?post=39308"},{"taxonomy":"reforma_post_trail","embeddable":true,"href":"https:\/\/www.contabilizei.com.br\/reforma-tributaria\/wp-json\/wp\/v2\/reforma_post_trail?post=39308"}],"curies":[{"name":"wp","href":"https:\/\/api.w.org\/{rel}","templated":true}]}}