{"id":39307,"date":"2025-06-25T10:58:41","date_gmt":"2025-06-25T13:58:41","guid":{"rendered":"https:\/\/www.contabilizei.com.br\/contabilidade-online\/?post_type=reforma_post&#038;p=39307"},"modified":"2026-03-25T17:21:39","modified_gmt":"2026-03-25T20:21:39","slug":"reforma-tributaria-dentista-o-que-muda-para-os-profissionais","status":"publish","type":"reforma_post","link":"https:\/\/www.contabilizei.com.br\/reforma-tributaria\/artigo\/reforma-tributaria-dentista-o-que-muda-para-os-profissionais\/","title":{"rendered":"Reforma tribut\u00e1ria dentista: o que muda para os profissionais?"},"content":{"rendered":"\n<p>A Reforma Tribut\u00e1ria traz impactos para os profissionais da odontologia, com mudan\u00e7as na forma de tributa\u00e7\u00e3o que podem aumentar ou reduzir a carga tribut\u00e1ria.&nbsp;<\/p>\n\n\n\n<p>Saiba como os dentistas v\u00e3o precisar se adaptar com os destaques selecionados pelos especialistas da Contabilizei. Veja os pontos principais abaixo:<\/p>\n\n\n\n<h2 class=\"wp-block-heading\" class=\"wp-block-heading\" id=\"1-unificacao-dos-principais-tributos-sobre-consumo\">1. Unifica\u00e7\u00e3o dos principais tributos sobre consumo&nbsp;<\/h2>\n\n\n\n<p>Uma das grandes mudan\u00e7as da Reforma Tribut\u00e1ria&nbsp; \u00e9 a substitui\u00e7\u00e3o dos principais tributos sobre consumo: PIS, Cofins, IPI, ICMS e ISS pelo Imposto sobre Bens e Servi\u00e7os (IBS) e pela Contribui\u00e7\u00e3o sobre Bens e Servi\u00e7os (CBS). &nbsp;O CBS e IBS, por sua vez, comp\u00f5e&nbsp; o<a href=\"https:\/\/site-stg1.ctbz.com.br\/contabilidade-online\/o-que-e-iva\/\" target=\"_blank\" rel=\"noreferrer noopener\"> IVA (Imposto sobre Valor Agregado)<\/a>.<\/p>\n\n\n\n<p>O IVA tem como principal caracter\u00edstica a tributa\u00e7\u00e3o n\u00e3o cumulativa, ou seja, ao longo da cadeia produtiva, os impostos pagos nas etapas anteriores poder\u00e3o ser descontados na etapa seguinte. Isso evita a cobran\u00e7a em cascata e reduz distor\u00e7\u00f5es no sistema atual.<\/p>\n\n\n\n<h2 class=\"wp-block-heading\" class=\"wp-block-heading\" id=\"2-mudanca-na-carga-tributaria\">2. Mudan\u00e7a na carga tribut\u00e1ria<\/h2>\n\n\n\n<p>Empresas enquadradas no regime do Lucro Presumido e Lucro Real podem enfrentar um aumento na carga tribut\u00e1ria. A estimativa do governo \u00e9 que a nova al\u00edquota unificada do IVA&nbsp; fique em torno&nbsp; de 28%.&nbsp;<\/p>\n\n\n\n<p>Algumas profiss\u00f5es ter\u00e3o al\u00edquota reduzida em 30% ou 60% e, outras, ter\u00e3o a al\u00edquota cheia. Assim, <strong>os dentistas, est\u00e3o entre os profissionais da \u00e1rea da sa\u00fade e contam com uma redu\u00e7\u00e3o de 60% sobre a al\u00edquota padr\u00e3o do IVA, gerando uma al\u00edquota de 11,2%.<\/strong><\/p>\n\n\n\n<p>Outra medida importante \u00e9 a redu\u00e7\u00e3o de 60% na al\u00edquota do IVA para a compra de dispositivos m\u00e9dicos, alguns medicamentos e demais servi\u00e7os de sa\u00fade.<\/p>\n\n\n\n<h2 class=\"wp-block-heading\" class=\"wp-block-heading\" id=\"3-mudanca-no-uso-de-creditos-tributarios\">3. Mudan\u00e7a no uso de cr\u00e9ditos tribut\u00e1rios<\/h2>\n\n\n\n<p>Pense em cr\u00e9ditos tribut\u00e1rios como &#8220;descontos&#8221; nos impostos que voc\u00ea deve pagar. Quando uma empresa compra produtos ou servi\u00e7os, ela paga impostos sobre essas compras. <\/p>\n\n\n\n<p>Com os cr\u00e9ditos tribut\u00e1rios, a empresa pode usar esses impostos pagos para reduzir o total de impostos que precisa pagar no final do m\u00eas.<\/p>\n\n\n\n<p>Na pr\u00e1tica, se voc\u00ea compra equipamentos ou aluga um consult\u00f3rio e paga impostos sobre isso, pode descontar esse valor dos impostos que deve pagar sobre suas vendas. Isso evita que voc\u00ea pague imposto &#8220;em cima de imposto&#8221;.<\/p>\n\n\n\n<h2 class=\"wp-block-heading\" class=\"wp-block-heading\" id=\"quanto-um-dentista-vai-pagar-de-impostos\">Quanto um dentista vai pagar de impostos?<\/h2>\n\n\n\n<p>Vamos imaginar um dentista que atualmente est\u00e1 no regime de tributa\u00e7\u00e3o do Simples Nacional e fatura mensalmente uma m\u00e9dia de R$ 15.000,00 para entender quais as novas possibilidades aqui e o que muda.&nbsp;<\/p>\n\n\n\n<h3 class=\"wp-block-heading\">Cen\u00e1rio A: Simples Nacional<\/h3>\n\n\n\n<p><strong>Para empresas optantes pelo Simples Nacional, a carga tribut\u00e1ria permanecer\u00e1 inalterada, sem mudan\u00e7as nas al\u00edquotas atuais<\/strong>. Entretanto, <strong>h\u00e1 impactos indiretos<\/strong> e novidades que influenciam diretamente no caixa da empresa e na forma de pagamento de impostos,&nbsp; o que pode afetar na competitividade de CNPJs enquadrados neste regime tribut\u00e1rio.&nbsp;<\/p>\n\n\n\n<p>A partir do faturamento de R$ 15.000,00, a empresa do Simples Nacional atualmente paga R$ 1.541,26 em impostos, referente ao valor da <a href=\"https:\/\/www.contabilizei.com.br\/reforma-tributaria\/das-documento-arrecadacao-simples-nacional\/\" target=\"_blank\" rel=\"noreferrer noopener\">DAS <\/a>&nbsp;e dos tributos que incidem sobre o<a href=\"https:\/\/site-stg1.ctbz.com.br\/contabilidade-online\/o-que-e-o-pro-labore\/\" target=\"_blank\" rel=\"noreferrer noopener\"> pr\u00f3-labore<\/a>, considerando que seja adepta ao <a href=\"https:\/\/site-stg1.ctbz.com.br\/contabilidade-online\/fator-r-simples-nacional\/\" target=\"_blank\" rel=\"noreferrer noopener\">Fator-R<\/a>. Neste caso, o lucro l\u00edquido \u00e9 de R$ 13.458,74, ap\u00f3s o desconto dos impostos.&nbsp;<\/p>\n\n\n\n<p>Hoje, as empresas nesse regime podem conceder R$ 1.387,50 em cr\u00e9ditos tribut\u00e1rios a clientes do Lucro Real.&nbsp;<\/p>\n\n\n\n<p>Ap\u00f3s a Reforma Tribut\u00e1ria, a gera\u00e7\u00e3o de cr\u00e9ditos tribut\u00e1rios vai acontecer conforme o valor pago sobre os novos tributos, ent\u00e3o esse valor ser\u00e1 reduzido para R$ 441,90.&nbsp;<\/p>\n\n\n\n<p>Mesmo sem aumento da carga tribut\u00e1ria para empresas do Simples Nacional, essa mudan\u00e7a pode impactar sua competitividade, pois o cr\u00e9dito tribut\u00e1rio gerado ser\u00e1 menor. Empresas que atendem clientes PJ no Lucro Real precisam avaliar esse efeito e considerar estrat\u00e9gias para minimizar poss\u00edveis impactos.<\/p>\n\n\n\n<p>Vale lembrar que<strong> se a presta\u00e7\u00e3o de servi\u00e7os odontol\u00f3gicos no Simples Nacional for predominantemente para pessoas f\u00edsicas, n\u00e3o h\u00e1 com o que se preocupar<\/strong>, visto que o consumidor pessoa f\u00edsica n\u00e3o pode aproveitar cr\u00e9ditos tribut\u00e1rios.<\/p>\n\n\n\n<p>Veja abaixo o resumo de como fica o Simples Nacional, neste cen\u00e1rio, no quadro comparativo:<\/p>\n\n\n\n<figure class=\"wp-block-table\"><table><tbody><tr><td><strong>Faturamento<\/strong><\/td><td>R$ 15.000,0<\/td><\/tr><tr><td><strong>Valor em impostos no SN<\/strong><\/td><td>R$ 1.541,26<\/td><\/tr><tr><td><strong>Lucro l\u00edquido<\/strong><\/td><td>R$ 13.458,74<\/td><\/tr><tr><td><strong>Gera\u00e7\u00e3o de cr\u00e9ditos para o tomador do servi\u00e7o<\/strong><\/td><td>R$ 441,90<\/td><\/tr><\/tbody><\/table><\/figure>\n\n\n\n<p><em>A Reforma Tribut\u00e1ria pode impactar diretamente a sua empresa, e a melhor maneira de se preparar para as mudan\u00e7as \u00e9 com conhecimento.<\/em><a href=\"https:\/\/e.contabilizei.com.br\/reforma_tributaria_newsletter\" target=\"_blank\" rel=\"noreferrer noopener\"><em> Assine nossa newsletter<\/em><\/a><em> e tenha acesso a uma curadoria com conte\u00fados exclusivos no seu e-mail.<\/em><\/p>\n\n\n\n<h3 class=\"wp-block-heading\">Cen\u00e1rio B: Simples Nacional H\u00edbrido<\/h3>\n\n\n\n<p>A Reforma Tribut\u00e1ria introduziu o Simples Nacional H\u00edbrido como uma nova op\u00e7\u00e3o para empresas desse regime que desejam gerar cr\u00e9ditos tribut\u00e1rios para seus clientes.<\/p>\n\n\n\n<p>Neste regime, a<strong> empresa do Simples Nacional pode optar por pagar os impostos sobre consumo<\/strong> (IBS e CBS) <strong>por fora da<\/strong><a href=\"https:\/\/site-stg1.ctbz.com.br\/contabilidade-online\/das-documento-arrecadacao-simples-nacional\/\" target=\"_blank\" rel=\"noreferrer noopener\"><strong> DAS<\/strong><\/a>.<\/p>\n\n\n\n<p>Isso porque, desta forma, ser\u00e1 poss\u00edvel gerar os cr\u00e9ditos tribut\u00e1rios de forma integral e se manter competitivo frente aos seus clientes PJs, al\u00e9m de tamb\u00e9m poder aproveitar cr\u00e9ditos tribut\u00e1rios em rela\u00e7\u00e3o aos tributos pagos sobre suas compras e servi\u00e7os contratados.&nbsp;<\/p>\n\n\n\n<p>Mas, aqui, o cuidado \u00e9 que para isso, <strong>h\u00e1 o aumento da carga tribut\u00e1ria e sua empresa vai pagar o valor da al\u00edquota cheia do IVA<\/strong>, assim como as empresas do Lucro Real e Lucro Presumido. Por isso, deve-se tomar esta decis\u00e3o consultando seu contador e avaliando o impacto direto no caixa.&nbsp;<\/p>\n\n\n\n<p>A op\u00e7\u00e3o por esse regime vai se dar de forma semestral, em janeiro e julho, com ades\u00e3o respectivamente nos meses de setembro e abril.&nbsp;<\/p>\n\n\n\n<p>Vamos ao exemplo.&nbsp;<\/p>\n\n\n\n<p>Neste cen\u00e1rio, mantendo o faturamento de R$ 15.000,0, os impostos pagos totalizam R$ 2.779,36, incluindo a DAS, o recolhimento separado de IBS e CBS e os tributos sobre pr\u00f3-labore, considerando a al\u00edquota estimada de 28%.&nbsp;<\/p>\n\n\n\n<p>Desse valor, R$1.680,00 podem ser concedidos como cr\u00e9ditos tribut\u00e1rios a clientes PJ, resultando em um lucro l\u00edquido de R$ 12.220,64.<\/p>\n\n\n\n<p>Ou seja,&nbsp; em termos de gera\u00e7\u00e3o de cr\u00e9ditos tribut\u00e1rios oferecidos aos clientes PJ, o valor aumenta para R$ 1.680,00, comparado aos R$ 441,90 gerados pelo Simples Nacional \u201cpadr\u00e3o\u201d.&nbsp;<\/p>\n\n\n\n<p>Nesse cen\u00e1rio, a empresa pode compensar parte do impacto tribut\u00e1rio utilizando os cr\u00e9ditos de IVA gerados por suas pr\u00f3prias compras e servi\u00e7os contratados.&nbsp;<\/p>\n\n\n\n<p>Mas, mais uma vez, a<strong> an\u00e1lise se este \u00e9 o melhor cen\u00e1rio para a sua empresa deve ser tomada junto ao seu profissional de contabilidade<\/strong> e considerando todas as vari\u00e1veis, incluindo o poss\u00edvel aproveitamento de cr\u00e9ditos, que reduz o valor de imposto final a pagar.<\/p>\n\n\n\n<p>Veja o quadro resumido abaixo:<\/p>\n\n\n\n<figure class=\"wp-block-table\"><table><tbody><tr><td><strong>Faturamento<\/strong><\/td><td>R$ 15.000,00<\/td><\/tr><tr><td><strong>Valor em impostos no SN H\u00edbrido<\/strong><\/td><td>R$ 2.779,36<\/td><\/tr><tr><td><strong>Lucro l\u00edquido<\/strong><\/td><td>RR$ 12.220,64<\/td><\/tr><tr><td><strong>Gera\u00e7\u00e3o de cr\u00e9ditos para o tomador do servi\u00e7o<\/strong><\/td><td>1.680,00<\/td><\/tr><\/tbody><\/table><\/figure>\n\n\n\n<h3 class=\"wp-block-heading\">Cen\u00e1rio C: Lucro Presumido<\/h3>\n\n\n\n<p>J\u00e1 considerando o cen\u00e1rio do<a href=\"https:\/\/site-stg1.ctbz.com.br\/contabilidade-online\/lucro-presumido\/\" target=\"_blank\" rel=\"noreferrer noopener\"> Lucro Presumido<\/a> como uma possibilidade, a tributa\u00e7\u00e3o totaliza R$ 3.269,72, a partir da al\u00edquota estimada de 28%. Deste valor, R$ 1.680,00 s\u00e3o cr\u00e9ditos de IBS e CBS que os clientes PJ poder\u00e3o utilizar.&nbsp;<\/p>\n\n\n\n<p>Considerando os descontos dos impostos, o lucro l\u00edquido fica em R$ 12.730,28. Aqui, assim como no cen\u00e1rio do Simples H\u00edbrido, a empresa tamb\u00e9m pode reduzir parte da carga tribut\u00e1ria ao aproveitar cr\u00e9ditos gerados pelo consumo pr\u00f3prio. <\/p>\n\n\n\n<p>No entanto, n\u00e3o \u00e9 poss\u00edvel estimar nesta exemplifica\u00e7\u00e3o o valor desse desconto por cr\u00e9ditos, pois vai depender do consumo da empresa, mas seu contador vai conseguir estimar tal cen\u00e1rio.&nbsp;<\/p>\n\n\n\n<figure class=\"wp-block-table\"><table><tbody><tr><td><strong>Faturamento<\/strong><\/td><td>R$ 15.000,0<\/td><\/tr><tr><td><strong>Valor em impostos LP<\/strong><\/td><td>R$ 3.269,72<\/td><\/tr><tr><td><strong>Lucro l\u00edquido<\/strong><\/td><td>R$ 11.730,28<\/td><\/tr><tr><td><strong>Gera\u00e7\u00e3o de cr\u00e9ditos para o tomador do servi\u00e7o<\/strong><\/td><td>1.680,00<\/td><\/tr><\/tbody><\/table><\/figure>\n\n\n\n<p>Com essas mudan\u00e7as, \u00e9 natural que as<strong> empresas priorizem fornecedores que possibilitem maior recupera\u00e7\u00e3o de cr\u00e9ditos<\/strong> tribut\u00e1rios, reduzindo seus custos operacionais.<\/p>\n\n\n\n<p>Esse fator pode impulsionar a migra\u00e7\u00e3o de muitas empresas para regimes tribut\u00e1rios que permitam oferecer mais cr\u00e9ditos aos clientes, possibilitando novas negocia\u00e7\u00f5es de pre\u00e7os e garantindo que o aumento da carga tribut\u00e1ria n\u00e3o afete sua competitividade e rentabilidade.<\/p>\n\n\n\n<figure class=\"wp-block-image size-full\"><a href=\"https:\/\/www.contabilizei.com.br\/calculadora-reforma-tributaria\/\" target=\"_blank\" rel=\" noreferrer noopener\"><img loading=\"lazy\" decoding=\"async\" width=\"615\" height=\"300\" src=\"https:\/\/www.contabilizei.com.br\/reforma-tributaria\/wp-content\/uploads\/2025\/06\/KV-2-Copy-2-6.webp\" alt=\"\" class=\"wp-image-40298\" srcset=\"https:\/\/www.contabilizei.com.br\/reforma-tributaria\/wp-content\/uploads\/2025\/06\/KV-2-Copy-2-6.webp 615w, https:\/\/www.contabilizei.com.br\/reforma-tributaria\/wp-content\/uploads\/2025\/06\/KV-2-Copy-2-6-300x146.webp 300w\" sizes=\"auto, (max-width: 615px) 100vw, 615px\" \/><\/a><\/figure>\n\n\n\n<h2 class=\"wp-block-heading\" class=\"wp-block-heading\" id=\"como-escolher-o-melhor-regime-tributario-para-a-minha-empresa\">Como escolher o melhor regime tribut\u00e1rio para a minha empresa?<\/h2>\n\n\n\n<p>Essa resposta n\u00e3o \u00e9 t\u00e3o simples, pois \u00e9 preciso <strong>considerar as vari\u00e1veis de cada neg\u00f3cio<\/strong>.&nbsp;<\/p>\n\n\n\n<p>Aqui, pontos como quem \u00e9 seu cliente, qual a relev\u00e2ncia deste cliente no faturamento total, qual a sua abertura com ele para renegociar pre\u00e7os a fim de manter sua margem de lucro, qual o cen\u00e1rio competitivo que sua empresa est\u00e1 inserida, entre outras quest\u00f5es, \u00e9 fundamental para tomar uma decis\u00e3o assertiva.&nbsp;<\/p>\n\n\n\n<p>No entanto, em termos gerais, <strong>um primeiro passo \u00e9 considerar que, para quem presta servi\u00e7os predominantemente para pessoas f\u00edsicas<\/strong>, o Simples Nacional Regular pode ser ainda o mais indicado, j\u00e1 que a carga tribut\u00e1ria permanece inalterada e pessoas f\u00edsicas n\u00e3o se beneficiam de cr\u00e9ditos tribut\u00e1rios.<\/p>\n\n\n\n<p>Por outro lado,<strong> para quem atende majoritariamente pessoas jur\u00eddicas, a an\u00e1lise e tomada de decis\u00e3o \u00e9 mais complexa<\/strong>. <\/p>\n\n\n\n<p>Como vimos no exemplo, tanto o Simples Nacional H\u00edbrido como o Lucro Presumido, v\u00e3o ofertar mais cr\u00e9ditos tribut\u00e1rios comparados ao Simples Nacional, mas tamb\u00e9m pagar\u00e3o mais impostos no fim do dia, o que pode colocar em risco a sa\u00fade financeira da empresa.&nbsp;<\/p>\n\n\n\n<p>Por isso, \u00e9 <strong>essencial avaliar esses impactos <\/strong>&nbsp;e detalhar as oportunidades em cada caso com o apoio de um contador. <\/p>\n\n\n\n<p>Ele pode oferecer uma an\u00e1lise personalizada e ajudar a definir o regime mais adequado, considerando tanto os objetivos financeiros quanto o perfil da clientela e as oportunidades estrat\u00e9gicas dispon\u00edveis. Al\u00e9m de demais estrat\u00e9gias, como recomposi\u00e7\u00e3o de pre\u00e7o e negocia\u00e7\u00e3o.&nbsp;<\/p>\n\n\n\n<p>\u00c9 importante observar que, enquanto as empresas do Lucro Real e Lucro Presumido come\u00e7ar\u00e3o a transi\u00e7\u00e3o para o novo modelo tribut\u00e1rio em 2026, as altera\u00e7\u00f5es no Simples Nacional, incluindo a possibilidade de recolhimento do IVA separadamente, s\u00f3 entrar\u00e3o em vigor em 2027.<\/p>\n\n\n\n<h2 class=\"wp-block-heading\" class=\"wp-block-heading\" id=\"conte-com-a-contabilizei\">Conte com a Contabilizei<\/h2>\n\n\n\n<p>O novo sistema tribut\u00e1rio ser\u00e1 implementado gradualmente, com regulamenta\u00e7\u00e3o prevista entre&nbsp; 2024 e 2025, e transi\u00e7\u00e3o iniciada em 2026, concluindo at\u00e9 2033. Esse prazo oferece tempo para que os profissionais e empresas se adaptem \u00e0s novas regras.<\/p>\n\n\n\n<p>Com as novas regras de cr\u00e9ditos tribut\u00e1rios, ser\u00e1 essencial que as empresas reavaliem, com o suporte da contabilidade, se o regime atual ainda ser\u00e1 a op\u00e7\u00e3o mais vantajosa ou se mudan\u00e7as na forma de tributa\u00e7\u00e3o ser\u00e3o necess\u00e1rias para maximizar os benef\u00edcios fiscais.<\/p>\n\n\n\n<p>Neste momento de transforma\u00e7\u00e3o, cada detalhe importa. Na <a href=\"https:\/\/www.contabilizei.com.br\/\">Contabilizei<\/a>, estamos atentos a todas as novidades para continuar simplificando a vida dos empreendedores, oferecendo suporte completo e buscando as melhores solu\u00e7\u00f5es tribut\u00e1rias para cada cliente do setor odontol\u00f3gico. <\/p>\n\n\n\n<p>Estamos aqui para auxiliar os dentistas a enfrentarem esse novo cen\u00e1rio tribut\u00e1rio com confian\u00e7a e seguran\u00e7a.<\/p>\n","protected":false},"excerpt":{"rendered":"<p>A Reforma Tribut\u00e1ria traz impactos para os profissionais da odontologia, com mudan\u00e7as na forma de tributa\u00e7\u00e3o que podem aumentar ou&#8230;<\/p>\n","protected":false},"author":88,"featured_media":34491,"template":"","reforma_post_category":[354],"reforma_post_trail":[366],"class_list":{"0":"post-39307","1":"reforma_post","2":"type-reforma_post","3":"status-publish","4":"has-post-thumbnail","6":"reforma_post_category-profissoes","7":"reforma_post_trail-aprofunde-cenarios-da-sua-profissao"},"yoast_head":"<!-- This site is optimized with the Yoast SEO plugin v27.5 - https:\/\/yoast.com\/product\/yoast-seo-wordpress\/ -->\n<title>Reforma tribut\u00e1ria dentista: o que muda para os profissionais? | Blog da Contabilizei<\/title>\n<meta name=\"description\" content=\"Entenda como vai funcionar a Reforma tribut\u00e1ria para dentistas aprovada em 2023 e prepare seu CNPJ para as mudan\u00e7as.\" \/>\n<meta name=\"robots\" content=\"index, follow\" \/>\n<link rel=\"canonical\" href=\"https:\/\/www.contabilizei.com.br\/reforma-tributaria\/artigo\/reforma-tributaria-dentista-o-que-muda-para-os-profissionais\/\" \/>\n<meta property=\"og:locale\" content=\"pt_BR\" \/>\n<meta property=\"og:type\" content=\"article\" \/>\n<meta property=\"og:title\" content=\"Reforma tribut\u00e1ria dentista: o que muda para os profissionais? | Blog da Contabilizei\" \/>\n<meta property=\"og:description\" content=\"Entenda como vai funcionar a Reforma tribut\u00e1ria para dentistas aprovada em 2023 e prepare seu CNPJ para as mudan\u00e7as.\" \/>\n<meta property=\"og:url\" content=\"https:\/\/www.contabilizei.com.br\/reforma-tributaria\/artigo\/reforma-tributaria-dentista-o-que-muda-para-os-profissionais\/\" \/>\n<meta property=\"og:site_name\" content=\"Blog da Contabilizei\" \/>\n<meta property=\"article:publisher\" content=\"https:\/\/www.facebook.com\/Contabilizei\/\" \/>\n<meta property=\"article:modified_time\" content=\"2026-03-25T20:21:39+00:00\" \/>\n<meta property=\"og:image\" content=\"https:\/\/www.contabilizei.com.br\/reforma-tributaria\/wp-content\/uploads\/2022\/12\/como-ser-um-dentista-de-sucesso.png\" \/>\n\t<meta property=\"og:image:width\" content=\"1270\" \/>\n\t<meta property=\"og:image:height\" content=\"720\" \/>\n\t<meta property=\"og:image:type\" content=\"image\/png\" \/>\n<meta name=\"twitter:card\" content=\"summary_large_image\" \/>\n<meta name=\"twitter:site\" content=\"@contabilizei\" \/>\n<meta name=\"twitter:label1\" content=\"Est. tempo de leitura\" \/>\n\t<meta name=\"twitter:data1\" content=\"10 minutos\" \/>\n<!-- \/ Yoast SEO plugin. -->","yoast_head_json":{"title":"Reforma tribut\u00e1ria dentista: o que muda para os profissionais? | Blog da Contabilizei","description":"Entenda como vai funcionar a Reforma tribut\u00e1ria para dentistas aprovada em 2023 e prepare seu CNPJ para as mudan\u00e7as.","robots":{"index":"index","follow":"follow"},"canonical":"https:\/\/www.contabilizei.com.br\/reforma-tributaria\/artigo\/reforma-tributaria-dentista-o-que-muda-para-os-profissionais\/","og_locale":"pt_BR","og_type":"article","og_title":"Reforma tribut\u00e1ria dentista: o que muda para os profissionais? | Blog da Contabilizei","og_description":"Entenda como vai funcionar a Reforma tribut\u00e1ria para dentistas aprovada em 2023 e prepare seu CNPJ para as mudan\u00e7as.","og_url":"https:\/\/www.contabilizei.com.br\/reforma-tributaria\/artigo\/reforma-tributaria-dentista-o-que-muda-para-os-profissionais\/","og_site_name":"Blog da Contabilizei","article_publisher":"https:\/\/www.facebook.com\/Contabilizei\/","article_modified_time":"2026-03-25T20:21:39+00:00","og_image":[{"width":1270,"height":720,"url":"https:\/\/www.contabilizei.com.br\/reforma-tributaria\/wp-content\/uploads\/2022\/12\/como-ser-um-dentista-de-sucesso.png","type":"image\/png"}],"twitter_card":"summary_large_image","twitter_site":"@contabilizei","twitter_misc":{"Est. tempo de leitura":"10 minutos"},"schema":{"@context":"https:\/\/schema.org","@graph":[{"@type":"WebPage","@id":"https:\/\/www.contabilizei.com.br\/reforma-tributaria\/artigo\/reforma-tributaria-dentista-o-que-muda-para-os-profissionais\/","url":"https:\/\/www.contabilizei.com.br\/reforma-tributaria\/artigo\/reforma-tributaria-dentista-o-que-muda-para-os-profissionais\/","name":"Reforma tribut\u00e1ria dentista: o que muda para os profissionais? | Blog da Contabilizei","isPartOf":{"@id":"https:\/\/www.contabilizei.com.br\/reforma-tributaria\/#website"},"primaryImageOfPage":{"@id":"https:\/\/www.contabilizei.com.br\/reforma-tributaria\/artigo\/reforma-tributaria-dentista-o-que-muda-para-os-profissionais\/#primaryimage"},"image":{"@id":"https:\/\/www.contabilizei.com.br\/reforma-tributaria\/artigo\/reforma-tributaria-dentista-o-que-muda-para-os-profissionais\/#primaryimage"},"thumbnailUrl":"https:\/\/www.contabilizei.com.br\/reforma-tributaria\/wp-content\/uploads\/2022\/12\/como-ser-um-dentista-de-sucesso.png","datePublished":"2025-06-25T13:58:41+00:00","dateModified":"2026-03-25T20:21:39+00:00","description":"Entenda como vai funcionar a Reforma tribut\u00e1ria para dentistas aprovada em 2023 e prepare seu CNPJ para as mudan\u00e7as.","breadcrumb":{"@id":"https:\/\/www.contabilizei.com.br\/reforma-tributaria\/artigo\/reforma-tributaria-dentista-o-que-muda-para-os-profissionais\/#breadcrumb"},"inLanguage":"pt-BR","potentialAction":[{"@type":"ReadAction","target":["https:\/\/www.contabilizei.com.br\/reforma-tributaria\/artigo\/reforma-tributaria-dentista-o-que-muda-para-os-profissionais\/"]}]},{"@type":"ImageObject","inLanguage":"pt-BR","@id":"https:\/\/www.contabilizei.com.br\/reforma-tributaria\/artigo\/reforma-tributaria-dentista-o-que-muda-para-os-profissionais\/#primaryimage","url":"https:\/\/www.contabilizei.com.br\/reforma-tributaria\/wp-content\/uploads\/2022\/12\/como-ser-um-dentista-de-sucesso.png","contentUrl":"https:\/\/www.contabilizei.com.br\/reforma-tributaria\/wp-content\/uploads\/2022\/12\/como-ser-um-dentista-de-sucesso.png","width":1270,"height":720,"caption":"como-ser-um-dentista-de-sucesso"},{"@type":"BreadcrumbList","@id":"https:\/\/www.contabilizei.com.br\/reforma-tributaria\/artigo\/reforma-tributaria-dentista-o-que-muda-para-os-profissionais\/#breadcrumb","itemListElement":[{"@type":"ListItem","position":1,"name":"Home","item":"https:\/\/www.contabilizei.com.br\/reforma-tributaria\/"},{"@type":"ListItem","position":2,"name":"Posts - Reforma Tribut\u00e1ria","item":"https:\/\/www.contabilizei.com.br\/reforma-tributaria\/artigo\/"},{"@type":"ListItem","position":3,"name":"Reforma tribut\u00e1ria dentista: o que muda para os profissionais?"}]},{"@type":"WebSite","@id":"https:\/\/www.contabilizei.com.br\/reforma-tributaria\/#website","url":"https:\/\/www.contabilizei.com.br\/reforma-tributaria\/","name":"Hub da Reforma tribut\u00e1ria","description":"Apoiando o empreendedorismo desde 2013","potentialAction":[{"@type":"SearchAction","target":{"@type":"EntryPoint","urlTemplate":"https:\/\/www.contabilizei.com.br\/reforma-tributaria\/?s={search_term_string}"},"query-input":{"@type":"PropertyValueSpecification","valueRequired":true,"valueName":"search_term_string"}}],"inLanguage":"pt-BR"}]}},"_links":{"self":[{"href":"https:\/\/www.contabilizei.com.br\/reforma-tributaria\/wp-json\/wp\/v2\/reforma_post\/39307","targetHints":{"allow":["GET"]}}],"collection":[{"href":"https:\/\/www.contabilizei.com.br\/reforma-tributaria\/wp-json\/wp\/v2\/reforma_post"}],"about":[{"href":"https:\/\/www.contabilizei.com.br\/reforma-tributaria\/wp-json\/wp\/v2\/types\/reforma_post"}],"author":[{"embeddable":true,"href":"https:\/\/www.contabilizei.com.br\/reforma-tributaria\/wp-json\/wp\/v2\/users\/88"}],"version-history":[{"count":7,"href":"https:\/\/www.contabilizei.com.br\/reforma-tributaria\/wp-json\/wp\/v2\/reforma_post\/39307\/revisions"}],"predecessor-version":[{"id":40387,"href":"https:\/\/www.contabilizei.com.br\/reforma-tributaria\/wp-json\/wp\/v2\/reforma_post\/39307\/revisions\/40387"}],"wp:featuredmedia":[{"embeddable":true,"href":"https:\/\/www.contabilizei.com.br\/reforma-tributaria\/wp-json\/wp\/v2\/media\/34491"}],"wp:attachment":[{"href":"https:\/\/www.contabilizei.com.br\/reforma-tributaria\/wp-json\/wp\/v2\/media?parent=39307"}],"wp:term":[{"taxonomy":"reforma_post_category","embeddable":true,"href":"https:\/\/www.contabilizei.com.br\/reforma-tributaria\/wp-json\/wp\/v2\/reforma_post_category?post=39307"},{"taxonomy":"reforma_post_trail","embeddable":true,"href":"https:\/\/www.contabilizei.com.br\/reforma-tributaria\/wp-json\/wp\/v2\/reforma_post_trail?post=39307"}],"curies":[{"name":"wp","href":"https:\/\/api.w.org\/{rel}","templated":true}]}}