{"id":39302,"date":"2025-06-24T17:27:23","date_gmt":"2025-06-24T20:27:23","guid":{"rendered":"https:\/\/www.contabilizei.com.br\/contabilidade-online\/?post_type=reforma_post&#038;p=39302"},"modified":"2026-03-25T17:19:59","modified_gmt":"2026-03-25T20:19:59","slug":"reforma-tributaria-para-medicos-o-que-muda-para-a-area","status":"publish","type":"reforma_post","link":"https:\/\/www.contabilizei.com.br\/reforma-tributaria\/artigo\/reforma-tributaria-para-medicos-o-que-muda-para-a-area\/","title":{"rendered":"Reforma tribut\u00e1ria para m\u00e9dicos: o que muda para a \u00e1rea?"},"content":{"rendered":"\n<p>A Reforma Tribut\u00e1ria brasileira, que est\u00e1 em fase de regulamenta\u00e7\u00e3o, trar\u00e1 um beneficiamento significativo para os m\u00e9dicos e para o setor da sa\u00fade como um todo, com uma carga tribut\u00e1ria inferior \u00e0s demais \u00e1reas de neg\u00f3cios.&nbsp;<\/p>\n\n\n\n<p>No entanto, vale lembrar que mesmo neste cen\u00e1rio, a depender do faturamento do profissional, a carga tribut\u00e1ria ainda pode ser maior que antes da Reforma Tribut\u00e1ria.&nbsp;<\/p>\n\n\n\n<p>Aqui est\u00e3o os principais pontos a serem considerados:<\/p>\n\n\n\n<h2 class=\"wp-block-heading\" class=\"wp-block-heading\" id=\"1-aliquota-reduzida-para-servicos-medicos\">1. Al\u00edquota Reduzida para Servi\u00e7os M\u00e9dicos<\/h2>\n\n\n\n<ol class=\"wp-block-list\">\n<li><\/li>\n<\/ol>\n\n\n\n<p>Uma das mudan\u00e7as mais importantes \u00e9 a redu\u00e7\u00e3o da al\u00edquota padr\u00e3o do&nbsp;<a href=\"https:\/\/site-stg1.ctbz.com.br\/contabilidade-online\/o-que-e-iva\/\" target=\"_blank\" rel=\"noreferrer noopener\">Imposto sobre Valor Agregado (IVA)<\/a>&nbsp;em 60%, a al\u00edquota geral proposta pela Reforma Tribut\u00e1ria est\u00e1 estimada em 26,5% e reduzida ficar\u00e1 em 10,60% para servi\u00e7os m\u00e9dicos ambulatoriais e hospitalares.&nbsp;<\/p>\n\n\n\n<h2 class=\"wp-block-heading\" class=\"wp-block-heading\" id=\"2-reducao-de-60-na-aliquota-para-compras\">2. Redu\u00e7\u00e3o de 60% na Al\u00edquota para Compras<\/h2>\n\n\n\n<p>Outra medida importante \u00e9 a redu\u00e7\u00e3o de 60% na al\u00edquota do IVA na compra de dispositivos m\u00e9dicos, medicamentos e servi\u00e7os de sa\u00fade. Essa redu\u00e7\u00e3o visa diminuir os custos tanto para os m\u00e9dicos quanto para as empresas do setor, o que ter\u00e1 um impacto positivo direto na qualidade do atendimento oferecido aos pacientes. Essa redu\u00e7\u00e3o beneficia n\u00e3o apenas os m\u00e9dicos, que ganham maior competitividade, mas tamb\u00e9m os pacientes, que ter\u00e3o acesso a pre\u00e7os mais acess\u00edveis nos servi\u00e7os de sa\u00fade.&nbsp;<\/p>\n\n\n\n<h2 class=\"wp-block-heading\" class=\"wp-block-heading\" id=\"3-creditos-tributarios-para-medicos\">&nbsp;&nbsp;&nbsp;&nbsp;3. Cr\u00e9ditos Tribut\u00e1rios para M\u00e9dicos<\/h2>\n\n\n\n<p>Com a Reforma Tribut\u00e1ria, os m\u00e9dicos que optarem pelos regimes normais de tributa\u00e7\u00e3o, poder\u00e3o usar&nbsp;<a href=\"https:\/\/site-stg1.ctbz.com.br\/contabilidade-online\/o-que-e-credito-tributario-na-reforma-tributaria-e-como-isso-afeta-o-preco-do-seu-produto\/\" target=\"_blank\" rel=\"noreferrer noopener\">cr\u00e9ditos tribut\u00e1rios<\/a>&nbsp;para abater o valor dos impostos a pagar. Isso significa que os tributos pagos sobre servi\u00e7os tomados e compras de insumos, como equipamentos m\u00e9dicos, aluguel de consult\u00f3rios e medicamentos, podem ser descontados do imposto devido.&nbsp;<\/p>\n\n\n\n<p>Por exemplo, se um m\u00e9dico gastar R$ 2.000 em insumos e gerar R$ 530 de cr\u00e9dito, esse valor pode ser abatido do total de tributos.<\/p>\n\n\n\n<p>O aproveitamento de cr\u00e9ditos tribut\u00e1rios \u00e9 vedado apenas aos optantes do sistema regular do Simples Nacional. Contudo, a Reforma Tribut\u00e1ria permitir\u00e1 que empresas do Simples Nacional optem pelo sistema h\u00edbrido, recolhendo os novos impostos por fora da guia DAS e com as al\u00edquotas normais (n\u00e3o mais a beneficiada permitida ao Simples).<\/p>\n\n\n\n<p>A Reforma Tribut\u00e1ria pode impactar diretamente a sua empresa, e a melhor maneira de se preparar para as mudan\u00e7as \u00e9 com conhecimento.&nbsp;<a href=\"https:\/\/e.contabilizei.com.br\/reforma_tributaria_newsletter\" target=\"_blank\" rel=\"noreferrer noopener\">Assine nossa newsletter<\/a>&nbsp;e tenha acesso a uma curadoria com conte\u00fados exclusivos no seu e-mail.<\/p>\n\n\n\n<h2 class=\"wp-block-heading\" class=\"wp-block-heading\" id=\"quanto-uma-empresa-de-medicina-vai-pagar-de-impostos-com-a-reforma-tributaria\">Quanto uma empresa de medicina vai pagar de impostos com a Reforma Tribut\u00e1ria?<\/h2>\n\n\n\n<p>Para entender os poss\u00edveis cen\u00e1rios de tributa\u00e7\u00e3o ap\u00f3s a reforma, vamos imaginar um m\u00e9dico de S\u00e3o Paulo, que atualmente est\u00e1 no regime de tributa\u00e7\u00e3o do Simples Nacional e que fatura mensalmente uma m\u00e9dia de R$ 15.000,00, e que pode optar pelos seguintes cen\u00e1rios.<\/p>\n\n\n\n<h3 class=\"wp-block-heading\"><br>Cen\u00e1rio A: Simples Nacional Regular<\/h3>\n\n\n\n<p>Ao permanecer neste regime uma empresa de medicina paga R$ 1.541,26 em impostos no Simples atrav\u00e9s da DAS utilizando o&nbsp;<a href=\"https:\/\/site-stg1.ctbz.com.br\/contabilidade-online\/fator-r-simples-nacional\/\" target=\"_blank\" rel=\"noreferrer noopener\">Fator-R<\/a>&nbsp;e sobre o&nbsp;<a href=\"https:\/\/site-stg1.ctbz.com.br\/contabilidade-online\/o-que-e-o-pro-labore\/\" target=\"_blank\" rel=\"noreferrer noopener\">pr\u00f3-labore<\/a>. O lucro l\u00edquido atual \u00e9 de R$ 13.458,74, com a possibilidade de conceder cr\u00e9ditos tribut\u00e1rios de R$ 1.387,50 para clientes no Lucro Real. Ap\u00f3s a reforma, a tributa\u00e7\u00e3o neste regime permanece a mesma, mas os cr\u00e9ditos dispon\u00edveis caem para R$ 441,90.<\/p>\n\n\n\n<figure class=\"wp-block-table\"><table><tbody><tr><td><strong>Faturamento<\/strong><\/td><td>R$ 15.000,0<\/td><\/tr><tr><td><strong>Valor em impostos no SN<\/strong><\/td><td>R$ 1.541,26<\/td><\/tr><tr><td><strong>Lucro l\u00edquido<\/strong><\/td><td>R$ 13.458,74<\/td><\/tr><tr><td><strong>Gera\u00e7\u00e3o de cr\u00e9ditos para o tomador do servi\u00e7o<\/strong><\/td><td>R$ 441,90<\/td><\/tr><\/tbody><\/table><\/figure>\n\n\n\n<h3 class=\"wp-block-heading\">Cen\u00e1rio B: Simples Nacional H\u00edbrido<\/h3>\n\n\n\n<p>Neste regime, a empresa do Simples Nacional pode optar por pagar os impostos sobre consumo (IBS e CBS) por fora da<a href=\"https:\/\/site-stg1.ctbz.com.br\/contabilidade-online\/das-documento-arrecadacao-simples-nacional\/\" target=\"_blank\" rel=\"noreferrer noopener\">&nbsp;DAS<\/a>, a guia de recolhimento de impostos do SN. Isso porque, desta forma, seria poss\u00edvel gerar os cr\u00e9ditos tribut\u00e1rios de forma integral e se manter competitivo frente aos seus clientes PJs, al\u00e9m de tamb\u00e9m poder aproveitar cr\u00e9ditos tribut\u00e1rios em rela\u00e7\u00e3o aos tributos pagos sobre suas compras e servi\u00e7os contratados.&nbsp;<\/p>\n\n\n\n<p>Mas, aqui, o cuidado \u00e9 que para isso, h\u00e1 o aumento da carga tribut\u00e1ria e sua empresa vai pagar o valor da al\u00edquota cheia, assim como as empresas do Lucro Real. Por isso, deve-se tomar esta decis\u00e3o consultando seu contador e avaliando o impacto direto no caixa.&nbsp;<\/p>\n\n\n\n<p>A op\u00e7\u00e3o por esse regime vai se dar de forma semestral, em janeiro e julho, com ades\u00e3o respectivamente nos meses de setembro e abril.&nbsp;<\/p>\n\n\n\n<p>Vamos ao exemplo.&nbsp;<\/p>\n\n\n\n<p>Os cr\u00e9ditos tribut\u00e1rios para&nbsp; seus clientes PJ aumentam para R$ 1.590,00, mas os impostos sobem para R$ 2.689,36, reduzindo o lucro l\u00edquido para R$12.310,64. No entanto, nesta op\u00e7\u00e3o do Simples Nacional a empresa tamb\u00e9m pode aproveitar cr\u00e9ditos de IVA sobre suas compras para reduzir a carga final de impostos a pagar.<\/p>\n\n\n\n<figure class=\"wp-block-table\"><table><tbody><tr><td><strong>Faturamento<\/strong><\/td><td>R$ 15.000,00<\/td><\/tr><tr><td><strong>Valor em impostos no SN H\u00edbrido<\/strong><\/td><td>R$ 2.689,36<\/td><\/tr><tr><td><strong>Lucro l\u00edquido<\/strong><\/td><td>R$ 12.310,64<\/td><\/tr><tr><td><strong>Gera\u00e7\u00e3o de cr\u00e9ditos para o tomador do servi\u00e7o<\/strong><\/td><td>R$ 1.590,00<\/td><\/tr><\/tbody><\/table><\/figure>\n\n\n\n<h3 class=\"wp-block-heading\">Cen\u00e1rio C: Lucro Presumido<\/h3>\n\n\n\n<p>Com tributos de R$ 3.179,72 e cr\u00e9ditos de R$1.590,00, o lucro l\u00edquido cai mais ainda, ficando em R$ 11.820,28, tamb\u00e9m&nbsp; sendo poss\u00edvel abater impostos via cr\u00e9ditos tribut\u00e1rios sobre compras e servi\u00e7os consumidos.<\/p>\n\n\n\n<p>Ao optar por um regime que aumenta os cr\u00e9ditos para clientes pessoas jur\u00eddicas, mesmo com a redu\u00e7\u00e3o do lucro l\u00edquido devido ao aumento dos impostos, a empresa ainda pode reduzir a carga tribut\u00e1ria total utilizando os cr\u00e9ditos tribut\u00e1rios gerados pelo consumo pr\u00f3prio. Al\u00e9m disso, para mitigar o impacto do aumento da tributa\u00e7\u00e3o, a empresa pode negociar um reajuste no pre\u00e7o do servi\u00e7o, j\u00e1 que o cliente ter\u00e1 um custo de aquisi\u00e7\u00e3o reduzido ao aproveitar cr\u00e9ditos tribut\u00e1rios maiores, permitindo a voc\u00ea manter um lucro l\u00edquido igual ou pr\u00f3ximo ao obtido no regime atual e mais simplificado.<\/p>\n\n\n\n<p>Se a maioria dos servi\u00e7os for destinada a pessoas f\u00edsicas, permanecer no Simples Nacional regular \u00e9 a escolha mais vantajosa, pois a carga tribut\u00e1ria se mant\u00e9m e pessoas f\u00edsicas n\u00e3o podem utilizar cr\u00e9ditos tribut\u00e1rios.<\/p>\n\n\n\n<figure class=\"wp-block-table\"><table><tbody><tr><td><strong>Faturamento<\/strong><\/td><td>R$ 15.000,0<\/td><\/tr><tr><td><strong>Valor em impostos LP<\/strong><\/td><td>R$ 3.179,72<\/td><\/tr><tr><td><strong>Lucro l\u00edquido<\/strong><\/td><td>R$ 11.820,28<\/td><\/tr><tr><td><strong>Gera\u00e7\u00e3o de cr\u00e9ditos para o tomador do servi\u00e7o<\/strong><\/td><td>1.590,00<\/td><\/tr><\/tbody><\/table><\/figure>\n\n\n\n<figure class=\"wp-block-image size-full\"><a href=\"https:\/\/www.contabilizei.com.br\/calculadora-reforma-tributaria\/\" target=\"_blank\" rel=\" noreferrer noopener\"><img loading=\"lazy\" decoding=\"async\" width=\"615\" height=\"300\" src=\"https:\/\/www.contabilizei.com.br\/reforma-tributaria\/wp-content\/uploads\/2025\/06\/KV-2-Copy-2-5.webp\" alt=\"\" class=\"wp-image-40295\" srcset=\"https:\/\/www.contabilizei.com.br\/reforma-tributaria\/wp-content\/uploads\/2025\/06\/KV-2-Copy-2-5.webp 615w, https:\/\/www.contabilizei.com.br\/reforma-tributaria\/wp-content\/uploads\/2025\/06\/KV-2-Copy-2-5-300x146.webp 300w\" sizes=\"auto, (max-width: 615px) 100vw, 615px\" \/><\/a><\/figure>\n\n\n\n<h2 class=\"wp-block-heading\" class=\"wp-block-heading\" id=\"split-payment-e-seu-impacto\">Split Payment e seu impacto<\/h2>\n\n\n\n<p>O<a href=\"https:\/\/site-stg1.ctbz.com.br\/contabilidade-online\/como-calcular-split-payment-no-fluxo-de-caixa-apos-a-reforma-tributaria\/\" target=\"_blank\" rel=\"noreferrer noopener\">&nbsp;<em>split payment<\/em><\/a>&nbsp;\u00e9 um sistema de pagamento que antecipa o recolhimento de impostos no momento da transa\u00e7\u00e3o. Para todos os neg\u00f3cios, isso significa que os tributos ser\u00e3o automaticamente retidos quando o servi\u00e7o for cobrado, impactando o fluxo de caixa. Embora simplifique a arrecada\u00e7\u00e3o, essa antecipa\u00e7\u00e3o pode exigir maior planejamento financeiro para gerenciar os recursos dispon\u00edveis.<\/p>\n\n\n\n<p>O novo sistema tribut\u00e1rio ser\u00e1 implementado gradualmente, sendo regulamentado durante os anos de 2024 e 2025,&nbsp; iniciando a transi\u00e7\u00e3o em 2026 e concluindo em 2033, oferecendo tempo para os profissionais se adaptarem \u00e0s mudan\u00e7as.<\/p>\n\n\n\n<p>Vale lembrar que empresas optantes pelo Simples Nacional n\u00e3o ter\u00e3o altera\u00e7\u00e3o na carga tribut\u00e1ria, o regime permanece sendo beneficiado e simplificado. No entanto, com a nova metodologia de utiliza\u00e7\u00e3o de cr\u00e9ditos tribut\u00e1rios e dependendo do tipo de opera\u00e7\u00e3o realizado pela empresa, ser\u00e1 necess\u00e1rio uma avalia\u00e7\u00e3o junto \u00e0 contabilidade da empresa, se o formato atual de tributa\u00e7\u00e3o continuar\u00e1 sendo o mais vantajoso ou n\u00e3o.<\/p>\n\n\n\n<h2 class=\"wp-block-heading\" class=\"wp-block-heading\" id=\"conte-com-a-contabilizei\">Conte com a Contabilizei<\/h2>\n\n\n\n<p>Os m\u00e9dicos devem se manter informados sobre as atualiza\u00e7\u00f5es e buscar orienta\u00e7\u00e3o profissional para se adaptarem adequadamente \u00e0s novas regras tribut\u00e1rias. A&nbsp;<a href=\"https:\/\/www.contabilizei.com.br\/sobre\/sobre-a-contabilizei\/\" target=\"_blank\" rel=\"noreferrer noopener\">Contabilizei&nbsp;<\/a>est\u00e1 pronta para oferecer todo o&nbsp;<a href=\"https:\/\/www.contabilizei.com.br\/escritorio-contabilidade-online\/\" target=\"_blank\" rel=\"noreferrer noopener\">suporte necess\u00e1rio nesse processo de transi\u00e7\u00e3o<\/a>, garantindo que os m\u00e9dicos possam continuar exercendo sua profiss\u00e3o com efici\u00eancia e qualidade.<\/p>\n","protected":false},"excerpt":{"rendered":"<p>A Reforma Tribut\u00e1ria brasileira, que est\u00e1 em fase de regulamenta\u00e7\u00e3o, trar\u00e1 um beneficiamento significativo para os m\u00e9dicos e para o&#8230;<\/p>\n","protected":false},"author":88,"featured_media":38803,"template":"","reforma_post_category":[354],"reforma_post_trail":[366],"class_list":{"0":"post-39302","1":"reforma_post","2":"type-reforma_post","3":"status-publish","4":"has-post-thumbnail","6":"reforma_post_category-profissoes","7":"reforma_post_trail-aprofunde-cenarios-da-sua-profissao"},"yoast_head":"<!-- This site is optimized with the Yoast SEO plugin v27.5 - https:\/\/yoast.com\/product\/yoast-seo-wordpress\/ -->\n<title>Reforma tribut\u00e1ria para m\u00e9dicos: o que muda para a \u00e1rea? | Blog da Contabilizei<\/title>\n<meta name=\"description\" content=\"Entenda como vai funcionar a Reforma tribut\u00e1ria para m\u00e9dicos aprovada em 2023 e prepare seu CNPJ para as mudan\u00e7as.\" \/>\n<meta name=\"robots\" content=\"index, follow\" \/>\n<link rel=\"canonical\" href=\"https:\/\/www.contabilizei.com.br\/reforma-tributaria\/artigo\/reforma-tributaria-para-medicos-o-que-muda-para-a-area\/\" \/>\n<meta property=\"og:locale\" content=\"pt_BR\" \/>\n<meta property=\"og:type\" content=\"article\" \/>\n<meta property=\"og:title\" content=\"Reforma tribut\u00e1ria para m\u00e9dicos: o que muda para a \u00e1rea? | Blog da Contabilizei\" \/>\n<meta property=\"og:description\" content=\"Entenda como vai funcionar a Reforma tribut\u00e1ria para m\u00e9dicos aprovada em 2023 e prepare seu CNPJ para as mudan\u00e7as.\" \/>\n<meta property=\"og:url\" content=\"https:\/\/www.contabilizei.com.br\/reforma-tributaria\/artigo\/reforma-tributaria-para-medicos-o-que-muda-para-a-area\/\" \/>\n<meta property=\"og:site_name\" content=\"Blog da Contabilizei\" \/>\n<meta property=\"article:publisher\" content=\"https:\/\/www.facebook.com\/Contabilizei\/\" \/>\n<meta property=\"article:modified_time\" content=\"2026-03-25T20:19:59+00:00\" \/>\n<meta property=\"og:image\" content=\"https:\/\/www.contabilizei.com.br\/reforma-tributaria\/wp-content\/uploads\/2022\/06\/atendimento-medico-blog-contabilizei.png\" \/>\n\t<meta property=\"og:image:width\" content=\"1200\" \/>\n\t<meta property=\"og:image:height\" content=\"628\" \/>\n\t<meta property=\"og:image:type\" content=\"image\/png\" \/>\n<meta name=\"twitter:card\" content=\"summary_large_image\" \/>\n<meta name=\"twitter:site\" content=\"@contabilizei\" \/>\n<meta name=\"twitter:label1\" content=\"Est. tempo de leitura\" \/>\n\t<meta name=\"twitter:data1\" content=\"7 minutos\" \/>\n<!-- \/ Yoast SEO plugin. -->","yoast_head_json":{"title":"Reforma tribut\u00e1ria para m\u00e9dicos: o que muda para a \u00e1rea? | Blog da Contabilizei","description":"Entenda como vai funcionar a Reforma tribut\u00e1ria para m\u00e9dicos aprovada em 2023 e prepare seu CNPJ para as mudan\u00e7as.","robots":{"index":"index","follow":"follow"},"canonical":"https:\/\/www.contabilizei.com.br\/reforma-tributaria\/artigo\/reforma-tributaria-para-medicos-o-que-muda-para-a-area\/","og_locale":"pt_BR","og_type":"article","og_title":"Reforma tribut\u00e1ria para m\u00e9dicos: o que muda para a \u00e1rea? | Blog da Contabilizei","og_description":"Entenda como vai funcionar a Reforma tribut\u00e1ria para m\u00e9dicos aprovada em 2023 e prepare seu CNPJ para as mudan\u00e7as.","og_url":"https:\/\/www.contabilizei.com.br\/reforma-tributaria\/artigo\/reforma-tributaria-para-medicos-o-que-muda-para-a-area\/","og_site_name":"Blog da Contabilizei","article_publisher":"https:\/\/www.facebook.com\/Contabilizei\/","article_modified_time":"2026-03-25T20:19:59+00:00","og_image":[{"width":1200,"height":628,"url":"https:\/\/www.contabilizei.com.br\/reforma-tributaria\/wp-content\/uploads\/2022\/06\/atendimento-medico-blog-contabilizei.png","type":"image\/png"}],"twitter_card":"summary_large_image","twitter_site":"@contabilizei","twitter_misc":{"Est. tempo de leitura":"7 minutos"},"schema":{"@context":"https:\/\/schema.org","@graph":[{"@type":"WebPage","@id":"https:\/\/www.contabilizei.com.br\/reforma-tributaria\/artigo\/reforma-tributaria-para-medicos-o-que-muda-para-a-area\/","url":"https:\/\/www.contabilizei.com.br\/reforma-tributaria\/artigo\/reforma-tributaria-para-medicos-o-que-muda-para-a-area\/","name":"Reforma tribut\u00e1ria para m\u00e9dicos: o que muda para a \u00e1rea? | Blog da Contabilizei","isPartOf":{"@id":"https:\/\/www.contabilizei.com.br\/reforma-tributaria\/#website"},"primaryImageOfPage":{"@id":"https:\/\/www.contabilizei.com.br\/reforma-tributaria\/artigo\/reforma-tributaria-para-medicos-o-que-muda-para-a-area\/#primaryimage"},"image":{"@id":"https:\/\/www.contabilizei.com.br\/reforma-tributaria\/artigo\/reforma-tributaria-para-medicos-o-que-muda-para-a-area\/#primaryimage"},"thumbnailUrl":"https:\/\/www.contabilizei.com.br\/reforma-tributaria\/wp-content\/uploads\/2022\/06\/atendimento-medico-blog-contabilizei.png","datePublished":"2025-06-24T20:27:23+00:00","dateModified":"2026-03-25T20:19:59+00:00","description":"Entenda como vai funcionar a Reforma tribut\u00e1ria para m\u00e9dicos aprovada em 2023 e prepare seu CNPJ para as mudan\u00e7as.","breadcrumb":{"@id":"https:\/\/www.contabilizei.com.br\/reforma-tributaria\/artigo\/reforma-tributaria-para-medicos-o-que-muda-para-a-area\/#breadcrumb"},"inLanguage":"pt-BR","potentialAction":[{"@type":"ReadAction","target":["https:\/\/www.contabilizei.com.br\/reforma-tributaria\/artigo\/reforma-tributaria-para-medicos-o-que-muda-para-a-area\/"]}]},{"@type":"ImageObject","inLanguage":"pt-BR","@id":"https:\/\/www.contabilizei.com.br\/reforma-tributaria\/artigo\/reforma-tributaria-para-medicos-o-que-muda-para-a-area\/#primaryimage","url":"https:\/\/www.contabilizei.com.br\/reforma-tributaria\/wp-content\/uploads\/2022\/06\/atendimento-medico-blog-contabilizei.png","contentUrl":"https:\/\/www.contabilizei.com.br\/reforma-tributaria\/wp-content\/uploads\/2022\/06\/atendimento-medico-blog-contabilizei.png","width":1200,"height":628},{"@type":"BreadcrumbList","@id":"https:\/\/www.contabilizei.com.br\/reforma-tributaria\/artigo\/reforma-tributaria-para-medicos-o-que-muda-para-a-area\/#breadcrumb","itemListElement":[{"@type":"ListItem","position":1,"name":"Home","item":"https:\/\/www.contabilizei.com.br\/reforma-tributaria\/"},{"@type":"ListItem","position":2,"name":"Posts - Reforma Tribut\u00e1ria","item":"https:\/\/www.contabilizei.com.br\/reforma-tributaria\/artigo\/"},{"@type":"ListItem","position":3,"name":"Reforma tribut\u00e1ria para m\u00e9dicos: o que muda para a \u00e1rea?"}]},{"@type":"WebSite","@id":"https:\/\/www.contabilizei.com.br\/reforma-tributaria\/#website","url":"https:\/\/www.contabilizei.com.br\/reforma-tributaria\/","name":"Hub da Reforma tribut\u00e1ria","description":"Apoiando o empreendedorismo desde 2013","potentialAction":[{"@type":"SearchAction","target":{"@type":"EntryPoint","urlTemplate":"https:\/\/www.contabilizei.com.br\/reforma-tributaria\/?s={search_term_string}"},"query-input":{"@type":"PropertyValueSpecification","valueRequired":true,"valueName":"search_term_string"}}],"inLanguage":"pt-BR"}]}},"_links":{"self":[{"href":"https:\/\/www.contabilizei.com.br\/reforma-tributaria\/wp-json\/wp\/v2\/reforma_post\/39302","targetHints":{"allow":["GET"]}}],"collection":[{"href":"https:\/\/www.contabilizei.com.br\/reforma-tributaria\/wp-json\/wp\/v2\/reforma_post"}],"about":[{"href":"https:\/\/www.contabilizei.com.br\/reforma-tributaria\/wp-json\/wp\/v2\/types\/reforma_post"}],"author":[{"embeddable":true,"href":"https:\/\/www.contabilizei.com.br\/reforma-tributaria\/wp-json\/wp\/v2\/users\/88"}],"version-history":[{"count":6,"href":"https:\/\/www.contabilizei.com.br\/reforma-tributaria\/wp-json\/wp\/v2\/reforma_post\/39302\/revisions"}],"predecessor-version":[{"id":40386,"href":"https:\/\/www.contabilizei.com.br\/reforma-tributaria\/wp-json\/wp\/v2\/reforma_post\/39302\/revisions\/40386"}],"wp:featuredmedia":[{"embeddable":true,"href":"https:\/\/www.contabilizei.com.br\/reforma-tributaria\/wp-json\/wp\/v2\/media\/38803"}],"wp:attachment":[{"href":"https:\/\/www.contabilizei.com.br\/reforma-tributaria\/wp-json\/wp\/v2\/media?parent=39302"}],"wp:term":[{"taxonomy":"reforma_post_category","embeddable":true,"href":"https:\/\/www.contabilizei.com.br\/reforma-tributaria\/wp-json\/wp\/v2\/reforma_post_category?post=39302"},{"taxonomy":"reforma_post_trail","embeddable":true,"href":"https:\/\/www.contabilizei.com.br\/reforma-tributaria\/wp-json\/wp\/v2\/reforma_post_trail?post=39302"}],"curies":[{"name":"wp","href":"https:\/\/api.w.org\/{rel}","templated":true}]}}