{"id":39301,"date":"2025-06-24T17:22:42","date_gmt":"2025-06-24T20:22:42","guid":{"rendered":"https:\/\/www.contabilizei.com.br\/contabilidade-online\/?post_type=reforma_post&#038;p=39301"},"modified":"2026-03-25T17:12:50","modified_gmt":"2026-03-25T20:12:50","slug":"como-a-reforma-tributaria-muda-a-margem-de-ganhos-do-autonomo","status":"publish","type":"reforma_post","link":"https:\/\/www.contabilizei.com.br\/reforma-tributaria\/artigo\/como-a-reforma-tributaria-muda-a-margem-de-ganhos-do-autonomo\/","title":{"rendered":"Como a Reforma Tribut\u00e1ria muda a margem de ganhos do aut\u00f4nomo?"},"content":{"rendered":"\n<p>A&nbsp;Reforma Tribut\u00e1ria&nbsp;traz mudan\u00e7as importantes para quem tem empresa no<strong>&nbsp;Lucro Presumido e Lucro Real, afetando diretamente a margem de ganho dos aut\u00f4nomos<\/strong>&nbsp;que atuam sob esses regimes. J\u00e1 para quem est\u00e1 no<strong>&nbsp;Simples Nacional<\/strong>, os<strong>&nbsp;impactos s\u00e3o indiretos,<\/strong>&nbsp;mas ainda significativos dependendo do tipo de cliente atendido e ir\u00e3o afetar o neg\u00f3cio dos pequenos neg\u00f3cios.<\/p>\n\n\n\n<p>Vamos pensar em profissionais da sa\u00fade, como dentista,&nbsp;<a href=\"https:\/\/site-stg1.ctbz.com.br\/contabilidade-online\/crm-medico\/\" target=\"_blank\" rel=\"noreferrer noopener\">m\u00e9dico<\/a>, psic\u00f3logo, fonoaudi\u00f3logo e fisioterapeuta que prestam servi\u00e7os em uma cl\u00ednica e tem o CNPJ enquadrado no Lucro Presumido.<\/p>\n\n\n\n<p>Hoje, eles pagam 8,65% de impostos sobre o consumo (PIS, Cofins e ISS). Com a reforma, essa al\u00edquota vai subir para 10,60%. J\u00e1 para cl\u00ednicas desses profissionais no Lucro Real, a carga tribut\u00e1ria sobre o consumo vai cair de 14,25% para 10,60%. <\/p>\n\n\n\n<p>O que pode aliviar um pouco \u00e9 a possibilidade de usar cr\u00e9ditos de impostos pagos em compras e servi\u00e7os contratados para abater o valor final a pagar.&nbsp;<\/p>\n\n\n\n<p>Imagine como se fosse uma compra no supermercado, em que voc\u00ea pode usar cupons de desconto. Quanto mais \u201ccupons\u201d (ou&nbsp;<a href=\"https:\/\/site-stg1.ctbz.com.br\/contabilidade-online\/o-que-e-credito-tributario-na-reforma-tributaria-e-como-isso-afeta-o-preco-do-seu-produto\/\" target=\"_blank\" rel=\"noreferrer noopener\">cr\u00e9ditos tribut\u00e1rios<\/a>) voc\u00ea acumular, menor ser\u00e1 o valor final do seu \u201ccarrinho de impostos\u201d.<\/p>\n\n\n\n<p>Para quem atua no Simples Nacional, como dentistas que prestam servi\u00e7os principalmente para pessoas f\u00edsicas, a al\u00edquota de impostos n\u00e3o muda. Mas, se o dentista tamb\u00e9m atende empresas, ele pode perder competitividade. Isso porque empresas que operam no Lucro Real ou Presumido v\u00e3o oferecer vantagens financeiras ao poder descontar esses&nbsp;cr\u00e9ditos tribut\u00e1rios, o que pode refletir em pre\u00e7os mais baixos para os servi\u00e7os.<\/p>\n\n\n\n<p>Esse cen\u00e1rio n\u00e3o \u00e9 exclusivo para dentistas \u2014 vale tamb\u00e9m para outros profissionais da sa\u00fade, como m\u00e9dicos e&nbsp;<a href=\"https:\/\/site-stg1.ctbz.com.br\/contabilidade-online\/psicologo-mei-cnpj\/\" target=\"_blank\" rel=\"noreferrer noopener\">psic\u00f3logos<\/a>. Para os profissionais liberais de outras \u00e1reas, como advogados, arquitetos e engenheiros, a al\u00edquota passar\u00e1 a ser de 18,55%, mas tamb\u00e9m com a vantagem de aproveitar os&nbsp;<a href=\"https:\/\/site-stg1.ctbz.com.br\/contabilidade-online\/o-que-e-credito-tributario-na-reforma-tributaria-e-como-isso-afeta-o-preco-do-seu-produto\/\" target=\"_blank\" rel=\"noreferrer noopener\">cr\u00e9ditos tribut\u00e1rios<\/a>&nbsp;das suas compras e servi\u00e7os.<\/p>\n\n\n\n<p>Mas n\u00e3o se preocupe, vamos te explicar tudo direitinho para que voc\u00ea possa se planejar e continuar garantindo seus ganhos.<\/p>\n\n\n\n<h2 class=\"wp-block-heading\" id=\"o-que-sabemos-da-reforma-tributaria-ate-agora\">O que sabemos da Reforma Tribut\u00e1ria at\u00e9 agora?<\/h2>\n\n\n\n<p>Embora a Reforma j\u00e1 tenha sido aprovada, a implementa\u00e7\u00e3o vai come\u00e7ar s\u00f3 em 2026, e ainda haver\u00e1 discuss\u00f5es para ajustar os detalhes.&nbsp;<\/p>\n\n\n\n<p><strong>O novo sistema vai funcionar com o Imposto sobre Valor Agregado (IVA), que ter\u00e1 uma al\u00edquota geral de 26,50% (pass\u00edvel de altera\u00e7\u00f5es durante a regulamenta\u00e7\u00e3o da Reforma), com redu\u00e7\u00f5es de 60% para a sa\u00fade (ficando em 10,60%) e 30% para outros profissionais liberais (ficando em 18,55%)<\/strong>. <\/p>\n\n\n\n<p>O IVA ser\u00e1 dividido em dois tributos: o Imposto sobre Bens e Servi\u00e7os (IBS), que substitui ISS e ICMS, e a&nbsp;<a href=\"https:\/\/site-stg1.ctbz.com.br\/contabilidade-online\/cbs-imposto\/\" target=\"_blank\" rel=\"noreferrer noopener\">Contribui\u00e7\u00e3o sobre Bens e Servi\u00e7os<\/a>&nbsp;(<a href=\"https:\/\/site-stg1.ctbz.com.br\/contabilidade-online\/cbs-imposto\/\" target=\"_blank\" rel=\"noreferrer noopener\">CBS<\/a>), que vai substituir PIS, Cofins e IPI.<\/p>\n\n\n\n<h2 class=\"wp-block-heading\" id=\"o-que-muda-em-impostos-para-o-autonomo-com-a-reforma-tributaria\">O que muda em impostos para o aut\u00f4nomo com a Reforma Tribut\u00e1ria?<\/h2>\n\n\n\n<p>A&nbsp;<a href=\"https:\/\/www.contabilizei.com.br\/reforma-tributaria\/\" target=\"_blank\" rel=\"noreferrer noopener\">Reforma Tribut\u00e1ria<\/a>&nbsp;traz duas mudan\u00e7as principais que impactam diretamente o aut\u00f4nomo com CNPJ.&nbsp;<\/p>\n\n\n\n<p>A primeira \u00e9 a<strong>&nbsp;substitui\u00e7\u00e3o dos impostos que incidem sobre o consumo<\/strong>, e a segunda \u00e9 a&nbsp;<strong>nova forma de tributar as opera\u00e7\u00f5es de venda de servi\u00e7os e produtos<\/strong>, permitindo que o&nbsp;<strong>imposto a ser pago possa ser abatido pelos impostos pagos em compras e servi\u00e7os&nbsp;<\/strong>contratados pela empresa. Isso pode representar uma economia significativa, principalmente para quem depende de insumos e servi\u00e7os de terceiros para operar.<\/p>\n\n\n\n<h3 class=\"wp-block-heading\">Impostos antes da Reforma Tribut\u00e1ria&nbsp;<\/h3>\n\n\n\n<p>Atualmente, um aut\u00f4nomo com CNPJ \u00e9 tributado por diferentes impostos, organizados em tr\u00eas categorias:&nbsp;<strong>impostos sobre o consumo<\/strong>,&nbsp;<strong>impostos sobre a renda&nbsp;<\/strong>e&nbsp;<strong>impostos sobre a folha de pagamento<\/strong>.<\/p>\n\n\n\n<p><strong>Impostos sobre consumo:<\/strong><\/p>\n\n\n\n<ul class=\"wp-block-list\">\n<li><strong>PIS<\/strong>: Programa de Integra\u00e7\u00e3o Social.<\/li>\n\n\n\n<li><strong>Cofins<\/strong>: Contribui\u00e7\u00e3o para o Financiamento da Seguridade Social.<\/li>\n\n\n\n<li><strong>ISS<\/strong>: Imposto sobre Servi\u00e7os, que \u00e9 municipal e incide sobre a presta\u00e7\u00e3o de servi\u00e7os.<\/li>\n\n\n\n<li><strong>ICMS<\/strong>: Imposto sobre Circula\u00e7\u00e3o de Mercadorias e Servi\u00e7os, de compet\u00eancia estadual.<\/li>\n\n\n\n<li><strong>IPI<\/strong>: Imposto sobre Produtos Industrializados, aplicado na venda de produtos industrializados.<\/li>\n<\/ul>\n\n\n\n<p><strong>Impostos sobre a Renda:<\/strong><\/p>\n\n\n\n<ul class=\"wp-block-list\">\n<li><strong>IRPF<\/strong>: Imposto de Renda de Pessoa F\u00edsica.<\/li>\n\n\n\n<li><strong>CSLL<\/strong>: Contribui\u00e7\u00e3o Social sobre o Lucro L\u00edquido.<\/li>\n<\/ul>\n\n\n\n<p><strong>Impostos sobre folha de pagamento<\/strong><\/p>\n\n\n\n<ul class=\"wp-block-list\">\n<li><strong>INSS Patronal<\/strong>: Instituto Nacional do Seguro Social, pago pela empresa sobre os sal\u00e1rios dos empregados e s\u00f3cios.<\/li>\n\n\n\n<li><strong>INSS Pessoa F\u00edsica S\u00f3cio<\/strong>: Pago sobre a remunera\u00e7\u00e3o dos s\u00f3cios da empresa.<\/li>\n\n\n\n<li><strong>IRPF S\u00f3cio<\/strong>: Imposto de Renda de Pessoa F\u00edsica dos s\u00f3cios, aplicado sobre os rendimentos pessoais.<\/li>\n<\/ul>\n\n\n\n<p>Esses tributos geram uma carga tribut\u00e1ria significativa, especialmente para profissionais liberais como advogados, m\u00e9dicos, engenheiros, e outros prestadores de servi\u00e7os.<\/p>\n\n\n\n<h3 class=\"wp-block-heading\">Impostos depois da Reforma Tribut\u00e1ria<\/h3>\n\n\n\n<p>Com a Reforma, o cen\u00e1rio dos impostos sobre o consumo muda drasticamente. Os tributos&nbsp;<strong>PIS, Cofins, ISS, ICMS e IPI ser\u00e3o extintos<\/strong>, sendo substitu\u00eddos por dois novos tributos:<\/p>\n\n\n\n<ul class=\"wp-block-list\">\n<li><strong>IBS&nbsp;<\/strong>(Imposto sobre Bens e Servi\u00e7os): Este imposto substituir\u00e1 o ISS e o ICMS, simplificando a tributa\u00e7\u00e3o sobre a circula\u00e7\u00e3o de servi\u00e7os e mercadorias.<\/li>\n\n\n\n<li><strong><a href=\"https:\/\/site-stg1.ctbz.com.br\/contabilidade-online\/cbs-imposto\/\">CBS<\/a>&nbsp;<\/strong>(<a href=\"https:\/\/site-stg1.ctbz.com.br\/contabilidade-online\/cbs-imposto\/\">Contribui\u00e7\u00e3o sobre Bens e Servi\u00e7os<\/a>): Substitui o PIS, Cofins e IPI, sendo um tributo \u00fanico que incide sobre o consumo de bens e servi\u00e7os.<\/li>\n<\/ul>\n\n\n\n<p><strong>Um exemplo pr\u00e1tico:<\/strong>&nbsp;imagine que um arquiteto precise comprar materiais de constru\u00e7\u00e3o para realizar um projeto. No modelo atual, ele paga PIS, Cofins, ICMS e ISS, sem a possibilidade de abater diretamente esses impostos de sua pr\u00f3pria carga tribut\u00e1ria.<\/p>\n\n\n\n<p>Com a Reforma, o arquiteto poder\u00e1 usar os impostos pagos sobre os materiais comprados como \u201c<a href=\"https:\/\/site-stg1.ctbz.com.br\/contabilidade-online\/o-que-e-credito-tributario-na-reforma-tributaria-e-como-isso-afeta-o-preco-do-seu-produto\/\" data-type=\"link\" data-id=\"https:\/\/site-stg1.ctbz.com.br\/-tributaria\/o-que-e-credito-tributario-na-reforma-tributaria-e-como-isso-afeta-o-preco-do-seu-produto\/\">cr\u00e9ditos tribut\u00e1rios<\/a>\u201d, que ser\u00e3o abatidos do valor que ele deve pagar em IBS e&nbsp;<a href=\"https:\/\/site-stg1.ctbz.com.br\/contabilidade-online\/cbs-imposto\/\">CBS<\/a>&nbsp;no futuro. Isso funciona como se ele tivesse \u201cpontos de desconto\u201d, o que pode reduzir bastante o valor final a ser pago.<\/p>\n\n\n\n<p>Apesar de a carga tribut\u00e1ria ser maior sobre o consumo (com al\u00edquotas mais altas para alguns setores), a possibilidade de utilizar&nbsp;<a href=\"https:\/\/site-stg1.ctbz.com.br\/contabilidade-online\/o-que-e-credito-tributario-na-reforma-tributaria-e-como-isso-afeta-o-preco-do-seu-produto\/\">cr\u00e9ditos tribut\u00e1rios<\/a>&nbsp;para abatimento pode aliviar esse aumento, especialmente para profissionais que compram muitos insumos ou contratam servi\u00e7os regularmente.<\/p>\n\n\n\n<figure class=\"wp-block-image size-full\"><a href=\"https:\/\/www.contabilizei.com.br\/calculadora-reforma-tributaria\/\" target=\"_blank\" rel=\" noreferrer noopener\"><img loading=\"lazy\" decoding=\"async\" width=\"615\" height=\"300\" src=\"https:\/\/www.contabilizei.com.br\/reforma-tributaria\/wp-content\/uploads\/2025\/06\/KV-1-Copy-2-4.webp\" alt=\"\" class=\"wp-image-40292\" srcset=\"https:\/\/www.contabilizei.com.br\/reforma-tributaria\/wp-content\/uploads\/2025\/06\/KV-1-Copy-2-4.webp 615w, https:\/\/www.contabilizei.com.br\/reforma-tributaria\/wp-content\/uploads\/2025\/06\/KV-1-Copy-2-4-300x146.webp 300w\" sizes=\"auto, (max-width: 615px) 100vw, 615px\" \/><\/a><\/figure>\n\n\n\n<h3 class=\"wp-block-heading\">O que n\u00e3o muda com a Reforma?<\/h3>\n\n\n\n<p><strong>\u00c9 importante lembrar que a Reforma n\u00e3o altera os impostos sobre a renda e a folha de pagamento. Assim, tributos como IRPF, CSLL, INSS Patronal e INSS e IRPF dos s\u00f3cios continuam sendo cobrados no formato atual.&nbsp;<\/strong>Esses tributos n\u00e3o est\u00e3o inclu\u00eddos nas mudan\u00e7as propostas pela&nbsp;Reforma Tribut\u00e1ria.<\/p>\n\n\n\n<p>Com a implementa\u00e7\u00e3o dessas mudan\u00e7as a partir de 2026, a expectativa \u00e9 que o novo sistema seja mais simples e eficiente, ao mesmo tempo em que oferece algumas vantagens em termos de abatimentos de impostos, ajudando profissionais aut\u00f4nomos a controlar melhor sua carga tribut\u00e1ria.<\/p>\n\n\n\n<figure class=\"wp-block-embed is-type-video is-provider-youtube wp-block-embed-youtube wp-embed-aspect-16-9 wp-has-aspect-ratio\"><div class=\"wp-block-embed__wrapper\">\n<iframe loading=\"lazy\" title=\"Como a Reforma Tribut\u00e1ria vai mudar o cen\u00e1rio de prestadores de servi\u00e7os no Brasil?\" width=\"640\" height=\"360\" src=\"https:\/\/www.youtube.com\/embed\/DcMTT064P6E?feature=oembed\" frameborder=\"0\" allow=\"accelerometer; autoplay; clipboard-write; encrypted-media; gyroscope; picture-in-picture; web-share\" referrerpolicy=\"strict-origin-when-cross-origin\" allowfullscreen><\/iframe>\n<\/div><\/figure>\n\n\n\n<h2 class=\"wp-block-heading\" id=\"reforma-tributaria-para-autonomos-quais-profissoes-podem-ser-afetadas\">Reforma Tribut\u00e1ria para aut\u00f4nomos: quais profiss\u00f5es podem ser afetadas?<\/h2>\n\n\n\n<p>A&nbsp;Reforma Tribut\u00e1ria&nbsp;afetar\u00e1 todas as atividades econ\u00f4micas com opera\u00e7\u00f5es de consumo de bens e servi\u00e7os desenvolvidas tanto por Pessoas Jur\u00eddicas (PJ) quanto por Pessoas F\u00edsicas (PF), exceto aquelas realizadas no \u00e2mbito de contratos de trabalho regidos pela CLT.<\/p>\n\n\n\n<p><strong>Entre os profissionais aut\u00f4nomos beneficiados est\u00e3o:<\/strong><\/p>\n\n\n\n<ul class=\"wp-block-list\">\n<li>m\u00e9dicos e outros profissionais da sa\u00fade (nutricionistas, fonoaudi\u00f3logos,&nbsp;psic\u00f3logos, fisioterapeutas\u2026)<\/li>\n\n\n\n<li>administradores;<\/li>\n\n\n\n<li>advogados;<\/li>\n\n\n\n<li>arquitetos e urbanistas;<\/li>\n\n\n\n<li>bi\u00f3logos;<\/li>\n\n\n\n<li>contabilistas;<\/li>\n\n\n\n<li>economistas;<\/li>\n\n\n\n<li>profissionais de educa\u00e7\u00e3o f\u00edsica;<\/li>\n\n\n\n<li>engenheiros<\/li>\n\n\n\n<li>agr\u00f4nomos;<\/li>\n\n\n\n<li>estat\u00edsticos;<\/li>\n\n\n\n<li>m\u00e9dicos veterin\u00e1rios<\/li>\n\n\n\n<li>zootecnistas;<\/li>\n\n\n\n<li>muse\u00f3logos;<\/li>\n\n\n\n<li>qu\u00edmicos;<\/li>\n\n\n\n<li>profissionais de rela\u00e7\u00f5es p\u00fablicas,<\/li>\n\n\n\n<li>entre outros.&nbsp;<\/li>\n<\/ul>\n\n\n\n<h2 class=\"wp-block-heading\" id=\"qual-a-aliquota-de-impostos-com-a-nova-reforma-para-autonomos\">Qual a al\u00edquota de impostos com a nova Reforma para aut\u00f4nomos?<\/h2>\n\n\n\n<p>A&nbsp;<strong>regra geral imp\u00f5e uma al\u00edquota de 26,5% sobre o faturamento das empresas<\/strong>, mas lembrando que esse valor pode ser alterado ao longo da regulamenta\u00e7\u00e3o da Reforma.&nbsp; No entanto, algumas profiss\u00f5es e \u00e1reas de neg\u00f3cios foram beneficiadas com uma redu\u00e7\u00e3o nessa al\u00edquota, o que afeta tanto os profissionais liberais aut\u00f4nomos como as empresas do tipo sociedades de profissionais.<\/p>\n\n\n\n<p>De acordo com a proposta de lei que regulamenta os novos impostos, certas categorias de&nbsp;<strong>profissionais liberais ter\u00e3o uma redu\u00e7\u00e3o de 30% na al\u00edquota, resultando em uma carga tribut\u00e1ria de 18,55%<\/strong>.&nbsp;<\/p>\n\n\n\n<p>Al\u00e9m disso,&nbsp;<strong>algumas \u00e1reas de presta\u00e7\u00e3o de servi\u00e7os, venda e\/ou produ\u00e7\u00e3o de mercadorias,&nbsp;<\/strong>&nbsp;<strong>ter\u00e3o uma redu\u00e7\u00e3o ainda maior na al\u00edquota geral, de 60%<\/strong>, resultando em&nbsp;<strong>uma carga tribut\u00e1ria de 10,60%<\/strong>.&nbsp;<\/p>\n\n\n\n<p><strong>Entre os beneficiados com esta redu\u00e7\u00e3o est\u00e3o:<\/strong><\/p>\n\n\n\n<ul class=\"wp-block-list\">\n<li>servi\u00e7os de educa\u00e7\u00e3o (ensino b\u00e1sico e superior);<\/li>\n\n\n\n<li>servi\u00e7os de sa\u00fade (m\u00e9dicos,&nbsp;psic\u00f3logos, nutricionistas, fisioterapeutas, fonoaudi\u00f3logo, entre outras profiss\u00f5es);<\/li>\n\n\n\n<li>dispositivos m\u00e9dicos;<\/li>\n\n\n\n<li>dispositivos de acessibilidade pr\u00f3prios para pessoas com defici\u00eancia;<\/li>\n\n\n\n<li>medicamentos;<\/li>\n\n\n\n<li>alimentos destinados ao consumo humano;<\/li>\n\n\n\n<li>produtos de higiene pessoal e limpeza majoritariamente consumidos por fam\u00edlias de baixa renda;<\/li>\n\n\n\n<li>produtos agropecu\u00e1rios, aqu\u00edcolas, pesqueiros, florestais e extrativistas vegetais in natura;<\/li>\n\n\n\n<li>insumos agropecu\u00e1rios e aqu\u00edcolas;<\/li>\n\n\n\n<li>produ\u00e7\u00f5es nacionais art\u00edsticas, culturais, de eventos, jornal\u00edsticas e audiovisuais;<\/li>\n\n\n\n<li>comunica\u00e7\u00e3o institucional;<\/li>\n\n\n\n<li>atividades desportivas (academias de atividades f\u00edsicas e personal trainer) ;&nbsp;<\/li>\n\n\n\n<li>bens e servi\u00e7os relacionados \u00e0 soberania e \u00e0 seguran\u00e7a nacional, \u00e0 seguran\u00e7a da informa\u00e7\u00e3o e \u00e0 seguran\u00e7a cibern\u00e9tica; e<\/li>\n\n\n\n<li>reabilita\u00e7\u00e3o urbana de zonas hist\u00f3ricas e \u00e1reas cr\u00edticas de recupera\u00e7\u00e3o urban\u00edstica.<\/li>\n<\/ul>\n\n\n\n<h2 class=\"wp-block-heading\" id=\"qual-a-aliquota-de-impostos-com-a-nova-reforma-para-autonomos-no-simples-nacional\">Qual a al\u00edquota de impostos com a nova Reforma para aut\u00f4nomos no Simples Nacional?<\/h2>\n\n\n\n<p>No primeiro momento, para os prestadores de servi\u00e7os do Simples Nacional, os impactos s\u00e3o indiretos, uma vez que as al\u00edquotas do Simples n\u00e3o ser\u00e3o alteradas, mas sim os impostos contidos dentro da DAS.&nbsp;<\/p>\n\n\n\n<p>Assim, as empresas do SN ter\u00e3o&nbsp;<strong>a op\u00e7\u00e3o de recolher os novos impostos fora da guia tradicional<\/strong>, o que permitir\u00e1 o benef\u00edcio dos&nbsp;cr\u00e9ditos tribut\u00e1rios&nbsp;sobre suas compras e servi\u00e7os contratados, al\u00e9m de possibilitar a transfer\u00eancia desses cr\u00e9ditos integralmente para seus clientes. A op\u00e7\u00e3o pode ser interessante para aut\u00f4nomos que prestam servi\u00e7os, predominantemente, para empresas.&nbsp;<\/p>\n\n\n\n<p>Mas \u00e9 necess\u00e1rio o cuidado nesta tomada de decis\u00e3o, uma vez que voc\u00ea n\u00e3o poder\u00e1 alterar o regime tribut\u00e1rio antes de um ano e pode acabar pagando mais impostos.&nbsp;<\/p>\n\n\n\n<p><strong>Dos impactos indiretos podemos destacar:<\/strong><\/p>\n\n\n\n<ul class=\"wp-block-list\">\n<li><strong><a href=\"https:\/\/www.contabilizei.com.br\/reforma-tributaria\/como-calcular-split-payment-no-fluxo-de-caixa-apos-a-reforma-tributaria\/\" target=\"_blank\" rel=\"noreferrer noopener\">Split Payment<\/a>:&nbsp;<\/strong>Quando o prestador de servi\u00e7o estiver sujeito \u00e0 cobran\u00e7a direta dos impostos no momento em que receber o pagamento do tomador, ele deixa de poder utilizar aquele valor no seu fluxo de caixa momentaneamente, uma vez que hoje o vencimento da DAS ocorre no dia 20 do m\u00eas subsequente, enquanto que com o&nbsp;split payment&nbsp;o tributo ser\u00e1 recolhido no momento do recebimento pelo servi\u00e7o prestado.<\/li>\n\n\n\n<li><strong>Potencial perda de competitividade:<\/strong>&nbsp;devido ao menor valor de cr\u00e9dito gerado pelas empresas do Simples, que recolher\u00e3o o IVA dentro da DAS, uma vez que o cr\u00e9dito gerado pelas empresas do Lucro Presumido e Lucro Real ser\u00e1 maior para o tomador que puder se creditar do IVA pela al\u00edquota integral.<\/li>\n\n\n\n<li><strong>Mudan\u00e7a do momento de reconhecimento da tributa\u00e7\u00e3o da receita:<\/strong>&nbsp;podendo ser o momento do pagamento ou da emiss\u00e3o da NF \u2013 o que ocorrer primeiro.<\/li>\n<\/ul>\n\n\n\n<p>Para mais informa\u00e7\u00f5es sobre como a<a href=\"https:\/\/www.contabilizei.com.br\/reforma-tributaria-simples-nacional\/\" target=\"_blank\" rel=\"noreferrer noopener\">&nbsp;Reforma Tribut\u00e1ria afeta as empresas do Simples Nacional<\/a>, consulte nosso outro artigo.<\/p>\n\n\n\n<h2 class=\"wp-block-heading\" id=\"quadro-comparativo-antes-x-depois-da-reforma-tributaria\">Quadro comparativo antes x depois da Reforma Tribut\u00e1ria<\/h2>\n\n\n\n<figure class=\"wp-block-table\"><table><tbody><tr><td><\/td><td><strong>Antes da&nbsp;Reforma Tribut\u00e1ria<\/strong><\/td><td><strong>Depois da&nbsp;Reforma Tribut\u00e1ria<\/strong><\/td><\/tr><tr><td><strong>Impostos<\/strong><\/td><td>5 Tributos (PIS, Cofins, IPI, ISS e ICMS)<\/td><td>2 Tributos IVA (IBS e&nbsp;CBS)<\/td><\/tr><tr><td><strong>Forma de pagamento<\/strong><\/td><td>Em moeda nacional ou compensando cr\u00e9ditos para tributos espec\u00edficos e conforme regime tribut\u00e1rio<\/td><td>Em moeda nacional ou compensando cr\u00e9ditos em ambos os tributos<\/td><\/tr><tr><td><strong>Prazo para pagamento<\/strong><\/td><td>Mensal em datas distintas<\/td><td>Mensal ou por quando o prestador de servi\u00e7o estiver sujeito \u00e0 cobran\u00e7a direta dos impostos no momento em que receber o pagamento do tomador (situa\u00e7\u00f5es a definir)<\/td><\/tr><tr><td><strong>Al\u00edquota<\/strong><\/td><td>Mais de 50 al\u00edquotas distintas entre os tributos<\/td><td>Al\u00edquota padr\u00e3o de 26,5% ou reduzidas a 0%, em 30% ou 60%)&nbsp;<\/td><\/tr><\/tbody><\/table><\/figure>\n\n\n\n<h2 class=\"wp-block-heading\" id=\"oportunidades-e-riscos-para-autonomos-pf-apos-a-reforma-tributaria\">Oportunidades e riscos para aut\u00f4nomos PF ap\u00f3s a Reforma Tribut\u00e1ria<\/h2>\n\n\n\n<p>Para muitos aut\u00f4nomos que atuam como pessoa f\u00edsica, a formaliza\u00e7\u00e3o como&nbsp;<a href=\"https:\/\/site-stg1.ctbz.com.br\/contabilidade-online\/pessoa-juridica\/\" target=\"_blank\" rel=\"noreferrer noopener\">Pessoa Jur\u00eddica<\/a>&nbsp;(PJ) pode ser uma oportunidade estrat\u00e9gica, uma vez que o novo sistema permite a utiliza\u00e7\u00e3o de&nbsp;cr\u00e9ditos tribut\u00e1rios. Empresas contratantes podem preferir PJs que, ao transferir cr\u00e9ditos de impostos, se tornam op\u00e7\u00f5es mais vantajosas. Desconsiderando a contrata\u00e7\u00e3o de aut\u00f4nomos que atuam como pessoa f\u00edsica.<br><br>Atualmente, um aut\u00f4nomo que presta servi\u00e7os como pessoa f\u00edsica \u00e9 tributado por tr\u00eas principais impostos:&nbsp;<\/p>\n\n\n\n<ul class=\"wp-block-list\">\n<li>ISS (Imposto sobre Servi\u00e7os);<\/li>\n\n\n\n<li>INSS (Instituto Nacional do Seguro Social),<\/li>\n\n\n\n<li>IRPF (Imposto de Renda de Pessoa F\u00edsica) sobre seus rendimentos mensais.&nbsp;<\/li>\n<\/ul>\n\n\n\n<p>Esses impostos podem gerar uma carga tribut\u00e1ria expressiva, especialmente para profissionais liberais como advogados, m\u00e9dicos e engenheiros.<\/p>\n\n\n\n<h3 class=\"wp-block-heading\">Impostos depois da&nbsp;Reforma Tribut\u00e1ria<\/h3>\n\n\n\n<p>A&nbsp;Reforma Tribut\u00e1ria&nbsp;prop\u00f5e a extin\u00e7\u00e3o do ISS (Imposto Sobre Servi\u00e7os), substituindo-o pelo IBS (Imposto sobre Bens e Servi\u00e7os).&nbsp;<\/p>\n\n\n\n<p>No entanto, ainda n\u00e3o est\u00e1 claro&nbsp;como o IBS ser\u00e1 aplicado nas opera\u00e7\u00f5es de presta\u00e7\u00e3o de servi\u00e7os&nbsp;por aut\u00f4nomos.&nbsp;<\/p>\n\n\n\n<p>Ainda h\u00e1 incertezas sobre como os aut\u00f4nomos que n\u00e3o s\u00e3o formalizados como&nbsp;Pessoa Jur\u00eddica&nbsp;(PJ) ser\u00e3o tributados com a implementa\u00e7\u00e3o da&nbsp;Reforma Tribut\u00e1ria. Por enquanto, n\u00e3o \u00e9 poss\u00edvel determinar se haver\u00e1 aumento ou redu\u00e7\u00e3o na carga tribut\u00e1ria para esses profissionais, que atualmente j\u00e1 enfrentam uma carga superior em compara\u00e7\u00e3o a colegas com CNPJ e o mesmo faturamento.<\/p>\n\n\n\n<p>Se voc\u00ea j\u00e1 possui um CNPJ, recomendamos ler este texto aqui: \u201c<a href=\"https:\/\/site-stg1.ctbz.com.br\/contabilidade-online\/como-a-reforma-tributaria-impacta-o-profissional-pj-impostos-e-lucro\/\" target=\"_blank\" rel=\"noreferrer noopener\">Como a&nbsp;Reforma Tribut\u00e1ria&nbsp;impacta o profissional PJ: impostos e lucro<\/a>\u201d.<\/p>\n\n\n\n<p><em>Entenda o que s\u00e3o&nbsp;<a href=\"https:\/\/www.contabilizei.com.br\/reforma-tributaria\/o-que-e-credito-tributario-na-reforma-tributaria-e-como-isso-afeta-o-preco-do-seu-produto\/\">cr\u00e9di<\/a><a href=\"https:\/\/www.contabilizei.com.br\/reforma-tributaria\/o-que-e-credito-tributario-na-reforma-tributaria-e-como-isso-afeta-o-preco-do-seu-produto\/\" target=\"_blank\" rel=\"noreferrer noopener\">t<\/a><a href=\"https:\/\/site-stg1.ctbz.com.br\/contabilidade-online\/o-que-e-credito-tributario-na-reforma-tributaria-e-como-isso-afeta-o-preco-do-seu-produto\/\">os tribut\u00e1rios<\/a>&nbsp;neste conte\u00fado.&nbsp;<\/em><\/p>\n\n\n\n<h2 class=\"wp-block-heading\" id=\"oportunidades-e-riscos-para-autonomos-pj-apos-a-reforma-tributaria\">Oportunidades e riscos para aut\u00f4nomos PJ ap\u00f3s a Reforma Tribut\u00e1ria<\/h2>\n\n\n\n<p>Para aqueles aut\u00f4nomos que j\u00e1 possuem CNPJ e operam como PJ, a Reforma tamb\u00e9m traz impactos significativos, especialmente para os&nbsp;<strong>profissionais enquadrados nos regimes de&nbsp;<\/strong><a href=\"https:\/\/www.contabilizei.com.br\/reforma-tributaria\/lucro-real\/\" target=\"_blank\" rel=\"noreferrer noopener\"><strong>Lucro Real<\/strong><\/a><strong>&nbsp;e&nbsp;<\/strong><a href=\"https:\/\/site-stg1.ctbz.com.br\/contabilidade-online\/lucro-presumido\/\" target=\"_blank\" rel=\"noreferrer noopener\"><strong>Lucro Presumido<\/strong><\/a>.&nbsp;<\/p>\n\n\n\n<p>A&nbsp;<strong>nova al\u00edquota padr\u00e3o de 26,5% dos tributos IBS e&nbsp;<a href=\"https:\/\/site-stg1.ctbz.com.br\/contabilidade-online\/cbs-imposto\/\" target=\"_blank\" rel=\"noreferrer noopener\">CBS<\/a>&nbsp;<\/strong>(ainda em discuss\u00e3o, portanto, pode mudar at\u00e9 a implementa\u00e7\u00e3o em 2026) poder\u00e1 alterar a din\u00e2mica dos impostos pagos, mas&nbsp;<strong>h\u00e1 possibilidades de redu\u00e7\u00e3o dependendo do setor<\/strong>.&nbsp;<\/p>\n\n\n\n<p>No entanto, a Reforma tamb\u00e9m apresenta riscos, como a incerteza sobre a aplica\u00e7\u00e3o do IBS e a complexidade de operar sob dois sistemas tribut\u00e1rios durante o per\u00edodo de transi\u00e7\u00e3o, que vai de 2026 at\u00e9 2033.&nbsp;<\/p>\n\n\n\n<p>Erros de c\u00e1lculo na gest\u00e3o financeira podem ocorrer, afetando negativamente a rentabilidade. Ainda assim, a formaliza\u00e7\u00e3o e a correta utiliza\u00e7\u00e3o dos&nbsp;<a href=\"https:\/\/site-stg1.ctbz.com.br\/contabilidade-online\/o-que-e-credito-tributario-na-reforma-tributaria-e-como-isso-afeta-o-preco-do-seu-produto\/\" target=\"_blank\" rel=\"noreferrer noopener\">cr\u00e9ditos tribut\u00e1rios<\/a>&nbsp;podem ser uma vantagem competitiva, reduzindo a carga tribut\u00e1ria e ampliando a margem de ganhos.<\/p>\n\n\n\n<h2 class=\"wp-block-heading\" id=\"como-funciona-o-credito-tributario-na-pratica-e-por-que-ele-e-importante-na-precificacao\">Como funciona o cr\u00e9dito tribut\u00e1rio na pr\u00e1tica e por que ele \u00e9 importante na precifica\u00e7\u00e3o?<\/h2>\n\n\n\n<p>Com a&nbsp;Reforma Tribut\u00e1ria, os novos tributos, o IBS e a&nbsp;CBS, possuem a caracter\u00edstica de serem n\u00e3o cumulativos. Isso significa que, diferentemente do sistema tribut\u00e1rio atual, esses&nbsp;<strong>impostos n\u00e3o ser\u00e3o calculados de forma acumulada sobre outros impostos<\/strong>.&nbsp;<\/p>\n\n\n\n<p>No sistema atual, \u00e9 comum que os impostos sejam calculados sobre um pre\u00e7o que j\u00e1 inclui outros impostos, o que gera o chamado \u201cefeito cascata\u201d, onde os tributos v\u00e3o se somando ao longo da cadeia de produ\u00e7\u00e3o e distribui\u00e7\u00e3o, aumentando o custo final.<\/p>\n\n\n\n<p>A&nbsp;<strong>n\u00e3o cumulatividade dos novos tributos significa que ser\u00e1 poss\u00edvel utilizar&nbsp;cr\u00e9ditos tribut\u00e1rios&nbsp;para abater o imposto devido nas opera\u00e7\u00f5es de venda de produtos e mercadorias<\/strong>.&nbsp;<\/p>\n\n\n\n<p>Em termos simples, isso quer dizer que quando uma empresa paga tributos ao adquirir mercadorias ou servi\u00e7os, ela poder\u00e1 utilizar esses valores pagos como cr\u00e9dito para reduzir o montante de imposto que deve pagar quando vender seus pr\u00f3prios produtos ou servi\u00e7os.&nbsp;<\/p>\n\n\n\n<p><strong>Isso ajuda a reduzir o valor final do imposto a ser pago pela empresa<\/strong>, tornando o sistema tribut\u00e1rio mais justo e eficiente e pode influenciar diretamente no pre\u00e7o dos servi\u00e7os e mercadorias, aumentando ou diminuindo a competitividade do profissional no mercado.&nbsp;<\/p>\n\n\n\n<h2 class=\"wp-block-heading\" id=\"como-se-preparar-para-a-reforma-tributaria\">Como se preparar para a Reforma Tribut\u00e1ria?<\/h2>\n\n\n\n<p>A chave para os profissionais aut\u00f4nomos ser\u00e1&nbsp;<strong>entender como a nova carga tribut\u00e1ria, junto \u00e0 gest\u00e3o de&nbsp;cr\u00e9ditos tribut\u00e1rios, afetar\u00e1 suas margens de lucro<\/strong>. Em alguns casos, essa mudan\u00e7a pode resultar em uma carga tribut\u00e1ria menor, beneficiando aqueles que souberem aproveitar as novas regras.<\/p>\n\n\n\n<h3 class=\"wp-block-heading\">Se voc\u00ea atua com CNPJ e presta servi\u00e7o para empresas<\/h3>\n\n\n\n<p>Os aut\u00f4nomos que atuam como PJ, especialmente os profissionais liberais,&nbsp;<strong>tendem a ser mais procurados tanto para presta\u00e7\u00e3o de servi\u00e7os quanto para fornecimento de mercadorias.<\/strong><\/p>\n\n\n\n<p><strong>Isso ocorre porque o contratante ou comprador PJ poder\u00e1 aproveitar os&nbsp;cr\u00e9ditos tribut\u00e1rios&nbsp;gerados pelos impostos incidentes nas transa\u00e7\u00f5es<\/strong>, o que torna a contrata\u00e7\u00e3o desses profissionais mais vantajosa.<\/p>\n\n\n\n<p>Al\u00e9m disso, os profissionais liberais que atuam como PJ se beneficiar\u00e3o de uma&nbsp;<strong>redu\u00e7\u00e3o de 30% na al\u00edquota padr\u00e3o do IBS e&nbsp;CBS<\/strong>&nbsp;aplicada sobre os servi\u00e7os prestados por suas empresas. Essa redu\u00e7\u00e3o pode tornar os servi\u00e7os oferecidos por esses profissionais mais competitivos e atraentes no mercado.<\/p>\n\n\n\n<h3 class=\"wp-block-heading\">Se voc\u00ea atua com CNPJ e presta servi\u00e7o para pessoas f\u00edsicas<\/h3>\n\n\n\n<p>Para empresas formalizadas que prestam servi\u00e7os a pessoas f\u00edsicas, a principal mudan\u00e7a com a&nbsp;Reforma Tribut\u00e1ria&nbsp;ser\u00e1 na forma de tributa\u00e7\u00e3o. Se o custo do servi\u00e7o aumentar ou diminuir, isso refletir\u00e1 diretamente no pre\u00e7o cobrado ao consumidor final.&nbsp;<\/p>\n\n\n\n<p>No entanto, se a empresa j\u00e1 est\u00e1 enquadrada no Simples Nacional, a carga tribut\u00e1ria e a metodologia de apura\u00e7\u00e3o dos impostos permanecer\u00e3o as mesmas. Al\u00e9m disso,&nbsp;<strong>n\u00e3o ser\u00e1 necess\u00e1rio optar pelo sistema h\u00edbrido de recolhimento, j\u00e1 que pessoas f\u00edsicas n\u00e3o podem utilizar&nbsp;cr\u00e9ditos tribut\u00e1rios.<\/strong>&nbsp;Portanto, essa n\u00e3o ser\u00e1 uma preocupa\u00e7\u00e3o para quem atua exclusivamente nesse mercado.<\/p>\n\n\n\n<h3 class=\"wp-block-heading\">Se voc\u00ea atua sem CNPJ e presta servi\u00e7o para empresas<\/h3>\n\n\n\n<p>O que j\u00e1 se pode prever \u00e9 uma&nbsp;<strong>poss\u00edvel diminui\u00e7\u00e3o, por parte de empresas, na procura por servi\u00e7os prestados por aut\u00f4nomos n\u00e3o formalizados.<\/strong>&nbsp;Isso porque as empresas contratantes (PJs) n\u00e3o poder\u00e3o utilizar os&nbsp;cr\u00e9ditos tribut\u00e1rios&nbsp;dos servi\u00e7os adquiridos, uma pr\u00e1tica que pode reduzir seus pr\u00f3prios impostos.&nbsp;<\/p>\n\n\n\n<p>Como resultado, esses profissionais podem ficar limitados a prestar servi\u00e7os quase exclusivamente para outras pessoas f\u00edsicas, o que pode restringir suas oportunidades de mercado.<\/p>\n\n\n\n<p><strong>Lembrando que esse cen\u00e1rio vale para profissionais aut\u00f4nomos que prestam, em sua maioria, servi\u00e7os para outras empresas.&nbsp;<\/strong>Para quem presta mais servi\u00e7os para pessoas f\u00edsicas, o cen\u00e1rio n\u00e3o muda, pois pessoas f\u00edsicas n\u00e3o acumulam&nbsp;cr\u00e9ditos tribut\u00e1rios.&nbsp;<\/p>\n\n\n\n<h3 class=\"wp-block-heading\">Se voc\u00ea atua sem CNPJ e presta servi\u00e7o para pessoas f\u00edsicas<\/h3>\n\n\n\n<p><strong>Para o aut\u00f4nomo que presta servi\u00e7os exclusivamente para outras pessoas f\u00edsicas, a demanda pelos servi\u00e7os n\u00e3o deve diminuir por conta da tributa\u00e7\u00e3o<\/strong>, j\u00e1 que pessoas f\u00edsicas n\u00e3o t\u00eam a possibilidade de utilizar&nbsp;cr\u00e9ditos tribut\u00e1rios&nbsp;sobre os servi\u00e7os contratados.&nbsp;<\/p>\n\n\n\n<p>No entanto, ainda \u00e9 recomendado analisar qual a tributa\u00e7\u00e3o mais vantajosa para manter o neg\u00f3cio. Ao se formalizar como PJ, voc\u00ea pode reduzir o valor do imposto a pagar, o que pode diminuir o custo do seu servi\u00e7o. Com isso, voc\u00ea pode optar por oferecer pre\u00e7os mais competitivos aos seus clientes ou aumentar sua margem de lucro.<\/p>\n\n\n\n<p>Portanto, ap\u00f3s a Reforma,&nbsp;<strong>\u00e9 crucial que as empresas compreendam todos os cen\u00e1rios de suas opera\u00e7\u00f5es<\/strong>:<\/p>\n\n\n\n<ol class=\"wp-block-list\">\n<li>Quem s\u00e3o seus clientes<\/li>\n\n\n\n<li>Qual \u00e9 o regime tribut\u00e1rio desses clientes<\/li>\n\n\n\n<li>Para onde ser\u00e1 prestado o servi\u00e7o ou enviada a mercadoria<\/li>\n\n\n\n<li>Quem s\u00e3o seus fornecedores<\/li>\n\n\n\n<li>Quanto&nbsp;cr\u00e9dito tribut\u00e1rio&nbsp;poder\u00e1 ser obtido em cada opera\u00e7\u00e3o.<\/li>\n<\/ol>\n\n\n\n<p>Esse entendimento permitir\u00e1 um planejamento tribut\u00e1rio eficaz e a maximiza\u00e7\u00e3o das oportunidades de neg\u00f3cio no novo cen\u00e1rio fiscal.<\/p>\n\n\n\n<h2 class=\"wp-block-heading\" id=\"vai-aumentar-os-impostos\">Vai aumentar os impostos?<\/h2>\n\n\n\n<p><strong>A al\u00edquota de impostos paga pelo profissional aut\u00f4nomo n\u00e3o necessariamente refletir\u00e1 a carga tribut\u00e1ria total da empresa, pois, com a utiliza\u00e7\u00e3o dos&nbsp;cr\u00e9ditos tribut\u00e1rios, o valor final do imposto devido poder\u00e1 ser ainda menor<\/strong>.&nbsp;<\/p>\n\n\n\n<p>Isso significa que somente ap\u00f3s a apura\u00e7\u00e3o final do imposto ser\u00e1 poss\u00edvel determinar a carga tribut\u00e1ria exata da empresa. Por isso, ter um contador informado sobre as mudan\u00e7as da&nbsp;Reforma Tribut\u00e1ria&nbsp;aqui far\u00e1 toda a diferen\u00e7a.&nbsp;<\/p>\n\n\n\n<p>Essa redu\u00e7\u00e3o na carga tribut\u00e1ria impactar\u00e1 diretamente a precifica\u00e7\u00e3o das mercadorias e servi\u00e7os oferecidos. Com a nova estrutura tribut\u00e1ria,&nbsp;<strong>as empresas poder\u00e3o recalcular os pre\u00e7os, considerando os&nbsp;cr\u00e9ditos tribut\u00e1rios&nbsp;dispon\u00edveis<\/strong>.&nbsp;<\/p>\n\n\n\n<p><strong>Pr\u00f3s de recalcular os pre\u00e7os:<\/strong><\/p>\n\n\n\n<ol class=\"wp-block-list\">\n<li>Redu\u00e7\u00e3o de Custos: Com o aproveitamento dos&nbsp;cr\u00e9ditos tribut\u00e1rios, as empresas podem abater parte dos impostos pagos em compras e servi\u00e7os contratados. Isso pode reduzir os custos operacionais, permitindo que os pre\u00e7os sejam ajustados para se tornarem mais competitivos.<\/li>\n\n\n\n<li>Maior Competitividade: Empresas que aproveitam os&nbsp;cr\u00e9ditos tribut\u00e1rios&nbsp;conseguem reduzir o valor final dos produtos e servi\u00e7os ou at\u00e9 mesmo negociar melhores margens. Isso oferece uma vantagem competitiva no mercado.<\/li>\n\n\n\n<li>Transpar\u00eancia Tribut\u00e1ria: A nova estrutura de impostos permite uma visualiza\u00e7\u00e3o mais clara dos tributos embutidos no pre\u00e7o, facilitando a gest\u00e3o financeira e a defini\u00e7\u00e3o de pre\u00e7os mais justos, alinhados ao novo cen\u00e1rio fiscal.<\/li>\n<\/ol>\n\n\n\n<p><strong>Cuidados ao recalcular os pre\u00e7os:<\/strong><\/p>\n\n\n\n<ol class=\"wp-block-list\">\n<li>Complexidade Inicial: A adapta\u00e7\u00e3o ao novo sistema tribut\u00e1rio pode ser complexa, exigindo um planejamento cuidadoso para calcular os cr\u00e9ditos de forma correta. Empresas que n\u00e3o t\u00eam uma gest\u00e3o tribut\u00e1ria eficaz podem enfrentar dificuldades em ajustar os pre\u00e7os adequadamente.<\/li>\n\n\n\n<li>Impacto nos Pre\u00e7os Finais: Dependendo do setor, os&nbsp;cr\u00e9ditos tribut\u00e1rios&nbsp;dispon\u00edveis podem n\u00e3o ser suficientes para compensar o aumento da al\u00edquota geral de impostos. Isso pode fazer com que o pre\u00e7o final do produto ou servi\u00e7o acabe aumentando, afetando a demanda.<\/li>\n<\/ol>\n\n\n\n<p>\u00c9 fundamental que as empresas comecem desde j\u00e1 a analisar o cen\u00e1rio atual e a se preparar para o novo ambiente fiscal, de modo a ajustar suas margens e evitar pre\u00e7os excessivos ou mal calculados que podem impactar diretamente na sa\u00fade financeira do neg\u00f3cio. O entendimento claro do ponto de equil\u00edbrio entre custo e pre\u00e7o \u00e9 essencial para garantir que a empresa n\u00e3o opere no preju\u00edzo ou com margens inadequadas.<\/p>\n\n\n\n<h2 class=\"wp-block-heading\" id=\"o-que-muda-para-o-autonomo-no-simples-nacional\">O que muda para o aut\u00f4nomo no Simples Nacional?<\/h2>\n\n\n\n<p>Para os aut\u00f4nomos que optam pelo Simples Nacional, a&nbsp;Reforma Tribut\u00e1ria&nbsp;traz impactos indiretos, uma vez que n\u00e3o altera a forma de apura\u00e7\u00e3o de impostos nem a carga tribut\u00e1ria, especialmente para aqueles que prestam servi\u00e7os diretamente a pessoas f\u00edsicas.<\/p>\n\n\n\n<p>Com a reforma, os impostos ICMS e ISS ser\u00e3o substitu\u00eddos pelo IBS, e o PIS, Cofins e o IPI ser\u00e3o integrados na&nbsp;CBS, ambos dentro da guia DAS (Documento de Arrecada\u00e7\u00e3o do Simples).&nbsp;<\/p>\n\n\n\n<p>A principal novidade \u00e9 que esses valores poder\u00e3o ser usados como&nbsp;cr\u00e9ditos tribut\u00e1rios&nbsp;pelo tomador de servi\u00e7os quando este for uma&nbsp;pessoa jur\u00eddica. No entanto, o cr\u00e9dito que o tomador pode se apropriar ser\u00e1 equivalente ao imposto efetivamente pago pela empresa do Simples Nacional, que continua contando com as al\u00edquotas reduzidas previstas neste regime.<\/p>\n\n\n\n<p>Existe ainda a possibilidade de um sistema h\u00edbrido para as empresas no Simples. Nesse modelo, o empreendedor poder\u00e1 optar por recolher o IBS e a&nbsp;CBS&nbsp;separadamente da guia DAS, aplicando a al\u00edquota cheia de 26,5%, sem os benef\u00edcios do Simples Nacional. <\/p>\n\n\n\n<p>Desta forma, a empresa poder\u00e1 abater, dos impostos a pagar, os tributos j\u00e1 recolhidos em suas compras e servi\u00e7os tomados, al\u00e9m de conceder&nbsp;<a href=\"https:\/\/site-stg1.ctbz.com.br\/contabilidade-online\/o-que-e-credito-tributario-na-reforma-tributaria-e-como-isso-afeta-o-preco-do-seu-produto\/\">cr\u00e9ditos tribut\u00e1rios<\/a>&nbsp;aos seus clientes. No entanto, \u00e9 uma decis\u00e3o que pode onerar significativamente a empresa em tributos, portanto, deve ser tomada com suporte do seu contador.&nbsp;<\/p>\n\n\n\n<h2 class=\"wp-block-heading\" id=\"exemplos-praticos-para-profissionais-autonomos-na-reforma-tributaria\">Exemplos pr\u00e1ticos para profissionais aut\u00f4nomos na Reforma Tribut\u00e1ria<\/h2>\n\n\n\n<p>Digamos que voc\u00ea seja arquiteto, engenheiro, economista ou exer\u00e7a alguma outra atividade como&nbsp;<a href=\"https:\/\/site-stg1.ctbz.com.br\/contabilidade-online\/advogado-e-profissional-liberal\/\" target=\"_blank\" rel=\"noreferrer noopener\">profissional liberal<\/a>&nbsp;de forma aut\u00f4noma, com uma empresa enquadrada no Lucro presumido, e trabalha em S\u00e3o Paulo faturando em m\u00e9dia R$ 15.000 por m\u00eas. Hoje, voc\u00ea paga uma carga de 8,65% sobre esse valor, levando em conta os impostos que incidem sobre o consumo, como PIS, Cofins e ISS. Isso d\u00e1 um total de R$ 1.297,50 em impostos mensais.<\/p>\n\n\n\n<p>Com a Reforma, voc\u00ea passaria a pagar 18,55%, ou seja, cerca de R$ 2.782,50 de impostos mensais. \u00c9 um aumento significativo, mas aqui entra uma parte importante: os&nbsp;cr\u00e9ditos tribut\u00e1rios. Esses cr\u00e9ditos s\u00e3o uma esp\u00e9cie de \u201cdesconto\u201d que voc\u00ea ganha sobre os impostos pagos em compras e servi\u00e7os que sua empresa utiliza. Ou seja, tudo o que voc\u00ea gastar com fornecedores ou insumos pode ser abatido do valor total de impostos que deve ao final do m\u00eas.<\/p>\n\n\n\n<p>\u00c9 como se voc\u00ea fosse a um restaurante e, ao pagar a conta, voc\u00ea pudesse abater o valor do refrigerante que comprou no mercado. Esse conceito de \u201ccr\u00e9ditos\u201d vai ajudar a reduzir o impacto da nova al\u00edquota.<\/p>\n\n\n\n<p>Vale lembrar que outros impostos, como os que incidem sobre a renda (<a href=\"https:\/\/site-stg1.ctbz.com.br\/contabilidade-online\/irpj-imposto-de-renda-pessoa-juridica\/\" target=\"_blank\" rel=\"noreferrer noopener\">IRPJ<\/a>&nbsp;e CSLL) e sobre a folha de pagamento (INSS Patronal), n\u00e3o ser\u00e3o alterados pela reforma. Eles continuam incidindo da mesma forma.<\/p>\n\n\n\n<p>Outro ponto importante \u00e9 que nem todos os setores ter\u00e3o uma al\u00edquota reduzida. Profissionais que trabalham com mercadorias ou servi\u00e7os que n\u00e3o est\u00e3o na lista de benef\u00edcios ter\u00e3o que calcular seus impostos com uma al\u00edquota padr\u00e3o. Aqui tamb\u00e9m, o uso dos&nbsp;cr\u00e9ditos tribut\u00e1rios&nbsp;ser\u00e1 essencial para tentar reduzir o valor final a pagar.<\/p>\n\n\n\n<h2 class=\"wp-block-heading\" id=\"conte-com-o-maior-escritorio-de-contabilidade-do-brasil\">&nbsp;Conte com o maior escrit\u00f3rio de contabilidade do Brasil<\/h2>\n\n\n\n<p>O planejamento tribut\u00e1rio a partir de 2026 ser\u00e1 vital para as empresas, pois n\u00e3o haver\u00e1 apenas a escolha entre regimes tribut\u00e1rios, mas tamb\u00e9m a escolha quanto a forma de recolhimento do IVA para empresas optantes do Simples Nacional.<\/p>\n\n\n\n<p>No planejamento, as empresas precisar\u00e3o avaliar principalmente quem faz parte do seu p\u00fablico, se \u00e9 um p\u00fablico que aproveita cr\u00e9ditos do IVA ou n\u00e3o, pois \u00e9 a partir desta an\u00e1lise que iniciam-se as demais.<\/p>\n\n\n\n<p>Neste cen\u00e1rio, o papel do contador passa a ter uma relev\u00e2ncia muito maior, pois al\u00e9m de auxiliar com as simula\u00e7\u00f5es de impostos de acordo com os cen\u00e1rios poss\u00edveis para as empresas, h\u00e1 um per\u00edodo de transi\u00e7\u00e3o de 8 anos onde haver\u00e1 recolhimento simult\u00e2neo dos impostos pela sistem\u00e1tica atual e pela nova, de forma progressiva.<\/p>\n\n\n\n<p>A Contabilizei, o maior escrit\u00f3rio de contabilidade do Brasil, est\u00e1 pronta para assessorar os diversos perfis de profissionais aut\u00f4nomos em busca da melhor op\u00e7\u00e3o para economizar no pagamento de impostos e garantir o crescimento sustent\u00e1vel do seu neg\u00f3cio.<\/p>\n\n\n\n<p>Se voc\u00ea precisa de suporte para entender mais sobre a nova tributa\u00e7\u00e3o, al\u00e9m de contar com solu\u00e7\u00f5es tecnol\u00f3gicas para facilitar seu dia a dia, fale com um de nossos especialistas e saiba como podemos te ajudar. Fa\u00e7a como mais de 70 mil clientes e abra ou migre a sua empresa para a Contabilizei.<\/p>\n","protected":false},"excerpt":{"rendered":"<p>A&nbsp;Reforma Tribut\u00e1ria&nbsp;traz mudan\u00e7as importantes para quem tem empresa no&nbsp;Lucro Presumido e Lucro Real, afetando diretamente a margem de ganho dos&#8230;<\/p>\n","protected":false},"author":88,"featured_media":35990,"template":"","reforma_post_category":[355],"reforma_post_trail":[365],"class_list":{"0":"post-39301","1":"reforma_post","2":"type-reforma_post","3":"status-publish","4":"has-post-thumbnail","6":"reforma_post_category-como-se-preparar","7":"reforma_post_trail-o-que-muda-para-cada-tipo-de-profissional"},"yoast_head":"<!-- This site is optimized with the Yoast SEO plugin v27.5 - https:\/\/yoast.com\/product\/yoast-seo-wordpress\/ -->\n<title>Como a Reforma Tribut\u00e1ria muda a margem de ganhos do aut\u00f4nomo? | Blog da Contabilizei<\/title>\n<meta name=\"description\" content=\"A reforma tribut\u00e1ria traz mudan\u00e7as importantes para aut\u00f4nomos com empresa no Lucro Real, Lucro Presumido ou Simples Nacional, afetando diretamente o neg\u00f3cio. Saiba mais sobre este assunto.\" \/>\n<meta name=\"robots\" content=\"index, follow\" \/>\n<link rel=\"canonical\" href=\"https:\/\/www.contabilizei.com.br\/reforma-tributaria\/artigo\/como-a-reforma-tributaria-muda-a-margem-de-ganhos-do-autonomo\/\" \/>\n<meta property=\"og:locale\" content=\"pt_BR\" \/>\n<meta property=\"og:type\" content=\"article\" \/>\n<meta property=\"og:title\" content=\"Como a Reforma Tribut\u00e1ria muda a margem de ganhos do aut\u00f4nomo? | Blog da Contabilizei\" \/>\n<meta property=\"og:description\" content=\"A reforma tribut\u00e1ria traz mudan\u00e7as importantes para aut\u00f4nomos com empresa no Lucro Real, Lucro Presumido ou Simples Nacional, afetando diretamente o neg\u00f3cio. Saiba mais sobre este assunto.\" \/>\n<meta property=\"og:url\" content=\"https:\/\/www.contabilizei.com.br\/reforma-tributaria\/artigo\/como-a-reforma-tributaria-muda-a-margem-de-ganhos-do-autonomo\/\" \/>\n<meta property=\"og:site_name\" content=\"Blog da Contabilizei\" \/>\n<meta property=\"article:publisher\" content=\"https:\/\/www.facebook.com\/Contabilizei\/\" \/>\n<meta property=\"article:modified_time\" content=\"2026-03-25T20:12:50+00:00\" \/>\n<meta property=\"og:image\" content=\"https:\/\/www.contabilizei.com.br\/reforma-tributaria\/wp-content\/uploads\/2023\/11\/corretor-de-seguros-pode-ser-mei.png\" \/>\n\t<meta property=\"og:image:width\" content=\"1270\" \/>\n\t<meta property=\"og:image:height\" content=\"720\" \/>\n\t<meta property=\"og:image:type\" content=\"image\/png\" \/>\n<meta name=\"twitter:card\" content=\"summary_large_image\" \/>\n<meta name=\"twitter:site\" content=\"@contabilizei\" \/>\n<meta name=\"twitter:label1\" content=\"Est. tempo de leitura\" \/>\n\t<meta name=\"twitter:data1\" content=\"23 minutos\" \/>\n<!-- \/ Yoast SEO plugin. -->","yoast_head_json":{"title":"Como a Reforma Tribut\u00e1ria muda a margem de ganhos do aut\u00f4nomo? | Blog da Contabilizei","description":"A reforma tribut\u00e1ria traz mudan\u00e7as importantes para aut\u00f4nomos com empresa no Lucro Real, Lucro Presumido ou Simples Nacional, afetando diretamente o neg\u00f3cio. Saiba mais sobre este assunto.","robots":{"index":"index","follow":"follow"},"canonical":"https:\/\/www.contabilizei.com.br\/reforma-tributaria\/artigo\/como-a-reforma-tributaria-muda-a-margem-de-ganhos-do-autonomo\/","og_locale":"pt_BR","og_type":"article","og_title":"Como a Reforma Tribut\u00e1ria muda a margem de ganhos do aut\u00f4nomo? | Blog da Contabilizei","og_description":"A reforma tribut\u00e1ria traz mudan\u00e7as importantes para aut\u00f4nomos com empresa no Lucro Real, Lucro Presumido ou Simples Nacional, afetando diretamente o neg\u00f3cio. Saiba mais sobre este assunto.","og_url":"https:\/\/www.contabilizei.com.br\/reforma-tributaria\/artigo\/como-a-reforma-tributaria-muda-a-margem-de-ganhos-do-autonomo\/","og_site_name":"Blog da Contabilizei","article_publisher":"https:\/\/www.facebook.com\/Contabilizei\/","article_modified_time":"2026-03-25T20:12:50+00:00","og_image":[{"width":1270,"height":720,"url":"https:\/\/www.contabilizei.com.br\/reforma-tributaria\/wp-content\/uploads\/2023\/11\/corretor-de-seguros-pode-ser-mei.png","type":"image\/png"}],"twitter_card":"summary_large_image","twitter_site":"@contabilizei","twitter_misc":{"Est. tempo de leitura":"23 minutos"},"schema":{"@context":"https:\/\/schema.org","@graph":[{"@type":"WebPage","@id":"https:\/\/www.contabilizei.com.br\/reforma-tributaria\/artigo\/como-a-reforma-tributaria-muda-a-margem-de-ganhos-do-autonomo\/","url":"https:\/\/www.contabilizei.com.br\/reforma-tributaria\/artigo\/como-a-reforma-tributaria-muda-a-margem-de-ganhos-do-autonomo\/","name":"Como a Reforma Tribut\u00e1ria muda a margem de ganhos do aut\u00f4nomo? | Blog da Contabilizei","isPartOf":{"@id":"https:\/\/www.contabilizei.com.br\/reforma-tributaria\/#website"},"primaryImageOfPage":{"@id":"https:\/\/www.contabilizei.com.br\/reforma-tributaria\/artigo\/como-a-reforma-tributaria-muda-a-margem-de-ganhos-do-autonomo\/#primaryimage"},"image":{"@id":"https:\/\/www.contabilizei.com.br\/reforma-tributaria\/artigo\/como-a-reforma-tributaria-muda-a-margem-de-ganhos-do-autonomo\/#primaryimage"},"thumbnailUrl":"https:\/\/www.contabilizei.com.br\/reforma-tributaria\/wp-content\/uploads\/2023\/11\/corretor-de-seguros-pode-ser-mei.png","datePublished":"2025-06-24T20:22:42+00:00","dateModified":"2026-03-25T20:12:50+00:00","description":"A reforma tribut\u00e1ria traz mudan\u00e7as importantes para aut\u00f4nomos com empresa no Lucro Real, Lucro Presumido ou Simples Nacional, afetando diretamente o neg\u00f3cio. Saiba mais sobre este assunto.","breadcrumb":{"@id":"https:\/\/www.contabilizei.com.br\/reforma-tributaria\/artigo\/como-a-reforma-tributaria-muda-a-margem-de-ganhos-do-autonomo\/#breadcrumb"},"inLanguage":"pt-BR","potentialAction":[{"@type":"ReadAction","target":["https:\/\/www.contabilizei.com.br\/reforma-tributaria\/artigo\/como-a-reforma-tributaria-muda-a-margem-de-ganhos-do-autonomo\/"]}]},{"@type":"ImageObject","inLanguage":"pt-BR","@id":"https:\/\/www.contabilizei.com.br\/reforma-tributaria\/artigo\/como-a-reforma-tributaria-muda-a-margem-de-ganhos-do-autonomo\/#primaryimage","url":"https:\/\/www.contabilizei.com.br\/reforma-tributaria\/wp-content\/uploads\/2023\/11\/corretor-de-seguros-pode-ser-mei.png","contentUrl":"https:\/\/www.contabilizei.com.br\/reforma-tributaria\/wp-content\/uploads\/2023\/11\/corretor-de-seguros-pode-ser-mei.png","width":1270,"height":720},{"@type":"BreadcrumbList","@id":"https:\/\/www.contabilizei.com.br\/reforma-tributaria\/artigo\/como-a-reforma-tributaria-muda-a-margem-de-ganhos-do-autonomo\/#breadcrumb","itemListElement":[{"@type":"ListItem","position":1,"name":"Home","item":"https:\/\/www.contabilizei.com.br\/reforma-tributaria\/"},{"@type":"ListItem","position":2,"name":"Posts - Reforma Tribut\u00e1ria","item":"https:\/\/www.contabilizei.com.br\/reforma-tributaria\/artigo\/"},{"@type":"ListItem","position":3,"name":"Como a Reforma Tribut\u00e1ria muda a margem de ganhos do aut\u00f4nomo?"}]},{"@type":"WebSite","@id":"https:\/\/www.contabilizei.com.br\/reforma-tributaria\/#website","url":"https:\/\/www.contabilizei.com.br\/reforma-tributaria\/","name":"Hub da Reforma tribut\u00e1ria","description":"Apoiando o empreendedorismo desde 2013","potentialAction":[{"@type":"SearchAction","target":{"@type":"EntryPoint","urlTemplate":"https:\/\/www.contabilizei.com.br\/reforma-tributaria\/?s={search_term_string}"},"query-input":{"@type":"PropertyValueSpecification","valueRequired":true,"valueName":"search_term_string"}}],"inLanguage":"pt-BR"}]}},"_links":{"self":[{"href":"https:\/\/www.contabilizei.com.br\/reforma-tributaria\/wp-json\/wp\/v2\/reforma_post\/39301","targetHints":{"allow":["GET"]}}],"collection":[{"href":"https:\/\/www.contabilizei.com.br\/reforma-tributaria\/wp-json\/wp\/v2\/reforma_post"}],"about":[{"href":"https:\/\/www.contabilizei.com.br\/reforma-tributaria\/wp-json\/wp\/v2\/types\/reforma_post"}],"author":[{"embeddable":true,"href":"https:\/\/www.contabilizei.com.br\/reforma-tributaria\/wp-json\/wp\/v2\/users\/88"}],"version-history":[{"count":3,"href":"https:\/\/www.contabilizei.com.br\/reforma-tributaria\/wp-json\/wp\/v2\/reforma_post\/39301\/revisions"}],"predecessor-version":[{"id":40385,"href":"https:\/\/www.contabilizei.com.br\/reforma-tributaria\/wp-json\/wp\/v2\/reforma_post\/39301\/revisions\/40385"}],"wp:featuredmedia":[{"embeddable":true,"href":"https:\/\/www.contabilizei.com.br\/reforma-tributaria\/wp-json\/wp\/v2\/media\/35990"}],"wp:attachment":[{"href":"https:\/\/www.contabilizei.com.br\/reforma-tributaria\/wp-json\/wp\/v2\/media?parent=39301"}],"wp:term":[{"taxonomy":"reforma_post_category","embeddable":true,"href":"https:\/\/www.contabilizei.com.br\/reforma-tributaria\/wp-json\/wp\/v2\/reforma_post_category?post=39301"},{"taxonomy":"reforma_post_trail","embeddable":true,"href":"https:\/\/www.contabilizei.com.br\/reforma-tributaria\/wp-json\/wp\/v2\/reforma_post_trail?post=39301"}],"curies":[{"name":"wp","href":"https:\/\/api.w.org\/{rel}","templated":true}]}}