{"id":39295,"date":"2025-06-24T16:29:41","date_gmt":"2025-06-24T19:29:41","guid":{"rendered":"https:\/\/www.contabilizei.com.br\/contabilidade-online\/?post_type=reforma_post&#038;p=39295"},"modified":"2026-03-25T17:06:56","modified_gmt":"2026-03-25T20:06:56","slug":"itcmd-reforma-tributaria-o-que-muda-nesse-imposto","status":"publish","type":"reforma_post","link":"https:\/\/www.contabilizei.com.br\/reforma-tributaria\/artigo\/itcmd-reforma-tributaria-o-que-muda-nesse-imposto\/","title":{"rendered":"ITCMD reforma tribut\u00e1ria: o que muda nesse imposto"},"content":{"rendered":"\n<p><strong>A reforma tribut\u00e1ria de 2023 no Brasil trouxe altera\u00e7\u00f5es significativas no Imposto de Transmiss\u00e3o Causa Mortis e Doa\u00e7\u00e3o (ITCMD). Dentre as mudan\u00e7as, destaca-se a introdu\u00e7\u00e3o da progressividade e amplia\u00e7\u00e3o da base de tributa\u00e7\u00e3o de heran\u00e7as, com a cobran\u00e7a vinculada ao valor da heran\u00e7a ou doa\u00e7\u00e3o.<\/strong><\/p>\n\n\n\n<p>Al\u00e9m disso, a reforma estabeleceu a n\u00e3o incid\u00eancia do ITCMD em doa\u00e7\u00f5es a entidades sem fins lucrativos de relev\u00e2ncia p\u00fablica e social, incluindo organiza\u00e7\u00f5es assistenciais ligadas a entidades religiosas e institutos cient\u00edficos e tecnol\u00f3gicos, conforme legisla\u00e7\u00e3o complementar.<\/p>\n\n\n\n<p>Outra modifica\u00e7\u00e3o relevante \u00e9 a altera\u00e7\u00e3o do local de cobran\u00e7a do ITCMD, que passar\u00e1 a ocorrer no domic\u00edlio do falecido ou do doador de bens m\u00f3veis, t\u00edtulos ou cr\u00e9ditos, em vez do estado onde se processa o invent\u00e1rio ou arrolamento de bens. Essa norma ser\u00e1 aplicada a processos de sucess\u00e3o abertos a partir da promulga\u00e7\u00e3o da reforma.<\/p>\n\n\n\n<p>Essas mudan\u00e7as ainda entrar\u00e3o em fase de regulamenta\u00e7\u00e3o no ano de 2024, assim como todas as demais altera\u00e7\u00f5es que a Reforma Tribut\u00e1ria promoveu.&nbsp;<\/p>\n\n\n\n<p>Com poucos cliques, voc\u00ea visualiza na pr\u00e1tica o real impacto das novas regras da Reforma Tribut\u00e1ria no seu faturamento. <a href=\"https:\/\/www.contabilizei.com.br\/calculadora-reforma-tributaria\/\">Calcule agora!<\/a><\/p>\n\n\n","protected":false},"excerpt":{"rendered":"<p>A reforma tribut\u00e1ria de 2023 no Brasil trouxe altera\u00e7\u00f5es significativas no Imposto de Transmiss\u00e3o Causa Mortis e Doa\u00e7\u00e3o (ITCMD). Dentre&#8230;<\/p>\n","protected":false},"author":88,"featured_media":35153,"template":"","reforma_post_category":[351],"reforma_post_trail":[363],"class_list":{"0":"post-39295","1":"reforma_post","2":"type-reforma_post","3":"status-publish","4":"has-post-thumbnail","6":"reforma_post_category-o-que-muda","7":"reforma_post_trail-principais-novidades"},"yoast_head":"<!-- This site is optimized with the Yoast SEO plugin v27.5 - https:\/\/yoast.com\/product\/yoast-seo-wordpress\/ -->\n<title>ITCMD reforma tribut\u00e1ria: o que muda nesse imposto | Blog da Contabilizei<\/title>\n<meta name=\"description\" content=\"Entenda mais sobre como fica o Imposto de Transmiss\u00e3o Causa Mortis e Doa\u00e7\u00e3o (ITCMD) na reforma tribut\u00e1ria aprovada no Brasil.\" \/>\n<meta name=\"robots\" content=\"index, follow\" \/>\n<link rel=\"canonical\" href=\"https:\/\/www.contabilizei.com.br\/reforma-tributaria\/artigo\/itcmd-reforma-tributaria-o-que-muda-nesse-imposto\/\" \/>\n<meta property=\"og:locale\" content=\"pt_BR\" \/>\n<meta property=\"og:type\" content=\"article\" \/>\n<meta property=\"og:title\" content=\"ITCMD reforma tribut\u00e1ria: o que muda nesse imposto | Blog da Contabilizei\" \/>\n<meta property=\"og:description\" content=\"Entenda mais sobre como fica o Imposto de Transmiss\u00e3o Causa Mortis e Doa\u00e7\u00e3o (ITCMD) na reforma tribut\u00e1ria aprovada no Brasil.\" \/>\n<meta property=\"og:url\" content=\"https:\/\/www.contabilizei.com.br\/reforma-tributaria\/artigo\/itcmd-reforma-tributaria-o-que-muda-nesse-imposto\/\" \/>\n<meta property=\"og:site_name\" content=\"Blog da Contabilizei\" \/>\n<meta property=\"article:publisher\" content=\"https:\/\/www.facebook.com\/Contabilizei\/\" \/>\n<meta property=\"article:modified_time\" content=\"2026-03-25T20:06:56+00:00\" \/>\n<meta property=\"og:image\" content=\"https:\/\/www.contabilizei.com.br\/reforma-tributaria\/wp-content\/uploads\/2017\/11\/contabilidade-online_tabela-simples-nacional-completa__.png\" \/>\n\t<meta property=\"og:image:width\" content=\"1270\" \/>\n\t<meta property=\"og:image:height\" content=\"720\" \/>\n\t<meta property=\"og:image:type\" content=\"image\/png\" \/>\n<meta name=\"twitter:card\" content=\"summary_large_image\" \/>\n<meta name=\"twitter:site\" content=\"@contabilizei\" \/>\n<meta name=\"twitter:label1\" content=\"Est. tempo de leitura\" \/>\n\t<meta name=\"twitter:data1\" content=\"2 minutos\" \/>\n<!-- \/ Yoast SEO plugin. -->","yoast_head_json":{"title":"ITCMD reforma tribut\u00e1ria: o que muda nesse imposto | Blog da Contabilizei","description":"Entenda mais sobre como fica o Imposto de Transmiss\u00e3o Causa Mortis e Doa\u00e7\u00e3o (ITCMD) na reforma tribut\u00e1ria aprovada no Brasil.","robots":{"index":"index","follow":"follow"},"canonical":"https:\/\/www.contabilizei.com.br\/reforma-tributaria\/artigo\/itcmd-reforma-tributaria-o-que-muda-nesse-imposto\/","og_locale":"pt_BR","og_type":"article","og_title":"ITCMD reforma tribut\u00e1ria: o que muda nesse imposto | Blog da Contabilizei","og_description":"Entenda mais sobre como fica o Imposto de Transmiss\u00e3o Causa Mortis e Doa\u00e7\u00e3o (ITCMD) na reforma tribut\u00e1ria aprovada no Brasil.","og_url":"https:\/\/www.contabilizei.com.br\/reforma-tributaria\/artigo\/itcmd-reforma-tributaria-o-que-muda-nesse-imposto\/","og_site_name":"Blog da Contabilizei","article_publisher":"https:\/\/www.facebook.com\/Contabilizei\/","article_modified_time":"2026-03-25T20:06:56+00:00","og_image":[{"width":1270,"height":720,"url":"https:\/\/www.contabilizei.com.br\/reforma-tributaria\/wp-content\/uploads\/2017\/11\/contabilidade-online_tabela-simples-nacional-completa__.png","type":"image\/png"}],"twitter_card":"summary_large_image","twitter_site":"@contabilizei","twitter_misc":{"Est. tempo de leitura":"2 minutos"},"schema":{"@context":"https:\/\/schema.org","@graph":[{"@type":"WebPage","@id":"https:\/\/www.contabilizei.com.br\/reforma-tributaria\/artigo\/itcmd-reforma-tributaria-o-que-muda-nesse-imposto\/","url":"https:\/\/www.contabilizei.com.br\/reforma-tributaria\/artigo\/itcmd-reforma-tributaria-o-que-muda-nesse-imposto\/","name":"ITCMD reforma tribut\u00e1ria: o que muda nesse imposto | Blog da Contabilizei","isPartOf":{"@id":"https:\/\/www.contabilizei.com.br\/reforma-tributaria\/#website"},"primaryImageOfPage":{"@id":"https:\/\/www.contabilizei.com.br\/reforma-tributaria\/artigo\/itcmd-reforma-tributaria-o-que-muda-nesse-imposto\/#primaryimage"},"image":{"@id":"https:\/\/www.contabilizei.com.br\/reforma-tributaria\/artigo\/itcmd-reforma-tributaria-o-que-muda-nesse-imposto\/#primaryimage"},"thumbnailUrl":"https:\/\/www.contabilizei.com.br\/reforma-tributaria\/wp-content\/uploads\/2017\/11\/contabilidade-online_tabela-simples-nacional-completa__.png","datePublished":"2025-06-24T19:29:41+00:00","dateModified":"2026-03-25T20:06:56+00:00","description":"Entenda mais sobre como fica o Imposto de Transmiss\u00e3o Causa Mortis e Doa\u00e7\u00e3o (ITCMD) na reforma tribut\u00e1ria aprovada no Brasil.","breadcrumb":{"@id":"https:\/\/www.contabilizei.com.br\/reforma-tributaria\/artigo\/itcmd-reforma-tributaria-o-que-muda-nesse-imposto\/#breadcrumb"},"inLanguage":"pt-BR","potentialAction":[{"@type":"ReadAction","target":["https:\/\/www.contabilizei.com.br\/reforma-tributaria\/artigo\/itcmd-reforma-tributaria-o-que-muda-nesse-imposto\/"]}]},{"@type":"ImageObject","inLanguage":"pt-BR","@id":"https:\/\/www.contabilizei.com.br\/reforma-tributaria\/artigo\/itcmd-reforma-tributaria-o-que-muda-nesse-imposto\/#primaryimage","url":"https:\/\/www.contabilizei.com.br\/reforma-tributaria\/wp-content\/uploads\/2017\/11\/contabilidade-online_tabela-simples-nacional-completa__.png","contentUrl":"https:\/\/www.contabilizei.com.br\/reforma-tributaria\/wp-content\/uploads\/2017\/11\/contabilidade-online_tabela-simples-nacional-completa__.png","width":1270,"height":720},{"@type":"BreadcrumbList","@id":"https:\/\/www.contabilizei.com.br\/reforma-tributaria\/artigo\/itcmd-reforma-tributaria-o-que-muda-nesse-imposto\/#breadcrumb","itemListElement":[{"@type":"ListItem","position":1,"name":"Home","item":"https:\/\/www.contabilizei.com.br\/reforma-tributaria\/"},{"@type":"ListItem","position":2,"name":"Posts - Reforma Tribut\u00e1ria","item":"https:\/\/www.contabilizei.com.br\/reforma-tributaria\/artigo\/"},{"@type":"ListItem","position":3,"name":"ITCMD reforma tribut\u00e1ria: o que muda nesse imposto"}]},{"@type":"WebSite","@id":"https:\/\/www.contabilizei.com.br\/reforma-tributaria\/#website","url":"https:\/\/www.contabilizei.com.br\/reforma-tributaria\/","name":"Hub da Reforma tribut\u00e1ria","description":"Apoiando o empreendedorismo desde 2013","potentialAction":[{"@type":"SearchAction","target":{"@type":"EntryPoint","urlTemplate":"https:\/\/www.contabilizei.com.br\/reforma-tributaria\/?s={search_term_string}"},"query-input":{"@type":"PropertyValueSpecification","valueRequired":true,"valueName":"search_term_string"}}],"inLanguage":"pt-BR"}]}},"_links":{"self":[{"href":"https:\/\/www.contabilizei.com.br\/reforma-tributaria\/wp-json\/wp\/v2\/reforma_post\/39295","targetHints":{"allow":["GET"]}}],"collection":[{"href":"https:\/\/www.contabilizei.com.br\/reforma-tributaria\/wp-json\/wp\/v2\/reforma_post"}],"about":[{"href":"https:\/\/www.contabilizei.com.br\/reforma-tributaria\/wp-json\/wp\/v2\/types\/reforma_post"}],"author":[{"embeddable":true,"href":"https:\/\/www.contabilizei.com.br\/reforma-tributaria\/wp-json\/wp\/v2\/users\/88"}],"version-history":[{"count":2,"href":"https:\/\/www.contabilizei.com.br\/reforma-tributaria\/wp-json\/wp\/v2\/reforma_post\/39295\/revisions"}],"predecessor-version":[{"id":40381,"href":"https:\/\/www.contabilizei.com.br\/reforma-tributaria\/wp-json\/wp\/v2\/reforma_post\/39295\/revisions\/40381"}],"wp:featuredmedia":[{"embeddable":true,"href":"https:\/\/www.contabilizei.com.br\/reforma-tributaria\/wp-json\/wp\/v2\/media\/35153"}],"wp:attachment":[{"href":"https:\/\/www.contabilizei.com.br\/reforma-tributaria\/wp-json\/wp\/v2\/media?parent=39295"}],"wp:term":[{"taxonomy":"reforma_post_category","embeddable":true,"href":"https:\/\/www.contabilizei.com.br\/reforma-tributaria\/wp-json\/wp\/v2\/reforma_post_category?post=39295"},{"taxonomy":"reforma_post_trail","embeddable":true,"href":"https:\/\/www.contabilizei.com.br\/reforma-tributaria\/wp-json\/wp\/v2\/reforma_post_trail?post=39295"}],"curies":[{"name":"wp","href":"https:\/\/api.w.org\/{rel}","templated":true}]}}