{"id":39294,"date":"2025-06-24T16:25:52","date_gmt":"2025-06-24T19:25:52","guid":{"rendered":"https:\/\/www.contabilizei.com.br\/contabilidade-online\/?post_type=reforma_post&#038;p=39294"},"modified":"2026-03-25T17:05:34","modified_gmt":"2026-03-25T20:05:34","slug":"quais-as-vantagens-da-reforma-tributaria","status":"publish","type":"reforma_post","link":"https:\/\/www.contabilizei.com.br\/reforma-tributaria\/artigo\/quais-as-vantagens-da-reforma-tributaria\/","title":{"rendered":"Quais as vantagens da reforma tribut\u00e1ria?"},"content":{"rendered":"\n<p>A Emenda Constitucional 132\/2023 que altera o sistema tribut\u00e1rio brasileiro ainda est\u00e1 em fase de regulamenta\u00e7\u00e3o, contudo o texto aprovado e os Projetos de Lei Complementar iniciais (PLC 68 e 108\/2024) j\u00e1 apresentam&nbsp;<strong>potenciais vantagens em compara\u00e7\u00e3o ao Sistema Tribut\u00e1rio<\/strong>&nbsp;que temos atualmente, as principais s\u00e3o as seguintes:<\/p>\n\n\n\n<ol class=\"wp-block-list\">\n<li><strong>Simplifica\u00e7\u00e3o da tributa\u00e7\u00e3o<\/strong>: a unifica\u00e7\u00e3o de cinco tributos em um \u00fanico imposto \u2013 IVA DUAL \u2013 deve tornar a tributa\u00e7\u00e3o e suas obriga\u00e7\u00f5es acess\u00f3rias mais simples e transparente para os contribuintes. Isso busca reduzir o custo de compliance para as empresas e facilitar a compreens\u00e3o dos impostos pelos cidad\u00e3os;<\/li>\n\n\n\n<li><strong>Redu\u00e7\u00e3o da carga tribut\u00e1ria<\/strong>: a reforma tribut\u00e1ria tem como princ\u00edpio a manuten\u00e7\u00e3o da carga tribut\u00e1ria total, contudo, como est\u00e1 posto ela deve reduzir para algumas empresas\/setores e tem potenciais efeitos para os consumidores. Isso deve aumentar o poder de compra da popula\u00e7\u00e3o e estimular a atividade econ\u00f4mica;<\/li>\n\n\n\n<li><strong>Aumento da competitividade da economia<\/strong>: a redu\u00e7\u00e3o da carga tribut\u00e1ria deve aumentar a competitividade da economia brasileira, tornando-a mais atraente para investimentos estrangeiros;<\/li>\n\n\n\n<li><strong>Aumento da seguran\u00e7a jur\u00eddica<\/strong>: a reforma tribut\u00e1ria deve tornar o sistema tribut\u00e1rio mais est\u00e1vel e previs\u00edvel, o que deve incentivar o investimento e a gera\u00e7\u00e3o de emprego.<\/li>\n\n\n\n<li><strong>Melhoria da efici\u00eancia do Estado<\/strong>: a reforma tribut\u00e1ria deve gerar recursos adicionais para o Estado, que podem ser usados para melhorar a presta\u00e7\u00e3o de servi\u00e7os p\u00fablicos;<\/li>\n\n\n\n<li><strong>Ado\u00e7\u00e3o de um sistema tribut\u00e1rio com maior justi\u00e7a social<\/strong>, aumentando a carga sobre os mais ricos e reduzindo o impacto sobre as camadas mais baixas da popula\u00e7\u00e3o.<\/li>\n\n\n\n<li><strong>Maior equidade de tributa\u00e7\u00e3o sobre o consumo<\/strong>, diante dos ajustes das al\u00edquotas de impostos sobre o consumo para assegurar que a carga tribut\u00e1ria seja distribu\u00edda de forma mais equitativa entre diferentes categorias de produtos e servi\u00e7os.<\/li>\n<\/ol>\n\n\n\n<p>\u00c9 importante que as empresas estejam atentas a pontos da reforma que atingem diretamente sua atividade econ\u00f4mica, como ela se comporta diante de cada regime tribut\u00e1rio e qual cen\u00e1rio ser\u00e1 o mais vantajoso para o neg\u00f3cio.<\/p>\n\n\n\n<p>Os impactos reais da reforma tribut\u00e1ria aprovada em 2023 s\u00f3 poder\u00e3o ser avaliados ap\u00f3s sua plena implementa\u00e7\u00e3o em 2033, no entanto \u00e9 crucial que os empres\u00e1rios comecem a an\u00e1lise agora, pois o per\u00edodo de transi\u00e7\u00e3o come\u00e7a em 2026 e as altera\u00e7\u00f5es j\u00e1 come\u00e7ar\u00e3o a influenciar o ambiente de neg\u00f3cios antes mesmo da ado\u00e7\u00e3o final o per\u00edodo de transi\u00e7\u00e3o. J\u00e1 aproveite, e entenda o real impacto das mudan\u00e7as com a calculadora da Reforma Tribut\u00e1ria. Antecipe-se e tome decis\u00f5es com mais seguran\u00e7a. <a href=\"https:\/\/www.contabilizei.com.br\/calculadora-reforma-tributaria\/\">Calcule agora o impacto no seu bolso.<\/a><\/p>\n\n\n\n<p>Finalizando, acredita-se que a reforma tem o potencial de trazer benef\u00edcios significativos para a economia brasileira.<\/p>\n\n\n\n<figure class=\"wp-block-embed is-type-video is-provider-youtube wp-block-embed-youtube wp-embed-aspect-16-9 wp-has-aspect-ratio\"><div class=\"wp-block-embed__wrapper\">\n<iframe loading=\"lazy\" title=\"A Reforma Tribut\u00e1ria vai aumentar impostos?\" width=\"640\" height=\"360\" src=\"https:\/\/www.youtube.com\/embed\/x3JF2hkgiqw?feature=oembed\" frameborder=\"0\" allow=\"accelerometer; autoplay; clipboard-write; encrypted-media; gyroscope; picture-in-picture; web-share\" referrerpolicy=\"strict-origin-when-cross-origin\" allowfullscreen><\/iframe>\n<\/div><\/figure>\n\n\n\n<p>A&nbsp;<a href=\"https:\/\/www.contabilizei.com.br\/sobre\/sobre-a-contabilizei\/\" target=\"_blank\" rel=\"noreferrer noopener\">Contabilizei<\/a>&nbsp;tem como prop\u00f3sito simplificar a vida de quem empreende e est\u00e1 junto aos nossos clientes para auxiliar em toda a transi\u00e7\u00e3o da reforma e na&nbsp;<a href=\"https:\/\/www.contabilizei.com.br\/escritorio-contabilidade-online\/\" target=\"_blank\" rel=\"noreferrer noopener\">escolha do melhor cen\u00e1rio tribut\u00e1rio para o empreendimento<\/a>. &nbsp;<\/p>\n","protected":false},"excerpt":{"rendered":"<p>A Emenda Constitucional 132\/2023 que altera o sistema tribut\u00e1rio brasileiro ainda est\u00e1 em fase de regulamenta\u00e7\u00e3o, contudo o texto aprovado&#8230;<\/p>\n","protected":false},"author":88,"featured_media":35158,"template":"","reforma_post_category":[352],"reforma_post_trail":[361],"class_list":{"0":"post-39294","1":"reforma_post","2":"type-reforma_post","3":"status-publish","4":"has-post-thumbnail","6":"reforma_post_category-perguntas-e-respostas","7":"reforma_post_trail-o-que-e-reforma-tributaria"},"yoast_head":"<!-- This site is optimized with the Yoast SEO plugin v27.5 - https:\/\/yoast.com\/product\/yoast-seo-wordpress\/ -->\n<title>Quais as vantagens da reforma tribut\u00e1ria? | Blog da Contabilizei<\/title>\n<meta name=\"description\" content=\"Saiba quais as vantagens da reforma tribut\u00e1ria e como preparar a sua empresa para as mudan\u00e7as.\" \/>\n<meta name=\"robots\" content=\"index, follow\" \/>\n<link rel=\"canonical\" href=\"https:\/\/www.contabilizei.com.br\/reforma-tributaria\/artigo\/quais-as-vantagens-da-reforma-tributaria\/\" \/>\n<meta property=\"og:locale\" content=\"pt_BR\" \/>\n<meta property=\"og:type\" content=\"article\" \/>\n<meta property=\"og:title\" content=\"Quais as vantagens da reforma tribut\u00e1ria? | Blog da Contabilizei\" \/>\n<meta property=\"og:description\" content=\"Saiba quais as vantagens da reforma tribut\u00e1ria e como preparar a sua empresa para as mudan\u00e7as.\" \/>\n<meta property=\"og:url\" content=\"https:\/\/www.contabilizei.com.br\/reforma-tributaria\/artigo\/quais-as-vantagens-da-reforma-tributaria\/\" \/>\n<meta property=\"og:site_name\" content=\"Blog da Contabilizei\" \/>\n<meta property=\"article:publisher\" content=\"https:\/\/www.facebook.com\/Contabilizei\/\" \/>\n<meta property=\"article:modified_time\" content=\"2026-03-25T20:05:34+00:00\" \/>\n<meta property=\"og:image\" content=\"https:\/\/www.contabilizei.com.br\/reforma-tributaria\/wp-content\/uploads\/2019\/11\/contabilidade-online_como-abrir-uma-empresa-simples-nacional_.png\" \/>\n\t<meta property=\"og:image:width\" content=\"1270\" \/>\n\t<meta property=\"og:image:height\" content=\"720\" \/>\n\t<meta property=\"og:image:type\" content=\"image\/png\" \/>\n<meta name=\"twitter:card\" content=\"summary_large_image\" \/>\n<meta name=\"twitter:site\" content=\"@contabilizei\" \/>\n<meta name=\"twitter:label1\" content=\"Est. tempo de leitura\" \/>\n\t<meta name=\"twitter:data1\" content=\"3 minutos\" \/>\n<!-- \/ Yoast SEO plugin. -->","yoast_head_json":{"title":"Quais as vantagens da reforma tribut\u00e1ria? | Blog da Contabilizei","description":"Saiba quais as vantagens da reforma tribut\u00e1ria e como preparar a sua empresa para as mudan\u00e7as.","robots":{"index":"index","follow":"follow"},"canonical":"https:\/\/www.contabilizei.com.br\/reforma-tributaria\/artigo\/quais-as-vantagens-da-reforma-tributaria\/","og_locale":"pt_BR","og_type":"article","og_title":"Quais as vantagens da reforma tribut\u00e1ria? | Blog da Contabilizei","og_description":"Saiba quais as vantagens da reforma tribut\u00e1ria e como preparar a sua empresa para as mudan\u00e7as.","og_url":"https:\/\/www.contabilizei.com.br\/reforma-tributaria\/artigo\/quais-as-vantagens-da-reforma-tributaria\/","og_site_name":"Blog da Contabilizei","article_publisher":"https:\/\/www.facebook.com\/Contabilizei\/","article_modified_time":"2026-03-25T20:05:34+00:00","og_image":[{"width":1270,"height":720,"url":"https:\/\/www.contabilizei.com.br\/reforma-tributaria\/wp-content\/uploads\/2019\/11\/contabilidade-online_como-abrir-uma-empresa-simples-nacional_.png","type":"image\/png"}],"twitter_card":"summary_large_image","twitter_site":"@contabilizei","twitter_misc":{"Est. tempo de leitura":"3 minutos"},"schema":{"@context":"https:\/\/schema.org","@graph":[{"@type":"WebPage","@id":"https:\/\/www.contabilizei.com.br\/reforma-tributaria\/artigo\/quais-as-vantagens-da-reforma-tributaria\/","url":"https:\/\/www.contabilizei.com.br\/reforma-tributaria\/artigo\/quais-as-vantagens-da-reforma-tributaria\/","name":"Quais as vantagens da reforma tribut\u00e1ria? | Blog da Contabilizei","isPartOf":{"@id":"https:\/\/www.contabilizei.com.br\/reforma-tributaria\/#website"},"primaryImageOfPage":{"@id":"https:\/\/www.contabilizei.com.br\/reforma-tributaria\/artigo\/quais-as-vantagens-da-reforma-tributaria\/#primaryimage"},"image":{"@id":"https:\/\/www.contabilizei.com.br\/reforma-tributaria\/artigo\/quais-as-vantagens-da-reforma-tributaria\/#primaryimage"},"thumbnailUrl":"https:\/\/www.contabilizei.com.br\/reforma-tributaria\/wp-content\/uploads\/2019\/11\/contabilidade-online_como-abrir-uma-empresa-simples-nacional_.png","datePublished":"2025-06-24T19:25:52+00:00","dateModified":"2026-03-25T20:05:34+00:00","description":"Saiba quais as vantagens da reforma tribut\u00e1ria e como preparar a sua empresa para as mudan\u00e7as.","breadcrumb":{"@id":"https:\/\/www.contabilizei.com.br\/reforma-tributaria\/artigo\/quais-as-vantagens-da-reforma-tributaria\/#breadcrumb"},"inLanguage":"pt-BR","potentialAction":[{"@type":"ReadAction","target":["https:\/\/www.contabilizei.com.br\/reforma-tributaria\/artigo\/quais-as-vantagens-da-reforma-tributaria\/"]}]},{"@type":"ImageObject","inLanguage":"pt-BR","@id":"https:\/\/www.contabilizei.com.br\/reforma-tributaria\/artigo\/quais-as-vantagens-da-reforma-tributaria\/#primaryimage","url":"https:\/\/www.contabilizei.com.br\/reforma-tributaria\/wp-content\/uploads\/2019\/11\/contabilidade-online_como-abrir-uma-empresa-simples-nacional_.png","contentUrl":"https:\/\/www.contabilizei.com.br\/reforma-tributaria\/wp-content\/uploads\/2019\/11\/contabilidade-online_como-abrir-uma-empresa-simples-nacional_.png","width":1270,"height":720},{"@type":"BreadcrumbList","@id":"https:\/\/www.contabilizei.com.br\/reforma-tributaria\/artigo\/quais-as-vantagens-da-reforma-tributaria\/#breadcrumb","itemListElement":[{"@type":"ListItem","position":1,"name":"Home","item":"https:\/\/www.contabilizei.com.br\/reforma-tributaria\/"},{"@type":"ListItem","position":2,"name":"Posts - Reforma Tribut\u00e1ria","item":"https:\/\/www.contabilizei.com.br\/reforma-tributaria\/artigo\/"},{"@type":"ListItem","position":3,"name":"Quais as vantagens da reforma tribut\u00e1ria?"}]},{"@type":"WebSite","@id":"https:\/\/www.contabilizei.com.br\/reforma-tributaria\/#website","url":"https:\/\/www.contabilizei.com.br\/reforma-tributaria\/","name":"Hub da Reforma tribut\u00e1ria","description":"Apoiando o empreendedorismo desde 2013","potentialAction":[{"@type":"SearchAction","target":{"@type":"EntryPoint","urlTemplate":"https:\/\/www.contabilizei.com.br\/reforma-tributaria\/?s={search_term_string}"},"query-input":{"@type":"PropertyValueSpecification","valueRequired":true,"valueName":"search_term_string"}}],"inLanguage":"pt-BR"}]}},"_links":{"self":[{"href":"https:\/\/www.contabilizei.com.br\/reforma-tributaria\/wp-json\/wp\/v2\/reforma_post\/39294","targetHints":{"allow":["GET"]}}],"collection":[{"href":"https:\/\/www.contabilizei.com.br\/reforma-tributaria\/wp-json\/wp\/v2\/reforma_post"}],"about":[{"href":"https:\/\/www.contabilizei.com.br\/reforma-tributaria\/wp-json\/wp\/v2\/types\/reforma_post"}],"author":[{"embeddable":true,"href":"https:\/\/www.contabilizei.com.br\/reforma-tributaria\/wp-json\/wp\/v2\/users\/88"}],"version-history":[{"count":3,"href":"https:\/\/www.contabilizei.com.br\/reforma-tributaria\/wp-json\/wp\/v2\/reforma_post\/39294\/revisions"}],"predecessor-version":[{"id":40380,"href":"https:\/\/www.contabilizei.com.br\/reforma-tributaria\/wp-json\/wp\/v2\/reforma_post\/39294\/revisions\/40380"}],"wp:featuredmedia":[{"embeddable":true,"href":"https:\/\/www.contabilizei.com.br\/reforma-tributaria\/wp-json\/wp\/v2\/media\/35158"}],"wp:attachment":[{"href":"https:\/\/www.contabilizei.com.br\/reforma-tributaria\/wp-json\/wp\/v2\/media?parent=39294"}],"wp:term":[{"taxonomy":"reforma_post_category","embeddable":true,"href":"https:\/\/www.contabilizei.com.br\/reforma-tributaria\/wp-json\/wp\/v2\/reforma_post_category?post=39294"},{"taxonomy":"reforma_post_trail","embeddable":true,"href":"https:\/\/www.contabilizei.com.br\/reforma-tributaria\/wp-json\/wp\/v2\/reforma_post_trail?post=39294"}],"curies":[{"name":"wp","href":"https:\/\/api.w.org\/{rel}","templated":true}]}}