{"id":39293,"date":"2025-06-24T16:22:30","date_gmt":"2025-06-24T19:22:30","guid":{"rendered":"https:\/\/www.contabilizei.com.br\/contabilidade-online\/?post_type=reforma_post&#038;p=39293"},"modified":"2026-03-25T17:04:22","modified_gmt":"2026-03-25T20:04:22","slug":"reforma-tributaria-estados-qual-o-impacto","status":"publish","type":"reforma_post","link":"https:\/\/www.contabilizei.com.br\/reforma-tributaria\/artigo\/reforma-tributaria-estados-qual-o-impacto\/","title":{"rendered":"Reforma tribut\u00e1ria estados: qual o impacto?"},"content":{"rendered":"\n<p>Atualmente, a principal fonte de arrecada\u00e7\u00e3o dos estados \u00e9 o ICMS, juntamente com suas vertentes, como o Diferencial de Al\u00edquotas e a Substitui\u00e7\u00e3o Tribut\u00e1ria.&nbsp;<\/p>\n\n\n\n<p><strong>No entanto, a reforma prop\u00f5e a unifica\u00e7\u00e3o desse imposto com o ISS, que \u00e9 municipal, criando ent\u00e3o o IBS (Imposto sobre Bens e Servi\u00e7os), cuja compet\u00eancia ser\u00e1 compartilhada entre estados e munic\u00edpios<\/strong>.<\/p>\n\n\n\n<p>Abaixo, destacamos os principais pontos sobre o impacto nos estados:<\/p>\n\n\n\n<h3 class=\"wp-block-heading\">1. <strong>Cobran\u00e7a de Impostos no Estado Destino:<\/strong><\/h3>\n\n\n\n<ul class=\"wp-block-list\">\n<li>Uma das mudan\u00e7as significativas \u00e9 a transi\u00e7\u00e3o da cobran\u00e7a dos impostos no local de consumo do bem, em vez do local de origem, como acontece atualmente.<\/li>\n\n\n\n<li>Essa medida visa a acabar com a chamada \u201cguerra fiscal\u201d entre os estados e munic\u00edpios, que oferecem benef\u00edcios e incentivos fiscais para atrair empresas.<\/li>\n\n\n\n<li>Para corrigir as perdas dos estados e munic\u00edpios que tinham uma arrecada\u00e7\u00e3o mais acentuada pela cobran\u00e7a de tributos no local de produ\u00e7\u00e3o dos bens e servi\u00e7os, criou-se uma transi\u00e7\u00e3o de 50 anos (2029-2078) para a distribui\u00e7\u00e3o da arrecada\u00e7\u00e3o dos novos tributos entre Uni\u00e3o, estados e munic\u00edpios. Mas importante lembrar que essa transi\u00e7\u00e3o \u00e9 apenas interna, federativa, ou seja, n\u00e3o afeta o cidad\u00e3o, mas sim, t\u00e3o somente os entes federados.<\/li>\n<\/ul>\n\n\n\n<h3 class=\"wp-block-heading\">2. <strong>Impactos Positivos:<\/strong><\/h3>\n\n\n\n<ol start=\"2\" class=\"wp-block-list\">\n<li><\/li>\n<\/ol>\n\n\n\n<ul class=\"wp-block-list\">\n<li>A simplifica\u00e7\u00e3o do sistema tribut\u00e1rio reduzir\u00e1 custos administrativos e aumentar\u00e1 a efici\u00eancia na arrecada\u00e7\u00e3o, como, por exemplo, o Split Payment que foi criado buscando a mitiga\u00e7\u00e3o da sonega\u00e7\u00e3o e da inadimpl\u00eancia .<\/li>\n\n\n\n<li>Maior efici\u00eancia com a elimina\u00e7\u00e3o da tributa\u00e7\u00e3o em cascata da bitributa\u00e7\u00e3o&nbsp; e o incentivo \u00e0 formaliza\u00e7\u00e3o da economia.<\/li>\n<\/ul>\n\n\n\n<h3 class=\"wp-block-heading\">3. <strong>Impactos Negativos:<\/strong><\/h3>\n\n\n\n<ol start=\"3\" class=\"wp-block-list\">\n<li><\/li>\n<\/ol>\n\n\n\n<ul class=\"wp-block-list\">\n<li>Poss\u00edvel aumento da carga tribut\u00e1ria atual para compensar as perdas futuras com a implementa\u00e7\u00e3o da reforma.<\/li>\n\n\n\n<li>Custos de implementa\u00e7\u00e3o do novo sistema, que podem ser particularmente desafiadores para os estados menores.<\/li>\n<\/ul>\n\n\n\n<h3 class=\"wp-block-heading\">4. <strong>Desafios:<\/strong><\/h3>\n\n\n\n<ol start=\"4\" class=\"wp-block-list\">\n<li><\/li>\n<\/ol>\n\n\n\n<ul class=\"wp-block-list\">\n<li>Necessidade de uma regulamenta\u00e7\u00e3o clara e eficiente do IBS para evitar inseguran\u00e7a jur\u00eddica.<\/li>\n\n\n\n<li>Garantia de mecanismos de compensa\u00e7\u00e3o para os estados que sofrerem perdas de arrecada\u00e7\u00e3o.<\/li>\n\n\n\n<li>Gest\u00e3o fiscal respons\u00e1vel para garantir que os recursos do IBS sejam utilizados de forma eficiente em \u00e1reas priorit\u00e1rias como sa\u00fade, educa\u00e7\u00e3o e seguran\u00e7a.<\/li>\n<\/ul>\n\n\n\n<p>A reforma tribut\u00e1ria trar\u00e1 mudan\u00e7as significativas para os estados. \u00c9 fundamental que os legisladores e os \u00f3rg\u00e3os fazend\u00e1rios realizem um planejamento cuidadoso e uma gest\u00e3o respons\u00e1vel para garantir uma transi\u00e7\u00e3o suave e ben\u00e9fica para todos os envolvidos.<\/p>\n\n\n\n<p>As empresas de com\u00e9rcio ser\u00e3o muito afetadas com a substitui\u00e7\u00e3o do ICMS para o IBS e devem avaliar cuidadosamente as mudan\u00e7as e impactos decorrentes da reforma tribut\u00e1ria, aproveitando as oportunidades e minimizando qualquer impacto negativo. <\/p>\n\n\n\n<p>\u00c9 neste ponto que a&nbsp;<a href=\"https:\/\/www.contabilizei.com.br\/sobre\/sobre-a-contabilizei\/\" target=\"_blank\" rel=\"noreferrer noopener\">Contabilizei<\/a>&nbsp;inicialmente vai contribuir para a realidade de cada cliente. Fale com um de nossos especialistas em tributa\u00e7\u00e3o e v<a href=\"https:\/\/www.contabilizei.com.br\/trocar-de-contador\/\" target=\"_blank\" rel=\"noreferrer noopener\">eja como podemos te ajudar<\/a>.<\/p>\n","protected":false},"excerpt":{"rendered":"<p>Atualmente, a principal fonte de arrecada\u00e7\u00e3o dos estados \u00e9 o ICMS, juntamente com suas vertentes, como o Diferencial de Al\u00edquotas&#8230;<\/p>\n","protected":false},"author":88,"featured_media":38364,"template":"","reforma_post_category":[352],"reforma_post_trail":[363],"class_list":{"0":"post-39293","1":"reforma_post","2":"type-reforma_post","3":"status-publish","4":"has-post-thumbnail","6":"reforma_post_category-perguntas-e-respostas","7":"reforma_post_trail-principais-novidades"},"yoast_head":"<!-- This site is optimized with the Yoast SEO plugin v27.5 - https:\/\/yoast.com\/product\/yoast-seo-wordpress\/ -->\n<title>Reforma tribut\u00e1ria estados: qual o impacto? | Blog da Contabilizei<\/title>\n<meta name=\"description\" content=\"Entenda como vai funcionar a Reforma tribut\u00e1ria em cada estado e os efeitos na arrecada\u00e7\u00e3o do ICMS.\" \/>\n<meta name=\"robots\" content=\"index, follow\" \/>\n<link rel=\"canonical\" href=\"https:\/\/www.contabilizei.com.br\/reforma-tributaria\/artigo\/reforma-tributaria-estados-qual-o-impacto\/\" \/>\n<meta property=\"og:locale\" content=\"pt_BR\" \/>\n<meta property=\"og:type\" content=\"article\" \/>\n<meta property=\"og:title\" content=\"Reforma tribut\u00e1ria estados: qual o impacto? | Blog da Contabilizei\" \/>\n<meta property=\"og:description\" content=\"Entenda como vai funcionar a Reforma tribut\u00e1ria em cada estado e os efeitos na arrecada\u00e7\u00e3o do ICMS.\" \/>\n<meta property=\"og:url\" content=\"https:\/\/www.contabilizei.com.br\/reforma-tributaria\/artigo\/reforma-tributaria-estados-qual-o-impacto\/\" \/>\n<meta property=\"og:site_name\" content=\"Blog da Contabilizei\" \/>\n<meta property=\"article:publisher\" content=\"https:\/\/www.facebook.com\/Contabilizei\/\" \/>\n<meta property=\"article:modified_time\" content=\"2026-03-25T20:04:22+00:00\" \/>\n<meta property=\"og:image\" content=\"https:\/\/www.contabilizei.com.br\/reforma-tributaria\/wp-content\/uploads\/2019\/10\/posso-trocar-de-contador.webp\" \/>\n\t<meta property=\"og:image:width\" content=\"1270\" \/>\n\t<meta property=\"og:image:height\" content=\"720\" \/>\n\t<meta property=\"og:image:type\" content=\"image\/webp\" \/>\n<meta name=\"twitter:card\" content=\"summary_large_image\" \/>\n<meta name=\"twitter:site\" content=\"@contabilizei\" \/>\n<meta name=\"twitter:label1\" content=\"Est. tempo de leitura\" \/>\n\t<meta name=\"twitter:data1\" content=\"3 minutos\" \/>\n<!-- \/ Yoast SEO plugin. -->","yoast_head_json":{"title":"Reforma tribut\u00e1ria estados: qual o impacto? | Blog da Contabilizei","description":"Entenda como vai funcionar a Reforma tribut\u00e1ria em cada estado e os efeitos na arrecada\u00e7\u00e3o do ICMS.","robots":{"index":"index","follow":"follow"},"canonical":"https:\/\/www.contabilizei.com.br\/reforma-tributaria\/artigo\/reforma-tributaria-estados-qual-o-impacto\/","og_locale":"pt_BR","og_type":"article","og_title":"Reforma tribut\u00e1ria estados: qual o impacto? | Blog da Contabilizei","og_description":"Entenda como vai funcionar a Reforma tribut\u00e1ria em cada estado e os efeitos na arrecada\u00e7\u00e3o do ICMS.","og_url":"https:\/\/www.contabilizei.com.br\/reforma-tributaria\/artigo\/reforma-tributaria-estados-qual-o-impacto\/","og_site_name":"Blog da Contabilizei","article_publisher":"https:\/\/www.facebook.com\/Contabilizei\/","article_modified_time":"2026-03-25T20:04:22+00:00","og_image":[{"width":1270,"height":720,"url":"https:\/\/www.contabilizei.com.br\/reforma-tributaria\/wp-content\/uploads\/2019\/10\/posso-trocar-de-contador.webp","type":"image\/webp"}],"twitter_card":"summary_large_image","twitter_site":"@contabilizei","twitter_misc":{"Est. tempo de leitura":"3 minutos"},"schema":{"@context":"https:\/\/schema.org","@graph":[{"@type":"WebPage","@id":"https:\/\/www.contabilizei.com.br\/reforma-tributaria\/artigo\/reforma-tributaria-estados-qual-o-impacto\/","url":"https:\/\/www.contabilizei.com.br\/reforma-tributaria\/artigo\/reforma-tributaria-estados-qual-o-impacto\/","name":"Reforma tribut\u00e1ria estados: qual o impacto? | Blog da Contabilizei","isPartOf":{"@id":"https:\/\/www.contabilizei.com.br\/reforma-tributaria\/#website"},"primaryImageOfPage":{"@id":"https:\/\/www.contabilizei.com.br\/reforma-tributaria\/artigo\/reforma-tributaria-estados-qual-o-impacto\/#primaryimage"},"image":{"@id":"https:\/\/www.contabilizei.com.br\/reforma-tributaria\/artigo\/reforma-tributaria-estados-qual-o-impacto\/#primaryimage"},"thumbnailUrl":"https:\/\/www.contabilizei.com.br\/reforma-tributaria\/wp-content\/uploads\/2019\/10\/posso-trocar-de-contador.webp","datePublished":"2025-06-24T19:22:30+00:00","dateModified":"2026-03-25T20:04:22+00:00","description":"Entenda como vai funcionar a Reforma tribut\u00e1ria em cada estado e os efeitos na arrecada\u00e7\u00e3o do ICMS.","breadcrumb":{"@id":"https:\/\/www.contabilizei.com.br\/reforma-tributaria\/artigo\/reforma-tributaria-estados-qual-o-impacto\/#breadcrumb"},"inLanguage":"pt-BR","potentialAction":[{"@type":"ReadAction","target":["https:\/\/www.contabilizei.com.br\/reforma-tributaria\/artigo\/reforma-tributaria-estados-qual-o-impacto\/"]}]},{"@type":"ImageObject","inLanguage":"pt-BR","@id":"https:\/\/www.contabilizei.com.br\/reforma-tributaria\/artigo\/reforma-tributaria-estados-qual-o-impacto\/#primaryimage","url":"https:\/\/www.contabilizei.com.br\/reforma-tributaria\/wp-content\/uploads\/2019\/10\/posso-trocar-de-contador.webp","contentUrl":"https:\/\/www.contabilizei.com.br\/reforma-tributaria\/wp-content\/uploads\/2019\/10\/posso-trocar-de-contador.webp","width":1270,"height":720},{"@type":"BreadcrumbList","@id":"https:\/\/www.contabilizei.com.br\/reforma-tributaria\/artigo\/reforma-tributaria-estados-qual-o-impacto\/#breadcrumb","itemListElement":[{"@type":"ListItem","position":1,"name":"Home","item":"https:\/\/www.contabilizei.com.br\/reforma-tributaria\/"},{"@type":"ListItem","position":2,"name":"Posts - Reforma Tribut\u00e1ria","item":"https:\/\/www.contabilizei.com.br\/reforma-tributaria\/artigo\/"},{"@type":"ListItem","position":3,"name":"Reforma tribut\u00e1ria estados: qual o impacto?"}]},{"@type":"WebSite","@id":"https:\/\/www.contabilizei.com.br\/reforma-tributaria\/#website","url":"https:\/\/www.contabilizei.com.br\/reforma-tributaria\/","name":"Hub da Reforma tribut\u00e1ria","description":"Apoiando o empreendedorismo desde 2013","potentialAction":[{"@type":"SearchAction","target":{"@type":"EntryPoint","urlTemplate":"https:\/\/www.contabilizei.com.br\/reforma-tributaria\/?s={search_term_string}"},"query-input":{"@type":"PropertyValueSpecification","valueRequired":true,"valueName":"search_term_string"}}],"inLanguage":"pt-BR"}]}},"_links":{"self":[{"href":"https:\/\/www.contabilizei.com.br\/reforma-tributaria\/wp-json\/wp\/v2\/reforma_post\/39293","targetHints":{"allow":["GET"]}}],"collection":[{"href":"https:\/\/www.contabilizei.com.br\/reforma-tributaria\/wp-json\/wp\/v2\/reforma_post"}],"about":[{"href":"https:\/\/www.contabilizei.com.br\/reforma-tributaria\/wp-json\/wp\/v2\/types\/reforma_post"}],"author":[{"embeddable":true,"href":"https:\/\/www.contabilizei.com.br\/reforma-tributaria\/wp-json\/wp\/v2\/users\/88"}],"version-history":[{"count":2,"href":"https:\/\/www.contabilizei.com.br\/reforma-tributaria\/wp-json\/wp\/v2\/reforma_post\/39293\/revisions"}],"predecessor-version":[{"id":40379,"href":"https:\/\/www.contabilizei.com.br\/reforma-tributaria\/wp-json\/wp\/v2\/reforma_post\/39293\/revisions\/40379"}],"wp:featuredmedia":[{"embeddable":true,"href":"https:\/\/www.contabilizei.com.br\/reforma-tributaria\/wp-json\/wp\/v2\/media\/38364"}],"wp:attachment":[{"href":"https:\/\/www.contabilizei.com.br\/reforma-tributaria\/wp-json\/wp\/v2\/media?parent=39293"}],"wp:term":[{"taxonomy":"reforma_post_category","embeddable":true,"href":"https:\/\/www.contabilizei.com.br\/reforma-tributaria\/wp-json\/wp\/v2\/reforma_post_category?post=39293"},{"taxonomy":"reforma_post_trail","embeddable":true,"href":"https:\/\/www.contabilizei.com.br\/reforma-tributaria\/wp-json\/wp\/v2\/reforma_post_trail?post=39293"}],"curies":[{"name":"wp","href":"https:\/\/api.w.org\/{rel}","templated":true}]}}