{"id":39292,"date":"2025-06-24T16:16:53","date_gmt":"2025-06-24T19:16:53","guid":{"rendered":"https:\/\/www.contabilizei.com.br\/contabilidade-online\/?post_type=reforma_post&#038;p=39292"},"modified":"2026-03-25T17:03:07","modified_gmt":"2026-03-25T20:03:07","slug":"quais-os-pontos-negativos-da-reforma-tributaria","status":"publish","type":"reforma_post","link":"https:\/\/www.contabilizei.com.br\/reforma-tributaria\/artigo\/quais-os-pontos-negativos-da-reforma-tributaria\/","title":{"rendered":"Quais os pontos negativos da reforma tribut\u00e1ria?"},"content":{"rendered":"\n<p><strong>A reforma tribut\u00e1ria aprovada no Brasil em 2023 fez relevantes altera\u00e7\u00f5es no sistema tribut\u00e1rio do pa\u00eds, visando simplificar a tributa\u00e7\u00e3o. No entanto, tamb\u00e9m \u00e9 necess\u00e1rio destacar alguns aspectos sens\u00edveis, como<\/strong>:<\/p>\n\n\n\n<ul class=\"wp-block-list\">\n<li><strong>Resultados a Longo Prazo<\/strong>: A natureza complexa da reforma demandar\u00e1 adapta\u00e7\u00e3o de diversos setores, incluindo empresas, governos e consumidores. 100% dos efeitos pr\u00e1ticos poder\u00e3o ser observados apenas em 2033, que \u00e9 a previs\u00e3o para o fim da transi\u00e7\u00e3o entre o antigo e o novo sistema tribut\u00e1rio;<\/li>\n\n\n\n<li><strong>Poss\u00edvel Aumento da Carga Tribut\u00e1ria em Alguns Setores<\/strong>: H\u00e1 a perspectiva de que determinados setores, especialmente o de servi\u00e7os, possam enfrentar um aumento no pagamento de tributos devido \u00e0 al\u00edquota padr\u00e3o do Imposto sobre Valor Agregado (IVA) apresentar uma carga tribut\u00e1ria superior \u00e0 atual para esse segmento. E, a apesar da reforma prever o aproveitamento de cr\u00e9ditos de impostos pagos sobre compras, empresas prestadoras de servi\u00e7o geralmente tem um custo maior com folha de pagamento, que n\u00e3o geram cr\u00e9ditos, do que o com outras despesas;<\/li>\n\n\n\n<li><strong>Monetiza\u00e7\u00e3o de Saldos Credores<\/strong>: A reforma prop\u00f5e o consumo imediato dos saldos credores de tributos acumulados, afetando o planejamento tribut\u00e1rio das empresas que acumulam cr\u00e9ditos h\u00e1 anos;<\/li>\n\n\n\n<li><strong>Vig\u00eancia de dois Sistemas Tribut\u00e1rios<\/strong>: A transi\u00e7\u00e3o de 7 anos para o novo sistema implica na coexist\u00eancia de dois sistemas tribut\u00e1rios, gerando custos adicionais para as empresas em termos de obriga\u00e7\u00f5es fiscais e pessoas;<\/li>\n\n\n\n<li><strong>Custos com Configura\u00e7\u00e3o e Parametriza\u00e7\u00e3o de sistemas<\/strong>: A complexidade do novo sistema tribut\u00e1rio demanda investimentos significativos para configurar e parametrizar os sistemas das empresas.<\/li>\n<\/ul>\n\n\n\n<p>Ao avaliar o impacto da reforma tribut\u00e1ria no Brasil, \u00e9 essencial estar ciente dos aspectos negativos para diferentes tipos de neg\u00f3cios. Empresas devem se preparar, conhecendo a legisla\u00e7\u00e3o tribut\u00e1ria e buscando orienta\u00e7\u00e3o profissional, enquanto ajustam seus sistemas \u00e0s novas regras para minimizar impactos adversos.<br><br>N\u00e3o espere a Reforma Tribut\u00e1ria chegar para agir. Entenda o real impacto das mudan\u00e7as com a Calculadora da Reforma Tribut\u00e1ria. Antecipe-se e tome decis\u00f5es com mais seguran\u00e7a. <a href=\"https:\/\/www.contabilizei.com.br\/calculadora-reforma-tributaria\/\">Calcule agora o impacto no seu bolso. <\/a><\/p>\n\n\n\n<figure class=\"wp-block-embed is-type-video is-provider-youtube wp-block-embed-youtube wp-embed-aspect-16-9 wp-has-aspect-ratio\"><div class=\"wp-block-embed__wrapper\">\n<iframe loading=\"lazy\" title=\"Como a Reforma Tribut\u00e1ria vai mudar o cen\u00e1rio de prestadores de servi\u00e7os no Brasil?\" width=\"640\" height=\"360\" src=\"https:\/\/www.youtube.com\/embed\/DcMTT064P6E?feature=oembed\" frameborder=\"0\" allow=\"accelerometer; autoplay; clipboard-write; encrypted-media; gyroscope; picture-in-picture; web-share\" referrerpolicy=\"strict-origin-when-cross-origin\" allowfullscreen><\/iframe>\n<\/div><\/figure>\n\n\n\n<p>A&nbsp;<a href=\"https:\/\/www.contabilizei.com.br\/\" target=\"_blank\" rel=\"noreferrer noopener\">Contabilizei<\/a>&nbsp;j\u00e1 est\u00e1 se preparando para essa mudan\u00e7a, com o objetivo principal de simplificar a vida de quem empreende durante essa transi\u00e7\u00e3o e garantir a manuten\u00e7\u00e3o da regularidade da empresa com a tributa\u00e7\u00e3o mais vantajosa poss\u00edvel. Se antecipe tamb\u00e9m e&nbsp;<a href=\"https:\/\/www.contabilizei.com.br\/trocar-de-contador\/\" target=\"_blank\" rel=\"noreferrer noopener\">traga sua empresa para a Contabilizei<\/a>.<\/p>\n","protected":false},"excerpt":{"rendered":"<p>A reforma tribut\u00e1ria aprovada no Brasil em 2023 fez relevantes altera\u00e7\u00f5es no sistema tribut\u00e1rio do pa\u00eds, visando simplificar a tributa\u00e7\u00e3o&#8230;.<\/p>\n","protected":false},"author":88,"featured_media":39148,"template":"","reforma_post_category":[352],"reforma_post_trail":[361],"class_list":{"0":"post-39292","1":"reforma_post","2":"type-reforma_post","3":"status-publish","4":"has-post-thumbnail","6":"reforma_post_category-perguntas-e-respostas","7":"reforma_post_trail-o-que-e-reforma-tributaria"},"yoast_head":"<!-- This site is optimized with the Yoast SEO plugin v27.5 - https:\/\/yoast.com\/product\/yoast-seo-wordpress\/ -->\n<title>Quais os pontos negativos da reforma tribut\u00e1ria? | Blog da Contabilizei<\/title>\n<meta name=\"description\" content=\"Saiba quais os pontos negativos da Reforma Tribut\u00e1ria e como preparar a sua empresa para os novos desafios.\" \/>\n<meta name=\"robots\" content=\"index, follow\" \/>\n<link rel=\"canonical\" href=\"https:\/\/www.contabilizei.com.br\/reforma-tributaria\/artigo\/quais-os-pontos-negativos-da-reforma-tributaria\/\" \/>\n<meta property=\"og:locale\" content=\"pt_BR\" \/>\n<meta property=\"og:type\" content=\"article\" \/>\n<meta property=\"og:title\" content=\"Quais os pontos negativos da reforma tribut\u00e1ria? | Blog da Contabilizei\" \/>\n<meta property=\"og:description\" content=\"Saiba quais os pontos negativos da Reforma Tribut\u00e1ria e como preparar a sua empresa para os novos desafios.\" \/>\n<meta property=\"og:url\" content=\"https:\/\/www.contabilizei.com.br\/reforma-tributaria\/artigo\/quais-os-pontos-negativos-da-reforma-tributaria\/\" \/>\n<meta property=\"og:site_name\" content=\"Blog da Contabilizei\" \/>\n<meta property=\"article:publisher\" content=\"https:\/\/www.facebook.com\/Contabilizei\/\" \/>\n<meta property=\"article:modified_time\" content=\"2026-03-25T20:03:07+00:00\" \/>\n<meta property=\"og:image\" content=\"https:\/\/www.contabilizei.com.br\/reforma-tributaria\/wp-content\/uploads\/2018\/05\/contrato-social-do-CNPJ.webp\" \/>\n\t<meta property=\"og:image:width\" content=\"1200\" \/>\n\t<meta property=\"og:image:height\" content=\"750\" \/>\n\t<meta property=\"og:image:type\" content=\"image\/webp\" \/>\n<meta name=\"twitter:card\" content=\"summary_large_image\" \/>\n<meta name=\"twitter:site\" content=\"@contabilizei\" \/>\n<meta name=\"twitter:label1\" content=\"Est. tempo de leitura\" \/>\n\t<meta name=\"twitter:data1\" content=\"3 minutos\" \/>\n<!-- \/ Yoast SEO plugin. -->","yoast_head_json":{"title":"Quais os pontos negativos da reforma tribut\u00e1ria? | Blog da Contabilizei","description":"Saiba quais os pontos negativos da Reforma Tribut\u00e1ria e como preparar a sua empresa para os novos desafios.","robots":{"index":"index","follow":"follow"},"canonical":"https:\/\/www.contabilizei.com.br\/reforma-tributaria\/artigo\/quais-os-pontos-negativos-da-reforma-tributaria\/","og_locale":"pt_BR","og_type":"article","og_title":"Quais os pontos negativos da reforma tribut\u00e1ria? | Blog da Contabilizei","og_description":"Saiba quais os pontos negativos da Reforma Tribut\u00e1ria e como preparar a sua empresa para os novos desafios.","og_url":"https:\/\/www.contabilizei.com.br\/reforma-tributaria\/artigo\/quais-os-pontos-negativos-da-reforma-tributaria\/","og_site_name":"Blog da Contabilizei","article_publisher":"https:\/\/www.facebook.com\/Contabilizei\/","article_modified_time":"2026-03-25T20:03:07+00:00","og_image":[{"width":1200,"height":750,"url":"https:\/\/www.contabilizei.com.br\/reforma-tributaria\/wp-content\/uploads\/2018\/05\/contrato-social-do-CNPJ.webp","type":"image\/webp"}],"twitter_card":"summary_large_image","twitter_site":"@contabilizei","twitter_misc":{"Est. tempo de leitura":"3 minutos"},"schema":{"@context":"https:\/\/schema.org","@graph":[{"@type":"WebPage","@id":"https:\/\/www.contabilizei.com.br\/reforma-tributaria\/artigo\/quais-os-pontos-negativos-da-reforma-tributaria\/","url":"https:\/\/www.contabilizei.com.br\/reforma-tributaria\/artigo\/quais-os-pontos-negativos-da-reforma-tributaria\/","name":"Quais os pontos negativos da reforma tribut\u00e1ria? | Blog da Contabilizei","isPartOf":{"@id":"https:\/\/www.contabilizei.com.br\/reforma-tributaria\/#website"},"primaryImageOfPage":{"@id":"https:\/\/www.contabilizei.com.br\/reforma-tributaria\/artigo\/quais-os-pontos-negativos-da-reforma-tributaria\/#primaryimage"},"image":{"@id":"https:\/\/www.contabilizei.com.br\/reforma-tributaria\/artigo\/quais-os-pontos-negativos-da-reforma-tributaria\/#primaryimage"},"thumbnailUrl":"https:\/\/www.contabilizei.com.br\/reforma-tributaria\/wp-content\/uploads\/2018\/05\/contrato-social-do-CNPJ.webp","datePublished":"2025-06-24T19:16:53+00:00","dateModified":"2026-03-25T20:03:07+00:00","description":"Saiba quais os pontos negativos da Reforma Tribut\u00e1ria e como preparar a sua empresa para os novos desafios.","breadcrumb":{"@id":"https:\/\/www.contabilizei.com.br\/reforma-tributaria\/artigo\/quais-os-pontos-negativos-da-reforma-tributaria\/#breadcrumb"},"inLanguage":"pt-BR","potentialAction":[{"@type":"ReadAction","target":["https:\/\/www.contabilizei.com.br\/reforma-tributaria\/artigo\/quais-os-pontos-negativos-da-reforma-tributaria\/"]}]},{"@type":"ImageObject","inLanguage":"pt-BR","@id":"https:\/\/www.contabilizei.com.br\/reforma-tributaria\/artigo\/quais-os-pontos-negativos-da-reforma-tributaria\/#primaryimage","url":"https:\/\/www.contabilizei.com.br\/reforma-tributaria\/wp-content\/uploads\/2018\/05\/contrato-social-do-CNPJ.webp","contentUrl":"https:\/\/www.contabilizei.com.br\/reforma-tributaria\/wp-content\/uploads\/2018\/05\/contrato-social-do-CNPJ.webp","width":1200,"height":750},{"@type":"BreadcrumbList","@id":"https:\/\/www.contabilizei.com.br\/reforma-tributaria\/artigo\/quais-os-pontos-negativos-da-reforma-tributaria\/#breadcrumb","itemListElement":[{"@type":"ListItem","position":1,"name":"Home","item":"https:\/\/www.contabilizei.com.br\/reforma-tributaria\/"},{"@type":"ListItem","position":2,"name":"Posts - Reforma Tribut\u00e1ria","item":"https:\/\/www.contabilizei.com.br\/reforma-tributaria\/artigo\/"},{"@type":"ListItem","position":3,"name":"Quais os pontos negativos da reforma tribut\u00e1ria?"}]},{"@type":"WebSite","@id":"https:\/\/www.contabilizei.com.br\/reforma-tributaria\/#website","url":"https:\/\/www.contabilizei.com.br\/reforma-tributaria\/","name":"Hub da Reforma tribut\u00e1ria","description":"Apoiando o empreendedorismo desde 2013","potentialAction":[{"@type":"SearchAction","target":{"@type":"EntryPoint","urlTemplate":"https:\/\/www.contabilizei.com.br\/reforma-tributaria\/?s={search_term_string}"},"query-input":{"@type":"PropertyValueSpecification","valueRequired":true,"valueName":"search_term_string"}}],"inLanguage":"pt-BR"}]}},"_links":{"self":[{"href":"https:\/\/www.contabilizei.com.br\/reforma-tributaria\/wp-json\/wp\/v2\/reforma_post\/39292","targetHints":{"allow":["GET"]}}],"collection":[{"href":"https:\/\/www.contabilizei.com.br\/reforma-tributaria\/wp-json\/wp\/v2\/reforma_post"}],"about":[{"href":"https:\/\/www.contabilizei.com.br\/reforma-tributaria\/wp-json\/wp\/v2\/types\/reforma_post"}],"author":[{"embeddable":true,"href":"https:\/\/www.contabilizei.com.br\/reforma-tributaria\/wp-json\/wp\/v2\/users\/88"}],"version-history":[{"count":2,"href":"https:\/\/www.contabilizei.com.br\/reforma-tributaria\/wp-json\/wp\/v2\/reforma_post\/39292\/revisions"}],"predecessor-version":[{"id":40377,"href":"https:\/\/www.contabilizei.com.br\/reforma-tributaria\/wp-json\/wp\/v2\/reforma_post\/39292\/revisions\/40377"}],"wp:featuredmedia":[{"embeddable":true,"href":"https:\/\/www.contabilizei.com.br\/reforma-tributaria\/wp-json\/wp\/v2\/media\/39148"}],"wp:attachment":[{"href":"https:\/\/www.contabilizei.com.br\/reforma-tributaria\/wp-json\/wp\/v2\/media?parent=39292"}],"wp:term":[{"taxonomy":"reforma_post_category","embeddable":true,"href":"https:\/\/www.contabilizei.com.br\/reforma-tributaria\/wp-json\/wp\/v2\/reforma_post_category?post=39292"},{"taxonomy":"reforma_post_trail","embeddable":true,"href":"https:\/\/www.contabilizei.com.br\/reforma-tributaria\/wp-json\/wp\/v2\/reforma_post_trail?post=39292"}],"curies":[{"name":"wp","href":"https:\/\/api.w.org\/{rel}","templated":true}]}}