{"id":39291,"date":"2025-06-24T16:14:06","date_gmt":"2025-06-24T19:14:06","guid":{"rendered":"https:\/\/www.contabilizei.com.br\/contabilidade-online\/?post_type=reforma_post&#038;p=39291"},"modified":"2026-03-25T17:00:00","modified_gmt":"2026-03-25T20:00:00","slug":"o-que-foi-aprovado-na-reforma-tributaria","status":"publish","type":"reforma_post","link":"https:\/\/www.contabilizei.com.br\/reforma-tributaria\/artigo\/o-que-foi-aprovado-na-reforma-tributaria\/","title":{"rendered":"O que foi aprovado na reforma tribut\u00e1ria?"},"content":{"rendered":"\n<p><strong>A reforma tribut\u00e1ria aprovada representa uma transforma\u00e7\u00e3o significativa no sistema de impostos brasileiro, visando simplificar sua estrutura e torn\u00e1-la mais transparente.&nbsp;<\/strong>Diversas mudan\u00e7as foram implementadas para alcan\u00e7ar esse objetivo, impactando tanto os contribuintes quanto os governos federal, estaduais e municipais.<\/p>\n\n\n\n<p><strong>Principais pontos aprovados&nbsp; na reforma tribut\u00e1ria:<\/strong><\/p>\n\n\n\n<ol class=\"wp-block-list\">\n<li><strong>Implementa\u00e7\u00e3o do IVA Dual:<\/strong>&nbsp;Ado\u00e7\u00e3o do Imposto sobre Valor Agregado (IVA) Dual, que ser\u00e1 aplicado em n\u00edvel federal, estadual e municipal, garantindo uma tributa\u00e7\u00e3o n\u00e3o cumulativa ao longo da cadeia de consumo.<\/li>\n\n\n\n<li><strong>Unifica\u00e7\u00e3o de Impostos:<\/strong>&nbsp;Substitui\u00e7\u00e3o de diversos tributos por dois novos impostos do IVA Dual: O IBS (Imposto sobre Bens e Servi\u00e7os) que vem substituindo o ICMS e ISS; e a CBS (Contribui\u00e7\u00e3o sobre Bens e Servi\u00e7os) que substitui o PIS, Cofins e o IPI. A unifica\u00e7\u00e3o vem simplificando a cobran\u00e7a e administra\u00e7\u00e3o dos impostos.<\/li>\n\n\n\n<li><strong>Fim da Guerra Fiscal:<\/strong>&nbsp;A contribui\u00e7\u00e3o de impostos ser\u00e1 realizada no local de destino, e n\u00e3o mais no local de origem do bem ou servi\u00e7o. Essa \u00e9 uma a\u00e7\u00e3o que visa encerrar a guerra fiscal entre estados e munic\u00edpios, com uma transi\u00e7\u00e3o gradual ao longo de 50 anos, a partir de 2029.<\/li>\n\n\n\n<li><strong>Redu\u00e7\u00e3o de Al\u00edquotas:<\/strong>&nbsp;Redu\u00e7\u00e3o de al\u00edquotas em 60% e 30% para alguns setores relevantes da economia, visando estimular o crescimento e a competitividade.<\/li>\n\n\n\n<li><strong>Benef\u00edcios Espec\u00edficos:<\/strong>&nbsp;Al\u00edquota zero para determinados produtos essenciais, como cesta b\u00e1sica nacional, produtos hort\u00edcolas, frutas e ovos, al\u00e9m de uma redu\u00e7\u00e3o de 30% para atividades profissionais regulamentadas.<\/li>\n\n\n\n<li><strong>Cashback para Consumidores de Baixa Renda:<\/strong>&nbsp;Estabelecimento de um sistema de cashback, que prev\u00ea a devolu\u00e7\u00e3o da CBS e do IBS sobre o consumo para os consumidores de baixa renda, buscando reduzir as desigualdades sociais e promover o consumo inclusivo.<\/li>\n<\/ol>\n\n\n\n<p><em>A Reforma Tribut\u00e1ria pode impactar diretamente a sua empresa, e a melhor maneira de se preparar para as mudan\u00e7as \u00e9 com conhecimento.\u00a0Descubra em segundos se voc\u00ea vai pagar mais ou menos impostos com a Reforma Tribut\u00e1ria. <a href=\"https:\/\/www.contabilizei.com.br\/calculadora-reforma-tributaria\/\">Calcule gr\u00e1tis agora!<\/a><\/em> <\/p>\n\n\n\n<figure class=\"wp-block-embed is-type-video is-provider-youtube wp-block-embed-youtube wp-embed-aspect-16-9 wp-has-aspect-ratio\"><div class=\"wp-block-embed__wrapper\">\n<iframe loading=\"lazy\" title=\"Como a Reforma Tribut\u00e1ria vai mudar o cen\u00e1rio de prestadores de servi\u00e7os no Brasil?\" width=\"640\" height=\"360\" src=\"https:\/\/www.youtube.com\/embed\/DcMTT064P6E?feature=oembed\" frameborder=\"0\" allow=\"accelerometer; autoplay; clipboard-write; encrypted-media; gyroscope; picture-in-picture; web-share\" referrerpolicy=\"strict-origin-when-cross-origin\" allowfullscreen><\/iframe>\n<\/div><\/figure>\n\n\n\n<p>Prepare-se para a transi\u00e7\u00e3o do sistema tribut\u00e1rio e evite impactos negativos e aproveite as oportunidades que a reforma pode proporcionar com a\u00a0<a href=\"https:\/\/www.contabilizei.com.br\/sobre\/sobre-a-contabilizei\/\" target=\"_blank\" rel=\"noreferrer noopener\">Contabilizei<\/a>, o maior escrit\u00f3rio de contabilidade do Brasil.\u00a0<a href=\"https:\/\/e.contabilizei.com.br\/reforma_tributaria_newsletter\" target=\"_blank\" rel=\"noreferrer noopener\">Assine nossa newsletter<\/a>\u00a0<em>e tenha acesso a uma curadoria com conte\u00fados exclusivos no seu e-mail, se preferir<\/em> <a href=\"https:\/\/www.contabilizei.com.br\/escritorio-contabilidade-online\/\" target=\"_blank\" rel=\"noreferrer noopener\">Fale com nossos especialistas agora!<\/a><\/p>\n","protected":false},"excerpt":{"rendered":"<p>A reforma tribut\u00e1ria aprovada representa uma transforma\u00e7\u00e3o significativa no sistema de impostos brasileiro, visando simplificar sua estrutura e torn\u00e1-la mais&#8230;<\/p>\n","protected":false},"author":88,"featured_media":38339,"template":"","reforma_post_category":[352],"reforma_post_trail":[363],"class_list":{"0":"post-39291","1":"reforma_post","2":"type-reforma_post","3":"status-publish","4":"has-post-thumbnail","6":"reforma_post_category-perguntas-e-respostas","7":"reforma_post_trail-principais-novidades"},"yoast_head":"<!-- This site is optimized with the Yoast SEO plugin v27.5 - https:\/\/yoast.com\/product\/yoast-seo-wordpress\/ -->\n<title>O que foi aprovado na reforma tribut\u00e1ria? | Blog da Contabilizei<\/title>\n<meta name=\"description\" content=\"Saiba o que foi aprovado na reforma tribut\u00e1ria aprovada a partir dos 6 principais pontos e como preparar a sua empresa.\" \/>\n<meta name=\"robots\" content=\"index, follow\" \/>\n<link rel=\"canonical\" href=\"https:\/\/www.contabilizei.com.br\/reforma-tributaria\/artigo\/o-que-foi-aprovado-na-reforma-tributaria\/\" \/>\n<meta property=\"og:locale\" content=\"pt_BR\" \/>\n<meta property=\"og:type\" content=\"article\" \/>\n<meta property=\"og:title\" content=\"O que foi aprovado na reforma tribut\u00e1ria? | Blog da Contabilizei\" \/>\n<meta property=\"og:description\" content=\"Saiba o que foi aprovado na reforma tribut\u00e1ria aprovada a partir dos 6 principais pontos e como preparar a sua empresa.\" \/>\n<meta property=\"og:url\" content=\"https:\/\/www.contabilizei.com.br\/reforma-tributaria\/artigo\/o-que-foi-aprovado-na-reforma-tributaria\/\" \/>\n<meta property=\"og:site_name\" content=\"Blog da Contabilizei\" \/>\n<meta property=\"article:publisher\" content=\"https:\/\/www.facebook.com\/Contabilizei\/\" \/>\n<meta property=\"article:modified_time\" content=\"2026-03-25T20:00:00+00:00\" \/>\n<meta property=\"og:image\" content=\"https:\/\/www.contabilizei.com.br\/reforma-tributaria\/wp-content\/uploads\/2024\/05\/faturamento-microempresa.webp\" \/>\n\t<meta property=\"og:image:width\" content=\"1200\" \/>\n\t<meta property=\"og:image:height\" content=\"750\" \/>\n\t<meta property=\"og:image:type\" content=\"image\/webp\" \/>\n<meta name=\"twitter:card\" content=\"summary_large_image\" \/>\n<meta name=\"twitter:site\" content=\"@contabilizei\" \/>\n<meta name=\"twitter:label1\" content=\"Est. tempo de leitura\" \/>\n\t<meta name=\"twitter:data1\" content=\"3 minutos\" \/>\n<!-- \/ Yoast SEO plugin. -->","yoast_head_json":{"title":"O que foi aprovado na reforma tribut\u00e1ria? | Blog da Contabilizei","description":"Saiba o que foi aprovado na reforma tribut\u00e1ria aprovada a partir dos 6 principais pontos e como preparar a sua empresa.","robots":{"index":"index","follow":"follow"},"canonical":"https:\/\/www.contabilizei.com.br\/reforma-tributaria\/artigo\/o-que-foi-aprovado-na-reforma-tributaria\/","og_locale":"pt_BR","og_type":"article","og_title":"O que foi aprovado na reforma tribut\u00e1ria? | Blog da Contabilizei","og_description":"Saiba o que foi aprovado na reforma tribut\u00e1ria aprovada a partir dos 6 principais pontos e como preparar a sua empresa.","og_url":"https:\/\/www.contabilizei.com.br\/reforma-tributaria\/artigo\/o-que-foi-aprovado-na-reforma-tributaria\/","og_site_name":"Blog da Contabilizei","article_publisher":"https:\/\/www.facebook.com\/Contabilizei\/","article_modified_time":"2026-03-25T20:00:00+00:00","og_image":[{"width":1200,"height":750,"url":"https:\/\/www.contabilizei.com.br\/reforma-tributaria\/wp-content\/uploads\/2024\/05\/faturamento-microempresa.webp","type":"image\/webp"}],"twitter_card":"summary_large_image","twitter_site":"@contabilizei","twitter_misc":{"Est. tempo de leitura":"3 minutos"},"schema":{"@context":"https:\/\/schema.org","@graph":[{"@type":"WebPage","@id":"https:\/\/www.contabilizei.com.br\/reforma-tributaria\/artigo\/o-que-foi-aprovado-na-reforma-tributaria\/","url":"https:\/\/www.contabilizei.com.br\/reforma-tributaria\/artigo\/o-que-foi-aprovado-na-reforma-tributaria\/","name":"O que foi aprovado na reforma tribut\u00e1ria? | Blog da Contabilizei","isPartOf":{"@id":"https:\/\/www.contabilizei.com.br\/reforma-tributaria\/#website"},"primaryImageOfPage":{"@id":"https:\/\/www.contabilizei.com.br\/reforma-tributaria\/artigo\/o-que-foi-aprovado-na-reforma-tributaria\/#primaryimage"},"image":{"@id":"https:\/\/www.contabilizei.com.br\/reforma-tributaria\/artigo\/o-que-foi-aprovado-na-reforma-tributaria\/#primaryimage"},"thumbnailUrl":"https:\/\/www.contabilizei.com.br\/reforma-tributaria\/wp-content\/uploads\/2024\/05\/faturamento-microempresa.webp","datePublished":"2025-06-24T19:14:06+00:00","dateModified":"2026-03-25T20:00:00+00:00","description":"Saiba o que foi aprovado na reforma tribut\u00e1ria aprovada a partir dos 6 principais pontos e como preparar a sua empresa.","breadcrumb":{"@id":"https:\/\/www.contabilizei.com.br\/reforma-tributaria\/artigo\/o-que-foi-aprovado-na-reforma-tributaria\/#breadcrumb"},"inLanguage":"pt-BR","potentialAction":[{"@type":"ReadAction","target":["https:\/\/www.contabilizei.com.br\/reforma-tributaria\/artigo\/o-que-foi-aprovado-na-reforma-tributaria\/"]}]},{"@type":"ImageObject","inLanguage":"pt-BR","@id":"https:\/\/www.contabilizei.com.br\/reforma-tributaria\/artigo\/o-que-foi-aprovado-na-reforma-tributaria\/#primaryimage","url":"https:\/\/www.contabilizei.com.br\/reforma-tributaria\/wp-content\/uploads\/2024\/05\/faturamento-microempresa.webp","contentUrl":"https:\/\/www.contabilizei.com.br\/reforma-tributaria\/wp-content\/uploads\/2024\/05\/faturamento-microempresa.webp","width":1200,"height":750},{"@type":"BreadcrumbList","@id":"https:\/\/www.contabilizei.com.br\/reforma-tributaria\/artigo\/o-que-foi-aprovado-na-reforma-tributaria\/#breadcrumb","itemListElement":[{"@type":"ListItem","position":1,"name":"Home","item":"https:\/\/www.contabilizei.com.br\/reforma-tributaria\/"},{"@type":"ListItem","position":2,"name":"Posts - Reforma Tribut\u00e1ria","item":"https:\/\/www.contabilizei.com.br\/reforma-tributaria\/artigo\/"},{"@type":"ListItem","position":3,"name":"O que foi aprovado na reforma tribut\u00e1ria?"}]},{"@type":"WebSite","@id":"https:\/\/www.contabilizei.com.br\/reforma-tributaria\/#website","url":"https:\/\/www.contabilizei.com.br\/reforma-tributaria\/","name":"Hub da Reforma tribut\u00e1ria","description":"Apoiando o empreendedorismo desde 2013","potentialAction":[{"@type":"SearchAction","target":{"@type":"EntryPoint","urlTemplate":"https:\/\/www.contabilizei.com.br\/reforma-tributaria\/?s={search_term_string}"},"query-input":{"@type":"PropertyValueSpecification","valueRequired":true,"valueName":"search_term_string"}}],"inLanguage":"pt-BR"}]}},"_links":{"self":[{"href":"https:\/\/www.contabilizei.com.br\/reforma-tributaria\/wp-json\/wp\/v2\/reforma_post\/39291","targetHints":{"allow":["GET"]}}],"collection":[{"href":"https:\/\/www.contabilizei.com.br\/reforma-tributaria\/wp-json\/wp\/v2\/reforma_post"}],"about":[{"href":"https:\/\/www.contabilizei.com.br\/reforma-tributaria\/wp-json\/wp\/v2\/types\/reforma_post"}],"author":[{"embeddable":true,"href":"https:\/\/www.contabilizei.com.br\/reforma-tributaria\/wp-json\/wp\/v2\/users\/88"}],"version-history":[{"count":2,"href":"https:\/\/www.contabilizei.com.br\/reforma-tributaria\/wp-json\/wp\/v2\/reforma_post\/39291\/revisions"}],"predecessor-version":[{"id":40375,"href":"https:\/\/www.contabilizei.com.br\/reforma-tributaria\/wp-json\/wp\/v2\/reforma_post\/39291\/revisions\/40375"}],"wp:featuredmedia":[{"embeddable":true,"href":"https:\/\/www.contabilizei.com.br\/reforma-tributaria\/wp-json\/wp\/v2\/media\/38339"}],"wp:attachment":[{"href":"https:\/\/www.contabilizei.com.br\/reforma-tributaria\/wp-json\/wp\/v2\/media?parent=39291"}],"wp:term":[{"taxonomy":"reforma_post_category","embeddable":true,"href":"https:\/\/www.contabilizei.com.br\/reforma-tributaria\/wp-json\/wp\/v2\/reforma_post_category?post=39291"},{"taxonomy":"reforma_post_trail","embeddable":true,"href":"https:\/\/www.contabilizei.com.br\/reforma-tributaria\/wp-json\/wp\/v2\/reforma_post_trail?post=39291"}],"curies":[{"name":"wp","href":"https:\/\/api.w.org\/{rel}","templated":true}]}}