{"id":39289,"date":"2025-06-24T16:00:49","date_gmt":"2025-06-24T19:00:49","guid":{"rendered":"https:\/\/www.contabilizei.com.br\/contabilidade-online\/?post_type=reforma_post&#038;p=39289"},"modified":"2026-03-25T16:57:39","modified_gmt":"2026-03-25T19:57:39","slug":"reforma-tributaria-imposto-seletivo","status":"publish","type":"reforma_post","link":"https:\/\/www.contabilizei.com.br\/reforma-tributaria\/artigo\/reforma-tributaria-imposto-seletivo\/","title":{"rendered":"Reforma Tribut\u00e1ria: Imposto Seletivo, o que \u00e9 e quem vai pagar?"},"content":{"rendered":"\n<p>O&nbsp;<strong>Imposto Seletivo (IS), tamb\u00e9m conhecido como Imposto do Pecado<\/strong>, \u00e9 um novo tributo criado a partir da&nbsp;Reforma Tribut\u00e1ria&nbsp;aprovada no Brasil em 2023. <\/p>\n\n\n\n<p>O Imposto Seletivo foi aprovado e vai incidir sobre produ\u00e7\u00e3o, extra\u00e7\u00e3o, comercializa\u00e7\u00e3o ou importa\u00e7\u00e3o de produtos prejudiciais \u00e0 sa\u00fade, como cigarros e bebidas alco\u00f3licas, al\u00e9m de produtos mal\u00e9ficos ao meio ambiente, como carros.&nbsp;<\/p>\n\n\n\n<p>O Imposto Seletivo ser\u00e1 federal e objeto da avalia\u00e7\u00e3o quinquenal sobre a sua efetividade em desestimular o consumo de produtos prejudiciais \u00e0 sa\u00fade e ao meio ambiente e ter\u00e1 car\u00e1ter extrafiscal (n\u00e3o arrecadat\u00f3rio).<\/p>\n\n\n\n<p>Ele n\u00e3o est\u00e1 sujeito \u00e0 n\u00e3o cumulatividade e incidir\u00e1 uma \u00fanica vez sobre o bem. A lista de incid\u00eancia ser\u00e1 taxativa e com abertura por NCMs e, al\u00e9m disso, tal imposto n\u00e3o integrar\u00e1 a base de c\u00e1lculo do ICMS (transi\u00e7\u00e3o), IBS,&nbsp;<a href=\"https:\/\/site-stg1.ctbz.com.br\/contabilidade-online\/cbs-imposto\/\" target=\"_blank\" rel=\"noreferrer noopener\">CBS<\/a>&nbsp;e o pr\u00f3prio IS incidentes na opera\u00e7\u00e3o;<\/p>\n\n\n\n<p>Saiba como o Imposto do Pecado influencia no pre\u00e7o dos produtos que voc\u00ea consome ou, se voc\u00ea for um empreendedor, como ele afeta o que voc\u00ea vende.&nbsp;<\/p>\n\n\n\n<p>Aproveitando, veja o que muda em impostos para PJs, o que muda no caso de aut\u00f4nomos e o que muda no caso de empreendedores com funcion\u00e1rios.&nbsp;<\/p>\n\n\n\n<h2 class=\"wp-block-heading\" id=\"quem-sofre-incidencia-do-imposto-seletivo\">Quem sofre incid\u00eancia do Imposto Seletivo?<\/h2>\n\n\n\n<ul class=\"wp-block-list\">\n<li>Ve\u00edculos, embarca\u00e7\u00f5es e aeronaves emissores de poluentes (exceto caminh\u00f5es);<\/li>\n\n\n\n<li>Produtos fum\u00edgenos;<\/li>\n\n\n\n<li>Bebidas alc\u00f3olicas;<\/li>\n\n\n\n<li>Bebidas a\u00e7ucaradas;<\/li>\n\n\n\n<li>Bens minerais extra\u00eddos (teto de al\u00edquota de 1%),<\/li>\n\n\n\n<li>Concursos de progn\u00f3sticos.<\/li>\n<\/ul>\n\n\n\n<h2 class=\"wp-block-heading\" id=\"qual-sera-a-aliquota-do-imposto-seletivo\">Qual ser\u00e1 a al\u00edquota do Imposto Seletivo?<\/h2>\n\n\n\n<p>A princ\u00edpio,<strong>&nbsp;o Imposto Seletivo n\u00e3o ter\u00e1 uma al\u00edquota fixa, justamente por ser \u201cseletivo\u201d<\/strong>, no sentido literal da palavra. Ou seja, ser\u00e3o&nbsp;<strong>bens e servi\u00e7os selecionados e com al\u00edquotas distintas, conforme o grau de preju\u00edzo que pode causar<\/strong>&nbsp;\u00e0 sa\u00fade ou ao meio ambiente. Por isso, \u00e9 um imposto pol\u00eamico e que vem provocando diversas discuss\u00f5es nos setores afetados.&nbsp;<\/p>\n\n\n\n<p>Segundo o projeto de Lei Complementar n\u00ba 68 de 2024, as al\u00edquotas ser\u00e3o previstas em lei&nbsp;ordin\u00e1ria. Um exemplo de como supor a al\u00edquota do Imposto Seletivo \u00e9 considerar como funciona hoje o IPI (Imposto sobre produtos industrializados). <\/p>\n\n\n\n<p>No caso do IPI, por exemplo, um bronzeador paga 7,8% de IPI, enquanto o cigarro possui al\u00edquota de 300%. Isso porque se entende que o cigarro \u00e9 muito mais prejudicial \u00e0 sa\u00fade que o uso de bronzeador solar.&nbsp;<\/p>\n\n\n\n<figure class=\"wp-block-embed is-type-video is-provider-youtube wp-block-embed-youtube wp-embed-aspect-16-9 wp-has-aspect-ratio\"><div class=\"wp-block-embed__wrapper\">\n<iframe loading=\"lazy\" title=\"Quais os principais impactos da Reforma Tribut\u00e1ria para o consumidor?\" width=\"640\" height=\"360\" src=\"https:\/\/www.youtube.com\/embed\/Fjx9okFsUAw?feature=oembed\" frameborder=\"0\" allow=\"accelerometer; autoplay; clipboard-write; encrypted-media; gyroscope; picture-in-picture; web-share\" referrerpolicy=\"strict-origin-when-cross-origin\" allowfullscreen><\/iframe>\n<\/div><\/figure>\n\n\n\n<h2 class=\"wp-block-heading\" id=\"icms-e-um-imposto-seletivo\">ICMS \u00e9 um Imposto Seletivo?<\/h2>\n\n\n\n<p><strong>Sim, o ICMS \u00e9 seletivo. A seletividade \u00e9 um princ\u00edpio tribut\u00e1rio. O ICMS tem al\u00edquota variada por produto de acordo com a l\u00f3gica: quanto mais sup\u00e9rfluo ou menos essencial um item, maior a al\u00edquota<\/strong>. No entanto, a al\u00edquota do ICMS n\u00e3o \u00e9 t\u00e3o alta quanto a do IPI.<\/p>\n\n\n\n<p>Por exemplo, o preservativo, um item considerado essencial, possui al\u00edquota zerada de ICMS. Em S\u00e3o Paulo, os perfumes t\u00eam al\u00edquota de 25% e, assim sucessivamente, \u00e0 medida que se torna mais sup\u00e9rfluo. Lembrando que o ICMS varia em cada estado, pois cada um define sua al\u00edquota por produto.<\/p>\n\n\n\n<p>Desta forma, com a&nbsp;Reforma Tribut\u00e1ria&nbsp;e a unifica\u00e7\u00e3o de tributos, o ICMS vai se tornar o IBS com al\u00edquota fixa, igualando as al\u00edquotas dos produtos em todos os Estados, simplificando o sistema tribut\u00e1rio brasileiro.<\/p>\n\n\n\n<h2 class=\"wp-block-heading\" id=\"imposto-seletivo-na-zona-franca-de-manaus-como-influencia-o-preco-de-bicicletas\">Imposto Seletivo na Zona Franca de Manaus: como influencia o pre\u00e7o de bicicletas<\/h2>\n\n\n\n<p>O Imposto Seletivo sobre a Zona Franca de Manaus \u00e9 uma segunda forma de uso pelo Governo. A confus\u00e3o acontece porque o Imposto Seletivo tamb\u00e9m ficou conhecido como Imposto do Pecado por taxar produtos prejudiciais \u00e0 sa\u00fade.&nbsp;<\/p>\n\n\n\n<p>No entanto, neste caso, o Congresso Nacional optou por um outro uso da seletividade no que tange \u00e0 Zona Franca.<\/p>\n\n\n\n<p>Vale lembrar que a Zona Franca de Manaus foi criada para promover o desenvolvimento econ\u00f4mico da regi\u00e3o Norte do Brasil por meio de incentivos fiscais e aduaneiros e tem desempenhado um papel crucial na ind\u00fastria e no com\u00e9rcio local.<\/p>\n\n\n\n<p>Por isso, o Congresso estipulou que, ap\u00f3s 2027, o IPI ter\u00e1 suas al\u00edquotas reduzidas a zero em todo o Brasil, exceto em rela\u00e7\u00e3o aos produtos que tenham industrializa\u00e7\u00e3o incentivada na ZFM, ou seja, o IPI ainda ir\u00e1 vigorar no pa\u00eds, mas com a nova fun\u00e7\u00e3o de manter a competitividade das produ\u00e7\u00f5es industriais da Zona Franca de Manaus (ZFM).<\/p>\n\n\n\n<p>A proposta busca manter a competitividade dos produtos fabricados na Zona Franca de Manaus, dada a sua fun\u00e7\u00e3o social e de preserva\u00e7\u00e3o da floresta amaz\u00f4nica, com a justificativa de que os produtos fabricados na Zona Franca, quando produzidos em outros estados, s\u00e3o tributados pelo Imposto sobre Produtos Industrializados (IPI), que ser\u00e1 parcialmente&nbsp;<em>extinto<\/em>&nbsp;pela&nbsp;Reforma Tribut\u00e1ria.&nbsp;<\/p>\n\n\n\n<p>Os benef\u00edcios fiscais do IPI atualmente concedido para plantas automobil\u00edsticas nas Regi\u00f5es Norte, Nordeste e Centro-Oeste ser\u00e3o prorrogados at\u00e9 dezembro de 2032. <\/p>\n\n\n\n<p>Mas, diferentemente de hoje, ser\u00e1 exclusivamente para autom\u00f3veis \u201cdescarbonizantes\u201d, como ve\u00edculos el\u00e9tricos ou movidos a biocombust\u00edveis. O benef\u00edcio, estabelecido na forma de cr\u00e9dito presumido da&nbsp;CBS, ser\u00e1 reduzido em 20% ao ano entre 2029 e 2032.<\/p>\n\n\n\n<h2 class=\"wp-block-heading\" id=\"quando-o-imposto-seletivo-vai-entrar-em-vigor\">Quando o Imposto Seletivo vai entrar em vigor?<\/h2>\n\n\n\n<p>O Imposto Seletivo come\u00e7a a valer a partir de 2027. O primeiro passo \u00e9 ter as taxas zeradas de IPI at\u00e9 2027, exceto em rela\u00e7\u00e3o aos produtos que tenham industrializa\u00e7\u00e3o incentivada na ZFM. Neste caso, o IPI ainda ir\u00e1 vigorar no pa\u00eds, mas com a nova fun\u00e7\u00e3o de manter a competitividade das produ\u00e7\u00f5es industriais da Zona Franca de Manaus (ZFM), que ainda ter\u00e1 outros benef\u00edcios criados pela lei.&nbsp;<\/p>\n\n\n\n<h2 class=\"wp-block-heading\" id=\"como-se-planejar-para-a-reforma-tributaria\">Como se planejar para a Reforma Tribut\u00e1ria?<\/h2>\n\n\n\n<p>S\u00e3o muitas as mudan\u00e7as da&nbsp;Reforma Tribut\u00e1ria&nbsp;propostas pelo Congresso. Para adaptar a sua empresa neste novo cen\u00e1rio, ser\u00e1 ainda mais importante contar com um time de contadores preparados para apoiar as micro e pequenas empresas neste per\u00edodo de transi\u00e7\u00e3o e auxiliar no planejamento tribut\u00e1rio.&nbsp;<\/p>\n\n\n\n<p><br>A\u00a0<a href=\"https:\/\/www.contabilizei.com.br\/\" target=\"_blank\" rel=\"noreferrer noopener\">Contabilizei<\/a>\u00a0tem investido em an\u00e1lises profundas de cen\u00e1rios e tecnologia necess\u00e1rias para facilitar a contabilidade das micro e pequenas empresas nesta nova fase. Entenda o real impacto das mudan\u00e7as com a nossa <a href=\"https:\/\/www.contabilizei.com.br\/calculadora-reforma-tributaria\/\">Calculadora da Reforma Tribut\u00e1ria<\/a>. Antecipe-se e tome decis\u00f5es com mais seguran\u00e7a. Calcule agora o impacto no seu caixa! <\/p>\n","protected":false},"excerpt":{"rendered":"<p>O&nbsp;Imposto Seletivo (IS), tamb\u00e9m conhecido como Imposto do Pecado, \u00e9 um novo tributo criado a partir da&nbsp;Reforma Tribut\u00e1ria&nbsp;aprovada no Brasil&#8230;<\/p>\n","protected":false},"author":88,"featured_media":35569,"template":"","reforma_post_category":[352],"reforma_post_trail":[363],"class_list":{"0":"post-39289","1":"reforma_post","2":"type-reforma_post","3":"status-publish","4":"has-post-thumbnail","6":"reforma_post_category-perguntas-e-respostas","7":"reforma_post_trail-principais-novidades"},"yoast_head":"<!-- This site is optimized with the Yoast SEO plugin v27.5 - https:\/\/yoast.com\/product\/yoast-seo-wordpress\/ -->\n<title>Reforma Tribut\u00e1ria: Imposto Seletivo, o que \u00e9 e quem vai pagar? | Blog da Contabilizei<\/title>\n<meta name=\"description\" content=\"O Imposto Seletivo criado com a Reforma Tribut\u00e1ria vai mudar o pre\u00e7o de produtos prejudiciais \u00e0 sa\u00fade e ao meio ambiente. Saiba mais sobre este assunto.\" \/>\n<meta name=\"robots\" content=\"index, follow\" \/>\n<link rel=\"canonical\" href=\"https:\/\/www.contabilizei.com.br\/reforma-tributaria\/artigo\/reforma-tributaria-imposto-seletivo\/\" \/>\n<meta property=\"og:locale\" content=\"pt_BR\" \/>\n<meta property=\"og:type\" content=\"article\" \/>\n<meta property=\"og:title\" content=\"Reforma Tribut\u00e1ria: Imposto Seletivo, o que \u00e9 e quem vai pagar? | Blog da Contabilizei\" \/>\n<meta property=\"og:description\" content=\"O Imposto Seletivo criado com a Reforma Tribut\u00e1ria vai mudar o pre\u00e7o de produtos prejudiciais \u00e0 sa\u00fade e ao meio ambiente. Saiba mais sobre este assunto.\" \/>\n<meta property=\"og:url\" content=\"https:\/\/www.contabilizei.com.br\/reforma-tributaria\/artigo\/reforma-tributaria-imposto-seletivo\/\" \/>\n<meta property=\"og:site_name\" content=\"Blog da Contabilizei\" \/>\n<meta property=\"article:publisher\" content=\"https:\/\/www.facebook.com\/Contabilizei\/\" \/>\n<meta property=\"article:modified_time\" content=\"2026-03-25T19:57:39+00:00\" \/>\n<meta property=\"og:image\" content=\"https:\/\/www.contabilizei.com.br\/reforma-tributaria\/wp-content\/uploads\/2023\/07\/Como-emitir-certificado-digital_-passo-a-passo-e-quanto-custa-.png\" \/>\n\t<meta property=\"og:image:width\" content=\"1270\" \/>\n\t<meta property=\"og:image:height\" content=\"720\" \/>\n\t<meta property=\"og:image:type\" content=\"image\/png\" \/>\n<meta name=\"twitter:card\" content=\"summary_large_image\" \/>\n<meta name=\"twitter:site\" content=\"@contabilizei\" \/>\n<meta name=\"twitter:label1\" content=\"Est. tempo de leitura\" \/>\n\t<meta name=\"twitter:data1\" content=\"6 minutos\" \/>\n<!-- \/ Yoast SEO plugin. -->","yoast_head_json":{"title":"Reforma Tribut\u00e1ria: Imposto Seletivo, o que \u00e9 e quem vai pagar? | Blog da Contabilizei","description":"O Imposto Seletivo criado com a Reforma Tribut\u00e1ria vai mudar o pre\u00e7o de produtos prejudiciais \u00e0 sa\u00fade e ao meio ambiente. Saiba mais sobre este assunto.","robots":{"index":"index","follow":"follow"},"canonical":"https:\/\/www.contabilizei.com.br\/reforma-tributaria\/artigo\/reforma-tributaria-imposto-seletivo\/","og_locale":"pt_BR","og_type":"article","og_title":"Reforma Tribut\u00e1ria: Imposto Seletivo, o que \u00e9 e quem vai pagar? | Blog da Contabilizei","og_description":"O Imposto Seletivo criado com a Reforma Tribut\u00e1ria vai mudar o pre\u00e7o de produtos prejudiciais \u00e0 sa\u00fade e ao meio ambiente. Saiba mais sobre este assunto.","og_url":"https:\/\/www.contabilizei.com.br\/reforma-tributaria\/artigo\/reforma-tributaria-imposto-seletivo\/","og_site_name":"Blog da Contabilizei","article_publisher":"https:\/\/www.facebook.com\/Contabilizei\/","article_modified_time":"2026-03-25T19:57:39+00:00","og_image":[{"width":1270,"height":720,"url":"https:\/\/www.contabilizei.com.br\/reforma-tributaria\/wp-content\/uploads\/2023\/07\/Como-emitir-certificado-digital_-passo-a-passo-e-quanto-custa-.png","type":"image\/png"}],"twitter_card":"summary_large_image","twitter_site":"@contabilizei","twitter_misc":{"Est. tempo de leitura":"6 minutos"},"schema":{"@context":"https:\/\/schema.org","@graph":[{"@type":"WebPage","@id":"https:\/\/www.contabilizei.com.br\/reforma-tributaria\/artigo\/reforma-tributaria-imposto-seletivo\/","url":"https:\/\/www.contabilizei.com.br\/reforma-tributaria\/artigo\/reforma-tributaria-imposto-seletivo\/","name":"Reforma Tribut\u00e1ria: Imposto Seletivo, o que \u00e9 e quem vai pagar? | Blog da Contabilizei","isPartOf":{"@id":"https:\/\/www.contabilizei.com.br\/reforma-tributaria\/#website"},"primaryImageOfPage":{"@id":"https:\/\/www.contabilizei.com.br\/reforma-tributaria\/artigo\/reforma-tributaria-imposto-seletivo\/#primaryimage"},"image":{"@id":"https:\/\/www.contabilizei.com.br\/reforma-tributaria\/artigo\/reforma-tributaria-imposto-seletivo\/#primaryimage"},"thumbnailUrl":"https:\/\/www.contabilizei.com.br\/reforma-tributaria\/wp-content\/uploads\/2023\/07\/Como-emitir-certificado-digital_-passo-a-passo-e-quanto-custa-.png","datePublished":"2025-06-24T19:00:49+00:00","dateModified":"2026-03-25T19:57:39+00:00","description":"O Imposto Seletivo criado com a Reforma Tribut\u00e1ria vai mudar o pre\u00e7o de produtos prejudiciais \u00e0 sa\u00fade e ao meio ambiente. Saiba mais sobre este assunto.","breadcrumb":{"@id":"https:\/\/www.contabilizei.com.br\/reforma-tributaria\/artigo\/reforma-tributaria-imposto-seletivo\/#breadcrumb"},"inLanguage":"pt-BR","potentialAction":[{"@type":"ReadAction","target":["https:\/\/www.contabilizei.com.br\/reforma-tributaria\/artigo\/reforma-tributaria-imposto-seletivo\/"]}]},{"@type":"ImageObject","inLanguage":"pt-BR","@id":"https:\/\/www.contabilizei.com.br\/reforma-tributaria\/artigo\/reforma-tributaria-imposto-seletivo\/#primaryimage","url":"https:\/\/www.contabilizei.com.br\/reforma-tributaria\/wp-content\/uploads\/2023\/07\/Como-emitir-certificado-digital_-passo-a-passo-e-quanto-custa-.png","contentUrl":"https:\/\/www.contabilizei.com.br\/reforma-tributaria\/wp-content\/uploads\/2023\/07\/Como-emitir-certificado-digital_-passo-a-passo-e-quanto-custa-.png","width":1270,"height":720},{"@type":"BreadcrumbList","@id":"https:\/\/www.contabilizei.com.br\/reforma-tributaria\/artigo\/reforma-tributaria-imposto-seletivo\/#breadcrumb","itemListElement":[{"@type":"ListItem","position":1,"name":"Home","item":"https:\/\/www.contabilizei.com.br\/reforma-tributaria\/"},{"@type":"ListItem","position":2,"name":"Posts - Reforma Tribut\u00e1ria","item":"https:\/\/www.contabilizei.com.br\/reforma-tributaria\/artigo\/"},{"@type":"ListItem","position":3,"name":"Reforma Tribut\u00e1ria: Imposto Seletivo, o que \u00e9 e quem vai pagar?"}]},{"@type":"WebSite","@id":"https:\/\/www.contabilizei.com.br\/reforma-tributaria\/#website","url":"https:\/\/www.contabilizei.com.br\/reforma-tributaria\/","name":"Hub da Reforma tribut\u00e1ria","description":"Apoiando o empreendedorismo desde 2013","potentialAction":[{"@type":"SearchAction","target":{"@type":"EntryPoint","urlTemplate":"https:\/\/www.contabilizei.com.br\/reforma-tributaria\/?s={search_term_string}"},"query-input":{"@type":"PropertyValueSpecification","valueRequired":true,"valueName":"search_term_string"}}],"inLanguage":"pt-BR"}]}},"_links":{"self":[{"href":"https:\/\/www.contabilizei.com.br\/reforma-tributaria\/wp-json\/wp\/v2\/reforma_post\/39289","targetHints":{"allow":["GET"]}}],"collection":[{"href":"https:\/\/www.contabilizei.com.br\/reforma-tributaria\/wp-json\/wp\/v2\/reforma_post"}],"about":[{"href":"https:\/\/www.contabilizei.com.br\/reforma-tributaria\/wp-json\/wp\/v2\/types\/reforma_post"}],"author":[{"embeddable":true,"href":"https:\/\/www.contabilizei.com.br\/reforma-tributaria\/wp-json\/wp\/v2\/users\/88"}],"version-history":[{"count":3,"href":"https:\/\/www.contabilizei.com.br\/reforma-tributaria\/wp-json\/wp\/v2\/reforma_post\/39289\/revisions"}],"predecessor-version":[{"id":40373,"href":"https:\/\/www.contabilizei.com.br\/reforma-tributaria\/wp-json\/wp\/v2\/reforma_post\/39289\/revisions\/40373"}],"wp:featuredmedia":[{"embeddable":true,"href":"https:\/\/www.contabilizei.com.br\/reforma-tributaria\/wp-json\/wp\/v2\/media\/35569"}],"wp:attachment":[{"href":"https:\/\/www.contabilizei.com.br\/reforma-tributaria\/wp-json\/wp\/v2\/media?parent=39289"}],"wp:term":[{"taxonomy":"reforma_post_category","embeddable":true,"href":"https:\/\/www.contabilizei.com.br\/reforma-tributaria\/wp-json\/wp\/v2\/reforma_post_category?post=39289"},{"taxonomy":"reforma_post_trail","embeddable":true,"href":"https:\/\/www.contabilizei.com.br\/reforma-tributaria\/wp-json\/wp\/v2\/reforma_post_trail?post=39289"}],"curies":[{"name":"wp","href":"https:\/\/api.w.org\/{rel}","templated":true}]}}