{"id":39288,"date":"2025-06-24T15:55:01","date_gmt":"2025-06-24T18:55:01","guid":{"rendered":"https:\/\/www.contabilizei.com.br\/contabilidade-online\/?post_type=reforma_post&#038;p=39288"},"modified":"2026-03-25T16:56:30","modified_gmt":"2026-03-25T19:56:30","slug":"reforma-tributaria-o-que-muda-para-empresas","status":"publish","type":"reforma_post","link":"https:\/\/www.contabilizei.com.br\/reforma-tributaria\/artigo\/reforma-tributaria-o-que-muda-para-empresas\/","title":{"rendered":"Reforma Tribut\u00e1ria: o que muda para empresas"},"content":{"rendered":"\n<p>A Reforma Tribut\u00e1ria foi aprovada por meio da Emenda Constitucional \u2013 EC n\u00ba 132 em dezembro de 2023. Neste momento, a Reforma Tribut\u00e1ria do Consumo est\u00e1 em regulamenta\u00e7\u00e3o e ainda h\u00e1 algumas discuss\u00f5es importantes pela frente. No entanto, quando falamos sobre o&nbsp;<strong>Reforma Tribut\u00e1ria e o que muda&nbsp;<\/strong>para as empresas, j\u00e1 podemos destacar algumas das principais mudan\u00e7as.<\/p>\n\n\n\n<p>Os especialistas da Contabilizei compartilham neste artigo os destaques do que voc\u00ea precisa estar ciente sobre o que muda com a Reforma Tribut\u00e1ria se voc\u00ea possui uma empresa aberta ou atua por meio de um CNPJ.<\/p>\n\n\n\n<p>Entenda mais sobre Reforma Tribut\u00e1ria no artigo completo. Aqui, fornecemos uma vers\u00e3o resumida com os principais pontos.<\/p>\n\n\n\n<p>Resumidamente,&nbsp;<strong>o que muda com a Reforma Tribut\u00e1ria \u00e9<\/strong>:<\/p>\n\n\n\n<ol class=\"wp-block-list\">\n<li>Simplifica\u00e7\u00e3o Tribut\u00e1ria<\/li>\n\n\n\n<li>N\u00e3o cumulatividade ampla<\/li>\n\n\n\n<li>Uniformiza\u00e7\u00e3o das al\u00edquotas<\/li>\n\n\n\n<li>Simples Nacional H\u00edbrido<\/li>\n\n\n\n<li>Tributa\u00e7\u00e3o no destino<\/li>\n\n\n\n<li>Regimes diferenciados e espec\u00edficos<\/li>\n\n\n\n<li>Split payment<\/li>\n\n\n\n<li>Imposto seletivo<\/li>\n<\/ol>\n\n\n\n<figure class=\"wp-block-embed is-type-video is-provider-youtube wp-block-embed-youtube wp-embed-aspect-16-9 wp-has-aspect-ratio\"><div class=\"wp-block-embed__wrapper\">\n<iframe loading=\"lazy\" title=\"Principais pontos sobre Reforma Tribut\u00e1ria que o micro e pequeno empreendedor precisa saber\" width=\"640\" height=\"360\" src=\"https:\/\/www.youtube.com\/embed\/Mz1loBVFzpM?feature=oembed\" frameborder=\"0\" allow=\"accelerometer; autoplay; clipboard-write; encrypted-media; gyroscope; picture-in-picture; web-share\" referrerpolicy=\"strict-origin-when-cross-origin\" allowfullscreen><\/iframe>\n<\/div><\/figure>\n\n\n\n<h2 class=\"wp-block-heading\" id=\"simplificacao-tributaria\">Simplifica\u00e7\u00e3o tribut\u00e1ria<\/h2>\n\n\n\n<p>Uma das principais mudan\u00e7as de o que muda com a Reforma Tribut\u00e1ria \u00e9 a unifica\u00e7\u00e3o dos tributos no&nbsp;<strong>IVA DUAL que simplifica a gest\u00e3o tribut\u00e1ria para as empresas<\/strong>, reduzindo a burocracia e os custos administrativos e de&nbsp;<em>compliance<\/em>&nbsp;associados ao cumprimento das obriga\u00e7\u00f5es fiscais.<\/p>\n\n\n\n<h2 class=\"wp-block-heading\" id=\"nao-cumulatividade-ampla\">N\u00e3o cumulatividade ampla<\/h2>\n\n\n\n<p>O segundo principal ponto de o que muda na Reforma Tribut\u00e1ria \u00e9 a cria\u00e7\u00e3o do IVA DUAL ser\u00e1 n\u00e3o-cumulativo, o que significa que&nbsp;<strong>as empresas poder\u00e3o descontar o imposto pago nas etapas anteriores da cadeia produtiva<\/strong>. Isso ajuda a evitar a tributa\u00e7\u00e3o em cascata, reduzindo o custo efetivo para as empresas.<\/p>\n\n\n\n<h2 class=\"wp-block-heading\" id=\"uniformizacao-das-aliquotas\">Uniformiza\u00e7\u00e3o das al\u00edquotas<\/h2>\n\n\n\n<p>A reforma prev\u00ea a&nbsp;<strong>uniformiza\u00e7\u00e3o das al\u00edquotas em todo o territ\u00f3rio nacional, substituindo as diferentes al\u00edquotas federais, estaduais e municipais<\/strong>&nbsp;que existem atualmente, simplificando a administra\u00e7\u00e3o fiscal para empresas que operam em m\u00faltiplas jurisdi\u00e7\u00f5es, facilitando o planejamento e o cumprimento das obriga\u00e7\u00f5es tribut\u00e1rias. Mas&nbsp;<strong>tal uniformiza\u00e7\u00e3o demandar\u00e1 as empresas repensarem a precifica\u00e7\u00e3o dos seus produtos e servi\u00e7os<\/strong>.<\/p>\n\n\n\n<h2 class=\"wp-block-heading\" id=\"simples-nacional-hibrido\">Simples Nacional H\u00edbrido<\/h2>\n\n\n\n<p>A&nbsp;<strong>Reforma criou um regime h\u00edbrido para que o optante pelo Simples Nacional possa recolher o IBS e CBS de forma segregada, se assim o desejar<\/strong>. A ideia \u00e9 que as empresas optantes pelo Simples Nacional possam continuar nesse sistema para o recolhimento dos demais tributos e optar pelo regime n\u00e3o-cumulativo do IBS e da CBS se lhes for economicamente mais favor\u00e1vel.&nbsp;<\/p>\n\n\n\n<p>Esse \u00e9 um&nbsp;<strong>ponto sens\u00edvel e deve ser analisado e estudado com calma pelas PJs do Simples Nacional<\/strong>, pois conforme texto da Reforma Tribut\u00e1ria PLP 68\/2024 se a empresa optar por recolher a&nbsp;<a href=\"https:\/\/site-stg1.ctbz.com.br\/contabilidade-online\/cbs-imposto\/\" target=\"_blank\" rel=\"noreferrer noopener\">CBS<\/a>&nbsp;e IBS pelo regime normal com al\u00edquota padr\u00e3o do IVA, de forma avulsa a DAS, ela permitir\u00e1 a apropria\u00e7\u00e3o integral de cr\u00e9ditos para seus clientes, caso contr\u00e1rio, o cr\u00e9dito ser\u00e1 proporcional ao IBS e CBS recolhido na DAS, ou seja, bem inferior e que poder\u00e1 levar a perda de competitividade dessas empresas a depender do mercado que atuam (B2B ou B2C).<\/p>\n\n\n\n<p>Aqui, ponto importante \u00e9 destacar que h\u00e1 um aumento significativo de impostos, por isso a decis\u00e3o deve ser tomada ap\u00f3s an\u00e1lise de cada cen\u00e1rio individualmente.<\/p>\n\n\n\n<h2 class=\"wp-block-heading\" id=\"tributacao-no-destino\">Tributa\u00e7\u00e3o no destino<\/h2>\n\n\n\n<p>Est\u00e1 entre as principais mudan\u00e7as da reforma dos tributos incidentes sobre o consumo. O texto constitucional, promulgado no fim do ano passado,&nbsp;<strong>alterou a tributa\u00e7\u00e3o da origem para o destino, com o objetivo principal de possibilitar o fim da guerra fiscal entre os estados<\/strong>&nbsp;e de tributar efetivamente o consumo \u2013 que diferentemente do modelo anterior, ao tributar na origem, atingia a produ\u00e7\u00e3o.<\/p>\n\n\n\n<h2 class=\"wp-block-heading\" id=\"regimes-diferenciados-e-especificos\">Regimes diferenciados e espec\u00edficos<\/h2>\n\n\n\n<p>Foram criados regimes diferenciados para alguns setores da economia, com&nbsp;<strong>redu\u00e7\u00e3o das al\u00edquotas de IBS e CBS em 30%&nbsp;<\/strong>(Profiss\u00f5es regulamentadas fiscalizadas por conselhos),&nbsp;<strong>em 60%<\/strong>&nbsp;(Servi\u00e7os de educa\u00e7\u00e3o, sa\u00fade, medicamento, etc)&nbsp;<strong>e a 0%<\/strong>&nbsp;(servi\u00e7os prestados por Institui\u00e7\u00e3o Cient\u00edfica, Tecnol\u00f3gica e de Inova\u00e7\u00e3o \u2013 ICT \u2013 sem fins lucrativo, dentre outros).<\/p>\n\n\n\n<p>Tamb\u00e9m foram criados regimes espec\u00edficos para alguns setores da economia com particularidades, como, por exemplo, servi\u00e7os financeiros, bares e restaurantes, ag\u00eancias de viagens e de turismo.<\/p>\n\n\n\n<h2 class=\"wp-block-heading\" id=\"split-payment\">Split payment<\/h2>\n\n\n\n<p>Com a Reforma Tribut\u00e1ria sobre o consumo, a forma de recolher os novos tributos IBS e CBS ser\u00e1 completamente alterada, afetando o fluxo de caixa das empresas. Isso porque,&nbsp;<strong>o recolhimento dos tributos, que hoje \u00e9 feito mensalmente, ser\u00e1 realizado de imediato com o pagamento do bem ou do servi\u00e7o, por meio de um sistema conhecido como&nbsp;<em>split payment&nbsp;<\/em><\/strong>que significa \u201cpagamento dividido\u201d.&nbsp;<\/p>\n\n\n\n<p>Tal cria\u00e7\u00e3o visa reduzir a sonega\u00e7\u00e3o e a inadimpl\u00eancia, isso porque, a parte do tributo devido sobre o valor da opera\u00e7\u00e3o de venda, ser\u00e1 recolhido imediatamente aos cofres p\u00fablicos, sem que o empreendedor receba este valor. Neste caso, o empreendedor receber\u00e1 apenas o valor da venda sem os impostos. Esse sistema est\u00e1 dividido em \u201cinteligente\u201d, \u201csimplificado\u201d e \u201cmanual\u201d.&nbsp;<\/p>\n\n\n\n<p>O modelo \u201cinteligente\u201d determina que o meio de pagamento deve consultar os sistemas da Receita Federal e do Comit\u00ea Gestor do IBS para recolher somente a diferen\u00e7a entre o valor que deveria incidir na opera\u00e7\u00e3o e a quantidade do imposto j\u00e1 paga por meio de compensa\u00e7\u00e3o de cr\u00e9ditos ao fornecedor.&nbsp;<\/p>\n\n\n\n<p>O m\u00e9todo \u201csimplificado\u201d destina-se a vendas no varejo para n\u00e3o contribuintes, em opera\u00e7\u00f5es onde um percentual fixo de IBS\/CBS \u00e9 separado. A ades\u00e3o a esse sistema ser\u00e1 opcional para o fornecedor, e a al\u00edquota de reten\u00e7\u00e3o ser\u00e1 determinada em conjunto pela Receita Federal e pelo Comit\u00ea Gestor do IBS.<\/p>\n\n\n\n<p>E, por fim, o&nbsp;<em>split payment<\/em>&nbsp;<strong>\u201cmanual\u201d<\/strong>&nbsp;ser\u00e1 utilizado para pagamentos realizados fora do sistema financeiro, como em compras feitas com dinheiro ou cheque, ou outros meios que n\u00e3o sejam eletr\u00f4nicos.<\/p>\n\n\n\n<p>Leia a entrevista que o vice-presidente da Contabilizei, Charles Gularte, cedeu \u00e0&nbsp;<a href=\"https:\/\/exame.com\/economia\/reforma-tributaria-desconto-automatico-do-imposto-nas-vendas-impactara-caixa-das-micro-e-pequenas\/\" target=\"_blank\" rel=\"noreferrer noopener\">Exame sobre o tema<\/a>.<\/p>\n\n\n\n<h2 class=\"wp-block-heading\" id=\"imposto-seletivo\">Imposto seletivo<\/h2>\n\n\n\n<p>Na regulamenta\u00e7\u00e3o o governo federal tamb\u00e9m prop\u00f4s a cria\u00e7\u00e3o do Imposto Seletivo (<a href=\"https:\/\/www.jota.info\/tudo-sobre\/imposto-seletivo\" target=\"_blank\" rel=\"noreferrer noopener\">IS<\/a>) \u2013 tamb\u00e9m apelidado de \u2018<strong>Imposto do Pecado<\/strong>\u2018 \u2013 que ser\u00e1 cobrado sobre alguns itens, os chamados de&nbsp;<strong>prejudiciais \u00e0 sa\u00fade e ao meio ambiente<\/strong>.<\/p>\n\n\n\n<blockquote class=\"wp-block-quote is-layout-flow wp-block-quote-is-layout-flow\">\n<p>Para saber&nbsp;<a href=\"https:\/\/site-stg1.ctbz.com.br\/contabilidade-online\/reforma-tributaria-imposto-de-renda\/\" target=\"_blank\" rel=\"noreferrer noopener\">o que muda na Reforma Tribut\u00e1ria para pessoas f\u00edsicas<\/a>, leia este outro conte\u00fado.<\/p>\n<\/blockquote>\n\n\n\n<figure class=\"wp-block-image size-full\"><a href=\"https:\/\/www.contabilizei.com.br\/calculadora-reforma-tributaria\/\" target=\"_blank\" rel=\" noreferrer noopener\"><img loading=\"lazy\" decoding=\"async\" width=\"615\" height=\"300\" src=\"https:\/\/www.contabilizei.com.br\/reforma-tributaria\/wp-content\/uploads\/2025\/06\/KV-1-Copy-1-2.webp\" alt=\"\" class=\"wp-image-40268\" srcset=\"https:\/\/www.contabilizei.com.br\/reforma-tributaria\/wp-content\/uploads\/2025\/06\/KV-1-Copy-1-2.webp 615w, https:\/\/www.contabilizei.com.br\/reforma-tributaria\/wp-content\/uploads\/2025\/06\/KV-1-Copy-1-2-300x146.webp 300w\" sizes=\"auto, (max-width: 615px) 100vw, 615px\" \/><\/a><\/figure>\n\n\n\n<h2 class=\"wp-block-heading\" id=\"como-se-preparar-para-as-mudancas-da-reforma-tributaria\">Como se preparar para as mudan\u00e7as da Reforma Tribut\u00e1ria?<\/h2>\n\n\n\n<p>Assim, o primeiro passo para quem possui um CNPJ se adequar \u00e0s mudan\u00e7as da Reforma Tribut\u00e1ria \u00e9 ficar atento ao gerenciamento fiscal e financeiro das empresas. A pessoa jur\u00eddica deve ter aten\u00e7\u00e3o extra na readequa\u00e7\u00e3o dessas novas al\u00edquotas e seus impactos nos fluxos financeiros e econ\u00f4micos da empresa.<\/p>\n\n\n\n<p>Vale ressaltar que existe a previs\u00e3o na Reforma do Consumo que o Governo dever\u00e1 propor projeto de lei que reforme a tributa\u00e7\u00e3o da renda e folha de sal\u00e1rios em at\u00e9 90 dias ap\u00f3s a promulga\u00e7\u00e3o da Emenda Constitucional, mas, infelizmente, o Governo j\u00e1 informou que tal prazo n\u00e3o ser\u00e1 cumprido, esse \u00e9 tamb\u00e9m mais um tema relevante que o time de especialistas em tributa\u00e7\u00e3o da Contabilizei est\u00e1 acompanhando de perto.<\/p>\n\n\n\n<p>Conte com a Contabilizei para adaptar a sua empresa ao novo cen\u00e1rio de impostos do Brasil.<br>Nosso time de especialistas est\u00e1 preparado para abrir seu CNPJ e fazer toda a gest\u00e3o tribut\u00e1ria neste novo contexto. Fa\u00e7a como mais de 70 mil clientes e venha para a Contabilizei.<\/p>\n\n\n\n<p><\/p>\n\n\n\n<p><a href=\"https:\/\/www.facebook.com\/sharer\/sharer.php?u=https%3A%2F%2Fwww.contabilizei.com.br%2Fcontabilidade-online%2Freforma-tributaria-do-consumo-e-o-impacto-nas-pessoas-juridicas%2F\" target=\"_blank\" rel=\"noreferrer noopener\"><\/a><a href=\"https:\/\/www.linkedin.com\/shareArticle?mini=true&amp;url=https%3A%2F%2Fwww.contabilizei.com.br%2Fcontabilidade-online%2Freforma-tributaria-do-consumo-e-o-impacto-nas-pessoas-juridicas%2F&amp;title=Reforma%20Tribut%C3%A1ria:%20o%20que%20muda%20para%20empresas\" target=\"_blank\" rel=\"noreferrer noopener\"><\/a><a href=\"\/\/send?text=https%3A%2F%2Fwww.contabilizei.com.br%2Fcontabilidade-online%2Freforma-tributaria-do-consumo-e-o-impacto-nas-pessoas-juridicas%2F\" target=\"_blank\" rel=\"noreferrer noopener\"><\/a><a href=\"https:\/\/twitter.com\/intent\/tweet?text=Reforma%20Tribut%C3%A1ria:%20o%20que%20muda%20para%20empresas&amp;url=https%3A%2F%2Fwww.contabilizei.com.br%2Fcontabilidade-online%2Freforma-tributaria-do-consumo-e-o-impacto-nas-pessoas-juridicas%2F&amp;via=wpvkp\" target=\"_blank\" rel=\"noreferrer noopener\"><\/a><\/p>\n","protected":false},"excerpt":{"rendered":"<p>A Reforma Tribut\u00e1ria foi aprovada por meio da Emenda Constitucional \u2013 EC n\u00ba 132 em dezembro de 2023. Neste momento,&#8230;<\/p>\n","protected":false},"author":88,"featured_media":36039,"template":"","reforma_post_category":[351],"reforma_post_trail":[363],"class_list":{"0":"post-39288","1":"reforma_post","2":"type-reforma_post","3":"status-publish","4":"has-post-thumbnail","6":"reforma_post_category-o-que-muda","7":"reforma_post_trail-principais-novidades"},"yoast_head":"<!-- This site is optimized with the Yoast SEO plugin v27.5 - https:\/\/yoast.com\/product\/yoast-seo-wordpress\/ -->\n<title>Reforma Tribut\u00e1ria: o que muda para empresas | Blog da Contabilizei<\/title>\n<meta name=\"description\" content=\"Saiba o que muda com a Reforma Tribut\u00e1ria do Consumo para as pessoas jur\u00eddicas e para quem precisa abrir empresa. Vers\u00e3o resumida para quem quer apenas os pontos principais.\" \/>\n<meta name=\"robots\" content=\"index, follow\" \/>\n<link rel=\"canonical\" href=\"https:\/\/www.contabilizei.com.br\/reforma-tributaria\/artigo\/reforma-tributaria-o-que-muda-para-empresas\/\" \/>\n<meta property=\"og:locale\" content=\"pt_BR\" \/>\n<meta property=\"og:type\" content=\"article\" \/>\n<meta property=\"og:title\" content=\"Reforma Tribut\u00e1ria: o que muda para empresas | Blog da Contabilizei\" \/>\n<meta property=\"og:description\" content=\"Saiba o que muda com a Reforma Tribut\u00e1ria do Consumo para as pessoas jur\u00eddicas e para quem precisa abrir empresa. Vers\u00e3o resumida para quem quer apenas os pontos principais.\" \/>\n<meta property=\"og:url\" content=\"https:\/\/www.contabilizei.com.br\/reforma-tributaria\/artigo\/reforma-tributaria-o-que-muda-para-empresas\/\" \/>\n<meta property=\"og:site_name\" content=\"Blog da Contabilizei\" \/>\n<meta property=\"article:publisher\" content=\"https:\/\/www.facebook.com\/Contabilizei\/\" \/>\n<meta property=\"article:modified_time\" content=\"2026-03-25T19:56:30+00:00\" \/>\n<meta property=\"og:image\" content=\"https:\/\/www.contabilizei.com.br\/reforma-tributaria\/wp-content\/uploads\/2024\/01\/Dasn-ou-Dasn-Simei_-Guia-completo-de-o-que-e-como-declarar-e-mais.png\" \/>\n\t<meta property=\"og:image:width\" content=\"1270\" \/>\n\t<meta property=\"og:image:height\" content=\"720\" \/>\n\t<meta property=\"og:image:type\" content=\"image\/png\" \/>\n<meta name=\"twitter:card\" content=\"summary_large_image\" \/>\n<meta name=\"twitter:site\" content=\"@contabilizei\" \/>\n<meta name=\"twitter:label1\" content=\"Est. tempo de leitura\" \/>\n\t<meta name=\"twitter:data1\" content=\"7 minutos\" \/>\n<!-- \/ Yoast SEO plugin. -->","yoast_head_json":{"title":"Reforma Tribut\u00e1ria: o que muda para empresas | Blog da Contabilizei","description":"Saiba o que muda com a Reforma Tribut\u00e1ria do Consumo para as pessoas jur\u00eddicas e para quem precisa abrir empresa. Vers\u00e3o resumida para quem quer apenas os pontos principais.","robots":{"index":"index","follow":"follow"},"canonical":"https:\/\/www.contabilizei.com.br\/reforma-tributaria\/artigo\/reforma-tributaria-o-que-muda-para-empresas\/","og_locale":"pt_BR","og_type":"article","og_title":"Reforma Tribut\u00e1ria: o que muda para empresas | Blog da Contabilizei","og_description":"Saiba o que muda com a Reforma Tribut\u00e1ria do Consumo para as pessoas jur\u00eddicas e para quem precisa abrir empresa. Vers\u00e3o resumida para quem quer apenas os pontos principais.","og_url":"https:\/\/www.contabilizei.com.br\/reforma-tributaria\/artigo\/reforma-tributaria-o-que-muda-para-empresas\/","og_site_name":"Blog da Contabilizei","article_publisher":"https:\/\/www.facebook.com\/Contabilizei\/","article_modified_time":"2026-03-25T19:56:30+00:00","og_image":[{"width":1270,"height":720,"url":"https:\/\/www.contabilizei.com.br\/reforma-tributaria\/wp-content\/uploads\/2024\/01\/Dasn-ou-Dasn-Simei_-Guia-completo-de-o-que-e-como-declarar-e-mais.png","type":"image\/png"}],"twitter_card":"summary_large_image","twitter_site":"@contabilizei","twitter_misc":{"Est. tempo de leitura":"7 minutos"},"schema":{"@context":"https:\/\/schema.org","@graph":[{"@type":"WebPage","@id":"https:\/\/www.contabilizei.com.br\/reforma-tributaria\/artigo\/reforma-tributaria-o-que-muda-para-empresas\/","url":"https:\/\/www.contabilizei.com.br\/reforma-tributaria\/artigo\/reforma-tributaria-o-que-muda-para-empresas\/","name":"Reforma Tribut\u00e1ria: o que muda para empresas | Blog da Contabilizei","isPartOf":{"@id":"https:\/\/www.contabilizei.com.br\/reforma-tributaria\/#website"},"primaryImageOfPage":{"@id":"https:\/\/www.contabilizei.com.br\/reforma-tributaria\/artigo\/reforma-tributaria-o-que-muda-para-empresas\/#primaryimage"},"image":{"@id":"https:\/\/www.contabilizei.com.br\/reforma-tributaria\/artigo\/reforma-tributaria-o-que-muda-para-empresas\/#primaryimage"},"thumbnailUrl":"https:\/\/www.contabilizei.com.br\/reforma-tributaria\/wp-content\/uploads\/2024\/01\/Dasn-ou-Dasn-Simei_-Guia-completo-de-o-que-e-como-declarar-e-mais.png","datePublished":"2025-06-24T18:55:01+00:00","dateModified":"2026-03-25T19:56:30+00:00","description":"Saiba o que muda com a Reforma Tribut\u00e1ria do Consumo para as pessoas jur\u00eddicas e para quem precisa abrir empresa. Vers\u00e3o resumida para quem quer apenas os pontos principais.","breadcrumb":{"@id":"https:\/\/www.contabilizei.com.br\/reforma-tributaria\/artigo\/reforma-tributaria-o-que-muda-para-empresas\/#breadcrumb"},"inLanguage":"pt-BR","potentialAction":[{"@type":"ReadAction","target":["https:\/\/www.contabilizei.com.br\/reforma-tributaria\/artigo\/reforma-tributaria-o-que-muda-para-empresas\/"]}]},{"@type":"ImageObject","inLanguage":"pt-BR","@id":"https:\/\/www.contabilizei.com.br\/reforma-tributaria\/artigo\/reforma-tributaria-o-que-muda-para-empresas\/#primaryimage","url":"https:\/\/www.contabilizei.com.br\/reforma-tributaria\/wp-content\/uploads\/2024\/01\/Dasn-ou-Dasn-Simei_-Guia-completo-de-o-que-e-como-declarar-e-mais.png","contentUrl":"https:\/\/www.contabilizei.com.br\/reforma-tributaria\/wp-content\/uploads\/2024\/01\/Dasn-ou-Dasn-Simei_-Guia-completo-de-o-que-e-como-declarar-e-mais.png","width":1270,"height":720,"caption":"lalala"},{"@type":"BreadcrumbList","@id":"https:\/\/www.contabilizei.com.br\/reforma-tributaria\/artigo\/reforma-tributaria-o-que-muda-para-empresas\/#breadcrumb","itemListElement":[{"@type":"ListItem","position":1,"name":"Home","item":"https:\/\/www.contabilizei.com.br\/reforma-tributaria\/"},{"@type":"ListItem","position":2,"name":"Posts - Reforma Tribut\u00e1ria","item":"https:\/\/www.contabilizei.com.br\/reforma-tributaria\/artigo\/"},{"@type":"ListItem","position":3,"name":"Reforma Tribut\u00e1ria: o que muda para empresas"}]},{"@type":"WebSite","@id":"https:\/\/www.contabilizei.com.br\/reforma-tributaria\/#website","url":"https:\/\/www.contabilizei.com.br\/reforma-tributaria\/","name":"Hub da Reforma tribut\u00e1ria","description":"Apoiando o empreendedorismo desde 2013","potentialAction":[{"@type":"SearchAction","target":{"@type":"EntryPoint","urlTemplate":"https:\/\/www.contabilizei.com.br\/reforma-tributaria\/?s={search_term_string}"},"query-input":{"@type":"PropertyValueSpecification","valueRequired":true,"valueName":"search_term_string"}}],"inLanguage":"pt-BR"}]}},"_links":{"self":[{"href":"https:\/\/www.contabilizei.com.br\/reforma-tributaria\/wp-json\/wp\/v2\/reforma_post\/39288","targetHints":{"allow":["GET"]}}],"collection":[{"href":"https:\/\/www.contabilizei.com.br\/reforma-tributaria\/wp-json\/wp\/v2\/reforma_post"}],"about":[{"href":"https:\/\/www.contabilizei.com.br\/reforma-tributaria\/wp-json\/wp\/v2\/types\/reforma_post"}],"author":[{"embeddable":true,"href":"https:\/\/www.contabilizei.com.br\/reforma-tributaria\/wp-json\/wp\/v2\/users\/88"}],"version-history":[{"count":3,"href":"https:\/\/www.contabilizei.com.br\/reforma-tributaria\/wp-json\/wp\/v2\/reforma_post\/39288\/revisions"}],"predecessor-version":[{"id":40372,"href":"https:\/\/www.contabilizei.com.br\/reforma-tributaria\/wp-json\/wp\/v2\/reforma_post\/39288\/revisions\/40372"}],"wp:featuredmedia":[{"embeddable":true,"href":"https:\/\/www.contabilizei.com.br\/reforma-tributaria\/wp-json\/wp\/v2\/media\/36039"}],"wp:attachment":[{"href":"https:\/\/www.contabilizei.com.br\/reforma-tributaria\/wp-json\/wp\/v2\/media?parent=39288"}],"wp:term":[{"taxonomy":"reforma_post_category","embeddable":true,"href":"https:\/\/www.contabilizei.com.br\/reforma-tributaria\/wp-json\/wp\/v2\/reforma_post_category?post=39288"},{"taxonomy":"reforma_post_trail","embeddable":true,"href":"https:\/\/www.contabilizei.com.br\/reforma-tributaria\/wp-json\/wp\/v2\/reforma_post_trail?post=39288"}],"curies":[{"name":"wp","href":"https:\/\/api.w.org\/{rel}","templated":true}]}}