{"id":39287,"date":"2025-06-24T14:29:39","date_gmt":"2025-06-24T17:29:39","guid":{"rendered":"https:\/\/www.contabilizei.com.br\/contabilidade-online\/?post_type=reforma_post&#038;p=39287"},"modified":"2026-03-25T16:55:17","modified_gmt":"2026-03-25T19:55:17","slug":"reforma-tributaria-imposto-de-renda","status":"publish","type":"reforma_post","link":"https:\/\/www.contabilizei.com.br\/reforma-tributaria\/artigo\/reforma-tributaria-imposto-de-renda\/","title":{"rendered":"Reforma Tribut\u00e1ria e Imposto de Renda: entenda o que deve mudar"},"content":{"rendered":"\n<p>O cen\u00e1rio tribut\u00e1rio brasileiro passa por um debate intenso e necess\u00e1rio, especialmente ap\u00f3s a promulga\u00e7\u00e3o da <strong>Emenda Constitucional n\u00ba 132<\/strong>, em dezembro de 2023. Essa emenda lan\u00e7ou as bases para a reformula\u00e7\u00e3o da tributa\u00e7\u00e3o sobre o consumo, e agora avan\u00e7amos com os <strong>Projetos de Lei Complementar (PLP) n\u00ba 68 e 108<\/strong>, que detalham como o novo sistema funcionar\u00e1 na pr\u00e1tica. Estas regras s\u00e3o chamadas de Reforma do Consumo.<\/p>\n\n\n\n<p>Enquanto o <strong>PLP 68\/2024<\/strong> define as regras de incid\u00eancia, al\u00edquotas e regimes diferenciados para o IVA Dual (IBS e CBS), o <strong>PLP 108\/2024<\/strong> foca na governan\u00e7a e na fiscaliza\u00e7\u00e3o desses tributos por meio do Comit\u00ea Gestor. Al\u00e9m disso, as discuss\u00f5es sobre a <strong>Reforma da Renda<\/strong> e da <strong>Folha de Pagamento<\/strong> ganham for\u00e7a, prometendo completar o ciclo de mudan\u00e7as que impactar\u00e1 diretamente o planejamento financeiro de empresas e profissionais PJs.<\/p>\n\n\n\n<p>Al\u00e9m da Reforma Tribut\u00e1ria do Consumo, foi sancionada em novembro de 2025 <strong>a Lei n\u00ba15.270\/2025, conhecida como Reforma da Renda, que altera algumas regras do Imposto de Renda Pessoa F\u00edsica (IRPF) a partir de 1\u00ba de janeiro de 2026<\/strong>.&nbsp; As principais altera\u00e7\u00f5es confirmadas s\u00e3o:<\/p>\n\n\n\n<ol class=\"wp-block-list\">\n<li><strong>Amplia\u00e7\u00e3o da isen\u00e7\u00e3o do IRPF<\/strong>: quem ganha at\u00e9 <strong>R$5.000,00 por m\u00eas<\/strong> (incluindo sal\u00e1rios e pr\u00f3-labore) estar\u00e1 isento de Imposto de Renda a partir de janeiro de 2026. Para rendas entre <strong>R$5.000,01 e R$7.350,00<\/strong>, haver\u00e1 um desconto no imposto.<br><\/li>\n\n\n\n<li><strong>Tributa\u00e7\u00e3o de Lucros e Dividendos<\/strong>: a isen\u00e7\u00e3o total na distribui\u00e7\u00e3o de lucros mudou. Haver\u00e1 uma reten\u00e7\u00e3o de Imposto de Renda com al\u00edquota de <strong>10% sobre a distribui\u00e7\u00e3o de lucros e dividendos que ultrapassarem R$50 mil por m\u00eas pagos pela mesma empresa ao mesmo s\u00f3cio<\/strong>. Para a maioria das micro e pequenas empresas, a isen\u00e7\u00e3o continua mantida abaixo desse teto.<br><\/li>\n\n\n\n<li><strong>Tributa\u00e7\u00e3o de Altas Rendas<\/strong>: foi criado o <strong>Imposto de Renda Pessoa F\u00edsica M\u00ednimo (IRPFM)<\/strong> para quem tiver rendimentos totais superiores a <strong>R$600 mil por ano<\/strong>, somando sal\u00e1rios, lucros, alugu\u00e9is, entre outros.<br><\/li>\n<\/ol>\n\n\n\n<p>Entenda melhor essas mudan\u00e7as neste artigo: \u201c<a href=\"https:\/\/www.contabilizei.com.br\/contabilidade-online\/isencao-imposto-de-renda-ate-5-mil-lucros-e-dividendos\/\" target=\"_blank\" rel=\"noreferrer noopener\">Isen\u00e7\u00e3o de Imposto de Renda at\u00e9 5 mil: o que muda para o profissional PJ e quem declara dividendos?<\/a>\u201d.&nbsp;<\/p>\n\n\n\n<p>Agora, vamos entender melhor o que \u00e9 uma Reforma Tribut\u00e1ria. A <a href=\"https:\/\/www.contabilizei.com.br\/contabilidade-online\/reforma-tributaria\/\" target=\"_blank\" rel=\"noreferrer noopener\">Reforma Tribut\u00e1ria<\/a> \u00e9 uma proposta efetuada pelo Governo Federal que busca uma reformula\u00e7\u00e3o da legisla\u00e7\u00e3o brasileira no que tange alguns crit\u00e9rios que regulam a tributa\u00e7\u00e3o em suas principais bases. Assim, vamos entender cada um desses crit\u00e9rios:<\/p>\n\n\n\n<p>\u2714 Crit\u00e9rio pessoal: sujeitos envolvidos com o fato gerador. No caso, <em>sujeito ativo<\/em> \u00e9 aquele que recebe, enquanto <em>sujeito passivo<\/em> \u00e9 aquele que paga o imposto;<\/p>\n\n\n\n<p>\u2714 Crit\u00e9rio espacial: local onde ocorre o fato gerador;<\/p>\n\n\n\n<p>\u2714 Crit\u00e9rio temporal: momento em que ocorre o fato gerador;<\/p>\n\n\n\n<p>\u2714 Crit\u00e9rio material: ocorr\u00eancia do fato gerador.<\/p>\n\n\n\n<h2 class=\"wp-block-heading\" class=\"wp-block-heading\" id=\"principais-pontos-previstos-na-reforma-do-consumo\"><strong>Principais pontos previstos na Reforma do Consumo<\/strong><\/h2>\n\n\n\n<p>No texto-base da Reforma Tribut\u00e1ria, diversos aspectos do nosso sistema foram reformulados. Em sua fase atual de regulamenta\u00e7\u00e3o (<strong>PLP 68\/2024<\/strong>), o foco \u00e9 a unifica\u00e7\u00e3o dos impostos sobre o consumo em um modelo de <strong>IVA Dual<\/strong> (Imposto sobre Valor Adicionado):<\/p>\n\n\n\n<ul class=\"wp-block-list\">\n<li><strong>IBS (Imposto sobre Bens e Servi\u00e7os):<\/strong> De compet\u00eancia subnacional (Estados e Munic\u00edpios).<\/li>\n\n\n\n<li><strong>CBS (Contribui\u00e7\u00e3o sobre Bens e Servi\u00e7os):<\/strong> De compet\u00eancia federal.<\/li>\n\n\n\n<li><strong>IS (Imposto Seletivo):<\/strong> Um novo tributo que incidir\u00e1 sobre produtos prejudiciais \u00e0 sa\u00fade ou ao meio ambiente (conhecido como &#8220;imposto do pecado&#8221;).<\/li>\n<\/ul>\n\n\n\n<p>Al\u00e9m da unifica\u00e7\u00e3o, que busca simplificar o recolhimento e as obriga\u00e7\u00f5es acess\u00f3rias, o novo sistema baseia-se em pilares fundamentais:<\/p>\n\n\n\n<ol class=\"wp-block-list\">\n<li><strong>Neutralidade:<\/strong> Elimina a separa\u00e7\u00e3o entre o que \u00e9 produto e o que \u00e9 servi\u00e7o, tributando o consumo de forma ampla.<\/li>\n\n\n\n<li><strong>N\u00e3o Cumulatividade Plena:<\/strong> Garante que o imposto pago em uma etapa da cadeia gere cr\u00e9dito para a etapa seguinte, acabando definitivamente com o &#8220;imposto sobre imposto&#8221; (efeito cascata).<\/li>\n\n\n\n<li><strong>Destino:<\/strong> O imposto passa a pertencer ao local onde o bem ou servi\u00e7o \u00e9 consumido, e n\u00e3o onde \u00e9 produzido, reduzindo distor\u00e7\u00f5es regionais.<\/li>\n<\/ol>\n\n\n\n<p>O objetivo central \u00e9 destravar o crescimento da economia brasileira, reduzindo o &#8220;custo Brasil&#8221; e a enorme carga burocr\u00e1tica que hoje consome milhares de horas das empresas para a conformidade fiscal.<\/p>\n\n\n\n<figure class=\"wp-block-image size-full\"><a href=\"https:\/\/www.contabilizei.com.br\/calculadora-reforma-tributaria\/\" target=\"_blank\" rel=\" noreferrer noopener\"><img loading=\"lazy\" decoding=\"async\" width=\"615\" height=\"300\" src=\"https:\/\/www.contabilizei.com.br\/reforma-tributaria\/wp-content\/uploads\/2025\/06\/KV-2-Copy-2-3.webp\" alt=\"\" class=\"wp-image-40264\" srcset=\"https:\/\/www.contabilizei.com.br\/reforma-tributaria\/wp-content\/uploads\/2025\/06\/KV-2-Copy-2-3.webp 615w, https:\/\/www.contabilizei.com.br\/reforma-tributaria\/wp-content\/uploads\/2025\/06\/KV-2-Copy-2-3-300x146.webp 300w\" sizes=\"auto, (max-width: 615px) 100vw, 615px\" \/><\/a><\/figure>\n\n\n\n<h2 class=\"wp-block-heading\" class=\"wp-block-heading\" id=\"reforma-tributaria-do-consumo-e-o-impacto-nas-pessoas-fisicas\"><strong>Reforma Tribut\u00e1ria do Consumo e o Impacto nas pessoas f\u00edsicas<\/strong><\/h2>\n\n\n\n<p>A seguir, detalharemos como essas mudan\u00e7as podem impactar as pessoas f\u00edsicas, ou seja, os cidad\u00e3os comuns e consumidores. Mesmo sem a <a href=\"https:\/\/www.contabilizei.com.br\/contabilidade-online\/o-que-e-reforma-tributaria\/\" target=\"_blank\" rel=\"noreferrer noopener\">Reforma Tribut\u00e1ria<\/a> do Consumo afetar diretamente o Imposto de Renda neste momento, h\u00e1 outros pontos que impactam os cidad\u00e3os.<\/p>\n\n\n\n<figure class=\"wp-block-embed is-type-video is-provider-youtube wp-block-embed-youtube wp-embed-aspect-16-9 wp-has-aspect-ratio\"><div class=\"wp-block-embed__wrapper\">\n<iframe loading=\"lazy\" title=\"Quais os principais impactos da Reforma Tribut\u00e1ria para o consumidor?\" width=\"640\" height=\"360\" src=\"https:\/\/www.youtube.com\/embed\/Fjx9okFsUAw?feature=oembed\" frameborder=\"0\" allow=\"accelerometer; autoplay; clipboard-write; encrypted-media; gyroscope; picture-in-picture; web-share\" referrerpolicy=\"strict-origin-when-cross-origin\" allowfullscreen><\/iframe>\n<\/div><\/figure>\n\n\n\n<h3 class=\"wp-block-heading\"><strong>Transpar\u00eancia nos Pre\u00e7os<\/strong><\/h3>\n\n\n\n<p>Com a unifica\u00e7\u00e3o dos tributos, a carga tribut\u00e1ria sobre bens e servi\u00e7os ser\u00e1 mais transparente, o que pode facilitar a compreens\u00e3o dos pre\u00e7os finais. Atualmente, a complexidade dos tributos embutidos pode dificultar a compreens\u00e3o exata do custo dos produtos e servi\u00e7os e com a nova sistem\u00e1tica a tributa\u00e7\u00e3o ser\u00e1 \u201cpor fora\u201d e 100% transparente para o consumidor no documento fiscal.<\/p>\n\n\n\n<h3 class=\"wp-block-heading\"><strong>Poss\u00edvel Redu\u00e7\u00e3o de Pre\u00e7os<\/strong><\/h3>\n\n\n\n<p>A elimina\u00e7\u00e3o da cumulatividade dos impostos (com a possibilidade de cr\u00e9ditos sobre impostos pagos nas etapas anteriores), chamado de efeito cascata da tributa\u00e7\u00e3o, pode reduzir o custo final dos produtos e servi\u00e7os, beneficiando os consumidores com pre\u00e7os potencialmente mais baixos.<\/p>\n\n\n\n<p>Al\u00e9m disso, um dos aspectos inovadores da Reforma \u00e9 a introdu\u00e7\u00e3o do sistema de Cashback para fam\u00edlias de baixa renda, que permite aos consumidores receber parte do imposto pago de volta.<\/p>\n\n\n\n<p>Esse \u00e9 um benef\u00edcio direto para fam\u00edlias com renda mensal de at\u00e9 meio sal\u00e1rio-m\u00ednimo per capita, integrado ao Cadastro \u00danico, que, segundo o Governo, corresponde a um ter\u00e7o da popula\u00e7\u00e3o brasileira. A previs\u00e3o no PLP 68\/2024 \u00e9 de devolu\u00e7\u00e3o de:<\/p>\n\n\n\n<ul class=\"wp-block-list\">\n<li>100% da <a href=\"https:\/\/www.contabilizei.com.br\/contabilidade-online\/cbs-imposto\/\" target=\"_blank\" rel=\"noreferrer noopener\">CBS<\/a> e 20% do IBS para aquisi\u00e7\u00e3o de botij\u00e3o de g\u00e1s (13 kg) e para as contas de luz, de \u00e1gua e esgoto e de g\u00e1s encanado;<\/li>\n\n\n\n<li>20% da <a href=\"https:\/\/www.contabilizei.com.br\/contabilidade-online\/cbs-imposto\/\" target=\"_blank\" rel=\"noreferrer noopener\">CBS<\/a> e do IBS sobre os demais produtos (exceto produtos sujeitos ao Imposto Seletivo);<\/li>\n<\/ul>\n\n\n\n<p>Existe tamb\u00e9m a previs\u00e3o de limites de devolu\u00e7\u00e3o para assegurar a compatibilidade entre os valores devolvidos e a renda da fam\u00edlia.&nbsp;<\/p>\n\n\n\n<p>Outro ponto importante para pessoa f\u00edsica e o custo de vida da popula\u00e7\u00e3o \u00e9 a amplia\u00e7\u00e3o realizada pela C\u00e2mara dos Deputados dos alimentos da cesta b\u00e1sica (redu\u00e7\u00e3o a zero das al\u00edquotas do IBS e da <a href=\"https:\/\/www.contabilizei.com.br\/contabilidade-online\/cbs-imposto\/\" target=\"_blank\" rel=\"noreferrer noopener\">CBS<\/a>), visando assegurar a redu\u00e7\u00e3o da tributa\u00e7\u00e3o dos alimentos consumidos majoritariamente pelas fam\u00edlias de baixa renda. Esses foram dois benef\u00edcios focados nas classes menos favorecidas buscando a justi\u00e7a fiscal.<\/p>\n\n\n\n<p>Embora o IPVA e o ITCMD n\u00e3o sejam os protagonistas da <a href=\"https:\/\/www.contabilizei.com.br\/contabilidade-online\/o-que-e-reforma-tributaria\/\" target=\"_blank\" rel=\"noreferrer noopener\">Reforma Tribut\u00e1ria<\/a> do Consumo, a reforma os impactou substancialmente. A Emenda Constitucional 132 incluiu modifica\u00e7\u00f5es significativas no IPVA como inclus\u00e3o de novos tipos de ve\u00edculos na tributa\u00e7\u00e3o, gerando impacto espec\u00edfico sobre ve\u00edculos de alto valor, como embarca\u00e7\u00f5es e aeronaves privadas que, at\u00e9 ent\u00e3o, n\u00e3o eram contempladas pelo IPVA.<\/p>\n\n\n\n<p>Ou seja, tal previs\u00e3o gera um aumento na carga tribut\u00e1ria para ve\u00edculos de luxo, impactando diretamente propriet\u00e1rios de lanchas, jet skis, helic\u00f3pteros e outros ve\u00edculos de alto valor.<\/p>\n\n\n\n<p>No que tange ao Imposto de Transmiss\u00e3o Causa Mortis e Doa\u00e7\u00e3o, h\u00e1 uma altera\u00e7\u00e3o significativa no que se refere \u00e0s al\u00edquotas do imposto. Passou a ser progressiva a al\u00edquota do ITCMD.<\/p>\n\n\n\n<p>Isto \u00e9, \u00e0 medida que se aumenta o valor da heran\u00e7a ou doa\u00e7\u00e3o, aumenta-se o percentual (al\u00edquota) que incidir\u00e1 sobre esse montante e, tamb\u00e9m, inclui-se a taxa\u00e7\u00e3o de planos de previd\u00eancia privada, que segundo o Governo \u00e9 para fechar brechas para o chamado \u201cplanejamento sucess\u00f3rio\u201d, em que previd\u00eancias privadas s\u00e3o utilizadas como caminho para transmitir heran\u00e7as pagando menos impostos.<\/p>\n\n\n\n<p>Importante lembrar que os consumidores e o mercado como um todo precisar\u00e1 se familiarizar com o novo sistema e entender como ir\u00e1 afetar os pre\u00e7os e a carga tribut\u00e1ria, principalmente considerando que at\u00e9 2032 teremos um sistema tribut\u00e1rio h\u00edbrido, ou seja, coexistir\u00e3o dois sistemas tribut\u00e1rios.<\/p>\n\n\n\n<p>Mas, a longo prazo, a Reforma pode trazer benef\u00edcios significativos, como uma administra\u00e7\u00e3o fiscal mais eficiente e um ambiente econ\u00f4mico mais est\u00e1vel e justo para as pessoas f\u00edsicas e consumidores finais.<\/p>\n\n\n\n<h2 class=\"wp-block-heading\" class=\"wp-block-heading\" id=\"reforma-tributaria-do-consumo-e-reforma-da-renda-como-elas-se-conectam-na-pratica\"><strong>Reforma Tribut\u00e1ria do Consumo e Reforma da Renda: como elas se conectam na pr\u00e1tica?<\/strong><\/h2>\n\n\n\n<p>Embora possuam escopos diferentes, a <strong>Reforma Tribut\u00e1ria do Consumo<\/strong> e a <strong>Reforma Tribut\u00e1ria da Renda<\/strong> <strong>foram desenhadas para funcionar de forma integrada<\/strong> dentro do novo sistema fiscal brasileiro.<\/p>\n\n\n\n<p>Enquanto a <strong>Reforma do Consumo redefine como a empresa paga impostos sobre suas opera\u00e7\u00f5es<\/strong>, a <strong>Reforma da Renda redefine como o s\u00f3cio (pessoa f\u00edsica) \u00e9 tributado ao acessar o resultado financeiro desse neg\u00f3cio<\/strong>.<\/p>\n\n\n\n<p>A Reforma da Renda (Lei n\u00ba 15.270\/2025) estabeleceu que a arrecada\u00e7\u00e3o proveniente da nova tributa\u00e7\u00e3o sobre lucros e dividendos poder\u00e1 ser utilizada como mecanismo de compensa\u00e7\u00e3o para reduzir a al\u00edquota da <strong>CBS (Contribui\u00e7\u00e3o sobre Bens e Servi\u00e7os)<\/strong>, que comp\u00f5e o novo IVA federal.&nbsp;<\/p>\n\n\n\n<p>Na pr\u00e1tica, essa estrat\u00e9gia busca promover uma justi\u00e7a fiscal onde a maior tributa\u00e7\u00e3o sobre a renda permite o al\u00edvio gradual dos impostos que incidem sobre o consumo de bens e servi\u00e7os.<\/p>\n\n\n\n<h3 class=\"wp-block-heading\"><strong>O que muda para o s\u00f3cio de empresa a partir de 2026?<\/strong><\/h3>\n\n\n\n<p>Do ponto de vista da <strong>pessoa f\u00edsica<\/strong>, as principais altera\u00e7\u00f5es s\u00e3o:<\/p>\n\n\n\n<ul class=\"wp-block-list\">\n<li><strong>Amplia\u00e7\u00e3o da faixa de isen\u00e7\u00e3o do Imposto de Renda Pessoa F\u00edsica (IRPF)<\/strong> para rendimentos mensais de at\u00e9 <strong>R$5.000<\/strong>;<\/li>\n\n\n\n<li><strong>Desconto gradual do IRPF<\/strong> para rendimentos mensais entre <strong>R$5.000,01 e R$7.350,00;<\/strong><\/li>\n<\/ul>\n\n\n\n<ul class=\"wp-block-list\">\n<li><strong>Tributa\u00e7\u00e3o da distribui\u00e7\u00e3o de lucros e dividendos quando os valores distribu\u00eddos ultrapassarem o montante de R$50 mil no m\u00eas, <\/strong>pagos pela mesma empresa para a mesma pessoa f\u00edsica, com al\u00edquota de 10% de imposto de renda retido na fonte;<\/li>\n\n\n\n<li>Institui\u00e7\u00e3o do <strong>Imposto de Renda Pessoa F\u00edsica M\u00ednimo (IRPFM)<\/strong> para rendimentos totais anuais acima de <strong>R$600 mil<\/strong>, com al\u00edquota progressiva e limite m\u00e1ximo de <strong>10%<\/strong> para rendas superiores a <strong>R$1,2 milh\u00e3o<\/strong>.<\/li>\n<\/ul>\n\n\n\n<p>Saiba mais neste artigo \u201c<a href=\"https:\/\/www.contabilizei.com.br\/contabilidade-online\/isencao-imposto-de-renda-ate-5-mil-lucros-e-dividendos\/\" target=\"_blank\" rel=\"noreferrer noopener\">Isen\u00e7\u00e3o de Imposto de Renda at\u00e9 5 mil: o que muda para o profissional PJ e quem declara dividendos?<\/a>\u201d.&nbsp;<\/p>\n\n\n\n<p>Com a entrada progressiva do novo modelo a partir de 2026, o empreendedor passa a lidar com <strong>duas frentes simult\u00e2neas de tributa\u00e7\u00e3o<\/strong>:<\/p>\n\n\n\n<ul class=\"wp-block-list\">\n<li>A <strong>empresa<\/strong>, no <strong>momento da opera\u00e7\u00e3o e da emiss\u00e3o de notas<\/strong> fiscais;<\/li>\n\n\n\n<li>O <strong>s\u00f3cio<\/strong>, no <strong>momento da retirada de recursos e no ajuste anual <\/strong>do IRPF, por meio de uma poss\u00edvel nova tributa\u00e7\u00e3o caso os rendimentos ultrapassem o teto de R$600 mil no ano.<\/li>\n<\/ul>\n\n\n\n<p>Por conta dessas altera\u00e7\u00f5es, o planejamento tribut\u00e1rio se tornou ainda mais estrat\u00e9gico para a<strong> gest\u00e3o financeira, competitividade e crescimento sustent\u00e1vel<\/strong> das empresas.<\/p>\n\n\n\n<p>A <a href=\"https:\/\/www.contabilizei.com.br\/\" target=\"_blank\" rel=\"noreferrer noopener\">Contabilizei<\/a> j\u00e1 est\u00e1 preparada para apoiar profissionais PJ e empresas de diferentes portes na adapta\u00e7\u00e3o \u00e0s novas regras. Estamos atualizando processos e sistemas para garantir que seu neg\u00f3cio esteja protegido, em conformidade e pagando apenas os impostos necess\u00e1rios. Entenda o real impacto das mudan\u00e7as com a <a href=\"https:\/\/www.contabilizei.com.br\/calculadora-reforma-tributaria\/\">Calculadora da Reforma Tribut\u00e1ria<\/a>. Antecipe-se e tome decis\u00f5es com mais seguran\u00e7a. Calcule agora o impacto no seu caixa! Em casos de d\u00favidas, conhe\u00e7a a nossa <a href=\"https:\/\/www.contabilizei.com.br\/assessoria-contabil-gratuita\/\" target=\"_blank\" rel=\"noreferrer noopener\">assessoria cont\u00e1bil gratuita<\/a> e fale com um dos nossos especialistas!<\/p>\n","protected":false},"excerpt":{"rendered":"<p>O cen\u00e1rio tribut\u00e1rio brasileiro passa por um debate intenso e necess\u00e1rio, especialmente ap\u00f3s a promulga\u00e7\u00e3o da Emenda Constitucional n\u00ba 132,&#8230;<\/p>\n","protected":false},"author":88,"featured_media":38234,"template":"","reforma_post_category":[351],"reforma_post_trail":[363],"class_list":{"0":"post-39287","1":"reforma_post","2":"type-reforma_post","3":"status-publish","4":"has-post-thumbnail","6":"reforma_post_category-o-que-muda","7":"reforma_post_trail-principais-novidades"},"yoast_head":"<!-- This site is optimized with the Yoast SEO plugin v27.5 - https:\/\/yoast.com\/product\/yoast-seo-wordpress\/ -->\n<title>Reforma Tribut\u00e1ria e Imposto de Renda: entenda o que deve mudar | Blog da Contabilizei<\/title>\n<meta name=\"description\" content=\"Conhe\u00e7a alguns dos principais aspectos em discuss\u00e3o nas propostas de Reforma Tribut\u00e1ria que est\u00e1 tramitando no Congresso Nacional e seus impactos no Imposto de Renda.\" \/>\n<meta name=\"robots\" content=\"index, follow\" \/>\n<link rel=\"canonical\" href=\"https:\/\/www.contabilizei.com.br\/reforma-tributaria\/artigo\/reforma-tributaria-imposto-de-renda\/\" \/>\n<meta property=\"og:locale\" content=\"pt_BR\" \/>\n<meta property=\"og:type\" content=\"article\" \/>\n<meta property=\"og:title\" content=\"Reforma Tribut\u00e1ria e Imposto de Renda: entenda o que deve mudar | Blog da Contabilizei\" \/>\n<meta property=\"og:description\" content=\"Conhe\u00e7a alguns dos principais aspectos em discuss\u00e3o nas propostas de Reforma Tribut\u00e1ria que est\u00e1 tramitando no Congresso Nacional e seus impactos no Imposto de Renda.\" \/>\n<meta property=\"og:url\" content=\"https:\/\/www.contabilizei.com.br\/reforma-tributaria\/artigo\/reforma-tributaria-imposto-de-renda\/\" \/>\n<meta property=\"og:site_name\" content=\"Blog da Contabilizei\" \/>\n<meta property=\"article:publisher\" content=\"https:\/\/www.facebook.com\/Contabilizei\/\" \/>\n<meta property=\"article:modified_time\" content=\"2026-03-25T19:55:17+00:00\" \/>\n<meta property=\"og:image\" content=\"https:\/\/www.contabilizei.com.br\/reforma-tributaria\/wp-content\/uploads\/2024\/05\/contabilidade-online_clt-ou-pj-o-que-compensa-mais-1.webp\" \/>\n\t<meta property=\"og:image:width\" content=\"1200\" \/>\n\t<meta property=\"og:image:height\" content=\"750\" \/>\n\t<meta property=\"og:image:type\" content=\"image\/webp\" \/>\n<meta name=\"twitter:card\" content=\"summary_large_image\" \/>\n<meta name=\"twitter:site\" content=\"@contabilizei\" \/>\n<meta name=\"twitter:label1\" content=\"Est. tempo de leitura\" \/>\n\t<meta name=\"twitter:data1\" content=\"10 minutos\" \/>\n<!-- \/ Yoast SEO plugin. -->","yoast_head_json":{"title":"Reforma Tribut\u00e1ria e Imposto de Renda: entenda o que deve mudar | Blog da Contabilizei","description":"Conhe\u00e7a alguns dos principais aspectos em discuss\u00e3o nas propostas de Reforma Tribut\u00e1ria que est\u00e1 tramitando no Congresso Nacional e seus impactos no Imposto de Renda.","robots":{"index":"index","follow":"follow"},"canonical":"https:\/\/www.contabilizei.com.br\/reforma-tributaria\/artigo\/reforma-tributaria-imposto-de-renda\/","og_locale":"pt_BR","og_type":"article","og_title":"Reforma Tribut\u00e1ria e Imposto de Renda: entenda o que deve mudar | Blog da Contabilizei","og_description":"Conhe\u00e7a alguns dos principais aspectos em discuss\u00e3o nas propostas de Reforma Tribut\u00e1ria que est\u00e1 tramitando no Congresso Nacional e seus impactos no Imposto de Renda.","og_url":"https:\/\/www.contabilizei.com.br\/reforma-tributaria\/artigo\/reforma-tributaria-imposto-de-renda\/","og_site_name":"Blog da Contabilizei","article_publisher":"https:\/\/www.facebook.com\/Contabilizei\/","article_modified_time":"2026-03-25T19:55:17+00:00","og_image":[{"width":1200,"height":750,"url":"https:\/\/www.contabilizei.com.br\/reforma-tributaria\/wp-content\/uploads\/2024\/05\/contabilidade-online_clt-ou-pj-o-que-compensa-mais-1.webp","type":"image\/webp"}],"twitter_card":"summary_large_image","twitter_site":"@contabilizei","twitter_misc":{"Est. tempo de leitura":"10 minutos"},"schema":{"@context":"https:\/\/schema.org","@graph":[{"@type":"WebPage","@id":"https:\/\/www.contabilizei.com.br\/reforma-tributaria\/artigo\/reforma-tributaria-imposto-de-renda\/","url":"https:\/\/www.contabilizei.com.br\/reforma-tributaria\/artigo\/reforma-tributaria-imposto-de-renda\/","name":"Reforma Tribut\u00e1ria e Imposto de Renda: entenda o que deve mudar | Blog da Contabilizei","isPartOf":{"@id":"https:\/\/www.contabilizei.com.br\/reforma-tributaria\/#website"},"primaryImageOfPage":{"@id":"https:\/\/www.contabilizei.com.br\/reforma-tributaria\/artigo\/reforma-tributaria-imposto-de-renda\/#primaryimage"},"image":{"@id":"https:\/\/www.contabilizei.com.br\/reforma-tributaria\/artigo\/reforma-tributaria-imposto-de-renda\/#primaryimage"},"thumbnailUrl":"https:\/\/www.contabilizei.com.br\/reforma-tributaria\/wp-content\/uploads\/2024\/05\/contabilidade-online_clt-ou-pj-o-que-compensa-mais-1.webp","datePublished":"2025-06-24T17:29:39+00:00","dateModified":"2026-03-25T19:55:17+00:00","description":"Conhe\u00e7a alguns dos principais aspectos em discuss\u00e3o nas propostas de Reforma Tribut\u00e1ria que est\u00e1 tramitando no Congresso Nacional e seus impactos no Imposto de Renda.","breadcrumb":{"@id":"https:\/\/www.contabilizei.com.br\/reforma-tributaria\/artigo\/reforma-tributaria-imposto-de-renda\/#breadcrumb"},"inLanguage":"pt-BR","potentialAction":[{"@type":"ReadAction","target":["https:\/\/www.contabilizei.com.br\/reforma-tributaria\/artigo\/reforma-tributaria-imposto-de-renda\/"]}]},{"@type":"ImageObject","inLanguage":"pt-BR","@id":"https:\/\/www.contabilizei.com.br\/reforma-tributaria\/artigo\/reforma-tributaria-imposto-de-renda\/#primaryimage","url":"https:\/\/www.contabilizei.com.br\/reforma-tributaria\/wp-content\/uploads\/2024\/05\/contabilidade-online_clt-ou-pj-o-que-compensa-mais-1.webp","contentUrl":"https:\/\/www.contabilizei.com.br\/reforma-tributaria\/wp-content\/uploads\/2024\/05\/contabilidade-online_clt-ou-pj-o-que-compensa-mais-1.webp","width":1200,"height":750},{"@type":"BreadcrumbList","@id":"https:\/\/www.contabilizei.com.br\/reforma-tributaria\/artigo\/reforma-tributaria-imposto-de-renda\/#breadcrumb","itemListElement":[{"@type":"ListItem","position":1,"name":"Home","item":"https:\/\/www.contabilizei.com.br\/reforma-tributaria\/"},{"@type":"ListItem","position":2,"name":"Posts - Reforma Tribut\u00e1ria","item":"https:\/\/www.contabilizei.com.br\/reforma-tributaria\/artigo\/"},{"@type":"ListItem","position":3,"name":"Reforma Tribut\u00e1ria e Imposto de Renda: entenda o que deve mudar"}]},{"@type":"WebSite","@id":"https:\/\/www.contabilizei.com.br\/reforma-tributaria\/#website","url":"https:\/\/www.contabilizei.com.br\/reforma-tributaria\/","name":"Hub da Reforma tribut\u00e1ria","description":"Apoiando o empreendedorismo desde 2013","potentialAction":[{"@type":"SearchAction","target":{"@type":"EntryPoint","urlTemplate":"https:\/\/www.contabilizei.com.br\/reforma-tributaria\/?s={search_term_string}"},"query-input":{"@type":"PropertyValueSpecification","valueRequired":true,"valueName":"search_term_string"}}],"inLanguage":"pt-BR"}]}},"_links":{"self":[{"href":"https:\/\/www.contabilizei.com.br\/reforma-tributaria\/wp-json\/wp\/v2\/reforma_post\/39287","targetHints":{"allow":["GET"]}}],"collection":[{"href":"https:\/\/www.contabilizei.com.br\/reforma-tributaria\/wp-json\/wp\/v2\/reforma_post"}],"about":[{"href":"https:\/\/www.contabilizei.com.br\/reforma-tributaria\/wp-json\/wp\/v2\/types\/reforma_post"}],"author":[{"embeddable":true,"href":"https:\/\/www.contabilizei.com.br\/reforma-tributaria\/wp-json\/wp\/v2\/users\/88"}],"version-history":[{"count":5,"href":"https:\/\/www.contabilizei.com.br\/reforma-tributaria\/wp-json\/wp\/v2\/reforma_post\/39287\/revisions"}],"predecessor-version":[{"id":40371,"href":"https:\/\/www.contabilizei.com.br\/reforma-tributaria\/wp-json\/wp\/v2\/reforma_post\/39287\/revisions\/40371"}],"wp:featuredmedia":[{"embeddable":true,"href":"https:\/\/www.contabilizei.com.br\/reforma-tributaria\/wp-json\/wp\/v2\/media\/38234"}],"wp:attachment":[{"href":"https:\/\/www.contabilizei.com.br\/reforma-tributaria\/wp-json\/wp\/v2\/media?parent=39287"}],"wp:term":[{"taxonomy":"reforma_post_category","embeddable":true,"href":"https:\/\/www.contabilizei.com.br\/reforma-tributaria\/wp-json\/wp\/v2\/reforma_post_category?post=39287"},{"taxonomy":"reforma_post_trail","embeddable":true,"href":"https:\/\/www.contabilizei.com.br\/reforma-tributaria\/wp-json\/wp\/v2\/reforma_post_trail?post=39287"}],"curies":[{"name":"wp","href":"https:\/\/api.w.org\/{rel}","templated":true}]}}