{"id":39277,"date":"2025-06-23T16:45:58","date_gmt":"2025-06-23T19:45:58","guid":{"rendered":"https:\/\/www.contabilizei.com.br\/contabilidade-online\/?post_type=reforma_post&#038;p=39277"},"modified":"2026-03-25T16:50:23","modified_gmt":"2026-03-25T19:50:23","slug":"reforma-tributaria-para-servicos-de-tecnologia","status":"publish","type":"reforma_post","link":"https:\/\/www.contabilizei.com.br\/reforma-tributaria\/artigo\/reforma-tributaria-para-servicos-de-tecnologia\/","title":{"rendered":"Reforma tribut\u00e1ria para servi\u00e7os de tecnologia: o que muda?"},"content":{"rendered":"\n<p><strong>A Reforma Tribut\u00e1ria, regulamentada e convertida em Lei Complementar n\u00ba 214\/2025, promove uma grande mudan\u00e7a no sistema de tributa\u00e7\u00e3o sobre o consumo no Brasil. Alguns setores da economia receberam al\u00edquotas reduzidas sobre suas opera\u00e7\u00f5es, mas para as empresas de servi\u00e7o de tecnologia, a reforma prev\u00ea a incid\u00eancia de uma al\u00edquota integral, mantendo os benef\u00edcios fiscais para a exporta\u00e7\u00e3o de servi\u00e7os<\/strong>.<\/p>\n\n\n\n<p>Entenda abaixo quais os principais pontos da Reforma Tribut\u00e1ria e os poss\u00edveis cen\u00e1rios de tributa\u00e7\u00e3o que o profissional pode optar.<\/p>\n\n\n\n<h2 class=\"wp-block-heading\" class=\"wp-block-heading\" id=\"1-unificacao-dos-principais-tributos-sobre-consumo\">&nbsp; &nbsp;1.Unifica\u00e7\u00e3o dos principais tributos sobre consumo&nbsp;<\/h2>\n\n\n\n<p>Com a reformula\u00e7\u00e3o do sistema tribut\u00e1rio nacional, os cinco principais tributos sobre consumo (PIS, Cofins, IPI, ICMS e ISS) ser\u00e3o substitu\u00eddos por dois novos tributos: o IBS (Imposto sobre Bens e Servi\u00e7os) e a CBS (Contribui\u00e7\u00e3o sobre Bens e Servi\u00e7os).&nbsp;<\/p>\n\n\n\n<p>As al\u00edquotas individuais de cada tributo ser\u00e3o somadas e unificadas no<a href=\"https:\/\/site-stg1.ctbz.com.br\/contabilidade-online\/o-que-e-iva\/\" target=\"_blank\" rel=\"noreferrer noopener\">&nbsp;IVA (Imposto sobre Valor Agregado)<\/a>, um modelo de tributa\u00e7\u00e3o adotado em diversos pa\u00edses. O percentual da al\u00edquota geral estimada pelo governo, at\u00e9 o momento, \u00e9 de 28%.&nbsp;<\/p>\n\n\n\n<p>O IVA tem como principal caracter\u00edstica a tributa\u00e7\u00e3o n\u00e3o cumulativa, ou seja, ao longo da cadeia de consumo, os impostos pagos nas etapas anteriores poder\u00e3o ser descontados na etapa seguinte. Isso evita a cobran\u00e7a em cascata e reduz distor\u00e7\u00f5es no sistema atual.<\/p>\n\n\n\n<h2 class=\"wp-block-heading\" class=\"wp-block-heading\" id=\"2-mudanca-no-valor-da-carga-tributaria\">&nbsp; &nbsp; 2. Mudan\u00e7a no valor da carga tribut\u00e1ria<\/h2>\n\n\n\n<p><strong>Os servi\u00e7os de tecnologia estar\u00e3o sujeitos \u00e0 al\u00edquota padr\u00e3o<\/strong>&nbsp;<strong>de 28%<\/strong>. Esse valor pode representar um aumento consider\u00e1vel na carga tribut\u00e1ria, j\u00e1 que, no sistema atual, a soma dos tributos sobre consumo para servi\u00e7os de tecnologia (ISS, PIS e Cofins) \u00e9 de 8,65% para empresas enquadradas no Lucro Real ou Lucro Presumido.<\/p>\n\n\n\n<p>Aqui, vale destacar que alguns setores e atividades econ\u00f4micas espec\u00edficas receberam redu\u00e7\u00e3o no valor da al\u00edquota geral \u2013 como os profissionais liberais (advogados, arquitetos, veterin\u00e1rios). <\/p>\n\n\n\n<p>Esses segmentos&nbsp; ter\u00e3o uma al\u00edquota reduzida em 30%, assim, estimada em 19,6%, e \u00e1reas consideradas essenciais, como medicina, odontologia e educa\u00e7\u00e3o, uma redu\u00e7\u00e3o em 60%, resultando em uma al\u00edquota estimada de 11,2%.<\/p>\n\n\n\n<p>Contudo, a Reforma Tribut\u00e1ria tamb\u00e9m oferece uma contrapartida: a possibilidade de utilizar<a href=\"https:\/\/site-stg1.ctbz.com.br\/contabilidade-online\/o-que-e-credito-tributario-na-reforma-tributaria-e-como-isso-afeta-o-preco-do-seu-produto\/\" target=\"_blank\" rel=\"noreferrer noopener\">&nbsp;cr\u00e9ditos tribut\u00e1rios<\/a>, rompendo com a cumulatividade de impostos atuais, como comentado no in\u00edcio do texto.<\/p>\n\n\n\n<p>Isso significa que os impostos pagos sobre compras de insumos e servi\u00e7os usados nas opera\u00e7\u00f5es da empresa, como assinaturas de software, aluguel e compra de equipamentos, podem ser abatidos do valor dos impostos devidos.<\/p>\n\n\n\n<h2 class=\"wp-block-heading\" class=\"wp-block-heading\" id=\"o-que-muda-para-as-empresas-do-simples-nacional\">O que muda para as empresas do Simples Nacional?<\/h2>\n\n\n\n<p>Para as empresas enquadradas no Simples Nacional,&nbsp;<strong>as al\u00edquotas e o processo de apura\u00e7\u00e3o de impostos permanecer\u00e3o inalterados<\/strong>, ou seja,&nbsp;<strong>n\u00e3o haver\u00e1 aumento na carga tribut\u00e1ria<\/strong>, independentemente da atividade da empresa. <\/p>\n\n\n\n<p>No entanto, devido \u00e0 carga tribut\u00e1ria reduzida das empresas do Simples Nacional, os cr\u00e9ditos tribut\u00e1rios que poder\u00e3o ser concedidos ser\u00e3o menores em compara\u00e7\u00e3o \u00e0s empresas de outros regimes, que s\u00e3o tributadas com al\u00edquotas mais altas.<\/p>\n\n\n\n<p>No entanto, devido ao cen\u00e1rio de oferecimento de cr\u00e9ditos tribut\u00e1rios em maior volume pelo Lucro Presumido e Lucro Real e a poss\u00edvel perda de competitividade do Simples Nacional diante de clientes empresariais, a Reforma Tribut\u00e1ria traz uma nova op\u00e7\u00e3o de tributa\u00e7\u00e3o para o Simples.&nbsp;<\/p>\n\n\n\n<h3 class=\"wp-block-heading\">Vantagens e desvantagens do modelo H\u00edbrido para servi\u00e7os de tecnologia<\/h3>\n\n\n\n<p>O&nbsp;<strong>Simples Nacional H\u00edbrido<\/strong>&nbsp;vai proporcionar aos empreendedores a op\u00e7\u00e3o de recolher os novos tributos fora da guia de recolhimento de impostos do Simples Nacional (DAS). <\/p>\n\n\n\n<p>Isso vai permitir que a empresa conceda e receba cr\u00e9ditos tribut\u00e1rios mais altos ao negociar com outras pessoas jur\u00eddicas, j\u00e1 que a contrapartida \u00e9 a incid\u00eancia da al\u00edquota de impostos igual&nbsp; \u00e0s empresas&nbsp; do regime normal. Na pr\u00e1tica, ocorre aumento da carga tribut\u00e1ria.&nbsp;<\/p>\n\n\n\n<p>Por isso, essa nova possibilidade n\u00e3o \u00e9 uma solu\u00e7\u00e3o imediata para profissionais que prestam servi\u00e7os, principalmente para empresas, uma vez que exige c\u00e1lculos do ponto de vista das vantagens e desvantagens de cada regime tribut\u00e1rio e conforme o cen\u00e1rio de cada empresa.&nbsp;<\/p>\n\n\n\n<p>A op\u00e7\u00e3o por esse regime vai se dar de forma semestral, em janeiro e julho, com ades\u00e3o respectivamente nos meses de setembro e abril.&nbsp;<\/p>\n\n\n\n<p>Essa decis\u00e3o deve ser tomada ap\u00f3s uma an\u00e1lise junto a um profissional de contabilidade, observando os impactos em cada cen\u00e1rio tribut\u00e1rio, principalmente no que diz respeito ao aumento da carga tribut\u00e1ria, bem como o impacto no&nbsp; caixa da empresa e a competitividade no mercado.<\/p>\n\n\n\n<h3 class=\"wp-block-heading\">Atua\u00e7\u00e3o da Contabilizei na Reforma Tribut\u00e1ria<\/h3>\n\n\n\n<p>Neste momento de mudan\u00e7as, cada detalhe \u00e9 essencial. Na Contabilizei, estamos acompanhando de perto todas as novidades da Reforma Tribut\u00e1ria para continuar simplificando a vida de quem empreende, oferecendo o suporte necess\u00e1rio para garantir a tributa\u00e7\u00e3o mais vantajosa poss\u00edvel.<\/p>\n\n\n\n<p>Para ficar mais claro, nossos especialistas simularam poss\u00edveis cen\u00e1rios de tributa\u00e7\u00e3o ap\u00f3s a Reforma Tribut\u00e1ria. Mas, vale lembrar, que \u00e9 recomend\u00e1vel a an\u00e1lise caso a caso para garantir que voc\u00ea est\u00e1 tomando a melhor decis\u00e3o.&nbsp;<\/p>\n\n\n\n<p><em>A Reforma Tribut\u00e1ria pode impactar diretamente a sua empresa, e a melhor maneira de se preparar para as mudan\u00e7as \u00e9 com conhecimento.<\/em><a href=\"https:\/\/e.contabilizei.com.br\/reforma_tributaria_newsletter\" target=\"_blank\" rel=\"noreferrer noopener\"><em>&nbsp;Assine nossa newsletter<\/em><\/a><em>&nbsp;e tenha acesso a uma curadoria com conte\u00fados exclusivos no seu e-mail.<\/em><\/p>\n\n\n\n<h2 class=\"wp-block-heading\" class=\"wp-block-heading\" id=\"exemplo-pratico-do-impacto-da-rt-para-servicos-de-tecnologia\">Exemplo pr\u00e1tico do impacto da RT para servi\u00e7os de tecnologia<\/h2>\n\n\n\n<p>Vamos considerar uma empresa de Tecnologia da Informa\u00e7\u00e3o (TI) com faturamento m\u00e9dio mensal de R$ 15.000,00, optante pelo sistema tradicional do Simples Nacional e com a maioria de seus clientes sendo outras pessoas jur\u00eddicas.&nbsp;<\/p>\n\n\n\n<h3 class=\"wp-block-heading\">Cen\u00e1rio A: Simples Nacional<\/h3>\n\n\n\n<p>Neste regime, a empresa paga R$ 1.541,26 em impostos, considerando os impostos da DAS e os tributos incidentes sobre&nbsp;<a href=\"https:\/\/site-stg1.ctbz.com.br\/contabilidade-online\/o-que-e-o-pro-labore\/\" target=\"_blank\" rel=\"noreferrer noopener\">pr\u00f3-labore<\/a>, no cen\u00e1rio em que h\u00e1 a op\u00e7\u00e3o pelo&nbsp;<a href=\"https:\/\/site-stg1.ctbz.com.br\/contabilidade-online\/fator-r-simples-nacional\/\" target=\"_blank\" rel=\"noreferrer noopener\">Fator-R<\/a>. Esse valor continuar\u00e1 o mesmo ap\u00f3s a Reforma Tribut\u00e1ria, resultando em um lucro l\u00edquido de R$ 13.458,74.<\/p>\n\n\n\n<p>Hoje, essa empresa gera cr\u00e9ditos tribut\u00e1rios aos clientes PJ do Lucro Real de R$ 1.387,50, pois esses clientes t\u00eam direito a 9,25% sobre opera\u00e7\u00f5es tributadas por PIS e Cofins. No entanto, com a reforma e a unifica\u00e7\u00e3o da tributa\u00e7\u00e3o, esse valor cair\u00e1 para R$ 441,90, que corresponde a participa\u00e7\u00e3o do IBS e CBS na DAS, reduzindo o benef\u00edcio concedido aos clientes e impactando o posicionamento competitivo da empresa.&nbsp;<\/p>\n\n\n\n<p>Os cr\u00e9ditos ser\u00e3o gerados conforme valor efetivamente pago de impostos pelo fornecedor, e aproveitado por todas as empresas do regime normal de tributa\u00e7\u00e3o.&nbsp;<\/p>\n\n\n\n<p>Veja abaixo o quadro resumo com os valores ap\u00f3s a Reforma Tribut\u00e1ria:<\/p>\n\n\n\n<figure class=\"wp-block-table\"><table><tbody><tr><td><\/td><td><strong>Antes da Reforma<\/strong><\/td><td><strong>Depois da Reforma<\/strong><\/td><\/tr><tr><td><strong>Faturamento<\/strong><\/td><td>R$ 15.000,00<\/td><td>R$ 15.000,00<\/td><\/tr><tr><td><strong>Valor em impostos no SN<\/strong><\/td><td>R$ 1.541,26&nbsp;<\/td><td>R$ 1.541,26&nbsp;<\/td><\/tr><tr><td><strong>Lucro l\u00edquido<\/strong><\/td><td>R$ 13.458,74<\/td><td>R$ 13.458,74<\/td><\/tr><tr><td><strong>Gera\u00e7\u00e3o de cr\u00e9ditos para o tomador do servi\u00e7o<\/strong><\/td><td>R$ 1.387,50 para empresas do Lucro Real<\/td><td>R$ 441,90 para empresas do Lucro Real, Presumido e Simples Hibrido.<\/td><\/tr><\/tbody><\/table><\/figure>\n\n\n\n<p>Vale lembrar que&nbsp;<strong>se a presta\u00e7\u00e3o de servi\u00e7os de TI no Simples Nacional for predominantemente para pessoas f\u00edsicas, n\u00e3o h\u00e1 com o que se preocupar<\/strong>, visto que o consumidor pessoa f\u00edsica n\u00e3o pode aproveitar cr\u00e9ditos tribut\u00e1rios.<\/p>\n\n\n\n<h3 class=\"wp-block-heading\">Cen\u00e1rio B: Simples Nacional H\u00edbrido<\/h3>\n\n\n\n<p>No Simples Nacional H\u00edbrido, como comentamos, ocorre aumento de carga tribut\u00e1ria e aumento dos cr\u00e9ditos tribut\u00e1rios gerados.<\/p>\n\n\n\n<p>Na pr\u00e1tica, para o mesmo cen\u00e1rio de faturamento de R$ 15.000,00, os impostos pagos somam R$ 5.299,36, j\u00e1 considerando a DAS, o recolhimento de IBS e CBS e os tributos sobre pr\u00f3-labore. Desse montante, R$ 4.200,00 s\u00e3o repassados aos clientes como cr\u00e9dito tribut\u00e1rio, e o lucro l\u00edquido final ser\u00e1 de R$ 9.700,64.<\/p>\n\n\n\n<p>Aqui, ponto importante para entender o impacto direto no lucro da empresa, dado o aumento da carga tribut\u00e1ria. Por isso,&nbsp;<strong>conte com o apoio do seu contador nessa tomada de decis\u00e3o<\/strong>.&nbsp;<\/p>\n\n\n\n<p>Afinal, se voc\u00ea tem, em sua maioria, clientes que s\u00e3o empresas e que podem se beneficiar dos cr\u00e9ditos tribut\u00e1rios, pode ser necess\u00e1rio negociar pre\u00e7os devido \u00e0 redu\u00e7\u00e3o no custo final de aquisi\u00e7\u00e3o dos servi\u00e7os por parte do cliente e do consequente aumento de tributa\u00e7\u00e3o por parte do prestador de servi\u00e7os.&nbsp;<\/p>\n\n\n\n<p>Al\u00e9m disso,&nbsp;<strong>a empresa pode aproveitar os cr\u00e9ditos de IVA gerados por suas aquisi\u00e7\u00f5es e servi\u00e7os contratados<\/strong>, o que ajuda a mitigar parte do impacto da tributa\u00e7\u00e3o mais elevada. Esse valor deve ser considerado junto ao seu contador a partir das caracter\u00edsticas do neg\u00f3cio, mas n\u00e3o conseguimos estimar aqui em termos de exemplifica\u00e7\u00e3o, dado que cada caso \u00e9 um caso.&nbsp;<\/p>\n\n\n\n<p><strong>Abaixo, veja o quadro resumo:<\/strong><\/p>\n\n\n\n<figure class=\"wp-block-table\"><table><tbody><tr><td><\/td><td><strong>Antes da Reforma<\/strong><\/td><td><strong>Depois da Reforma<\/strong><\/td><\/tr><tr><td><strong>Faturamento<\/strong><\/td><td>Modelo inexistente<\/td><td>R$ 15.000,00<\/td><\/tr><tr><td><strong>Valor em impostos no SN H\u00edbrido<\/strong><\/td><td><strong>\u2013<\/strong><\/td><td>R$ 5.299,36<\/td><\/tr><tr><td><strong>Lucro l\u00edquido<\/strong><\/td><td><strong>\u2013<\/strong><\/td><td>R$ 9.700,64<\/td><\/tr><tr><td><strong>Gera\u00e7\u00e3o de cr\u00e9ditos para o tomador do servi\u00e7o<\/strong><\/td><td><strong>\u2013<\/strong><\/td><td>R$ 4.200,00<\/td><\/tr><\/tbody><\/table><\/figure>\n\n\n\n<h3 class=\"wp-block-heading\"><\/h3>\n\n\n\n<h3 class=\"wp-block-heading\">Cen\u00e1rio C: Lucro Presumido<\/h3>\n\n\n\n<p>J\u00e1 no regime de&nbsp;<a href=\"https:\/\/site-stg1.ctbz.com.br\/contabilidade-online\/lucro-presumido\/\" target=\"_blank\" rel=\"noreferrer noopener\">Lucro Presumido<\/a>, com o mesmo faturamento de R$ 15.000,0, os tributos totais chegam a R$ 5.789,72, sendo R$ 4.200,00 referentes a cr\u00e9ditos tribut\u00e1rios de IBS e CBS que os clientes PJ poder\u00e3o aproveitar. Assim, o lucro l\u00edquido da empresa ser\u00e1 de R$ 9.210,28.<\/p>\n\n\n\n<p>No Lucro Presumido tamb\u00e9m ser\u00e1 permitido a tomada de cr\u00e9ditos tribut\u00e1rios dos impostos pagos sobre bens e servi\u00e7os consumidos pela empresa, o que ajuda na redu\u00e7\u00e3o da carga tribut\u00e1ria.<\/p>\n\n\n\n<figure class=\"wp-block-table\"><table><tbody><tr><td><\/td><td><strong>Antes da Reforma<\/strong><\/td><td><strong>Depois da Reforma<\/strong><\/td><\/tr><tr><td><strong>Faturamento<\/strong><\/td><td>R$ 15.000,0<\/td><td>R$ 15.000,0<\/td><\/tr><tr><td><strong>Valor em impostos no LP<\/strong><\/td><td>R$ 2.887,22<\/td><td>R$ 5.789,72<\/td><\/tr><tr><td><strong>Lucro l\u00edquido<\/strong><\/td><td>R$ 12.112,78<\/td><td>R$ 9.210,28<\/td><\/tr><tr><td><strong>Gera\u00e7\u00e3o de cr\u00e9ditos para o tomador do servi\u00e7o<\/strong><\/td><td>R$ 1.387,50 para empresas do Lucro Real<\/td><td>R$ 4.200,00<\/td><\/tr><\/tbody><\/table><\/figure>\n\n\n\n<p>A Reforma vai impulsionar uma nova din\u00e2mica no mercado, onde as empresas buscar\u00e3o fornecedores que proporcionem mais cr\u00e9ditos tribut\u00e1rios, reduzindo seu custo efetivo de aquisi\u00e7\u00e3o.&nbsp;<strong>Esse cen\u00e1rio pode incentivar mudan\u00e7as estrat\u00e9gicas no regime tribut\u00e1rio<\/strong>, permitindo que empresas se tornem mais atraentes para seus clientes e consigam negociar pre\u00e7os de forma mais vantajosa, minimizando impactos negativos na lucratividade.<\/p>\n\n\n\n<h2 class=\"wp-block-heading\" class=\"wp-block-heading\" id=\"como-escolher-o-melhor-regime-tributario\">Como escolher o melhor regime tribut\u00e1rio?<\/h2>\n\n\n\n<p>Essa resposta n\u00e3o \u00e9 t\u00e3o simples, pois \u00e9 preciso considerar as vari\u00e1veis de cada neg\u00f3cio.&nbsp;<strong>Avalie a margem de lucro da empresa, garantindo opera\u00e7\u00f5es sustent\u00e1veis mesmo com poss\u00edveis aumentos de impostos<\/strong>; considere o faturamento, j\u00e1 que ele impacta diretamente a viabilidade de cada regime; e analise o perfil dos clientes.&nbsp;<\/p>\n\n\n\n<p>Em termos gerais, um primeiro passo \u00e9 considerar que, para quem presta servi\u00e7os predominantemente para pessoas f\u00edsicas, o Simples Nacional Tradicional pode ser ainda o mais indicado. Isso porque&nbsp; a carga tribut\u00e1ria permanece inalterada e pessoas f\u00edsicas n\u00e3o se beneficiam de cr\u00e9ditos tribut\u00e1rios, assim como pessoas jur\u00eddicas tamb\u00e9m optantes pelo Simples Nacional Tradicional e empresas nos exterior.<\/p>\n\n\n\n<p>Por outro lado, para quem atende majoritariamente pessoas jur\u00eddicas, a an\u00e1lise e tomada de decis\u00e3o \u00e9 mais complexa. Como vimos no exemplo, tanto o Simples Nacional H\u00edbrido como o Lucro Presumido, v\u00e3o ofertar mais cr\u00e9ditos tribut\u00e1rios comparados ao Simples Nacional, mas tamb\u00e9m pagar\u00e3o mais impostos no fim do dia, o que pode colocar em risco a sa\u00fade financeira da empresa.&nbsp;<\/p>\n\n\n\n<p>Por isso, \u00e9 essencial avaliar esses impactos&nbsp; e detalhar as oportunidades em cada caso com o apoio de um contador. Ele pode oferecer uma an\u00e1lise personalizada e ajudar a definir o regime mais adequado, considerando tanto os objetivos financeiros quanto o perfil da clientela e as oportunidades estrat\u00e9gicas dispon\u00edveis. Al\u00e9m de demais estrat\u00e9gias, como recomposi\u00e7\u00e3o de pre\u00e7o e negocia\u00e7\u00e3o.<\/p>\n\n\n\n<p>\u00c9 importante observar que, enquanto as&nbsp;<strong>empresas do Lucro Real e Lucro Presumido come\u00e7ar\u00e3o a transi\u00e7\u00e3o para o novo modelo tribut\u00e1rio em 2026<\/strong>, as altera\u00e7\u00f5es no Simples Nacional, incluindo a possibilidade de recolhimento do IVA separadamente, s\u00f3 entrar\u00e3o em vigor em 2027.<\/p>\n\n\n\n<p>Na<a href=\"https:\/\/www.contabilizei.com.br\/\" target=\"_blank\" rel=\"noreferrer noopener\">&nbsp;Contabilizei<\/a>, estamos acompanhando de perto todas as novidades para continuar simplificando a vida de quem empreende, oferecendo todo o suporte necess\u00e1rio e a tributa\u00e7\u00e3o mais vantajosa poss\u00edvel.<\/p>\n\n\n\n<figure class=\"wp-block-image size-full\"><a href=\"https:\/\/www.contabilizei.com.br\/calculadora-reforma-tributaria\/\" target=\"_blank\" rel=\" noreferrer noopener\"><img loading=\"lazy\" decoding=\"async\" width=\"615\" height=\"300\" src=\"https:\/\/www.contabilizei.com.br\/reforma-tributaria\/wp-content\/uploads\/2025\/06\/KV-1-Copy-1-1.webp\" alt=\"\" class=\"wp-image-40259\" srcset=\"https:\/\/www.contabilizei.com.br\/reforma-tributaria\/wp-content\/uploads\/2025\/06\/KV-1-Copy-1-1.webp 615w, https:\/\/www.contabilizei.com.br\/reforma-tributaria\/wp-content\/uploads\/2025\/06\/KV-1-Copy-1-1-300x146.webp 300w\" sizes=\"auto, (max-width: 615px) 100vw, 615px\" \/><\/a><\/figure>\n\n\n\n<h2 class=\"wp-block-heading\" class=\"wp-block-heading\" id=\"como-fica-a-exportacao-de-servicos-de-ti\">Como fica a exporta\u00e7\u00e3o de servi\u00e7os de TI?<\/h2>\n\n\n\n<p><strong>Para os profissionais de TI que prestam servi\u00e7os para o exterior, a tributa\u00e7\u00e3o n\u00e3o sofrer\u00e1 mudan\u00e7as.&nbsp;<\/strong>O processo para emiss\u00e3o de&nbsp;<em>invoices<\/em>&nbsp;e notas fiscais continuar\u00e1 o mesmo, e as isen\u00e7\u00f5es de impostos sobre exporta\u00e7\u00f5es de servi\u00e7os e mercadorias foram mantidas.<\/p>\n\n\n\n<figure class=\"wp-block-embed is-type-rich is-provider-incorporar-manipulador wp-block-embed-incorporar-manipulador\"><div class=\"wp-block-embed__wrapper\">\nhttps:\/\/youtube.com\/watch?v=t8b1jv7gmvs%3Fsi%3DqK9kVw7RExseimoB\n<\/div><\/figure>\n\n\n\n<p>Contar com uma contabilidade que est\u00e1 acompanhando as propostas da Reforma Tribut\u00e1ria e est\u00e1 preparada para atender as mudan\u00e7as vai fazer toda a diferen\u00e7a para o sucesso dos neg\u00f3cios.&nbsp;<strong>Conte com a Contabilizei, o maior escrit\u00f3rio de contabilidade do Brasil<\/strong>.&nbsp;<\/p>\n\n\n\n<p><em>A Reforma Tribut\u00e1ria pode impactar diretamente a sua empresa, e a melhor maneira de se preparar para as mudan\u00e7as \u00e9 com conhecimento.<\/em><a href=\"https:\/\/e.contabilizei.com.br\/reforma_tributaria_newsletter\" target=\"_blank\" rel=\"noreferrer noopener\"><em>&nbsp;Assine nossa newsletter<\/em><\/a><em>&nbsp;e tenha acesso a uma curadoria com conte\u00fados exclusivos no seu e-mail.<\/em><\/p>\n","protected":false},"excerpt":{"rendered":"<p>A Reforma Tribut\u00e1ria, regulamentada e convertida em Lei Complementar n\u00ba 214\/2025, promove uma grande mudan\u00e7a no sistema de tributa\u00e7\u00e3o sobre&#8230;<\/p>\n","protected":false},"author":88,"featured_media":32923,"template":"","reforma_post_category":[354],"reforma_post_trail":[366],"class_list":{"0":"post-39277","1":"reforma_post","2":"type-reforma_post","3":"status-publish","4":"has-post-thumbnail","6":"reforma_post_category-profissoes","7":"reforma_post_trail-aprofunde-cenarios-da-sua-profissao"},"yoast_head":"<!-- This site is optimized with the Yoast SEO plugin v27.5 - https:\/\/yoast.com\/product\/yoast-seo-wordpress\/ -->\n<title>Reforma tribut\u00e1ria para servi\u00e7os de tecnologia: o que muda? | Blog da Contabilizei<\/title>\n<meta name=\"description\" content=\"Saiba como a Reforma Tribut\u00e1ria vai impactar o dia a dia de profissionais de tecnologia, como desenvolvedores. Entenda sobre o aumento de impostos e solu\u00e7\u00f5es.\" \/>\n<meta name=\"robots\" content=\"index, follow\" \/>\n<link rel=\"canonical\" href=\"https:\/\/www.contabilizei.com.br\/reforma-tributaria\/artigo\/reforma-tributaria-para-servicos-de-tecnologia\/\" \/>\n<meta property=\"og:locale\" content=\"pt_BR\" \/>\n<meta property=\"og:type\" content=\"article\" \/>\n<meta property=\"og:title\" content=\"Reforma tribut\u00e1ria para servi\u00e7os de tecnologia: o que muda? | Blog da Contabilizei\" \/>\n<meta property=\"og:description\" content=\"Saiba como a Reforma Tribut\u00e1ria vai impactar o dia a dia de profissionais de tecnologia, como desenvolvedores. Entenda sobre o aumento de impostos e solu\u00e7\u00f5es.\" \/>\n<meta property=\"og:url\" content=\"https:\/\/www.contabilizei.com.br\/reforma-tributaria\/artigo\/reforma-tributaria-para-servicos-de-tecnologia\/\" \/>\n<meta property=\"og:site_name\" content=\"Blog da Contabilizei\" \/>\n<meta property=\"article:publisher\" content=\"https:\/\/www.facebook.com\/Contabilizei\/\" \/>\n<meta property=\"article:modified_time\" content=\"2026-03-25T19:50:23+00:00\" \/>\n<meta property=\"og:image\" content=\"https:\/\/www.contabilizei.com.br\/reforma-tributaria\/wp-content\/uploads\/2022\/10\/quanto-ganha-um-ti-jovem-ti-scaled-e1664818877798.jpg\" \/>\n\t<meta property=\"og:image:width\" content=\"1280\" \/>\n\t<meta property=\"og:image:height\" content=\"854\" \/>\n\t<meta property=\"og:image:type\" content=\"image\/jpeg\" \/>\n<meta name=\"twitter:card\" content=\"summary_large_image\" \/>\n<meta name=\"twitter:site\" content=\"@contabilizei\" \/>\n<meta name=\"twitter:label1\" content=\"Est. tempo de leitura\" \/>\n\t<meta name=\"twitter:data1\" content=\"12 minutos\" \/>\n<!-- \/ Yoast SEO plugin. -->","yoast_head_json":{"title":"Reforma tribut\u00e1ria para servi\u00e7os de tecnologia: o que muda? | Blog da Contabilizei","description":"Saiba como a Reforma Tribut\u00e1ria vai impactar o dia a dia de profissionais de tecnologia, como desenvolvedores. Entenda sobre o aumento de impostos e solu\u00e7\u00f5es.","robots":{"index":"index","follow":"follow"},"canonical":"https:\/\/www.contabilizei.com.br\/reforma-tributaria\/artigo\/reforma-tributaria-para-servicos-de-tecnologia\/","og_locale":"pt_BR","og_type":"article","og_title":"Reforma tribut\u00e1ria para servi\u00e7os de tecnologia: o que muda? | Blog da Contabilizei","og_description":"Saiba como a Reforma Tribut\u00e1ria vai impactar o dia a dia de profissionais de tecnologia, como desenvolvedores. Entenda sobre o aumento de impostos e solu\u00e7\u00f5es.","og_url":"https:\/\/www.contabilizei.com.br\/reforma-tributaria\/artigo\/reforma-tributaria-para-servicos-de-tecnologia\/","og_site_name":"Blog da Contabilizei","article_publisher":"https:\/\/www.facebook.com\/Contabilizei\/","article_modified_time":"2026-03-25T19:50:23+00:00","og_image":[{"width":1280,"height":854,"url":"https:\/\/www.contabilizei.com.br\/reforma-tributaria\/wp-content\/uploads\/2022\/10\/quanto-ganha-um-ti-jovem-ti-scaled-e1664818877798.jpg","type":"image\/jpeg"}],"twitter_card":"summary_large_image","twitter_site":"@contabilizei","twitter_misc":{"Est. tempo de leitura":"12 minutos"},"schema":{"@context":"https:\/\/schema.org","@graph":[{"@type":"WebPage","@id":"https:\/\/www.contabilizei.com.br\/reforma-tributaria\/artigo\/reforma-tributaria-para-servicos-de-tecnologia\/","url":"https:\/\/www.contabilizei.com.br\/reforma-tributaria\/artigo\/reforma-tributaria-para-servicos-de-tecnologia\/","name":"Reforma tribut\u00e1ria para servi\u00e7os de tecnologia: o que muda? | Blog da Contabilizei","isPartOf":{"@id":"https:\/\/www.contabilizei.com.br\/reforma-tributaria\/#website"},"primaryImageOfPage":{"@id":"https:\/\/www.contabilizei.com.br\/reforma-tributaria\/artigo\/reforma-tributaria-para-servicos-de-tecnologia\/#primaryimage"},"image":{"@id":"https:\/\/www.contabilizei.com.br\/reforma-tributaria\/artigo\/reforma-tributaria-para-servicos-de-tecnologia\/#primaryimage"},"thumbnailUrl":"https:\/\/www.contabilizei.com.br\/reforma-tributaria\/wp-content\/uploads\/2022\/10\/quanto-ganha-um-ti-jovem-ti-scaled-e1664818877798.jpg","datePublished":"2025-06-23T19:45:58+00:00","dateModified":"2026-03-25T19:50:23+00:00","description":"Saiba como a Reforma Tribut\u00e1ria vai impactar o dia a dia de profissionais de tecnologia, como desenvolvedores. Entenda sobre o aumento de impostos e solu\u00e7\u00f5es.","breadcrumb":{"@id":"https:\/\/www.contabilizei.com.br\/reforma-tributaria\/artigo\/reforma-tributaria-para-servicos-de-tecnologia\/#breadcrumb"},"inLanguage":"pt-BR","potentialAction":[{"@type":"ReadAction","target":["https:\/\/www.contabilizei.com.br\/reforma-tributaria\/artigo\/reforma-tributaria-para-servicos-de-tecnologia\/"]}]},{"@type":"ImageObject","inLanguage":"pt-BR","@id":"https:\/\/www.contabilizei.com.br\/reforma-tributaria\/artigo\/reforma-tributaria-para-servicos-de-tecnologia\/#primaryimage","url":"https:\/\/www.contabilizei.com.br\/reforma-tributaria\/wp-content\/uploads\/2022\/10\/quanto-ganha-um-ti-jovem-ti-scaled-e1664818877798.jpg","contentUrl":"https:\/\/www.contabilizei.com.br\/reforma-tributaria\/wp-content\/uploads\/2022\/10\/quanto-ganha-um-ti-jovem-ti-scaled-e1664818877798.jpg","width":1280,"height":854,"caption":"uanto-ganha-um-ti-jovem-ti"},{"@type":"BreadcrumbList","@id":"https:\/\/www.contabilizei.com.br\/reforma-tributaria\/artigo\/reforma-tributaria-para-servicos-de-tecnologia\/#breadcrumb","itemListElement":[{"@type":"ListItem","position":1,"name":"Home","item":"https:\/\/www.contabilizei.com.br\/reforma-tributaria\/"},{"@type":"ListItem","position":2,"name":"Posts - Reforma Tribut\u00e1ria","item":"https:\/\/www.contabilizei.com.br\/reforma-tributaria\/artigo\/"},{"@type":"ListItem","position":3,"name":"Reforma tribut\u00e1ria para servi\u00e7os de tecnologia: o que muda?"}]},{"@type":"WebSite","@id":"https:\/\/www.contabilizei.com.br\/reforma-tributaria\/#website","url":"https:\/\/www.contabilizei.com.br\/reforma-tributaria\/","name":"Hub da Reforma tribut\u00e1ria","description":"Apoiando o empreendedorismo desde 2013","potentialAction":[{"@type":"SearchAction","target":{"@type":"EntryPoint","urlTemplate":"https:\/\/www.contabilizei.com.br\/reforma-tributaria\/?s={search_term_string}"},"query-input":{"@type":"PropertyValueSpecification","valueRequired":true,"valueName":"search_term_string"}}],"inLanguage":"pt-BR"}]}},"_links":{"self":[{"href":"https:\/\/www.contabilizei.com.br\/reforma-tributaria\/wp-json\/wp\/v2\/reforma_post\/39277","targetHints":{"allow":["GET"]}}],"collection":[{"href":"https:\/\/www.contabilizei.com.br\/reforma-tributaria\/wp-json\/wp\/v2\/reforma_post"}],"about":[{"href":"https:\/\/www.contabilizei.com.br\/reforma-tributaria\/wp-json\/wp\/v2\/types\/reforma_post"}],"author":[{"embeddable":true,"href":"https:\/\/www.contabilizei.com.br\/reforma-tributaria\/wp-json\/wp\/v2\/users\/88"}],"version-history":[{"count":4,"href":"https:\/\/www.contabilizei.com.br\/reforma-tributaria\/wp-json\/wp\/v2\/reforma_post\/39277\/revisions"}],"predecessor-version":[{"id":40366,"href":"https:\/\/www.contabilizei.com.br\/reforma-tributaria\/wp-json\/wp\/v2\/reforma_post\/39277\/revisions\/40366"}],"wp:featuredmedia":[{"embeddable":true,"href":"https:\/\/www.contabilizei.com.br\/reforma-tributaria\/wp-json\/wp\/v2\/media\/32923"}],"wp:attachment":[{"href":"https:\/\/www.contabilizei.com.br\/reforma-tributaria\/wp-json\/wp\/v2\/media?parent=39277"}],"wp:term":[{"taxonomy":"reforma_post_category","embeddable":true,"href":"https:\/\/www.contabilizei.com.br\/reforma-tributaria\/wp-json\/wp\/v2\/reforma_post_category?post=39277"},{"taxonomy":"reforma_post_trail","embeddable":true,"href":"https:\/\/www.contabilizei.com.br\/reforma-tributaria\/wp-json\/wp\/v2\/reforma_post_trail?post=39277"}],"curies":[{"name":"wp","href":"https:\/\/api.w.org\/{rel}","templated":true}]}}