{"id":39276,"date":"2025-06-23T16:39:03","date_gmt":"2025-06-23T19:39:03","guid":{"rendered":"https:\/\/www.contabilizei.com.br\/contabilidade-online\/?post_type=reforma_post&#038;p=39276"},"modified":"2026-03-25T16:46:30","modified_gmt":"2026-03-25T19:46:30","slug":"quando-entra-em-vigor-transicao","status":"publish","type":"reforma_post","link":"https:\/\/www.contabilizei.com.br\/reforma-tributaria\/artigo\/quando-entra-em-vigor-transicao\/","title":{"rendered":"Reforma tribut\u00e1ria: quando entra em vigor e datas"},"content":{"rendered":"\n<p><strong>A Reforma Tribut\u00e1ria aprovada em 2023 no Brasil entra em vigor, em per\u00edodo de transi\u00e7\u00e3o, a partir de 2026 com previs\u00e3o de valer integralmente a partir de 2033.&nbsp;<\/strong><\/p>\n\n\n\n<p>Os anos de 2024 e 2025 devem ser anos de regulamenta\u00e7\u00e3o da Reforma Tribut\u00e1ria, ou seja, de edi\u00e7\u00e3o, discuss\u00f5es e publica\u00e7\u00f5es de leis complementares. Vale destacar que o processo de ado\u00e7\u00e3o do novo modelo de tributa\u00e7\u00e3o de consumo ser\u00e1 longo e gradativo.&nbsp;<\/p>\n\n\n\n<p>Em termos pr\u00e1ticos, significa dizer que ao longo de 7 anos, de 2026 a 2032, coexistir\u00e3o dois sistemas tribut\u00e1rios distintos, o atual e o novo. <a href=\"https:\/\/www.contabilizei.com.br\/calculadora-reforma-tributaria\/\">Seu servi\u00e7o vai ficar mais caro? Compare o cen\u00e1rio atual com o futuro p\u00f3s Reforma Tribut\u00e1ria e garanta a sua competitividade no mercado. Simule agora gratuitamente!<\/a><\/p>\n\n\n\n<p>A reforma tribut\u00e1ria tem uma vis\u00e3o de transi\u00e7\u00e3o inicial de 10 anos para a completa implementa\u00e7\u00e3o do novo sistema tribut\u00e1rio, dividida em tr\u00eas fases.&nbsp;<\/p>\n\n\n\n<p><strong>Nos anos de 2024 e 2025:<\/strong><\/p>\n\n\n\n<ul class=\"wp-block-list\">\n<li>Haver\u00e1 regulamenta\u00e7\u00f5es e debates sobre a reforma, com os efeitos pr\u00e1ticos vis\u00edveis a partir de 2026.&nbsp;<\/li>\n\n\n\n<li>Durante os pr\u00f3ximos sete anos, de 2026 a 2032, coexistir\u00e3o dois sistemas tribut\u00e1rios, o atual e o novo, exigindo que a contabilidade atue com base em dois conjuntos de regras tribut\u00e1rias;<\/li>\n<\/ul>\n\n\n\n<p>&nbsp;<strong>Entre 2026 e 2028:<\/strong><\/p>\n\n\n\n<ul class=\"wp-block-list\">\n<li>Em 2026 inicia-se a unifica\u00e7\u00e3o dos impostos com uma al\u00edquota \u00fanica aplicada como teste, incluindo o IVA Federal (CBS) de 0,9% e o IVA Estadual\/Municipal (IBS) de 0,1%, compens\u00e1veis com PIS\/Cofins ;<\/li>\n\n\n\n<li>Em 2027, a CBS entra em vigor integralmente, e PIS e COFINS s\u00e3o extintos, enquanto as al\u00edquotas de IPI s\u00e3o zeradas, exceto para os produtos que tamb\u00e9m sejam industrializados na Zona Franca de Manaus (estes representam apenas 5% do total) e cobran\u00e7a do Imposto Seletivo;<\/li>\n\n\n\n<li>Em 2028, \u00e9 o \u00faltimo ano das al\u00edquotas integrais do ICMS e ISS, marcando o in\u00edcio do IBS.<\/li>\n<\/ul>\n\n\n\n<p><strong>De 2029 a 2032:<\/strong><\/p>\n\n\n\n<ul class=\"wp-block-list\">\n<li>Ocorre a redu\u00e7\u00e3o gradativa das al\u00edquotas de ICMS e ISS, sendo totalmente substitu\u00eddas pelo IBS em 2032.<\/li>\n\n\n\n<li>Empresas com benef\u00edcios de ICMS e ISS ter\u00e3o redu\u00e7\u00f5es proporcionais.&nbsp;<\/li>\n\n\n\n<li>Em 2033, entra em vigor integralmente o novo sistema tribut\u00e1rio, com a extin\u00e7\u00e3o total de PIS, COFINS, ICMS, ISS e IPI (que n\u00e3o ser\u00e1 extinto totalmente, pois ele permanecer\u00e1 sendo cobrado para produtos importados e industrializados similares aos produtos produzidos de forma incentivada pela Zona Franca de Manaus).&nbsp;<\/li>\n<\/ul>\n\n\n\n<p>Durante essa transi\u00e7\u00e3o, os contribuintes n\u00e3o enfrentar\u00e3o um aumento na carga tribut\u00e1ria, mas precisar\u00e3o recolher a mesma contribui\u00e7\u00e3o em guias de pagamento diferentes para o mesmo per\u00edodo.<\/p>\n\n\n\n<figure class=\"wp-block-embed is-type-video is-provider-youtube wp-block-embed-youtube wp-embed-aspect-16-9 wp-has-aspect-ratio\"><div class=\"wp-block-embed__wrapper\">\n<iframe loading=\"lazy\" title=\"Quando passa a valer a Reforma Tribut\u00e1ria? Voc\u00ea precisa se preocupar? O que voc\u00ea precisa saber?\" width=\"640\" height=\"360\" src=\"https:\/\/www.youtube.com\/embed\/Bn91CUc3CeU?feature=oembed\" frameborder=\"0\" allow=\"accelerometer; autoplay; clipboard-write; encrypted-media; gyroscope; picture-in-picture; web-share\" referrerpolicy=\"strict-origin-when-cross-origin\" allowfullscreen><\/iframe>\n<\/div><\/figure>\n\n\n\n<p>\u00c9 importante que as empresas compreendam os potenciais impactos que a reforma tribut\u00e1ria pode ter em seus neg\u00f3cios, permitindo que se preparem adequadamente durante esse per\u00edodo de transi\u00e7\u00e3o. Com essa considera\u00e7\u00e3o em mente, a&nbsp;<a href=\"https:\/\/www.contabilizei.com.br\/sobre\/sobre-a-contabilizei\/\" target=\"_blank\" rel=\"noreferrer noopener\">Contabilizei<\/a>&nbsp;desenvolveu um e-book abrangente que oferece uma vis\u00e3o geral da reforma e destaca seus efeitos nas empresas.<\/p>\n","protected":false},"excerpt":{"rendered":"<p>A Reforma Tribut\u00e1ria aprovada em 2023 no Brasil entra em vigor, em per\u00edodo de transi\u00e7\u00e3o, a partir de 2026 com&#8230;<\/p>\n","protected":false},"author":88,"featured_media":37424,"template":"","reforma_post_category":[352],"reforma_post_trail":[361],"class_list":{"0":"post-39276","1":"reforma_post","2":"type-reforma_post","3":"status-publish","4":"has-post-thumbnail","6":"reforma_post_category-perguntas-e-respostas","7":"reforma_post_trail-o-que-e-reforma-tributaria"},"yoast_head":"<!-- This site is optimized with the Yoast SEO plugin v27.5 - https:\/\/yoast.com\/product\/yoast-seo-wordpress\/ -->\n<title>Reforma tribut\u00e1ria: quando entra em vigor e datas | Blog da Contabilizei<\/title>\n<meta name=\"description\" content=\"Saiba quanto tempo vai levar para a transi\u00e7\u00e3o da reforma tribut\u00e1ria aprovada em 2023 valer para todas as empresas.\" \/>\n<meta name=\"robots\" content=\"index, follow\" \/>\n<link rel=\"canonical\" href=\"https:\/\/www.contabilizei.com.br\/reforma-tributaria\/artigo\/quando-entra-em-vigor-transicao\/\" \/>\n<meta property=\"og:locale\" content=\"pt_BR\" \/>\n<meta property=\"og:type\" content=\"article\" \/>\n<meta property=\"og:title\" content=\"Reforma tribut\u00e1ria: quando entra em vigor e datas | Blog da Contabilizei\" \/>\n<meta property=\"og:description\" content=\"Saiba quanto tempo vai levar para a transi\u00e7\u00e3o da reforma tribut\u00e1ria aprovada em 2023 valer para todas as empresas.\" \/>\n<meta property=\"og:url\" content=\"https:\/\/www.contabilizei.com.br\/reforma-tributaria\/artigo\/quando-entra-em-vigor-transicao\/\" \/>\n<meta property=\"og:site_name\" content=\"Blog da Contabilizei\" \/>\n<meta property=\"article:publisher\" content=\"https:\/\/www.facebook.com\/Contabilizei\/\" \/>\n<meta property=\"article:modified_time\" content=\"2026-03-25T19:46:30+00:00\" \/>\n<meta property=\"og:image\" content=\"https:\/\/www.contabilizei.com.br\/reforma-tributaria\/wp-content\/uploads\/2024\/09\/2.webp\" \/>\n\t<meta property=\"og:image:width\" content=\"1200\" \/>\n\t<meta property=\"og:image:height\" content=\"750\" \/>\n\t<meta property=\"og:image:type\" content=\"image\/webp\" \/>\n<meta name=\"twitter:card\" content=\"summary_large_image\" \/>\n<meta name=\"twitter:site\" content=\"@contabilizei\" \/>\n<meta name=\"twitter:label1\" content=\"Est. tempo de leitura\" \/>\n\t<meta name=\"twitter:data1\" content=\"3 minutos\" \/>\n<!-- \/ Yoast SEO plugin. -->","yoast_head_json":{"title":"Reforma tribut\u00e1ria: quando entra em vigor e datas | Blog da Contabilizei","description":"Saiba quanto tempo vai levar para a transi\u00e7\u00e3o da reforma tribut\u00e1ria aprovada em 2023 valer para todas as empresas.","robots":{"index":"index","follow":"follow"},"canonical":"https:\/\/www.contabilizei.com.br\/reforma-tributaria\/artigo\/quando-entra-em-vigor-transicao\/","og_locale":"pt_BR","og_type":"article","og_title":"Reforma tribut\u00e1ria: quando entra em vigor e datas | Blog da Contabilizei","og_description":"Saiba quanto tempo vai levar para a transi\u00e7\u00e3o da reforma tribut\u00e1ria aprovada em 2023 valer para todas as empresas.","og_url":"https:\/\/www.contabilizei.com.br\/reforma-tributaria\/artigo\/quando-entra-em-vigor-transicao\/","og_site_name":"Blog da Contabilizei","article_publisher":"https:\/\/www.facebook.com\/Contabilizei\/","article_modified_time":"2026-03-25T19:46:30+00:00","og_image":[{"width":1200,"height":750,"url":"https:\/\/www.contabilizei.com.br\/reforma-tributaria\/wp-content\/uploads\/2024\/09\/2.webp","type":"image\/webp"}],"twitter_card":"summary_large_image","twitter_site":"@contabilizei","twitter_misc":{"Est. tempo de leitura":"3 minutos"},"schema":{"@context":"https:\/\/schema.org","@graph":[{"@type":"WebPage","@id":"https:\/\/www.contabilizei.com.br\/reforma-tributaria\/artigo\/quando-entra-em-vigor-transicao\/","url":"https:\/\/www.contabilizei.com.br\/reforma-tributaria\/artigo\/quando-entra-em-vigor-transicao\/","name":"Reforma tribut\u00e1ria: quando entra em vigor e datas | Blog da Contabilizei","isPartOf":{"@id":"https:\/\/www.contabilizei.com.br\/reforma-tributaria\/#website"},"primaryImageOfPage":{"@id":"https:\/\/www.contabilizei.com.br\/reforma-tributaria\/artigo\/quando-entra-em-vigor-transicao\/#primaryimage"},"image":{"@id":"https:\/\/www.contabilizei.com.br\/reforma-tributaria\/artigo\/quando-entra-em-vigor-transicao\/#primaryimage"},"thumbnailUrl":"https:\/\/www.contabilizei.com.br\/reforma-tributaria\/wp-content\/uploads\/2024\/09\/2.webp","datePublished":"2025-06-23T19:39:03+00:00","dateModified":"2026-03-25T19:46:30+00:00","description":"Saiba quanto tempo vai levar para a transi\u00e7\u00e3o da reforma tribut\u00e1ria aprovada em 2023 valer para todas as empresas.","breadcrumb":{"@id":"https:\/\/www.contabilizei.com.br\/reforma-tributaria\/artigo\/quando-entra-em-vigor-transicao\/#breadcrumb"},"inLanguage":"pt-BR","potentialAction":[{"@type":"ReadAction","target":["https:\/\/www.contabilizei.com.br\/reforma-tributaria\/artigo\/quando-entra-em-vigor-transicao\/"]}]},{"@type":"ImageObject","inLanguage":"pt-BR","@id":"https:\/\/www.contabilizei.com.br\/reforma-tributaria\/artigo\/quando-entra-em-vigor-transicao\/#primaryimage","url":"https:\/\/www.contabilizei.com.br\/reforma-tributaria\/wp-content\/uploads\/2024\/09\/2.webp","contentUrl":"https:\/\/www.contabilizei.com.br\/reforma-tributaria\/wp-content\/uploads\/2024\/09\/2.webp","width":1200,"height":750},{"@type":"BreadcrumbList","@id":"https:\/\/www.contabilizei.com.br\/reforma-tributaria\/artigo\/quando-entra-em-vigor-transicao\/#breadcrumb","itemListElement":[{"@type":"ListItem","position":1,"name":"Home","item":"https:\/\/www.contabilizei.com.br\/reforma-tributaria\/"},{"@type":"ListItem","position":2,"name":"Posts - Reforma Tribut\u00e1ria","item":"https:\/\/www.contabilizei.com.br\/reforma-tributaria\/artigo\/"},{"@type":"ListItem","position":3,"name":"Reforma tribut\u00e1ria: quando entra em vigor e datas"}]},{"@type":"WebSite","@id":"https:\/\/www.contabilizei.com.br\/reforma-tributaria\/#website","url":"https:\/\/www.contabilizei.com.br\/reforma-tributaria\/","name":"Hub da Reforma tribut\u00e1ria","description":"Apoiando o empreendedorismo desde 2013","potentialAction":[{"@type":"SearchAction","target":{"@type":"EntryPoint","urlTemplate":"https:\/\/www.contabilizei.com.br\/reforma-tributaria\/?s={search_term_string}"},"query-input":{"@type":"PropertyValueSpecification","valueRequired":true,"valueName":"search_term_string"}}],"inLanguage":"pt-BR"}]}},"_links":{"self":[{"href":"https:\/\/www.contabilizei.com.br\/reforma-tributaria\/wp-json\/wp\/v2\/reforma_post\/39276","targetHints":{"allow":["GET"]}}],"collection":[{"href":"https:\/\/www.contabilizei.com.br\/reforma-tributaria\/wp-json\/wp\/v2\/reforma_post"}],"about":[{"href":"https:\/\/www.contabilizei.com.br\/reforma-tributaria\/wp-json\/wp\/v2\/types\/reforma_post"}],"author":[{"embeddable":true,"href":"https:\/\/www.contabilizei.com.br\/reforma-tributaria\/wp-json\/wp\/v2\/users\/88"}],"version-history":[{"count":3,"href":"https:\/\/www.contabilizei.com.br\/reforma-tributaria\/wp-json\/wp\/v2\/reforma_post\/39276\/revisions"}],"predecessor-version":[{"id":40362,"href":"https:\/\/www.contabilizei.com.br\/reforma-tributaria\/wp-json\/wp\/v2\/reforma_post\/39276\/revisions\/40362"}],"wp:featuredmedia":[{"embeddable":true,"href":"https:\/\/www.contabilizei.com.br\/reforma-tributaria\/wp-json\/wp\/v2\/media\/37424"}],"wp:attachment":[{"href":"https:\/\/www.contabilizei.com.br\/reforma-tributaria\/wp-json\/wp\/v2\/media?parent=39276"}],"wp:term":[{"taxonomy":"reforma_post_category","embeddable":true,"href":"https:\/\/www.contabilizei.com.br\/reforma-tributaria\/wp-json\/wp\/v2\/reforma_post_category?post=39276"},{"taxonomy":"reforma_post_trail","embeddable":true,"href":"https:\/\/www.contabilizei.com.br\/reforma-tributaria\/wp-json\/wp\/v2\/reforma_post_trail?post=39276"}],"curies":[{"name":"wp","href":"https:\/\/api.w.org\/{rel}","templated":true}]}}