{"id":39274,"date":"2025-06-23T16:26:23","date_gmt":"2025-06-23T19:26:23","guid":{"rendered":"https:\/\/www.contabilizei.com.br\/contabilidade-online\/?post_type=reforma_post&#038;p=39274"},"modified":"2026-03-25T16:44:27","modified_gmt":"2026-03-25T19:44:27","slug":"o-que-e-o-iva","status":"publish","type":"reforma_post","link":"https:\/\/www.contabilizei.com.br\/reforma-tributaria\/artigo\/o-que-e-o-iva\/","title":{"rendered":"O que \u00e9 o IVA? Qual a proposta desse imposto no Brasil e como vai ser a sua implanta\u00e7\u00e3o?"},"content":{"rendered":"\n<p><strong>O IVA (Imposto sobre Valor Agregado) \u00e9 o modelo utilizado para unificar e substituir os 5 principais tributos aplicados sobre a venda de&nbsp; bens e servi\u00e7os no Brasil<\/strong>&nbsp;\u2013 esta metodologia j\u00e1 \u00e9 utilizada em mais de 170 pa\u00edses e estabelece um sistema de tributa\u00e7\u00e3o mais simplificado e transparente.&nbsp;<\/p>\n\n\n\n<p>A Emenda Constitucional (EC) 132\/2023&nbsp; tornou realidade a&nbsp;<a href=\"https:\/\/www.contabilizei.com.br\/reforma-tributaria\/\" target=\"_blank\" rel=\"noreferrer noopener\">Reforma Tribut\u00e1ria<\/a>&nbsp;no Brasil, propondo diversas mudan\u00e7as para o sistema tribut\u00e1rio brasileiro. Desta forma, a principal \u00e9 a unifica\u00e7\u00e3o de tributos, al\u00edquotas e regras fiscais para simplifica\u00e7\u00e3o na cobran\u00e7a de impostos.<\/p>\n\n\n\n<p>\u00c9 importante saber que com a&nbsp; aprova\u00e7\u00e3o do novo sistema tribut\u00e1rio haver\u00e1 mudan\u00e7as entrando em vigor nos pr\u00f3ximos anos, pois o<strong>&nbsp;efeito da Reforma n\u00e3o \u00e9 imediato<\/strong>. No entanto, esse \u00e9 o momento de planejamento e voc\u00ea precisa estar bem assessorado na gest\u00e3o de tributos para enfrentar as altera\u00e7\u00f5es no sistema vigente.&nbsp;<\/p>\n\n\n\n<p>Siga com a gente e confira como e quando isso vai acontecer.<\/p>\n\n\n\n<h2 class=\"wp-block-heading\" id=\"o-que-e-o-imposto-iva\"><strong>O que \u00e9 o imposto IVA?&nbsp;<\/strong><\/h2>\n\n\n\n<p>O&nbsp;<strong>Imposto sobre Valor Agregado \u00e9 um modelo de unifica\u00e7\u00e3o de impostos<\/strong>, que permite maior transpar\u00eancia e facilidade de tributa\u00e7\u00e3o. Com o IVA,<strong>&nbsp;cada etapa da cadeia produtiva paga o imposto referente ao valor que adicionou ao produto ou servi\u00e7o.<\/strong><\/p>\n\n\n\n<p>Ou seja, em vez de cobrar um imposto alto sobre o produto final, o IVA \u00e9 cobrado em pequenas quantias em cada fase de produ\u00e7\u00e3o e distribui\u00e7\u00e3o de bens e servi\u00e7os, desde a mat\u00e9ria prima at\u00e9 o consumidor final.<\/p>\n\n\n\n<p>\u00c9 um sistema considerado mais justo e eficiente, que busca&nbsp;<strong>simplificar a tributa\u00e7\u00e3o e evitar a cobran\u00e7a em cascata de impostos.<\/strong><\/p>\n\n\n\n<h2 class=\"wp-block-heading\" id=\"quais-impostos-serao-englobados-pelo-iva\"><strong>Quais impostos ser\u00e3o englobados pelo IVA?<\/strong><\/h2>\n\n\n\n<p><strong>Os&nbsp; tributos&nbsp; que ser\u00e3o abarcados no novo IVA s\u00e3o:<\/strong><\/p>\n\n\n\n<ul class=\"wp-block-list\">\n<li>PIS (Programa de Integra\u00e7\u00e3o Social);&nbsp;<\/li>\n\n\n\n<li>Cofins (Contribui\u00e7\u00e3o para o Financiamento da Seguridade Social);<\/li>\n\n\n\n<li>ICMS (Imposto sobre Opera\u00e7\u00f5es relativas \u00e0 Circula\u00e7\u00e3o de Mercadorias e sobre Presta\u00e7\u00f5es de Servi\u00e7os);<\/li>\n\n\n\n<li>ISS (Imposto Sobre Servi\u00e7os);<\/li>\n\n\n\n<li>IPI (Imposto sobre Produtos Industrializados), que n\u00e3o ser\u00e1 extinto mas ter\u00e1 suas al\u00edquotas zeradas, com exce\u00e7\u00e3o dos produtos iguais ou similares aos produzidos na Zona Franca de Manaus.<\/li>\n<\/ul>\n\n\n\n<h2 class=\"wp-block-heading\" id=\"o-que-e-iva-dual-qual-a-diferenca-do-iva\">O que \u00e9 IVA dual? Qual a diferen\u00e7a do IVA?<\/h2>\n\n\n\n<p>O IVA brasileiro, ao unificar diversos tributos , como o IPI, PIS, Cofins (federais), ICMS (estadual) e&nbsp; ISS (municipal), busca simplificar o sistema tribut\u00e1rio. No entanto, devido \u00e0s necessidades de manuten\u00e7\u00e3o dos entes federativos, o IVA brasileiro ser\u00e1 dual.<\/p>\n\n\n\n<p>Assim,&nbsp;<strong>o IVA ser\u00e1 dividido em dois tributos: um federal \u00fanico, substituindo os impostos e contribui\u00e7\u00f5es federais, enquanto o outro ser\u00e1 compartilhado entre estados e munic\u00edpios, garantindo a autonomia de cada ente na arrecada\u00e7\u00e3o<\/strong>.&nbsp;&nbsp;&nbsp;<\/p>\n\n\n\n<h2 class=\"wp-block-heading\" id=\"o-que-muda-com-o-iva\"><strong>O que muda com o IVA?&nbsp;<\/strong><\/h2>\n\n\n\n<h3 class=\"wp-block-heading\">1. Al\u00edquota padr\u00e3o<\/h3>\n\n\n\n<ol class=\"wp-block-list\">\n<li><\/li>\n<\/ol>\n\n\n\n<p><strong>O IVA ter\u00e1 um percentual \u00fanico, chamado de al\u00edquota padr\u00e3o, a ser aplicado na comercializa\u00e7\u00e3o de bens e servi\u00e7os,&nbsp;<\/strong>diferentemente do sistema atual, onde cada imposto e contribui\u00e7\u00e3o tem uma al\u00edquota pr\u00f3pria e espec\u00edfica. Por exemplo, o ISS que varia em cada munic\u00edpio conforme o tipo de servi\u00e7o e o ICMS que varia em cada&nbsp; estado conforme o tipo de opera\u00e7\u00e3o e de mercadorias.<\/p>\n\n\n\n<h3 class=\"wp-block-heading\">2. Transpar\u00eancia na apura\u00e7\u00e3o<\/h3>\n\n\n\n<ol start=\"2\" class=\"wp-block-list\">\n<li><\/li>\n<\/ol>\n\n\n\n<p>Al\u00e9m disso, a Lei Complementar 214\/2025 que regulamenta os novos impostos tamb\u00e9m \u00e9 unificada, trazendo mais transpar\u00eancia e seguran\u00e7a na hora de apurar e pagar o tributo.<\/p>\n\n\n\n<h3 class=\"wp-block-heading\">3. N\u00e3o cumulatividade de tributos<\/h3>\n\n\n\n<ol start=\"3\" class=\"wp-block-list\">\n<li><\/li>\n<\/ol>\n\n\n\n<p><strong>Outra diferen\u00e7a \u00e9 que cada parte da cadeia produtiva paga o imposto somente sobre o valor que agregou na sua etapa de venda, seguindo o princ\u00edpio da n\u00e3o cumulatividade<\/strong>. Ou seja, tributos n\u00e3o ser\u00e3o mais acumulados (tributados) sobre impostos.&nbsp;<\/p>\n\n\n\n<p>Por exemplo, o produtor pagar\u00e1 o IVA sobre o total do valor de venda de sua mercadoria, pois \u00e9 o primeiro elo na cadeia de comercializa\u00e7\u00e3o. Mas o atacadista, que comprou o produto e revendeu a um pre\u00e7o um pouco maior ao distribuidor, paga o imposto somente sobre o valor que adicionou na sua etapa, descontando o valor do imposto j\u00e1 pago pelo produtor. <\/p>\n\n\n\n<p>E assim por diante, nas pr\u00f3ximas etapas de comercializa\u00e7\u00e3o,&nbsp; at\u00e9 que o bem ou servi\u00e7o chegue ao consumidor final \u2013 veja o exemplo no final deste artigo.<\/p>\n\n\n\n<p>O conceito de valor agregado aqui tem justamente a ver com a cobran\u00e7a do imposto sobre o pre\u00e7o praticado \u2013 o que agrega valor a cada produto e servi\u00e7o \u00e9 justamente o que permite ao empres\u00e1rio praticar um pre\u00e7o diferente dos seus concorrentes, para mais ou para menos. E&nbsp;<strong>\u00e9 sobre a diferen\u00e7a entre o pre\u00e7o vindo da etapa anterior da cadeia e o valor final de venda do produto que o IVA vai incidir<\/strong>.&nbsp;<\/p>\n\n\n\n<p>\u00c9 por isso que defensores deste tipo de tributa\u00e7\u00e3o afirmam que ela elimina a possibilidade de bitributa\u00e7\u00e3o, uma vez que somente o valor acrescido \u00e9 tarifado a cada etapa, desconsiderando o valor dos impostos embutidos no pre\u00e7o de venda.<\/p>\n\n\n\n<h3 class=\"wp-block-heading\">4. Simplifica\u00e7\u00e3o&nbsp;<\/h3>\n\n\n\n<ol start=\"4\" class=\"wp-block-list\">\n<li><\/li>\n<\/ol>\n\n\n\n<p>Outra diferen\u00e7a \u00e9 que a lista de mercadorias e servi\u00e7os que \u00e9 tributada hoje \u00e9 longa e cada tipo de imposto conta com diferentes al\u00edquotas, regras, legisla\u00e7\u00f5es para diferentes tipos, portes e localiza\u00e7\u00e3o de empresas \u2013 e o IVA vai reunir tudo isso em um modelo \u00fanico de tributa\u00e7\u00e3o.&nbsp;<\/p>\n\n\n\n<h2 class=\"wp-block-heading\" id=\"qual-sera-a-aliquota-do-iva-no-brasil\"><strong>Qual ser\u00e1 a al\u00edquota do IVA no Brasil?&nbsp;<\/strong><\/h2>\n\n\n\n<p>Durante o ano de 2024, aconteceu&nbsp; o processo de regulamenta\u00e7\u00e3o da Reforma Tribut\u00e1ria. Assim, foi aprovado em janeiro de 2025, a Lei Complementar 214\/2025 que institui os novos tributos e traz as normas para cumprimento das&nbsp;<a href=\"https:\/\/site-stg1.ctbz.com.br\/contabilidade-online\/obrigacoes-tributarias\/\" target=\"_blank\" rel=\"noreferrer noopener\">obriga\u00e7\u00f5es tribut\u00e1rias<\/a>&nbsp;decorrentes deles.&nbsp;<\/p>\n\n\n\n<p><strong>Mesmo com a aprova\u00e7\u00e3o da Lei Complementar 214\/2025, ainda n\u00e3o \u00e9 poss\u00edvel definir uma al\u00edquota padr\u00e3o exata para o IVA, embora a estimativa fique em torno de 28%.&nbsp;<\/strong><\/p>\n\n\n\n<p>No entanto,<strong>&nbsp;a legisla\u00e7\u00e3o prev\u00ea um mecanismo para reduzir essa al\u00edquota para 26,5% a partir de 2031<\/strong>. Essa redu\u00e7\u00e3o depender\u00e1 da revis\u00e3o de benef\u00edcios fiscais, o que vai permitir uma distribui\u00e7\u00e3o mais equilibrada da carga tribut\u00e1ria. <\/p>\n\n\n\n<p>Enquanto essa revis\u00e3o n\u00e3o ocorre, os contribuintes devem se preparar para trabalhar com a&nbsp;<strong>al\u00edquota estimada de 28%, dividida em 18,7% para o IBS e 9,3% para a CBS.<\/strong><\/p>\n\n\n\n<p>Vale ressaltar que&nbsp;<strong>a al\u00edquota padr\u00e3o do IVA n\u00e3o ser\u00e1 aplicada de forma uniforme a todos os setores da economia<\/strong>. A legisla\u00e7\u00e3o prev\u00ea&nbsp;<strong>redu\u00e7\u00f5es de 60% para segmentos como sa\u00fade, educa\u00e7\u00e3o, transporte, agropecu\u00e1ria e cultura.&nbsp;<\/strong><\/p>\n\n\n\n<p>J\u00e1 para profissionais liberais regulamentados como&nbsp;<strong>advogados, arquitetos e engenheiros, a al\u00edquota deve contar com uma redu\u00e7\u00e3o de 30%<\/strong>. Al\u00e9m disso, situa\u00e7\u00f5es espec\u00edficas, como produtos da cesta b\u00e1sica e templos religiosos, ser\u00e3o contempladas com isen\u00e7\u00e3o do IVA.<\/p>\n\n\n\n<p>Para outros setores, como servi\u00e7os financeiros e bens im\u00f3veis, a legisla\u00e7\u00e3o estabeleceu regimes tribut\u00e1rios espec\u00edficos, considerando as peculiaridades de cada atividade. Essa diferencia\u00e7\u00e3o visa garantir uma aplica\u00e7\u00e3o mais ben\u00e9fica do IVA, adaptando-o \u00e0s caracter\u00edsticas de cada setor contemplado.<\/p>\n\n\n\n<p>\u00c9 importante voc\u00ea se manter informado e acompanhar os pr\u00f3ximos passos&nbsp; para implanta\u00e7\u00e3o da Reforma Tribut\u00e1ria, entendendo os impactos que ela proporciona sobre cada tipo de neg\u00f3cio, aproveitando as oportunidades que ela traz e tamb\u00e9m antecipando e minimizando qualquer impacto negativo na opera\u00e7\u00e3o da empresa. Mantenha uma boa assessoria cont\u00e1bil e o foco no crescimento do seu neg\u00f3cio.<\/p>\n\n\n\n<figure class=\"wp-block-image size-full\"><a href=\"https:\/\/www.contabilizei.com.br\/calculadora-reforma-tributaria\/\" target=\"_blank\" rel=\" noreferrer noopener\"><img loading=\"lazy\" decoding=\"async\" width=\"615\" height=\"300\" src=\"https:\/\/www.contabilizei.com.br\/reforma-tributaria\/wp-content\/uploads\/2025\/06\/KV-2-Copy-2-1.webp\" alt=\"\" class=\"wp-image-40251\" srcset=\"https:\/\/www.contabilizei.com.br\/reforma-tributaria\/wp-content\/uploads\/2025\/06\/KV-2-Copy-2-1.webp 615w, https:\/\/www.contabilizei.com.br\/reforma-tributaria\/wp-content\/uploads\/2025\/06\/KV-2-Copy-2-1-300x146.webp 300w\" sizes=\"auto, (max-width: 615px) 100vw, 615px\" \/><\/a><\/figure>\n\n\n\n<p><em>A Reforma Tribut\u00e1ria pode impactar diretamente a sua empresa, e a melhor maneira de se preparar para as mudan\u00e7as \u00e9 com conhecimento.<\/em><a href=\"https:\/\/e.contabilizei.com.br\/reforma_tributaria_newsletter\" target=\"_blank\" rel=\"noreferrer noopener\"><em>&nbsp;Assine nossa newsletter<\/em><\/a><em>&nbsp;e tenha acesso a uma curadoria com conte\u00fados exclusivos no seu e-mail.<\/em><\/p>\n\n\n\n<h2 class=\"wp-block-heading\" id=\"como-funciona-o-iva\"><strong>Como funciona o IVA?<\/strong><\/h2>\n\n\n\n<p><strong>O IVA incide sobre o valor adicionado a um produto ou servi\u00e7o em cada etapa da cadeia produtiva<\/strong>. Isso significa que cada empresa paga imposto sobre o valor que adicionou ao bem ou servi\u00e7o antes de vend\u00ea-lo.&nbsp;<\/p>\n\n\n\n<p>O&nbsp;<strong>mecanismo de cr\u00e9ditos do IVA permite que as empresas deduzam os impostos pagos em aquisi\u00e7\u00f5es anteriores de bens e servi\u00e7os<\/strong>, mitigando a carga tribut\u00e1ria final em sua opera\u00e7\u00e3o.&nbsp;<\/p>\n\n\n\n<p>No entanto,&nbsp;<strong>empresas de servi\u00e7os, por terem cadeias produtivas mais curtas e diretas, podem ser mais sens\u00edveis \u00e0s mudan\u00e7as no sistema tribut\u00e1rio<\/strong>, uma vez que o valor total do servi\u00e7o prestado \u00e9 tributado, muitas vezes sem tomar insumos ou servi\u00e7os anteriores para acumular cr\u00e9ditos.<\/p>\n\n\n\n<p>Na cadeia de comercializa\u00e7\u00e3o de mercadorias, por exemplo, \u00e9 mais simples saber qual valor foi agregado a cada etapa (mat\u00e9ria-prima, produ\u00e7\u00e3o, distribui\u00e7\u00e3o): a ind\u00fastria entrega com um valor, o atacadista entrega com outro, e o varejista comercializa com seu pre\u00e7o final. <\/p>\n\n\n\n<p>Na cadeia de servi\u00e7os, o valor agregado \u00e9 muitas vezes intang\u00edvel e mais dif\u00edcil de quantificar \u2013 e o servi\u00e7o prestado sofre a tributa\u00e7\u00e3o integral sem considerar as etapas intermedi\u00e1rias.<\/p>\n\n\n\n<h2 class=\"wp-block-heading\" id=\"como-calcular-o-valor-do-iva\"><strong>Como calcular o valor do IVA?<\/strong><\/h2>\n\n\n\n<p>Conforme comentamos, o valor do imposto \u00e9 aplicado sobre o valor agregado em cada etapa da cadeia. Isso fica mais claro quando falamos de bens e produtos, j\u00e1 que a cadeia \u00e9 mais definida.<\/p>\n\n\n\n<p>Por exemplo, digamos que o consumidor final adquira uma pe\u00e7a de roupa pelo valor de R$100,00. Com um IVA 28%, R$ 28,00 seriam o correspondente ao imposto do produto.<\/p>\n\n\n\n<p>Dividindo este valor entre as etapas envolvidas em fazer a pe\u00e7a de roupa chegar at\u00e9 o consumidor, poder\u00edamos colocar desta forma:<\/p>\n\n\n\n<figure class=\"wp-block-table\"><table><tbody><tr><td><strong>Etapa<\/strong><\/td><td><strong>Pre\u00e7o de Venda<\/strong><\/td><td><strong>Valor Agregado<\/strong><\/td><td><strong>IVA (28%)<\/strong><\/td><\/tr><tr><td>F\u00e1brica de roupas<\/td><td>R$50,00<\/td><td>R$50,00<\/td><td>R$14,00<\/td><\/tr><tr><td>Atacadista<\/td><td>R$75,00<\/td><td>R$25,00<\/td><td>R$7,00<\/td><\/tr><tr><td>Varejista<\/td><td>R$ 100,00<\/td><td>R$25,00<\/td><td>R$7,00<\/td><\/tr><tr><td>IVA Total<\/td><td>R$ 28,00<\/td><td><\/td><td><\/td><\/tr><\/tbody><\/table><\/figure>\n\n\n\n<p>Em cada etapa, o produto seria tributado pela diferen\u00e7a entre o valor pelo qual foi adquirido e o valor de venda. Veja o exemplo de c\u00e1lculo de valor agregado abaixo:<\/p>\n\n\n\n<p>valor de venda \u2013 valor de compra = valor agregado<\/p>\n\n\n\n<p>Exemplo: R$ 100,00 \u2013 R$75,00 = R$ 25,00<\/p>\n\n\n\n<p>IVA = valor agregado x 28%<\/p>\n\n\n\n<p>Exemplo: R$ 25,00 x 28% = R$ 7,00<\/p>\n\n\n\n<h2 class=\"wp-block-heading\" id=\"como-os-novos-tributos-serao-pagos\"><strong>Como os novos tributos ser\u00e3o pagos?<\/strong><\/h2>\n\n\n\n<p>Com a implanta\u00e7\u00e3o da Reforma Tribut\u00e1ria,&nbsp;<strong>os novos tributos ser\u00e3o recolhidos&nbsp; atrav\u00e9s de um mecanismo de pagamento chamado \u201csplit payment\u201d<\/strong>, que aliado \u00e0 Reforma, tem&nbsp; objetivo de simplificar e tornar mais eficiente o recolhimento do IVA.&nbsp;<\/p>\n\n\n\n<p>Esse sistema funciona da seguinte maneira<strong>: quando realizar uma compra ou contratar um servi\u00e7o, o valor correspondente aos impostos \u00e9 automaticamente separado e direcionado diretamente para o governo<\/strong>,&nbsp;<strong>sem passar pelo caixa da empresa&nbsp;<\/strong>vendedora ou prestadora de servi\u00e7o. <\/p>\n\n\n\n<p>Isso significa que a empresa recebe apenas o valor l\u00edquido da opera\u00e7\u00e3o, enquanto os tributos s\u00e3o recolhidos de forma imediata e transparente.<\/p>\n\n\n\n<p>Esse modelo tem o objetivo de reduzir a sonega\u00e7\u00e3o fiscal e simplificar a arrecada\u00e7\u00e3o, uma vez que elimina etapas intermedi\u00e1rias no processo de pagamento de impostos. Este sistema est\u00e1 sendo desenvolvido pelos \u00f3rg\u00e3os competentes e ser\u00e1 aplicado imediatamente durante o per\u00edodo de transi\u00e7\u00e3o para novo sistema tribut\u00e1rio.&nbsp;<\/p>\n\n\n\n<figure class=\"wp-block-image\"><img loading=\"lazy\" decoding=\"async\" width=\"1280\" height=\"854\" src=\"https:\/\/www.contabilizei.com.br\/reforma-tributaria\/wp-content\/uploads\/2025\/06\/image.jpeg\" alt=\"iva-imposto-computadores\" class=\"wp-image-39275\" srcset=\"https:\/\/www.contabilizei.com.br\/reforma-tributaria\/wp-content\/uploads\/2025\/06\/image.jpeg 1280w, https:\/\/www.contabilizei.com.br\/reforma-tributaria\/wp-content\/uploads\/2025\/06\/image-300x200.jpeg 300w, https:\/\/www.contabilizei.com.br\/reforma-tributaria\/wp-content\/uploads\/2025\/06\/image-555x370.jpeg 555w, https:\/\/www.contabilizei.com.br\/reforma-tributaria\/wp-content\/uploads\/2025\/06\/image-768x512.jpeg 768w, https:\/\/www.contabilizei.com.br\/reforma-tributaria\/wp-content\/uploads\/2025\/06\/image-150x100.jpeg 150w\" sizes=\"auto, (max-width: 1280px) 100vw, 1280px\" \/><\/figure>\n\n\n\n<h2 class=\"wp-block-heading\" id=\"quem-tem-que-pagar-o-iva\"><strong>Quem tem que pagar o IVA?<\/strong><\/h2>\n\n\n\n<p><strong>O IVA ser\u00e1 pago efetivamente por todas as empresas que comercializam mercadorias e\/ou servi\u00e7os no Brasil.<\/strong>&nbsp;Em uma cadeia de comercializa\u00e7\u00e3o de um produto que nasce em uma f\u00e1brica, passa por distribuidores, atacadistas, varejistas at\u00e9 antes de chegar ao consumidor final, todos ter\u00e3o a sua parcela de imposto a calcular e pagar, como mostramos no exemplo acima.<\/p>\n\n\n\n<p>Indiretamente, a despesa com o valor dos impostos \u00e9 embutida no valor do produto ou servi\u00e7o vendido ao consumidor, que \u00e9 quem vai continuar arcando com o valor do imposto, mas n\u00e3o \u00e9 quem vai realizar o recolhimento direto aos cofres p\u00fablicos.<\/p>\n\n\n\n<p>Para empresas prestadoras de servi\u00e7os, o processo \u00e9 o mesmo, a diferen\u00e7a \u00e9 que na maioria dos casos, em especial as micro e pequenas empresas, n\u00e3o h\u00e1 uma longa cadeia de circula\u00e7\u00e3o das atividades, geralmente \u00e9 direta entre o prestador e o tomador, que no caso \u00e9 o consumidor final.<\/p>\n\n\n\n<p>Quer saber como a&nbsp;<a href=\"https:\/\/www.contabilizei.com.br\/contabilizei-responde\/impostos-reforma-tributaria\/\" target=\"_blank\" rel=\"noreferrer noopener\">Reforma Tribut\u00e1ria afeta seus impostos<\/a>? Veja aqui.<\/p>\n\n\n\n<h2 class=\"wp-block-heading\" id=\"quando-o-iva-comeca-a-valer\"><strong>Quando o IVA come\u00e7a a valer?&nbsp;<\/strong><\/h2>\n\n\n\n<p>Com a aprova\u00e7\u00e3o da Reforma Tribut\u00e1ria em 2023, o per\u00edodo de 2024 e 2025 \u00e9 de regulamenta\u00e7\u00e3o e adapta\u00e7\u00e3o. Estes anos ser\u00e3o marcados por intensas discuss\u00f5es, edi\u00e7\u00f5es e publica\u00e7\u00f5es de leis complementares, delineando os fundamentos do novo sistema tribut\u00e1rio.&nbsp;<\/p>\n\n\n\n<p>Contudo,&nbsp;<strong>os efeitos tang\u00edveis dessa Reforma s\u00f3 come\u00e7ar\u00e3o a se manifestar a partir de 2026 para empresas enquadradas no regime de tributa\u00e7\u00e3o do Lucro Presumido e Lucro Real, e a partir de 2027,&nbsp; para empresas do Simples Nacional<\/strong>.&nbsp;<\/p>\n\n\n\n<p>Vale ressaltar que a transi\u00e7\u00e3o para o modelo de tributa\u00e7\u00e3o utilizando o IVA Dual sobre consumo ser\u00e1 um processo gradual e prolongado. Assim, a carga tribut\u00e1ria dos tributos atuais ser\u00e1 reduzida e complementada com uma parcela da al\u00edquota padr\u00e3o da&nbsp;<a href=\"https:\/\/site-stg1.ctbz.com.br\/contabilidade-online\/cbs-imposto\/\" target=\"_blank\" rel=\"noreferrer noopener\">CBS<\/a>&nbsp;e IBS, at\u00e9 a consolida\u00e7\u00e3o plena do novo sistema tribut\u00e1rio programada para 2033.&nbsp;<\/p>\n\n\n\n<p><strong>Durante um per\u00edodo de sete anos, de 2026 a 2032, testemunharemos a coexist\u00eancia de dois sistemas tribut\u00e1rios distintos: o atual e o rec\u00e9m-implantado<\/strong>.<\/p>\n\n\n\n<p>Durante essa fase de transi\u00e7\u00e3o, a contabilidade enfrentar\u00e1 o desafio de operar com base em dois conjuntos de regras tribut\u00e1rias, realizando c\u00e1lculos e declara\u00e7\u00f5es de impostos conforme as normativas vigentes. <\/p>\n\n\n\n<p>Isso representa um cen\u00e1rio tempor\u00e1rio de dualidade tribut\u00e1ria, demandando uma adapta\u00e7\u00e3o cuidadosa por parte das empresas e profissionais cont\u00e1beis.<\/p>\n\n\n\n<figure class=\"wp-block-embed is-type-video is-provider-youtube wp-block-embed-youtube wp-embed-aspect-16-9 wp-has-aspect-ratio\"><div class=\"wp-block-embed__wrapper\">\n<iframe loading=\"lazy\" title=\"Como a Reforma Tribut\u00e1ria vai mudar a vida das micro e pequenas empresas?\" width=\"640\" height=\"360\" src=\"https:\/\/www.youtube.com\/embed\/uRqwfNMpgY4?feature=oembed\" frameborder=\"0\" allow=\"accelerometer; autoplay; clipboard-write; encrypted-media; gyroscope; picture-in-picture; web-share\" referrerpolicy=\"strict-origin-when-cross-origin\" allowfullscreen><\/iframe>\n<\/div><\/figure>\n\n\n\n<h2 class=\"wp-block-heading\" id=\"conte-com-a-contabilizei\">Conte com a Contabilizei<\/h2>\n\n\n\n<p>Como o maior escrit\u00f3rio de contabilidade do Brasil, a Contabilizei est\u00e1 acompanhando cada detalhe neste per\u00edodo de transi\u00e7\u00e3o de sistema tribut\u00e1rio, analisando e avaliando todas as oportunidades e impactos aos nossos clientes, para que seja poss\u00edvel garantir a regularidade de suas opera\u00e7\u00f5es fiscais e a atua\u00e7\u00e3o no cen\u00e1rio mais vantajoso poss\u00edvel.<a href=\"https:\/\/www.contabilizei.com.br\/\" target=\"_blank\" rel=\"noreferrer noopener\">&nbsp;Fale com um de nossos especialistas<\/a>&nbsp;e saiba como podemos te ajudar.&nbsp;<\/p>\n\n\n\n<p><\/p>\n","protected":false},"excerpt":{"rendered":"<p>O IVA (Imposto sobre Valor Agregado) \u00e9 o modelo utilizado para unificar e substituir os 5 principais tributos aplicados sobre&#8230;<\/p>\n","protected":false},"author":88,"featured_media":39148,"template":"","reforma_post_category":[352],"reforma_post_trail":[362],"class_list":{"0":"post-39274","1":"reforma_post","2":"type-reforma_post","3":"status-publish","4":"has-post-thumbnail","6":"reforma_post_category-perguntas-e-respostas","7":"reforma_post_trail-entendendo-novos-impostos"},"yoast_head":"<!-- This site is optimized with the Yoast SEO plugin v27.5 - https:\/\/yoast.com\/product\/yoast-seo-wordpress\/ -->\n<title>O que \u00e9 o IVA? Qual a proposta desse imposto no Brasil e como vai ser a sua implanta\u00e7\u00e3o? | Blog da Contabilizei<\/title>\n<meta name=\"description\" content=\"Saiba o que \u00e9 IVA, Imposto sobre Valor Agregado, novo modelo de imposto adotado pela Reforma Tribut\u00e1ria e que vai mudar o dia a dia das empresas.\" \/>\n<meta name=\"robots\" content=\"index, follow\" \/>\n<link rel=\"canonical\" href=\"https:\/\/www.contabilizei.com.br\/reforma-tributaria\/artigo\/o-que-e-o-iva\/\" \/>\n<meta property=\"og:locale\" content=\"pt_BR\" \/>\n<meta property=\"og:type\" content=\"article\" \/>\n<meta property=\"og:title\" content=\"O que \u00e9 o IVA? Qual a proposta desse imposto no Brasil e como vai ser a sua implanta\u00e7\u00e3o? | Blog da Contabilizei\" \/>\n<meta property=\"og:description\" content=\"Saiba o que \u00e9 IVA, Imposto sobre Valor Agregado, novo modelo de imposto adotado pela Reforma Tribut\u00e1ria e que vai mudar o dia a dia das empresas.\" \/>\n<meta property=\"og:url\" content=\"https:\/\/www.contabilizei.com.br\/reforma-tributaria\/artigo\/o-que-e-o-iva\/\" \/>\n<meta property=\"og:site_name\" content=\"Blog da Contabilizei\" \/>\n<meta property=\"article:publisher\" content=\"https:\/\/www.facebook.com\/Contabilizei\/\" \/>\n<meta property=\"article:modified_time\" content=\"2026-03-25T19:44:27+00:00\" \/>\n<meta property=\"og:image\" content=\"https:\/\/www.contabilizei.com.br\/reforma-tributaria\/wp-content\/uploads\/2018\/05\/contrato-social-do-CNPJ.webp\" \/>\n\t<meta property=\"og:image:width\" content=\"1200\" \/>\n\t<meta property=\"og:image:height\" content=\"750\" \/>\n\t<meta property=\"og:image:type\" content=\"image\/webp\" \/>\n<meta name=\"twitter:card\" content=\"summary_large_image\" \/>\n<meta name=\"twitter:site\" content=\"@contabilizei\" \/>\n<meta name=\"twitter:label1\" content=\"Est. tempo de leitura\" \/>\n\t<meta name=\"twitter:data1\" content=\"13 minutos\" \/>\n<!-- \/ Yoast SEO plugin. -->","yoast_head_json":{"title":"O que \u00e9 o IVA? Qual a proposta desse imposto no Brasil e como vai ser a sua implanta\u00e7\u00e3o? | Blog da Contabilizei","description":"Saiba o que \u00e9 IVA, Imposto sobre Valor Agregado, novo modelo de imposto adotado pela Reforma Tribut\u00e1ria e que vai mudar o dia a dia das empresas.","robots":{"index":"index","follow":"follow"},"canonical":"https:\/\/www.contabilizei.com.br\/reforma-tributaria\/artigo\/o-que-e-o-iva\/","og_locale":"pt_BR","og_type":"article","og_title":"O que \u00e9 o IVA? Qual a proposta desse imposto no Brasil e como vai ser a sua implanta\u00e7\u00e3o? | Blog da Contabilizei","og_description":"Saiba o que \u00e9 IVA, Imposto sobre Valor Agregado, novo modelo de imposto adotado pela Reforma Tribut\u00e1ria e que vai mudar o dia a dia das empresas.","og_url":"https:\/\/www.contabilizei.com.br\/reforma-tributaria\/artigo\/o-que-e-o-iva\/","og_site_name":"Blog da Contabilizei","article_publisher":"https:\/\/www.facebook.com\/Contabilizei\/","article_modified_time":"2026-03-25T19:44:27+00:00","og_image":[{"width":1200,"height":750,"url":"https:\/\/www.contabilizei.com.br\/reforma-tributaria\/wp-content\/uploads\/2018\/05\/contrato-social-do-CNPJ.webp","type":"image\/webp"}],"twitter_card":"summary_large_image","twitter_site":"@contabilizei","twitter_misc":{"Est. tempo de leitura":"13 minutos"},"schema":{"@context":"https:\/\/schema.org","@graph":[{"@type":"WebPage","@id":"https:\/\/www.contabilizei.com.br\/reforma-tributaria\/artigo\/o-que-e-o-iva\/","url":"https:\/\/www.contabilizei.com.br\/reforma-tributaria\/artigo\/o-que-e-o-iva\/","name":"O que \u00e9 o IVA? Qual a proposta desse imposto no Brasil e como vai ser a sua implanta\u00e7\u00e3o? | Blog da Contabilizei","isPartOf":{"@id":"https:\/\/www.contabilizei.com.br\/reforma-tributaria\/#website"},"primaryImageOfPage":{"@id":"https:\/\/www.contabilizei.com.br\/reforma-tributaria\/artigo\/o-que-e-o-iva\/#primaryimage"},"image":{"@id":"https:\/\/www.contabilizei.com.br\/reforma-tributaria\/artigo\/o-que-e-o-iva\/#primaryimage"},"thumbnailUrl":"https:\/\/www.contabilizei.com.br\/reforma-tributaria\/wp-content\/uploads\/2018\/05\/contrato-social-do-CNPJ.webp","datePublished":"2025-06-23T19:26:23+00:00","dateModified":"2026-03-25T19:44:27+00:00","description":"Saiba o que \u00e9 IVA, Imposto sobre Valor Agregado, novo modelo de imposto adotado pela Reforma Tribut\u00e1ria e que vai mudar o dia a dia das empresas.","breadcrumb":{"@id":"https:\/\/www.contabilizei.com.br\/reforma-tributaria\/artigo\/o-que-e-o-iva\/#breadcrumb"},"inLanguage":"pt-BR","potentialAction":[{"@type":"ReadAction","target":["https:\/\/www.contabilizei.com.br\/reforma-tributaria\/artigo\/o-que-e-o-iva\/"]}]},{"@type":"ImageObject","inLanguage":"pt-BR","@id":"https:\/\/www.contabilizei.com.br\/reforma-tributaria\/artigo\/o-que-e-o-iva\/#primaryimage","url":"https:\/\/www.contabilizei.com.br\/reforma-tributaria\/wp-content\/uploads\/2018\/05\/contrato-social-do-CNPJ.webp","contentUrl":"https:\/\/www.contabilizei.com.br\/reforma-tributaria\/wp-content\/uploads\/2018\/05\/contrato-social-do-CNPJ.webp","width":1200,"height":750},{"@type":"BreadcrumbList","@id":"https:\/\/www.contabilizei.com.br\/reforma-tributaria\/artigo\/o-que-e-o-iva\/#breadcrumb","itemListElement":[{"@type":"ListItem","position":1,"name":"Home","item":"https:\/\/www.contabilizei.com.br\/reforma-tributaria\/"},{"@type":"ListItem","position":2,"name":"Posts - Reforma Tribut\u00e1ria","item":"https:\/\/www.contabilizei.com.br\/reforma-tributaria\/artigo\/"},{"@type":"ListItem","position":3,"name":"O que \u00e9 o IVA? Qual a proposta desse imposto no Brasil e como vai ser a sua implanta\u00e7\u00e3o?"}]},{"@type":"WebSite","@id":"https:\/\/www.contabilizei.com.br\/reforma-tributaria\/#website","url":"https:\/\/www.contabilizei.com.br\/reforma-tributaria\/","name":"Hub da Reforma tribut\u00e1ria","description":"Apoiando o empreendedorismo desde 2013","potentialAction":[{"@type":"SearchAction","target":{"@type":"EntryPoint","urlTemplate":"https:\/\/www.contabilizei.com.br\/reforma-tributaria\/?s={search_term_string}"},"query-input":{"@type":"PropertyValueSpecification","valueRequired":true,"valueName":"search_term_string"}}],"inLanguage":"pt-BR"}]}},"_links":{"self":[{"href":"https:\/\/www.contabilizei.com.br\/reforma-tributaria\/wp-json\/wp\/v2\/reforma_post\/39274","targetHints":{"allow":["GET"]}}],"collection":[{"href":"https:\/\/www.contabilizei.com.br\/reforma-tributaria\/wp-json\/wp\/v2\/reforma_post"}],"about":[{"href":"https:\/\/www.contabilizei.com.br\/reforma-tributaria\/wp-json\/wp\/v2\/types\/reforma_post"}],"author":[{"embeddable":true,"href":"https:\/\/www.contabilizei.com.br\/reforma-tributaria\/wp-json\/wp\/v2\/users\/88"}],"version-history":[{"count":3,"href":"https:\/\/www.contabilizei.com.br\/reforma-tributaria\/wp-json\/wp\/v2\/reforma_post\/39274\/revisions"}],"predecessor-version":[{"id":40360,"href":"https:\/\/www.contabilizei.com.br\/reforma-tributaria\/wp-json\/wp\/v2\/reforma_post\/39274\/revisions\/40360"}],"wp:featuredmedia":[{"embeddable":true,"href":"https:\/\/www.contabilizei.com.br\/reforma-tributaria\/wp-json\/wp\/v2\/media\/39148"}],"wp:attachment":[{"href":"https:\/\/www.contabilizei.com.br\/reforma-tributaria\/wp-json\/wp\/v2\/media?parent=39274"}],"wp:term":[{"taxonomy":"reforma_post_category","embeddable":true,"href":"https:\/\/www.contabilizei.com.br\/reforma-tributaria\/wp-json\/wp\/v2\/reforma_post_category?post=39274"},{"taxonomy":"reforma_post_trail","embeddable":true,"href":"https:\/\/www.contabilizei.com.br\/reforma-tributaria\/wp-json\/wp\/v2\/reforma_post_trail?post=39274"}],"curies":[{"name":"wp","href":"https:\/\/api.w.org\/{rel}","templated":true}]}}