{"id":39273,"date":"2025-06-23T16:21:28","date_gmt":"2025-06-23T19:21:28","guid":{"rendered":"https:\/\/www.contabilizei.com.br\/contabilidade-online\/?post_type=reforma_post&#038;p=39273"},"modified":"2026-03-25T16:34:26","modified_gmt":"2026-03-25T19:34:26","slug":"reforma-tributaria-aliquota-base","status":"publish","type":"reforma_post","link":"https:\/\/www.contabilizei.com.br\/reforma-tributaria\/artigo\/reforma-tributaria-aliquota-base\/","title":{"rendered":"Reforma tribut\u00e1ria: qual a al\u00edquota base?"},"content":{"rendered":"\n<p><strong>Os principais tributos sobre o consumo ser\u00e3o unificados em um novo, chamado Imposto sobre Valor Agregado (IVA), com al\u00edquota padr\u00e3o ainda a ser definida, mas estimada em torno de 28%.<\/strong><\/p>\n\n\n\n<p>O&nbsp;<strong>IVA \u00e9 um imposto n\u00e3o cumulativo, o que significa que ele \u00e9 cobrado apenas sobre o valor que \u00e9 agregado em cada etapa da cadeia produtiva<\/strong>, sem que haja ac\u00famulo de impostos sobre impostos. Isso traz mais transpar\u00eancia sobre quanto realmente se est\u00e1 pagando de tributos em cada produto ou servi\u00e7o consumido pelas empresas e pessoas f\u00edsicas.&nbsp;<\/p>\n\n\n\n<p>Para lidar com as diferentes necessidades dos governos federal, estaduais e municipais, no Brasil foi criado um&nbsp;<strong>IVA Dual<\/strong>. Ou seja, ele introduz dois novos tributos:&nbsp;<strong>o IBS (Imposto sobre Bens e Servi\u00e7os), que substituir\u00e1 o ICMS e o ISS em n\u00edvel estadual e municipal, e a CBS (Contribui\u00e7\u00e3o sobre Bens e Servi\u00e7os), que substituir\u00e1 PIS e COFINS em n\u00edvel federal.<\/strong><\/p>\n\n\n\n<p>J\u00e1 o<strong>&nbsp;IPI (Imposto sobre Produtos Industrializados), que tamb\u00e9m \u00e9 um imposto federal, n\u00e3o ser\u00e1 extinto mas ter\u00e1 sua al\u00edquota zerada, exceto para produtos iguais ou similares produzidos na Zona Franca de Manau<\/strong>s, visando manter o beneficiamento fiscal nesta regi\u00e3o.&nbsp;<\/p>\n\n\n\n<figure class=\"wp-block-image size-full\"><a href=\"https:\/\/www.contabilizei.com.br\/calculadora-reforma-tributaria\/\" target=\"_blank\" rel=\" noreferrer noopener\"><img loading=\"lazy\" decoding=\"async\" width=\"615\" height=\"300\" src=\"https:\/\/www.contabilizei.com.br\/reforma-tributaria\/wp-content\/uploads\/2025\/06\/KV-2-Copy-1-3.webp\" alt=\"\" class=\"wp-image-40248\" srcset=\"https:\/\/www.contabilizei.com.br\/reforma-tributaria\/wp-content\/uploads\/2025\/06\/KV-2-Copy-1-3.webp 615w, https:\/\/www.contabilizei.com.br\/reforma-tributaria\/wp-content\/uploads\/2025\/06\/KV-2-Copy-1-3-300x146.webp 300w\" sizes=\"auto, (max-width: 615px) 100vw, 615px\" \/><\/a><\/figure>\n\n\n\n<p>Outra inova\u00e7\u00e3o trazida pela Reforma Tribut\u00e1ria \u00e9 o&nbsp;<strong>Imposto Seletivo (IS<\/strong>). De \u00e2mbito federal, o IS tem como<strong>&nbsp;objetivo desestimular o consumo de bens e servi\u00e7os prejudiciais \u00e0 sa\u00fade e ao meio ambiente<\/strong>. A&nbsp;<a href=\"https:\/\/www.planalto.gov.br\/ccivil_03\/leis\/lcp\/lcp214.htm\" target=\"_blank\" rel=\"noreferrer noopener\">Lei Complementar 214\/2025<\/a>&nbsp;prev\u00ea os bens e servi\u00e7os sujeitos ao IS, que ter\u00e3o al\u00edquotas distintas, ainda a serem definidas em lei.<\/p>\n\n\n\n<p>A Lei Complementar 214\/2025 que institui e regulamenta os novos tributos, visa travar a al\u00edquota geral em 26,5%. No entanto, para que isso seja poss\u00edvel ser\u00e1 necess\u00e1ria uma s\u00e9rie de adapta\u00e7\u00f5es no texto da Lei, para retrabalhar exce\u00e7\u00f5es de beneficiamento fiscal para determinadas atividades e setores econ\u00f4micos, para que atinja o limite estabelecido. A expectativa \u00e9 de que essa adequa\u00e7\u00e3o aconte\u00e7a at\u00e9 2031, conforme previsto na lei. Por enquanto,&nbsp;<strong>&nbsp;a al\u00edquota geral do IVA estimada \u00e9 de 28%, dividindo-se em 18,70% de IBS e 9,30% de CBS<\/strong>.&nbsp;<\/p>\n\n\n\n<p><strong>A Lei prev\u00ea que a al\u00edquota geral seja reduzida em 60% para alguns setores, como sa\u00fade, educa\u00e7\u00e3o, transporte, produtos agropecu\u00e1rios e cultura<\/strong>. J\u00e1 os&nbsp;<strong>profissionais liberais, como arquitetos, engenheiros e advogados ter\u00e3o uma al\u00edquota intermedi\u00e1ria reduzida em 30%<\/strong>, e haver\u00e1 isen\u00e7\u00e3o de tributos para produtos e institui\u00e7\u00f5es como os da cesta b\u00e1sica e templos religiosos.<\/p>\n\n\n\n<p>Importante ressaltar que a Reforma Tribut\u00e1ria, ao implementar um IVA amplo, mais simplificado e harmonioso, busca alcan\u00e7ar a meta de tornar o sistema tribut\u00e1rio descomplicado, reduzir a burocracia e garantir uma distribui\u00e7\u00e3o mais justa e eficiente da carga fiscal para todos os contribuintes e para o pa\u00eds.<\/p>\n\n\n\n<p>E, inclusive, tal conquista j\u00e1 foi realizada e muito se assemelha com a cria\u00e7\u00e3o da sistem\u00e1tica do Simples Nacional, que trouxe mais simplicidade&nbsp; \u00e0s normas federais, estaduais e municipais, unificando os tributos em um \u00fanico recolhimento via DAS, ou seja, sendo pioneira na Arrecada\u00e7\u00e3o Unificada.<\/p>\n\n\n\n<figure class=\"wp-block-embed is-type-video is-provider-youtube wp-block-embed-youtube wp-embed-aspect-16-9 wp-has-aspect-ratio\"><div class=\"wp-block-embed__wrapper\">\n<iframe loading=\"lazy\" title=\"Principais pontos sobre Reforma Tribut\u00e1ria que o micro e pequeno empreendedor precisa saber\" width=\"640\" height=\"360\" src=\"https:\/\/www.youtube.com\/embed\/Mz1loBVFzpM?feature=oembed\" frameborder=\"0\" allow=\"accelerometer; autoplay; clipboard-write; encrypted-media; gyroscope; picture-in-picture; web-share\" referrerpolicy=\"strict-origin-when-cross-origin\" allowfullscreen><\/iframe>\n<\/div><\/figure>\n\n\n\n<h2 class=\"wp-block-heading\" class=\"wp-block-heading\" id=\"conte-com-a-contabilizei\">Conte com a Contabilizei<\/h2>\n\n\n\n<p>A&nbsp;<a href=\"https:\/\/www.contabilizei.com.br\/\" target=\"_blank\" rel=\"noreferrer noopener\">Contabilizei<\/a>&nbsp;est\u00e1 preparada para auxiliar sua transi\u00e7\u00e3o para o novo sistema tribut\u00e1rio. Combinando tecnologia de ponta e expertise tribut\u00e1ria, buscamos simplificar a jornada do empreendedor neste momento de mudan\u00e7a, garantindo regularidade fiscal e uma tributa\u00e7\u00e3o mais vantajosa. Junte-se aos mais de 70 mil empreendedores que confiam na Contabilizei e leve sua empresa para um futuro mais seguro e eficiente.<\/p>\n\n\n\n<p>A Reforma Tribut\u00e1ria pode impactar diretamente a sua empresa, e a melhor maneira de se preparar para as mudan\u00e7as \u00e9 com conhecimento.<a href=\"https:\/\/e.contabilizei.com.br\/reforma_tributaria_newsletter\" target=\"_blank\" rel=\"noreferrer noopener\">&nbsp;Assine nossa newsletter<\/a>&nbsp;e tenha acesso a uma curadoria com conte\u00fados exclusivos no seu e-mail.<\/p>\n","protected":false},"excerpt":{"rendered":"<p>Os principais tributos sobre o consumo ser\u00e3o unificados em um novo, chamado Imposto sobre Valor Agregado (IVA), com al\u00edquota padr\u00e3o&#8230;<\/p>\n","protected":false},"author":88,"featured_media":35707,"template":"","reforma_post_category":[352],"reforma_post_trail":[361],"class_list":{"0":"post-39273","1":"reforma_post","2":"type-reforma_post","3":"status-publish","4":"has-post-thumbnail","6":"reforma_post_category-perguntas-e-respostas","7":"reforma_post_trail-o-que-e-reforma-tributaria"},"yoast_head":"<!-- This site is optimized with the Yoast SEO plugin v27.5 - https:\/\/yoast.com\/product\/yoast-seo-wordpress\/ -->\n<title>Reforma tribut\u00e1ria: qual a al\u00edquota base? | Blog da Contabilizei<\/title>\n<meta name=\"description\" content=\"Entenda como vai funcionar a al\u00edquota base para a Reforma tribut\u00e1ria aprovada e prepare seu CNPJ para as mudan\u00e7as.\" \/>\n<meta name=\"robots\" content=\"index, follow\" \/>\n<link rel=\"canonical\" href=\"https:\/\/www.contabilizei.com.br\/reforma-tributaria\/artigo\/reforma-tributaria-aliquota-base\/\" \/>\n<meta property=\"og:locale\" content=\"pt_BR\" \/>\n<meta property=\"og:type\" content=\"article\" \/>\n<meta property=\"og:title\" content=\"Reforma tribut\u00e1ria: qual a al\u00edquota base? | Blog da Contabilizei\" \/>\n<meta property=\"og:description\" content=\"Entenda como vai funcionar a al\u00edquota base para a Reforma tribut\u00e1ria aprovada e prepare seu CNPJ para as mudan\u00e7as.\" \/>\n<meta property=\"og:url\" content=\"https:\/\/www.contabilizei.com.br\/reforma-tributaria\/artigo\/reforma-tributaria-aliquota-base\/\" \/>\n<meta property=\"og:site_name\" content=\"Blog da Contabilizei\" \/>\n<meta property=\"article:publisher\" content=\"https:\/\/www.facebook.com\/Contabilizei\/\" \/>\n<meta property=\"article:modified_time\" content=\"2026-03-25T19:34:26+00:00\" \/>\n<meta property=\"og:image\" content=\"https:\/\/www.contabilizei.com.br\/reforma-tributaria\/wp-content\/uploads\/2023\/08\/6.png\" \/>\n\t<meta property=\"og:image:width\" content=\"1270\" \/>\n\t<meta property=\"og:image:height\" content=\"720\" \/>\n\t<meta property=\"og:image:type\" content=\"image\/png\" \/>\n<meta name=\"twitter:card\" content=\"summary_large_image\" \/>\n<meta name=\"twitter:site\" content=\"@contabilizei\" \/>\n<meta name=\"twitter:label1\" content=\"Est. tempo de leitura\" \/>\n\t<meta name=\"twitter:data1\" content=\"4 minutos\" \/>\n<!-- \/ Yoast SEO plugin. -->","yoast_head_json":{"title":"Reforma tribut\u00e1ria: qual a al\u00edquota base? | Blog da Contabilizei","description":"Entenda como vai funcionar a al\u00edquota base para a Reforma tribut\u00e1ria aprovada e prepare seu CNPJ para as mudan\u00e7as.","robots":{"index":"index","follow":"follow"},"canonical":"https:\/\/www.contabilizei.com.br\/reforma-tributaria\/artigo\/reforma-tributaria-aliquota-base\/","og_locale":"pt_BR","og_type":"article","og_title":"Reforma tribut\u00e1ria: qual a al\u00edquota base? | Blog da Contabilizei","og_description":"Entenda como vai funcionar a al\u00edquota base para a Reforma tribut\u00e1ria aprovada e prepare seu CNPJ para as mudan\u00e7as.","og_url":"https:\/\/www.contabilizei.com.br\/reforma-tributaria\/artigo\/reforma-tributaria-aliquota-base\/","og_site_name":"Blog da Contabilizei","article_publisher":"https:\/\/www.facebook.com\/Contabilizei\/","article_modified_time":"2026-03-25T19:34:26+00:00","og_image":[{"width":1270,"height":720,"url":"https:\/\/www.contabilizei.com.br\/reforma-tributaria\/wp-content\/uploads\/2023\/08\/6.png","type":"image\/png"}],"twitter_card":"summary_large_image","twitter_site":"@contabilizei","twitter_misc":{"Est. tempo de leitura":"4 minutos"},"schema":{"@context":"https:\/\/schema.org","@graph":[{"@type":"WebPage","@id":"https:\/\/www.contabilizei.com.br\/reforma-tributaria\/artigo\/reforma-tributaria-aliquota-base\/","url":"https:\/\/www.contabilizei.com.br\/reforma-tributaria\/artigo\/reforma-tributaria-aliquota-base\/","name":"Reforma tribut\u00e1ria: qual a al\u00edquota base? | Blog da Contabilizei","isPartOf":{"@id":"https:\/\/www.contabilizei.com.br\/reforma-tributaria\/#website"},"primaryImageOfPage":{"@id":"https:\/\/www.contabilizei.com.br\/reforma-tributaria\/artigo\/reforma-tributaria-aliquota-base\/#primaryimage"},"image":{"@id":"https:\/\/www.contabilizei.com.br\/reforma-tributaria\/artigo\/reforma-tributaria-aliquota-base\/#primaryimage"},"thumbnailUrl":"https:\/\/www.contabilizei.com.br\/reforma-tributaria\/wp-content\/uploads\/2023\/08\/6.png","datePublished":"2025-06-23T19:21:28+00:00","dateModified":"2026-03-25T19:34:26+00:00","description":"Entenda como vai funcionar a al\u00edquota base para a Reforma tribut\u00e1ria aprovada e prepare seu CNPJ para as mudan\u00e7as.","breadcrumb":{"@id":"https:\/\/www.contabilizei.com.br\/reforma-tributaria\/artigo\/reforma-tributaria-aliquota-base\/#breadcrumb"},"inLanguage":"pt-BR","potentialAction":[{"@type":"ReadAction","target":["https:\/\/www.contabilizei.com.br\/reforma-tributaria\/artigo\/reforma-tributaria-aliquota-base\/"]}]},{"@type":"ImageObject","inLanguage":"pt-BR","@id":"https:\/\/www.contabilizei.com.br\/reforma-tributaria\/artigo\/reforma-tributaria-aliquota-base\/#primaryimage","url":"https:\/\/www.contabilizei.com.br\/reforma-tributaria\/wp-content\/uploads\/2023\/08\/6.png","contentUrl":"https:\/\/www.contabilizei.com.br\/reforma-tributaria\/wp-content\/uploads\/2023\/08\/6.png","width":1270,"height":720},{"@type":"BreadcrumbList","@id":"https:\/\/www.contabilizei.com.br\/reforma-tributaria\/artigo\/reforma-tributaria-aliquota-base\/#breadcrumb","itemListElement":[{"@type":"ListItem","position":1,"name":"Home","item":"https:\/\/www.contabilizei.com.br\/reforma-tributaria\/"},{"@type":"ListItem","position":2,"name":"Posts - Reforma Tribut\u00e1ria","item":"https:\/\/www.contabilizei.com.br\/reforma-tributaria\/artigo\/"},{"@type":"ListItem","position":3,"name":"Reforma tribut\u00e1ria: qual a al\u00edquota base?"}]},{"@type":"WebSite","@id":"https:\/\/www.contabilizei.com.br\/reforma-tributaria\/#website","url":"https:\/\/www.contabilizei.com.br\/reforma-tributaria\/","name":"Hub da Reforma tribut\u00e1ria","description":"Apoiando o empreendedorismo desde 2013","potentialAction":[{"@type":"SearchAction","target":{"@type":"EntryPoint","urlTemplate":"https:\/\/www.contabilizei.com.br\/reforma-tributaria\/?s={search_term_string}"},"query-input":{"@type":"PropertyValueSpecification","valueRequired":true,"valueName":"search_term_string"}}],"inLanguage":"pt-BR"}]}},"_links":{"self":[{"href":"https:\/\/www.contabilizei.com.br\/reforma-tributaria\/wp-json\/wp\/v2\/reforma_post\/39273","targetHints":{"allow":["GET"]}}],"collection":[{"href":"https:\/\/www.contabilizei.com.br\/reforma-tributaria\/wp-json\/wp\/v2\/reforma_post"}],"about":[{"href":"https:\/\/www.contabilizei.com.br\/reforma-tributaria\/wp-json\/wp\/v2\/types\/reforma_post"}],"author":[{"embeddable":true,"href":"https:\/\/www.contabilizei.com.br\/reforma-tributaria\/wp-json\/wp\/v2\/users\/88"}],"version-history":[{"count":3,"href":"https:\/\/www.contabilizei.com.br\/reforma-tributaria\/wp-json\/wp\/v2\/reforma_post\/39273\/revisions"}],"predecessor-version":[{"id":40359,"href":"https:\/\/www.contabilizei.com.br\/reforma-tributaria\/wp-json\/wp\/v2\/reforma_post\/39273\/revisions\/40359"}],"wp:featuredmedia":[{"embeddable":true,"href":"https:\/\/www.contabilizei.com.br\/reforma-tributaria\/wp-json\/wp\/v2\/media\/35707"}],"wp:attachment":[{"href":"https:\/\/www.contabilizei.com.br\/reforma-tributaria\/wp-json\/wp\/v2\/media?parent=39273"}],"wp:term":[{"taxonomy":"reforma_post_category","embeddable":true,"href":"https:\/\/www.contabilizei.com.br\/reforma-tributaria\/wp-json\/wp\/v2\/reforma_post_category?post=39273"},{"taxonomy":"reforma_post_trail","embeddable":true,"href":"https:\/\/www.contabilizei.com.br\/reforma-tributaria\/wp-json\/wp\/v2\/reforma_post_trail?post=39273"}],"curies":[{"name":"wp","href":"https:\/\/api.w.org\/{rel}","templated":true}]}}