{"id":39272,"date":"2025-06-23T16:12:56","date_gmt":"2025-06-23T19:12:56","guid":{"rendered":"https:\/\/www.contabilizei.com.br\/contabilidade-online\/?post_type=reforma_post&#038;p=39272"},"modified":"2026-03-25T16:33:06","modified_gmt":"2026-03-25T19:33:06","slug":"desvantagens-da-reforma-tributaria","status":"publish","type":"reforma_post","link":"https:\/\/www.contabilizei.com.br\/reforma-tributaria\/artigo\/desvantagens-da-reforma-tributaria\/","title":{"rendered":"Quais as desvantagens da reforma tribut\u00e1ria?"},"content":{"rendered":"\n<p>Para modernizar o sistema tribut\u00e1rio brasileiro. No entanto, al\u00e9m de vantagens a reforma tamb\u00e9m tem algumas desvantagens, como por exemplo o poss\u00edvel aumento da carga tribut\u00e1ria para alguns setores da economia.<\/p>\n\n\n\n<p><strong>Uma das principais desvantagens da reforma \u00e9 que seus resultados e efeitos pr\u00e1ticos ser\u00e3o observados a longo prazo<\/strong>. Isso ocorre porque a reforma \u00e9 complexa e requer mudan\u00e7as significativas na legisla\u00e7\u00e3o e na regulamenta\u00e7\u00e3o tribut\u00e1ria, ent\u00e3o o Governo prev\u00ea o fim do per\u00edodo de transi\u00e7\u00e3o somente em 2032.<\/p>\n\n\n\n<p><strong>Outra desvantagem da reforma \u00e9 que ela pode levar a uma situa\u00e7\u00e3o em que alguns setores da economia, como o de servi\u00e7os, paguem mais tributos<\/strong>. Isso ocorre porque a reforma unifica cinco tributos no Imposto sobre Valor Adicionado (IVA) Dual, composto pelo IBS (Imposto sobre Bens e Servi\u00e7os) que \u00e9 subnacional (estados e munic\u00edpios) e substitui o ICMS e o ISS e a CBS (Contribui\u00e7\u00e3o sobre Bens e Servi\u00e7os) que \u00e9 federal e substitui o PIS e a COFINS e o IPI (parcialmente).<\/p>\n\n\n\n<p>E tamb\u00e9m cria o IS (Imposto Seletivo) que \u00e9 federal e busca desestimular o consumo de produtos e servi\u00e7os considerados prejudiciais \u00e0 sa\u00fade ou ao meio ambiente, como por exemplo, tabaco e bebidas alco\u00f3licas.<\/p>\n\n\n\n<figure class=\"wp-block-image size-full\"><a href=\"https:\/\/www.contabilizei.com.br\/calculadora-reforma-tributaria\/\" target=\"_blank\" rel=\" noreferrer noopener\"><img loading=\"lazy\" decoding=\"async\" width=\"615\" height=\"300\" src=\"https:\/\/www.contabilizei.com.br\/reforma-tributaria\/wp-content\/uploads\/2025\/06\/KV-2-Copy-1-1.webp\" alt=\"\" class=\"wp-image-40244\" srcset=\"https:\/\/www.contabilizei.com.br\/reforma-tributaria\/wp-content\/uploads\/2025\/06\/KV-2-Copy-1-1.webp 615w, https:\/\/www.contabilizei.com.br\/reforma-tributaria\/wp-content\/uploads\/2025\/06\/KV-2-Copy-1-1-300x146.webp 300w\" sizes=\"auto, (max-width: 615px) 100vw, 615px\" \/><\/a><\/figure>\n\n\n\n<p>A previs\u00e3o de impacto do setor de servi\u00e7os decorre do fato que hoje o ISS gira em torno de 2% a 5% e a&nbsp;al\u00edquota geral do IVA estimada \u00e9 de 28%, dividindo-se 18,70% de IBS e 9,30% de CBS.&nbsp;<\/p>\n\n\n\n<p>A reforma tamb\u00e9m prev\u00ea a monetiza\u00e7\u00e3o \u201cacelerada\u201d de saldos credores acumulados de tributos no regime atual, para que n\u00e3o haja preju\u00edzos ap\u00f3s a mudan\u00e7a dos tributos e a existe tamb\u00e9m a previs\u00e3o de restitui\u00e7\u00e3o parcelada pelo governo.&nbsp;<\/p>\n\n\n\n<p>Al\u00e9m disso, a reforma prev\u00ea que haver\u00e1 dois sistemas tribut\u00e1rios vigentes em conjunto, por 7 anos, o que aumenta o custo de cumprimento de obriga\u00e7\u00f5es tribut\u00e1rias principais e acess\u00f3rias pelas empresas. Isso ocorre porque as empresas ter\u00e3o que cumprir as regras do antigo sistema e tamb\u00e9m do novo sistema, visto que eles ir\u00e3o conviver juntos at\u00e9 2032.&nbsp;<\/p>\n\n\n\n<p>Por fim, a reforma tamb\u00e9m impacta em custos com configura\u00e7\u00e3o e parametriza\u00e7\u00e3o das novas regras fiscais nos sistemas utilizados pelas empresas e tamb\u00e9m de Headcount\/pessoas, pois as \u00e1reas fiscal e cont\u00e1bil ter\u00e3o que apurar e recolher os tributos nas duas sistem\u00e1ticas durante o per\u00edodo de transi\u00e7\u00e3o. Isso pode levar a um aumento dos custos das empresas.<\/p>\n\n\n\n<figure class=\"wp-block-embed is-type-video is-provider-youtube wp-block-embed-youtube wp-embed-aspect-16-9 wp-has-aspect-ratio\"><div class=\"wp-block-embed__wrapper\">\n<iframe loading=\"lazy\" title=\"Principais pontos sobre Reforma Tribut\u00e1ria que o micro e pequeno empreendedor precisa saber\" width=\"640\" height=\"360\" src=\"https:\/\/www.youtube.com\/embed\/Mz1loBVFzpM?feature=oembed\" frameborder=\"0\" allow=\"accelerometer; autoplay; clipboard-write; encrypted-media; gyroscope; picture-in-picture; web-share\" referrerpolicy=\"strict-origin-when-cross-origin\" allowfullscreen><\/iframe>\n<\/div><\/figure>\n\n\n\n<p>Considerando as poss\u00edveis desvantagens da reforma tribut\u00e1ria, a&nbsp;<a href=\"https:\/\/www.contabilizei.com.br\/sobre\/sobre-a-contabilizei\/\" target=\"_blank\" rel=\"noreferrer noopener\">Contabilizei<\/a>&nbsp;fornece um guia completo sobre seus impactos. Antecipar-se aos efeitos da reforma \u00e9 crucial para manter a sa\u00fade do neg\u00f3cio. Consulte nossos especialistas em tributa\u00e7\u00e3o e&nbsp;<a href=\"https:\/\/www.contabilizei.com.br\/trocar-de-contador\/\" target=\"_blank\" rel=\"noreferrer noopener\">traga sua empresa para a Contabilizei<\/a>.<\/p>\n\n\n\n<p><em>A Reforma Tribut\u00e1ria pode impactar diretamente a sua empresa, e a melhor maneira de se preparar para as mudan\u00e7as \u00e9 com conhecimento.&nbsp;<a href=\"https:\/\/e.contabilizei.com.br\/reforma_tributaria_newsletter\" target=\"_blank\" rel=\"noreferrer noopener\">Assine nossa newsletter<\/a>&nbsp;e tenha acesso a uma curadoria com conte\u00fados exclusivos no seu e-mail.<\/em><\/p>\n","protected":false},"excerpt":{"rendered":"<p>Para modernizar o sistema tribut\u00e1rio brasileiro. No entanto, al\u00e9m de vantagens a reforma tamb\u00e9m tem algumas desvantagens, como por exemplo&#8230;<\/p>\n","protected":false},"author":88,"featured_media":38233,"template":"","reforma_post_category":[352],"reforma_post_trail":[361],"class_list":{"0":"post-39272","1":"reforma_post","2":"type-reforma_post","3":"status-publish","4":"has-post-thumbnail","6":"reforma_post_category-perguntas-e-respostas","7":"reforma_post_trail-o-que-e-reforma-tributaria"},"yoast_head":"<!-- This site is optimized with the Yoast SEO plugin v27.5 - https:\/\/yoast.com\/product\/yoast-seo-wordpress\/ -->\n<title>Quais as desvantagens da reforma tribut\u00e1ria? | Blog da Contabilizei<\/title>\n<meta name=\"description\" content=\"Saiba quais as desvantagens da reforma tribut\u00e1ria e como preparar a sua empresa para as mudan\u00e7as.\" \/>\n<meta name=\"robots\" content=\"index, follow\" \/>\n<link rel=\"canonical\" href=\"https:\/\/www.contabilizei.com.br\/reforma-tributaria\/artigo\/desvantagens-da-reforma-tributaria\/\" \/>\n<meta property=\"og:locale\" content=\"pt_BR\" \/>\n<meta property=\"og:type\" content=\"article\" \/>\n<meta property=\"og:title\" content=\"Quais as desvantagens da reforma tribut\u00e1ria? | Blog da Contabilizei\" \/>\n<meta property=\"og:description\" content=\"Saiba quais as desvantagens da reforma tribut\u00e1ria e como preparar a sua empresa para as mudan\u00e7as.\" \/>\n<meta property=\"og:url\" content=\"https:\/\/www.contabilizei.com.br\/reforma-tributaria\/artigo\/desvantagens-da-reforma-tributaria\/\" \/>\n<meta property=\"og:site_name\" content=\"Blog da Contabilizei\" \/>\n<meta property=\"article:publisher\" content=\"https:\/\/www.facebook.com\/Contabilizei\/\" \/>\n<meta property=\"article:modified_time\" content=\"2026-03-25T19:33:06+00:00\" \/>\n<meta property=\"og:image\" content=\"https:\/\/www.contabilizei.com.br\/reforma-tributaria\/wp-content\/uploads\/2024\/05\/contabilidade-online_clt-ou-pj-o-que-compensa-mais.webp\" \/>\n\t<meta property=\"og:image:width\" content=\"1280\" \/>\n\t<meta property=\"og:image:height\" content=\"726\" \/>\n\t<meta property=\"og:image:type\" content=\"image\/webp\" \/>\n<meta name=\"twitter:card\" content=\"summary_large_image\" \/>\n<meta name=\"twitter:site\" content=\"@contabilizei\" \/>\n<meta name=\"twitter:label1\" content=\"Est. tempo de leitura\" \/>\n\t<meta name=\"twitter:data1\" content=\"3 minutos\" \/>\n<!-- \/ Yoast SEO plugin. -->","yoast_head_json":{"title":"Quais as desvantagens da reforma tribut\u00e1ria? | Blog da Contabilizei","description":"Saiba quais as desvantagens da reforma tribut\u00e1ria e como preparar a sua empresa para as mudan\u00e7as.","robots":{"index":"index","follow":"follow"},"canonical":"https:\/\/www.contabilizei.com.br\/reforma-tributaria\/artigo\/desvantagens-da-reforma-tributaria\/","og_locale":"pt_BR","og_type":"article","og_title":"Quais as desvantagens da reforma tribut\u00e1ria? | Blog da Contabilizei","og_description":"Saiba quais as desvantagens da reforma tribut\u00e1ria e como preparar a sua empresa para as mudan\u00e7as.","og_url":"https:\/\/www.contabilizei.com.br\/reforma-tributaria\/artigo\/desvantagens-da-reforma-tributaria\/","og_site_name":"Blog da Contabilizei","article_publisher":"https:\/\/www.facebook.com\/Contabilizei\/","article_modified_time":"2026-03-25T19:33:06+00:00","og_image":[{"width":1280,"height":726,"url":"https:\/\/www.contabilizei.com.br\/reforma-tributaria\/wp-content\/uploads\/2024\/05\/contabilidade-online_clt-ou-pj-o-que-compensa-mais.webp","type":"image\/webp"}],"twitter_card":"summary_large_image","twitter_site":"@contabilizei","twitter_misc":{"Est. tempo de leitura":"3 minutos"},"schema":{"@context":"https:\/\/schema.org","@graph":[{"@type":"WebPage","@id":"https:\/\/www.contabilizei.com.br\/reforma-tributaria\/artigo\/desvantagens-da-reforma-tributaria\/","url":"https:\/\/www.contabilizei.com.br\/reforma-tributaria\/artigo\/desvantagens-da-reforma-tributaria\/","name":"Quais as desvantagens da reforma tribut\u00e1ria? | Blog da Contabilizei","isPartOf":{"@id":"https:\/\/www.contabilizei.com.br\/reforma-tributaria\/#website"},"primaryImageOfPage":{"@id":"https:\/\/www.contabilizei.com.br\/reforma-tributaria\/artigo\/desvantagens-da-reforma-tributaria\/#primaryimage"},"image":{"@id":"https:\/\/www.contabilizei.com.br\/reforma-tributaria\/artigo\/desvantagens-da-reforma-tributaria\/#primaryimage"},"thumbnailUrl":"https:\/\/www.contabilizei.com.br\/reforma-tributaria\/wp-content\/uploads\/2024\/05\/contabilidade-online_clt-ou-pj-o-que-compensa-mais.webp","datePublished":"2025-06-23T19:12:56+00:00","dateModified":"2026-03-25T19:33:06+00:00","description":"Saiba quais as desvantagens da reforma tribut\u00e1ria e como preparar a sua empresa para as mudan\u00e7as.","breadcrumb":{"@id":"https:\/\/www.contabilizei.com.br\/reforma-tributaria\/artigo\/desvantagens-da-reforma-tributaria\/#breadcrumb"},"inLanguage":"pt-BR","potentialAction":[{"@type":"ReadAction","target":["https:\/\/www.contabilizei.com.br\/reforma-tributaria\/artigo\/desvantagens-da-reforma-tributaria\/"]}]},{"@type":"ImageObject","inLanguage":"pt-BR","@id":"https:\/\/www.contabilizei.com.br\/reforma-tributaria\/artigo\/desvantagens-da-reforma-tributaria\/#primaryimage","url":"https:\/\/www.contabilizei.com.br\/reforma-tributaria\/wp-content\/uploads\/2024\/05\/contabilidade-online_clt-ou-pj-o-que-compensa-mais.webp","contentUrl":"https:\/\/www.contabilizei.com.br\/reforma-tributaria\/wp-content\/uploads\/2024\/05\/contabilidade-online_clt-ou-pj-o-que-compensa-mais.webp","width":1280,"height":726},{"@type":"BreadcrumbList","@id":"https:\/\/www.contabilizei.com.br\/reforma-tributaria\/artigo\/desvantagens-da-reforma-tributaria\/#breadcrumb","itemListElement":[{"@type":"ListItem","position":1,"name":"Home","item":"https:\/\/www.contabilizei.com.br\/reforma-tributaria\/"},{"@type":"ListItem","position":2,"name":"Posts - Reforma Tribut\u00e1ria","item":"https:\/\/www.contabilizei.com.br\/reforma-tributaria\/artigo\/"},{"@type":"ListItem","position":3,"name":"Quais as desvantagens da reforma tribut\u00e1ria?"}]},{"@type":"WebSite","@id":"https:\/\/www.contabilizei.com.br\/reforma-tributaria\/#website","url":"https:\/\/www.contabilizei.com.br\/reforma-tributaria\/","name":"Hub da Reforma tribut\u00e1ria","description":"Apoiando o empreendedorismo desde 2013","potentialAction":[{"@type":"SearchAction","target":{"@type":"EntryPoint","urlTemplate":"https:\/\/www.contabilizei.com.br\/reforma-tributaria\/?s={search_term_string}"},"query-input":{"@type":"PropertyValueSpecification","valueRequired":true,"valueName":"search_term_string"}}],"inLanguage":"pt-BR"}]}},"_links":{"self":[{"href":"https:\/\/www.contabilizei.com.br\/reforma-tributaria\/wp-json\/wp\/v2\/reforma_post\/39272","targetHints":{"allow":["GET"]}}],"collection":[{"href":"https:\/\/www.contabilizei.com.br\/reforma-tributaria\/wp-json\/wp\/v2\/reforma_post"}],"about":[{"href":"https:\/\/www.contabilizei.com.br\/reforma-tributaria\/wp-json\/wp\/v2\/types\/reforma_post"}],"author":[{"embeddable":true,"href":"https:\/\/www.contabilizei.com.br\/reforma-tributaria\/wp-json\/wp\/v2\/users\/88"}],"version-history":[{"count":2,"href":"https:\/\/www.contabilizei.com.br\/reforma-tributaria\/wp-json\/wp\/v2\/reforma_post\/39272\/revisions"}],"predecessor-version":[{"id":40357,"href":"https:\/\/www.contabilizei.com.br\/reforma-tributaria\/wp-json\/wp\/v2\/reforma_post\/39272\/revisions\/40357"}],"wp:featuredmedia":[{"embeddable":true,"href":"https:\/\/www.contabilizei.com.br\/reforma-tributaria\/wp-json\/wp\/v2\/media\/38233"}],"wp:attachment":[{"href":"https:\/\/www.contabilizei.com.br\/reforma-tributaria\/wp-json\/wp\/v2\/media?parent=39272"}],"wp:term":[{"taxonomy":"reforma_post_category","embeddable":true,"href":"https:\/\/www.contabilizei.com.br\/reforma-tributaria\/wp-json\/wp\/v2\/reforma_post_category?post=39272"},{"taxonomy":"reforma_post_trail","embeddable":true,"href":"https:\/\/www.contabilizei.com.br\/reforma-tributaria\/wp-json\/wp\/v2\/reforma_post_trail?post=39272"}],"curies":[{"name":"wp","href":"https:\/\/api.w.org\/{rel}","templated":true}]}}