{"id":39268,"date":"2025-06-23T15:57:52","date_gmt":"2025-06-23T18:57:52","guid":{"rendered":"https:\/\/www.contabilizei.com.br\/contabilidade-online\/?post_type=reforma_post&#038;p=39268"},"modified":"2026-03-25T16:22:45","modified_gmt":"2026-03-25T19:22:45","slug":"reforma-tributaria-para-lucro-presumido","status":"publish","type":"reforma_post","link":"https:\/\/www.contabilizei.com.br\/reforma-tributaria\/artigo\/reforma-tributaria-para-lucro-presumido\/","title":{"rendered":"O que muda na reforma tribut\u00e1ria para Lucro Presumido?"},"content":{"rendered":"\n<p><strong>A reforma tribut\u00e1ria impactar\u00e1 significativamente as empresas que adotam o Lucro Presumido, resultando em mudan\u00e7as expressivas na carga tribut\u00e1ria. A substitui\u00e7\u00e3o do PIS e da COFINS pela CBS pode ocasionar um aumento consider\u00e1vel na al\u00edquota, estimada entre 6,95% e 8,53%, conforme&nbsp;<\/strong><a href=\"https:\/\/www.gov.br\/fazenda\/pt-br\/acesso-a-informacao\/acoes-e-programas\/reforma-tributaria\/estudos\/8-8-23-nt-mf_-sert-aliquota-padrao-da-tributacao-do-consumo-de-bens-e-servicos-no-ambito-da-reforma-tributaria-1.pdf\" target=\"_blank\" rel=\"noreferrer noopener\"><strong>proje\u00e7\u00f5es do Governo Federal<\/strong><\/a><strong>.<\/strong><\/p>\n\n\n\n<p><em>A Reforma Tribut\u00e1ria pode impactar diretamente o seu bolso, e a melhor maneira de se preparar para as mudan\u00e7as \u00e9 com conhecimento.\u00a0<a href=\"https:\/\/www.contabilizei.com.br\/calculadora-reforma-tributaria\/\">Descubra se voc\u00ea pagar\u00e1 mais ou menos impostos de forma gr\u00e1tis. <\/a><\/em><\/p>\n\n\n\n<p>Tamb\u00e9m \u00e9 importante observar que as empresas que prestam servi\u00e7os n\u00e3o regulamentados enfrentar\u00e3o uma carga tribut\u00e1ria mais elevada em compara\u00e7\u00e3o aos servi\u00e7os fornecidos por profissionais liberais (m\u00e9dicos, arquitetos, advogados\u2026). <\/p>\n\n\n\n<p>Isso se deve ao benef\u00edcio concedido a esses \u00faltimos, que desfrutar\u00e3o de uma redu\u00e7\u00e3o de 30% na al\u00edquota padr\u00e3o de IVA, enquanto os demais servi\u00e7os v\u00e3o contribuir com a&nbsp;al\u00edquota geral do IVA que deve ficar em torno de 28%.<\/p>\n\n\n\n<p>Algumas vantagens que a reforma traz para o Lucro Presumido incluem a simplifica\u00e7\u00e3o tribut\u00e1ria, com obriga\u00e7\u00f5es fiscais menos complexas, reduzindo a carga administrativa e as chances de inconformidade tribut\u00e1ria.\u00a0<\/p>\n\n\n\n<p>A previsibilidade na tributa\u00e7\u00e3o \u00e9 outra vantagem, pois a base de c\u00e1lculo do IRPJ e da CSLL \u00e9 determinada com base em uma presun\u00e7\u00e3o de lucro. Isso proporciona uma carga tribut\u00e1ria mais clara, independentemente do desempenho real da empresa, sendo vantajoso para empresas com margens de lucro elevadas. <\/p>\n\n\n\n<p>No entanto, as desvantagens incluem a determina\u00e7\u00e3o da base de c\u00e1lculo com base em uma margem de lucro presumido, que nem sempre reflete a realidade econ\u00f4mica da empresa, podendo resultar em uma carga tribut\u00e1ria mais alta ou mais baixa.&nbsp;<\/p>\n\n\n\n<p>O Lucro Presumido s\u00f3 pode ser escolhido por algumas empresas devido a restri\u00e7\u00f5es legais. Para decidir se \u00e9 a melhor op\u00e7\u00e3o, \u00e9 essencial analisar fatores como receita, margem de lucro e caracter\u00edsticas espec\u00edficas do neg\u00f3cio.<\/p>\n\n\n\n<p>A\u00a0<a href=\"https:\/\/www.contabilizei.com.br\/sobre\/sobre-a-contabilizei\/\" target=\"_blank\" rel=\"noreferrer noopener\">Contabilizei<\/a>\u00a0disponibiliza um guia abrangente sobre os impactos da reforma. Antecipar-se aos efeitos \u00e9 essencial para preservar a sa\u00fade do seu neg\u00f3cio.\u00a0<a href=\"https:\/\/www.contabilizei.com.br\/trocar-de-contador\/\" target=\"_blank\" rel=\"noreferrer noopener\">Consulte nossos especialistas em tributa\u00e7\u00e3o<\/a>\u00a0e fa\u00e7a da Contabilizei a parceira da sua empresa. <br><br><em><a href=\"https:\/\/e.contabilizei.com.br\/reforma_tributaria_newsletter\" target=\"_blank\" rel=\"noreferrer noopener\">Assine nossa newsletter<\/a>\u00a0e tenha acesso a uma curadoria com conte\u00fados exclusivos sobre a Reforma Tribut\u00e1ria no seu e-mail<\/em>.<\/p>\n\n\n\n<figure class=\"wp-block-embed is-type-video is-provider-youtube wp-block-embed-youtube wp-embed-aspect-16-9 wp-has-aspect-ratio\"><div class=\"wp-block-embed__wrapper\">\n<iframe loading=\"lazy\" title=\"Como a Reforma Tribut\u00e1ria vai mudar o cen\u00e1rio de prestadores de servi\u00e7os no Brasil?\" width=\"640\" height=\"360\" src=\"https:\/\/www.youtube.com\/embed\/DcMTT064P6E?feature=oembed\" frameborder=\"0\" allow=\"accelerometer; autoplay; clipboard-write; encrypted-media; gyroscope; picture-in-picture; web-share\" referrerpolicy=\"strict-origin-when-cross-origin\" allowfullscreen><\/iframe>\n<\/div><\/figure>\n","protected":false},"excerpt":{"rendered":"<p>A reforma tribut\u00e1ria impactar\u00e1 significativamente as empresas que adotam o Lucro Presumido, resultando em mudan\u00e7as expressivas na carga tribut\u00e1ria. A&#8230;<\/p>\n","protected":false},"author":88,"featured_media":35699,"template":"","reforma_post_category":[351],"reforma_post_trail":[364],"class_list":{"0":"post-39268","1":"reforma_post","2":"type-reforma_post","3":"status-publish","4":"has-post-thumbnail","6":"reforma_post_category-o-que-muda","7":"reforma_post_trail-impactos-para-cada-regime-tributario"},"yoast_head":"<!-- This site is optimized with the Yoast SEO plugin v27.5 - https:\/\/yoast.com\/product\/yoast-seo-wordpress\/ -->\n<title>O que muda na reforma tribut\u00e1ria para Lucro Presumido? | Blog da Contabilizei<\/title>\n<meta name=\"description\" content=\"O que muda na reforma tribut\u00e1ria para o Lucro Presumido e quando \u00e9 vantajoso estar neste sistema tribut\u00e1rio.\" \/>\n<meta name=\"robots\" content=\"index, follow\" \/>\n<link rel=\"canonical\" href=\"https:\/\/www.contabilizei.com.br\/reforma-tributaria\/artigo\/reforma-tributaria-para-lucro-presumido\/\" \/>\n<meta property=\"og:locale\" content=\"pt_BR\" \/>\n<meta property=\"og:type\" content=\"article\" \/>\n<meta property=\"og:title\" content=\"O que muda na reforma tribut\u00e1ria para Lucro Presumido? | Blog da Contabilizei\" \/>\n<meta property=\"og:description\" content=\"O que muda na reforma tribut\u00e1ria para o Lucro Presumido e quando \u00e9 vantajoso estar neste sistema tribut\u00e1rio.\" \/>\n<meta property=\"og:url\" content=\"https:\/\/www.contabilizei.com.br\/reforma-tributaria\/artigo\/reforma-tributaria-para-lucro-presumido\/\" \/>\n<meta property=\"og:site_name\" content=\"Blog da Contabilizei\" \/>\n<meta property=\"article:publisher\" content=\"https:\/\/www.facebook.com\/Contabilizei\/\" \/>\n<meta property=\"article:modified_time\" content=\"2026-03-25T19:22:45+00:00\" \/>\n<meta property=\"og:image\" content=\"https:\/\/www.contabilizei.com.br\/reforma-tributaria\/wp-content\/uploads\/2023\/08\/5.png\" \/>\n\t<meta property=\"og:image:width\" content=\"1270\" \/>\n\t<meta property=\"og:image:height\" content=\"720\" \/>\n\t<meta property=\"og:image:type\" content=\"image\/png\" \/>\n<meta name=\"twitter:card\" content=\"summary_large_image\" \/>\n<meta name=\"twitter:site\" content=\"@contabilizei\" \/>\n<meta name=\"twitter:label1\" content=\"Est. tempo de leitura\" \/>\n\t<meta name=\"twitter:data1\" content=\"3 minutos\" \/>\n<!-- \/ Yoast SEO plugin. -->","yoast_head_json":{"title":"O que muda na reforma tribut\u00e1ria para Lucro Presumido? | Blog da Contabilizei","description":"O que muda na reforma tribut\u00e1ria para o Lucro Presumido e quando \u00e9 vantajoso estar neste sistema tribut\u00e1rio.","robots":{"index":"index","follow":"follow"},"canonical":"https:\/\/www.contabilizei.com.br\/reforma-tributaria\/artigo\/reforma-tributaria-para-lucro-presumido\/","og_locale":"pt_BR","og_type":"article","og_title":"O que muda na reforma tribut\u00e1ria para Lucro Presumido? | Blog da Contabilizei","og_description":"O que muda na reforma tribut\u00e1ria para o Lucro Presumido e quando \u00e9 vantajoso estar neste sistema tribut\u00e1rio.","og_url":"https:\/\/www.contabilizei.com.br\/reforma-tributaria\/artigo\/reforma-tributaria-para-lucro-presumido\/","og_site_name":"Blog da Contabilizei","article_publisher":"https:\/\/www.facebook.com\/Contabilizei\/","article_modified_time":"2026-03-25T19:22:45+00:00","og_image":[{"width":1270,"height":720,"url":"https:\/\/www.contabilizei.com.br\/reforma-tributaria\/wp-content\/uploads\/2023\/08\/5.png","type":"image\/png"}],"twitter_card":"summary_large_image","twitter_site":"@contabilizei","twitter_misc":{"Est. tempo de leitura":"3 minutos"},"schema":{"@context":"https:\/\/schema.org","@graph":[{"@type":"WebPage","@id":"https:\/\/www.contabilizei.com.br\/reforma-tributaria\/artigo\/reforma-tributaria-para-lucro-presumido\/","url":"https:\/\/www.contabilizei.com.br\/reforma-tributaria\/artigo\/reforma-tributaria-para-lucro-presumido\/","name":"O que muda na reforma tribut\u00e1ria para Lucro Presumido? | Blog da Contabilizei","isPartOf":{"@id":"https:\/\/www.contabilizei.com.br\/reforma-tributaria\/#website"},"primaryImageOfPage":{"@id":"https:\/\/www.contabilizei.com.br\/reforma-tributaria\/artigo\/reforma-tributaria-para-lucro-presumido\/#primaryimage"},"image":{"@id":"https:\/\/www.contabilizei.com.br\/reforma-tributaria\/artigo\/reforma-tributaria-para-lucro-presumido\/#primaryimage"},"thumbnailUrl":"https:\/\/www.contabilizei.com.br\/reforma-tributaria\/wp-content\/uploads\/2023\/08\/5.png","datePublished":"2025-06-23T18:57:52+00:00","dateModified":"2026-03-25T19:22:45+00:00","description":"O que muda na reforma tribut\u00e1ria para o Lucro Presumido e quando \u00e9 vantajoso estar neste sistema tribut\u00e1rio.","breadcrumb":{"@id":"https:\/\/www.contabilizei.com.br\/reforma-tributaria\/artigo\/reforma-tributaria-para-lucro-presumido\/#breadcrumb"},"inLanguage":"pt-BR","potentialAction":[{"@type":"ReadAction","target":["https:\/\/www.contabilizei.com.br\/reforma-tributaria\/artigo\/reforma-tributaria-para-lucro-presumido\/"]}]},{"@type":"ImageObject","inLanguage":"pt-BR","@id":"https:\/\/www.contabilizei.com.br\/reforma-tributaria\/artigo\/reforma-tributaria-para-lucro-presumido\/#primaryimage","url":"https:\/\/www.contabilizei.com.br\/reforma-tributaria\/wp-content\/uploads\/2023\/08\/5.png","contentUrl":"https:\/\/www.contabilizei.com.br\/reforma-tributaria\/wp-content\/uploads\/2023\/08\/5.png","width":1270,"height":720},{"@type":"BreadcrumbList","@id":"https:\/\/www.contabilizei.com.br\/reforma-tributaria\/artigo\/reforma-tributaria-para-lucro-presumido\/#breadcrumb","itemListElement":[{"@type":"ListItem","position":1,"name":"Home","item":"https:\/\/www.contabilizei.com.br\/reforma-tributaria\/"},{"@type":"ListItem","position":2,"name":"Posts - Reforma Tribut\u00e1ria","item":"https:\/\/www.contabilizei.com.br\/reforma-tributaria\/artigo\/"},{"@type":"ListItem","position":3,"name":"O que muda na reforma tribut\u00e1ria para Lucro Presumido?"}]},{"@type":"WebSite","@id":"https:\/\/www.contabilizei.com.br\/reforma-tributaria\/#website","url":"https:\/\/www.contabilizei.com.br\/reforma-tributaria\/","name":"Hub da Reforma tribut\u00e1ria","description":"Apoiando o empreendedorismo desde 2013","potentialAction":[{"@type":"SearchAction","target":{"@type":"EntryPoint","urlTemplate":"https:\/\/www.contabilizei.com.br\/reforma-tributaria\/?s={search_term_string}"},"query-input":{"@type":"PropertyValueSpecification","valueRequired":true,"valueName":"search_term_string"}}],"inLanguage":"pt-BR"}]}},"_links":{"self":[{"href":"https:\/\/www.contabilizei.com.br\/reforma-tributaria\/wp-json\/wp\/v2\/reforma_post\/39268","targetHints":{"allow":["GET"]}}],"collection":[{"href":"https:\/\/www.contabilizei.com.br\/reforma-tributaria\/wp-json\/wp\/v2\/reforma_post"}],"about":[{"href":"https:\/\/www.contabilizei.com.br\/reforma-tributaria\/wp-json\/wp\/v2\/types\/reforma_post"}],"author":[{"embeddable":true,"href":"https:\/\/www.contabilizei.com.br\/reforma-tributaria\/wp-json\/wp\/v2\/users\/88"}],"version-history":[{"count":3,"href":"https:\/\/www.contabilizei.com.br\/reforma-tributaria\/wp-json\/wp\/v2\/reforma_post\/39268\/revisions"}],"predecessor-version":[{"id":40356,"href":"https:\/\/www.contabilizei.com.br\/reforma-tributaria\/wp-json\/wp\/v2\/reforma_post\/39268\/revisions\/40356"}],"wp:featuredmedia":[{"embeddable":true,"href":"https:\/\/www.contabilizei.com.br\/reforma-tributaria\/wp-json\/wp\/v2\/media\/35699"}],"wp:attachment":[{"href":"https:\/\/www.contabilizei.com.br\/reforma-tributaria\/wp-json\/wp\/v2\/media?parent=39268"}],"wp:term":[{"taxonomy":"reforma_post_category","embeddable":true,"href":"https:\/\/www.contabilizei.com.br\/reforma-tributaria\/wp-json\/wp\/v2\/reforma_post_category?post=39268"},{"taxonomy":"reforma_post_trail","embeddable":true,"href":"https:\/\/www.contabilizei.com.br\/reforma-tributaria\/wp-json\/wp\/v2\/reforma_post_trail?post=39268"}],"curies":[{"name":"wp","href":"https:\/\/api.w.org\/{rel}","templated":true}]}}