{"id":39259,"date":"2025-06-23T15:50:00","date_gmt":"2025-06-23T18:50:00","guid":{"rendered":"https:\/\/www.contabilizei.com.br\/contabilidade-online\/?post_type=reforma_post&#038;p=39259"},"modified":"2026-03-25T16:19:07","modified_gmt":"2026-03-25T19:19:07","slug":"credito-tributario","status":"publish","type":"reforma_post","link":"https:\/\/www.contabilizei.com.br\/reforma-tributaria\/artigo\/credito-tributario\/","title":{"rendered":"O que \u00e9 cr\u00e9dito tribut\u00e1rio na Reforma Tribut\u00e1ria e como isso afeta o pre\u00e7o do seu produto"},"content":{"rendered":"\n<p>Quando uma empresa compra um produto ou servi\u00e7o para utilizar na produ\u00e7\u00e3o de outro produto, ela paga um imposto sobre essa compra. <\/p>\n\n\n\n<p>\u00c9 um caso comum em ind\u00fastrias, por exemplo, que compram madeira de outra empresa e vendem os m\u00f3veis, feito com a madeira, para um consumidor final pessoa f\u00edsica ou jur\u00eddica. Os impostos pagos sobre a compra de insumos ser\u00e3o utilizados como cr\u00e9dito para abater no valor do imposto a pagar sobre as vendas da mercadoria acabada.<\/p>\n\n\n\n<p>Mas tamb\u00e9m acontece com prestadores de servi\u00e7o, como um arquiteto ou dentista que compra materiais para utilizar no seu escrit\u00f3rio ou cl\u00ednica.<\/p>\n\n\n\n<p> Como o profissional consome essa mercadoria, na nota fiscal de compra vai ter os impostos que pagou sobre o produto. Na apura\u00e7\u00e3o mensal de seus impostos sobre o faturamento, ele pode abater o imposto da compra sobre o valor que deve pagar.&nbsp;<\/p>\n\n\n\n<p>Desta forma,&nbsp;<strong>o cr\u00e9dito tribut\u00e1rio \u00e9 uma forma de recuperar este imposto pago na compra da mat\u00e9ria-prima, diminuindo a carga tribut\u00e1ria sobre o produto final que a empresa comercializa ou utiliza<\/strong>.&nbsp;<\/p>\n\n\n\n<figure class=\"wp-block-image size-full\"><a href=\" https:\/\/www.contabilizei.com.br\/calculadora-reforma-tributaria\/\" target=\"_blank\" rel=\" noreferrer noopener\"><img loading=\"lazy\" decoding=\"async\" width=\"615\" height=\"300\" src=\"https:\/\/www.contabilizei.com.br\/reforma-tributaria\/wp-content\/uploads\/2025\/06\/KV-2-Copy-1.webp\" alt=\"\" class=\"wp-image-40228\" srcset=\"https:\/\/www.contabilizei.com.br\/reforma-tributaria\/wp-content\/uploads\/2025\/06\/KV-2-Copy-1.webp 615w, https:\/\/www.contabilizei.com.br\/reforma-tributaria\/wp-content\/uploads\/2025\/06\/KV-2-Copy-1-300x146.webp 300w\" sizes=\"auto, (max-width: 615px) 100vw, 615px\" \/><\/a><\/figure>\n\n\n\n<h2 class=\"wp-block-heading\" id=\"o-que-e-credito-tributario-na-reforma-tributaria\">O que \u00e9 cr\u00e9dito tribut\u00e1rio na Reforma Tribut\u00e1ria?<\/h2>\n\n\n\n<p>Assim, a proposta do cr\u00e9dito tribut\u00e1rio na&nbsp;<a href=\"https:\/\/www.contabilizei.com.br\/reforma-tributaria\/\" target=\"_blank\" rel=\"noreferrer noopener\">Reforma Tribut\u00e1ria<\/a>&nbsp;\u00e9 que as empresas possam se creditar dos tributos pagos nas aquisi\u00e7\u00f5es de bens e servi\u00e7os,&nbsp;<strong>utilizando esses cr\u00e9ditos para compensar os tributos devidos nas suas vendas<\/strong>&nbsp;e, assim, incentivar a produ\u00e7\u00e3o nacional e aumentar a competitividade das empresas no mercado.&nbsp;<\/p>\n\n\n\n<p>Por essa mesma l\u00f3gica, o cr\u00e9dito tribut\u00e1rio est\u00e1 dispon\u00edvel apenas para pessoas jur\u00eddicas, ou seja, prestadores de servi\u00e7os e empresas com CNPJ. A pessoa f\u00edsica atua como consumidor final nesta cadeia, portanto n\u00e3o acumula cr\u00e9ditos.&nbsp;<\/p>\n\n\n\n<p>As empresas que podem utilizar o cr\u00e9dito tribut\u00e1rio hoje s\u00e3o as empresas do regime normal, ou seja, as que pagam impostos na modalidade do Lucro Real e Lucro Presumido e apenas do ICMS e IPI, e em alguns casos para Pis e Cofins.&nbsp;<\/p>\n\n\n\n<h2 class=\"wp-block-heading\" id=\"como-vai-funcionar-o-credito-tributario-na-reforma-tributaria\">Como vai funcionar o cr\u00e9dito tribut\u00e1rio na Reforma Tribut\u00e1ria?<\/h2>\n\n\n\n<p>As&nbsp;<strong>empresas no regime do&nbsp;<\/strong><a href=\"https:\/\/site-stg1.ctbz.com.br\/contabilidade-online\/lucro-real\/\" target=\"_blank\" rel=\"noreferrer noopener\"><strong>Lucro Real<\/strong><\/a><strong>&nbsp;e&nbsp;<\/strong><a href=\"https:\/\/site-stg1.ctbz.com.br\/contabilidade-online\/lucro-presumido\/\" target=\"_blank\" rel=\"noreferrer noopener\"><strong>Lucro Presumido<\/strong><\/a><strong>&nbsp;ter\u00e3o direito a cr\u00e9ditos tribut\u00e1rios&nbsp;<\/strong>sobre custos e insumos da opera\u00e7\u00e3o, o que refor\u00e7a a n\u00e3o-cumulatividade plena, ou seja, a cobran\u00e7a de impostos em cascata, mas n\u00e3o resolve a quest\u00e3o na totalidade da cadeia.&nbsp;<\/p>\n\n\n\n<p>\u00c9 necess\u00e1rio pensar em todas as empresas que fazem parte do sistema de arrecada\u00e7\u00e3o de tributos. O&nbsp;<a href=\"https:\/\/site-stg1.ctbz.com.br\/contabilidade-online\/simples-nacional\/\" target=\"_blank\" rel=\"noreferrer noopener\">Simples Nacional<\/a>&nbsp;ficar\u00e1 de fora desse contexto e n\u00e3o poder\u00e1 em nenhuma etapa tomar cr\u00e9dito dos impostos sobre custos ou insumos que eventualmente esse micro ou pequeno empreendedor tenha em sua opera\u00e7\u00e3o.<\/p>\n\n\n\n<p><em>A Reforma Tribut\u00e1ria pode impactar diretamente a sua empresa, e a melhor maneira de se preparar para as mudan\u00e7as \u00e9 com conhecimento.&nbsp;<a href=\"https:\/\/e.contabilizei.com.br\/reforma_tributaria_newsletter\" target=\"_blank\" rel=\"noreferrer noopener\">Assine nossa newsletter<\/a>&nbsp;e tenha acesso a uma curadoria com conte\u00fados exclusivos no seu e-mail.<\/em><\/p>\n\n\n\n<h2 class=\"wp-block-heading\" id=\"como-o-credito-tributario-diminui-a-competitividade-do-simples-nacional\">Como o cr\u00e9dito tribut\u00e1rio diminui a competitividade do Simples Nacional?<\/h2>\n\n\n\n<p>Atualmente, a maioria das pequenas e micro empresas (PMEs) \u00e9 optante do regime Simples Nacional. E o que isso significa com a chegada da Reforma Tribut\u00e1ria?&nbsp;<\/p>\n\n\n\n<p><strong>Existe uma potencial perda de competitividade, devido ao menor valor de cr\u00e9dito tribut\u00e1rio gerado por prestadores de servi\u00e7os ou vendedores de produtos do Simples Nacional.<\/strong><\/p>\n\n\n\n<p>Isso porque no cen\u00e1rio da Reforma Tribut\u00e1ria, este tipo de empresa recolhe o IVA, Imposto sobre Valor Agregado, unificando o&nbsp;<a href=\"https:\/\/site-stg1.ctbz.com.br\/contabilidade-online\/cbs-imposto\/\" target=\"_blank\" rel=\"noreferrer noopener\">CBS<\/a>&nbsp;+&nbsp;<a href=\"https:\/\/site-stg1.ctbz.com.br\/contabilidade-online\/ibs-imposto-sobre-bens-e-servicos\/\" target=\"_blank\" rel=\"noreferrer noopener\">IBS<\/a>, dentro da<a href=\"https:\/\/site-stg1.ctbz.com.br\/contabilidade-online\/das-documento-arrecadacao-simples-nacional\/\" target=\"_blank\" rel=\"noreferrer noopener\">&nbsp;DAS (Documento de Arrecada\u00e7\u00e3o do Simples Nacional)<\/a>.<\/p>\n\n\n\n<p>J\u00e1 as microempresas do Lucro Presumido ou Lucro Real, ter\u00e3o um cr\u00e9dito gerado maior, pois poder\u00e3o se creditar do&nbsp;<a href=\"https:\/\/site-stg1.ctbz.com.br\/contabilidade-online\/o-que-e-iva\/\" target=\"_blank\" rel=\"noreferrer noopener\">IVA<\/a>&nbsp;pela al\u00edquota integral.&nbsp;<\/p>\n\n\n\n<p>Na pr\u00e1tica, as MPEs do Simples Nacional fornecer\u00e3o cr\u00e9ditos aos seus clientes pessoas jur\u00eddicas conforme o percentual de IVA que for recolhido dentro do DAS, o&nbsp; que \u00e9 muito menor que no caso das empresas do Lucro Presumido,&nbsp; por exemplo.<\/p>\n\n\n\n<p>\u00c9 neste cen\u00e1rio&nbsp; que o Simples Nacional pode se tornar menos competitivo no mercado.<\/p>\n\n\n\n<p>Vale mencionar que no contexto do texto da Reforma Tribut\u00e1ria existe a possibilidade destas empresas do Simples Nacional recolherem o IVA pelo regime normal, ou seja, pagar o IVA pela al\u00edquota integral por fora da DAS. Desta forma, essas PMEs poder\u00e3o repassar os cr\u00e9ditos de forma integral para os clientes.&nbsp;<\/p>\n\n\n\n<p>Contudo, esta op\u00e7\u00e3o pode aumentar consideravelmente a al\u00edquota total sobre o faturamento e, portanto, dever\u00e1 ser estudada e planejada pelas empresas. Os prestadores de servi\u00e7os ou vendedores de produtos que recolherem o IVA por fora da DAS tamb\u00e9m poder\u00e3o tomar cr\u00e9ditos e, dessa forma,&nbsp; realizar compensa\u00e7\u00e3o no momento do pagamento.<\/p>\n\n\n\n<p><strong>\u00c9 importante destacar que a empresa do Simples Nacional que optou pelo recolhimento do IVA por meio do regime regular dever\u00e1 permanecer durante todo o ano neste modelo e perder\u00e1 os cr\u00e9ditos n\u00e3o compensados caso retorne ao regime&nbsp; de recolhimento do IVA dentro da DAS<\/strong>, no ano seguinte.<\/p>\n\n\n\n<p>Desta forma, essa decis\u00e3o impacta diretamente no caixa da empresa e, portanto, deve ser analisada com bastante cuidado junto ao seu contador. Importante tamb\u00e9m entender se o seu cliente ser\u00e1 tomador ou ter\u00e1 interesse neste cr\u00e9dito, lembrando que pessoa f\u00edsica n\u00e3o \u00e9 tomador de cr\u00e9dito.&nbsp;<\/p>\n\n\n\n<p>Os&nbsp;<strong>MEIs, por sua vez, n\u00e3o tomar\u00e3o cr\u00e9ditos e nem gerar\u00e3o cr\u00e9ditos para os seus tomadores<\/strong>. Portanto, aqueles que prestam servi\u00e7os para empresas de maior porte, interessadas na tomada de cr\u00e9dito, podem tamb\u00e9m sofrer com a falta de competitividade.<\/p>\n\n\n\n<h2 class=\"wp-block-heading\" id=\"como-o-simples-nacional-pode-utilizar-os-creditos-tributarios\">Como o Simples Nacional pode utilizar os cr\u00e9ditos tribut\u00e1rios?<\/h2>\n\n\n\n<p>Como j\u00e1 comentamos, as empresas do Simples Nacional poder\u00e3o transferir cr\u00e9ditos s\u00f3 na mesma propor\u00e7\u00e3o em que os impostos ser\u00e3o pagos, diferente de como funciona hoje.&nbsp;<\/p>\n\n\n\n<p>Neste caso,&nbsp;<strong>a transfer\u00eancia de cr\u00e9dito n\u00e3o ser\u00e1 pela al\u00edquota cheia de refer\u00eancia anunciada de 28% (CBS e IBS), mas sim pelo valor proporcional pago dentro da DAS<\/strong>, percentualmente menor.&nbsp;<\/p>\n\n\n\n<p>Partindo desse ponto, \u00e9 sens\u00edvel&nbsp; afirmar que o optante do Simples Nacional poder\u00e1&nbsp; transferir cr\u00e9ditos e continuar\u00e1 sendo competitivo, sendo que isto ocorrer\u00e1 em&nbsp; propor\u00e7\u00e3o inferior e condi\u00e7\u00e3o desvantajosa em rela\u00e7\u00e3o ao realizado atualmente.&nbsp;<\/p>\n\n\n\n<p>Para o vice-presidente executivo de servi\u00e7os aos clientes da Contabilizei, Charles Gularte, esse movimento \u00e9 antag\u00f4nico, \u201cuma vez que, quando for preciso efetuar a transfer\u00eancia de cr\u00e9dito por requerimento do seu contratante, ele talvez seja pressionado a faz\u00ea-lo na propor\u00e7\u00e3o da al\u00edquota integral do IVA e n\u00e3o na propor\u00e7\u00e3o de CBS e IBS paga dentro da DAS\u201d.&nbsp;<\/p>\n\n\n\n<h3 class=\"wp-block-heading\">Recolher o IVA fora da DAS<\/h3>\n\n\n\n<p>E qual o desafio? Depois que a empresa do Simples Nacional recolher o IVA fora da DAS, ter\u00e1 que se manter nessa sistem\u00e1tica para todas as opera\u00e7\u00f5es do ano, n\u00e3o podendo recolher conforme o perfil dos seus clientes quanto ao aproveitamento dos cr\u00e9ditos.<\/p>\n\n\n\n<p>\u201c<strong>O perfil de clientes influenciar\u00e1 a forma de apropria\u00e7\u00e3o de cr\u00e9ditos ao longo da cadeia produtiva.<\/strong>&nbsp;De acordo com o tipo de recolhimento escolhido de CBS e IBS no ano-calend\u00e1rio, dentro ou fora DAS, as empresas precisar\u00e3o ficar atentas ao valor do custo final dos servi\u00e7os prestados ou dos produtos vendidos para os contratantes\u201d, pondera Charles.&nbsp;<\/p>\n\n\n\n<p><strong>Do contr\u00e1rio, a carga tribut\u00e1ria pode aumentar e tal situa\u00e7\u00e3o colocar\u00e1 o empreendedor em um cen\u00e1rio menos competitivo em rela\u00e7\u00e3o \u00e0 din\u00e2mica atual.&nbsp;<\/strong>A grande vantagem atual de um cliente adquirir produtos e servi\u00e7os de empresas no Simples Nacional \u00e9 justamente o pre\u00e7o, porque esse regime disp\u00f5e de uma carga tribut\u00e1ria menor, al\u00e9m de gerar cr\u00e9ditos tribut\u00e1rios por al\u00edquota cheia de&nbsp;<a href=\"https:\/\/site-stg1.ctbz.com.br\/contabilidade-online\/impostos-federais-estaduais-e-municipais\/\" target=\"_blank\" rel=\"noreferrer noopener\">PIS e Cofins<\/a>&nbsp;e proporcional de ICMS para empresas do Lucro Real.&nbsp;<\/p>\n\n\n\n<p>\u201cCaso ele tenha que recolher o IVA por fora para que um grande cliente pessoa jur\u00eddica utilize os cr\u00e9ditos, contudo tamb\u00e9m atende pessoas f\u00edsicas que n\u00e3o utilizam de cr\u00e9ditos, potencialmente ele ter\u00e1 sua margem de lucro prejudicada ou ser\u00e1 necess\u00e1rio repassar o aumento da carga tribut\u00e1ria ao pre\u00e7o do servi\u00e7o.\u201d<\/p>\n\n\n\n<h2 class=\"wp-block-heading\" id=\"quais-sao-as-principais-diferencas-entre-os-creditos-tributarios-da-reforma-e-os-creditos-atuais\">Quais s\u00e3o as principais diferen\u00e7as entre os cr\u00e9ditos tribut\u00e1rios da Reforma e os cr\u00e9ditos atuais?<\/h2>\n\n\n\n<p>Atualmente, empresas no regime de tributa\u00e7\u00e3o do Lucro Real podem utilizar cr\u00e9ditos tribut\u00e1rios sobre compras de mercadorias referentes a ICMS, IPI, PIS e Cofins. As empresas no regime de Lucro Presumido podem se beneficiar de cr\u00e9ditos apenas para ICMS e IPI, enquanto as empresas do Simples Nacional n\u00e3o t\u00eam acesso a cr\u00e9ditos para nenhum desses tributos.<\/p>\n\n\n\n<p>Com a Reforma Tribut\u00e1ria, todas as empresas do regime normal de tributa\u00e7\u00e3o poder\u00e3o se beneficiar dos tributos pagos sobre compras de mercadorias para consumo e revenda, bem como dos tributos incidentes sobre servi\u00e7os contratados. Isso \u00e9 uma mudan\u00e7a em rela\u00e7\u00e3o ao modelo atual, onde o ISS \u00e9 o principal tributo sobre servi\u00e7os e n\u00e3o pode ser creditado.<\/p>\n\n\n\n<figure class=\"wp-block-embed is-type-video is-provider-youtube wp-block-embed-youtube wp-embed-aspect-16-9 wp-has-aspect-ratio\"><div class=\"wp-block-embed__wrapper\">\n<iframe loading=\"lazy\" title=\"Reforma Tribut\u00e1ria: Split payment e cr\u00e9dito tribut\u00e1rio - impactos no fluxo de caixa e precifica\u00e7\u00e3o\" width=\"640\" height=\"360\" src=\"https:\/\/www.youtube.com\/embed\/acCgAK7HbHU?feature=oembed\" frameborder=\"0\" allow=\"accelerometer; autoplay; clipboard-write; encrypted-media; gyroscope; picture-in-picture; web-share\" referrerpolicy=\"strict-origin-when-cross-origin\" allowfullscreen><\/iframe>\n<\/div><\/figure>\n\n\n\n<p>Empresas do Simples Nacional que desejarem se beneficiar desta nova sistem\u00e1tica poder\u00e3o optar pelo recolhimento dos novos tributos fora da DAS. No entanto, este recolhimento ser\u00e1 feito com a al\u00edquota cheia de IBS e CBS, sem o benef\u00edcio da unifica\u00e7\u00e3o e redu\u00e7\u00e3o oferecida pelo Simples Nacional. Os demais tributos como IRPJ, CSLL e CPP seguem sendo pagos via DAS.<\/p>\n\n\n\n<p>Hoje tamb\u00e9m \u00e9 poss\u00edvel compensar impostos apenas com o mesmo tipo de imposto. Por exemplo, uma empresa do Lucro Real que compra insumos paga ICMS, IPI, PIS e Cofins no pre\u00e7o da mercadoria. No final do m\u00eas, a empresa precisa apurar os impostos a pagar e calcular o cr\u00e9dito dispon\u00edvel para cada tributo separadamente, compensando cada imposto apenas com o mesmo tipo antes do pagamento.<\/p>\n\n\n\n<p>Com a unifica\u00e7\u00e3o do PIS, Cofins e IPI em CBS e do ICMS e ISS em IBS, essa separa\u00e7\u00e3o n\u00e3o ser\u00e1 mais necess\u00e1ria, independentemente do regime de tributa\u00e7\u00e3o.&nbsp;<\/p>\n\n\n\n<h2 class=\"wp-block-heading\" id=\"quem-pode-se-beneficiar-dos-creditos-tributarios-hoje-x-na-reforma-tributaria\">Quem pode se beneficiar dos cr\u00e9ditos tribut\u00e1rios hoje x na Reforma Tribut\u00e1ria?<\/h2>\n\n\n\n<figure class=\"wp-block-table\"><table><tbody><tr><td><strong>HOJE<\/strong><\/td><td><strong>AP\u00d3S REFORMA TRIBUT\u00c1RIA<\/strong><\/td><\/tr><tr><td>Empresas do Lucro Real<\/td><td>Todas as empresas do Lucro Real e Lucro Presumido, incluindo impostos sobre servi\u00e7os<\/td><\/tr><tr><td>Empresas do Lucro Presumido (parcialmente)<\/td><td>Empresas do Simples Nacional com recolhimento por fora do IBS e CBS<\/td><\/tr><\/tbody><\/table><\/figure>\n\n\n\n<h2 class=\"wp-block-heading\" id=\"e-como-serao-administrados-os-creditos\">E como ser\u00e3o administrados os cr\u00e9ditos?<\/h2>\n\n\n\n<p>A princ\u00edpio,&nbsp;<strong>o governo federal ser\u00e1 respons\u00e1vel<\/strong>&nbsp;pela sistem\u00e1tica e pelo direito a cr\u00e9ditos tribut\u00e1rios, mas a quest\u00e3o operacional ainda n\u00e3o est\u00e1 definida no contexto da Reforma Tribut\u00e1ria.&nbsp;<\/p>\n\n\n\n<p>S\u00e3o tantas perguntas na mesa que ainda demandam discuss\u00e3o, como por exemplo: Quando ser\u00e1 compensado ou em qual tempo? Como ficar\u00e1 dispon\u00edvel ou como ser\u00e1 feito o acompanhamento?&nbsp;<\/p>\n\n\n\n<p>O que est\u00e1 mais encaminhado \u00e9 que, diferente do passado \u2013 em que o documento da nota fiscal e a sua escritura\u00e7\u00e3o era utilizado para gerar o direito a cr\u00e9dito,&nbsp;<strong>agora ser\u00e1 considerado o valor de imposto que foi efetivamente pago por quem pode transferir aquele cr\u00e9dito<\/strong>. Uma mudan\u00e7a considerada impactante aqui.&nbsp;<\/p>\n\n\n\n<h2 class=\"wp-block-heading\" id=\"e-de-que-maneira-acontecera-a-apuracao-e-verificacao-dos-impostos\">E de que maneira acontecer\u00e1 a apura\u00e7\u00e3o e verifica\u00e7\u00e3o dos impostos?&nbsp;<\/h2>\n\n\n\n<p>Existe a expectativa de que o governo federal disponibilize um sistema unificado onde ser\u00e3o efetuadas as consultas, para n\u00e3o existir o risco de deduzir mais do que de fato ser\u00e1 poss\u00edvel.&nbsp;<\/p>\n\n\n\n<h2 class=\"wp-block-heading\" id=\"exemplo-pratico-de-uso-de-credito-tributario\">Exemplo pr\u00e1tico de uso de cr\u00e9dito tribut\u00e1rio<\/h2>\n\n\n\n<p>Por exemplo, supondo que uma empresa emitiu uma nota fiscal no valor de R$ 1.000,00 e contribuiu com R$ 100,00 de impostos. O cr\u00e9dito apenas ser\u00e1 tomado se quem vendeu a mercadoria ou prestou o servi\u00e7o recolheu \u00e0queles R$ 100,00.&nbsp;<\/p>\n\n\n\n<p>Essa tentativa de vincular a tomada do cr\u00e9dito n\u00e3o ao valor destacado no documento fiscal, mas sim ao efetivo pagamento, \u00e9 uma forma de coibir a sonega\u00e7\u00e3o fiscal.&nbsp;<\/p>\n\n\n\n<p>Se o valor de R$ 100 for quitado por quem prestou aquele servi\u00e7o ou vendeu aquela mercadoria, ser\u00e1 poss\u00edvel utilizar esse valor de cr\u00e9dito. Ainda est\u00e3o sendo definidos de que forma ser\u00e1 compensado o cr\u00e9dito.&nbsp;<\/p>\n\n\n\n<h2 class=\"wp-block-heading\" id=\"como-se-preparar-para-as-mudancas-da-reforma-tributaria\">Como se preparar para as mudan\u00e7as da Reforma Tribut\u00e1ria?<\/h2>\n\n\n\n<p>Vai ser fundamental o contratante prestar aten\u00e7\u00e3o na quest\u00e3o de cr\u00e9ditos tribut\u00e1rios, pois poder\u00e1 at\u00e9 pagar mais imposto, caso o prestador de servi\u00e7o ou o vendedor do produto n\u00e3o recolher aquele imposto antes. Neste caso, automaticamente n\u00e3o haver\u00e1 direito \u00e0quele cr\u00e9dito, a a\u00e7\u00e3o poder\u00e1 onerar as opera\u00e7\u00f5es, o fluxo de caixa e o resultado da transa\u00e7\u00e3o.&nbsp;<\/p>\n\n\n\n<p>\u201c<strong>A proposta da Reforma Tribut\u00e1ria descreve que o cr\u00e9dito s\u00f3 poder\u00e1 acontecer se quem transferir o cr\u00e9dito recolheu o d\u00e9bito devido<\/strong>. Ent\u00e3o, mesmo n\u00e3o sabendo como isso funcionar\u00e1, ser\u00e1 importante ter um ambiente p\u00fablico virtual onde seja poss\u00edvel consultar a regularidade de cada CNPJ\u201d, sugere Gularte.&nbsp;<\/p>\n\n\n\n<h2 class=\"wp-block-heading\" id=\"conte-com-a-contabilizei\">Conte com a Contabilizei<\/h2>\n\n\n\n<p>A Contabilizei conta com uma equipe especializada nas mudan\u00e7as da Reforma Tribut\u00e1ria, oferecendo assessoria completa para todos os clientes que precisam de apoio para compreender os cen\u00e1rios ap\u00f3s a Reforma Tribut\u00e1ria e escolher o melhor caminho para a sua empresa.&nbsp;<\/p>\n\n\n\n<p>Se voc\u00ea pretende abrir uma empresa, conte com a expertise da maior contabilidade do Brasil e fa\u00e7a como mais de 70 mil clientes. Venha a Contabilizei.&nbsp;<\/p>\n","protected":false},"excerpt":{"rendered":"<p>Quando uma empresa compra um produto ou servi\u00e7o para utilizar na produ\u00e7\u00e3o de outro produto, ela paga um imposto sobre&#8230;<\/p>\n","protected":false},"author":88,"featured_media":39148,"template":"","reforma_post_category":[351],"reforma_post_trail":[363],"class_list":{"0":"post-39259","1":"reforma_post","2":"type-reforma_post","3":"status-publish","4":"has-post-thumbnail","6":"reforma_post_category-o-que-muda","7":"reforma_post_trail-principais-novidades"},"yoast_head":"<!-- This site is optimized with the Yoast SEO plugin v27.5 - https:\/\/yoast.com\/product\/yoast-seo-wordpress\/ -->\n<title>O que \u00e9 cr\u00e9dito tribut\u00e1rio na Reforma Tribut\u00e1ria e como isso afeta o pre\u00e7o do seu produto<\/title>\n<meta name=\"description\" content=\"Saiba o que \u00e9 cr\u00e9dito tribut\u00e1rio na Nova Reforma Tribut\u00e1ria, quem pode utilizar os cr\u00e9ditos, o que muda para o Simples Nacional e mais.\" \/>\n<meta name=\"robots\" content=\"index, follow\" \/>\n<link rel=\"canonical\" href=\"https:\/\/www.contabilizei.com.br\/reforma-tributaria\/artigo\/credito-tributario\/\" \/>\n<meta property=\"og:locale\" content=\"pt_BR\" \/>\n<meta property=\"og:type\" content=\"article\" \/>\n<meta property=\"og:title\" content=\"O que \u00e9 cr\u00e9dito tribut\u00e1rio na Reforma Tribut\u00e1ria e como isso afeta o pre\u00e7o do seu produto\" \/>\n<meta property=\"og:description\" content=\"Saiba o que \u00e9 cr\u00e9dito tribut\u00e1rio na Nova Reforma Tribut\u00e1ria, quem pode utilizar os cr\u00e9ditos, o que muda para o Simples Nacional e mais.\" \/>\n<meta property=\"og:url\" content=\"https:\/\/www.contabilizei.com.br\/reforma-tributaria\/artigo\/credito-tributario\/\" \/>\n<meta property=\"og:site_name\" content=\"Blog da Contabilizei\" \/>\n<meta property=\"article:publisher\" content=\"https:\/\/www.facebook.com\/Contabilizei\/\" \/>\n<meta property=\"article:modified_time\" content=\"2026-03-25T19:19:07+00:00\" \/>\n<meta property=\"og:image\" content=\"https:\/\/www.contabilizei.com.br\/reforma-tributaria\/wp-content\/uploads\/2018\/05\/contrato-social-do-CNPJ.webp\" \/>\n\t<meta property=\"og:image:width\" content=\"1200\" \/>\n\t<meta property=\"og:image:height\" content=\"750\" \/>\n\t<meta property=\"og:image:type\" content=\"image\/webp\" \/>\n<meta name=\"twitter:card\" content=\"summary_large_image\" \/>\n<meta name=\"twitter:site\" content=\"@contabilizei\" \/>\n<meta name=\"twitter:label1\" content=\"Est. tempo de leitura\" \/>\n\t<meta name=\"twitter:data1\" content=\"12 minutos\" \/>\n<!-- \/ Yoast SEO plugin. -->","yoast_head_json":{"title":"O que \u00e9 cr\u00e9dito tribut\u00e1rio na Reforma Tribut\u00e1ria e como isso afeta o pre\u00e7o do seu produto","description":"Saiba o que \u00e9 cr\u00e9dito tribut\u00e1rio na Nova Reforma Tribut\u00e1ria, quem pode utilizar os cr\u00e9ditos, o que muda para o Simples Nacional e mais.","robots":{"index":"index","follow":"follow"},"canonical":"https:\/\/www.contabilizei.com.br\/reforma-tributaria\/artigo\/credito-tributario\/","og_locale":"pt_BR","og_type":"article","og_title":"O que \u00e9 cr\u00e9dito tribut\u00e1rio na Reforma Tribut\u00e1ria e como isso afeta o pre\u00e7o do seu produto","og_description":"Saiba o que \u00e9 cr\u00e9dito tribut\u00e1rio na Nova Reforma Tribut\u00e1ria, quem pode utilizar os cr\u00e9ditos, o que muda para o Simples Nacional e mais.","og_url":"https:\/\/www.contabilizei.com.br\/reforma-tributaria\/artigo\/credito-tributario\/","og_site_name":"Blog da Contabilizei","article_publisher":"https:\/\/www.facebook.com\/Contabilizei\/","article_modified_time":"2026-03-25T19:19:07+00:00","og_image":[{"width":1200,"height":750,"url":"https:\/\/www.contabilizei.com.br\/reforma-tributaria\/wp-content\/uploads\/2018\/05\/contrato-social-do-CNPJ.webp","type":"image\/webp"}],"twitter_card":"summary_large_image","twitter_site":"@contabilizei","twitter_misc":{"Est. tempo de leitura":"12 minutos"},"schema":{"@context":"https:\/\/schema.org","@graph":[{"@type":"WebPage","@id":"https:\/\/www.contabilizei.com.br\/reforma-tributaria\/artigo\/credito-tributario\/","url":"https:\/\/www.contabilizei.com.br\/reforma-tributaria\/artigo\/credito-tributario\/","name":"O que \u00e9 cr\u00e9dito tribut\u00e1rio na Reforma Tribut\u00e1ria e como isso afeta o pre\u00e7o do seu produto","isPartOf":{"@id":"https:\/\/www.contabilizei.com.br\/reforma-tributaria\/#website"},"primaryImageOfPage":{"@id":"https:\/\/www.contabilizei.com.br\/reforma-tributaria\/artigo\/credito-tributario\/#primaryimage"},"image":{"@id":"https:\/\/www.contabilizei.com.br\/reforma-tributaria\/artigo\/credito-tributario\/#primaryimage"},"thumbnailUrl":"https:\/\/www.contabilizei.com.br\/reforma-tributaria\/wp-content\/uploads\/2018\/05\/contrato-social-do-CNPJ.webp","datePublished":"2025-06-23T18:50:00+00:00","dateModified":"2026-03-25T19:19:07+00:00","description":"Saiba o que \u00e9 cr\u00e9dito tribut\u00e1rio na Nova Reforma Tribut\u00e1ria, quem pode utilizar os cr\u00e9ditos, o que muda para o Simples Nacional e mais.","breadcrumb":{"@id":"https:\/\/www.contabilizei.com.br\/reforma-tributaria\/artigo\/credito-tributario\/#breadcrumb"},"inLanguage":"pt-BR","potentialAction":[{"@type":"ReadAction","target":["https:\/\/www.contabilizei.com.br\/reforma-tributaria\/artigo\/credito-tributario\/"]}]},{"@type":"ImageObject","inLanguage":"pt-BR","@id":"https:\/\/www.contabilizei.com.br\/reforma-tributaria\/artigo\/credito-tributario\/#primaryimage","url":"https:\/\/www.contabilizei.com.br\/reforma-tributaria\/wp-content\/uploads\/2018\/05\/contrato-social-do-CNPJ.webp","contentUrl":"https:\/\/www.contabilizei.com.br\/reforma-tributaria\/wp-content\/uploads\/2018\/05\/contrato-social-do-CNPJ.webp","width":1200,"height":750},{"@type":"BreadcrumbList","@id":"https:\/\/www.contabilizei.com.br\/reforma-tributaria\/artigo\/credito-tributario\/#breadcrumb","itemListElement":[{"@type":"ListItem","position":1,"name":"Home","item":"https:\/\/www.contabilizei.com.br\/reforma-tributaria\/"},{"@type":"ListItem","position":2,"name":"Posts - Reforma Tribut\u00e1ria","item":"https:\/\/www.contabilizei.com.br\/reforma-tributaria\/artigo\/"},{"@type":"ListItem","position":3,"name":"O que \u00e9 cr\u00e9dito tribut\u00e1rio na Reforma Tribut\u00e1ria e como isso afeta o pre\u00e7o do seu produto"}]},{"@type":"WebSite","@id":"https:\/\/www.contabilizei.com.br\/reforma-tributaria\/#website","url":"https:\/\/www.contabilizei.com.br\/reforma-tributaria\/","name":"Hub da Reforma tribut\u00e1ria","description":"Apoiando o empreendedorismo desde 2013","potentialAction":[{"@type":"SearchAction","target":{"@type":"EntryPoint","urlTemplate":"https:\/\/www.contabilizei.com.br\/reforma-tributaria\/?s={search_term_string}"},"query-input":{"@type":"PropertyValueSpecification","valueRequired":true,"valueName":"search_term_string"}}],"inLanguage":"pt-BR"}]}},"_links":{"self":[{"href":"https:\/\/www.contabilizei.com.br\/reforma-tributaria\/wp-json\/wp\/v2\/reforma_post\/39259","targetHints":{"allow":["GET"]}}],"collection":[{"href":"https:\/\/www.contabilizei.com.br\/reforma-tributaria\/wp-json\/wp\/v2\/reforma_post"}],"about":[{"href":"https:\/\/www.contabilizei.com.br\/reforma-tributaria\/wp-json\/wp\/v2\/types\/reforma_post"}],"author":[{"embeddable":true,"href":"https:\/\/www.contabilizei.com.br\/reforma-tributaria\/wp-json\/wp\/v2\/users\/88"}],"version-history":[{"count":5,"href":"https:\/\/www.contabilizei.com.br\/reforma-tributaria\/wp-json\/wp\/v2\/reforma_post\/39259\/revisions"}],"predecessor-version":[{"id":40354,"href":"https:\/\/www.contabilizei.com.br\/reforma-tributaria\/wp-json\/wp\/v2\/reforma_post\/39259\/revisions\/40354"}],"wp:featuredmedia":[{"embeddable":true,"href":"https:\/\/www.contabilizei.com.br\/reforma-tributaria\/wp-json\/wp\/v2\/media\/39148"}],"wp:attachment":[{"href":"https:\/\/www.contabilizei.com.br\/reforma-tributaria\/wp-json\/wp\/v2\/media?parent=39259"}],"wp:term":[{"taxonomy":"reforma_post_category","embeddable":true,"href":"https:\/\/www.contabilizei.com.br\/reforma-tributaria\/wp-json\/wp\/v2\/reforma_post_category?post=39259"},{"taxonomy":"reforma_post_trail","embeddable":true,"href":"https:\/\/www.contabilizei.com.br\/reforma-tributaria\/wp-json\/wp\/v2\/reforma_post_trail?post=39259"}],"curies":[{"name":"wp","href":"https:\/\/api.w.org\/{rel}","templated":true}]}}