{"id":39257,"date":"2025-06-23T14:57:50","date_gmt":"2025-06-23T17:57:50","guid":{"rendered":"https:\/\/www.contabilizei.com.br\/contabilidade-online\/?post_type=reforma_post&#038;p=39257"},"modified":"2026-03-25T16:17:16","modified_gmt":"2026-03-25T19:17:16","slug":"reforma-tributaria-microempresa","status":"publish","type":"reforma_post","link":"https:\/\/www.contabilizei.com.br\/reforma-tributaria\/artigo\/reforma-tributaria-microempresa\/","title":{"rendered":"Reforma tribut\u00e1ria microempresa: como se preparar?"},"content":{"rendered":"\n<p><strong>A Reforma Tribut\u00e1ria aprovada em 2023 impactar\u00e1 diretamente as microempresas, exigindo antecipa\u00e7\u00e3o e estrat\u00e9gia para lidar com as mudan\u00e7as, inclusive as microempresas optantes pelo Simples Nacional.<\/strong><\/p>\n\n\n\n<p>A estimativa atual \u00e9 que a al\u00edquota geral do IVA fique em 28% sobre as opera\u00e7\u00f5es de compra e venda de mercadorias e servi\u00e7os.&nbsp; Como nem todos os setores da economia ser\u00e3o beneficiados com uma carga tribut\u00e1ria menor, \u00e9 importante entender como o novo formato de tributa\u00e7\u00e3o vai interferir nos seus neg\u00f3cios.<\/p>\n\n\n\n<p>As microempresas do regime normal de tributa\u00e7\u00e3o precisam se antecipar \u00e0s mudan\u00e7as, enquanto as do Simples Nacional que atuam no mercado B2B precisar\u00e3o analisar se este seguir\u00e1 sendo o regime de tributa\u00e7\u00e3o mais vantajoso.<\/p>\n\n\n\n<p><strong>Para uma prepara\u00e7\u00e3o eficiente, recomendamos:<\/strong><\/p>\n\n\n\n<ol class=\"wp-block-list\">\n<li><strong>An\u00e1lise Financeira Pr\u00e9via:<\/strong> Realizar an\u00e1lises financeiras para compreender os impactos nos neg\u00f3cios, considerando rentabilidade, pre\u00e7os e estrutura operacional.<\/li>\n\n\n\n<li><strong>Simula\u00e7\u00f5es de Custos: <\/strong>Simular pre\u00e7os de venda e custos, ajustando-os \u00e0s novas al\u00edquotas e identificando as mudan\u00e7as nos resultados financeiros.<\/li>\n\n\n\n<li><strong>Avalia\u00e7\u00e3o de Incentivos Fiscais: <\/strong>Avaliar o impacto da perda de incentivos fiscais existentes, antecipando poss\u00edveis desafios financeiros.<\/li>\n\n\n\n<li><strong>Contador Especializado: <\/strong>Contar com um contador especializado para garantir compreens\u00e3o e conformidade com as novas normas tribut\u00e1rias, al\u00e9m de mensurar o custo de compliance fiscal.<\/li>\n\n\n\n<li><strong>Estrat\u00e9gias de Transi\u00e7\u00e3o: <\/strong>Considerar estrat\u00e9gias de transi\u00e7\u00e3o, especialmente para microempresas no Simples Nacional, como avaliar a possibilidade de recolhimento de CBS e IBS \u201cpor fora\u201d ou analisar a migra\u00e7\u00e3o para o Lucro Presumido.<\/li>\n<\/ol>\n\n\n\n<figure class=\"wp-block-image size-full\"><a href=\"https:\/\/www.contabilizei.com.br\/calculadora-reforma-tributaria\/?utm_source=youtube.com&amp;utm_medium=video&amp;utm_campaign=descricao-ibs-o-que-e\" target=\"_blank\" rel=\" noreferrer noopener\"><img loading=\"lazy\" decoding=\"async\" width=\"615\" height=\"300\" src=\"https:\/\/www.contabilizei.com.br\/reforma-tributaria\/wp-content\/uploads\/2025\/06\/KV-1-Copy-2-1.webp\" alt=\"\" class=\"wp-image-40224\" srcset=\"https:\/\/www.contabilizei.com.br\/reforma-tributaria\/wp-content\/uploads\/2025\/06\/KV-1-Copy-2-1.webp 615w, https:\/\/www.contabilizei.com.br\/reforma-tributaria\/wp-content\/uploads\/2025\/06\/KV-1-Copy-2-1-300x146.webp 300w\" sizes=\"auto, (max-width: 615px) 100vw, 615px\" \/><\/a><\/figure>\n\n\n\n<p>A Reforma Tribut\u00e1ria pode impactar diretamente a sua empresa, e a melhor maneira de se preparar para as mudan\u00e7as \u00e9 com conhecimento.&nbsp;<a href=\"https:\/\/e.contabilizei.com.br\/reforma_tributaria_newsletter\" target=\"_blank\" rel=\"noreferrer noopener\">Assine nossa newsletter<\/a>&nbsp;e tenha acesso a uma curadoria com conte\u00fados exclusivos no seu e-mail.<\/p>\n\n\n\n<figure class=\"wp-block-embed is-type-video is-provider-youtube wp-block-embed-youtube wp-embed-aspect-16-9 wp-has-aspect-ratio\"><div class=\"wp-block-embed__wrapper\">\n<iframe loading=\"lazy\" title=\"Como a Reforma Tribut\u00e1ria vai mudar a vida das micro e pequenas empresas?\" width=\"640\" height=\"360\" src=\"https:\/\/www.youtube.com\/embed\/uRqwfNMpgY4?list=PLIsSVjFbADExpA3JDHUGSBh3uddUwAPRH\" frameborder=\"0\" allow=\"accelerometer; autoplay; clipboard-write; encrypted-media; gyroscope; picture-in-picture; web-share\" referrerpolicy=\"strict-origin-when-cross-origin\" allowfullscreen><\/iframe>\n<\/div><\/figure>\n\n\n\n<p>Ao adotar essas a\u00e7\u00f5es com anteced\u00eancia, as microempresas podem superar poss\u00edveis desafios, ajustando-se de forma mais eficaz \u00e0s mudan\u00e7as propostas.&nbsp;<a href=\"https:\/\/www.contabilizei.com.br\/abrir-empresa\/\" target=\"_blank\" rel=\"noreferrer noopener\">Fa\u00e7a parte dos mais de 70 mil empreendedores<\/a>&nbsp;que confiaram \u00e0 Contabilizei a gest\u00e3o de seus CNPJs. A Contabilizei est\u00e1 preparada para continuar garantindo a regularidade fiscal e a tributa\u00e7\u00e3o mais vantajosa para cada neg\u00f3cio.&nbsp;<\/p>\n","protected":false},"excerpt":{"rendered":"<p>A Reforma Tribut\u00e1ria aprovada em 2023 impactar\u00e1 diretamente as microempresas, exigindo antecipa\u00e7\u00e3o e estrat\u00e9gia para lidar com as mudan\u00e7as, inclusive&#8230;<\/p>\n","protected":false},"author":88,"featured_media":38564,"template":"","reforma_post_category":[355],"reforma_post_trail":[364],"class_list":{"0":"post-39257","1":"reforma_post","2":"type-reforma_post","3":"status-publish","4":"has-post-thumbnail","6":"reforma_post_category-como-se-preparar","7":"reforma_post_trail-impactos-para-cada-regime-tributario"},"yoast_head":"<!-- This site is optimized with the Yoast SEO plugin v27.5 - https:\/\/yoast.com\/product\/yoast-seo-wordpress\/ -->\n<title>microempresa-reforma-tributaria<\/title>\n<meta name=\"description\" content=\"Entenda como vai funcionar a Reforma tribut\u00e1ria para microempresas aprovada em 2023 e prepare seu CNPJ para as mudan\u00e7as.\" \/>\n<meta name=\"robots\" content=\"index, follow\" \/>\n<link rel=\"canonical\" href=\"https:\/\/www.contabilizei.com.br\/reforma-tributaria\/artigo\/reforma-tributaria-microempresa\/\" \/>\n<meta property=\"og:locale\" content=\"pt_BR\" \/>\n<meta property=\"og:type\" content=\"article\" \/>\n<meta property=\"og:title\" content=\"microempresa-reforma-tributaria\" \/>\n<meta property=\"og:description\" content=\"Entenda como vai funcionar a Reforma tribut\u00e1ria para microempresas aprovada em 2023 e prepare seu CNPJ para as mudan\u00e7as.\" \/>\n<meta property=\"og:url\" content=\"https:\/\/www.contabilizei.com.br\/reforma-tributaria\/artigo\/reforma-tributaria-microempresa\/\" \/>\n<meta property=\"og:site_name\" content=\"Blog da Contabilizei\" \/>\n<meta property=\"article:publisher\" content=\"https:\/\/www.facebook.com\/Contabilizei\/\" \/>\n<meta property=\"article:modified_time\" content=\"2026-03-25T19:17:16+00:00\" \/>\n<meta property=\"og:image\" content=\"https:\/\/www.contabilizei.com.br\/reforma-tributaria\/wp-content\/uploads\/2022\/04\/advogado-e-profissional-liberal.webp\" \/>\n\t<meta property=\"og:image:width\" content=\"1200\" \/>\n\t<meta property=\"og:image:height\" content=\"750\" \/>\n\t<meta property=\"og:image:type\" content=\"image\/webp\" \/>\n<meta name=\"twitter:card\" content=\"summary_large_image\" \/>\n<meta name=\"twitter:site\" content=\"@contabilizei\" \/>\n<meta name=\"twitter:label1\" content=\"Est. tempo de leitura\" \/>\n\t<meta name=\"twitter:data1\" content=\"3 minutos\" \/>\n<!-- \/ Yoast SEO plugin. -->","yoast_head_json":{"title":"microempresa-reforma-tributaria","description":"Entenda como vai funcionar a Reforma tribut\u00e1ria para microempresas aprovada em 2023 e prepare seu CNPJ para as mudan\u00e7as.","robots":{"index":"index","follow":"follow"},"canonical":"https:\/\/www.contabilizei.com.br\/reforma-tributaria\/artigo\/reforma-tributaria-microempresa\/","og_locale":"pt_BR","og_type":"article","og_title":"microempresa-reforma-tributaria","og_description":"Entenda como vai funcionar a Reforma tribut\u00e1ria para microempresas aprovada em 2023 e prepare seu CNPJ para as mudan\u00e7as.","og_url":"https:\/\/www.contabilizei.com.br\/reforma-tributaria\/artigo\/reforma-tributaria-microempresa\/","og_site_name":"Blog da Contabilizei","article_publisher":"https:\/\/www.facebook.com\/Contabilizei\/","article_modified_time":"2026-03-25T19:17:16+00:00","og_image":[{"width":1200,"height":750,"url":"https:\/\/www.contabilizei.com.br\/reforma-tributaria\/wp-content\/uploads\/2022\/04\/advogado-e-profissional-liberal.webp","type":"image\/webp"}],"twitter_card":"summary_large_image","twitter_site":"@contabilizei","twitter_misc":{"Est. tempo de leitura":"3 minutos"},"schema":{"@context":"https:\/\/schema.org","@graph":[{"@type":"WebPage","@id":"https:\/\/www.contabilizei.com.br\/reforma-tributaria\/artigo\/reforma-tributaria-microempresa\/","url":"https:\/\/www.contabilizei.com.br\/reforma-tributaria\/artigo\/reforma-tributaria-microempresa\/","name":"microempresa-reforma-tributaria","isPartOf":{"@id":"https:\/\/www.contabilizei.com.br\/reforma-tributaria\/#website"},"primaryImageOfPage":{"@id":"https:\/\/www.contabilizei.com.br\/reforma-tributaria\/artigo\/reforma-tributaria-microempresa\/#primaryimage"},"image":{"@id":"https:\/\/www.contabilizei.com.br\/reforma-tributaria\/artigo\/reforma-tributaria-microempresa\/#primaryimage"},"thumbnailUrl":"https:\/\/www.contabilizei.com.br\/reforma-tributaria\/wp-content\/uploads\/2022\/04\/advogado-e-profissional-liberal.webp","datePublished":"2025-06-23T17:57:50+00:00","dateModified":"2026-03-25T19:17:16+00:00","description":"Entenda como vai funcionar a Reforma tribut\u00e1ria para microempresas aprovada em 2023 e prepare seu CNPJ para as mudan\u00e7as.","breadcrumb":{"@id":"https:\/\/www.contabilizei.com.br\/reforma-tributaria\/artigo\/reforma-tributaria-microempresa\/#breadcrumb"},"inLanguage":"pt-BR","potentialAction":[{"@type":"ReadAction","target":["https:\/\/www.contabilizei.com.br\/reforma-tributaria\/artigo\/reforma-tributaria-microempresa\/"]}]},{"@type":"ImageObject","inLanguage":"pt-BR","@id":"https:\/\/www.contabilizei.com.br\/reforma-tributaria\/artigo\/reforma-tributaria-microempresa\/#primaryimage","url":"https:\/\/www.contabilizei.com.br\/reforma-tributaria\/wp-content\/uploads\/2022\/04\/advogado-e-profissional-liberal.webp","contentUrl":"https:\/\/www.contabilizei.com.br\/reforma-tributaria\/wp-content\/uploads\/2022\/04\/advogado-e-profissional-liberal.webp","width":1200,"height":750},{"@type":"BreadcrumbList","@id":"https:\/\/www.contabilizei.com.br\/reforma-tributaria\/artigo\/reforma-tributaria-microempresa\/#breadcrumb","itemListElement":[{"@type":"ListItem","position":1,"name":"Home","item":"https:\/\/www.contabilizei.com.br\/reforma-tributaria\/"},{"@type":"ListItem","position":2,"name":"Posts - Reforma Tribut\u00e1ria","item":"https:\/\/www.contabilizei.com.br\/reforma-tributaria\/artigo\/"},{"@type":"ListItem","position":3,"name":"Reforma tribut\u00e1ria microempresa: como se preparar?"}]},{"@type":"WebSite","@id":"https:\/\/www.contabilizei.com.br\/reforma-tributaria\/#website","url":"https:\/\/www.contabilizei.com.br\/reforma-tributaria\/","name":"Hub da Reforma tribut\u00e1ria","description":"Apoiando o empreendedorismo desde 2013","potentialAction":[{"@type":"SearchAction","target":{"@type":"EntryPoint","urlTemplate":"https:\/\/www.contabilizei.com.br\/reforma-tributaria\/?s={search_term_string}"},"query-input":{"@type":"PropertyValueSpecification","valueRequired":true,"valueName":"search_term_string"}}],"inLanguage":"pt-BR"}]}},"_links":{"self":[{"href":"https:\/\/www.contabilizei.com.br\/reforma-tributaria\/wp-json\/wp\/v2\/reforma_post\/39257","targetHints":{"allow":["GET"]}}],"collection":[{"href":"https:\/\/www.contabilizei.com.br\/reforma-tributaria\/wp-json\/wp\/v2\/reforma_post"}],"about":[{"href":"https:\/\/www.contabilizei.com.br\/reforma-tributaria\/wp-json\/wp\/v2\/types\/reforma_post"}],"author":[{"embeddable":true,"href":"https:\/\/www.contabilizei.com.br\/reforma-tributaria\/wp-json\/wp\/v2\/users\/88"}],"version-history":[{"count":2,"href":"https:\/\/www.contabilizei.com.br\/reforma-tributaria\/wp-json\/wp\/v2\/reforma_post\/39257\/revisions"}],"predecessor-version":[{"id":40352,"href":"https:\/\/www.contabilizei.com.br\/reforma-tributaria\/wp-json\/wp\/v2\/reforma_post\/39257\/revisions\/40352"}],"wp:featuredmedia":[{"embeddable":true,"href":"https:\/\/www.contabilizei.com.br\/reforma-tributaria\/wp-json\/wp\/v2\/media\/38564"}],"wp:attachment":[{"href":"https:\/\/www.contabilizei.com.br\/reforma-tributaria\/wp-json\/wp\/v2\/media?parent=39257"}],"wp:term":[{"taxonomy":"reforma_post_category","embeddable":true,"href":"https:\/\/www.contabilizei.com.br\/reforma-tributaria\/wp-json\/wp\/v2\/reforma_post_category?post=39257"},{"taxonomy":"reforma_post_trail","embeddable":true,"href":"https:\/\/www.contabilizei.com.br\/reforma-tributaria\/wp-json\/wp\/v2\/reforma_post_trail?post=39257"}],"curies":[{"name":"wp","href":"https:\/\/api.w.org\/{rel}","templated":true}]}}