{"id":39254,"date":"2025-06-23T14:51:41","date_gmt":"2025-06-23T17:51:41","guid":{"rendered":"https:\/\/www.contabilizei.com.br\/contabilidade-online\/?post_type=reforma_post&#038;p=39254"},"modified":"2026-03-25T16:05:43","modified_gmt":"2026-03-25T19:05:43","slug":"impostos-reforma-tributaria-quais-sao-e-as-mudancas","status":"publish","type":"reforma_post","link":"https:\/\/www.contabilizei.com.br\/reforma-tributaria\/artigo\/impostos-reforma-tributaria-quais-sao-e-as-mudancas\/","title":{"rendered":"Impostos Reforma Tribut\u00e1ria: quais s\u00e3o e as mudan\u00e7as"},"content":{"rendered":"\n<p><strong>A reforma tribut\u00e1ria aprovada no Brasil em 2023 trar\u00e1 mudan\u00e7as importantes no sistema de impostos. O ICMS, ISS, IPI, PIS e COFINS ser\u00e3o substitu\u00eddos pelo Imposto sobre Valor Agregado (IVA), em todo o pa\u00eds. Essa altera\u00e7\u00e3o tem como objetivo simplificar a tributa\u00e7\u00e3o e reduzir a burocracia.<\/strong><\/p>\n\n\n\n<p><em>A Reforma Tribut\u00e1ria pode impactar diretamente a sua empresa, e a melhor maneira de se preparar para as mudan\u00e7as \u00e9 com conhecimento.&nbsp;<a href=\"https:\/\/e.contabilizei.com.br\/reforma_tributaria_newsletter\" target=\"_blank\" rel=\"noreferrer noopener\">Assine nossa newsletter<\/a>&nbsp;e tenha acesso a uma curadoria com conte\u00fados exclusivos no seu e-mail.<\/em><\/p>\n\n\n\n<p>Para lidar com o desafio de equilibrar a arrecada\u00e7\u00e3o de tributos entre governos federal, estaduais e municipais, foi acordada a cria\u00e7\u00e3o do IVA Dual, gerenciado por ambos. A proposta&nbsp; de IVA DUAL, se subdivide em dois novos tributos:&nbsp;<\/p>\n\n\n\n<ul class=\"wp-block-list\">\n<li>IBS (Imposto sobre Bens e Servi\u00e7os) \u2013 de compet\u00eancia estadual e municipal, substituindo o ICMS e o ISS;<\/li>\n\n\n\n<li>CBS (Contribui\u00e7\u00e3o sobre Bens e Servi\u00e7os) \u2013 de compet\u00eancia federal, substituindo PIS, COFINS e IPI;&nbsp;<\/li>\n<\/ul>\n\n\n\n<figure class=\"wp-block-image size-full\"><a href=\"https:\/\/www.contabilizei.com.br\/calculadora-reforma-tributaria\/?utm_source=youtube.com&amp;utm_medium=video&amp;utm_campaign=descricao-ibs-o-que-e\" target=\"_blank\" rel=\" noreferrer noopener\"><img loading=\"lazy\" decoding=\"async\" width=\"615\" height=\"300\" src=\"https:\/\/www.contabilizei.com.br\/reforma-tributaria\/wp-content\/uploads\/2025\/06\/KV-2-Copy-2.webp\" alt=\"\" class=\"wp-image-40220\" srcset=\"https:\/\/www.contabilizei.com.br\/reforma-tributaria\/wp-content\/uploads\/2025\/06\/KV-2-Copy-2.webp 615w, https:\/\/www.contabilizei.com.br\/reforma-tributaria\/wp-content\/uploads\/2025\/06\/KV-2-Copy-2-300x146.webp 300w\" sizes=\"auto, (max-width: 615px) 100vw, 615px\" \/><\/a><\/figure>\n\n\n\n<p>Tamb\u00e9m foi institu\u00eddo a cobran\u00e7a de um terceiro tributo, de compet\u00eancia federal, chamado de Imposto Seletivo (IS), com incid\u00eancia sobre bens considerados prejudiciais \u00e0 sa\u00fade ou ao meio ambiente, como cigarros e bebidas alco\u00f3licas.<\/p>\n\n\n\n<p>O projeto de regulamenta\u00e7\u00e3o da reforma PLP 68\/2024 foi sancionado e convertido na Lei Complementar 214\/2025 em 16 de janeiro ap\u00f3s san\u00e7\u00e3o do Presidente da Rep\u00fablica. A al\u00edquota geral do IVA estimada \u00e9 de 28%, dividindo-se 18,70% de IBS e 9,30% de CBS.&nbsp;<\/p>\n\n\n\n<p>Junto a este momento de regulamenta\u00e7\u00e3o , outras defini\u00e7\u00f5es importantes incluem a unifica\u00e7\u00e3o das regras tribut\u00e1rias, al\u00edquota zero para produtos essenciais e al\u00edquotas reduzidas para setores espec\u00edficos, como educa\u00e7\u00e3o, sa\u00fade e comunica\u00e7\u00e3o.&nbsp;<\/p>\n\n\n\n<p>No Simples Nacional, a sistem\u00e1tica \u00e9 mantida, mantendo a carga tribut\u00e1ria atual. Mas as empresas ter\u00e3o a op\u00e7\u00e3o de fazer o pagamento do IBS ou CBS por fora da&nbsp; guia de pagamento DAS, com a al\u00edquota padr\u00e3o estimada de 28%.&nbsp;<\/p>\n\n\n\n<figure class=\"wp-block-embed is-type-video is-provider-youtube wp-block-embed-youtube wp-embed-aspect-16-9 wp-has-aspect-ratio\"><div class=\"wp-block-embed__wrapper\">\n<iframe loading=\"lazy\" title=\"A Reforma Tribut\u00e1ria vai aumentar impostos?\" width=\"640\" height=\"360\" src=\"https:\/\/www.youtube.com\/embed\/x3JF2hkgiqw?feature=oembed\" frameborder=\"0\" allow=\"accelerometer; autoplay; clipboard-write; encrypted-media; gyroscope; picture-in-picture; web-share\" referrerpolicy=\"strict-origin-when-cross-origin\" allowfullscreen><\/iframe>\n<\/div><\/figure>\n\n\n\n<p>Todas as empresas ser\u00e3o impactadas. Por isso \u00e9 importante avaliar cuidadosamente os impactos que a reforma tribut\u00e1ria vai gerar para cada tipo de neg\u00f3cio. \u00c9 neste ponto que a&nbsp;<a href=\"https:\/\/www.contabilizei.com.br\/sobre\/sobre-a-contabilizei\/\" target=\"_blank\" rel=\"noreferrer noopener\">Contabilizei<\/a>&nbsp;inicialmente vai contribuir para a realidade de cada cliente. Fale com um de nossos especialistas em tributa\u00e7\u00e3o e v<a href=\"https:\/\/www.contabilizei.com.br\/trocar-de-contador\/\" target=\"_blank\" rel=\"noreferrer noopener\">eja como podemos te ajudar<\/a>.<\/p>\n","protected":false},"excerpt":{"rendered":"<p>A reforma tribut\u00e1ria aprovada no Brasil em 2023 trar\u00e1 mudan\u00e7as importantes no sistema de impostos. O ICMS, ISS, IPI, PIS&#8230;<\/p>\n","protected":false},"author":88,"featured_media":35374,"template":"","reforma_post_category":[352],"reforma_post_trail":[362],"class_list":{"0":"post-39254","1":"reforma_post","2":"type-reforma_post","3":"status-publish","4":"has-post-thumbnail","6":"reforma_post_category-perguntas-e-respostas","7":"reforma_post_trail-entendendo-novos-impostos"},"yoast_head":"<!-- This site is optimized with the Yoast SEO plugin v27.5 - https:\/\/yoast.com\/product\/yoast-seo-wordpress\/ -->\n<title>Impostos Reforma Tribut\u00e1ria: quais s\u00e3o e as mudan\u00e7as | Blog da Contabilizei<\/title>\n<meta name=\"description\" content=\"Saiba quais s\u00e3o as mudan\u00e7as de impostos na reforma tribut\u00e1ria e qual o impacto deles no seu neg\u00f3cio.\" \/>\n<meta name=\"robots\" content=\"index, follow\" \/>\n<link rel=\"canonical\" href=\"https:\/\/www.contabilizei.com.br\/reforma-tributaria\/artigo\/impostos-reforma-tributaria-quais-sao-e-as-mudancas\/\" \/>\n<meta property=\"og:locale\" content=\"pt_BR\" \/>\n<meta property=\"og:type\" content=\"article\" \/>\n<meta property=\"og:title\" content=\"Impostos Reforma Tribut\u00e1ria: quais s\u00e3o e as mudan\u00e7as | Blog da Contabilizei\" \/>\n<meta property=\"og:description\" content=\"Saiba quais s\u00e3o as mudan\u00e7as de impostos na reforma tribut\u00e1ria e qual o impacto deles no seu neg\u00f3cio.\" \/>\n<meta property=\"og:url\" content=\"https:\/\/www.contabilizei.com.br\/reforma-tributaria\/artigo\/impostos-reforma-tributaria-quais-sao-e-as-mudancas\/\" \/>\n<meta property=\"og:site_name\" content=\"Blog da Contabilizei\" \/>\n<meta property=\"article:publisher\" content=\"https:\/\/www.facebook.com\/Contabilizei\/\" \/>\n<meta property=\"article:modified_time\" content=\"2026-03-25T19:05:43+00:00\" \/>\n<meta property=\"og:image\" content=\"https:\/\/www.contabilizei.com.br\/reforma-tributaria\/wp-content\/uploads\/2023\/06\/TFF_-o-que-e-a-Taxa-de-Fiscalizacao-de-Funcionamento.png\" \/>\n\t<meta property=\"og:image:width\" content=\"1270\" \/>\n\t<meta property=\"og:image:height\" content=\"720\" \/>\n\t<meta property=\"og:image:type\" content=\"image\/png\" \/>\n<meta name=\"twitter:card\" content=\"summary_large_image\" \/>\n<meta name=\"twitter:site\" content=\"@contabilizei\" \/>\n<meta name=\"twitter:label1\" content=\"Est. tempo de leitura\" \/>\n\t<meta name=\"twitter:data1\" content=\"3 minutos\" \/>\n<!-- \/ Yoast SEO plugin. -->","yoast_head_json":{"title":"Impostos Reforma Tribut\u00e1ria: quais s\u00e3o e as mudan\u00e7as | Blog da Contabilizei","description":"Saiba quais s\u00e3o as mudan\u00e7as de impostos na reforma tribut\u00e1ria e qual o impacto deles no seu neg\u00f3cio.","robots":{"index":"index","follow":"follow"},"canonical":"https:\/\/www.contabilizei.com.br\/reforma-tributaria\/artigo\/impostos-reforma-tributaria-quais-sao-e-as-mudancas\/","og_locale":"pt_BR","og_type":"article","og_title":"Impostos Reforma Tribut\u00e1ria: quais s\u00e3o e as mudan\u00e7as | Blog da Contabilizei","og_description":"Saiba quais s\u00e3o as mudan\u00e7as de impostos na reforma tribut\u00e1ria e qual o impacto deles no seu neg\u00f3cio.","og_url":"https:\/\/www.contabilizei.com.br\/reforma-tributaria\/artigo\/impostos-reforma-tributaria-quais-sao-e-as-mudancas\/","og_site_name":"Blog da Contabilizei","article_publisher":"https:\/\/www.facebook.com\/Contabilizei\/","article_modified_time":"2026-03-25T19:05:43+00:00","og_image":[{"width":1270,"height":720,"url":"https:\/\/www.contabilizei.com.br\/reforma-tributaria\/wp-content\/uploads\/2023\/06\/TFF_-o-que-e-a-Taxa-de-Fiscalizacao-de-Funcionamento.png","type":"image\/png"}],"twitter_card":"summary_large_image","twitter_site":"@contabilizei","twitter_misc":{"Est. tempo de leitura":"3 minutos"},"schema":{"@context":"https:\/\/schema.org","@graph":[{"@type":"WebPage","@id":"https:\/\/www.contabilizei.com.br\/reforma-tributaria\/artigo\/impostos-reforma-tributaria-quais-sao-e-as-mudancas\/","url":"https:\/\/www.contabilizei.com.br\/reforma-tributaria\/artigo\/impostos-reforma-tributaria-quais-sao-e-as-mudancas\/","name":"Impostos Reforma Tribut\u00e1ria: quais s\u00e3o e as mudan\u00e7as | Blog da Contabilizei","isPartOf":{"@id":"https:\/\/www.contabilizei.com.br\/reforma-tributaria\/#website"},"primaryImageOfPage":{"@id":"https:\/\/www.contabilizei.com.br\/reforma-tributaria\/artigo\/impostos-reforma-tributaria-quais-sao-e-as-mudancas\/#primaryimage"},"image":{"@id":"https:\/\/www.contabilizei.com.br\/reforma-tributaria\/artigo\/impostos-reforma-tributaria-quais-sao-e-as-mudancas\/#primaryimage"},"thumbnailUrl":"https:\/\/www.contabilizei.com.br\/reforma-tributaria\/wp-content\/uploads\/2023\/06\/TFF_-o-que-e-a-Taxa-de-Fiscalizacao-de-Funcionamento.png","datePublished":"2025-06-23T17:51:41+00:00","dateModified":"2026-03-25T19:05:43+00:00","description":"Saiba quais s\u00e3o as mudan\u00e7as de impostos na reforma tribut\u00e1ria e qual o impacto deles no seu neg\u00f3cio.","breadcrumb":{"@id":"https:\/\/www.contabilizei.com.br\/reforma-tributaria\/artigo\/impostos-reforma-tributaria-quais-sao-e-as-mudancas\/#breadcrumb"},"inLanguage":"pt-BR","potentialAction":[{"@type":"ReadAction","target":["https:\/\/www.contabilizei.com.br\/reforma-tributaria\/artigo\/impostos-reforma-tributaria-quais-sao-e-as-mudancas\/"]}]},{"@type":"ImageObject","inLanguage":"pt-BR","@id":"https:\/\/www.contabilizei.com.br\/reforma-tributaria\/artigo\/impostos-reforma-tributaria-quais-sao-e-as-mudancas\/#primaryimage","url":"https:\/\/www.contabilizei.com.br\/reforma-tributaria\/wp-content\/uploads\/2023\/06\/TFF_-o-que-e-a-Taxa-de-Fiscalizacao-de-Funcionamento.png","contentUrl":"https:\/\/www.contabilizei.com.br\/reforma-tributaria\/wp-content\/uploads\/2023\/06\/TFF_-o-que-e-a-Taxa-de-Fiscalizacao-de-Funcionamento.png","width":1270,"height":720},{"@type":"BreadcrumbList","@id":"https:\/\/www.contabilizei.com.br\/reforma-tributaria\/artigo\/impostos-reforma-tributaria-quais-sao-e-as-mudancas\/#breadcrumb","itemListElement":[{"@type":"ListItem","position":1,"name":"Home","item":"https:\/\/www.contabilizei.com.br\/reforma-tributaria\/"},{"@type":"ListItem","position":2,"name":"Posts - Reforma Tribut\u00e1ria","item":"https:\/\/www.contabilizei.com.br\/reforma-tributaria\/artigo\/"},{"@type":"ListItem","position":3,"name":"Impostos Reforma Tribut\u00e1ria: quais s\u00e3o e as mudan\u00e7as"}]},{"@type":"WebSite","@id":"https:\/\/www.contabilizei.com.br\/reforma-tributaria\/#website","url":"https:\/\/www.contabilizei.com.br\/reforma-tributaria\/","name":"Hub da Reforma tribut\u00e1ria","description":"Apoiando o empreendedorismo desde 2013","potentialAction":[{"@type":"SearchAction","target":{"@type":"EntryPoint","urlTemplate":"https:\/\/www.contabilizei.com.br\/reforma-tributaria\/?s={search_term_string}"},"query-input":{"@type":"PropertyValueSpecification","valueRequired":true,"valueName":"search_term_string"}}],"inLanguage":"pt-BR"}]}},"_links":{"self":[{"href":"https:\/\/www.contabilizei.com.br\/reforma-tributaria\/wp-json\/wp\/v2\/reforma_post\/39254","targetHints":{"allow":["GET"]}}],"collection":[{"href":"https:\/\/www.contabilizei.com.br\/reforma-tributaria\/wp-json\/wp\/v2\/reforma_post"}],"about":[{"href":"https:\/\/www.contabilizei.com.br\/reforma-tributaria\/wp-json\/wp\/v2\/types\/reforma_post"}],"author":[{"embeddable":true,"href":"https:\/\/www.contabilizei.com.br\/reforma-tributaria\/wp-json\/wp\/v2\/users\/88"}],"version-history":[{"count":4,"href":"https:\/\/www.contabilizei.com.br\/reforma-tributaria\/wp-json\/wp\/v2\/reforma_post\/39254\/revisions"}],"predecessor-version":[{"id":40351,"href":"https:\/\/www.contabilizei.com.br\/reforma-tributaria\/wp-json\/wp\/v2\/reforma_post\/39254\/revisions\/40351"}],"wp:featuredmedia":[{"embeddable":true,"href":"https:\/\/www.contabilizei.com.br\/reforma-tributaria\/wp-json\/wp\/v2\/media\/35374"}],"wp:attachment":[{"href":"https:\/\/www.contabilizei.com.br\/reforma-tributaria\/wp-json\/wp\/v2\/media?parent=39254"}],"wp:term":[{"taxonomy":"reforma_post_category","embeddable":true,"href":"https:\/\/www.contabilizei.com.br\/reforma-tributaria\/wp-json\/wp\/v2\/reforma_post_category?post=39254"},{"taxonomy":"reforma_post_trail","embeddable":true,"href":"https:\/\/www.contabilizei.com.br\/reforma-tributaria\/wp-json\/wp\/v2\/reforma_post_trail?post=39254"}],"curies":[{"name":"wp","href":"https:\/\/api.w.org\/{rel}","templated":true}]}}