{"id":39226,"date":"2025-06-17T14:28:39","date_gmt":"2025-06-17T17:28:39","guid":{"rendered":"https:\/\/www.contabilizei.com.br\/contabilidade-online\/?post_type=reforma_post&#038;p=39226"},"modified":"2026-03-25T16:49:05","modified_gmt":"2026-03-25T19:49:05","slug":"imposto-cbs","status":"publish","type":"reforma_post","link":"https:\/\/www.contabilizei.com.br\/reforma-tributaria\/artigo\/imposto-cbs\/","title":{"rendered":"Imposto CBS: O que \u00e9, qual ser\u00e1 o tipo de tributa\u00e7\u00e3o e como calcular?"},"content":{"rendered":"\n<p><strong>O novo imposto CBS (Contribui\u00e7\u00e3o sobre Bens e Servi\u00e7os) \u00e9 uma parte importante da Reforma Tribut\u00e1ria e foi criado para simplificar os impostos sobre consumo no Brasil.<\/strong><\/p>\n\n\n\n<p>A CBS, em conjunto com o Imposto sobre Bens e Servi\u00e7os (IBS), formam o que chamamos de Imposto sobre Valor Agregado (IVA). Pense no IVA como um imposto \u00fanico que ser\u00e1 aplicado sobre todas as vendas de produtos e servi\u00e7os, com uma al\u00edquota padr\u00e3o para simplifica\u00e7\u00e3o dos tributos.&nbsp;<\/p>\n\n\n\n<p>Neste artigo, aprenda mais sobre o imposto CBS, como ela se relaciona com o IBS e como preparar a sua empresa para as mudan\u00e7as da Reforma Tribut\u00e1ria a partir de 2026.<\/p>\n\n\n\n<p>Lembre-se que ter um bom suporte cont\u00e1bil \u00e9 fundamental para compreender a situa\u00e7\u00e3o fiscal da sua empresa em cada etapa da Reforma Tribut\u00e1ria.<\/p>\n\n\n\n<h2 class=\"wp-block-heading\" class=\"wp-block-heading\" id=\"o-que-e-o-imposto-cbs\"><strong>O que \u00e9 o imposto CBS?&nbsp;<\/strong><\/h2>\n\n\n\n<p>O CBS \u00e9 um novo imposto federal criado para substituir e unificar os impostos de consumo federais que existem hoje, como o PIS, Cofins e parte do IPI.<\/p>\n\n\n\n<p>Criada no \u00e2mbito da Reforma Tribut\u00e1ria brasileira, a CBS comp\u00f5e o modelo de \u201cIVA dual\u201d junto com o IBS (de compet\u00eancia estadual e municipal). Pense no IVA como um imposto \u00fanico aplicado sobre todas as vendas de produtos e servi\u00e7os.<\/p>\n\n\n\n<p>Com a unifica\u00e7\u00e3o, essas opera\u00e7\u00f5es passar\u00e3o a ser tributadas com base em uma \u00fanica legisla\u00e7\u00e3o, al\u00edquota e regras em todo o Brasil.&nbsp; O regulamento, no entanto, prev\u00ea al\u00edquotas reduzidas e regimes de tributa\u00e7\u00e3o espec\u00edfica para determinados setores e atividades econ\u00f4micas, como: educa\u00e7\u00e3o, sa\u00fade, transporte p\u00fablico coletivo, cooperativas, produtos de cesta b\u00e1sica, medicamentos, entre outros.<\/p>\n\n\n\n<p>Vale lembrar que o IPI n\u00e3o ser\u00e1 extinto com a Reforma, como os demais tributos, mas ter\u00e1 sua al\u00edquota zerada. Ele permanecer\u00e1 sendo cobrado para produtos importados e industrializados similares ou iguais aos produtos produzidos de forma incentivada pela Zona Franca de Manaus, para preservar os incentivos regionais.<\/p>\n\n\n\n<h2 class=\"wp-block-heading\" class=\"wp-block-heading\" id=\"qual-sera-a-aliquota-do-cbs\"><strong>Qual ser\u00e1 a al\u00edquota do CBS?&nbsp;<\/strong><\/h2>\n\n\n\n<p><strong>A CBS ter\u00e1 uma al\u00edquota estimada em 8,5%, enquanto o IBS ficar\u00e1 em 18,5%. Juntas, essas al\u00edquotas v\u00e3o compor a al\u00edquota estimada de 27% do IVA.<\/strong><\/p>\n\n\n\n<p>Esses percentuais exatos ser\u00e3o conhecidos ap\u00f3s o per\u00edodo de transi\u00e7\u00e3o, quando forem conclu\u00eddas as simula\u00e7\u00f5es de arrecada\u00e7\u00e3o e compensa\u00e7\u00e3o entre Uni\u00e3o, Estados e Munic\u00edpios.<\/p>\n\n\n\n<p>O objetivo \u00e9 garantir que a carga tribut\u00e1ria total do pa\u00eds n\u00e3o aumente, respeitando o princ\u00edpio da neutralidade tribut\u00e1ria previsto na Constitui\u00e7\u00e3o e confirmado pela pr\u00f3pria LC 214\/2025.&nbsp;&nbsp;<\/p>\n\n\n\n<h2 class=\"wp-block-heading\" class=\"wp-block-heading\" id=\"quais-setores-terao-reducao-na-nova-aliquota\">Quais setores ter\u00e3o redu\u00e7\u00e3o na nova al\u00edquota?<\/h2>\n\n\n\n<p><strong>A al\u00edquota padr\u00e3o estimada ser\u00e1 aplicada de forma diferenciada, com redu\u00e7\u00f5es para setores como sa\u00fade, educa\u00e7\u00e3o e cultura, incluindo tamb\u00e9m profissionais liberais com atividades regulamentadas.&nbsp;<\/strong><\/p>\n\n\n\n<p>A legisla\u00e7\u00e3o ainda prev\u00ea que, em 2031, a al\u00edquota do IVA esteja fixada em 26,5%, condicionada \u00e0 revis\u00e3o de benef\u00edcios fiscais.&nbsp;<\/p>\n\n\n\n<p>Al\u00e9m disso, h\u00e1 isen\u00e7\u00f5es para organiza\u00e7\u00f5es e itens como produtos da cesta b\u00e1sica e templos religiosos. Alguns setores tamb\u00e9m atuar\u00e3o com regimes tribut\u00e1rios espec\u00edficos, com al\u00edquotas e\/ou apura\u00e7\u00e3o espec\u00edfica para o setor, como os servi\u00e7os financeiros e de bens im\u00f3veis.<\/p>\n\n\n\n<h2 class=\"wp-block-heading\" class=\"wp-block-heading\" id=\"como-calcular-a-cbs\"><strong>Como calcular a CBS?&nbsp;<\/strong><\/h2>\n\n\n\n<p><strong>No novo modelo, a CBS juntamente com o IBS,&nbsp; incidem apenas sobre o&nbsp; valor agregado em cada em cada etapa da cadeia de produ\u00e7\u00e3o e comercializa\u00e7\u00e3o, seguindo o padr\u00e3o dos Impostos sobre Valor Agregado (IVA)<\/strong>, que s\u00e3o praticados em diversos pa\u00edses e foram inspira\u00e7\u00e3o para a Reforma brasileira.<\/p>\n\n\n\n<p><strong>Isso significa que cada empresa aplicar\u00e1 a al\u00edquota da CBS somente sobre a diferen\u00e7a entre o valor de venda e o valor de compra de bens ou servi\u00e7os. Essa sistem\u00e1tica evita a bitributa\u00e7\u00e3o e garante que o imposto seja recolhido de forma n\u00e3o cumulativa, um dos princ\u00edpios centrais do novo sistema. <\/strong>&nbsp;<\/p>\n\n\n\n<p>A CBS ser\u00e1 o primeiro tributo&nbsp; a entrar em vigor dentro&nbsp; da Reforma Tribut\u00e1ria, pois unifica&nbsp; apenas tributos federais (PIS, Cofins e parte do IPI), o que facilita sua implementa\u00e7\u00e3o inicial.<\/p>\n\n\n\n<p>Em um exemplo simples, quando o consumidor comprar uma cadeira pelo valor de R$100,00, a CBS de 8,50% resultar\u00e1 em R$8,50 de impostos, assim divididos:<\/p>\n\n\n\n<figure class=\"wp-block-table\"><table class=\"has-fixed-layout\"><tbody><tr><td><strong>Etapa<\/strong><\/td><td><strong>Valor Inicial<\/strong><\/td><td><strong>Valor de Venda<\/strong><\/td><td><strong>Valor Agregado<\/strong><\/td><td><strong>CBS (8,50%)<\/strong><\/td><\/tr><tr><td>1. Madeireira<\/td><td>corta a madeira<\/td><td>30,00<\/td><td>30,00<\/td><td>R$2,55<\/td><\/tr><tr><td>2. Ind\u00fastria Moveleira<\/td><td>R$ 30,00 (insumos)<\/td><td>R$50,00<\/td><td>R$20,00<\/td><td>R$1,70<\/td><\/tr><tr><td>3. Varejista de M\u00f3veis<\/td><td>R$50,00<\/td><td>R$100,00<\/td><td>R$50,00<\/td><td>R$4,25<\/td><\/tr><tr><td>Total de CBS<\/td><td><\/td><td><\/td><td><\/td><td>R$8,50<\/td><\/tr><\/tbody><\/table><\/figure>\n\n\n\n<p>Total de CBS arrecadada na cadeia: R$ 2,55 + 1,70 + 4,25 = R$ 8,50, o que corresponde exatamente \u00e0 al\u00edquota de 8,5% sobre o pre\u00e7o final de R$ 100,00.<\/p>\n\n\n\n<p>Esse exemplo mostra que a CBS \u00e9 recolhida de forma fracionada, em cada etapa, mas sem aumentar o custo total para o consumidor final, preservando a neutralidade e transpar\u00eancia tribut\u00e1ria do sistema.<\/p>\n\n\n\n<p>*Aqui, foi exemplificado apenas a participa\u00e7\u00e3o da CBS dentro da sistem\u00e1tica de IVA, mas na pr\u00e1tica a tributa\u00e7\u00e3o acontecer\u00e1 simultaneamente com a incid\u00eancia do IBS, independente da opera\u00e7\u00e3o \u2013 salvo exce\u00e7\u00f5es de isen\u00e7\u00e3o.&nbsp;<\/p>\n\n\n\n<p><em>Entenda mais sobre a al\u00edquota do IBS neste conte\u00fado: \u201c<\/em><a href=\"https:\/\/www.contabilizei.com.br\/contabilidade-online\/ibs-imposto-sobre-bens-e-servicos\/\" target=\"_blank\" rel=\"noreferrer noopener\"><em>IBS \u2013 Imposto sobre bens e Servi\u00e7os: O que \u00e9 e qual ser\u00e1 a al\u00edquota?<\/em><\/a><em>\u201d<\/em><\/p>\n\n\n\n<figure class=\"wp-block-image size-full\"><a href=\"https:\/\/www.contabilizei.com.br\/calculadora-reforma-tributaria\/\" target=\"_blank\" rel=\" noreferrer noopener\"><img loading=\"lazy\" decoding=\"async\" width=\"615\" height=\"300\" src=\"https:\/\/www.contabilizei.com.br\/reforma-tributaria\/wp-content\/uploads\/2025\/06\/KV-1-Copy-2-2.webp\" alt=\"\" class=\"wp-image-40256\" srcset=\"https:\/\/www.contabilizei.com.br\/reforma-tributaria\/wp-content\/uploads\/2025\/06\/KV-1-Copy-2-2.webp 615w, https:\/\/www.contabilizei.com.br\/reforma-tributaria\/wp-content\/uploads\/2025\/06\/KV-1-Copy-2-2-300x146.webp 300w\" sizes=\"auto, (max-width: 615px) 100vw, 615px\" \/><\/a><\/figure>\n\n\n\n<h2 class=\"wp-block-heading\" class=\"wp-block-heading\" id=\"como-funciona-o-credito-da-cbs\"><strong>Como funciona o cr\u00e9dito da CBS?&nbsp;<\/strong><\/h2>\n\n\n\n<p><strong>Cada empresa ter\u00e1 direito a descontar o valor da CBS pago nas etapas anteriores, desde que as notas fiscais das compras estejam devidamente emitidas e registradas no sistema do governo. <\/strong>Assim, o imposto recolhido em uma etapa gera cr\u00e9dito para a seguinte, e o valor efetivo pago corresponde apenas \u00e0 CBS sobre o valor agregado.<\/p>\n\n\n\n<p>Esse mecanismo de cr\u00e9ditos tribut\u00e1rios \u00e9 o que garante a n\u00e3o cumulatividade plena da CBS, tornando o sistema mais justo, transparente e rastre\u00e1vel.<\/p>\n\n\n\n<h2 class=\"wp-block-heading\" class=\"wp-block-heading\" id=\"quando-a-cbs-entrara-em-vigor\"><strong>Quando a CBS entrar\u00e1 em vigor?&nbsp;<\/strong><\/h2>\n\n\n\n<p><strong>A CBS come\u00e7a a valer de forma parcial j\u00e1 a partir de 2026, conforme o cronograma de implanta\u00e7\u00e3o da Reforma Tribut\u00e1ria, prevendo um per\u00edodo de transi\u00e7\u00e3o gradual at\u00e9 2033.&nbsp;<\/strong><\/p>\n\n\n\n<p>Resumidamente:<\/p>\n\n\n\n<ul class=\"wp-block-list\">\n<li><strong>In\u00edcio Parcial da CBS (2026):<\/strong> a partir de 2026, as empresas simular\u00e3o a cobran\u00e7a da CBS e IBS nas notas fiscais, sem alterar o valor efetivo dos tributos pagos.<\/li>\n\n\n\n<li><strong>Cobran\u00e7a Integral da CBS (2027):<\/strong> em 2027, a CBS passa a ser tributada integralmente, com al\u00edquota por enquanto estimada em 8,5%, substituindo PIS e Cofins, e zerando as al\u00edquotas de IPI. O IBS inicia sua transi\u00e7\u00e3o em 2029, coexistindo com ICMS e ISS at\u00e9 sua extin\u00e7\u00e3o, de forma gradual ano a ano.<\/li>\n\n\n\n<li><strong>Consolida\u00e7\u00e3o Completa (2033):<\/strong> a transi\u00e7\u00e3o total para o novo sistema tribut\u00e1rio, incluindo a cobran\u00e7a do IBS, est\u00e1 prevista para ser conclu\u00edda em 2033.<\/li>\n<\/ul>\n\n\n\n<h2 class=\"wp-block-heading\" class=\"wp-block-heading\" id=\"como-funcionara-a-cbs\">Como funcionar\u00e1 a CBS?<\/h2>\n\n\n\n<p>Abaixo, veja o detalhamento de quem precisa se preparar para a chegada da CBS.&nbsp;<\/p>\n\n\n\n<ol class=\"wp-block-list\">\n<li><strong>Quem est\u00e1 no Simples Nacional:<\/strong> O Simples Nacional continua existindo, e voc\u00ea seguir\u00e1 pagando todos os tributos dentro do DAS, sem aumento de carga tribut\u00e1ria.<\/li>\n<\/ol>\n\n\n\n<p>No entanto, a Reforma criou a possibilidade do chamado Simples Nacional H\u00edbrido, em que a empresa poder\u00e1 optar por recolher a CBS e o IBS \u201cpor fora\u201d do DAS, aproveitando cr\u00e9ditos tribut\u00e1rios e negociando de forma mais vantajosa com clientes de regimes normais (clientes Simples H\u00edbrido, Lucro Presumido e Lucro Real).<\/p>\n\n\n\n<p>\u00c9 importante acompanhar as atualiza\u00e7\u00f5es e conversar com seu contador para entender se o modelo h\u00edbrido pode ser ben\u00e9fico para o seu neg\u00f3cio.<\/p>\n\n\n\n<ol start=\"2\" class=\"wp-block-list\">\n<li><strong>Quem est\u00e1 no Lucro Presumido\/Real:<\/strong> Para empresas nesses regimes, a CBS ser\u00e1 apurada de forma n\u00e3o cumulativa, permitindo cr\u00e9ditos sobre insumos e despesas. No entanto, quem tem poucos gastos que geram cr\u00e9dito pode sentir um impacto maior na carga tribut\u00e1ria efetiva.<\/li>\n<\/ol>\n\n\n\n<p>\u00c9 essencial avaliar a estrutura de custos e margens e comparar cen\u00e1rios entre Simples, Presumido e Real.<\/p>\n\n\n\n<p>Alguns setores poder\u00e3o ter al\u00edquotas reduzidas ou tratamentos diferenciados, como educa\u00e7\u00e3o, sa\u00fade, transporte, cooperativas e produtos essenciais, conforme previsto na LC n\u00ba 214\/2025.<\/p>\n\n\n\n<h2 class=\"wp-block-heading\" class=\"wp-block-heading\" id=\"como-destacar-a-cbs-na-nota-fiscal\">Como destacar a CBS na nota fiscal?<\/h2>\n\n\n\n<p>A partir de 2026, s\u00f3 as empresas do Lucro Presumido e Real ter\u00e3o que mostrar a CBS (0,9%) e o IBS (0,1%) com al\u00edquotas simb\u00f3licas e devem emitir a nota corretamente com os novos c\u00f3digos.<\/p>\n\n\n\n<p>Em 2027, o destaque e o pagamento da CBS se tornam obrigat\u00f3rios, com al\u00edquota padr\u00e3o estimada em 8,5%. Alguns setores ter\u00e3o al\u00edquotas menores.<\/p>\n\n\n\n<p>Para que a nota fiscal seja v\u00e1lida, \u00e9 preciso usar corretamente os novos c\u00f3digos fiscais: CCLASTRIB, CST e NBS. O erro ou falta desses c\u00f3digos pode impedir a emiss\u00e3o da nota ou gerar multas.<\/p>\n\n\n\n<p>Desde 2026, todas as empresas (inclusive do Simples Nacional) precisam atualizar seus sistemas de emiss\u00e3o de Nota Fiscal eletr\u00f4nica (NF-e e NFS-e) para seguir as novas regras t\u00e9cnicas.<\/p>\n\n\n\n<h2 class=\"wp-block-heading\" class=\"wp-block-heading\" id=\"recapitulando-principais-pontos-da-cbs\">Recapitulando: principais pontos da CBS<\/h2>\n\n\n\n<ul class=\"wp-block-list\">\n<li><strong>O que \u00e9 CBS:<\/strong> novo tributo federal sobre consumo que substitui PIS, Cofins e parte do IPI. Faz parte do novo modelo de IVA (junto com o IBS de estados\/munic\u00edpios). Objetivo: simplificar e dar transpar\u00eancia.<\/li>\n\n\n\n<li><strong>Como se calcula:<\/strong> incide sobre a receita das vendas e servi\u00e7os. A al\u00edquota geral estimada \u00e9 de 8,5% (alguns setores espec\u00edficos tem tratamento diferente definido em lei).<\/li>\n\n\n\n<li><strong>Desconto do imposto das compras:<\/strong> voc\u00ea poder\u00e1 abater do que deve o CBS pago nas suas compras do neg\u00f3cio (mercadorias, insumos, energia, aluguel, servi\u00e7os, m\u00e1quinas). Isso evita imposto \u201cem cascata\u201d.<\/li>\n\n\n\n<li><strong>Com\u00e9rcio exterior:<\/strong> importa\u00e7\u00f5es pagam CBS; exporta\u00e7\u00f5es n\u00e3o pagam e mant\u00eam o direito de abater cr\u00e9ditos, para n\u00e3o perder competitividade.<\/li>\n\n\n\n<li><strong>Benef\u00edcios esperados: <\/strong>menos burocracia, regras mais claras, carga mais uniforme entre setores e alinhamento ao padr\u00e3o usado em v\u00e1rios pa\u00edses.<\/li>\n<\/ul>\n\n\n\n<h2 class=\"wp-block-heading\" class=\"wp-block-heading\" id=\"como-preparar-a-sua-empresa-para-as-mudancas-da-reforma-tributaria\">Como preparar a sua empresa para as mudan\u00e7as da Reforma Tribut\u00e1ria?<\/h2>\n\n\n\n<p>Voc\u00ea pode come\u00e7ar por alguns passos, como:<\/p>\n\n\n\n<ol class=\"wp-block-list\">\n<li>mapear despesas que geram cr\u00e9dito, como mercadorias, servi\u00e7os, energia, aluguel e equipamentos.<\/li>\n\n\n\n<li>organizar notas de entrada e sa\u00edda para aproveitar cr\u00e9ditos sem dor de cabe\u00e7a.<\/li>\n\n\n\n<li>simular cen\u00e1rios de regime tribut\u00e1rio: Simples Nacional x Lucro Presumido x Lucro real, especialmente para prestadores de servi\u00e7os.<\/li>\n\n\n\n<li>ajustar o emissor de notas fiscais para destacar e controlar cr\u00e9ditos.<\/li>\n\n\n\n<li>acompanhar a regulamenta\u00e7\u00e3o, como pontos ainda em discuss\u00e3o: al\u00edquotas finais, listas de setores com redu\u00e7\u00e3o e regras do Simples para uso de cr\u00e9dito tribut\u00e1rio.<\/li>\n<\/ol>\n\n\n\n<h2 class=\"wp-block-heading\" class=\"wp-block-heading\" id=\"conte-com-a-contabilizei\">Conte com a Contabilizei<\/h2>\n\n\n\n<p>Como o maior escrit\u00f3rio de contabilidade do Brasil, a Contabilizei est\u00e1 monitorando cada detalhe nesse per\u00edodo de transi\u00e7\u00e3o do sistema tribut\u00e1rio.&nbsp;<\/p>\n\n\n\n<p>Estamos analisando e avaliando todas as oportunidades e impactos para nossos clientes, visando garantir a regularidade de suas opera\u00e7\u00f5es fiscais e a atua\u00e7\u00e3o no cen\u00e1rio mais vantajoso poss\u00edvel. <a href=\"https:\/\/www.contabilizei.com.br\/\" target=\"_blank\" rel=\"noreferrer noopener\">Fale com um de nossos especialistas<\/a> e saiba como podemos te ajudar.&nbsp;<\/p>\n\n\n\n<p><\/p>\n","protected":false},"excerpt":{"rendered":"<p>O novo imposto CBS (Contribui\u00e7\u00e3o sobre Bens e Servi\u00e7os) \u00e9 uma parte importante da Reforma Tribut\u00e1ria e foi criado para&#8230;<\/p>\n","protected":false},"author":88,"featured_media":37424,"template":"","reforma_post_category":[352],"reforma_post_trail":[362],"class_list":{"0":"post-39226","1":"reforma_post","2":"type-reforma_post","3":"status-publish","4":"has-post-thumbnail","6":"reforma_post_category-perguntas-e-respostas","7":"reforma_post_trail-entendendo-novos-impostos"},"yoast_head":"<!-- This site is optimized with the Yoast SEO plugin v27.5 - https:\/\/yoast.com\/product\/yoast-seo-wordpress\/ -->\n<title>Imposto CBS: O que \u00e9, qual ser\u00e1 o tipo de tributa\u00e7\u00e3o e como calcular? | Blog da Contabilizei<\/title>\n<meta name=\"description\" content=\"Saiba o que \u00e9 CBS, o que muda com o novo imposto da Reforma Tribut\u00e1ria e como calcular as mudan\u00e7as no seu pre\u00e7o para um cen\u00e1rio de novos impostos.\" \/>\n<meta name=\"robots\" content=\"index, follow\" \/>\n<link rel=\"canonical\" href=\"https:\/\/www.contabilizei.com.br\/reforma-tributaria\/artigo\/imposto-cbs\/\" \/>\n<meta property=\"og:locale\" content=\"pt_BR\" \/>\n<meta property=\"og:type\" content=\"article\" \/>\n<meta property=\"og:title\" content=\"Imposto CBS: O que \u00e9, qual ser\u00e1 o tipo de tributa\u00e7\u00e3o e como calcular? | Blog da Contabilizei\" \/>\n<meta property=\"og:description\" content=\"Saiba o que \u00e9 CBS, o que muda com o novo imposto da Reforma Tribut\u00e1ria e como calcular as mudan\u00e7as no seu pre\u00e7o para um cen\u00e1rio de novos impostos.\" \/>\n<meta property=\"og:url\" content=\"https:\/\/www.contabilizei.com.br\/reforma-tributaria\/artigo\/imposto-cbs\/\" \/>\n<meta property=\"og:site_name\" content=\"Blog da Contabilizei\" \/>\n<meta property=\"article:publisher\" content=\"https:\/\/www.facebook.com\/Contabilizei\/\" \/>\n<meta property=\"article:modified_time\" content=\"2026-03-25T19:49:05+00:00\" \/>\n<meta property=\"og:image\" content=\"https:\/\/www.contabilizei.com.br\/reforma-tributaria\/wp-content\/uploads\/2024\/09\/2.webp\" \/>\n\t<meta property=\"og:image:width\" content=\"1200\" \/>\n\t<meta property=\"og:image:height\" content=\"750\" \/>\n\t<meta property=\"og:image:type\" content=\"image\/webp\" \/>\n<meta name=\"twitter:card\" content=\"summary_large_image\" \/>\n<meta name=\"twitter:site\" content=\"@contabilizei\" \/>\n<meta name=\"twitter:label1\" content=\"Est. tempo de leitura\" \/>\n\t<meta name=\"twitter:data1\" content=\"10 minutos\" \/>\n<!-- \/ Yoast SEO plugin. -->","yoast_head_json":{"title":"Imposto CBS: O que \u00e9, qual ser\u00e1 o tipo de tributa\u00e7\u00e3o e como calcular? | Blog da Contabilizei","description":"Saiba o que \u00e9 CBS, o que muda com o novo imposto da Reforma Tribut\u00e1ria e como calcular as mudan\u00e7as no seu pre\u00e7o para um cen\u00e1rio de novos impostos.","robots":{"index":"index","follow":"follow"},"canonical":"https:\/\/www.contabilizei.com.br\/reforma-tributaria\/artigo\/imposto-cbs\/","og_locale":"pt_BR","og_type":"article","og_title":"Imposto CBS: O que \u00e9, qual ser\u00e1 o tipo de tributa\u00e7\u00e3o e como calcular? | Blog da Contabilizei","og_description":"Saiba o que \u00e9 CBS, o que muda com o novo imposto da Reforma Tribut\u00e1ria e como calcular as mudan\u00e7as no seu pre\u00e7o para um cen\u00e1rio de novos impostos.","og_url":"https:\/\/www.contabilizei.com.br\/reforma-tributaria\/artigo\/imposto-cbs\/","og_site_name":"Blog da Contabilizei","article_publisher":"https:\/\/www.facebook.com\/Contabilizei\/","article_modified_time":"2026-03-25T19:49:05+00:00","og_image":[{"width":1200,"height":750,"url":"https:\/\/www.contabilizei.com.br\/reforma-tributaria\/wp-content\/uploads\/2024\/09\/2.webp","type":"image\/webp"}],"twitter_card":"summary_large_image","twitter_site":"@contabilizei","twitter_misc":{"Est. tempo de leitura":"10 minutos"},"schema":{"@context":"https:\/\/schema.org","@graph":[{"@type":"WebPage","@id":"https:\/\/www.contabilizei.com.br\/reforma-tributaria\/artigo\/imposto-cbs\/","url":"https:\/\/www.contabilizei.com.br\/reforma-tributaria\/artigo\/imposto-cbs\/","name":"Imposto CBS: O que \u00e9, qual ser\u00e1 o tipo de tributa\u00e7\u00e3o e como calcular? | Blog da Contabilizei","isPartOf":{"@id":"https:\/\/www.contabilizei.com.br\/reforma-tributaria\/#website"},"primaryImageOfPage":{"@id":"https:\/\/www.contabilizei.com.br\/reforma-tributaria\/artigo\/imposto-cbs\/#primaryimage"},"image":{"@id":"https:\/\/www.contabilizei.com.br\/reforma-tributaria\/artigo\/imposto-cbs\/#primaryimage"},"thumbnailUrl":"https:\/\/www.contabilizei.com.br\/reforma-tributaria\/wp-content\/uploads\/2024\/09\/2.webp","datePublished":"2025-06-17T17:28:39+00:00","dateModified":"2026-03-25T19:49:05+00:00","description":"Saiba o que \u00e9 CBS, o que muda com o novo imposto da Reforma Tribut\u00e1ria e como calcular as mudan\u00e7as no seu pre\u00e7o para um cen\u00e1rio de novos impostos.","breadcrumb":{"@id":"https:\/\/www.contabilizei.com.br\/reforma-tributaria\/artigo\/imposto-cbs\/#breadcrumb"},"inLanguage":"pt-BR","potentialAction":[{"@type":"ReadAction","target":["https:\/\/www.contabilizei.com.br\/reforma-tributaria\/artigo\/imposto-cbs\/"]}]},{"@type":"ImageObject","inLanguage":"pt-BR","@id":"https:\/\/www.contabilizei.com.br\/reforma-tributaria\/artigo\/imposto-cbs\/#primaryimage","url":"https:\/\/www.contabilizei.com.br\/reforma-tributaria\/wp-content\/uploads\/2024\/09\/2.webp","contentUrl":"https:\/\/www.contabilizei.com.br\/reforma-tributaria\/wp-content\/uploads\/2024\/09\/2.webp","width":1200,"height":750},{"@type":"BreadcrumbList","@id":"https:\/\/www.contabilizei.com.br\/reforma-tributaria\/artigo\/imposto-cbs\/#breadcrumb","itemListElement":[{"@type":"ListItem","position":1,"name":"Home","item":"https:\/\/www.contabilizei.com.br\/reforma-tributaria\/"},{"@type":"ListItem","position":2,"name":"Posts - Reforma Tribut\u00e1ria","item":"https:\/\/www.contabilizei.com.br\/reforma-tributaria\/artigo\/"},{"@type":"ListItem","position":3,"name":"Imposto CBS: O que \u00e9, qual ser\u00e1 o tipo de tributa\u00e7\u00e3o e como calcular?"}]},{"@type":"WebSite","@id":"https:\/\/www.contabilizei.com.br\/reforma-tributaria\/#website","url":"https:\/\/www.contabilizei.com.br\/reforma-tributaria\/","name":"Hub da Reforma tribut\u00e1ria","description":"Apoiando o empreendedorismo desde 2013","potentialAction":[{"@type":"SearchAction","target":{"@type":"EntryPoint","urlTemplate":"https:\/\/www.contabilizei.com.br\/reforma-tributaria\/?s={search_term_string}"},"query-input":{"@type":"PropertyValueSpecification","valueRequired":true,"valueName":"search_term_string"}}],"inLanguage":"pt-BR"}]}},"_links":{"self":[{"href":"https:\/\/www.contabilizei.com.br\/reforma-tributaria\/wp-json\/wp\/v2\/reforma_post\/39226","targetHints":{"allow":["GET"]}}],"collection":[{"href":"https:\/\/www.contabilizei.com.br\/reforma-tributaria\/wp-json\/wp\/v2\/reforma_post"}],"about":[{"href":"https:\/\/www.contabilizei.com.br\/reforma-tributaria\/wp-json\/wp\/v2\/types\/reforma_post"}],"author":[{"embeddable":true,"href":"https:\/\/www.contabilizei.com.br\/reforma-tributaria\/wp-json\/wp\/v2\/users\/88"}],"version-history":[{"count":5,"href":"https:\/\/www.contabilizei.com.br\/reforma-tributaria\/wp-json\/wp\/v2\/reforma_post\/39226\/revisions"}],"predecessor-version":[{"id":40364,"href":"https:\/\/www.contabilizei.com.br\/reforma-tributaria\/wp-json\/wp\/v2\/reforma_post\/39226\/revisions\/40364"}],"wp:featuredmedia":[{"embeddable":true,"href":"https:\/\/www.contabilizei.com.br\/reforma-tributaria\/wp-json\/wp\/v2\/media\/37424"}],"wp:attachment":[{"href":"https:\/\/www.contabilizei.com.br\/reforma-tributaria\/wp-json\/wp\/v2\/media?parent=39226"}],"wp:term":[{"taxonomy":"reforma_post_category","embeddable":true,"href":"https:\/\/www.contabilizei.com.br\/reforma-tributaria\/wp-json\/wp\/v2\/reforma_post_category?post=39226"},{"taxonomy":"reforma_post_trail","embeddable":true,"href":"https:\/\/www.contabilizei.com.br\/reforma-tributaria\/wp-json\/wp\/v2\/reforma_post_trail?post=39226"}],"curies":[{"name":"wp","href":"https:\/\/api.w.org\/{rel}","templated":true}]}}