{"id":39213,"date":"2025-06-17T13:49:26","date_gmt":"2025-06-17T16:49:26","guid":{"rendered":"https:\/\/www.contabilizei.com.br\/contabilidade-online\/?post_type=reforma_post&#038;p=39213"},"modified":"2026-03-25T14:43:40","modified_gmt":"2026-03-25T17:43:40","slug":"ibs-imposto-sobre-bens-e-servicos","status":"publish","type":"reforma_post","link":"https:\/\/www.contabilizei.com.br\/reforma-tributaria\/artigo\/ibs-imposto-sobre-bens-e-servicos\/","title":{"rendered":"IBS &#8211; Imposto sobre bens e Servi\u00e7os: O que \u00e9 e qual ser\u00e1 a al\u00edquota?"},"content":{"rendered":"\n<p>O Imposto sobre Bens e Servi\u00e7os (IBS) \u00e9 o novo tributo sobre consumo criado pela Emenda Constitucional 132\/2023, pilar da Reforma Tribut\u00e1ria. Ele vai substituir o ICMS (estadual) e o ISS (municipal), adotando o modelo de IVA, com cobran\u00e7a n\u00e3o cumulativa e incid\u00eancia ampla sobre bens e servi\u00e7os.<\/p>\n\n\n\n<p>Neste guia, voc\u00ea encontra o que \u00e9 o IBS, como ele ser\u00e1 institu\u00eddo e administrado, qual ser\u00e1 a al\u00edquota, quando entra em vigor, regimes diferenciados, rela\u00e7\u00e3o com a CBS e com o Imposto Seletivo, al\u00e9m de exemplos pr\u00e1ticos.<\/p>\n\n\n\n<h2 class=\"wp-block-heading\" class=\"wp-block-heading\" id=\"o-que-e-o-ibs-da-reforma-tributaria\"><strong>O que \u00e9 o IBS da Reforma Tribut\u00e1ria?<\/strong><\/h2>\n\n\n\n<p><strong>IBS \u00e9 Imposto sobre Bens e Servi\u00e7os<\/strong> e vai substituir o Imposto sobre Circula\u00e7\u00e3o de Mercadorias e Servi\u00e7os de transporte Interestadual e Intermunicipal e de Comunica\u00e7\u00e3o (ICMS) e o Imposto Sobre Servi\u00e7os (ISS), que incidem sobre bens e servi\u00e7os e transform\u00e1-los em uma cobran\u00e7a \u00fanica, de desenho nacional, mas com parcela estadual e municipal.<\/p>\n\n\n\n<p>Assim como o ISS, o IBS n\u00e3o incidir\u00e1 sobre as exporta\u00e7\u00f5es desde que atenda a regras espec\u00edficas estabelecidas na LC 214\/2025.<br><br>\u00c9 importante contar com um contador que te ajude al\u00e9m da sua apura\u00e7\u00e3o, mas na utiliza\u00e7\u00e3o estrat\u00e9gica das oportunidades trazidas na legisla\u00e7\u00e3o.&nbsp;<\/p>\n\n\n\n<h2 class=\"wp-block-heading\" class=\"wp-block-heading\" id=\"o-que-muda-com-o-ibs-para-as-empresas\">O que muda com o IBS para as empresas?<\/h2>\n\n\n\n<ul class=\"wp-block-list\">\n<li><strong>Um s\u00f3 imposto no lugar de v\u00e1rios:<\/strong> o IBS vai juntar o ICMS (estadual) e o ISS (municipal) em um \u00fanico tributo, deixando o sistema mais simples;<\/li>\n<\/ul>\n\n\n\n<ul class=\"wp-block-list\">\n<li><strong>Mais clareza na apura\u00e7\u00e3o:<\/strong> o sistema digital \u00fanico deve concentrar declara\u00e7\u00f5es e facilitar o acompanhamento do fisco;<\/li>\n<\/ul>\n\n\n\n<ul class=\"wp-block-list\">\n<li><strong>Impacto no caixa da empresa:<\/strong> os cr\u00e9ditos (valores pagos que poder\u00e3o ser utilizados para abater o valor total de imposto) s\u00f3 poder\u00e3o ser aproveitados depois que o fornecedor realmente pagar o imposto;<\/li>\n<\/ul>\n\n\n\n<ul class=\"wp-block-list\">\n<li><strong>Destaque na nota: <\/strong>o valor ser\u00e1 apresentado de forma destacada na nota, trazendo mais clareza e confian\u00e7a para o cliente;<\/li>\n<\/ul>\n\n\n\n<ul class=\"wp-block-list\">\n<li><strong>Transi\u00e7\u00e3o gradual:<\/strong> a troca n\u00e3o ser\u00e1 de uma vez, haver\u00e1 um per\u00edodo em que os dois sistemas funcionar\u00e3o juntos.<\/li>\n<\/ul>\n\n\n\n<p>\u00c9 importante destacar que nem todos v\u00e3o pagar a mesma porcentagem de IBS. Quem est\u00e1 no Simples Nacional, por exemplo, ter\u00e1 o imposto inclu\u00eddo dentro da pr\u00f3pria guia do DAS, sem impacto no aumento de imposto, para esse caso.<\/p>\n\n\n\n<p>Al\u00e9m disso, aqueles que optarem por pagar o IBS e CBS regular, ou seja, sem as regras do Simples Nacional, em alguns setores e produtos espec\u00edficos tamb\u00e9m ter\u00e3o redu\u00e7\u00e3o na al\u00edquota. Mas aten\u00e7\u00e3o: essa escolha pode significar menos cr\u00e9dito para o seu cliente, o que precisa ser avaliado com cuidado.<\/p>\n\n\n\n<figure class=\"wp-block-image size-full\"><a href=\"https:\/\/www.contabilizei.com.br\/calculadora-reforma-tributaria\/?utm_source=youtube.com&amp;utm_medium=video&amp;utm_campaign=descricao-ibs-o-que-e\" target=\"_blank\" rel=\" noreferrer noopener\"><img loading=\"lazy\" decoding=\"async\" width=\"615\" height=\"300\" src=\"https:\/\/www.contabilizei.com.br\/reforma-tributaria\/wp-content\/uploads\/2025\/06\/KV-1-Copy-1.webp\" alt=\"\" class=\"wp-image-40214\" srcset=\"https:\/\/www.contabilizei.com.br\/reforma-tributaria\/wp-content\/uploads\/2025\/06\/KV-1-Copy-1.webp 615w, https:\/\/www.contabilizei.com.br\/reforma-tributaria\/wp-content\/uploads\/2025\/06\/KV-1-Copy-1-300x146.webp 300w\" sizes=\"auto, (max-width: 615px) 100vw, 615px\" \/><\/a><\/figure>\n\n\n\n<h2 class=\"wp-block-heading\" class=\"wp-block-heading\" id=\"como-funciona-o-imposto-iva-e-qual-a-relacao-com-o-ibs\"><strong>Como funciona o imposto IVA e qual a rela\u00e7\u00e3o com o IBS?<\/strong><\/h2>\n\n\n\n<p><strong>IVA significa Imposto sobre Valor Adicionado<\/strong>. Consiste em um tipo de tributa\u00e7\u00e3o que tem como base de c\u00e1lculo o valor agregado ao bem ou servi\u00e7o em <strong>cada uma das suas etapas de produ\u00e7\u00e3o e comercializa\u00e7\u00e3o.<\/strong><\/p>\n\n\n\n<p>Utilizado em pa\u00edses da Am\u00e9rica do Sul, Am\u00e9rica do Norte e Europa, o<strong> IVA \u00e9 um tributo n\u00e3o-cumulativo que visa garantir que o percentual do imposto cobrado do cliente final seja o mesmo que foi recolhido durante todo o processo<\/strong>, evitando, assim, a bitributa\u00e7\u00e3o.<\/p>\n\n\n\n<p>Apesar de ser inspirado nos modelos j\u00e1 utilizados, no Brasil teremos o IVA Dual, composto pelos dois novos impostos criados, IBS e CBS.&nbsp;<\/p>\n\n\n\n<p>Com a aprova\u00e7\u00e3o do IVA dual, que se divide em dois \u00fanicos tributos: o IBS e CBS, os impostos deixam de ser cobrados separadamente e se tornam uma al\u00edquota&nbsp; dividida em duas partes.<\/p>\n\n\n\n<p>Assim, compondo o IVA dual junto do Imposto sobre Bens e Servi\u00e7os (IBS), haver\u00e1 a <strong>Contribui\u00e7\u00e3o sobre Bens e Servi\u00e7o (CBS) que unifica e substitui os tributos federais PIS, Cofins e zera as al\u00edquotas de IPI, fora da Zona Franca de Manaus.&nbsp;&nbsp;<\/strong><\/p>\n\n\n\n<p>No caso do IPI extinto, entra o Imposto Seletivo para produtos prejudiciais \u00e0 sa\u00fade e ao meio ambiente e o IPI permanece para a ZFM.<\/p>\n\n\n\n<h2 class=\"wp-block-heading\" class=\"wp-block-heading\" id=\"qual-a-aliquota-do-ibs\">Qual a al\u00edquota do IBS?<\/h2>\n\n\n\n<p>A al\u00edquota geral do IVA estimada \u00e9 de 27%, <strong>dividindo-se 18,50% de IBS<\/strong> e 8,50% de CBS.<\/p>\n\n\n\n<p>Essa al\u00edquota ser\u00e1 determinada e implantada durante o processo de transi\u00e7\u00e3o (2027 a 2033), quando sofrer\u00e1 ajustes conforme necessidades identificadas pelos entes.<\/p>\n\n\n\n<p>Entenda como a <a href=\"https:\/\/www.contabilizei.com.br\/contabilizei-responde\/impostos-reforma-tributaria\/\">reforma tribut\u00e1ria pode alterar seus impostos<\/a> e aproveite as novas oportunidades.<\/p>\n\n\n\n<h2 class=\"wp-block-heading\" class=\"wp-block-heading\" id=\"por-que-criar-o-ibs\">Por que criar o IBS?<\/h2>\n\n\n\n<p>A unifica\u00e7\u00e3o de impostos tem como objetivo:&nbsp;<\/p>\n\n\n\n<ul class=\"wp-block-list\">\n<li>a simplifica\u00e7\u00e3o na forma como os impostos sobre consumo s\u00e3o cobrados e calculados no Brasil;&nbsp;<\/li>\n\n\n\n<li>seguir o mesmo regulamento nacional das formas de recolhimento, c\u00e1lculo,&nbsp; defini\u00e7\u00e3o de al\u00edquotas e outras obriga\u00e7\u00f5es tribut\u00e1rias;&nbsp;<\/li>\n\n\n\n<li>redu\u00e7\u00e3o da cumulatividade de impostos.<\/li>\n<\/ul>\n\n\n\n<p>O contador e especialista tribut\u00e1rio da Contabilizei, Michel Batista, destaca que outra caracter\u00edstica do IBS trazida pela metodologia do IVA \u00e9 a n\u00e3o cumulatividade do imposto sobre outros impostos.&nbsp;<\/p>\n\n\n\n<p>\u201cNo sistema tribut\u00e1rio atual os impostos sobre consumo incidem integralmente sobre o valor da opera\u00e7\u00e3o de venda em cada etapa da cadeia de circula\u00e7\u00e3o da mercadoria. Agora, o valor a ser tributado \u00e9 a diferen\u00e7a entre o valor da compra e o da venda da mercadoria.\u201d<\/p>\n\n\n\n<p>Em outras palavras, isso significa que o tributo vai ser aplicado apenas sobre o valor que foi agregado na mercadoria para a pr\u00f3xima venda, evitando que o ICMS seja aplicado sobre outros tributos que indiretamente j\u00e1 estavam embutidos no pre\u00e7o total do produto.&nbsp;<\/p>\n\n\n\n<p>Hoje \u00e9 imposto sendo calculado em cima de imposto, onerando o pre\u00e7o e o caixa das empresas.<\/p>\n\n\n\n<p>A nova sistem\u00e1tica tende a trazer maior transpar\u00eancia e oportunidades de negocia\u00e7\u00e3o que, hoje, s\u00e3o consideradas apenas por empresas j\u00e1 consolidadas.<\/p>\n\n\n\n<h2 class=\"wp-block-heading\" class=\"wp-block-heading\" id=\"exemplo-de-calculo-de-ibs\"><strong>Exemplo de c\u00e1lculo de IBS<\/strong><\/h2>\n\n\n\n<p>Para deixar o entendimento de como calcular IBS, vamos utilizar um exemplo.<\/p>\n\n\n\n<p>Imagine a fabrica\u00e7\u00e3o e a venda de um suco de frutas cuja al\u00edquota (fict\u00edcia) do IBS \u00e9 de 10%.<\/p>\n\n\n\n<p>O produtor das frutas faz a colheita e as vende para o fabricante do suco por R$10,00 o quilo. Nesse processo, ele paga 10% de impostos, ou seja, R$1,00.<\/p>\n\n\n\n<p>O fabricante, por sua vez, converte as frutas em suco industrializado e vende o produto para um supermercado por R$ 15,00.&nbsp;<\/p>\n\n\n\n<p>Para saber o valor de IBS que deve ser pago pelo fabricante, \u00e9 preciso considerar o valor agregado do item. No caso, ele \u00e9 de R$5,00 pois:<\/p>\n\n\n\n<ul class=\"wp-block-list\">\n<li>valor de venda \u2013 valor de compra = valor agregado<\/li>\n\n\n\n<li>R$15,00 \u2013 R$10,00 = R$5,00<\/li>\n\n\n\n<li>IBS 10% = R$ 0,50<\/li>\n<\/ul>\n\n\n\n<p>J\u00e1 o supermercado vende o suco industrializado para o cliente final por R$25,00. O princ\u00edpio para saber quanto pagar\u00e1 de imposto nesse processo \u00e9 o mesmo explicado anteriormente:<\/p>\n\n\n\n<ul class=\"wp-block-list\">\n<li>valor de venda \u2013 valor de compra = valor agregado<\/li>\n\n\n\n<li>R$25,00 \u2013 R$15,00 = R$10,00<\/li>\n\n\n\n<li>IBS 10% = R$1,00<\/li>\n<\/ul>\n\n\n\n<p>Por fim, o valor pago de imposto ao final ser\u00e1 10% sobre o total (R$ 25,00), ou seja, R$ 2,50. Note que nada mais \u00e9 do que o valor considerado durante toda a cadeia: IBS 10% = R$1 + R$ 0,50 + R$1 = R$ 2,50<\/p>\n\n\n\n<p>Essa f\u00f3rmula de c\u00e1lculo evita a cobran\u00e7a de imposto sobre imposto, ou seja, a <a href=\"https:\/\/www.contabilizei.com.br\/contabilidade-online\/o-que-e-bitributacao-isso-pode-acontecer-com-a-sua-empresa\/\" target=\"_blank\" rel=\"noreferrer noopener\">bitributa\u00e7\u00e3o<\/a>, j\u00e1 que sua incid\u00eancia efetiva \u00e9 apenas sobre o valor agregado do bem ou servi\u00e7o.<\/p>\n\n\n\n<p>O pagamento no final da cadeia pode dar a impress\u00e3o de ser uma bitributa\u00e7\u00e3o, j\u00e1 que o imposto apareceu em momentos anteriores. Mas n\u00e3o \u00e9. Isso acontece porque existe o sistema de cr\u00e9dito.<\/p>\n\n\n\n<p>Isso significa que, quando algu\u00e9m revende e recebe o valor, o imposto que tinha sido pago antes \u00e9 \u201cestornado\u201d, como se fosse um desconto. Assim, o que j\u00e1 foi pago n\u00e3o se repete. Cada um paga s\u00f3 a parte que lhe cabe, e no fim n\u00e3o h\u00e1 cobran\u00e7a em dobro.<\/p>\n\n\n\n<h2 class=\"wp-block-heading\" class=\"wp-block-heading\" id=\"quando-passar-a-valer-o-ibs\">Quando passar a valer o IBS?<\/h2>\n\n\n\n<ul class=\"wp-block-list\">\n<li><strong>A partir de 2026<\/strong>, come\u00e7a a fase de testes, com o destaque de um percentual baixo de IBS com os tributos atuais. N\u00e3o haver\u00e1 cobran\u00e7a do imposto desde que haja correta emiss\u00e3o do documento fiscal.<\/li>\n\n\n\n<li><strong>De 2027 a 2032<\/strong>, o peso do IBS vai crescendo aos poucos, enquanto ICMS e ISS v\u00e3o sendo reduzidos gradualmente.<\/li>\n\n\n\n<li><strong>A partir de 2033<\/strong>, o IBS passa a valer integralmente, substituindo de vez o ICMS e o ISS.<\/li>\n<\/ul>\n\n\n\n<p>Ou seja: o imposto ser\u00e1 implantado de forma gradual, para dar tempo de adapta\u00e7\u00e3o \u00e0s empresas.<\/p>\n\n\n\n<h2 class=\"wp-block-heading\" class=\"wp-block-heading\" id=\"quais-sao-os-tributos-sobre-o-consumo-de-bens-e-servicos\"><strong>Quais s\u00e3o os tributos sobre o consumo de bens e servi\u00e7os?<\/strong><\/h2>\n\n\n\n<p>Atualmente, os <a href=\"https:\/\/www.contabilizei.com.br\/contabilidade-online\/impostos-federais-estaduais-e-municipais\/\" target=\"_blank\" rel=\"noreferrer noopener\">impostos<\/a> cobrados sobre o consumo de bens e servi\u00e7os no Brasil s\u00e3o:<\/p>\n\n\n\n<ul class=\"wp-block-list\">\n<li><a href=\"https:\/\/www.contabilizei.com.br\/contabilidade-online\/tabela-icms\/\" target=\"_blank\" rel=\"noreferrer noopener\">ICMS<\/a>, Imposto sobre Opera\u00e7\u00f5es relativas \u00e0 Circula\u00e7\u00e3o de Mercadorias e sobre Presta\u00e7\u00f5es de Servi\u00e7os de Transporte Interestadual e Intermunicipal e de Comunica\u00e7\u00e3o;&nbsp;<\/li>\n\n\n\n<li>IPI, Imposto sobre Produtos Industrializados;<\/li>\n\n\n\n<li>ISS, Imposto Sobre Servi\u00e7os;<\/li>\n\n\n\n<li>PIS, Programa de Integra\u00e7\u00e3o Social;<\/li>\n\n\n\n<li>Cofins, Contribui\u00e7\u00e3o para Financiamento da Seguridade Social.<\/li>\n<\/ul>\n\n\n\n<p>Essa atual forma de arrecada\u00e7\u00e3o tende a gerar diversos transtornos, tais como:<\/p>\n\n\n\n<ul class=\"wp-block-list\">\n<li>ac\u00famulo de tributos;<\/li>\n\n\n\n<li>diferentes al\u00edquotas e base de c\u00e1lculos;<\/li>\n\n\n\n<li>restri\u00e7\u00e3o de aproveitamento de cr\u00e9ditos dos tributos n\u00e3o-cumulativos.<\/li>\n<\/ul>\n\n\n\n<p><br>Quer saber mais sobre esse assunto e tudo o que envolve a Reforma Tribut\u00e1ria? Ent\u00e3o n\u00e3o deixe de ler o artigo \u201c<a href=\"https:\/\/www.contabilizei.com.br\/contabilidade-online\/reforma-tributaria\/#o-que-muda-com-a-reforma-tributaria\" target=\"_blank\" rel=\"noreferrer noopener\">O que \u00e9 Reforma Tribut\u00e1ria? O que muda, objetivo e benef\u00edcios<\/a>\u201d<\/p>\n\n\n\n<h2 class=\"wp-block-heading\" class=\"wp-block-heading\" id=\"conte-com-uma-contabilidade-preparada-para-a-reforma-tributaria\">Conte com uma contabilidade preparada para a Reforma Tribut\u00e1ria<\/h2>\n\n\n\n<p>Sendo o maior escrit\u00f3rio de contabilidade do Brasil, a Contabilizei est\u00e1 atentamente acompanhando todos os aspectos durante esta fase de transi\u00e7\u00e3o do sistema tribut\u00e1rio. Estamos dedicados a analisar e avaliar cada oportunidade e impacto, com o objetivo de assegurar a regularidade das opera\u00e7\u00f5es fiscais de nossos clientes e proporcionar uma atua\u00e7\u00e3o no cen\u00e1rio mais vantajoso poss\u00edvel.<\/p>\n\n\n\n<h2 class=\"wp-block-heading\" class=\"wp-block-heading\" id=\"perguntas-gerais\">Perguntas Gerais<\/h2>\n\n\n\n<h3 class=\"wp-block-heading\">Como vai ser a arrecada\u00e7\u00e3o do IBS?<\/h3>\n\n\n\n<p>A arrecada\u00e7\u00e3o do IBS ser\u00e1 feita por meio de um <strong>documento de pagamento<\/strong> dispon\u00edvel no portal ou pelo <strong>Split Payment<\/strong>.<\/p>\n\n\n\n<p>As <strong>datas de vencimento<\/strong> e as <strong>formas de pagamento<\/strong> ser\u00e3o definidas pelo <strong>Comit\u00ea Gestor do IBS (CB-IBS)<\/strong>.<\/p>\n\n\n\n<h3 class=\"wp-block-heading\">Quem paga o IBS?<\/h3>\n\n\n\n<p>O contribuinte legal \u00e9 a empresa na cadeia (vendedor). Mas, como imposto sobre consumo, a carga econ\u00f4mica \u00e9 repassada ao pre\u00e7o e suportada pelo consumidor final.<\/p>\n\n\n\n<h3 class=\"wp-block-heading\">O que muda na nota fiscal e nas obriga\u00e7\u00f5es?<\/h3>\n\n\n\n<p>Tend\u00eancia de documento fiscal com destaque do IBS e simplifica\u00e7\u00e3o de declara\u00e7\u00f5es, com sistemas nacionais integrados. A lei complementar definir\u00e1 layout, prazos e plataformas.<\/p>\n\n\n\n<h3 class=\"wp-block-heading\">Qual a diferen\u00e7a entre IBS, CBS e IVA?<\/h3>\n\n\n\n<p><br>O <strong>IBS (Imposto sobre Bens e Servi\u00e7os)<\/strong> \u00e9 o imposto nacional sobre bens e servi\u00e7os que vai substituir o ISS e ICMS, enquanto a <strong>CBS (Contribui\u00e7\u00e3o sobre Bens e Servi\u00e7os) <\/strong>&nbsp;\u00e9 uma contribui\u00e7\u00e3o federal que substitui PIS e Cofins, usando um sistema de cr\u00e9dito para evitar bitributa\u00e7\u00e3o. J\u00e1 o <strong>IVA<\/strong> \u00e9 o modelo usado em outros pa\u00edses, que tributa apenas o valor agregado em cada etapa da cadeia.<\/p>\n\n\n\n<p><\/p>\n","protected":false},"excerpt":{"rendered":"<p>O Imposto sobre Bens e Servi\u00e7os (IBS) \u00e9 o novo tributo sobre consumo criado pela Emenda Constitucional 132\/2023, pilar da&#8230;<\/p>\n","protected":false},"author":88,"featured_media":38233,"template":"","reforma_post_category":[352],"reforma_post_trail":[362],"class_list":{"0":"post-39213","1":"reforma_post","2":"type-reforma_post","3":"status-publish","4":"has-post-thumbnail","6":"reforma_post_category-perguntas-e-respostas","7":"reforma_post_trail-entendendo-novos-impostos"},"yoast_head":"<!-- This site is optimized with the Yoast SEO plugin v27.5 - https:\/\/yoast.com\/product\/yoast-seo-wordpress\/ -->\n<title>IBS - Imposto sobre bens e Servi\u00e7os: O que \u00e9 e qual ser\u00e1 a al\u00edquota? | Blog da Contabilizei<\/title>\n<meta name=\"description\" content=\"O que \u00e9 o IBS imposto? Qual ser\u00e1 a al\u00edquota do IBS? Como se comp\u00f5e o IBS? Qual a diferen\u00e7a entre IVA e IBS? O que muda na Reforma Tribut\u00e1ria?\" \/>\n<meta name=\"robots\" content=\"index, follow\" \/>\n<link rel=\"canonical\" href=\"https:\/\/www.contabilizei.com.br\/reforma-tributaria\/artigo\/ibs-imposto-sobre-bens-e-servicos\/\" \/>\n<meta property=\"og:locale\" content=\"pt_BR\" \/>\n<meta property=\"og:type\" content=\"article\" \/>\n<meta property=\"og:title\" content=\"IBS - Imposto sobre bens e Servi\u00e7os: O que \u00e9 e qual ser\u00e1 a al\u00edquota? | Blog da Contabilizei\" \/>\n<meta property=\"og:description\" content=\"O que \u00e9 o IBS imposto? Qual ser\u00e1 a al\u00edquota do IBS? Como se comp\u00f5e o IBS? Qual a diferen\u00e7a entre IVA e IBS? O que muda na Reforma Tribut\u00e1ria?\" \/>\n<meta property=\"og:url\" content=\"https:\/\/www.contabilizei.com.br\/reforma-tributaria\/artigo\/ibs-imposto-sobre-bens-e-servicos\/\" \/>\n<meta property=\"og:site_name\" content=\"Blog da Contabilizei\" \/>\n<meta property=\"article:publisher\" content=\"https:\/\/www.facebook.com\/Contabilizei\/\" \/>\n<meta property=\"article:modified_time\" content=\"2026-03-25T17:43:40+00:00\" \/>\n<meta property=\"og:image\" content=\"https:\/\/www.contabilizei.com.br\/reforma-tributaria\/wp-content\/uploads\/2024\/05\/contabilidade-online_clt-ou-pj-o-que-compensa-mais.webp\" \/>\n\t<meta property=\"og:image:width\" content=\"1280\" \/>\n\t<meta property=\"og:image:height\" content=\"726\" \/>\n\t<meta property=\"og:image:type\" content=\"image\/webp\" \/>\n<meta name=\"twitter:card\" content=\"summary_large_image\" \/>\n<meta name=\"twitter:site\" content=\"@contabilizei\" \/>\n<meta name=\"twitter:label1\" content=\"Est. tempo de leitura\" \/>\n\t<meta name=\"twitter:data1\" content=\"10 minutos\" \/>\n<!-- \/ Yoast SEO plugin. -->","yoast_head_json":{"title":"IBS - Imposto sobre bens e Servi\u00e7os: O que \u00e9 e qual ser\u00e1 a al\u00edquota? | Blog da Contabilizei","description":"O que \u00e9 o IBS imposto? Qual ser\u00e1 a al\u00edquota do IBS? Como se comp\u00f5e o IBS? Qual a diferen\u00e7a entre IVA e IBS? O que muda na Reforma Tribut\u00e1ria?","robots":{"index":"index","follow":"follow"},"canonical":"https:\/\/www.contabilizei.com.br\/reforma-tributaria\/artigo\/ibs-imposto-sobre-bens-e-servicos\/","og_locale":"pt_BR","og_type":"article","og_title":"IBS - Imposto sobre bens e Servi\u00e7os: O que \u00e9 e qual ser\u00e1 a al\u00edquota? | Blog da Contabilizei","og_description":"O que \u00e9 o IBS imposto? Qual ser\u00e1 a al\u00edquota do IBS? Como se comp\u00f5e o IBS? Qual a diferen\u00e7a entre IVA e IBS? O que muda na Reforma Tribut\u00e1ria?","og_url":"https:\/\/www.contabilizei.com.br\/reforma-tributaria\/artigo\/ibs-imposto-sobre-bens-e-servicos\/","og_site_name":"Blog da Contabilizei","article_publisher":"https:\/\/www.facebook.com\/Contabilizei\/","article_modified_time":"2026-03-25T17:43:40+00:00","og_image":[{"width":1280,"height":726,"url":"https:\/\/www.contabilizei.com.br\/reforma-tributaria\/wp-content\/uploads\/2024\/05\/contabilidade-online_clt-ou-pj-o-que-compensa-mais.webp","type":"image\/webp"}],"twitter_card":"summary_large_image","twitter_site":"@contabilizei","twitter_misc":{"Est. tempo de leitura":"10 minutos"},"schema":{"@context":"https:\/\/schema.org","@graph":[{"@type":"WebPage","@id":"https:\/\/www.contabilizei.com.br\/reforma-tributaria\/artigo\/ibs-imposto-sobre-bens-e-servicos\/","url":"https:\/\/www.contabilizei.com.br\/reforma-tributaria\/artigo\/ibs-imposto-sobre-bens-e-servicos\/","name":"IBS - Imposto sobre bens e Servi\u00e7os: O que \u00e9 e qual ser\u00e1 a al\u00edquota? | Blog da Contabilizei","isPartOf":{"@id":"https:\/\/www.contabilizei.com.br\/reforma-tributaria\/#website"},"primaryImageOfPage":{"@id":"https:\/\/www.contabilizei.com.br\/reforma-tributaria\/artigo\/ibs-imposto-sobre-bens-e-servicos\/#primaryimage"},"image":{"@id":"https:\/\/www.contabilizei.com.br\/reforma-tributaria\/artigo\/ibs-imposto-sobre-bens-e-servicos\/#primaryimage"},"thumbnailUrl":"https:\/\/www.contabilizei.com.br\/reforma-tributaria\/wp-content\/uploads\/2024\/05\/contabilidade-online_clt-ou-pj-o-que-compensa-mais.webp","datePublished":"2025-06-17T16:49:26+00:00","dateModified":"2026-03-25T17:43:40+00:00","description":"O que \u00e9 o IBS imposto? Qual ser\u00e1 a al\u00edquota do IBS? Como se comp\u00f5e o IBS? Qual a diferen\u00e7a entre IVA e IBS? O que muda na Reforma Tribut\u00e1ria?","breadcrumb":{"@id":"https:\/\/www.contabilizei.com.br\/reforma-tributaria\/artigo\/ibs-imposto-sobre-bens-e-servicos\/#breadcrumb"},"inLanguage":"pt-BR","potentialAction":[{"@type":"ReadAction","target":["https:\/\/www.contabilizei.com.br\/reforma-tributaria\/artigo\/ibs-imposto-sobre-bens-e-servicos\/"]}]},{"@type":"ImageObject","inLanguage":"pt-BR","@id":"https:\/\/www.contabilizei.com.br\/reforma-tributaria\/artigo\/ibs-imposto-sobre-bens-e-servicos\/#primaryimage","url":"https:\/\/www.contabilizei.com.br\/reforma-tributaria\/wp-content\/uploads\/2024\/05\/contabilidade-online_clt-ou-pj-o-que-compensa-mais.webp","contentUrl":"https:\/\/www.contabilizei.com.br\/reforma-tributaria\/wp-content\/uploads\/2024\/05\/contabilidade-online_clt-ou-pj-o-que-compensa-mais.webp","width":1280,"height":726},{"@type":"BreadcrumbList","@id":"https:\/\/www.contabilizei.com.br\/reforma-tributaria\/artigo\/ibs-imposto-sobre-bens-e-servicos\/#breadcrumb","itemListElement":[{"@type":"ListItem","position":1,"name":"Home","item":"https:\/\/www.contabilizei.com.br\/reforma-tributaria\/"},{"@type":"ListItem","position":2,"name":"Posts - Reforma Tribut\u00e1ria","item":"https:\/\/www.contabilizei.com.br\/reforma-tributaria\/artigo\/"},{"@type":"ListItem","position":3,"name":"IBS &#8211; Imposto sobre bens e Servi\u00e7os: O que \u00e9 e qual ser\u00e1 a al\u00edquota?"}]},{"@type":"WebSite","@id":"https:\/\/www.contabilizei.com.br\/reforma-tributaria\/#website","url":"https:\/\/www.contabilizei.com.br\/reforma-tributaria\/","name":"Hub da Reforma tribut\u00e1ria","description":"Apoiando o empreendedorismo desde 2013","potentialAction":[{"@type":"SearchAction","target":{"@type":"EntryPoint","urlTemplate":"https:\/\/www.contabilizei.com.br\/reforma-tributaria\/?s={search_term_string}"},"query-input":{"@type":"PropertyValueSpecification","valueRequired":true,"valueName":"search_term_string"}}],"inLanguage":"pt-BR"}]}},"_links":{"self":[{"href":"https:\/\/www.contabilizei.com.br\/reforma-tributaria\/wp-json\/wp\/v2\/reforma_post\/39213","targetHints":{"allow":["GET"]}}],"collection":[{"href":"https:\/\/www.contabilizei.com.br\/reforma-tributaria\/wp-json\/wp\/v2\/reforma_post"}],"about":[{"href":"https:\/\/www.contabilizei.com.br\/reforma-tributaria\/wp-json\/wp\/v2\/types\/reforma_post"}],"author":[{"embeddable":true,"href":"https:\/\/www.contabilizei.com.br\/reforma-tributaria\/wp-json\/wp\/v2\/users\/88"}],"version-history":[{"count":12,"href":"https:\/\/www.contabilizei.com.br\/reforma-tributaria\/wp-json\/wp\/v2\/reforma_post\/39213\/revisions"}],"predecessor-version":[{"id":40350,"href":"https:\/\/www.contabilizei.com.br\/reforma-tributaria\/wp-json\/wp\/v2\/reforma_post\/39213\/revisions\/40350"}],"wp:featuredmedia":[{"embeddable":true,"href":"https:\/\/www.contabilizei.com.br\/reforma-tributaria\/wp-json\/wp\/v2\/media\/38233"}],"wp:attachment":[{"href":"https:\/\/www.contabilizei.com.br\/reforma-tributaria\/wp-json\/wp\/v2\/media?parent=39213"}],"wp:term":[{"taxonomy":"reforma_post_category","embeddable":true,"href":"https:\/\/www.contabilizei.com.br\/reforma-tributaria\/wp-json\/wp\/v2\/reforma_post_category?post=39213"},{"taxonomy":"reforma_post_trail","embeddable":true,"href":"https:\/\/www.contabilizei.com.br\/reforma-tributaria\/wp-json\/wp\/v2\/reforma_post_trail?post=39213"}],"curies":[{"name":"wp","href":"https:\/\/api.w.org\/{rel}","templated":true}]}}