{"id":4615,"date":"2023-12-01T15:24:33","date_gmt":"2023-12-01T18:24:33","guid":{"rendered":"https:\/\/site-static-prd1.ctbz.com.br\/contabilidade-online\/?p=4615"},"modified":"2026-04-07T16:10:13","modified_gmt":"2026-04-07T19:10:13","slug":"trabalho-autonomo","status":"publish","type":"post","link":"https:\/\/www.contabilizei.com.br\/contabilidade-online\/trabalho-autonomo\/","title":{"rendered":"Trabalho Aut\u00f4nomo: O que \u00e9? Guia com lista de profiss\u00f5es"},"content":{"rendered":"\n<p>O profissional aut\u00f4nomo \u00e9 aquele que trabalha por conta pr\u00f3pria, sem ter um v\u00ednculo empregat\u00edcio com uma empresa. Ele presta servi\u00e7os de forma independente, com autonomia para definir sua pr\u00f3pria rotina de trabalho, clientes, pre\u00e7os, entre outros. &nbsp;<\/p>\n\n\n\n<p>A principal caracter\u00edstica do trabalho aut\u00f4nomo \u00e9 a aus\u00eancia de subordina\u00e7\u00e3o. Diferente de um funcion\u00e1rio que atua no regime CLT, o aut\u00f4nomo n\u00e3o tem chefe, n\u00e3o precisa cumprir hor\u00e1rios fixos e assume todos os riscos e responsabilidades do seu pr\u00f3prio neg\u00f3cio.<\/p>\n\n\n\n<p>Para atuar como aut\u00f4nomo, o profissional pode ser pessoa f\u00edsica e pagar seus impostos via RPA (Recibo de Pagamento Aut\u00f4nomo) e Carn\u00ea-Le\u00e3o, ou pode se formalizar como pessoa jur\u00eddica (PJ) abrindo um CNPJ, o que pode trazer vantagens tribut\u00e1rias e mais oportunidades de trabalho. Continue a leitura e entenda as obriga\u00e7\u00f5es e os direitos de quem atua por esse modelo de trabalho.<\/p>\n\n\n\n<blockquote class=\"wp-block-quote is-layout-flow wp-block-quote-is-layout-flow\">\n<p><strong><p>Para as cidades de S\u00e3o Paulo, Curitiba e Florian\u00f3polis, o Recibo de Pagamento Aut\u00f4nomo (RPA) entrou em desuso a partir do in\u00edcio de 2026. A Nota Fiscal de Servi\u00e7os Eletr\u00f4nica (NFS-e) passou a ser o documento oficial e obrigat\u00f3rio para formalizar o servi\u00e7o prestado. Para saber mais, <a href=\"https:\/\/www.contabilizei.com.br\/contabilizei-responde\/fim-do-rpa-em-sao-paulo\/\">acesse aqui<\/a> nossa mat\u00e9ria sobre a obrigatoriedade da emiss\u00e3o da NFS-e por profissionais liberais e aut\u00f4nomos.<\/p>\n<\/strong><\/p>\n<\/blockquote>\n\n\n\n<h2 class=\"wp-block-heading\" class=\"wp-block-heading\" id=\"o-que-e-o-trabalho-autonomo\">O que \u00e9 o trabalho aut\u00f4nomo?<\/h2>\n\n\n\n<p><strong>Trabalho aut\u00f4nomo \u00e9 toda atividade exercida por profissionais de forma liberal, prestando servi\u00e7os para empresas ou pessoas f\u00edsicas por um tempo espec\u00edfico, sem v\u00ednculo empregat\u00edcio<\/strong>. Eles s\u00e3o favorecidos por quest\u00f5es tribut\u00e1rias e pela facilidade de conseguir trabalhos no mercado digital.<\/p>\n\n\n\n<p>Ainda que se considere que a presta\u00e7\u00e3o de servi\u00e7os de profissionais aut\u00f4nomos seja eventual, ela pode tornar-se habitual conforme a maneira como ele exerce sua atividade.<\/p>\n\n\n\n<p>Os fundamentos relacionados ao profissional aut\u00f4nomo, <a href=\"http:\/\/www.ambito-juridico.com.br\/pdfsGerados\/artigos\/4755.pdf\" target=\"_blank\" rel=\"noreferrer noopener\">conforme Ant\u00f4nio Palermo<\/a>, s\u00e3o:<\/p>\n\n\n\n<ul>\n<li>Liberdade de organiza\u00e7\u00e3o e execu\u00e7\u00e3o do pr\u00f3prio trabalho, podendo contar com a ajuda de auxiliares e mesmo substitutos;<\/li>\n\n\n\n<li>Liberdade de disposi\u00e7\u00e3o do resultado do pr\u00f3prio trabalho, ou seja, ele n\u00e3o aliena a sua atividade, mas pode alienar o resultado dela dependendo do que foi combinado entre as partes.<\/li>\n<\/ul>\n\n\n\n<p>Isso \u00e9 diferente do que acontece com o profissional subordinado, que aliena a for\u00e7a de trabalho, sem assumir os riscos, mas se pondo sob o poder da dire\u00e7\u00e3o empresarial, principalmente no que se refere \u00e0 disciplina.<\/p>\n\n\n\n<p>Autonomia do prestador da obra no duplo sentido, ou seja, seu trabalho \u00e9 resultado da manifesta\u00e7\u00e3o de uma determinada habilidade.<\/p>\n\n\n\n<p>Al\u00e9m disso, ele assume e sofre os riscos daquilo que faz.<\/p>\n\n\n\n<p>Para todos os efeitos, o profissional aut\u00f4nomo n\u00e3o est\u00e1 comprometido com um dever de obedi\u00eancia, n\u00e3o recebendo ordens da pessoa que se beneficia com seu trabalho (ela somente orienta como esse trabalho deve ser feito).<\/p><div id=\"conta-3590751632\" class=\"cta-bulk ga-cta-imagem-conteudo conta-cont-6p-cta-bulk conta-entity-placement\" style=\"margin-top: 30px;margin-bottom: 30px;\"><a href=\"https:\/\/www.contabilizei.com.br\/abrir-empresa\/\" aria-label=\"01\"><img loading=\"lazy\" decoding=\"async\" src=\"https:\/\/www.contabilizei.com.br\/contabilidade-online\/wp-content\/uploads\/2021\/07\/01.jpg?wsr\" alt=\"\"  srcset=\"https:\/\/www.contabilizei.com.br\/contabilidade-online\/wp-content\/uploads\/2021\/07\/01.jpg 615w, https:\/\/www.contabilizei.com.br\/contabilidade-online\/wp-content\/uploads\/2021\/07\/01-300x146.jpg 300w\" sizes=\"(max-width: 615px) 100vw, 615px\" width=\"615\" height=\"300\"  style=\"display: inline-block;\" \/><\/a><\/div>\n\n\n\n<p><strong>Vai trabalhar como aut\u00f4nomo? Tenha o seu <a href=\"https:\/\/www.contabilizei.com.br\/contrato-de-prestacao-de-servicos-autonomo-e-liberal\/\" target=\"_blank\" rel=\"noreferrer noopener\">contrato de presta\u00e7\u00e3o de servi\u00e7os em pdf<\/a> com seguran\u00e7a e praticidade!<\/strong><\/p>\n\n\n\n<!--HubSpot Call-to-Action Code --><span class=\"hs-cta-wrapper\" id=\"hs-cta-wrapper-e6f6c19d-e719-4116-943e-292d07dbf8c9\"><span class=\"hs-cta-node hs-cta-e6f6c19d-e719-4116-943e-292d07dbf8c9\" id=\"hs-cta-e6f6c19d-e719-4116-943e-292d07dbf8c9\"><!--[if lte IE 8]><div id=\"hs-cta-ie-element\"><\/div><![endif]--><a href=\"https:\/\/cta-redirect.hubspot.com\/cta\/redirect\/547564\/e6f6c19d-e719-4116-943e-292d07dbf8c9\" target=\"_blank\" rel=\"noopener noreferrer\"><img decoding=\"async\" class=\"hs-cta-img\" id=\"hs-cta-img-e6f6c19d-e719-4116-943e-292d07dbf8c9\" style=\"border-width:0px;\" src=\"https:\/\/no-cache.hubspot.com\/cta\/default\/547564\/e6f6c19d-e719-4116-943e-292d07dbf8c9.png\" alt=\"Modelo de contrato de presta\u00e7\u00e3o de servi\u00e7os\"><\/a><\/span><script charset=\"utf-8\" src=\"https:\/\/js.hscta.net\/cta\/current.js\"><\/script><script type=\"text\/javascript\"> hbspt.cta.load(547564, 'e6f6c19d-e719-4116-943e-292d07dbf8c9', {}); <\/script><\/span><!-- end HubSpot Call-to-Action Code -->\n\n\n\n<h2 class=\"wp-block-heading\" class=\"wp-block-heading\" id=\"qual-a-diferenca-entre-profissional-autonomo-profissional-liberal-e-mei\">Qual a diferen\u00e7a entre profissional aut\u00f4nomo, profissional liberal e MEI?<\/h2>\n\n\n\n<p>\u00c9 poss\u00edvel que muitas pessoas sintam d\u00favidas sobre algumas categorias de profissionais.<\/p>\n\n\n\n<h3 class=\"wp-block-heading\">Aut\u00f4nomo<\/h3>\n\n\n\n<ul>\n<li>N\u00e3o tem v\u00ednculo empregat\u00edcio (n\u00e3o possui carteira assinada);<\/li>\n\n\n\n<li>Pode ser pessoa f\u00edsica ou jur\u00eddica;<\/li>\n\n\n\n<li>N\u00e3o \u00e9 obrigat\u00f3rio que apresente certifica\u00e7\u00f5es\/habilita\u00e7\u00f5es;<\/li>\n\n\n\n<li>Pode prestar servi\u00e7os a pessoas f\u00edsicas ou jur\u00eddicas diversas;<\/li>\n\n\n\n<li>Responde por seus pr\u00f3prios erros;<\/li>\n\n\n\n<li>N\u00e3o est\u00e1 subordinado a uma cadeia hier\u00e1rquica;<\/li>\n\n\n\n<li>Possui maior flexibilidade de hor\u00e1rios;<\/li>\n\n\n\n<li>Deve pagar determinados tributos.<\/li>\n<\/ul>\n\n\n\n<p><strong>Quer calcular os impostos pagos por um aut\u00f4nomo?<\/strong>&nbsp;A Contabilizei criou uma Calculadora para voc\u00ea n\u00e3o perder mais tempo fazendo contas e descobrir quanto gasta em impostos.&nbsp;<a href=\"https:\/\/www.contabilizei.com.br\/calculadora-rpa-autonomo\/\" target=\"_blank\" rel=\"noreferrer noopener\"><strong>Clique aqui<\/strong><\/a>&nbsp;e confira!<\/p>\n\n\n\n<h3 class=\"wp-block-heading\">Profissional liberal<\/h3>\n\n\n\n<p>Quando se fala em profissionais liberais, lembramos logo dos m\u00e9dicos, advogados, engenheiros, arquitetos, dentistas, professores, veterin\u00e1rios, agr\u00f4nomos e outros.<\/p>\n\n\n\n<p>Sim, esses s\u00e3o os profissionais liberais, que exercem atividades em neg\u00f3cio pr\u00f3prio ou de terceiros. Ao contr\u00e1rio do aut\u00f4nomo, o <a href=\"https:\/\/www.contabilizei.com.br\/contabilidade-online\/profissional-liberal-autonomo-diferencas\/\">profissional liberal<\/a> pode ter v\u00ednculos empregat\u00edcios com uma ou mais de uma empresa, ou seja, pode ter carteira assinada e usufruir os benef\u00edcios que ela proporciona, mas deve se responsabilizar por seus pr\u00f3prios erros.<\/p>\n\n\n\n<p>Eles s\u00e3o representados atrav\u00e9s de conselhos e\/ou sindicatos (OAB, CRM, CAU, CREA e assim por diante).<\/p>\n\n\n\n<p>Os profissionais liberais devem pagar tributos para que exer\u00e7am legalmente suas atividades. Esses impostos s\u00e3o taxados, em sua maior parte, sobre os servi\u00e7os que prestam. Nesse ponto, eles s\u00e3o parecidos com os aut\u00f4nomos, pagando IRPF\/IRPJ, ISS, PIS, INSS.<\/p>\n\n\n\n<p>Caso eles tenham registro nos conselhos\/sindicatos, tamb\u00e9m devem pagar taxas relacionadas \u00e0 manuten\u00e7\u00e3o das entidades.<\/p>\n\n\n\n<h3 class=\"wp-block-heading\">MEI<\/h3>\n\n\n\n<p>O microempreendedor s\u00f3 pode ser uma&nbsp;<a href=\"https:\/\/www.contabilizei.com.br\/contabilidade-online\/pessoa-juridica\/\" target=\"_blank\" rel=\"noreferrer noopener\">pessoa jur\u00eddica<\/a>, isto \u00e9, uma empresa. Para se encaixar nessa modalidade de empresa, alguns requisitos devem ser preenchidos:<\/p>\n\n\n\n<ul>\n<li>N\u00e3o \u00e9 permitido possuir mais de uma empresa;<\/li>\n\n\n\n<li>N\u00e3o \u00e9 permitido&nbsp;<strong>ser<\/strong>&nbsp;s\u00f3cio ou administrador de mais de uma empresa;<\/li>\n\n\n\n<li>Dever\u00e1 exercer uma das atividades permitidas ao&nbsp;<strong>MEI<\/strong>;<\/li>\n\n\n\n<li>Poder\u00e1 contratar apenas 1 funcion\u00e1rio;<\/li>\n\n\n\n<li>E faturar at\u00e9 R$ 81 mil por ano, ou R$6.750,00 por m\u00eas<\/li>\n<\/ul>\n\n\n\n<h3 class=\"wp-block-heading\">ME \u2013 Microempresa<\/h3>\n\n\n\n<ul>\n<li>Deve ter um m\u00e1ximo de 9 funcion\u00e1rios (com\u00e9rcio e servi\u00e7os) ou de 19 funcion\u00e1rios (ind\u00fastria e constru\u00e7\u00e3o civil);<\/li>\n\n\n\n<li>A renda do microempreendedor deve se limitar a R$360.000,00 anuais;<\/li>\n\n\n\n<li>Quanto \u00e0&nbsp;<a href=\"https:\/\/www.contabilizei.com.br\/contabilidade-online\/novo-regime-tributacao-sp\/\">tributa\u00e7\u00e3o<\/a>, ele deve pagar IRPJ, ICMS, COFINS, PIS, CSLL, IPI, etc;<\/li>\n\n\n\n<li>S\u00e3o impostos relacionados \u00e0s suas atividades, \u00e0 declara\u00e7\u00e3o de sua renda e aos compromissos com a previd\u00eancia (sua e dos funcion\u00e1rios);<\/li>\n\n\n\n<li>Ele pode pagar boa parte desses tributos de forma simplificada optando pelo&nbsp;<a href=\"https:\/\/www.contabilizei.com.br\/contabilidade-online\/pgdas\/\">Simples Nacional<\/a>.<\/li>\n<\/ul>\n\n\n\n<p>Quer saber qual a melhor op\u00e7\u00e3o para voc\u00ea neste momento? Veja mais <a href=\"https:\/\/www.contabilizei.com.br\/contabilidade-online\/o-que-e-prestador-de-servicos-pj-e-quais-as-diferencas-para-autonomo-e-profissional-liberal\/\" target=\"_blank\" rel=\"noreferrer noopener\">dicas aqui<\/a>.<\/p>\n\n\n\n<h2 class=\"wp-block-heading\" class=\"wp-block-heading\" id=\"o-que-significa-ser-um-profissional-autonomo\">O que significa ser um profissional aut\u00f4nomo?<\/h2>\n\n\n\n<p>Ser um <strong>profissional aut\u00f4nomo significa ter habilidades intelectuais, t\u00e9cnicas e manuais para trabalhar por conta pr\u00f3pria,<\/strong> <strong>exercendo sua atividade profissional sem nenhum v\u00ednculo empregat\u00edcio<\/strong> e assumindo as responsabilidades e riscos de suas atividades.<\/p>\n\n\n\n<p>Sendo assim, o profissional aut\u00f4nomo pode prestar servi\u00e7os tanto para pessoas f\u00edsicas quanto pessoas jur\u00eddicas, tendo autonomia para negociar sua forma de trabalho, valores das atividades em quest\u00e3o, entre outros.<\/p>\n\n\n\n<h2 class=\"wp-block-heading\" class=\"wp-block-heading\" id=\"especies-de-trabalhadores-autonomos\">Esp\u00e9cies de trabalhadores aut\u00f4nomos<\/h2>\n\n\n\n<p>H\u00e1 duas esp\u00e9cies de trabalhadores aut\u00f4nomos:<\/p>\n\n\n\n<ul>\n<li>Prestadores de servi\u00e7os de profiss\u00f5es n\u00e3o regulamentadas, por exemplo: encanador, digitador, pintor, faxineiro, pedreiro, jornalista e outros assemelhados;<\/li>\n\n\n\n<li>Prestadores de servi\u00e7os de profiss\u00f5es regulamentadas, por exemplo: advogado, m\u00e9dico, contabilista, engenheiro, nutricionista, psic\u00f3logo e outros registrados nos seus respectivos conselhos regionais de fiscaliza\u00e7\u00e3o profissional.<\/li>\n<\/ul>\n\n\n\n<h2 class=\"wp-block-heading\" class=\"wp-block-heading\" id=\"tipos-de-trabalho-autonomo\">Tipos de trabalho aut\u00f4nomo<\/h2>\n\n\n\n<p>Existem alguns trabalhos mais conhecidos no mercado que atuam como aut\u00f4nomos, por exemplo:<\/p>\n\n\n\n<ul>\n<li>Professor particular<\/li>\n\n\n\n<li>Bab\u00e1<\/li>\n\n\n\n<li>Vendedor de doces<\/li>\n\n\n\n<li>Cuidador de pets<\/li>\n\n\n\n<li>N\u00f4made Digital<\/li>\n\n\n\n<li>Manuten\u00e7\u00e3o de computadores<\/li>\n\n\n\n<li>Consultor<\/li>\n\n\n\n<li>Organizador de festa<\/li>\n\n\n\n<li>Eletricista<\/li>\n\n\n\n<li>Faxina<\/li>\n\n\n\n<li>Escritor de convites<\/li>\n<\/ul>\n\n\n\n<h4 class=\"wp-block-heading\">Coaching pessoal<\/h4>\n\n\n\n<ul>\n<li>Coach de relacionamentos;<\/li>\n\n\n\n<li>Coach de intelig\u00eancia emocional;<\/li>\n\n\n\n<li>Coach financeiro;<\/li>\n\n\n\n<li>Coach espiritual;<\/li>\n\n\n\n<li>Coach de emagrecimento;<\/li>\n\n\n\n<li>Coach esportivo.<\/li>\n<\/ul>\n\n\n\n<h4 class=\"wp-block-heading\">Coaching profissional<\/h4>\n\n\n\n<ul>\n<li>Coach corporativo;<\/li>\n\n\n\n<li>Coach de performance;<\/li>\n\n\n\n<li>Coach de carreira;<\/li>\n\n\n\n<li>Coach de equipes;<\/li>\n\n\n\n<li>Coach de lideran\u00e7a;<\/li>\n\n\n\n<li>Coach de vendas.<\/li>\n<\/ul>\n\n\n\n<h2 class=\"wp-block-heading\" class=\"wp-block-heading\" id=\"vantagens-de-ser-um-profissional-autonomo\">Vantagens de ser um profissional aut\u00f4nomo<\/h2>\n\n\n\n<p>Uma das vantagens \u00e9 a possibilidade de definir seu pr\u00f3prio hor\u00e1rio de atividades. N\u00e3o precisa seguir um modelo fixo definido por uma empresa ou patr\u00e3o, com hor\u00e1rio fixo para entrada e sa\u00edda. Sendo assim, \u00e9 poss\u00edvel conciliar melhor as atividades profissionais com outras necess\u00e1rias no dia a dia.<\/p>\n\n\n\n<p>Outro ponto a favor \u00e9 n\u00e3o tem que prestar obedi\u00eancia a uma figura superior, seguir uma hierarquia necess\u00e1ria em empresas (como forma de garantir melhor organiza\u00e7\u00e3o e controle sobre as coisas). Afinal, a ideia de subordina\u00e7\u00e3o, hierarquia, patr\u00e3o, receber ordens n\u00e3o \u00e9 bem aceita por muitas pessoas.<\/p>\n\n\n\n<p>H\u00e1 maior flexibilidade sim quanto a hor\u00e1rios, n\u00edvel de disciplina e outras coisas, mas sempre ser\u00e1 necess\u00e1rio manter controle e procurar organizar-se o melhor poss\u00edvel.<\/p>\n\n\n\n<p>Em geral, os aut\u00f4nomos n\u00e3o precisam apresentar algum certificado sobre suas habilidades, mas isso n\u00e3o quer dizer que n\u00e3o precisam estar preparados para suas atividades.<\/p>\n\n\n\n<p>\u00c9 bom lembrar que, sendo um prestador de servi\u00e7os, o profissional aut\u00f4nomo talvez precise preencher certos requisitos para fazer servi\u00e7os em uma determinada empresa. Outra vantagem \u00e9 a carga tribut\u00e1ria menos pesada.<\/p>\n\n\n\n<blockquote class=\"wp-block-quote is-layout-flow wp-block-quote-is-layout-flow\">\n<p><\/p>\n<cite>Saiba <a href=\"https:\/\/www.contabilizei.com.br\/contabilidade-online\/trabalho-no-exterior\/\">como prestar servi\u00e7os para empresas americanas<\/a>.<\/cite><\/blockquote>\n\n\n\n<h2 class=\"wp-block-heading\" class=\"wp-block-heading\" id=\"desvantagens-de-ser-um-profissional-autonomo\">Desvantagens de ser um profissional aut\u00f4nomo<\/h2>\n\n\n\n<p>O fato de n\u00e3o assumir v\u00ednculo empregat\u00edcio, por outro lado, n\u00e3o permite certos privil\u00e9gios trabalhistas, como carteira assinada e os benef\u00edcios que ela permite: 13\u00ba sal\u00e1rio, f\u00e9rias, FGTS, folga semanal remunerada, horas extras e assim por diante.<\/p>\n\n\n\n<p>Sendo aut\u00f4nomo, \u00e9 preciso pagar o INSS para garantir a aposentadoria. Aqui entra uma vantagem: o valor a pagar \u00e9 menor, correspondendo a 11% do sal\u00e1rio m\u00ednimo.<\/p>\n\n\n\n<p>Muitos benef\u00edcios que um empregado pode usufruir dentro de uma empresa (seja p\u00fablica ou privada) n\u00e3o s\u00e3o concedidos ao aut\u00f4nomo, como vale-transporte, plano de sa\u00fade, vale-refei\u00e7\u00e3o, di\u00e1ria, gratifica\u00e7\u00f5es, estabilidade (cargos p\u00fablicos) e outros. Existe a diferen\u00e7a entre ser <a href=\"https:\/\/www.contabilizei.com.br\/contabilidade-online\/clt-ou-pj-o-que-compensa-mais\/\">CLT e PJ<\/a>, voc\u00ea pode analisar qual \u00e9 mais vantajoso para suas atividades.<\/p>\n\n\n\n<p>O aut\u00f4nomo, em geral, n\u00e3o possui uma renda definida, o que pode prejudicar o controle do or\u00e7amento e a programa\u00e7\u00e3o para o futuro.<\/p>\n\n\n\n<p>O fato de ele responder por seus pr\u00f3prios erros poder\u00e1 ser ou n\u00e3o vantajoso, dependendo da ocasi\u00e3o, \u00e9 preciso ficar alerta em todos esses t\u00f3picos.<\/p>\n\n\n\n<h2 class=\"wp-block-heading\" class=\"wp-block-heading\" id=\"vale-a-pena-se-tornar-pessoa-juridica-pj-como-profissional-autonomo\">Vale a pena se tornar pessoa jur\u00eddica (PJ) como profissional aut\u00f4nomo?<\/h2>\n\n\n\n<p>Ser prestador de servi\u00e7os de forma aut\u00f4noma ou abrir uma empresa se tornando pessoa jur\u00eddica vai depender muito da atividade que voc\u00ea exerce e do seu rendimento mensal.<\/p>\n\n\n\n<h3 class=\"wp-block-heading\">1. Inscri\u00e7\u00e3o Municipal e ISS<\/h3>\n\n\n\n<p>Para regularizar a sua situa\u00e7\u00e3o, o empreendedor aut\u00f4nomo precisa realizar uma inscri\u00e7\u00e3o na Prefeitura e recolher o Imposto Sobre Servi\u00e7os (ISS).<\/p>\n\n\n\n<p>Em alguns munic\u00edpios, os aut\u00f4nomos que exercem atividades como m\u00e9dicos, veterin\u00e1rios, cabeleireiros e outros t\u00eam direito \u00e0 isen\u00e7\u00e3o do ISS, de acordo com as regras estabelecidas pela prefeitura referentes \u00e0 sua ocupa\u00e7\u00e3o.<\/p>\n\n\n\n<h3 class=\"wp-block-heading\">2. Recolhimento do Imposto de Renda<\/h3>\n\n\n\n<p>Os prestadores de servi\u00e7os aut\u00f4nomos devem recolher mensalmente o&nbsp;<a href=\"https:\/\/www.contabilizei.com.br\/contabilidade-online\/como-declarar-imposto-de-renda-mei\/\">Imposto de Renda<\/a> quando os recebimentos ultrapassarem o valor de R$5.000,00. O valor do IR segue a tabela progressiva de acordo com a renda, variando de 7,5% a 27,5% sobre os rendimentos.<\/p>\n\n\n\n<p>A empresa que contrata os servi\u00e7os de um profissional aut\u00f4nomo \u00e9 respons\u00e1vel por recolher o IR e fornecer um informe de rendimentos no in\u00edcio do ano possibilitando o preenchimento da Declara\u00e7\u00e3o de Ajuste Anual por parte do trabalhador.<\/p>\n\n\n\n<p>Essa \u00e9 com certeza uma desvantagem, j\u00e1 que a empresa contratante tem que pagar 20% de INSS sobre o rendimento pago ao profissional \u2013 o que pode fazer com que as empresas prefiram contratar algu\u00e9m com CNPJ.<\/p>\n\n\n\n<p>No entanto, quando o aut\u00f4nomo fornece seus servi\u00e7os a pessoas f\u00edsicas, \u00e9 dele a responsabilidade de recolher o Imposto de Renda. O recolhimento \u00e9 feito por meio do lan\u00e7amento mensal dos ganhos no programa Carn\u00ea-Le\u00e3o.<\/p>\n\n\n\n<p>O valor \u00e9 referente aos rendimentos obtidos como PF depois de descontada a contribui\u00e7\u00e3o para o INSS e as dedu\u00e7\u00f5es cab\u00edveis. A Receita Federal calcula o IR e emite a guia para o recolhimento (DARF) que pode ser pago em qualquer institui\u00e7\u00e3o banc\u00e1ria.<\/p>\n\n\n\n<h3 class=\"wp-block-heading\">3. Contribui\u00e7\u00e3o para o INSS<\/h3>\n\n\n\n<p>Os profissionais que trabalham como PF t\u00eam o direito de se inscrever na Previd\u00eancia Social e contribuir para o INSS para garantir benef\u00edcios como aposentadoria, aux\u00edlio-doen\u00e7a, sal\u00e1rio-maternidade e etc.<\/p>\n\n\n\n<p>O valor da contribui\u00e7\u00e3o deve ser de 11% sobre o sal\u00e1rio m\u00ednimo e de 20% quando se tratar de uma quantia maior. O carn\u00ea para o recolhimento do imposto pode ser obtido no site da Receita Federal.<\/p>\n\n\n\n<h3 class=\"wp-block-heading\">4. Livro-caixa<\/h3>\n\n\n\n<p>Uma vantagem de atuar como aut\u00f4nomo \u00e9 o fato de que \u00e9 poss\u00edvel deduzir dos ganhos os gastos com despesas relativas \u00e0 ocupa\u00e7\u00e3o profissional \u2013 como as contas de aluguel, energia el\u00e9trica, telefone, \u00e1gua e outras. Al\u00e9m disso, quem trabalha em casa pode deduzir um quinto das suas despesas residenciais no imposto de renda.<\/p>\n\n\n\n<p>Mantendo os comprovantes, esses custos podem ser deduzidos no livro-caixa mensalmente e lan\u00e7ados do Carn\u00ea-Le\u00e3o (para quem presta servi\u00e7os para PF) ou na hora de preencher a Declara\u00e7\u00e3o de Ajuste Anual (para quem recebe apenas de PJ).<\/p>\n\n\n\n<h3 class=\"wp-block-heading\">5. Faturamento do profissional aut\u00f4nomo<\/h3>\n\n\n\n<p>Normalmente, se o rendimento mensal do profissional for maior do que R$ 5 mil \u00e9 mais vantajoso atuar como pessoa jur\u00eddica.<\/p>\n\n\n\n<p>O recolhimento de impostos funciona de modo diferente para quem abre um neg\u00f3cio, tem CNPJ e emite notas fiscais. A tributa\u00e7\u00e3o nesse caso \u00e9 menor e varia de 8% a 15%.<\/p>\n\n\n\n<p>Se a sua atividade for compat\u00edvel com o Microempreendedor Individual (MEI) e o faturamento for de at\u00e9 R$ 80 mil por ano, essa pode ser uma \u00f3tima op\u00e7\u00e3o para ter um CNPJ.<\/p>\n\n\n\n<p>O MEI \u00e9 isento de tributos federais e paga um valor fixo mensal de acordo com a ocupa\u00e7\u00e3o. Al\u00e9m disso, ele tem acesso aos benef\u00edcios do INSS. Se voc\u00ea quer saber mais sobre como abrir um MEI, leia<a href=\"https:\/\/www.contabilizei.com.br\/contabilidade-online\/trabalhar-como-pj-e-abrir-empresa-o-que-um-dev-precisa-saber\/\" target=\"_blank\" rel=\"noreferrer noopener\"> aqui<\/a>.<\/p>\n\n\n\n<p>Contudo, al\u00e9m do limite de faturamento anual, n\u00e3o \u00e9 qualquer atividade que se enquadra como MEI. Por isso, para escolher a forma correta de formaliza\u00e7\u00e3o \u00e9 preciso, al\u00e9m de considerar a atividade e o faturamento, tamb\u00e9m verificar de que modo o neg\u00f3cio est\u00e1 regularizado e qual \u00e9 o aspecto societ\u00e1rio referente ao exerc\u00edcio profissional em quest\u00e3o.<\/p>\n\n\n\n<p>Quer saber como entender sobre o enquadramento e abrir sua empresa de forma regular e evitar eventuais problemas com o governo?<a href=\"https:\/\/www.contabilizei.com.br\/\" target=\"_blank\" rel=\"noreferrer noopener\"> Entre em contato<\/a> com nossa equipe de especialistas.<\/p>\n\n\n\n<p>No momento em que vivemos, passar credibilidade e seguran\u00e7a s\u00e3o pontos-chaves para que empresas e pessoas contratem os seus servi\u00e7os.&nbsp;<\/p>\n\n\n\n<h2 class=\"wp-block-heading\" class=\"wp-block-heading\" id=\"como-se-tornar-um-trabalhador-autonomo\">Como se tornar um trabalhador aut\u00f4nomo?<\/h2>\n\n\n\n<p>O in\u00edcio \u00e9 desafiador, as rotinas podem ser inst\u00e1veis e \u00e9 preciso se organizar fazendo uma boa gest\u00e3o de si para que tenha sucesso.<\/p>\n\n\n\n<h3 class=\"wp-block-heading\">1. Comece trabalhando sua marca pessoal <\/h3>\n\n\n\n<p>Explique online ou atrav\u00e9s dos contatos que tem o que voc\u00ea faz, como funciona e a sua entrega. Voc\u00ea mesmo precisa fazer o seu marketing.<\/p>\n\n\n\n<h3 class=\"wp-block-heading\">2. Crie um plano de a\u00e7\u00e3o<\/h3>\n\n\n\n<p> Crie um objetivo e metas para conquistar. Fa\u00e7a um plano que seja realiz\u00e1vel e acess\u00edvel, pense em:<\/p>\n\n\n\n<ul>\n<li>&nbsp;&nbsp;Quanto devo cobrar?<\/li>\n\n\n\n<li>&nbsp;&nbsp;Onde eu melhor encontro meus clientes?<\/li>\n\n\n\n<li>&nbsp;&nbsp;Qu\u00e3o dif\u00edcil \u00e9 fechar um neg\u00f3cio?<\/li>\n\n\n\n<li>&nbsp;&nbsp;Devo modelar meus campos ou criar novos a cada vez?<\/li>\n<\/ul>\n\n\n\n<h3 class=\"wp-block-heading\">3. Pesquise e esteja de olho nas tend\u00eancias<\/h3>\n\n\n\n<p>Veja nas redes sociais ou sites profissionais que fazem o mesmo servi\u00e7o que voc\u00ea e como est\u00e3o se comunicando com seus clientes.<\/p>\n\n\n\n<h3 class=\"wp-block-heading\">4. Crie sua reputa\u00e7\u00e3o<\/h3>\n\n\n\n<p>Busque sempre entender as demandas solicitadas e entregar tudo ou at\u00e9 mais do que estava combinado, para que voc\u00ea crie um elo e o cliente te indique para mais pessoas.<\/p>\n\n\n\n<h2 class=\"wp-block-heading\" class=\"wp-block-heading\" id=\"quais-caracteristicas-e-necessario-ter-para-ser-um-prestador-de-servicos-autonomo\">Quais caracter\u00edsticas \u00e9 necess\u00e1rio ter para ser um prestador de servi\u00e7os aut\u00f4nomo?<\/h2>\n\n\n\n<p>Para voc\u00ea que \u00e9 PJ ou possui trabalho aut\u00f4nomo, essas habilidades precisam ser constru\u00eddas em si mesmo para que o relacionamento com clientes, parceiros e equipe (caso tenha \u2013 mesmo que em pequena quantidade) seja eficaz e assertivo como um diferencial de neg\u00f3cio.<\/p>\n\n\n\n<h3 class=\"wp-block-heading\">1. Vontade de ajudar<\/h3>\n\n\n\n<p>O instinto de resolver problemas e causar impactos positivos \u00e9 uma caracter\u00edstica\/habilidade que proporciona diversos benef\u00edcios. A prontid\u00e3o e a disposi\u00e7\u00e3o est\u00e3o, literalmente, ligadas \u00e0 essa compet\u00eancia, al\u00e9m de favorecer a empresa oferecendo um apoio completo, essa soft skill faz com que o cliente se sinta atendido e valorizado.&nbsp;<\/p>\n\n\n\n<h3 class=\"wp-block-heading\">2. Empatia<\/h3>\n\n\n\n<p>Treinar a empatia por meio da repeti\u00e7\u00e3o de frases que fazem com que a pessoa com quem voc\u00ea estiver falando se sinta compreendida, como: \u201ceu entendo que isso pode ser frustrante\u201d ou \u201cexiste algo que eu possa fazer para te ajudar?\u201d s\u00e3o passos essenciais para essa soft skill.&nbsp;&nbsp;&nbsp;<\/p>\n\n\n\n<p>Apesar disso, essas estruturas s\u00f3 conseguem cumprir seus prop\u00f3sitos quando s\u00e3o usadas de forma bastante natural e espont\u00e2nea, ou seja, de maneira que n\u00e3o fiquem engessadas no discurso, que o atendimento precisa ser emp\u00e1tico por obriga\u00e7\u00e3o. Mas, mesmo assim, a empatia \u00e9 muito mais do que frases de efeito: \u00e9 o desejo de realmente entender de onde vem a dor do cliente e o que eles precisam. Aprender sobre o nicho dele e estudar um pouco sobre seus desafios \u00e9 uma boa forma de se conectar, de fato, a ele e, ent\u00e3o, ajud\u00e1-lo quando precisar.<\/p>\n\n\n\n<h3 class=\"wp-block-heading\">3. Comunica\u00e7\u00e3o&nbsp;<\/h3>\n\n\n\n<p>Escutar atenciosamente, explicar com clareza algum t\u00f3pico e tratar as pessoas com cuidado s\u00e3o fundamentais para que uma empresa se mantenha em p\u00e9. Saber articular bem uma conversa, ter boa dic\u00e7\u00e3o e um bom tom de voz s\u00e3o caracter\u00edsticas dessa habilidade.&nbsp;<\/p>\n\n\n\n<p>\u00c9 necess\u00e1rio prestar um bom suporte com um tom de voz adequado, com uma gram\u00e1tica correta, sempre com clareza e coer\u00eancia no discurso.<\/p>\n\n\n\n<h3 class=\"wp-block-heading\">4. Intelig\u00eancia emocional<\/h3>\n\n\n\n<p>Na empatia, se tem sensibilidade com as emo\u00e7\u00f5es do outro; na intelig\u00eancia emocional, se tem conhecimento sobre os seus pr\u00f3prios sentimentos. Ler os sinais que o cliente est\u00e1 dando e compreender que, \u00e0s vezes, o problema pode ser mais profundo \u00e9 uma habilidade que est\u00e1 bastante em alta quando se fala de soft skills. Al\u00e9m disso, com ela, \u00e9 poss\u00edvel que todas as outras compet\u00eancias socioemocionais consigam atingir sua capacidade total. Saber lidar e balizar a racionalidade e a emo\u00e7\u00e3o nas situa\u00e7\u00f5es do dia a dia \u00e9 essencial para ter bons relacionamentos.&nbsp;<\/p>\n\n\n\n<h3 class=\"wp-block-heading\">5. Resolu\u00e7\u00e3o de problemas&nbsp;<\/h3>\n\n\n\n<p>Os melhores solucionadores de problemas s\u00e3o aqueles que se antecipam ao ver que algo pode vir a acontecer e que t\u00eam autoconfian\u00e7a suficiente para descobrir uma solu\u00e7\u00e3o. Portanto, na resolu\u00e7\u00e3o de problemas, a atitude de proatividade \u00e9 muito eficaz. N\u00e3o \u00e9 preciso saber a resposta para tudo, mas \u00e9 positivo ter vontade de resolver e, assim, chegar a uma conclus\u00e3o.<\/p>\n\n\n\n<h3 class=\"wp-block-heading\">6. Gerenciamento de stress<\/h3>\n\n\n\n<p>Lidar com pessoas e clientes diariamente profissionalmente, mesmo que eles sejam legais e cordiais, \u00e9 estressante por natureza, afinal, mesmo sendo comunicativo e extrovertido, \u00e9 normal o estresse chegar no final do dia e estar sem muita energia. A habilidade de gerenciar esse stress e n\u00e3o descontar nos outros \u00e9 important\u00edssima para qualquer neg\u00f3cio.<\/p>\n\n\n\n<h3 class=\"wp-block-heading\">7. Criatividade<\/h3>\n\n\n\n<p>A criatividade \u00e9 uma arma extremamente poderosa para lidar com situa\u00e7\u00f5es novas e imprevistos. O profissional que a det\u00e9m geralmente encontra solu\u00e7\u00f5es com mais rapidez e efici\u00eancia, abrindo seus pr\u00f3prios caminhos e criando uma rotina de trabalho personalizada.<\/p>\n\n\n\n<h3 class=\"wp-block-heading\">8. Gerenciamento do tempo<\/h3>\n\n\n\n<p>A administra\u00e7\u00e3o do tempo \u00e9 um fator vital para o bem-estar nos \u00e2mbitos pessoal e profissional. Diante de um cotidiano cada vez mais agitado e do ac\u00famulo de obriga\u00e7\u00f5es e atividades, as pessoas frequentemente se veem sobrecarregadas e estressadas, sem saber o que fazer para dar conta de tantos compromissos.<\/p>\n\n\n\n<p>Nesse cen\u00e1rio, indiv\u00edduos capazes de gerir melhor o pr\u00f3prio tempo e organizar os afazeres a partir de prioridades levam enorme vantagem sobre os demais, j\u00e1 que costumam render mais no trabalho e ainda possuem uma melhor qualidade de vida.<\/p>\n\n\n\n<h2 class=\"wp-block-heading\" class=\"wp-block-heading\" id=\"cenario-do-trabalhador-autonomo-no-brasil-e-no-mundo\">Cen\u00e1rio do trabalhador aut\u00f4nomo no Brasil e no mundo.<\/h2>\n\n\n\n<p>Um levantamento da Global Entrepreneurship Monitor (GEM) mostra que, em 2019, o pa\u00eds atingiu o n\u00famero de 52 milh\u00f5es de brasileiros que possuem neg\u00f3cio pr\u00f3prio.<\/p>\n\n\n\n<p>Deste total, 9,031 milh\u00f5es s\u00e3o microempreendedores individuais (MEIs), segundo pesquisa do Sebrae.<\/p>\n\n\n\n<p>De acordo com estudo de 2022, o n\u00famero de MEIs no Brasil aumentou 3,1 milh\u00f5es em rela\u00e7\u00e3o a 2020, o que corresponde a 80% dos neg\u00f3cios abertos. Com isso, as micro e pequenas empresas espalhadas pelo pa\u00eds j\u00e1 representam 27% do Produto Interno Bruto (PIB) nacional.<\/p>\n\n\n\n<p>O crescimento do n\u00famero de MEIs no pa\u00eds apontado pelo Sebrae mostra que, entre as dez atividades mais registradas no Brasil em 2021, as primeiras est\u00e3o relacionadas \u00e0 alimenta\u00e7\u00e3o;&nbsp;mercado&nbsp;pet; lojas virtuais; artesanato personalizado; infoproduto, assist\u00eancia em inform\u00e1tica;&nbsp;mercado&nbsp;de afiliados.<\/p>\n\n\n\n<p>O com\u00e9rcio de artigo de vestu\u00e1rio e acess\u00f3rios encabe\u00e7a a lista, com 186.203 aberturas em 2019, seguido pelo trabalho de cabeleireiro, manicure e pedicure, que ganhou 142.006 MEIs no \u00faltimo ano.<\/p>\n\n\n\n<p>Entre as demais atividades est\u00e3o a promo\u00e7\u00e3o de vendas, com 124.806 registros; obras de alvenaria, com 104.341 novos neg\u00f3cios, e o com\u00e9rcio de cosm\u00e9ticos, produtos de higiene e perfumaria, respons\u00e1vel por outras 98.810 aberturas.<\/p>\n\n\n\n<h3 class=\"wp-block-heading\">Desafios enfrentados<\/h3>\n\n\n\n<p>A Endeavor Brasil (uma organiza\u00e7\u00e3o global sem fins lucrativos presente no Brasil h\u00e1 20 anos) listou os cinco maiores desafios enfrentados pelos empreendedores brasileiros. A gest\u00e3o de pessoas e a gest\u00e3o financeira foram apontadas como as grandes barreiras a serem vencidas pelos administradores dos pr\u00f3prios neg\u00f3cios.<\/p>\n\n\n\n<p>A burocracia no processo de abertura das empresas e o valor dos impostos tamb\u00e9m foram lembrados como desafios, seguidos pela dificuldade em inovar e tamb\u00e9m de investir em marketing e vendas.<\/p>\n\n\n\n<h3 class=\"wp-block-heading\">Empresas pelo Brasil<\/h3>\n\n\n\n<p>S\u00e3o Paulo \u00e9 a maior cidade do pa\u00eds e tamb\u00e9m a melhor para se empreender, segundo an\u00e1lise do Sebrae e da Endeavor Brasil que considerou 55 indicadores de sete grupos: ambiente regulat\u00f3rio, acesso a capital, mercado, inova\u00e7\u00e3o, infraestrutura, capital humano e cultura empreendedora.&nbsp;<\/p>\n\n\n\n<p>Depois da capital paulista, Florian\u00f3polis, em Santa Catarina, e Vit\u00f3ria, no Esp\u00edrito Santo, foram as melhores colocadas na lista.<\/p>\n\n\n\n<h3 class=\"wp-block-heading\">Burocracia Brasileira<\/h3>\n\n\n\n<p>Atualmente tivemos uma expressiva melhora no prazo de abertura de empresas por todo o territ\u00f3rio brasileiro, e estamos aos poucos saindo da lista dos pa\u00edses mais morosos para se abrir uma empresa, hoje a m\u00e9dia \u00e9 de dois dias e 13 horas para abrir uma empresa.<\/p>\n\n\n\n<p>Uma s\u00e9rie de a\u00e7\u00f5es s\u00e3o tomadas pelo Governo Federal e Estadual a fim de reduzir a burocracia e o tempo de abertura de empresas aqui no Brasil.<\/p>\n\n\n\n<p>Exemplo disso \u00e9 a implementa\u00e7\u00e3o do balc\u00e3o \u00fanico, esse sistema traz a substitui\u00e7\u00e3o dos servi\u00e7os prestados em quatro portais, em sete diferentes fases, com \u00fanica intera\u00e7\u00e3o, de modo que prefeitura, Junta Comercial, Receita Federal, todos esses \u00f3rg\u00e3os com o qual o empreendedor precisa se relacionar, j\u00e1 interagem ali de forma autom\u00e1tica num \u00fanico procedimento<\/p>\n\n\n\n<h3 class=\"wp-block-heading\">Caracter\u00edsticas do brasileiro<\/h3>\n\n\n\n<p>Uma das principais caracter\u00edsticas do brasileiro \u00e9 a criatividade e ela deve ser usada na hora de iniciar um neg\u00f3cio. Sem criatividade, mesmo que haja abund\u00e2ncia de recursos, ser\u00e1 muito dif\u00edcil dar in\u00edcio a um projeto, e mais complexo ainda faz\u00ea-lo sobreviver em longo prazo.<\/p>\n\n\n\n<p>Mas criatividade n\u00e3o basta, \u00e9 preciso ter ousadia para tirar os sonhos do papel e come\u00e7ar a gerar resultados na pr\u00e1tica: a isso d\u00e1-se o nome de inova\u00e7\u00e3o. \u00c9 indispens\u00e1vel que o empreendedor brasileiro seja cada vez mais inovador, capaz de colocar a \u201cm\u00e3o na massa\u201d.<\/p>\n\n\n\n<p>A realidade \u00e9 que adversidades sempre v\u00e3o existir, mesmo nos pa\u00edses mais desenvolvidos. Por isso, o foco n\u00e3o deve estar na crise ou na burocracia, mas em como esses obst\u00e1culos ser\u00e3o contornados para criar neg\u00f3cios pr\u00f3speros, inovadores e longevos.<\/p>\n\n\n\n<h3 class=\"wp-block-heading\">Per\u00edodo de crise<\/h3>\n\n\n\n<p>De acordo com <a href=\"http:\/\/www.ufjf.br\/oliveira_junior\/files\/2009\/06\/s_Schumpeter_-_Teoria_do_Desenvolvimento_Econ%C3%B4mico_-_Uma_Investiga%C3%A7%C3%A3o_sobre_Lucros_Capital_Cr%C3%A9dito_Juro_e_Ciclo_Econ%C3%B4mico.pdf\" target=\"_blank\" rel=\"noreferrer noopener\">Joseph Schumpeter<\/a> (um economista e cientista pol\u00edtico austr\u00edaco, considerado um dos mais importantes economistas da primeira metade do s\u00e9culo XX, e foi um dos primeiros a considerar as inova\u00e7\u00f5es tecnol\u00f3gicas como motor do desenvolvimento capitalista), toda na\u00e7\u00e3o passa por um ciclo econ\u00f4mico composto por 4 principais etapas: boom, recess\u00e3o, depress\u00e3o e recupera\u00e7\u00e3o. Nos \u00faltimos anos, o Brasil passou por um dos mais longos per\u00edodos de depress\u00e3o, mas hoje d\u00e1 sinais de recupera\u00e7\u00e3o.<\/p>\n\n\n\n<p>O per\u00edodo de crise foi significante para crivar os neg\u00f3cios que realmente t\u00eam propostas de valor aos clientes, bem como para despertar a criatividade dos empreendedores. Atualmente, \u00e9 poss\u00edvel ver estabelecimentos com um vi\u00e9s colaborativo muito mais intenso, como: o aluguel de produtos, compartilhamento de meios de transporte e at\u00e9 de locais para trabalho.<\/p>\n\n\n\n<figure class=\"wp-block-image size-full is-resized\"><img decoding=\"async\" src=\"\/contabilidade-online\/wp-content\/uploads\/2020\/07\/trabalho-autonomo-mulher-revista-scaled-e1594413912583.jpg\" alt=\"trabalho-autonomo-mulher-revista\" class=\"wp-image-4628\" style=\"object-fit:cover;width:615px;height:300px\"\/><\/figure>\n\n\n\n<h2 class=\"wp-block-heading\" class=\"wp-block-heading\" id=\"novas-tendencias-de-mercado\">Novas tend\u00eancias de mercado<\/h2>\n\n\n\n<p>Muitas mudan\u00e7as j\u00e1 s\u00e3o levadas a s\u00e9rio com tudo que vivemos nos \u00faltimos anos no nosso pa\u00eds. O crescimento de inova\u00e7\u00f5es tecnol\u00f3gicas \u00e9 usado para melhorar o relacionamento com o cliente e para descobrir novas oportunidades de neg\u00f3cios para se diferenciar dos concorrentes.<\/p>\n\n\n\n<p>Isso faz com que o profissional PJ ou aut\u00f4nomo tenha um leque maior para ofertar seus produtos e servi\u00e7os pelo meio online e criar novos modelos de neg\u00f3cios de forma mais simplificada.<\/p>\n\n\n\n<h3 class=\"wp-block-heading\">1. Trabalho remoto<\/h3>\n\n\n\n<p>Um estudo do coordenador do MBA em Marketing e Intelig\u00eancia de Neg\u00f3cios Digitais da Funda\u00e7\u00e3o Getulio Vargas (FGV), Andr\u00e9 Miceli, mostra que o &#8220;home office&#8221;, o popular trabalho em casa, ter\u00e1 ainda um aumento de 30% ap\u00f3s o per\u00edodo de distanciamento social.<\/p>\n\n\n\n<p>Para enfrentar esse novo cen\u00e1rio que se desenha rapidamente, l\u00edderes de neg\u00f3cios precisam pensar, testar e aprender a usar cada vez mais a <a href=\"https:\/\/bit.ly\/3oHMSPn\" target=\"_blank\" rel=\"noreferrer noopener\">tecnologia a favor da empresa<\/a>, pois \u00e9 um ativo humano, aponta o professor.<\/p>\n\n\n\n<p>&#8220;O &#8216;home office&#8217; j\u00e1 se mostrou efetivo. Aliado a isso, voc\u00ea tira carros da rua, voc\u00ea desafoga o transporte p\u00fablico, voc\u00ea mobiliza a economia de outra forma. E voc\u00ea faz com que as pessoas tenham mais tempo para cuidar da sa\u00fade delas e que elas possam usufruir de coisas que lhes d\u00e3o prazer. Sem que voc\u00ea tenha uma redu\u00e7\u00e3o das entregas e do faturamento&#8221;, ressalta o professor da FGV.<\/p>\n\n\n\n<p>Portanto, a comunica\u00e7\u00e3o, de acordo com ele, deve ser centralizada em canais espec\u00edficos para que instru\u00e7\u00f5es claras sobre procedimentos continuem na rotina dos clientes, consumidores e colaboradores.<\/p>\n\n\n\n<p>&#8220;A ado\u00e7\u00e3o de metodologias \u00e1geis tamb\u00e9m permite uma resposta mais r\u00e1pida aos novos desafios do dia a dia. O processo de an\u00e1lise, reorganiza\u00e7\u00e3o e tomada de decis\u00e3o precisa acompanhar o ritmo das mudan\u00e7as&#8221;, afirma Miceli.<\/p>\n\n\n\n<h3 class=\"wp-block-heading\">2. Autogest\u00e3o: intera\u00e7\u00e3o e colabora\u00e7\u00e3o individual<\/h3>\n\n\n\n<p>A autogest\u00e3o \u00e9 uma cultura organizacional que se aplica a todos os tipos de neg\u00f3cios. Ela busca uma tomada de decis\u00e3o distribu\u00edda para que haja melhor clareza nas responsabilidades e ao mesmo tempo fluidez na lideran\u00e7a.<\/p>\n\n\n\n<p>No \u00e2mbito empresarial, PJ e aut\u00f4nomo, consiste em ter pessoas como mentores e parceiros que auxiliam neste processo, no qual suas opini\u00f5es ajudam na escolha do melhor caminho a ser seguido com o neg\u00f3cio. Cria-se assim, empresas mais humanas e que s\u00e3o guiadas por um prop\u00f3sito maior em ajudar as pessoas do outro lado, ou seja, seus clientes de forma integral sem deixar de lado a qualidade e a excel\u00eancia das entregas.<\/p>\n\n\n\n<h2 class=\"wp-block-heading\" class=\"wp-block-heading\" id=\"9-tendencias-de-segmentos-para-trabalhar-como-autonomo\">9 tend\u00eancias de segmentos para trabalhar como aut\u00f4nomo<\/h2>\n\n\n\n<p>Segundo especialistas, com todas as transforma\u00e7\u00f5es, alguns setores ganham ainda mais visibilidade e h\u00e1 um aumento de possibilidades para reestruturar as atividades e trazer novidades para os clientes conforme o mercado de atua\u00e7\u00e3o da sua empresa.<\/p>\n\n\n\n<p>Veja aqui como desenvolver suas habilidades comportamentais e t\u00e9cnicas para lidar com o seu neg\u00f3cio e com as pessoas usando as ferramentas que est\u00e3o \u00e0 sua disposi\u00e7\u00e3o<a href=\"https:\/\/www.contabilizei.com.br\/contabilidade-online\/oportunidades-desenvolvimento-carreira\/\" target=\"_blank\" rel=\"noreferrer noopener\">, clicando aqui.<\/a><\/p>\n\n\n\n<p>Vamos listar as novas tend\u00eancias para voc\u00ea readapt\u00e1-las ao novo cen\u00e1rio.<\/p>\n\n\n\n<h3 class=\"wp-block-heading\">1. E-commerce<\/h3>\n\n\n\n<p>\u00c9 cada vez maior o n\u00famero de pessoas que faz compras online e grande parte disso se deve ao fato de que a oferta aumentou consideravelmente. Por isso, crie uma loja virtual para atingir cada vez mais o seu p\u00fablico.<\/p>\n\n\n\n<h3 class=\"wp-block-heading\">2. Consultoria<\/h3>\n\n\n\n<p>Seja auxiliando empresas em diversos aspectos a alcan\u00e7arem os seus objetivos, se posicionar no mercado como consultor \u00e9 uma op\u00e7\u00e3o vi\u00e1vel para aqueles que dominam determinadas \u00e1reas. Consultoria empresarial e coaching s\u00e3o uma tend\u00eancia em tempos em que a busca por especialistas n\u00e3o para de crescer.<\/p>\n\n\n\n<h3 class=\"wp-block-heading\">3. Beleza e est\u00e9tica<\/h3>\n\n\n\n<p>Cosm\u00e9ticos naturais e perfumes personalizados est\u00e3o entre as tend\u00eancias percebidas nesse setor entre 2020 e 2022. Os consumidores t\u00eam buscado um grau maior de personaliza\u00e7\u00e3o e esse aumento de demanda tem tornado acess\u00edvel e vi\u00e1vel ofertar uma gama maior de produtos com caracter\u00edsticas variadas e mais propensos a agradar um maior n\u00famero de pessoas.<\/p>\n\n\n\n<h3 class=\"wp-block-heading\">4. Alimenta\u00e7\u00e3o saud\u00e1vel<\/h3>\n\n\n\n<p>J\u00e1 faz alguns anos que a busca por alimenta\u00e7\u00e3o saud\u00e1vel vem aquecendo esse mercado e dessa vez n\u00e3o ser\u00e1 diferente. \u00c9 cada vez maior o n\u00famero de pessoas que se declara vegetariana ou vegana e esse p\u00fablico ainda carece de op\u00e7\u00f5es de alimenta\u00e7\u00e3o. Alimentos feitos \u00e0 base de plantas, os mais variados poss\u00edveis, est\u00e3o em alta e h\u00e1 muitas oportunidades a serem exploradas nesse mercado.<\/p>\n\n\n\n<h3 class=\"wp-block-heading\">5. Marketing digital<\/h3>\n\n\n\n<p>Uma das maneiras mais eficientes das empresas se comunicarem com os consumidores \u00e9 via internet. Redes sociais, mensageiros, influenciadores e youtuber s\u00e3o a principal tend\u00eancia quando se trata de <a href=\"https:\/\/www.organicadigital.com\/blog\/afinal-como-funciona-o-marketing-digital\/\" target=\"_blank\" rel=\"noreferrer noopener\">marketing<\/a> de baixo custo e com efici\u00eancia. Se voc\u00ea tem conhecimento nessa \u00e1rea, ent\u00e3o saiba que h\u00e1 muitas oportunidades no mercado para colocar empresas em evid\u00eancia. Fa\u00e7a a diferen\u00e7a para elas.<\/p>\n\n\n\n<h3 class=\"wp-block-heading\">6. Brech\u00f3s<\/h3>\n\n\n\n<p>A sustentabilidade vai crescer cada vez mais. Tudo aquilo que puder ser feito para reduzir desperd\u00edcios e minimizar os impactos no meio ambiente \u00e9 bem-vindo. Nesse contexto, tem crescido a demanda por brech\u00f3s, locais que oferecem roupas e joias seminovas com pre\u00e7os mais acess\u00edveis.<\/p>\n\n\n\n<h3 class=\"wp-block-heading\">7. Coworking<\/h3>\n\n\n\n<p>O trabalho remoto \u00e9 uma forte tend\u00eancia em empresas de diversos segmentos. Dessa forma, apostar em coworkings especialmente nas grandes cidades \u00e9 uma alternativa que pode render \u00f3timos frutos.<\/p>\n\n\n\n<h3 class=\"wp-block-heading\">8. Clubes de assinatura<\/h3>\n\n\n\n<p>Voc\u00ea tem algum produto de compra recorrente ou consegue agrupar novidades de um segmento que possam ser enviadas todos os meses para a resid\u00eancia do consumidor?<\/p>\n\n\n\n<p>Os clubes de assinatura cresceram nos \u00faltimos dois anos e espera-se um salto ainda maior para os pr\u00f3ximos. As alternativas v\u00e3o desde alimenta\u00e7\u00e3o at\u00e9 livros, revistas, cervejas artesanais e produtos de higiene pessoal.<\/p>\n\n\n\n<p>O grande diferencial aqui \u00e9 a curadoria, ou seja, a capacidade de escolher o que mais interessa ao p\u00fablico-alvo.<\/p>\n\n\n\n<h3 class=\"wp-block-heading\">9. Franquias<\/h3>\n\n\n\n<p>Entra ano e sai ano e as franquias continuam sendo \u00f3timas alternativas para v\u00e1rios tipos de mercado. Al\u00e9m de fornecerem um projeto estruturado \u2013 item que sempre suscita muitas d\u00favidas em quem est\u00e1 come\u00e7ando \u2013, elas t\u00eam valor de investimento acess\u00edvel e muitas vezes j\u00e1 t\u00eam uma clientela consolidada.<\/p>\n\n\n\n<h2 class=\"wp-block-heading\" class=\"wp-block-heading\" id=\"quais-sao-os-direitos-dos-trabalhadores-autonomos\">Quais s\u00e3o os direitos dos trabalhadores aut\u00f4nomos?<\/h2>\n\n\n\n<p>Considerando que aut\u00f4nomos s\u00e3o aqueles que exercem seu trabalho por conta pr\u00f3pria sem v\u00ednculo ou subordina\u00e7\u00e3o a uma empresa ou chefe, voc\u00ea que vai precisar correr atr\u00e1s de seus pr\u00f3prios direitos e&nbsp;<strong>buscar estar em dia sempre com as suas&nbsp;obriga\u00e7\u00f5es<\/strong>.&nbsp;<\/p>\n\n\n\n<p>Entre os principais direitos do trabalhador&nbsp;aut\u00f4nomo podemos destacar:<\/p>\n\n\n\n<ol>\n<li>aposentadoria por idade, por invalidez, por tempo de contribui\u00e7\u00e3o ou especial;<\/li>\n\n\n\n<li>aux\u00edlio-doen\u00e7a;<\/li>\n\n\n\n<li>sal\u00e1rio-maternidade;<\/li>\n\n\n\n<li>pens\u00e3o em caso de morte;<\/li>\n\n\n\n<li>aux\u00edlio-reclus\u00e3o.<\/li>\n<\/ol>\n\n\n\n<p>Vale lembrar que os direitos dos profissionais aut\u00f4nomos n\u00e3o envolvem 13\u00ba sal\u00e1rio, f\u00e9rias remuneradas e nem o Fundo de Garantia por Tempo de Servi\u00e7o (FGTS).<\/p>\n\n\n\n<h3 class=\"wp-block-heading\">Direitos de contrata\u00e7\u00e3o PJ<\/h3>\n\n\n\n<p>Quando contratado como pessoa jur\u00eddica por uma empresa, o profissional perde todos os direitos trabalhistas e previdenci\u00e1rios que s\u00e3o assegurados pela Constitui\u00e7\u00e3o: d\u00e9cimo terceiro, f\u00e9rias, aviso pr\u00e9vio, FGTS, seguro desemprego, entre outros benef\u00edcios como vale-transporte, plano de sa\u00fade, alimenta\u00e7\u00e3o, previstos nas conven\u00e7\u00f5es e acordos coletivos da categoria.<\/p>\n\n\n\n<p>J\u00e1 profissional PJ, dono do seu pr\u00f3prio neg\u00f3cio, \u00e9 essencial formular um contrato com a ajuda de um advogado para descrever as entregas de servi\u00e7os ou produtos, e para alinhar todos os direitos sem que se prejudique caso o acordo seja cancelado. \u00c9 preciso se proteger de algumas formas para que seu neg\u00f3cio n\u00e3o fique na m\u00e3o.&nbsp;<\/p>\n\n\n\n<p>A reda\u00e7\u00e3o do contrato social \u00e9 de extrema import\u00e2ncia, uma vez que se trata do documento que ir\u00e1 reger a administra\u00e7\u00e3o da empresa e ser\u00e1 sempre a b\u00fassola que ir\u00e1 apontar os caminhos a serem adotados, especialmente na gest\u00e3o interna. \u00c9 o documento que estabelece os direitos e obriga\u00e7\u00f5es dos s\u00f3cios para com a pessoa jur\u00eddica, devendo ser planejado antes do in\u00edcio das atividades.<\/p>\n\n\n\n<p>Sendo t\u00e3o importante, qualquer inadequa\u00e7\u00e3o ou omiss\u00e3o pode prejudicar intensamente a atua\u00e7\u00e3o do neg\u00f3cio e, at\u00e9 mesmo, o relacionamento dos s\u00f3cios.<\/p>\n\n\n\n<figure class=\"wp-block-image size-full is-resized\"><img loading=\"lazy\" decoding=\"async\" width=\"1280\" height=\"853\" src=\"\/contabilidade-online\/wp-content\/uploads\/2020\/12\/contrato-prestacao-servicos-autonomo.jpg\" alt=\"\" class=\"wp-image-25166\" style=\"object-fit:cover;width:615px;height:300px\" srcset=\"https:\/\/www.contabilizei.com.br\/contabilidade-online\/wp-content\/uploads\/2020\/12\/contrato-prestacao-servicos-autonomo.jpg 1280w, https:\/\/www.contabilizei.com.br\/contabilidade-online\/wp-content\/uploads\/2020\/12\/contrato-prestacao-servicos-autonomo-300x200.jpg 300w, https:\/\/www.contabilizei.com.br\/contabilidade-online\/wp-content\/uploads\/2020\/12\/contrato-prestacao-servicos-autonomo-555x370.jpg 555w, https:\/\/www.contabilizei.com.br\/contabilidade-online\/wp-content\/uploads\/2020\/12\/contrato-prestacao-servicos-autonomo-768x512.jpg 768w\" sizes=\"(max-width: 1280px) 100vw, 1280px\" \/><\/figure>\n\n\n\n<h2 class=\"wp-block-heading\" class=\"wp-block-heading\" id=\"como-elaborar-um-contrato-de-trabalho-autonomo\">Como elaborar um contrato de trabalho aut\u00f4nomo?<\/h2>\n\n\n\n<p>Para seguran\u00e7a das entregas, crie um contrato para formalizar as entregas ou servi\u00e7os combinados por ambas as partes. Separamos o que \u00e9 b\u00e1sico e que deve conter no contrato:<\/p>\n\n\n\n<h3 class=\"wp-block-heading\">1. Preencha os dados de ambas as partes<\/h3>\n\n\n\n<p>O contrato deve trazer a documenta\u00e7\u00e3o completa de ambas as partes, como os n\u00fameros de RG e CPF. Al\u00e9m disso, \u00e9 importante que contenha os endere\u00e7os residenciais de ambas as partes e, se envolver alguma empresa, tamb\u00e9m o endere\u00e7o profissional.<\/p>\n\n\n\n<h3 class=\"wp-block-heading\">2. Crie especifica\u00e7\u00f5es dos servi\u00e7os e\/ou bens<\/h3>\n\n\n\n<p>Os servi\u00e7os e\/ou bens que s\u00e3o a base do contrato devem ficar bem expl\u00edcitos no documento. Essas informa\u00e7\u00f5es devem ser redigidas em uma linguagem simples e que n\u00e3o d\u00ea margem a m\u00faltiplas interpreta\u00e7\u00f5es; deve ser compreens\u00edvel para ambas as partes e n\u00e3o deve sugerir reclama\u00e7\u00f5es futuras.<\/p>\n\n\n\n<p>\u00c9 importante deixar claro, tamb\u00e9m, os servi\u00e7os que n\u00e3o s\u00e3o inclusos no contrato, em casos de servi\u00e7os prestados, por exemplo, \u00e9 necess\u00e1rio delimitar bem as fun\u00e7\u00f5es, para que n\u00e3o haja cobran\u00e7a indevida.<\/p>\n\n\n\n<h3 class=\"wp-block-heading\">3. Defina datas e quebras de contrato<\/h3>\n\n\n\n<p>\u00c9 extremamente importante deixar claro a dura\u00e7\u00e3o do contrato, colocando datas e prazos. Al\u00e9m disso, \u00e9 importante explicitar motivos e raz\u00f5es que poderiam significar a quebra do contrato, bem como multas e\/ou ressarcimentos em caso da quebra dele.<\/p>\n\n\n\n<h3 class=\"wp-block-heading\">4. Defina valores<\/h3>\n\n\n\n<p>Todos os valores devem ficar expl\u00edcitos no contrato. No caso de varia\u00e7\u00e3o desses valores, \u00e9 preciso deixar claro tamb\u00e9m os fatores que influenciam nessa mudan\u00e7a, como varia\u00e7\u00e3o do mercado ou quebra\/aumento do d\u00f3lar, por exemplo.<\/p>\n\n\n\n<h3 class=\"wp-block-heading\">5. Crie cl\u00e1usulas de contrato<\/h3>\n\n\n\n<p>Nesta parte \u00e9 importante descrever tudo que formaliza as atividades, ou seja, caso haja quebra de contrato,&nbsp; se h\u00e1 multa ou se o contratante deve pagar um determinado valor. Descrever sobre f\u00e9rias e 13\u00ba sal\u00e1rio, caso esteja dentro do que foi acordado.&nbsp;<\/p>\n\n\n\n<p>\u00c9 necess\u00e1rio ainda descrever todas as recomenda\u00e7\u00f5es necess\u00e1rias para que todos os direitos do seu trabalho, como PJ ou aut\u00f4nomo, sejam assegurados e voc\u00ea n\u00e3o fique sem receber pelo servi\u00e7os prestados ou pelo produto entregue.&nbsp;<\/p>\n\n\n\n<p>*Pe\u00e7a valida\u00e7\u00e3o para um profissional de advocacia para que voc\u00ea tenha seguran\u00e7a e clareza do que foi descrito. O especialista incluir\u00e1 leis que est\u00e3o de acordo com o seu mercado e a atividade prestada.&nbsp;<\/p>\n\n\n\n<p>*Se poss\u00edvel, crie um contrato padr\u00e3o, que voc\u00ea muda apenas os dados do contratante, entregas, valores e prazos.&nbsp;<\/p>\n\n\n\n<h3 class=\"wp-block-heading\">6. N\u00e3o esque\u00e7a desses detalhes<\/h3>\n\n\n\n<p>Formalizando todas as atividades que ser\u00e3o entregues, o contrato deve conter valor, forma de pagamento, prazos, multas em caso de cancelamentos, direitos e deveres das partes envolvidas. Al\u00e9m disso, ele pode ser usado como comprova\u00e7\u00e3o de renda, por isso todas as informa\u00e7\u00f5es devem estar previstas no documento de forma escrita, caso seja preciso recorrer a justi\u00e7a em qualquer imprevisto ou n\u00e3o cumprimento.&nbsp;<\/p>\n\n\n\n<p>Os e-mails trocados n\u00e3o substituem o contrato, ent\u00e3o procure pedir a assinatura a cada nova venda de servi\u00e7os.<\/p>\n\n\n\n<p>Tamb\u00e9m \u00e9 importante que esse contrato seja registrado no Cart\u00f3rio de T\u00edtulos, para que haja uma seguran\u00e7a maior para ambas as partes envolvidas. Ele pode ser assinado por pessoa f\u00edsica ou jur\u00eddica e \u00e9 regulamentado pelo C\u00f3digo Civil (n\u00e3o pela CLT).<\/p>\n\n\n\n<p>*Comece os trabalhos somente ap\u00f3s a assinatura do contrato e busque receber antes de entregar os servi\u00e7os ou produtos contratados. Voc\u00ea pode receber no in\u00edcio e no final de cada projeto para garantir credibilidade da parte que contratou sua empresa.&nbsp;<\/p>\n\n\n\n<p>Mesmo ap\u00f3s esse passo, pode acontecer de ocorrer esquecimentos ou atrasos no pagamento, por isso \u00e9 interessante ter uma contabilidade digital para acompanhar e automatizar a cobran\u00e7a, enviando o boleto para o e-mail do cliente, por exemplo.&nbsp;<\/p>\n\n\n\n<p>Outro ponto importante \u00e9 gerar um comprovante de realiza\u00e7\u00e3o e quita\u00e7\u00e3o do servi\u00e7o prestado. A Contabilizei desenvolveu uma ferramenta para que voc\u00ea possa emitir o recibo de pagamento aut\u00f4nomo (RPA) em poucos passos, com a certeza de que tudo est\u00e1 calculado corretamente.&nbsp;<a href=\"https:\/\/www.contabilizei.com.br\/emitir-rpa-online\/\" target=\"_blank\" rel=\"noreferrer noopener\">Clique aqui<\/a>&nbsp;para gerar o seu RPA.<\/p>\n\n\n\n<h2 class=\"wp-block-heading\" class=\"wp-block-heading\" id=\"fatores-importantes-para-a-prosperar-como-profissional-autonomo\">Fatores importantes para a prosperar como profissional aut\u00f4nomo<\/h2>\n\n\n\n<h3 class=\"wp-block-heading\">1. Gest\u00e3o financeira<\/h3>\n\n\n\n<p>Com todas as mudan\u00e7as vividas, os neg\u00f3cios \u2013 independente do tamanho da empresa \u2013 precisa se manter atento \u00e0s rotinas financeiras e cont\u00e1beis. Esse \u00e9 um instrumento elementar para as empresas e \u00e9 preciso levar em considera\u00e7\u00e3o algumas estrat\u00e9gias para ter sucesso neste processo.<\/p>\n\n\n\n<h3 class=\"wp-block-heading\">2. Automatize processos cont\u00e1beis<\/h3>\n\n\n\n<p>Primeiro de tudo, entenda que a automatiza\u00e7\u00e3o de rotinas cont\u00e1beis ajuda na redu\u00e7\u00e3o de erros, na praticidade e permite uma contabilidade mais transparente com o menor investimento em recursos.<\/p>\n\n\n\n<p>Voc\u00ea precisa emitir notas fiscais, estar integrado com a prefeitura, fazer um bom atendimento, ter concilia\u00e7\u00e3o banc\u00e1ria e muitos outros passos que s\u00e3o importantes para profissionais PJ e aut\u00f4nomos de forma eficiente e pr\u00e1tica. Se quiser saber como seguir com uma contabilidade online com pre\u00e7os acess\u00edveis, <a href=\"https:\/\/www.contabilizei.com.br\/contabilidade-online\/automacao-de-tarefas-para-pj-contabilidade-piloto-automatico\/\">veja mais aqui.<\/a><\/p>\n\n\n\n<h3 class=\"wp-block-heading\">3. Recursos do neg\u00f3cio<\/h3>\n\n\n\n<p>Calcule inicialmente, quais s\u00e3o os custos (fixos e vari\u00e1veis) para saber exatamente quanto \u00e9 necess\u00e1rio para seguir em frente. Mesmo que o crescimento tenha sido menor nos \u00faltimos meses, \u00e9 importante que voc\u00ea tenha um norteamento para se manter nivelado.<\/p>\n\n\n\n<h3 class=\"wp-block-heading\">4. Corte gastos<\/h3>\n\n\n\n<p>Fa\u00e7a o monitoramento de despesas e busque encontrar processos que t\u00eam&nbsp; gerado preju\u00edzos para que sejam eliminados e que voc\u00ea consiga focar em outras alternativas para obter mais renda em curto prazo.<\/p>\n\n\n\n<h3 class=\"wp-block-heading\">5. Aumento de faturamento<\/h3>\n\n\n\n<p>Que tal avaliar onde voc\u00ea pode fazer promo\u00e7\u00e3o para liberar o que est\u00e1 em estoque, ou oferecer vantagens nas formas de pagamento, ou usar o marketing digital para divulgar e fazer parcerias para que tenha ainda mais visibilidade com o seu neg\u00f3cio.<\/p>\n\n\n\n<h3 class=\"wp-block-heading\">6. Renegocie d\u00edvidas<\/h3>\n\n\n\n<p>Avaliar as possibilidades de renegociar prazos e valores \u00e9 ter uma gest\u00e3o financeira com f\u00f4lego no fluxo de caixa. Busque formas de arcar com os custos e reter renda internamente para eventuais emerg\u00eancias.<\/p>\n\n\n\n<h3 class=\"wp-block-heading\">7. Fluxo de caixa<\/h3>\n\n\n\n<p>Fa\u00e7a uma previs\u00e3o completa sobre as entradas e sa\u00eddas da sua empresa, tudo para que n\u00e3o ocorra desequil\u00edbrio nas finan\u00e7as e voc\u00ea consiga proteger o seu neg\u00f3cio de qualquer mudan\u00e7a brusca na economia.<\/p>\n\n\n\n<h3 class=\"wp-block-heading\">8. Assessoria cont\u00e1bil<\/h3>\n\n\n\n<p>Se voc\u00ea n\u00e3o faz ideia de como organizar o que falamos at\u00e9 aqui para ter uma boa gest\u00e3o financeira no seu neg\u00f3cio, por menor que ele seja, est\u00e1 mais do que na hora de contar com a ajuda de um contador.<\/p>\n\n\n\n<p>Esse profissional tem habilidades para auxiliar na reorganiza\u00e7\u00e3o da sua empresa, olhar de forma estrat\u00e9gica para entender quais os melhores passos a serem dados nesse momento e tamb\u00e9m assumir os processos burocr\u00e1ticos financeiros e cont\u00e1beis do neg\u00f3cio.<\/p>\n\n\n\n<p>\u00c9 preciso lembrar que o Brasil possui um dos sistemas tribut\u00e1rios e fiscais mais complexos do mundo e que sofre altera\u00e7\u00f5es constantemente. Diante disso, voc\u00ea como empreendedor, dificilmente ter\u00e1 tempo para acompanhar essas mudan\u00e7as. J\u00e1 o contador saber\u00e1 como lidar com cada quest\u00e3o, inclusive com a <a href=\"https:\/\/enotas.com.br\/blog\/emitir-nota-fiscal-eletronica\/\" target=\"_blank\" rel=\"noreferrer noopener\">emiss\u00e3o de nota fiscal eletr\u00f4nica.<\/a><\/p>\n\n\n\n<p>Arcar com impostos e tributos estando em dia com o governo, por exemplo, \u00e9 uma necessidade obrigat\u00f3ria para n\u00e3o ter problemas com o Fisco e ter um balan\u00e7o patrimonial de forma organizada. Essas s\u00e3o apenas algumas fun\u00e7\u00f5es do contador para que sua empresa siga no caminho mais seguro, principalmente quando se \u00e9 profissional PJ ou aut\u00f4nomo, e as finan\u00e7as podem se confundir com o lado pessoal.<\/p>\n\n\n\n<p>Empresas com contabilidade online s\u00e3o essenciais e uma nova solu\u00e7\u00e3o que se adapta a todas as mudan\u00e7as vividas no cen\u00e1rio econ\u00f4mico do nosso pa\u00eds.<\/p>\n\n\n\n<h2 class=\"wp-block-heading\" class=\"wp-block-heading\" id=\"dicas-para-trabalhar-como-autonomo\">Dicas para trabalhar como aut\u00f4nomo:<\/h2>\n\n\n\n<h3 class=\"wp-block-heading\">1. Verifique se seus clientes receberam o que desejavam<\/h3>\n\n\n\n<p>Para faz\u00ea-lo corretamente, voc\u00ea precisa verificar com frequ\u00eancia se os clientes receberam o que foi prometido e se os seus problemas foram solucionados.<\/p>\n\n\n\n<p>Afinal, n\u00e3o adianta ter a melhor rela\u00e7\u00e3o com os clientes, se houver atrasos em entregas, especifica\u00e7\u00f5es incorretas e problemas com o uso de produtos e servi\u00e7os.<\/p>\n\n\n\n<h3 class=\"wp-block-heading\">2. Mantenha seus clientes ativos<\/h3>\n\n\n\n<p>Segundo o estrategista de clientes Esteban Kolsky, a aquisi\u00e7\u00e3o de clientes custa entre 6 e 7 vezes mais do que a reten\u00e7\u00e3o, conforme <a href=\"https:\/\/www.huffpost.com\/entry\/50-important-customer-exp_b_8295772\" target=\"_blank\" rel=\"noreferrer noopener\">publicado pelo Huffpost<\/a>.<\/p>\n\n\n\n<p>Ent\u00e3o, \u00e9 melhor investir em conversas significativas e contatos frequentes com seus clientes, para mant\u00ea-los fi\u00e9is \u00e0 sua marca.<\/p>\n\n\n\n<p>Para isso, voc\u00ea precisa criar relacionamentos aut\u00eanticos, que realmente agreguem valor \u00e0 vida das pessoas.<\/p>\n\n\n\n<h3 class=\"wp-block-heading\">3. Seja pontual<\/h3>\n\n\n\n<p>Hoje, os consumidores querem respostas r\u00e1pidas e precisas para suas d\u00favidas e solicita\u00e7\u00f5es, e n\u00e3o est\u00e3o dispostos a esperar.<\/p>\n\n\n\n<p>N\u00e3o \u00e0 toa, as redes sociais, aplicativos de mensagens e <a href=\"https:\/\/neilpatel.com\/br\/blog\/chatbot-o-que-e\/\" target=\"_blank\" rel=\"noreferrer noopener\">chatbots<\/a> est\u00e3o ganhando espa\u00e7o no <a href=\"https:\/\/neilpatel.com\/br\/blog\/atendimento-ao-cliente-o-que-e\/\" target=\"_blank\" rel=\"noreferrer noopener\">atendimento ao cliente<\/a>, gra\u00e7as \u00e0s respostas imediatas que oferecem.<\/p>\n\n\n\n<h3 class=\"wp-block-heading\">4. Comportamento<\/h3>\n\n\n\n<p>Se antes bastava mapear o <a href=\"https:\/\/neilpatel.com\/br\/blog\/publico-alvo\/\" target=\"_blank\" rel=\"noreferrer noopener\">p\u00fablico-alvo<\/a> e tra\u00e7ar um perfil gen\u00e9rico dos consumidores, hoje h\u00e1 uma necessidade de personaliza\u00e7\u00e3o muito maior.<\/p>\n\n\n\n<p>Por isso, voc\u00ea ter\u00e1 que classificar seus clientes a partir das <a href=\"https:\/\/neilpatel.com\/br\/blog\/tudo-sobre-persona\/\" target=\"_blank\" rel=\"noreferrer noopener\">personas<\/a>, que s\u00e3o personagens fict\u00edcias que representam o cliente ideal. Entenda a hist\u00f3ria de vida, objetivos, hobbies, h\u00e1bitos e comportamentos do seu p\u00fablico, como se ele fosse seu amigo, ou melhor ainda, um membro da fam\u00edlia.<\/p>\n\n\n\n<h3 class=\"wp-block-heading\">5. Empatia<\/h3>\n\n\n\n<p>Essa compet\u00eancia \u00e9 fundamental para se relacionar com os clientes, e deve ser prioridade no recrutamento e sele\u00e7\u00e3o de todos os profissionais que lidam \u2013 direta e indiretamente \u2013 com o p\u00fablico.<\/p>\n\n\n\n<p>Voc\u00ea pode ter o relat\u00f3rio mais completo sobre a vida e os h\u00e1bitos de cada cliente, mas nada substitui a habilidade de compreender suas necessidades instantaneamente.<\/p>\n\n\n\n<p>\u00c9 uma habilidade dif\u00edcil de ensinar e que exige uma intelig\u00eancia emocional desenvolvida \u2013 da\u00ed a import\u00e2ncia de escolher muito bem quem vai lidar com os clientes.&nbsp;<\/p>\n\n\n\n<h3 class=\"wp-block-heading\">6. Se mostre confi\u00e1vel<\/h3>\n\n\n\n<p>Basta pensar que a confian\u00e7a \u00e9 a pedra angular de qualquer rela\u00e7\u00e3o, que justifica a cria\u00e7\u00e3o do v\u00ednculo e a troca entre cliente e empresa.<\/p>\n\n\n\n<p>Nos neg\u00f3cios, esse fator \u00e9 ainda mais importante, pois envolve transpar\u00eancia, \u00e9tica e honestidade nas transa\u00e7\u00f5es.<\/p>\n\n\n\n<p>Voc\u00ea pode demonstrar sua credibilidade ao cliente adotando o modelo consultivo de vendas e usando o marketing de permiss\u00e3o para respeitar suas escolhas.<\/p>\n\n\n\n<h3 class=\"wp-block-heading\">7. Aten\u00e7\u00e3o aos feedbacks<\/h3>\n\n\n\n<p>Muitas vezes, o formul\u00e1rio de pesquisa de satisfa\u00e7\u00e3o \u00e9 enviado, mas n\u00e3o h\u00e1 nenhum retorno sobre o assunto em semanas ou meses.<\/p>\n\n\n\n<p>Para n\u00e3o cometer essa falha grave, voc\u00ea precisa de uma \u00e1rea respons\u00e1vel pela satisfa\u00e7\u00e3o do cliente que acompanhe os feedbacks e ou\u00e7a as reclama\u00e7\u00f5es, sugest\u00f5es e d\u00favidas dos clientes.<\/p>\n\n\n\n<h3 class=\"wp-block-heading\">8. Gerencie seu tempo<\/h3>\n\n\n\n<p>Sabemos que o aumento do imediatismo faz com que todos n\u00f3s busquemos estar a par de tudo que acontece ao nosso redor. Isso gera uma perda de tempo irrepar\u00e1vel ao longo das nossas horas, dias e semanas. E de tempos em tempos nos perguntamos: \u201cPor que n\u00e3o consegui cumprir com minhas tarefas, se n\u00e3o parei de trabalhar nem um minuto?\u201d<\/p>\n\n\n\n<p>Afinal, todo mundo tem 24h por dia e por que alguns s\u00e3o mais produtivos que outros?<\/p>\n\n\n\n<p>A gest\u00e3o do tempo e a produtividade devem andar juntas, porque ser produtivo n\u00e3o est\u00e1 relacionado ao n\u00famero de horas trabalhadas, mas justamente nos resultados gerados nestas horas.<\/p>\n\n\n\n<p>Uma pesquisa conduzida pela professora da Universidade da Calif\u00f3rnia de Irvine, Gloria Mark, revela que cada vez que a pessoa \u00e9 interrompida, ela leva cerca de 20 minutos para come\u00e7ar a se concentrar novamente no assunto em que estava. E isso \u00e9 terr\u00edvel para a quest\u00e3o da produtividade.<\/p>\n\n\n\n<p>Para readaptar o seu neg\u00f3cio neste momento, nada melhor do que olhar para si mesmo e identificar tudo aquilo que o faz desperdi\u00e7ar o seu tempo para melhorar algumas pr\u00e1ticas.<\/p>\n\n\n\n<p>Um fato muito importante e que muitas pessoas n\u00e3o prestam aten\u00e7\u00e3o \u00e9 que h\u00e1 hor\u00e1rios ao longo do dia em que voc\u00ea produz mais. Alguns especialistas chamam isso de hor\u00e1rio nobre. \u00c9 aquele per\u00edodo em que voc\u00ea sente que desempenha melhor suas atividades.<\/p>\n\n\n\n<p>Ele muda de pessoa para pessoa e pode ser de manh\u00e3, \u00e0 tarde, \u00e0 noite e at\u00e9 mesmo de madrugada. Descobrir em qual hor\u00e1rio voc\u00ea \u00e9 mais produtivo \u00e9 \u00fatil para realizar aquelas atividades que merecem mais sua aten\u00e7\u00e3o.<\/p>\n\n\n\n<p><strong>Dicas para administrar melhor seu tempo e focar nas suas atividades:<\/strong><\/p>\n\n\n\n<ol>\n<li>Diminua as distra\u00e7\u00f5es;<\/li>\n\n\n\n<li>Fa\u00e7a planejamento e revis\u00e3o semanal das suas atividades;<\/li>\n\n\n\n<li>Crie uma agenda (papel ou digital);<\/li>\n\n\n\n<li>Anote as pend\u00eancias e elenque as mais importantes para serem realizadas primeiro;<\/li>\n\n\n\n<li>Tenha foco;<\/li>\n\n\n\n<li>Saiba priorizar;<\/li>\n\n\n\n<li>Seja gestor do seu pr\u00f3prio tempo.<\/li>\n<\/ol>\n\n\n\n<p>Segundo a life coach Bet Braga, em entrevista para a Revista Pequenas Empresas &amp; Grandes Neg\u00f3cios, para que esses itens tenham efeito, voc\u00ea precisa fazer essa reeduca\u00e7\u00e3o durar pelo menos 40 dias, e os 7 primeiros s\u00e3o os mais determinantes. \u201cPara aproveitar o tempo da melhor forma poss\u00edvel, o empreendedor precisa saber priorizar suas atividades e, mais importante, dimensionar e valorizar cada minuto\u201d, explica a especialista.<\/p>\n\n\n\n<h2 class=\"wp-block-heading\" class=\"wp-block-heading\" id=\"como-ser-produtivo-trabalhando-como-autonomo\">Como ser produtivo trabalhando como aut\u00f4nomo?<\/h2>\n\n\n\n<p>Todos temos 24 horas&nbsp; no dia e muitas vezes elas n\u00e3o parecem suficientes para que todas as atividades sejam cumpridas para alcan\u00e7ar os resultados desejados. Saiba que para aumentar a produtividade \u00e9 preciso criar h\u00e1bitos que fa\u00e7am sentido na sua rotina e que segundo estudos j\u00e1 comprovam que isso pode ser transformado para um melhor rendimento.<\/p>\n\n\n\n<p>A produtividade est\u00e1 relacionada com a relev\u00e2ncia de cada atividade realizada por voc\u00ea no seu neg\u00f3cio. Ter v\u00e1rias tarefas que n\u00e3o fazem sentido, gastando tempo&nbsp; e energia desnecess\u00e1ria d\u00e3o a sensa\u00e7\u00e3o de cansa\u00e7o e inefici\u00eancia.<\/p>\n\n\n\n<p>Separamos algumas dicas que voc\u00ea pode incluir na sua rotina para ser mais produtivo, segundo a professora Cristina Boner, fundadora da Global Outsourcing:<\/p>\n\n\n\n<h3 class=\"wp-block-heading\">1. Programe-se<\/h3>\n\n\n\n<p>\u00c9 importante preparar suas atividades e n\u00e3o apenas deixar que elas ocorram conforme o que for apresentado durante o dia. Tenha objetivos a serem cumpridos \u2014 ao menos, para o per\u00edodo da manh\u00e3 \u2014 e otimize sua <a href=\"https:\/\/guiaempreendedor.com\/erros-atrapalham-gestao-produtividade-empresa\/\" target=\"_blank\" rel=\"noreferrer noopener\">gest\u00e3o de produtividade<\/a>.<\/p>\n\n\n\n<p>A melhor maneira de fazer isso \u00e9 montar uma lista com tudo aquilo que voc\u00ea j\u00e1 sabe que deve executar durante o per\u00edodo. Assim sendo, recomendamos que voc\u00ea use 5 minutinhos no dia anterior ou no come\u00e7o das tarefas para organizar o que tem que ser feito.<\/p>\n\n\n\n<p>Defina suas atividades usando uma agenda de papel ou digital e v\u00e1 anotando tanto as tarefas como as an\u00e1lises que precisam ser realizadas, para voc\u00ea n\u00e3o se esquecer e saber o que \u00e9 importante ser revisto.<\/p>\n\n\n\n<p>*Se tem parceiros que auxiliam em processos do seu neg\u00f3cio, fa\u00e7a anota\u00e7\u00f5es e converse com eles semanalmente para entender os desafios e como podem achar solu\u00e7\u00f5es juntos, crescendo em ambos os lados.<\/p>\n\n\n\n<h3 class=\"wp-block-heading\">2. Me\u00e7a seu tempo<\/h3>\n\n\n\n<p>Saber quanto tempo voc\u00ea leva para terminar cada tarefa \u00e9 muito importante. Com essa informa\u00e7\u00e3o, fica mais f\u00e1cil distribuir as obriga\u00e7\u00f5es entre os per\u00edodos da manh\u00e3 ou da tarde, por exemplo. Tamb\u00e9m \u00e9 um jeito de entender o que \u00e9 vi\u00e1vel para cada dia.<\/p>\n\n\n\n<p>Para fazer essa medi\u00e7\u00e3o, utilize um rel\u00f3gio para saber quanto tempo gasta com uma tarefa e avaliar as perdas que existem com procrastina\u00e7\u00e3o. Voc\u00ea tamb\u00e9m pode adotar aplicativos espec\u00edficos e que aparecem em v\u00e1rias op\u00e7\u00f5es no celular.<\/p>\n\n\n\n<h3 class=\"wp-block-heading\">3. Priorize<\/h3>\n\n\n\n<p>As atividades devem ser priorizadas conforme sua criticidade e tempo para execu\u00e7\u00e3o. Mas, para isso, \u00e9 preciso que voc\u00ea conhe\u00e7a exatamente os aspectos de cada uma delas. Para saber no que focar, fique atento em rela\u00e7\u00e3o ao que evitar para n\u00e3o <a href=\"https:\/\/guiaempreendedor.com\/4-coisas-que-voce-se-engana-achando-que-elevam-produtividade\/\" target=\"_blank\" rel=\"noreferrer noopener\">prejudicar sua produtividade<\/a>. No geral, \u00e9 interessante refletir a respeito do prazo e, principalmente, do impacto que cada atividade ter\u00e1 no restante do seu dia.<\/p>\n\n\n\n<p>Imagine que voc\u00ea tem que realizar uma tarefa com prazo at\u00e9 \u00e0 noite. Somente ao pensar nisso, ela poderia ficar para o final do per\u00edodo de trabalho? Mas, se v\u00e1rias outras coisas dependem dela, n\u00e3o d\u00e1 para deix\u00e1-la para depois. Ent\u00e3o, a prioriza\u00e7\u00e3o tem que considerar o impacto em todo o dia.<\/p>\n\n\n\n<p>Al\u00e9m disso, n\u00e3o se esque\u00e7a de deixar espa\u00e7o para algumas urg\u00eancias e pend\u00eancias que podem surgir ao longo das horas. Assim, voc\u00ea n\u00e3o corre o risco de ter que se reorganizar v\u00e1rias vezes.<\/p>\n\n\n\n<h3 class=\"wp-block-heading\">4. Anote o que for importante<\/h3>\n\n\n\n<p>N\u00e3o dependa e nem confie apenas na sua mem\u00f3ria. Quando menos imaginar, pode ser que voc\u00ea precise de uma informa\u00e7\u00e3o n\u00e3o t\u00e3o recente e, sem que tenha tomado nota, vai ficar dif\u00edcil ter bons insights. Anote tudo o que precisa ser feito.<\/p>\n\n\n\n<h3 class=\"wp-block-heading\">5. Use a tecnologia com modera\u00e7\u00e3o<\/h3>\n\n\n\n<p><a href=\"https:\/\/guiaempreendedor.com\/administracao-de-pequenas-empresas-5-dicas-para-gerir-o-seu-tempo-2\/\" target=\"_blank\" rel=\"noreferrer noopener\">N\u00e3o perca mais tempo<\/a> do que o necess\u00e1rio usando aplicativos se eles n\u00e3o forem ajud\u00e1-lo a aumentar a produtividade. Estabele\u00e7a momentos e per\u00edodos espec\u00edficos para essas atividades e evite dispersar a aten\u00e7\u00e3o com tanta frequ\u00eancia.<\/p>\n\n\n\n<p>Em especial, as redes sociais s\u00e3o as grandes vil\u00e3s quando se fala nisso. Dar aquela paradinha para checar as novidades pode ser fatal quando a ideia \u00e9 aumentar a produtividade. Ent\u00e3o, reduza o uso desses elementos somente ao que for necess\u00e1rio.<\/p>\n\n\n\n<h3 class=\"wp-block-heading\">6. Evite interrup\u00e7\u00f5es<\/h3>\n\n\n\n<p>A concentra\u00e7\u00e3o \u00e9 um elemento muito importante para a produtividade. Quanto mais voc\u00ea conseguir focar em uma tarefa, melhor \u00e9 o fluxo para termin\u00e1-la, certo? Por isso, evite interrup\u00e7\u00f5es se quiser aumentar a produtividade.<\/p>\n\n\n\n<p>\u00c9 fundamental tomar cuidado com outros meios de contato, como liga\u00e7\u00f5es e e-mails. Evite conferir as mensagens a todo instante e n\u00e3o as responda de maneira imediata \u2014 a menos, \u00e9 claro, que sejam mais importantes do que sua tarefa atual. Assim, voc\u00ea n\u00e3o corre o risco de desviar esfor\u00e7os de tarefas cr\u00edticas.<\/p>\n\n\n\n<h3 class=\"wp-block-heading\">7. Fa\u00e7a pausas de descanso<\/h3>\n\n\n\n<p>Eu sei que parece meio contradit\u00f3rio falar em evitar interrup\u00e7\u00f5es e, ent\u00e3o, comentar sobre os intervalos. Mas sabia que trabalhar sem parar n\u00e3o \u00e9 a melhor escolha se voc\u00ea quiser ser produtivo?<\/p>\n\n\n\n<p>Uma pesquisa realizada pela <a href=\"https:\/\/www.sciencedaily.com\/releases\/2011\/02\/110208131529.htm\" target=\"_blank\" rel=\"noreferrer noopener\">Universidade de Illinois<\/a> mostrou que os participantes que fizeram <a href=\"https:\/\/guiaempreendedor.com\/tecnica-pomodoro-o-que-e-e-como-utiliza-la\/\" target=\"_blank\" rel=\"noreferrer noopener\">pequenas pausas<\/a> a cada 50 minutos mantiveram o bom desempenho de tarefas. Em compensa\u00e7\u00e3o, quem ficou atrelado ao trabalho por longos per\u00edodos viu a performance ser muito prejudicada.<\/p>\n\n\n\n<p>Para as atividades que envolvem criatividade, as pausas tamb\u00e9m s\u00e3o ben\u00e9ficas. Ap\u00f3s andar por 5 minutos ou mudar de cen\u00e1rio, torna-se mais simples encontrar sa\u00eddas espec\u00edficas. Ent\u00e3o, os momentos de descanso s\u00e3o muito bem-vindos.<\/p>\n\n\n\n<h3 class=\"wp-block-heading\">8. Fa\u00e7a um balan\u00e7o<\/h3>\n\n\n\n<p>Quando conseguir controlar melhor suas atividades, avalie as que duram mais do que o necess\u00e1rio e aquelas que poderiam consumir um tempo maior de dedica\u00e7\u00e3o. E programe-se para o dia seguinte. Al\u00e9m disso, \u00e9 muito importante que voc\u00ea fique atento aos <a href=\"https:\/\/guiaempreendedor.com\/4-indicadores-de-produtividade-importantes-para-o-seu-negocio\/\" target=\"_blank\" rel=\"noreferrer noopener\">indicadores de produtividade<\/a>.<\/p>\n\n\n\n<p>Quanto mais conhecer seu comportamento, mais f\u00e1cil \u00e9 ajustar a programa\u00e7\u00e3o. N\u00e3o deixe de identificar suas maiores distra\u00e7\u00f5es, bem como seus \u201cralos\u201d de produtividade. A partir dessas informa\u00e7\u00f5es, fa\u00e7a um balan\u00e7o das atividades para obter efeitos cada vez melhores, combinado?<\/p>\n\n\n\n<h3 class=\"wp-block-heading\">9. Estude sobre o assunto<\/h3>\n\n\n\n<p>Para aumentar a produtividade no trabalho, \u00e9 preciso treinar bastante e estimular sua energia. A pr\u00e1tica leva \u00e0 perfei\u00e7\u00e3o, mas somente ela n\u00e3o basta. Todas essas dicas s\u00e3o muito \u00fateis, contudo, se voc\u00ea quiser levar o desempenho a um novo resultado, \u00e9 crucial estudar o tema.<\/p>\n\n\n\n<p>N\u00e3o abra m\u00e3o de sempre pesquisar novos m\u00e9todos, solu\u00e7\u00f5es e orienta\u00e7\u00f5es para conseguir ser mais produtivo. Afinal, novas descobertas s\u00e3o feitas frequentemente e \u00e9 poss\u00edvel se beneficiar delas.<\/p>\n\n\n\n<h3 class=\"wp-block-heading\">10. Comece pelo mais dif\u00edcil<\/h3>\n\n\n\n<p>Um dos grandes problemas que impactam a produtividade \u00e9 a procrastina\u00e7\u00e3o. Entre suas v\u00e1rias motiva\u00e7\u00f5es, as obriga\u00e7\u00f5es com tarefas mais complexas \u00e9 uma das principais. Nesse cen\u00e1rio, n\u00e3o tem jeito: encare logo cedo o que der mais trabalho e for mais dif\u00edcil, por mais que seja um esfor\u00e7o muito maior.<\/p>\n\n\n\n<p>Isso garante que voc\u00ea dedique o esfor\u00e7o maior logo de primeira, o que far\u00e1 com que voc\u00ea risque da sua lista de tarefas di\u00e1rias o que \u00e9 mais complicado. A partir da\u00ed, o dia ser\u00e1 mais leve! As outras demandas ser\u00e3o encaradas com melhor disposi\u00e7\u00e3o e voc\u00ea ter\u00e1 muito mais produtividade.<\/p>\n\n\n\n<h3 class=\"wp-block-heading\">11. Separe um tempo para o e-mail e mensagens<\/h3>\n\n\n\n<p>O e-mail e as mensagens instant\u00e2neas s\u00e3o ferramentas de tempo, mas, se n\u00e3o forem bem geridos, se tornam um dos verdadeiros ladr\u00f5es dos seus valiosos minutos no dia a dia. Acontece que as mensagens n\u00e3o param de chegar e, se voc\u00ea resolver ler todas em tempo real, ficar\u00e1 dif\u00edcil se concentrar e finalizar a demanda que est\u00e1 sendo executada naquele momento.<\/p>\n\n\n\n<p>Organize-se e defina momentos para ler seus e-mails e mensagens! A primeira leva pode ser lida logo no in\u00edcio do expediente, at\u00e9 para organizar as tarefas do dia. Ap\u00f3s isso, separe mais 2 ou 3 per\u00edodos, com um tempo de 30 a 40 minutos para ler o que for recebido ao longo do dia. Assim, voc\u00ea evita interromper suas demandas e consegue aumentar a produtividade.<\/p>\n\n\n\n<h3 class=\"wp-block-heading\">12. Use ferramentas de produtividade<\/h3>\n\n\n\n<p>Nos dias de hoje, \u00e9 praticamente imposs\u00edvel pensar em aumentar a produtividade sem ter o suporte de uma ferramenta para organizar demandas, controlar projetos e direcionar os esfor\u00e7os. Seu cotidiano ficar\u00e1 mais bem dividido com bons lembretes e ideias estruturadas com suporte de alguns softwares como:<\/p>\n\n\n\n<ul>\n<li><strong>Trello:<\/strong> ajuda a criar fluxos de processos, separando colaboradores em grupos que podem ser editados e atualizados. A opera\u00e7\u00e3o \u00e9 simples, intuitiva e a interface \u00e9 bastante agrad\u00e1vel;<\/li>\n\n\n\n<li><strong>Evernote:<\/strong> praticamente uma agenda digital, o Evernote permite criar anota\u00e7\u00f5es, estruturar compromissos, organizar reuni\u00f5es e compartilhar arquivos diversos;<\/li>\n\n\n\n<li><strong>Wunderlist:<\/strong> ideal para grupos de trabalho, o Wunderlist organiza tarefas em <a rel=\"noreferrer noopener\" href=\"https:\/\/guiaempreendedor.com\/desvende-5-mitos-sobre-backup-de-dados-na-nuvem\/\" target=\"_blank\">nuvem<\/a>, que podem ser editadas e atualizadas por qualquer membro.<\/li>\n<\/ul>\n\n\n\n<h3 class=\"wp-block-heading\">13. Atualize-se<\/h3>\n\n\n\n<p>Uma boa maneira de estar atualizado \u00e9 uma vez por dia verificar as novidades que est\u00e3o acontecendo pelo mundo e no mercado em que o neg\u00f3cio est\u00e1 inserido.<\/p>\n\n\n\n<p>Use os mecanismos de busca para participar de grupos de discuss\u00e3o e consultar agenda de eventos para ficar por dentro das tend\u00eancias.<\/p>\n\n\n\n<h3 class=\"wp-block-heading\">14. Reuni\u00f5es semanais<\/h3>\n\n\n\n<p>Se voc\u00ea empreende sozinho, nada melhor do que analisar suas atividades semanais de forma objetiva e analisar os resultados obtidos para pensar nos pr\u00f3ximos passos que v\u00e3o fazer a empresa crescer.<\/p>\n\n\n\n<p>*\u00c9 importante revisar sua estrat\u00e9gia, olhar seu plano de neg\u00f3cio, sua administra\u00e7\u00e3o financeira periodicamente para evitar retrabalho e n\u00e3o desviar do foco. Separe um dia por m\u00eas para rever seu planejamento de forma mais ampla e revisar as estrat\u00e9gias do neg\u00f3cio.<\/p>\n\n\n\n<h2 class=\"wp-block-heading\" class=\"wp-block-heading\" id=\"pronto-para-escolher-como-vai-atuar\">Pronto para escolher como vai atuar?<\/h2>\n\n\n\n<p>Profissional PJ ou aut\u00f4nomo, vimos at\u00e9 aqui v\u00e1rias mudan\u00e7as no mercado dos neg\u00f3cios e como estar atento \u00e0s inova\u00e7\u00f5es e formas de se adaptar s\u00e3o importantes para que voc\u00ea continue&nbsp; vendendo para seus clientes com efetividade e qualidade.<\/p>\n\n\n\n<p>Fazer o mesmo que voc\u00ea fazia h\u00e1 um ano, por exemplo, pode j\u00e1 n\u00e3o ser mais vi\u00e1vel devido a toda essa instabilidade que estamos vivendo. Sendo assim, para ter resultados diferentes \u00e9 preciso ter atitudes diferentes.&nbsp;<\/p>\n\n\n\n<p>No come\u00e7o, aprendemos mais como funciona o ciclo de uma crise e como ela auxilia na sobreviv\u00eancia do mercado, quando os neg\u00f3cios entendem seu processo e criam formas org\u00e2nicas e sadias de se reinventarem.&nbsp;<\/p>\n\n\n\n<p>Estar de olho no crescimento pessoal \u00e9 individual \u00e9 fundamental tamb\u00e9m para se encontrar neste novo cen\u00e1rio e as soft skills s\u00e3o aptid\u00f5es emocionais, sociais e mentais que podem ser readequadas para melhorar o relacionamento conosco mesmos e com as pessoas ao nosso redor.&nbsp;<\/p>\n\n\n\n<p>Olhando para as novas oportunidades de neg\u00f3cio, conseguimos entender que a maioria das empresas, sejam elas individuais ou com equipe reduzida, n\u00e3o sobrevive aos primeiros 5 anos por falta de gest\u00e3o financeira e de capital humano, al\u00e9m \u00e9 claro da burocracia no processo de abertura e nos valores de impostos cobrados pelo nosso pa\u00eds.&nbsp;<\/p>\n\n\n\n<p>Com todas as mudan\u00e7as, o trabalho remoto e uma boa gest\u00e3o de tempo ganhou lugar como os primeiros passos para uma readapta\u00e7\u00e3o com criatividade e inova\u00e7\u00e3o para todos os tipos de neg\u00f3cios, o plano de futuro precisa estar alinhado com o aumento do uso da tecnologia que se faz presente cada vez mais no dia a dia das pessoas.&nbsp;<\/p>\n\n\n\n<p>Quer rever sobre segmentos que segundo especialistas est\u00e3o ganhando cada vez mais visibilidade para reconfigurar o seu neg\u00f3cio de forma estrat\u00e9gica?&nbsp;<\/p>\n\n\n\n<p>Seguindo nessa linha de racioc\u00ednio, o planejamento e execu\u00e7\u00e3o de boas pr\u00e1ticas de gerenciamento est\u00e3o relacionados aos neg\u00f3cios e como as pessoas compreendem e consomem seus produtos ou servi\u00e7os. Dessa forma, focar na readapta\u00e7\u00e3o, resili\u00eancia, retorno e reimagina\u00e7\u00e3o, com estrat\u00e9gia, garante uma recupera\u00e7\u00e3o saud\u00e1vel das empresas.&nbsp;<\/p>\n\n\n\n<p>E assim, para a sobreviv\u00eancia do seu neg\u00f3cio, voc\u00ea precisa fazer uma boa gest\u00e3o financeira de maneira que o seu neg\u00f3cio continue em evid\u00eancia, e voc\u00ea consiga contar com profissionais ou empresas terceirizadas especialistas em organizar suas rotinas de forma transparente e com a redu\u00e7\u00e3o de recursos.&nbsp;<\/p>\n\n\n\n<p>Por isso, a <a href=\"https:\/\/www.contabilizei.com.br\/\" target=\"_blank\" rel=\"noreferrer noopener\">Contabilizei<\/a> \u00e9 a primeira empresa pioneira no atendimento cont\u00e1bil online com tecnologia e inova\u00e7\u00e3o acopladas nos processos de forma objetiva e pr\u00e1tica.&nbsp;<\/p>\n\n\n\n<p>Foque na sua gest\u00e3o de tempo, delegando atividades para quem entende e est\u00e1 disposto a te ajudar a crescer no seu neg\u00f3cio, para que voc\u00ea consiga focar suas habilidades e sua produtividade em seus produtos ou servi\u00e7os e no atendimento ao cliente com excel\u00eancia e empatia.&nbsp;<\/p>\n\n\n\n<p>Clique aqui para rever dicas para manter o foco de suas atividades e tamb\u00e9m aumentar sua produtividade, para que seus h\u00e1bitos e as horas do seu dia sejam aproveitadas com efici\u00eancia e voc\u00ea tenha a sensa\u00e7\u00e3o de dever cumprido no final do expediente.&nbsp;<\/p>\n\n\n\n<p>Ah, n\u00e3o se esque\u00e7a de levar em considera\u00e7\u00e3o os direitos profissionais como profissional PJ ou aut\u00f4nomo com a constru\u00e7\u00e3o de contratos bem elaborados e ainda avaliando se o Fator R pode ser usado no seu neg\u00f3cio (se enquadrado no Simples Nacional) para ajudar na redu\u00e7\u00e3o de impostos de tributa\u00e7\u00e3o.&nbsp;<\/p>\n\n\n\n<p>O mercado, cada vez mais vol\u00e1til, exige que voc\u00ea analise as novas tend\u00eancias, encontre solu\u00e7\u00f5es para se readaptar e n\u00e3o perder o seu lugar nele. Por isso, saiba que voc\u00ea pode amenizar os impactos negativos vividos e desenvolver novos processos de forma estrat\u00e9gica no seu neg\u00f3cio.&nbsp;<\/p>\n\n\n\n<p>A <a href=\"https:\/\/www.contabilizei.com.br\/\" target=\"_blank\" rel=\"noreferrer noopener\">Contabilizei <\/a>tem uma equipe de mais de 1200 especialistas que podem te ajudar a cuidar das rotinas da sua empresa, fazendo com que voc\u00ea economize e ainda facilite a sua vida profissional.<\/p>\n\n\n\n<div class=\"wp-block-group\"><div class=\"wp-block-group__inner-container is-layout-flow wp-block-group-is-layout-flow\">\n<p><\/p>\n<\/div><\/div>\n","protected":false},"excerpt":{"rendered":"<p>O profissional aut\u00f4nomo \u00e9 aquele que trabalha por conta pr\u00f3pria, sem ter um v\u00ednculo empregat\u00edcio com uma empresa. Ele presta&#8230;<\/p>\n","protected":false},"author":62,"featured_media":5754,"comment_status":"open","ping_status":"closed","sticky":false,"template":"","format":"standard","meta":{"footnotes":""},"categories":[240],"tags":[],"cta-tags":[147,312],"acf":[],"yoast_head":"<!-- This site is optimized with the Yoast SEO plugin v24.5 - https:\/\/yoast.com\/wordpress\/plugins\/seo\/ -->\n<title>Trabalho Aut\u00f4nomo: o que \u00e9? Guia 2026 | Lista de profiss\u00f5es<\/title>\n<meta name=\"description\" content=\"Entenda o que \u00e9 o trabalho aut\u00f4nomo: veja as vantagens e desvantagens nesse guia completo do trabalhador aut\u00f4nomo. Acesse!\" \/>\n<meta name=\"robots\" content=\"index, follow\" \/>\n<link rel=\"canonical\" href=\"https:\/\/www.contabilizei.com.br\/contabilidade-online\/trabalho-autonomo\/\" \/>\n<meta property=\"og:locale\" content=\"pt_BR\" \/>\n<meta property=\"og:type\" content=\"article\" \/>\n<meta property=\"og:title\" content=\"Trabalho Aut\u00f4nomo: o que \u00e9? Guia 2026 | Lista de profiss\u00f5es\" \/>\n<meta property=\"og:description\" content=\"Entenda o que \u00e9 o trabalho aut\u00f4nomo: veja as vantagens e desvantagens nesse guia completo do trabalhador aut\u00f4nomo. Acesse!\" \/>\n<meta property=\"og:url\" content=\"https:\/\/www.contabilizei.com.br\/contabilidade-online\/trabalho-autonomo\/\" \/>\n<meta property=\"og:site_name\" content=\"Blog da Contabilizei\" \/>\n<meta property=\"article:publisher\" content=\"https:\/\/www.facebook.com\/Contabilizei\/\" \/>\n<meta property=\"article:author\" content=\"https:\/\/www.facebook.com\/Contabilizei\/\" \/>\n<meta property=\"article:published_time\" content=\"2023-12-01T18:24:33+00:00\" \/>\n<meta property=\"article:modified_time\" content=\"2026-04-07T19:10:13+00:00\" \/>\n<meta property=\"og:image\" content=\"https:\/\/www.contabilizei.com.br\/contabilidade-online\/wp-content\/uploads\/2020\/07\/trabalho-autonomo-ideia-lampada.jpg?wsr\" \/>\n\t<meta property=\"og:image:width\" content=\"1280\" \/>\n\t<meta property=\"og:image:height\" content=\"720\" \/>\n\t<meta property=\"og:image:type\" content=\"image\/jpeg\" \/>\n<meta name=\"author\" content=\"Vitor Torres\" \/>\n<meta name=\"twitter:card\" content=\"summary_large_image\" \/>\n<meta name=\"twitter:creator\" content=\"@contabilizei\" \/>\n<meta name=\"twitter:site\" content=\"@contabilizei\" \/>\n<meta name=\"twitter:label1\" content=\"Escrito por\" \/>\n\t<meta name=\"twitter:data1\" content=\"Vitor Torres\" \/>\n\t<meta name=\"twitter:label2\" content=\"Est. tempo de leitura\" \/>\n\t<meta name=\"twitter:data2\" content=\"51 minutos\" \/>\n<!-- \/ Yoast SEO plugin. -->","yoast_head_json":{"title":"Trabalho Aut\u00f4nomo: o que \u00e9? Guia 2026 | Lista de profiss\u00f5es","description":"Entenda o que \u00e9 o trabalho aut\u00f4nomo: veja as vantagens e desvantagens nesse guia completo do trabalhador aut\u00f4nomo. Acesse!","robots":{"index":"index","follow":"follow"},"canonical":"https:\/\/www.contabilizei.com.br\/contabilidade-online\/trabalho-autonomo\/","og_locale":"pt_BR","og_type":"article","og_title":"Trabalho Aut\u00f4nomo: o que \u00e9? Guia 2026 | Lista de profiss\u00f5es","og_description":"Entenda o que \u00e9 o trabalho aut\u00f4nomo: veja as vantagens e desvantagens nesse guia completo do trabalhador aut\u00f4nomo. Acesse!","og_url":"https:\/\/www.contabilizei.com.br\/contabilidade-online\/trabalho-autonomo\/","og_site_name":"Blog da Contabilizei","article_publisher":"https:\/\/www.facebook.com\/Contabilizei\/","article_author":"https:\/\/www.facebook.com\/Contabilizei\/","article_published_time":"2023-12-01T18:24:33+00:00","article_modified_time":"2026-04-07T19:10:13+00:00","og_image":[{"width":1280,"height":720,"url":"https:\/\/www.contabilizei.com.br\/contabilidade-online\/wp-content\/uploads\/2020\/07\/trabalho-autonomo-ideia-lampada.jpg?wsr","type":"image\/jpeg"}],"author":"Vitor Torres","twitter_card":"summary_large_image","twitter_creator":"@contabilizei","twitter_site":"@contabilizei","twitter_misc":{"Escrito por":"Vitor Torres","Est. tempo de leitura":"51 minutos"},"schema":{"@context":"https:\/\/schema.org","@graph":[{"@type":"Article","@id":"https:\/\/www.contabilizei.com.br\/contabilidade-online\/trabalho-autonomo\/#article","isPartOf":{"@id":"https:\/\/www.contabilizei.com.br\/contabilidade-online\/trabalho-autonomo\/"},"author":{"name":"Vitor Torres","@id":"https:\/\/www.contabilizei.com.br\/contabilidade-online\/#\/schema\/person\/87b4deaa44cff57e9234db891c5f72c0"},"headline":"Trabalho Aut\u00f4nomo: O que \u00e9? Guia com lista de profiss\u00f5es","datePublished":"2023-12-01T18:24:33+00:00","dateModified":"2026-04-07T19:10:13+00:00","mainEntityOfPage":{"@id":"https:\/\/www.contabilizei.com.br\/contabilidade-online\/trabalho-autonomo\/"},"wordCount":9982,"commentCount":0,"publisher":{"@id":"https:\/\/www.contabilizei.com.br\/contabilidade-online\/#organization"},"image":{"@id":"https:\/\/www.contabilizei.com.br\/contabilidade-online\/trabalho-autonomo\/#primaryimage"},"thumbnailUrl":"https:\/\/www.contabilizei.com.br\/contabilidade-online\/wp-content\/uploads\/2020\/07\/trabalho-autonomo-ideia-lampada.jpg?wsr","articleSection":["Aut\u00f4nomo"],"inLanguage":"pt-BR","potentialAction":[{"@type":"CommentAction","name":"Comment","target":["https:\/\/www.contabilizei.com.br\/contabilidade-online\/trabalho-autonomo\/#respond"]}]},{"@type":"WebPage","@id":"https:\/\/www.contabilizei.com.br\/contabilidade-online\/trabalho-autonomo\/","url":"https:\/\/www.contabilizei.com.br\/contabilidade-online\/trabalho-autonomo\/","name":"Trabalho Aut\u00f4nomo: o que \u00e9? Guia [internal_variables field=\"ano_atual\"] | Lista de profiss\u00f5es","isPartOf":{"@id":"https:\/\/www.contabilizei.com.br\/contabilidade-online\/#website"},"primaryImageOfPage":{"@id":"https:\/\/www.contabilizei.com.br\/contabilidade-online\/trabalho-autonomo\/#primaryimage"},"image":{"@id":"https:\/\/www.contabilizei.com.br\/contabilidade-online\/trabalho-autonomo\/#primaryimage"},"thumbnailUrl":"https:\/\/www.contabilizei.com.br\/contabilidade-online\/wp-content\/uploads\/2020\/07\/trabalho-autonomo-ideia-lampada.jpg?wsr","datePublished":"2023-12-01T18:24:33+00:00","dateModified":"2026-04-07T19:10:13+00:00","description":"Entenda o que \u00e9 o trabalho aut\u00f4nomo: veja as vantagens e desvantagens nesse guia completo do trabalhador aut\u00f4nomo. Acesse!","breadcrumb":{"@id":"https:\/\/www.contabilizei.com.br\/contabilidade-online\/trabalho-autonomo\/#breadcrumb"},"inLanguage":"pt-BR","potentialAction":[{"@type":"ReadAction","target":["https:\/\/www.contabilizei.com.br\/contabilidade-online\/trabalho-autonomo\/"]}]},{"@type":"ImageObject","inLanguage":"pt-BR","@id":"https:\/\/www.contabilizei.com.br\/contabilidade-online\/trabalho-autonomo\/#primaryimage","url":"https:\/\/www.contabilizei.com.br\/contabilidade-online\/wp-content\/uploads\/2020\/07\/trabalho-autonomo-ideia-lampada.jpg?wsr","contentUrl":"https:\/\/www.contabilizei.com.br\/contabilidade-online\/wp-content\/uploads\/2020\/07\/trabalho-autonomo-ideia-lampada.jpg?wsr","width":1280,"height":720,"caption":"homem ideia lampada genial Trabalho aut\u00f4nomo: confira o guia completo"},{"@type":"BreadcrumbList","@id":"https:\/\/www.contabilizei.com.br\/contabilidade-online\/trabalho-autonomo\/#breadcrumb","itemListElement":[{"@type":"ListItem","position":1,"name":"Home","item":"https:\/\/www.contabilizei.com.br\/contabilidade-online\/"},{"@type":"ListItem","position":2,"name":"Aut\u00f4nomo","item":"https:\/\/www.contabilizei.com.br\/contabilidade-online\/tudo-sobre-autonomo\/"},{"@type":"ListItem","position":3,"name":"Trabalho Aut\u00f4nomo: O que \u00e9? Guia com lista de profiss\u00f5es"}]},{"@type":"WebSite","@id":"https:\/\/www.contabilizei.com.br\/contabilidade-online\/#website","url":"https:\/\/www.contabilizei.com.br\/contabilidade-online\/","name":"Blog da Contabilizei","description":"Apoiando o empreendedorismo desde 2013","publisher":{"@id":"https:\/\/www.contabilizei.com.br\/contabilidade-online\/#organization"},"potentialAction":[{"@type":"SearchAction","target":{"@type":"EntryPoint","urlTemplate":"https:\/\/www.contabilizei.com.br\/contabilidade-online\/?s={search_term_string}"},"query-input":{"@type":"PropertyValueSpecification","valueRequired":true,"valueName":"search_term_string"}}],"inLanguage":"pt-BR"},{"@type":"Organization","@id":"https:\/\/www.contabilizei.com.br\/contabilidade-online\/#organization","name":"Contabilizei Contabilidade","url":"https:\/\/www.contabilizei.com.br\/contabilidade-online\/","logo":{"@type":"ImageObject","inLanguage":"pt-BR","@id":"https:\/\/www.contabilizei.com.br\/contabilidade-online\/#\/schema\/logo\/image\/","url":"","contentUrl":"","caption":"Contabilizei Contabilidade"},"image":{"@id":"https:\/\/www.contabilizei.com.br\/contabilidade-online\/#\/schema\/logo\/image\/"},"sameAs":["https:\/\/www.facebook.com\/Contabilizei\/","https:\/\/x.com\/contabilizei","https:\/\/www.instagram.com\/contabilizei\/","https:\/\/www.linkedin.com\/company\/contabilizei\/","https:\/\/www.youtube.com\/channel\/UCNAlIbSjWxrDLDllQUug8dA","https:\/\/pt.wikipedia.org\/wiki\/Contabilizei"]},{"@type":"Person","@id":"https:\/\/www.contabilizei.com.br\/contabilidade-online\/#\/schema\/person\/87b4deaa44cff57e9234db891c5f72c0","name":"Vitor Torres","image":{"@type":"ImageObject","inLanguage":"pt-BR","@id":"https:\/\/www.contabilizei.com.br\/contabilidade-online\/#\/schema\/person\/image\/","url":"https:\/\/secure.gravatar.com\/avatar\/4d123a72e5de57b92b84e56ac1baa6f6?s=96&d=mm&r=g","contentUrl":"https:\/\/secure.gravatar.com\/avatar\/4d123a72e5de57b92b84e56ac1baa6f6?s=96&d=mm&r=g","caption":"Vitor Torres"},"description":"Vitor Torres \u00e9 fundador e presidente da Contabilizei desde 2013, quando iniciou uma revolu\u00e7\u00e3o ao liderar o movimento de desburocratiza\u00e7\u00e3o da contabilidade no pa\u00eds, tendo alcan\u00e7ado a lideran\u00e7a no segmento durante essa jornada. Hoje tem o prop\u00f3sito de simplificar a vida dos micros e pequenos empreendedores e fortalecer o futuro de cada um dos 100 mil clientes da companhia, transformando o cen\u00e1rio do empreendedorismo no Brasil. O executivo \u00e9 formado em Administra\u00e7\u00e3o pela Universidade Positivo, possui forma\u00e7\u00e3o executiva em Lideran\u00e7a em Escala pela INSEAD, realizou um MBA de Administra\u00e7\u00e3o e Neg\u00f3cios pela Columbia Business School e participou de um Programa de Lideran\u00e7a Executiva em Neg\u00f3cios pela Stanford University Graduate School of Business. Em 2016, foi selecionado como Empreendedor Endeavor. Re\u00fane experi\u00eancia na \u00e1rea de consultoria e an\u00e1lise de neg\u00f3cios, tendo apoiado de forma pioneira no desenvolvimento do ecossistema de startups.","sameAs":["http:\/\/contabilizei.com.br","https:\/\/www.facebook.com\/Contabilizei\/","https:\/\/www.instagram.com\/contabilizei\/","https:\/\/www.linkedin.com\/company\/contabilizei\/","https:\/\/www.youtube.com\/channel\/UCNAlIbSjWxrDLDllQUug8dA"],"url":"https:\/\/www.contabilizei.com.br\/contabilidade-online\/autor\/vitor-torres\/"}]}},"_links":{"self":[{"href":"https:\/\/www.contabilizei.com.br\/contabilidade-online\/wp-json\/wp\/v2\/posts\/4615"}],"collection":[{"href":"https:\/\/www.contabilizei.com.br\/contabilidade-online\/wp-json\/wp\/v2\/posts"}],"about":[{"href":"https:\/\/www.contabilizei.com.br\/contabilidade-online\/wp-json\/wp\/v2\/types\/post"}],"author":[{"embeddable":true,"href":"https:\/\/www.contabilizei.com.br\/contabilidade-online\/wp-json\/wp\/v2\/users\/62"}],"replies":[{"embeddable":true,"href":"https:\/\/www.contabilizei.com.br\/contabilidade-online\/wp-json\/wp\/v2\/comments?post=4615"}],"version-history":[{"count":0,"href":"https:\/\/www.contabilizei.com.br\/contabilidade-online\/wp-json\/wp\/v2\/posts\/4615\/revisions"}],"wp:featuredmedia":[{"embeddable":true,"href":"https:\/\/www.contabilizei.com.br\/contabilidade-online\/wp-json\/wp\/v2\/media\/5754"}],"wp:attachment":[{"href":"https:\/\/www.contabilizei.com.br\/contabilidade-online\/wp-json\/wp\/v2\/media?parent=4615"}],"wp:term":[{"taxonomy":"category","embeddable":true,"href":"https:\/\/www.contabilizei.com.br\/contabilidade-online\/wp-json\/wp\/v2\/categories?post=4615"},{"taxonomy":"post_tag","embeddable":true,"href":"https:\/\/www.contabilizei.com.br\/contabilidade-online\/wp-json\/wp\/v2\/tags?post=4615"},{"taxonomy":"cta-tags","embeddable":true,"href":"https:\/\/www.contabilizei.com.br\/contabilidade-online\/wp-json\/wp\/v2\/cta-tags?post=4615"}],"curies":[{"name":"wp","href":"https:\/\/api.w.org\/{rel}","templated":true}]}}