{"id":40015,"date":"2025-12-01T12:22:35","date_gmt":"2025-12-01T15:22:35","guid":{"rendered":"https:\/\/www.contabilizei.com.br\/contabilidade-online\/?p=40015"},"modified":"2026-04-14T17:02:07","modified_gmt":"2026-04-14T20:02:07","slug":"isencao-imposto-de-renda-ate-5-mil-mudancas-para-clt-e-pf","status":"publish","type":"post","link":"https:\/\/www.contabilizei.com.br\/contabilidade-online\/isencao-imposto-de-renda-ate-5-mil-mudancas-para-clt-e-pf\/","title":{"rendered":"Isen\u00e7\u00e3o do Imposto de Renda at\u00e9 5 mil: o que muda para o profissional CLT e demais pessoas f\u00edsicas?"},"content":{"rendered":"\n<p>Em 26 de novembro de 2025, o Presidente da Rep\u00fablica sancionou a Lei n\u00ba15.270, que amplia a faixa de isen\u00e7\u00e3o do Imposto de Renda, isentando o Imposto de Renda Retido na Fonte para rendimentos at\u00e9 R$5.000 mensais.&nbsp;<\/p>\n\n\n\n<p>Al\u00e9m da isen\u00e7\u00e3o do Imposto de Renda at\u00e9 5 mil, a lei tamb\u00e9m determina as seguintes mudan\u00e7as:<\/p>\n\n\n\n<ul>\n<li><strong>Desconto&nbsp; gradual<\/strong> do Imposto de Renda (IR) <strong>para rendimentos entre R$5.000,01 e R$7.350,00<\/strong>;<\/li>\n\n\n\n<li><strong>Tributa\u00e7\u00e3o sobre distribui\u00e7\u00e3o de dividendos e lucros<\/strong> <strong>enviados ao exterior<\/strong>, com al\u00edquota fixa de 10%;<\/li>\n\n\n\n<li><strong>Tributa\u00e7\u00e3o sobre distribui\u00e7\u00e3o de dividendos e lucros com valores acima de R$50 mil<\/strong>, retirados da mesma pessoa jur\u00eddica, para a mesma pessoa f\u00edsica, dentro do mesmo m\u00eas, com al\u00edquota fixa de 10%;<\/li>\n\n\n\n<li><strong>Tributa\u00e7\u00e3o anual para rendimentos totais acima de R$600 mil<\/strong>, com al\u00edquota progressiva de at\u00e9 10%;<\/li>\n\n\n\n<li><strong>Tributa\u00e7\u00e3o anual para rendimentos acima totais acima de R$1,2 milh\u00e3o<\/strong>, com al\u00edquota fixa de 10%.<\/li>\n<\/ul>\n\n\n\n<p>Vale refor\u00e7ar que, como a lei foi sancionada em 2025, <strong>essas mudan\u00e7as entraram em vigor a partir de 1\u00ba de janeiro de 2026. Ou seja, o impacto para a declara\u00e7\u00e3o do Imposto de Renda Pessoa F\u00edsica acontecer\u00e1 apenas em 2027<\/strong>.<\/p>\n\n\n\n<p>Se <strong>voc\u00ea trabalha no regime CLT<\/strong> (Consolida\u00e7\u00e3o das Leis do Trabalho) <strong>ou atua como pessoa f\u00edsica e n\u00e3o emite Nota Fiscal e nem RPA<\/strong> (Recibo de Pagamento Aut\u00f4nomo), <strong>a nova lei de isen\u00e7\u00e3o do Imposto de Renda tamb\u00e9m tem impactos para voc\u00ea. <\/strong>Continue a leitura e descubra com os especialistas da Contabilizei quais s\u00e3o os impactos, como agir em cada caso e como se preparar para as mudan\u00e7as.<\/p>\n\n\n\n<h2 class=\"wp-block-heading\" class=\"wp-block-heading\" id=\"como-funcionava-o-imposto-de-renda-pessoa-fisica-irpf-ate-2025\"><strong><strong>Como funcionava o Imposto de Renda Pessoa F\u00edsica (IRPF) at\u00e9 2025?<\/strong><\/strong><\/h2>\n\n\n\n<p><strong>O Imposto de Renda Pessoa F\u00edsica (IRPF) \u00e9 um tributo federal obrigat\u00f3rio que incide sobre a renda de pessoas f\u00edsicas no Brasil<\/strong>, ou seja, sobre o rendimento total que cada indiv\u00edduo ganha ao longo de um ano. Por exemplo: sal\u00e1rio, aluguel, aposentadoria e outros tipos de rendimentos.<\/p>\n\n\n\n<p><strong>O IRPF funciona de forma progressiva, ou seja, quem ganha mais, paga mais imposto<\/strong>. Isso significa que a al\u00edquota (porcentagem do imposto) aumenta conforme a faixa de renda da pessoa f\u00edsica. As <a href=\"https:\/\/www.contabilizei.com.br\/contabilidade-online\/tabela-imposto-de-renda\/\" target=\"_blank\" rel=\"noreferrer noopener\">al\u00edquotas do IRPF<\/a> variam de 7,5% a 27,5%.<\/p>\n\n\n\n<p>Apesar disso, o <strong>IRPF tamb\u00e9m prev\u00ea uma faixa de isen\u00e7\u00e3o<\/strong>, ent\u00e3o as pessoas que recebem at\u00e9 um determinado limite mensal est\u00e3o isentas do pagamento do imposto. <\/p>\n\n\n\n<p>Em 2025, quem ganhava at\u00e9 R$3.036,00 e escolhia o Desconto Simplificado no momento da declara\u00e7\u00e3o, tinha a base de c\u00e1lculo reduzida para R$2.428,80 (R$3.036,00 &#8211; R$607,20), ficando isento desse imposto.<\/p>\n\n\n\n<p>Al\u00e9m disso, o valor final do imposto a pagar ou a restituir n\u00e3o depende apenas da renda bruta, variando de pessoa para pessoa. O valor do imposto \u00e9 influenciado por:<\/p>\n\n\n\n<ol>\n<li><strong>Renda total e al\u00edquota:<\/strong> quanto maior a renda do contribuinte, maior a al\u00edquota aplicada;<\/li>\n\n\n\n<li><strong>Tipo de rendimento:<\/strong> a forma de tributa\u00e7\u00e3o varia (rendimentos tribut\u00e1veis, isentos, ou tributa\u00e7\u00e3o exclusiva na fonte). <strong>Por exemplo:<\/strong> se voc\u00ea \u00e9 um empregado CLT com renda mensal superior a R$3.036,00, parte do IRPF (que \u00e9 incidente sobre o seu sal\u00e1rio) pode ser retida na fonte, ou seja, a empresa desconta o valor do IR na folha de pagamento e repassa ao Governo;<\/li>\n\n\n\n<li><strong>Despesas dedut\u00edveis:<\/strong> alguns gastos, como sa\u00fade, educa\u00e7\u00e3o, previd\u00eancia e dependentes, podem reduzir a base de c\u00e1lculo do imposto de renda;<\/li>\n\n\n\n<li><strong>Modelo de Declara\u00e7\u00e3o:<\/strong> \u00e9 poss\u00edvel escolher entre o modelo Completo (com dedu\u00e7\u00f5es legais) e o Simplificado (no valor de R$607,20 em 2025. Este valor \u00e9 atualizado anualmente). Isso tamb\u00e9m impacta diretamente no valor do imposto a pagar ou da restitui\u00e7\u00e3o.<\/li>\n<\/ol>\n\n\n\n<p>A <strong>Declara\u00e7\u00e3o do IRPF \u00e9 uma esp\u00e9cie de \u201cpresta\u00e7\u00e3o de contas\u201d que as pessoas f\u00edsicas devem fazer ao Governo Federal, informando seus rendimentos e patrim\u00f4nios<\/strong>. Vale refor\u00e7ar que a entrega da declara\u00e7\u00e3o \u00e9 obrigat\u00f3ria apenas para quem se encaixa em algum dos crit\u00e9rios estabelecidos pela Receita Federal, como:<\/p><div id=\"conta-904349231\" class=\"cta-bulk ga-cta-imagem-conteudo conta-cont-6p-cta-bulk conta-entity-placement\" style=\"margin-top: 30px;margin-bottom: 30px;\"><a href=\"https:\/\/www.contabilizei.com.br\/abrir-empresa\/\" aria-label=\"01\"><img loading=\"lazy\" decoding=\"async\" src=\"https:\/\/www.contabilizei.com.br\/contabilidade-online\/wp-content\/uploads\/2021\/07\/01.jpg?wsr\" alt=\"\"  srcset=\"https:\/\/www.contabilizei.com.br\/contabilidade-online\/wp-content\/uploads\/2021\/07\/01.jpg 615w, https:\/\/www.contabilizei.com.br\/contabilidade-online\/wp-content\/uploads\/2021\/07\/01-300x146.jpg 300w\" sizes=\"(max-width: 615px) 100vw, 615px\" width=\"615\" height=\"300\"  style=\"display: inline-block;\" \/><\/a><\/div>\n\n\n\n<ul>\n<li><strong>Receber rendimentos tribut\u00e1veis anuais<\/strong> (como sal\u00e1rios, aposentadorias, alugu\u00e9is, etc) <strong>acima do limite de isen\u00e7\u00e3o<\/strong>. Para a declara\u00e7\u00e3o feita em 2026 (ano base 2025), o limite \u00e9 de <strong>R$ 35.584,00<\/strong>. <strong>Importante: <\/strong>este limite varia anualmente);<\/li>\n\n\n\n<li><strong>Possuir bens e direitos<\/strong> (como im\u00f3veis, ve\u00edculos, etc) <strong>com valor total superior a R$800 mil<\/strong> at\u00e9 31\/12 do ano anterior;<\/li>\n\n\n\n<li>Entre outros.<\/li>\n<\/ul>\n\n\n\n<p>Saiba mais neste artigo: <a href=\"https:\/\/www.contabilizei.com.br\/contabilidade-online\/tudo-sobre-imposto-de-renda-irpf\/\" target=\"_blank\" rel=\"noreferrer noopener\">Imposto de Renda (IRPF): Tudo sobre prazos, declara\u00e7\u00e3o e documentos<\/a>.<\/p>\n\n\n\n<h2 class=\"wp-block-heading\" class=\"wp-block-heading\" id=\"como-funciona-a-isencao-do-imposto-de-renda-a-partir-de-2026\"><strong><strong>Como funciona a isen\u00e7\u00e3o do Imposto de Renda a partir de 2026?<\/strong><\/strong><\/h2>\n\n\n\n<p>Tendo em vista apenas os pontos que trazem mais impactos para quem \u00e9 CLT, as principais mudan\u00e7as s\u00e3o:<\/p>\n\n\n\n<ul>\n<li><strong>Isen\u00e7\u00e3o total para rendimentos de at\u00e9 R$5 mil por m\u00eas: <\/strong>o teto de isen\u00e7\u00e3o do Imposto de Renda aumenta para R$5.000,00. Assim, para quem est\u00e1 nesta faixa de rendimentos, o imposto devido \u00e9 zero.<\/li>\n<\/ul>\n\n\n\n<ul>\n<li><strong>Desconto gradual do Imposto de Renda entre R$5.000,01 e R$7.350,00:<\/strong> para pessoas que ganham mais do que R$5.000,01 e menos que R$7.350,00 passa a existir um desconto gradual do IR.<\/li>\n<\/ul>\n\n\n\n<ul>\n<li><strong>Imposto de Renda incide conforme tabela de al\u00edquotas do IRPF para rendas acima de R$7.350,00:<\/strong> por fim, para as pessoas que ganham acima de R$7.350,00 o IR ser\u00e1 conforme a tabela vigente de al\u00edquotas de IRPF (para este valor, atualmente a al\u00edquota vai at\u00e9 27,5%, conforme tabela vigente).<\/li>\n<\/ul>\n\n\n\n<p>Vale lembrar que, al\u00e9m dessas novas regras para o IR, a Lei ainda estabelece outras mudan\u00e7as, como tributa\u00e7\u00e3o sobre lucros e dividendos enviados ao exterior, tributa\u00e7\u00e3o de dividendos distribu\u00eddos acima de R$50 mil por m\u00eas, entre outros pontos, denominados de Tributa\u00e7\u00e3o M\u00ednima para Altas Rendas. <a href=\"https:\/\/www.contabilizei.com.br\/contabilidade-online\/isencao-imposto-de-renda-ate-5-mil-lucros-e-dividendos\/\" target=\"_blank\" rel=\"noreferrer noopener\">Saiba mais neste artigo<\/a>.&nbsp;<\/p>\n\n\n\n<h2 class=\"wp-block-heading\" class=\"wp-block-heading\" id=\"quais-sao-os-impactos-da-isencao-do-imposto-de-renda-para-quem-e-clt\"><strong>Quais s\u00e3o os impactos da isen\u00e7\u00e3o do Imposto de Renda para quem \u00e9 CLT?<\/strong><\/h2>\n\n\n\n<p><strong>O principal impacto da isen\u00e7\u00e3o do Imposto de Renda para quem \u00e9 CLT est\u00e1 no Imposto de Renda Retido na Fonte (IRRF).<\/strong> Isso porque o desconto do IR do profissional CLT ocorre diretamente na folha de pagamento, ou seja, a empresa desconta o valor e repassa ao Governo.<\/p>\n\n\n\n<p><strong>Ent\u00e3o, se voc\u00ea \u00e9 CLT e est\u00e1 se perguntando se pagar\u00e1 menos impostos com essas mudan\u00e7as, a resposta \u00e9: depende da sua renda bruta mensal<\/strong>. Aqui, existem tr\u00eas principais cen\u00e1rios:<\/p>\n\n\n\n<ol>\n<li><strong>Se a sua renda mensal for at\u00e9 R$5.000,00:<\/strong> isen\u00e7\u00e3o total do imposto, gerando uma economia de at\u00e9 R$312,89 por m\u00eas, de modo que o IR seja zero;<\/li>\n\n\n\n<li><strong>Se a sua renda mensal for entre R$5.000,01 e R$7.350,00:<\/strong> isen\u00e7\u00e3o parcial do imposto, ent\u00e3o quanto mais pr\u00f3ximo de R$7.350, menor ser\u00e1 a economia em impostos;<\/li>\n\n\n\n<li><strong>Se a sua renda mensal for acima de R$7.350,00:<\/strong> o pagamento do IR acontecer\u00e1 normalmente. Para este valor, atualmente a al\u00edquota \u00e9 de 27,5%, conforme tabela 2025. Neste caso, o ideal \u00e9 consultar um contador de confian\u00e7a para tirar todas as suas d\u00favidas.&nbsp;&nbsp;&nbsp;&nbsp;<\/li>\n<\/ol>\n\n\n\n<p>Confira abaixo um exemplo dos impactos da nova lei para os profissionais CLT.<\/p>\n\n\n\n<h3 class=\"wp-block-heading\"><strong>Exemplo para os profissionais CLT<\/strong><\/h3>\n\n\n\n<p>Neste exemplo, usaremos um trabalhador com sal\u00e1rio bruto de R$5.500,00 e nenhuma dedu\u00e7\u00e3o legal adicional (como dependentes ou pens\u00e3o).<\/p>\n\n\n\n<p>A primeira etapa \u00e9 fazer o c\u00e1lculo do Imposto de Renda da forma antiga, ou seja, sem considerar as mudan\u00e7as que isentam o IR para rendimentos de at\u00e9 R$5 mil por m\u00eas.<\/p>\n\n\n\n<p>Assim, considerando o trabalhador que ganha o valor bruto de R$5.500,00 por m\u00eas em 2026, ele receberia o valor l\u00edquido de <strong>R$4.491,71<\/strong>, levando em considera\u00e7\u00e3o os descontos de INSS (Previd\u00eancia Social) e IR (Imposto de Renda Retido na Fonte).<\/p>\n\n\n\n<p>Entenda melhor a seguir:<\/p>\n\n\n\n<p><strong>1. Desconto do INSS:<\/strong> todo empregado contribui para a Previd\u00eancia Social. No caso de um sal\u00e1rio de R$5.500,00, o desconto \u00e9 de R$571,50, conforme a <a href=\"https:\/\/www.contabilizei.com.br\/contabilidade-online\/tabela-inss\/\" target=\"_blank\" rel=\"noreferrer noopener\">tabela progressiva oficial do INSS<\/a>.<\/p>\n\n\n\n<p><strong>2. Desconto do Imposto de Renda (IR):<\/strong> o Imposto de Renda n\u00e3o \u00e9 calculado sobre o sal\u00e1rio inteiro, mas sim sobre a <strong>base de c\u00e1lculo<\/strong>, que considera:<\/p>\n\n\n\n<p><strong>Sal\u00e1rio bruto \u2013 desconto do INSS ou dedu\u00e7\u00f5es legais (como a dedu\u00e7\u00e3o simplificada)<\/strong><\/p>\n\n\n\n<p>No caso deste exemplo, a dedu\u00e7\u00e3o mais vantajosa foi a <strong>dedu\u00e7\u00e3o simplificada, de R$607,20<\/strong>. Com esses descontos, a base de c\u00e1lculo ficou em <strong>R$4.892,80 (R$5500,00 &#8211; R$607,20)<\/strong>.<\/p>\n\n\n\n<p>Como esse valor se enquadra na faixa mais alta da tabela, aplicava-se a <strong>al\u00edquota de 27,5%<\/strong>. Depois, o governo permite descontar uma <strong>parcela dedut\u00edvel de R$908,73<\/strong>, reduzindo o valor final do imposto.<\/p>\n\n\n\n<p>Assim, o IR devido \u00e9 de <strong>R$436,79<\/strong> (ou seja: R$4.892,80 * 27,5% &#8211; R$908,73).<\/p>\n\n\n\n<p><strong>3. Sal\u00e1rio l\u00edquido final: <\/strong>subtraindo do sal\u00e1rio bruto o INSS e o IR, chegamos ao sal\u00e1rio l\u00edquido.<\/p>\n\n\n\n<p><strong>Sal\u00e1rio l\u00edquido = Sal\u00e1rio bruto \u2013 INSS \u2013 IRRF<\/strong><\/p>\n\n\n\n<p><strong>Sal\u00e1rio l\u00edquido = R$5.500,00 \u2013 R$<\/strong><strong>571,50<\/strong><strong> \u2013 R$436,79 = R$4.491,71<\/strong><\/p>\n\n\n\n<p><strong>4. Redu\u00e7\u00e3o do IR conforme a nova lei:<\/strong> agora que encontramos o sal\u00e1rio l\u00edquido por meio do c\u00e1lculo \u201cantigo\u201d, \u00e9 necess\u00e1rio aplicar a redu\u00e7\u00e3o da nova lei de 2026 (Reforma da Renda). Isso porque, com a nova lei, foi criado um desconto que pode reduzir o valor do Imposto de Renda.&nbsp;<\/p>\n\n\n\n<p>Por estar na faixa de R$5.000,01 a R$7.350,00, o imposto ter\u00e1 um desconto que \u00e9 calculado por meio da seguinte f\u00f3rmula:<\/p>\n\n\n\n<p><strong>R$978,62 &#8211; (0,133145 x 5.500,00) = desconto a ser aplicado no valor do imposto encontrado na Etapa 2<\/strong><\/p>\n\n\n\n<p>Com este c\u00e1lculo, encontra-se o valor de <strong>R$246,32.<\/strong> E este ser\u00e1 o valor aplicado como desconto sobre o valor de imposto encontrado na etapa 2, de <strong>R$436,79<\/strong>.<\/p>\n\n\n\n<p>Portanto, <strong>o novo valor devido de IRRF sobre um rendimento de R$5.500,00 ser\u00e1 de R$190,47 (R$436,79 &#8211; R$246,32), onde a nova lei garante uma economia de R$246,32 no Imposto de Renda devido.<\/strong><\/p>\n\n\n\n<p>Considerando 12 meses, o <strong>ganho anual chega a R$2.955,87<\/strong>, mostrando o efeito real da isen\u00e7\u00e3o no or\u00e7amento anual do trabalhador.<\/p>\n\n\n\n<p>Vale lembrar: para outras rendas entre a faixa determinada pelo governo (R$5.000,01 a R$7.350,00), basta substituir na f\u00f3rmula da etapa 3 o valor do seu rendimento tribut\u00e1vel para encontrar o desconto a ser aplicado.&nbsp;<\/p>\n\n\n\n<h3 class=\"wp-block-heading\"><strong>Comparativo do sal\u00e1rio l\u00edquido antes e depois da isen\u00e7\u00e3o do Imposto de Renda<\/strong><\/h3>\n\n\n\n<figure class=\"wp-block-table\"><table><tbody><tr><td><strong>Etapa<\/strong><\/td><td><strong>Cen\u00e1rio anterior (antes da isen\u00e7\u00e3o)<\/strong><\/td><td><strong>Cen\u00e1rio atual (com isen\u00e7\u00e3o at\u00e9 R$5.000)<\/strong><\/td><\/tr><tr><td><strong>Sal\u00e1rio bruto<\/strong><\/td><td>R$5.500,00<\/td><td>R$5.500,00<\/td><\/tr><tr><td><strong>INSS descontado<\/strong><\/td><td>R$571,50<\/td><td>R$571,50<\/td><\/tr><tr><td><strong>Dedu\u00e7\u00e3o aplicada<\/strong><\/td><td>R$607,20<\/td><td>R$607,20<\/td><\/tr><tr><td><strong>Base de c\u00e1lculo<\/strong><\/td><td>R$4.491,71<\/td><td>R$4.491,71<\/td><\/tr><tr><td><strong>Parcela a deduzir do IR<\/strong><\/td><td>R$908,73<\/td><td>R$908,73<\/td><\/tr><tr><td><strong>IR bruto (27,5%)<\/strong><\/td><td>R$436,79<\/td><td>R$436,79<\/td><\/tr><tr><td><strong>Desconto&nbsp;<\/strong><strong>Nova lei n\u00ba15.270-2025<\/strong><\/td><td>N\u00e3o se aplica&nbsp;<\/td><td>R$246,32Desconto = 978,62 \u2013 (0,133145 \u00d7 sal\u00e1rio)<\/td><\/tr><tr><td><strong>IR final<\/strong><\/td><td><strong>R$436,79<\/strong><\/td><td>R$436,79 \u2013 R$246,32 = <strong>R$190,47<\/strong><\/td><\/tr><tr><td><strong>Sal\u00e1rio l\u00edquido<\/strong><\/td><td><strong>R$4.483,61<\/strong><\/td><td><strong>R$4.738,02<\/strong><\/td><\/tr><\/tbody><\/table><\/figure>\n\n\n\n<p><strong>Importante<\/strong>: este \u00e9 apenas um exemplo para mostrar o efeito da nova faixa de isen\u00e7\u00e3o. O valor do Imposto de Renda pode variar caso haja dependentes ou outros tipos de dedu\u00e7\u00e3o. Neste c\u00e1lculo, utilizamos a <strong>dedu\u00e7\u00e3o simplificada com valor de R$607,20<\/strong>, que \u00e9 a forma mais pr\u00e1tica e comum para a maioria dos contribuintes.<\/p>\n\n\n\n<h2 class=\"wp-block-heading\" class=\"wp-block-heading\" id=\"quais-sao-os-impactos-para-pessoas-fisicas-sem-clt-ou-rpa\"><strong>Quais s\u00e3o os impactos para pessoas f\u00edsicas sem CLT ou RPA?<\/strong><\/h2>\n\n\n\n<p>A recente atualiza\u00e7\u00e3o da faixa de isen\u00e7\u00e3o do Imposto de Renda Pessoa F\u00edsica, que isenta a reten\u00e7\u00e3o de imposto dos sal\u00e1rios de at\u00e9 R$5.000,00, pode tamb\u00e9m ser aplicada a pessoas que n\u00e3o recebem sal\u00e1rio (CLT) e n\u00e3o emitem RPA. Para verificar se voc\u00ea ser\u00e1 afetado, \u00e9 necess\u00e1rio analisar os tipos de rendimentos e valores recebidos.<\/p>\n\n\n\n<p>A isen\u00e7\u00e3o e redu\u00e7\u00e3o do imposto de renda se aplica a <strong>todos os rendimentos tribut\u00e1veis sujeitos \u00e0 incid\u00eancia mensal<\/strong>, e n\u00e3o apenas a sal\u00e1rios (CLT) ou RPA.&nbsp;<\/p>\n\n\n\n<p>Para quem recebe alugu\u00e9is ou pens\u00f5es tribut\u00e1veis, o impacto da desonera\u00e7\u00e3o deve ser considerado <strong>mensalmente<\/strong> no c\u00e1lculo do imposto devido (Carn\u00ea-Le\u00e3o), e n\u00e3o apenas na declara\u00e7\u00e3o anual.<\/p>\n\n\n\n<p><strong>Dica:<\/strong> mesmo sem ser CLT ou aut\u00f4nomo, \u00e9 fundamental que o contribuinte aplique corretamente a nova tabela de redu\u00e7\u00e3o do imposto mensal sobre os rendimentos recebidos (se tribut\u00e1veis), para aproveitar a desonera\u00e7\u00e3o de at\u00e9 R$5.000,00 e a redu\u00e7\u00e3o parcial na faixa de transi\u00e7\u00e3o at\u00e9 o valor de R$7.350,00.<\/p>\n\n\n\n<blockquote class=\"wp-block-quote is-layout-flow wp-block-quote-is-layout-flow\">\n<p><strong><p>Para as cidades de S\u00e3o Paulo, Curitiba e Florian\u00f3polis, o Recibo de Pagamento Aut\u00f4nomo (RPA) entrou em desuso a partir do in\u00edcio de 2026. A Nota Fiscal de Servi\u00e7os Eletr\u00f4nica (NFS-e) passou a ser o documento oficial e obrigat\u00f3rio para formalizar o servi\u00e7o prestado. Para saber mais, <a href=\"https:\/\/www.contabilizei.com.br\/contabilizei-responde\/fim-do-rpa-em-sao-paulo\/\">acesse aqui<\/a> nossa mat\u00e9ria sobre a obrigatoriedade da emiss\u00e3o da NFS-e por profissionais liberais e aut\u00f4nomos.<\/p>\n<\/strong><\/p>\n<\/blockquote>\n\n\n\n<h2 class=\"wp-block-heading\" class=\"wp-block-heading\" id=\"vale-a-pena-abrir-cnpj-para-economizar-em-impostos\"><strong>Vale a pena abrir CNPJ para economizar em impostos?<\/strong><\/h2>\n\n\n\n<p><strong>Depende da sua renda mensal.<\/strong> Nesse sentido, \u00e9 importante refor\u00e7ar que o planejamento tribut\u00e1rio \u00e9 essencial, afinal, com a an\u00e1lise dos seus rendimentos e com planejamento tribut\u00e1rio adequado, voc\u00ea pode <strong>superar os ganhos l\u00edquidos de um profissional CLT<\/strong>, transformando a economia de impostos em um lucro final.<\/p>\n\n\n\n<p>Por\u00e9m, <strong>o ideal \u00e9 abrir um CNPJ apenas quando o seu ganho l\u00edquido superar todos os custos para manter a empresa<\/strong>. Se esse for o seu caso, a <a href=\"https:\/\/www.contabilizei.com.br\/\" target=\"_blank\" rel=\"noreferrer noopener\">Contabilizei<\/a> est\u00e1 aqui para ajudar voc\u00ea.<\/p>\n\n\n\n<p>Confira exemplos pr\u00e1ticos de quando vale a pena abrir um CNPJ <a href=\"https:\/\/www.contabilizei.com.br\/contabilidade-online\/isencao-imposto-de-renda-ate-5-mil-mudancas-para-autonomos\/\" target=\"_blank\" rel=\"noreferrer noopener\">neste artigo<\/a>. Leia tamb\u00e9m: <a href=\"https:\/\/www.contabilizei.com.br\/contabilidade-online\/trabalhar-como-pj-e-abrir-empresa-o-que-um-dev-precisa-saber\/\" target=\"_blank\" rel=\"noreferrer noopener\">Como ser PJ? Veja como \u00e9 trabalhar como PJ e se tornar uma Pessoa Jur\u00eddica<\/a>.&nbsp;<\/p>\n\n\n\n<h2 class=\"wp-block-heading\" class=\"wp-block-heading\" id=\"conheca-a-contabilizei\"><strong>Conhe\u00e7a a Contabilizei<\/strong><\/h2>\n\n\n\n<p>A <a href=\"https:\/\/www.contabilizei.com.br\/\" target=\"_blank\" rel=\"noreferrer noopener\">Contabilizei<\/a> \u00e9 o maior escrit\u00f3rio de contabilidade do Brasil, l\u00edder em abertura de empresas e gest\u00e3o de CNPJs. Temos a miss\u00e3o de simplificar o dia a dia de micro e pequenas empresas por meio de um <strong>servi\u00e7o que une tecnologia de ponta a um atendimento humano e especializado<\/strong>.<\/p>\n\n\n\n<p>Vale lembrar que <strong>a Contabilizei n\u00e3o presta servi\u00e7os cont\u00e1beis para pessoas que atuam como pessoas f\u00edsicas<\/strong>. Por\u00e9m, se voc\u00ea descobriu que abrir um CNPJ \u00e9 a op\u00e7\u00e3o mais vantajosa para voc\u00ea, ou se ainda tem d\u00favidas de qual \u00e9 o melhor cen\u00e1rio para exercer suas atividades, estamos aqui para tirar suas d\u00favidas.&nbsp;<\/p>\n\n\n\n<p>Conhe\u00e7a a nossa <a href=\"https:\/\/www.contabilizei.com.br\/assessoria-contabil-gratuita\/\">assessoria cont\u00e1bil gratuita<\/a> e conte com a experi\u00eancia dos nossos especialistas para entender sobre temas como: abrir sua empresa, formalizar a sua profiss\u00e3o ou escolher o CNPJ mais adequado para o seu momento.<\/p>\n","protected":false},"excerpt":{"rendered":"<p>Em 26 de novembro de 2025, o Presidente da Rep\u00fablica sancionou a Lei n\u00ba15.270, que amplia a faixa de isen\u00e7\u00e3o&#8230;<\/p>\n","protected":false},"author":120,"featured_media":40016,"comment_status":"open","ping_status":"closed","sticky":false,"template":"","format":"standard","meta":{"footnotes":""},"categories":[242],"tags":[],"cta-tags":[],"acf":[],"yoast_head":"<!-- This site is optimized with the Yoast SEO plugin v24.5 - https:\/\/yoast.com\/wordpress\/plugins\/seo\/ -->\n<title>Isen\u00e7\u00e3o do Imposto de Renda: o que muda para CLT e PF?<\/title>\n<meta name=\"description\" content=\"Profissionais CLT e demais Pessoas F\u00edsicas (PF) ser\u00e3o afetadas pela isen\u00e7\u00e3o do Imposto de Renda at\u00e9 5 mil. Veja a as mudan\u00e7as e como economizar em impostos!\" \/>\n<meta name=\"robots\" content=\"index, follow\" \/>\n<link rel=\"canonical\" href=\"https:\/\/www.contabilizei.com.br\/contabilidade-online\/isencao-imposto-de-renda-ate-5-mil-mudancas-para-clt-e-pf\/\" \/>\n<meta property=\"og:locale\" content=\"pt_BR\" \/>\n<meta property=\"og:type\" content=\"article\" \/>\n<meta property=\"og:title\" content=\"Isen\u00e7\u00e3o do Imposto de Renda: o que muda para CLT e PF?\" \/>\n<meta property=\"og:description\" content=\"Profissionais CLT e demais Pessoas F\u00edsicas (PF) ser\u00e3o afetadas pela isen\u00e7\u00e3o do Imposto de Renda at\u00e9 5 mil. Veja a as mudan\u00e7as e como economizar em impostos!\" \/>\n<meta property=\"og:url\" content=\"https:\/\/www.contabilizei.com.br\/contabilidade-online\/isencao-imposto-de-renda-ate-5-mil-mudancas-para-clt-e-pf\/\" \/>\n<meta property=\"og:site_name\" content=\"Blog da Contabilizei\" \/>\n<meta property=\"article:publisher\" content=\"https:\/\/www.facebook.com\/Contabilizei\/\" \/>\n<meta property=\"article:author\" content=\"https:\/\/www.facebook.com\/Contabilizei\/\" \/>\n<meta property=\"article:published_time\" content=\"2025-12-01T15:22:35+00:00\" \/>\n<meta property=\"article:modified_time\" content=\"2026-04-14T20:02:07+00:00\" \/>\n<meta property=\"og:image\" content=\"https:\/\/www.contabilizei.com.br\/contabilidade-online\/wp-content\/uploads\/2025\/12\/isencao-imposto-de-renda-ate-5-mil-impacto-CLT-e-PF.png?wsr\" \/>\n\t<meta property=\"og:image:width\" content=\"1270\" \/>\n\t<meta property=\"og:image:height\" content=\"720\" \/>\n\t<meta property=\"og:image:type\" content=\"image\/png\" \/>\n<meta name=\"author\" content=\"Charles Gularte\" \/>\n<meta name=\"twitter:card\" content=\"summary_large_image\" \/>\n<meta name=\"twitter:creator\" content=\"@contabilizei\" \/>\n<meta name=\"twitter:site\" content=\"@contabilizei\" \/>\n<meta name=\"twitter:label1\" content=\"Escrito por\" \/>\n\t<meta name=\"twitter:data1\" content=\"Charles Gularte\" \/>\n\t<meta name=\"twitter:label2\" content=\"Est. tempo de leitura\" \/>\n\t<meta name=\"twitter:data2\" content=\"12 minutos\" \/>\n<!-- \/ Yoast SEO plugin. -->","yoast_head_json":{"title":"Isen\u00e7\u00e3o do Imposto de Renda: o que muda para CLT e PF?","description":"Profissionais CLT e demais Pessoas F\u00edsicas (PF) ser\u00e3o afetadas pela isen\u00e7\u00e3o do Imposto de Renda at\u00e9 5 mil. Veja a as mudan\u00e7as e como economizar em impostos!","robots":{"index":"index","follow":"follow"},"canonical":"https:\/\/www.contabilizei.com.br\/contabilidade-online\/isencao-imposto-de-renda-ate-5-mil-mudancas-para-clt-e-pf\/","og_locale":"pt_BR","og_type":"article","og_title":"Isen\u00e7\u00e3o do Imposto de Renda: o que muda para CLT e PF?","og_description":"Profissionais CLT e demais Pessoas F\u00edsicas (PF) ser\u00e3o afetadas pela isen\u00e7\u00e3o do Imposto de Renda at\u00e9 5 mil. Veja a as mudan\u00e7as e como economizar em impostos!","og_url":"https:\/\/www.contabilizei.com.br\/contabilidade-online\/isencao-imposto-de-renda-ate-5-mil-mudancas-para-clt-e-pf\/","og_site_name":"Blog da Contabilizei","article_publisher":"https:\/\/www.facebook.com\/Contabilizei\/","article_author":"https:\/\/www.facebook.com\/Contabilizei\/","article_published_time":"2025-12-01T15:22:35+00:00","article_modified_time":"2026-04-14T20:02:07+00:00","og_image":[{"width":1270,"height":720,"url":"https:\/\/www.contabilizei.com.br\/contabilidade-online\/wp-content\/uploads\/2025\/12\/isencao-imposto-de-renda-ate-5-mil-impacto-CLT-e-PF.png?wsr","type":"image\/png"}],"author":"Charles Gularte","twitter_card":"summary_large_image","twitter_creator":"@contabilizei","twitter_site":"@contabilizei","twitter_misc":{"Escrito por":"Charles Gularte","Est. tempo de leitura":"12 minutos"},"schema":{"@context":"https:\/\/schema.org","@graph":[{"@type":"Article","@id":"https:\/\/www.contabilizei.com.br\/contabilidade-online\/isencao-imposto-de-renda-ate-5-mil-mudancas-para-clt-e-pf\/#article","isPartOf":{"@id":"https:\/\/www.contabilizei.com.br\/contabilidade-online\/isencao-imposto-de-renda-ate-5-mil-mudancas-para-clt-e-pf\/"},"author":{"name":"Charles Gularte","@id":"https:\/\/www.contabilizei.com.br\/contabilidade-online\/#\/schema\/person\/a7161c59bbb8d0c2aaa5639b246b6ccb"},"headline":"Isen\u00e7\u00e3o do Imposto de Renda at\u00e9 5 mil: o que muda para o profissional CLT e demais pessoas f\u00edsicas?","datePublished":"2025-12-01T15:22:35+00:00","dateModified":"2026-04-14T20:02:07+00:00","mainEntityOfPage":{"@id":"https:\/\/www.contabilizei.com.br\/contabilidade-online\/isencao-imposto-de-renda-ate-5-mil-mudancas-para-clt-e-pf\/"},"wordCount":2325,"commentCount":0,"publisher":{"@id":"https:\/\/www.contabilizei.com.br\/contabilidade-online\/#organization"},"image":{"@id":"https:\/\/www.contabilizei.com.br\/contabilidade-online\/isencao-imposto-de-renda-ate-5-mil-mudancas-para-clt-e-pf\/#primaryimage"},"thumbnailUrl":"https:\/\/www.contabilizei.com.br\/contabilidade-online\/wp-content\/uploads\/2025\/12\/isencao-imposto-de-renda-ate-5-mil-impacto-CLT-e-PF.png?wsr","articleSection":["Tributa\u00e7\u00e3o"],"inLanguage":"pt-BR","potentialAction":[{"@type":"CommentAction","name":"Comment","target":["https:\/\/www.contabilizei.com.br\/contabilidade-online\/isencao-imposto-de-renda-ate-5-mil-mudancas-para-clt-e-pf\/#respond"]}]},{"@type":"WebPage","@id":"https:\/\/www.contabilizei.com.br\/contabilidade-online\/isencao-imposto-de-renda-ate-5-mil-mudancas-para-clt-e-pf\/","url":"https:\/\/www.contabilizei.com.br\/contabilidade-online\/isencao-imposto-de-renda-ate-5-mil-mudancas-para-clt-e-pf\/","name":"Isen\u00e7\u00e3o do Imposto de Renda: o que muda para CLT e PF?","isPartOf":{"@id":"https:\/\/www.contabilizei.com.br\/contabilidade-online\/#website"},"primaryImageOfPage":{"@id":"https:\/\/www.contabilizei.com.br\/contabilidade-online\/isencao-imposto-de-renda-ate-5-mil-mudancas-para-clt-e-pf\/#primaryimage"},"image":{"@id":"https:\/\/www.contabilizei.com.br\/contabilidade-online\/isencao-imposto-de-renda-ate-5-mil-mudancas-para-clt-e-pf\/#primaryimage"},"thumbnailUrl":"https:\/\/www.contabilizei.com.br\/contabilidade-online\/wp-content\/uploads\/2025\/12\/isencao-imposto-de-renda-ate-5-mil-impacto-CLT-e-PF.png?wsr","datePublished":"2025-12-01T15:22:35+00:00","dateModified":"2026-04-14T20:02:07+00:00","description":"Profissionais CLT e demais Pessoas F\u00edsicas (PF) ser\u00e3o afetadas pela isen\u00e7\u00e3o do Imposto de Renda at\u00e9 5 mil. Veja a as mudan\u00e7as e como economizar em impostos!","breadcrumb":{"@id":"https:\/\/www.contabilizei.com.br\/contabilidade-online\/isencao-imposto-de-renda-ate-5-mil-mudancas-para-clt-e-pf\/#breadcrumb"},"inLanguage":"pt-BR","potentialAction":[{"@type":"ReadAction","target":["https:\/\/www.contabilizei.com.br\/contabilidade-online\/isencao-imposto-de-renda-ate-5-mil-mudancas-para-clt-e-pf\/"]}]},{"@type":"ImageObject","inLanguage":"pt-BR","@id":"https:\/\/www.contabilizei.com.br\/contabilidade-online\/isencao-imposto-de-renda-ate-5-mil-mudancas-para-clt-e-pf\/#primaryimage","url":"https:\/\/www.contabilizei.com.br\/contabilidade-online\/wp-content\/uploads\/2025\/12\/isencao-imposto-de-renda-ate-5-mil-impacto-CLT-e-PF.png?wsr","contentUrl":"https:\/\/www.contabilizei.com.br\/contabilidade-online\/wp-content\/uploads\/2025\/12\/isencao-imposto-de-renda-ate-5-mil-impacto-CLT-e-PF.png?wsr","width":1270,"height":720},{"@type":"BreadcrumbList","@id":"https:\/\/www.contabilizei.com.br\/contabilidade-online\/isencao-imposto-de-renda-ate-5-mil-mudancas-para-clt-e-pf\/#breadcrumb","itemListElement":[{"@type":"ListItem","position":1,"name":"Home","item":"https:\/\/www.contabilizei.com.br\/contabilidade-online\/"},{"@type":"ListItem","position":2,"name":"Tributa\u00e7\u00e3o","item":"https:\/\/www.contabilizei.com.br\/contabilidade-online\/tudo-sobre-tributacao\/"},{"@type":"ListItem","position":3,"name":"Isen\u00e7\u00e3o do Imposto de Renda at\u00e9 5 mil: o que muda para o profissional CLT e demais pessoas f\u00edsicas?"}]},{"@type":"WebSite","@id":"https:\/\/www.contabilizei.com.br\/contabilidade-online\/#website","url":"https:\/\/www.contabilizei.com.br\/contabilidade-online\/","name":"Blog da Contabilizei","description":"Apoiando o empreendedorismo desde 2013","publisher":{"@id":"https:\/\/www.contabilizei.com.br\/contabilidade-online\/#organization"},"potentialAction":[{"@type":"SearchAction","target":{"@type":"EntryPoint","urlTemplate":"https:\/\/www.contabilizei.com.br\/contabilidade-online\/?s={search_term_string}"},"query-input":{"@type":"PropertyValueSpecification","valueRequired":true,"valueName":"search_term_string"}}],"inLanguage":"pt-BR"},{"@type":"Organization","@id":"https:\/\/www.contabilizei.com.br\/contabilidade-online\/#organization","name":"Contabilizei Contabilidade","url":"https:\/\/www.contabilizei.com.br\/contabilidade-online\/","logo":{"@type":"ImageObject","inLanguage":"pt-BR","@id":"https:\/\/www.contabilizei.com.br\/contabilidade-online\/#\/schema\/logo\/image\/","url":"","contentUrl":"","caption":"Contabilizei Contabilidade"},"image":{"@id":"https:\/\/www.contabilizei.com.br\/contabilidade-online\/#\/schema\/logo\/image\/"},"sameAs":["https:\/\/www.facebook.com\/Contabilizei\/","https:\/\/x.com\/contabilizei","https:\/\/www.instagram.com\/contabilizei\/","https:\/\/www.linkedin.com\/company\/contabilizei\/","https:\/\/www.youtube.com\/channel\/UCNAlIbSjWxrDLDllQUug8dA","https:\/\/pt.wikipedia.org\/wiki\/Contabilizei"]},{"@type":"Person","@id":"https:\/\/www.contabilizei.com.br\/contabilidade-online\/#\/schema\/person\/a7161c59bbb8d0c2aaa5639b246b6ccb","name":"Charles Gularte","image":{"@type":"ImageObject","inLanguage":"pt-BR","@id":"https:\/\/www.contabilizei.com.br\/contabilidade-online\/#\/schema\/person\/image\/","url":"https:\/\/secure.gravatar.com\/avatar\/b922f18ccf5954cb1804eedf01131f87?s=96&d=mm&r=g","contentUrl":"https:\/\/secure.gravatar.com\/avatar\/b922f18ccf5954cb1804eedf01131f87?s=96&d=mm&r=g","caption":"Charles Gularte"},"description":"Contador t\u00e9cnico e respons\u00e1vel na Contabilizei desde 2015. Charles Gularte \u00e9 s\u00f3cio-diretor de contabilidade e rela\u00e7\u00f5es institucionais, respons\u00e1vel t\u00e9cnico da empresa e contador h\u00e1 mais de 20 anos (CRC PR-045113\/O-7). Atualmente \u00e9 l\u00edder do maior time de contadores certificados do Brasil, onde garante um modelo operacional escal\u00e1vel e sustent\u00e1vel, que entrega servi\u00e7o, atendimento e suporte com excel\u00eancia a mais de 100 mil micros e pequenos empreendedores. Formado em Ci\u00eancias Cont\u00e1beis pela FAE Centro Universit\u00e1rio e com MBA em Gest\u00e3o Empresarial, Administra\u00e7\u00e3o e Neg\u00f3cios pela FGV, iniciou a carreira em um escrit\u00f3rio de contabilidade e seguiu para o mundo corporativo, onde \u00e9 refer\u00eancia profissional quando se trata de uma rotina cont\u00e1bil segura, transparente e confi\u00e1vel no pa\u00eds.","sameAs":["https:\/\/www.facebook.com\/Contabilizei\/","https:\/\/www.instagram.com\/contabilizei\/","https:\/\/www.linkedin.com\/in\/charlesgularte\/","https:\/\/www.youtube.com\/channel\/UCNAlIbSjWxrDLDllQUug8dA"],"url":"https:\/\/www.contabilizei.com.br\/contabilidade-online\/autor\/charles-gularte\/"}]}},"_links":{"self":[{"href":"https:\/\/www.contabilizei.com.br\/contabilidade-online\/wp-json\/wp\/v2\/posts\/40015"}],"collection":[{"href":"https:\/\/www.contabilizei.com.br\/contabilidade-online\/wp-json\/wp\/v2\/posts"}],"about":[{"href":"https:\/\/www.contabilizei.com.br\/contabilidade-online\/wp-json\/wp\/v2\/types\/post"}],"author":[{"embeddable":true,"href":"https:\/\/www.contabilizei.com.br\/contabilidade-online\/wp-json\/wp\/v2\/users\/120"}],"replies":[{"embeddable":true,"href":"https:\/\/www.contabilizei.com.br\/contabilidade-online\/wp-json\/wp\/v2\/comments?post=40015"}],"version-history":[{"count":0,"href":"https:\/\/www.contabilizei.com.br\/contabilidade-online\/wp-json\/wp\/v2\/posts\/40015\/revisions"}],"wp:featuredmedia":[{"embeddable":true,"href":"https:\/\/www.contabilizei.com.br\/contabilidade-online\/wp-json\/wp\/v2\/media\/40016"}],"wp:attachment":[{"href":"https:\/\/www.contabilizei.com.br\/contabilidade-online\/wp-json\/wp\/v2\/media?parent=40015"}],"wp:term":[{"taxonomy":"category","embeddable":true,"href":"https:\/\/www.contabilizei.com.br\/contabilidade-online\/wp-json\/wp\/v2\/categories?post=40015"},{"taxonomy":"post_tag","embeddable":true,"href":"https:\/\/www.contabilizei.com.br\/contabilidade-online\/wp-json\/wp\/v2\/tags?post=40015"},{"taxonomy":"cta-tags","embeddable":true,"href":"https:\/\/www.contabilizei.com.br\/contabilidade-online\/wp-json\/wp\/v2\/cta-tags?post=40015"}],"curies":[{"name":"wp","href":"https:\/\/api.w.org\/{rel}","templated":true}]}}