{"id":37666,"date":"2024-11-13T11:40:42","date_gmt":"2024-11-13T14:40:42","guid":{"rendered":"https:\/\/www.contabilizei.com.br\/contabilidade-online\/?p=37666"},"modified":"2025-11-18T15:23:56","modified_gmt":"2025-11-18T18:23:56","slug":"ferias-coletivas","status":"publish","type":"post","link":"https:\/\/www.contabilizei.com.br\/contabilidade-online\/ferias-coletivas\/","title":{"rendered":"F\u00e9rias coletivas nas empresas: o que s\u00e3o, como funcionam e valor a ser pago"},"content":{"rendered":"\n<p>Por defini\u00e7\u00e3o, <strong>as f\u00e9rias coletivas s\u00e3o um per\u00edodo determinado em que toda uma empresa ou ao menos um setor inteiro dela concede f\u00e9rias simultaneamente a todos os seus funcion\u00e1rios.<\/strong> A empresa, portanto, n\u00e3o pode escolher quais funcion\u00e1rios saem de f\u00e9rias coletivas, dado que \u00e9 uma iniciativa que afeta toda a empresa ou, ao menos, um departamento espec\u00edfico.&nbsp;<\/p>\n\n\n\n<p>As f\u00e9rias coletivas s\u00e3o uma estrat\u00e9gia utilizada pelas empresas em momentos de baixa demanda a fim de otimizar os custos operacionais, ou ainda para reformas da estrutura f\u00edsica, manuten\u00e7\u00e3o de equipamentos, recesso em datas comemorativas, etc.&nbsp;<\/p>\n\n\n\n<p>As f\u00e9rias coletivas s\u00e3o diferentes do recesso por dois motivos: 1) no recesso, a empresa pode escolher quais funcion\u00e1rios saem, 2) o recesso n\u00e3o \u00e9 descontado do saldo de f\u00e9rias do colaborador.&nbsp;<\/p>\n\n\n\n<p>Abaixo, entenda mais com os especialistas da Contabilizei e saiba como funcionam as f\u00e9rias coletivas, o quanto a empresa deve pagar neste per\u00edodo, como preparar o caixa da empresa e mais.&nbsp;<\/p>\n\n\n\n<h2 class=\"wp-block-heading\" class=\"wp-block-heading\" id=\"ferias-coletivas-como-funciona\">F\u00e9rias coletivas: como funciona?<\/h2>\n\n\n\n<p>De acordo com a Consolida\u00e7\u00e3o das Leis do Trabalho (CLT), <strong>as f\u00e9rias coletivas podem ser concedidas desde que a empresa comunique previamente o sindicato da categoria e o \u00f3rg\u00e3o local do Minist\u00e9rio do Trabalho<\/strong> (atualmente realizado via sistema eletr\u00f4nico SIRE ou protocolo digital). Al\u00e9m disso, <strong>\u00e9 necess\u00e1rio informar os funcion\u00e1rios com anteced\u00eancia m\u00ednima.<\/strong><\/p>\n\n\n\n<p>A <strong>empresa \u00e9 obrigada a informar os colaboradores 15 dias antes do in\u00edcio <\/strong>das <a href=\"https:\/\/www.pontotel.com.br\/ferias\/\">f\u00e9rias<\/a>, assim como os sindicatos das categorias profissionais e o Minist\u00e9rio do Trabalho.&nbsp;<\/p>\n\n\n\n<p>Para comunicar os funcion\u00e1rios, \u00e9 poss\u00edvel utilizar dois m\u00e9todos: fixar um aviso em linguagem clara em um local acess\u00edvel ou via e-mail. \u00c9 importante que a empresa tenha documentado essa comunica\u00e7\u00e3o para eventuais consultas.&nbsp;<\/p>\n\n\n\n<p>Tamb\u00e9m \u00e9 necess\u00e1rio que a rotina administrativa seja cumprida como nas f\u00e9rias individuais. Neste caso, a empresa deve anotar o per\u00edodo na carteira de trabalho (f\u00edsica ou digital) dos colaboradores e enviar as informa\u00e7\u00f5es correspondentes ao eSocial, garantindo o recolhimento dos encargos.<\/p>\n\n\n\n<p>O pagamento das f\u00e9rias deve ser realizado at\u00e9 dois dias antes da data de in\u00edcio, como tamb\u00e9m \u00e9 regulamentado para as f\u00e9rias individuais.&nbsp;<\/p>\n\n\n\n<p>Por fim, todos os funcion\u00e1rios em f\u00e9rias coletivas devem sair e retornar no mesmo dia, n\u00e3o sendo poss\u00edvel negocia\u00e7\u00f5es. Caso o funcion\u00e1rio deseje estender as f\u00e9rias, o per\u00edodo deve ser descontado do seu saldo de f\u00e9rias individual, caso possua.&nbsp;<\/p><div id=\"conta-1650351955\" class=\"cta-bulk ga-cta-imagem-conteudo conta-cont-6p-cta-bulk conta-entity-placement\" style=\"margin-top: 30px;margin-bottom: 30px;\"><a href=\"https:\/\/www.contabilizei.com.br\/abrir-empresa\/\" aria-label=\"01\"><img loading=\"lazy\" decoding=\"async\" src=\"https:\/\/www.contabilizei.com.br\/contabilidade-online\/wp-content\/uploads\/2021\/07\/01.jpg?wsr\" alt=\"\"  srcset=\"https:\/\/www.contabilizei.com.br\/contabilidade-online\/wp-content\/uploads\/2021\/07\/01.jpg 615w, https:\/\/www.contabilizei.com.br\/contabilidade-online\/wp-content\/uploads\/2021\/07\/01-300x146.jpg 300w\" sizes=\"(max-width: 615px) 100vw, 615px\" width=\"615\" height=\"300\"  style=\"display: inline-block;\" \/><\/a><\/div>\n\n\n\n<h2 class=\"wp-block-heading\" class=\"wp-block-heading\" id=\"as-ferias-coletivas-sao-pagas\">As f\u00e9rias coletivas s\u00e3o pagas?<\/h2>\n\n\n\n<p><strong>Sim. O per\u00edodo de f\u00e9rias coletivas garante o mesmo direito das f\u00e9rias individuais, ou seja, o pagamento proporcional das f\u00e9rias com o adicional de um ter\u00e7o<\/strong>. Aqui, \u00e9 importante refor\u00e7ar que o pagamento desse valor deve ser feito pela empresa at\u00e9 dois dias antes do in\u00edcio das f\u00e9rias coletivas, e n\u00e3o na data de pagamento do <a href=\"https:\/\/www.contabilizei.com.br\/calculadora-salario-liquido\/\" target=\"_blank\" rel=\"noreferrer noopener\">sal\u00e1rio l\u00edquido<\/a> mensal.<\/p>\n\n\n\n<p><em>Trabalha como PJ e gostaria de sair de f\u00e9rias? Saiba como incluir o descanso remunerado no seu sal\u00e1rio por meio da <\/em><a href=\"https:\/\/www.contabilizei.com.br\/calculadora-clt-pj\/\" target=\"_blank\" rel=\"noreferrer noopener\"><em>calculadora CLT x PJ<\/em><\/a><em>.&nbsp;<\/em><\/p>\n\n\n\n<h2 class=\"wp-block-heading\" class=\"wp-block-heading\" id=\"ferias-coletivas-qual-o-minimo-de-dias-recomendado\">F\u00e9rias coletivas: qual o m\u00ednimo de dias recomendado?<\/h2>\n\n\n\n<p>As f\u00e9rias coletivas podem ser concedidas em<strong> dois per\u00edodos anuais, desde que nenhum deles seja inferior a 10 dias corridos<\/strong>, mas n\u00e3o h\u00e1 um m\u00e1ximo de dias estabelecido. Ou seja, se a empresa optar por n\u00e3o conceder os 30 dias de uma s\u00f3 vez, cada per\u00edodo de f\u00e9rias coletivas deve ter no m\u00ednimo 10 dias.<\/p>\n\n\n\n<h2 class=\"wp-block-heading\" class=\"wp-block-heading\" id=\"o-funcionario-e-obrigado-a-aceitar-as-ferias-coletivas\">O funcion\u00e1rio \u00e9 obrigado a aceitar as f\u00e9rias coletivas?<\/h2>\n\n\n\n<p><strong>Sim, no Brasil, o funcion\u00e1rio \u00e9 obrigado a aceitar as f\u00e9rias coletivas quando a empresa decide conced\u00ea-las.<\/strong> A possibilidade de a empresa determinar f\u00e9rias coletivas est\u00e1 prevista na Consolida\u00e7\u00e3o das Leis do Trabalho (CLT), e o empregado n\u00e3o tem o direito de recusar, desde que sejam cumpridas todas as exig\u00eancias legais por parte da empresa.<\/p>\n\n\n\n<p><em>E em outro cen\u00e1rio, <\/em><a href=\"https:\/\/www.contabilizei.com.br\/contabilizei-responde\/empresa-e-obrigada-a-comprar-ferias\/\" target=\"_blank\" rel=\"noreferrer noopener\"><em>a empresa \u00e9 obrigada a comprar f\u00e9rias<\/em><\/a><em>? Entenda mais no artigo.&nbsp;<\/em><\/p>\n\n\n\n<h2 class=\"wp-block-heading\" class=\"wp-block-heading\" id=\"as-ferias-coletivas-sao-descontadas-das-ferias-individuais\">As f\u00e9rias coletivas s\u00e3o descontadas das f\u00e9rias individuais?<\/h2>\n\n\n\n<p><strong>Sim. O per\u00edodo de f\u00e9rias coletivas \u00e9 descontado do saldo de f\u00e9rias dos funcion\u00e1rios. <\/strong>Assim, se as f\u00e9rias coletivas s\u00e3o, por exemplo, de 15 dias, resta para o funcion\u00e1rio mais 15 dias de <a href=\"https:\/\/www.pontotel.com.br\/ferias\/\">f\u00e9rias individuais<\/a>. Lembrando que, pela CLT, as f\u00e9rias s\u00e3o contadas em dias corridos, incluindo o final de semana.\u00a0<\/p>\n\n\n\n<p>Para tirar as f\u00e9rias individuais, o colaborador deve entrar em acordo com sua gest\u00e3o e combinar o restante dos dias na melhor data.<\/p>\n\n\n\n<p>Entenda mais sobre os <a href=\"https:\/\/www.contabilizei.com.br\/contabilidade-online\/beneficios-carteira-assinada\/\" target=\"_blank\" rel=\"noreferrer noopener\">benef\u00edcios da CLT<\/a>.<\/p>\n\n\n\n<h2 class=\"wp-block-heading\" class=\"wp-block-heading\" id=\"quem-pode-sair-de-ferias-coletivas\">Quem pode sair de f\u00e9rias coletivas?<\/h2>\n\n\n\n<p><strong>Todos os funcion\u00e1rios, excluindo quem est\u00e1 em licen\u00e7a-maternidade, aux\u00edlio-doen\u00e7a ou licen\u00e7a remunerada.&nbsp;<\/strong><\/p>\n\n\n\n<p>Com a <strong>Reforma Trabalhista<\/strong> aprovada em 2017, a nova lei trabalhista estabelece que funcion\u00e1rios menores de 18 anos e maiores de 50 anos passaram a poder participar do fracionamento das f\u00e9rias, garantindo ao colaborador <strong>at\u00e9 tr\u00eas per\u00edodos para as f\u00e9rias<\/strong>, desde que acordo com a sua gest\u00e3o.&nbsp;<\/p>\n\n\n\n<p>Assim, ficou mais f\u00e1cil para as empresas conceder as f\u00e9rias coletivas nestes cen\u00e1rios.&nbsp;<\/p>\n\n\n\n<h2 class=\"wp-block-heading\" class=\"wp-block-heading\" id=\"como-ficam-as-ferias-coletivas-para-funcionarios-com-menos-de-um-ano-de-empresa\">Como ficam as f\u00e9rias coletivas para funcion\u00e1rios com menos de um ano de empresa?<\/h2>\n\n\n\n<p><strong>Os funcion\u00e1rios com menos de um ano de empresa tamb\u00e9m devem sair de f\u00e9rias coletivas quando a empresa opta por essa modalidade.&nbsp;<\/strong><\/p>\n\n\n\n<p>Como ainda n\u00e3o completaram o per\u00edodo aquisitivo de 12 meses, que lhes daria direito a 30 dias de f\u00e9rias, o que muda \u00e9 o pagamento que deve ser feito proporcional ao per\u00edodo de f\u00e9rias a que ele tem direito.&nbsp;<\/p>\n\n\n\n<p>Isso significa que eles receber\u00e3o f\u00e9rias equivalentes ao tempo que j\u00e1 trabalharam na empresa. Por exemplo, se um empregado trabalhou por 6 meses, ele teria direito a metade do per\u00edodo integral de f\u00e9rias, ou seja, 15 dias.<\/p>\n\n\n\n<p><strong>O restante dos dias dever\u00e1 ser dado como licen\u00e7a remunerada<\/strong>, dado que n\u00e3o pode haver preju\u00edzo financeiro por parte do funcion\u00e1rio.&nbsp;<\/p>\n\n\n\n<p>Outro ponto a ser considerado \u00e9 que, como houve uma antecipa\u00e7\u00e3o de f\u00e9rias, ser\u00e1 iniciada uma nova contagem do per\u00edodo de aquisi\u00e7\u00e3o ap\u00f3s o retorno do colaborador. Assim, ap\u00f3s o t\u00e9rmino das f\u00e9rias coletivas, come\u00e7a um novo ciclo de 12 meses para que o empregado tenha direito \u00e0s pr\u00f3ximas f\u00e9rias.<\/p>\n\n\n\n<h2 class=\"wp-block-heading\" class=\"wp-block-heading\" id=\"qual-o-artigo-da-lei-que-regulamenta-as-ferias-coletivas\">Qual o artigo da lei que regulamenta as f\u00e9rias coletivas?<\/h2>\n\n\n\n<p><strong>As f\u00e9rias coletivas s\u00e3o regulamentadas pela Consolida\u00e7\u00e3o das Leis do Trabalho (CLT), especificamente nos artigos 139 a 141.<\/strong> Nos artigos fica estabelecido a obriga\u00e7\u00e3o da empresa comunicar seus funcion\u00e1rios sobre o per\u00edodo, mas que n\u00e3o \u00e9 necess\u00e1rio realizar uma consulta pr\u00e9via junto aos funcion\u00e1rios, apenas avis\u00e1-los com anteced\u00eancia.&nbsp;<\/p>\n\n\n\n<h2 class=\"wp-block-heading\" class=\"wp-block-heading\" id=\"como-preparar-o-caixa-da-empresa-para-o-pagamento-das-ferias\">Como preparar o caixa da empresa para o pagamento das f\u00e9rias?<\/h2>\n\n\n\n<p>A primeira dica \u00e9 incluir no or\u00e7amento anual uma previs\u00e3o para o pagamento das <a href=\"https:\/\/www.pontotel.com.br\/ferias\/\">f\u00e9rias<\/a>, considere tanto as f\u00e9rias individuais quanto as coletivas. Al\u00e9m disso, fa\u00e7a uma provis\u00e3o mensal para as f\u00e9rias, reservando uma parte do sal\u00e1rio mensalmente para cada funcion\u00e1rio, criando um fundo espec\u00edfico destinado a esse fim.<\/p>\n\n\n\n<p>Para facilitar esse processo, uma<a href=\"https:\/\/www.contabilizei.com.br\/contabilidade-online\/planilha-excel-de-controle-financeiro\/\" target=\"_blank\" rel=\"noreferrer noopener\"> planilha de controle financeiro<\/a> pode te ajudar. Baixe gratuitamente esse modelo disponibilizado pela Contabilizei e saiba como usar assistindo esse v\u00eddeo aqui:<\/p>\n\n\n\n<figure class=\"wp-block-embed is-type-video is-provider-youtube wp-block-embed-youtube wp-embed-aspect-16-9 wp-has-aspect-ratio\"><div class=\"wp-block-embed__wrapper\">\n<iframe loading=\"lazy\" title=\"Controle financeiro: Como fazer a gest\u00e3o financeira de uma pequena empresa\" width=\"640\" height=\"360\" src=\"https:\/\/www.youtube.com\/embed\/2DyKdVeMPu8?feature=oembed\" frameborder=\"0\" allow=\"accelerometer; autoplay; clipboard-write; encrypted-media; gyroscope; picture-in-picture; web-share\" referrerpolicy=\"strict-origin-when-cross-origin\" allowfullscreen><\/iframe>\n<\/div><\/figure>\n\n\n\n<p>Conte com uma contabilidade que te forne\u00e7a suporte especializado e facilite a gest\u00e3o da folha de pagamento. A Contabilizei \u00e9 escolhida por mais de 100 mil empresas e \u00e9 l\u00edder em abertura de empresas e gest\u00e3o de CNPJs. Fale com um de nossos especialistas e saiba como podemos te ajudar.<\/p>\n","protected":false},"excerpt":{"rendered":"<p>Por defini\u00e7\u00e3o, as f\u00e9rias coletivas s\u00e3o um per\u00edodo determinado em que toda uma empresa ou ao menos um setor inteiro&#8230;<\/p>\n","protected":false},"author":120,"featured_media":37668,"comment_status":"open","ping_status":"closed","sticky":false,"template":"","format":"standard","meta":{"footnotes":""},"categories":[257],"tags":[],"cta-tags":[],"acf":[],"yoast_head":"<!-- This site is optimized with the Yoast SEO plugin v24.5 - https:\/\/yoast.com\/wordpress\/plugins\/seo\/ -->\n<title>F\u00e9rias coletivas nas empresas: o que s\u00e3o, como funcionam e valor a ser pago | Blog da Contabilizei<\/title>\n<meta name=\"description\" content=\"Saiba o que s\u00e3o f\u00e9rias coletivas, quem tem direito, o que diz a legisla\u00e7\u00e3o, como funciona e quanto pagar.\" \/>\n<meta name=\"robots\" content=\"index, follow\" \/>\n<link rel=\"canonical\" href=\"https:\/\/www.contabilizei.com.br\/contabilidade-online\/ferias-coletivas\/\" \/>\n<meta property=\"og:locale\" content=\"pt_BR\" \/>\n<meta property=\"og:type\" content=\"article\" \/>\n<meta property=\"og:title\" content=\"F\u00e9rias coletivas nas empresas: o que s\u00e3o, como funcionam e valor a ser pago | Blog da Contabilizei\" \/>\n<meta property=\"og:description\" content=\"Saiba o que s\u00e3o f\u00e9rias coletivas, quem tem direito, o que diz a legisla\u00e7\u00e3o, como funciona e quanto pagar.\" \/>\n<meta property=\"og:url\" content=\"https:\/\/www.contabilizei.com.br\/contabilidade-online\/ferias-coletivas\/\" \/>\n<meta property=\"og:site_name\" content=\"Blog da Contabilizei\" \/>\n<meta property=\"article:publisher\" content=\"https:\/\/www.facebook.com\/Contabilizei\/\" \/>\n<meta property=\"article:author\" content=\"https:\/\/www.facebook.com\/Contabilizei\/\" \/>\n<meta property=\"article:published_time\" content=\"2024-11-13T14:40:42+00:00\" \/>\n<meta property=\"article:modified_time\" content=\"2025-11-18T18:23:56+00:00\" \/>\n<meta property=\"og:image\" content=\"https:\/\/www.contabilizei.com.br\/contabilidade-online\/wp-content\/uploads\/2024\/11\/1-1.webp\" \/>\n\t<meta property=\"og:image:width\" content=\"1200\" \/>\n\t<meta property=\"og:image:height\" content=\"750\" \/>\n\t<meta property=\"og:image:type\" content=\"image\/webp\" \/>\n<meta name=\"author\" content=\"Charles Gularte\" \/>\n<meta name=\"twitter:card\" content=\"summary_large_image\" \/>\n<meta name=\"twitter:creator\" content=\"@contabilizei\" \/>\n<meta name=\"twitter:site\" content=\"@contabilizei\" \/>\n<meta name=\"twitter:label1\" content=\"Escrito por\" \/>\n\t<meta name=\"twitter:data1\" content=\"Charles Gularte\" \/>\n\t<meta name=\"twitter:label2\" content=\"Est. tempo de leitura\" \/>\n\t<meta name=\"twitter:data2\" content=\"7 minutos\" \/>\n<!-- \/ Yoast SEO plugin. -->","yoast_head_json":{"title":"F\u00e9rias coletivas nas empresas: o que s\u00e3o, como funcionam e valor a ser pago | Blog da Contabilizei","description":"Saiba o que s\u00e3o f\u00e9rias coletivas, quem tem direito, o que diz a legisla\u00e7\u00e3o, como funciona e quanto pagar.","robots":{"index":"index","follow":"follow"},"canonical":"https:\/\/www.contabilizei.com.br\/contabilidade-online\/ferias-coletivas\/","og_locale":"pt_BR","og_type":"article","og_title":"F\u00e9rias coletivas nas empresas: o que s\u00e3o, como funcionam e valor a ser pago | Blog da Contabilizei","og_description":"Saiba o que s\u00e3o f\u00e9rias coletivas, quem tem direito, o que diz a legisla\u00e7\u00e3o, como funciona e quanto pagar.","og_url":"https:\/\/www.contabilizei.com.br\/contabilidade-online\/ferias-coletivas\/","og_site_name":"Blog da Contabilizei","article_publisher":"https:\/\/www.facebook.com\/Contabilizei\/","article_author":"https:\/\/www.facebook.com\/Contabilizei\/","article_published_time":"2024-11-13T14:40:42+00:00","article_modified_time":"2025-11-18T18:23:56+00:00","og_image":[{"width":1200,"height":750,"url":"https:\/\/www.contabilizei.com.br\/contabilidade-online\/wp-content\/uploads\/2024\/11\/1-1.webp","type":"image\/webp"}],"author":"Charles Gularte","twitter_card":"summary_large_image","twitter_creator":"@contabilizei","twitter_site":"@contabilizei","twitter_misc":{"Escrito por":"Charles Gularte","Est. tempo de leitura":"7 minutos"},"schema":{"@context":"https:\/\/schema.org","@graph":[{"@type":"Article","@id":"https:\/\/www.contabilizei.com.br\/contabilidade-online\/ferias-coletivas\/#article","isPartOf":{"@id":"https:\/\/www.contabilizei.com.br\/contabilidade-online\/ferias-coletivas\/"},"author":{"name":"Charles Gularte","@id":"https:\/\/www.contabilizei.com.br\/contabilidade-online\/#\/schema\/person\/a7161c59bbb8d0c2aaa5639b246b6ccb"},"headline":"F\u00e9rias coletivas nas empresas: o que s\u00e3o, como funcionam e valor a ser pago","datePublished":"2024-11-13T14:40:42+00:00","dateModified":"2025-11-18T18:23:56+00:00","mainEntityOfPage":{"@id":"https:\/\/www.contabilizei.com.br\/contabilidade-online\/ferias-coletivas\/"},"wordCount":1350,"commentCount":0,"publisher":{"@id":"https:\/\/www.contabilizei.com.br\/contabilidade-online\/#organization"},"image":{"@id":"https:\/\/www.contabilizei.com.br\/contabilidade-online\/ferias-coletivas\/#primaryimage"},"thumbnailUrl":"https:\/\/www.contabilizei.com.br\/contabilidade-online\/wp-content\/uploads\/2024\/11\/1-1.webp?wsr","articleSection":["Recursos Humanos"],"inLanguage":"pt-BR","potentialAction":[{"@type":"CommentAction","name":"Comment","target":["https:\/\/www.contabilizei.com.br\/contabilidade-online\/ferias-coletivas\/#respond"]}]},{"@type":"WebPage","@id":"https:\/\/www.contabilizei.com.br\/contabilidade-online\/ferias-coletivas\/","url":"https:\/\/www.contabilizei.com.br\/contabilidade-online\/ferias-coletivas\/","name":"F\u00e9rias coletivas nas empresas: o que s\u00e3o, como funcionam e valor a ser pago | Blog da Contabilizei","isPartOf":{"@id":"https:\/\/www.contabilizei.com.br\/contabilidade-online\/#website"},"primaryImageOfPage":{"@id":"https:\/\/www.contabilizei.com.br\/contabilidade-online\/ferias-coletivas\/#primaryimage"},"image":{"@id":"https:\/\/www.contabilizei.com.br\/contabilidade-online\/ferias-coletivas\/#primaryimage"},"thumbnailUrl":"https:\/\/www.contabilizei.com.br\/contabilidade-online\/wp-content\/uploads\/2024\/11\/1-1.webp?wsr","datePublished":"2024-11-13T14:40:42+00:00","dateModified":"2025-11-18T18:23:56+00:00","description":"Saiba o que s\u00e3o f\u00e9rias coletivas, quem tem direito, o que diz a legisla\u00e7\u00e3o, como funciona e quanto pagar.","breadcrumb":{"@id":"https:\/\/www.contabilizei.com.br\/contabilidade-online\/ferias-coletivas\/#breadcrumb"},"inLanguage":"pt-BR","potentialAction":[{"@type":"ReadAction","target":["https:\/\/www.contabilizei.com.br\/contabilidade-online\/ferias-coletivas\/"]}]},{"@type":"ImageObject","inLanguage":"pt-BR","@id":"https:\/\/www.contabilizei.com.br\/contabilidade-online\/ferias-coletivas\/#primaryimage","url":"https:\/\/www.contabilizei.com.br\/contabilidade-online\/wp-content\/uploads\/2024\/11\/1-1.webp?wsr","contentUrl":"https:\/\/www.contabilizei.com.br\/contabilidade-online\/wp-content\/uploads\/2024\/11\/1-1.webp?wsr","width":1200,"height":750},{"@type":"BreadcrumbList","@id":"https:\/\/www.contabilizei.com.br\/contabilidade-online\/ferias-coletivas\/#breadcrumb","itemListElement":[{"@type":"ListItem","position":1,"name":"Home","item":"https:\/\/www.contabilizei.com.br\/contabilidade-online\/"},{"@type":"ListItem","position":2,"name":"Recursos Humanos","item":"https:\/\/www.contabilizei.com.br\/contabilidade-online\/recursos-humanos\/"},{"@type":"ListItem","position":3,"name":"F\u00e9rias coletivas nas empresas: o que s\u00e3o, como funcionam e valor a ser pago"}]},{"@type":"WebSite","@id":"https:\/\/www.contabilizei.com.br\/contabilidade-online\/#website","url":"https:\/\/www.contabilizei.com.br\/contabilidade-online\/","name":"Blog da Contabilizei","description":"Apoiando o empreendedorismo desde 2013","publisher":{"@id":"https:\/\/www.contabilizei.com.br\/contabilidade-online\/#organization"},"potentialAction":[{"@type":"SearchAction","target":{"@type":"EntryPoint","urlTemplate":"https:\/\/www.contabilizei.com.br\/contabilidade-online\/?s={search_term_string}"},"query-input":{"@type":"PropertyValueSpecification","valueRequired":true,"valueName":"search_term_string"}}],"inLanguage":"pt-BR"},{"@type":"Organization","@id":"https:\/\/www.contabilizei.com.br\/contabilidade-online\/#organization","name":"Contabilizei Contabilidade","url":"https:\/\/www.contabilizei.com.br\/contabilidade-online\/","logo":{"@type":"ImageObject","inLanguage":"pt-BR","@id":"https:\/\/www.contabilizei.com.br\/contabilidade-online\/#\/schema\/logo\/image\/","url":"","contentUrl":"","caption":"Contabilizei Contabilidade"},"image":{"@id":"https:\/\/www.contabilizei.com.br\/contabilidade-online\/#\/schema\/logo\/image\/"},"sameAs":["https:\/\/www.facebook.com\/Contabilizei\/","https:\/\/x.com\/contabilizei","https:\/\/www.instagram.com\/contabilizei\/","https:\/\/www.linkedin.com\/company\/contabilizei\/","https:\/\/www.youtube.com\/channel\/UCNAlIbSjWxrDLDllQUug8dA","https:\/\/pt.wikipedia.org\/wiki\/Contabilizei"]},{"@type":"Person","@id":"https:\/\/www.contabilizei.com.br\/contabilidade-online\/#\/schema\/person\/a7161c59bbb8d0c2aaa5639b246b6ccb","name":"Charles Gularte","image":{"@type":"ImageObject","inLanguage":"pt-BR","@id":"https:\/\/www.contabilizei.com.br\/contabilidade-online\/#\/schema\/person\/image\/","url":"https:\/\/secure.gravatar.com\/avatar\/b922f18ccf5954cb1804eedf01131f87?s=96&d=mm&r=g","contentUrl":"https:\/\/secure.gravatar.com\/avatar\/b922f18ccf5954cb1804eedf01131f87?s=96&d=mm&r=g","caption":"Charles Gularte"},"description":"Contador t\u00e9cnico e respons\u00e1vel na Contabilizei desde 2015. Charles Gularte \u00e9 s\u00f3cio-diretor de contabilidade e rela\u00e7\u00f5es institucionais, respons\u00e1vel t\u00e9cnico da empresa e contador h\u00e1 mais de 20 anos (CRC PR-045113\/O-7). Atualmente \u00e9 l\u00edder do maior time de contadores certificados do Brasil, onde garante um modelo operacional escal\u00e1vel e sustent\u00e1vel, que entrega servi\u00e7o, atendimento e suporte com excel\u00eancia a mais de 100 mil micros e pequenos empreendedores. Formado em Ci\u00eancias Cont\u00e1beis pela FAE Centro Universit\u00e1rio e com MBA em Gest\u00e3o Empresarial, Administra\u00e7\u00e3o e Neg\u00f3cios pela FGV, iniciou a carreira em um escrit\u00f3rio de contabilidade e seguiu para o mundo corporativo, onde \u00e9 refer\u00eancia profissional quando se trata de uma rotina cont\u00e1bil segura, transparente e confi\u00e1vel no pa\u00eds.","sameAs":["https:\/\/www.facebook.com\/Contabilizei\/","https:\/\/www.instagram.com\/contabilizei\/","https:\/\/www.linkedin.com\/in\/charlesgularte\/","https:\/\/www.youtube.com\/channel\/UCNAlIbSjWxrDLDllQUug8dA"],"url":"https:\/\/www.contabilizei.com.br\/contabilidade-online\/autor\/charles-gularte\/"}]}},"_links":{"self":[{"href":"https:\/\/www.contabilizei.com.br\/contabilidade-online\/wp-json\/wp\/v2\/posts\/37666"}],"collection":[{"href":"https:\/\/www.contabilizei.com.br\/contabilidade-online\/wp-json\/wp\/v2\/posts"}],"about":[{"href":"https:\/\/www.contabilizei.com.br\/contabilidade-online\/wp-json\/wp\/v2\/types\/post"}],"author":[{"embeddable":true,"href":"https:\/\/www.contabilizei.com.br\/contabilidade-online\/wp-json\/wp\/v2\/users\/120"}],"replies":[{"embeddable":true,"href":"https:\/\/www.contabilizei.com.br\/contabilidade-online\/wp-json\/wp\/v2\/comments?post=37666"}],"version-history":[{"count":0,"href":"https:\/\/www.contabilizei.com.br\/contabilidade-online\/wp-json\/wp\/v2\/posts\/37666\/revisions"}],"wp:featuredmedia":[{"embeddable":true,"href":"https:\/\/www.contabilizei.com.br\/contabilidade-online\/wp-json\/wp\/v2\/media\/37668"}],"wp:attachment":[{"href":"https:\/\/www.contabilizei.com.br\/contabilidade-online\/wp-json\/wp\/v2\/media?parent=37666"}],"wp:term":[{"taxonomy":"category","embeddable":true,"href":"https:\/\/www.contabilizei.com.br\/contabilidade-online\/wp-json\/wp\/v2\/categories?post=37666"},{"taxonomy":"post_tag","embeddable":true,"href":"https:\/\/www.contabilizei.com.br\/contabilidade-online\/wp-json\/wp\/v2\/tags?post=37666"},{"taxonomy":"cta-tags","embeddable":true,"href":"https:\/\/www.contabilizei.com.br\/contabilidade-online\/wp-json\/wp\/v2\/cta-tags?post=37666"}],"curies":[{"name":"wp","href":"https:\/\/api.w.org\/{rel}","templated":true}]}}