{"id":32579,"date":"2022-08-22T12:05:07","date_gmt":"2022-08-22T15:05:07","guid":{"rendered":"https:\/\/site-static-prd1.ctbz.com.br\/contabilidade-online\/?p=32579"},"modified":"2026-02-02T14:20:03","modified_gmt":"2026-02-02T17:20:03","slug":"mercado-de-ti","status":"publish","type":"post","link":"https:\/\/www.contabilizei.com.br\/contabilidade-online\/mercado-de-ti\/","title":{"rendered":"Como come\u00e7ar no mercado de TI: sal\u00e1rio e carreira"},"content":{"rendered":"\n<p>Uma das forma\u00e7\u00f5es mais cobi\u00e7adas dos \u00faltimos anos, a conclus\u00e3o da Faculdade de TI leva o profissional ao mesmo dilema que tantas outras forma\u00e7\u00f5es tamb\u00e9m carregam: <strong>como come\u00e7ar no Mercado de TI<\/strong>?<\/p>\n\n\n\n<p>&nbsp;\u00c9 sabido que a \u00e1rea proporciona boa remunera\u00e7\u00e3o, mas <a href=\"https:\/\/www.contabilizei.com.br\/contabilidade-online\/como-ganhar-dinheiro-com-programacao\/\" target=\"_blank\" rel=\"noreferrer noopener\">como ganhar dinheiro com programa\u00e7\u00e3o?<\/a> S\u00e3o as d\u00favidas que aparecem no momento de dar os primeiros passos na carreira &#8211; e estamos aqui para te ajudar com esses questionamentos.<\/p>\n\n\n\n<blockquote class=\"wp-block-quote is-layout-flow wp-block-quote-is-layout-flow\">\n<p><\/p>\n<cite>Saiba como receber dinheiro do exterior de forma f\u00e1cil e r\u00e1pida se voc\u00ea atua com clientes internacionais.<\/cite><\/blockquote>\n\n\n\n<p>Assim como diversos outros profissionais, em geral a forma\u00e7\u00e3o \u00e9 restrita \u00e0 \u00e1rea de atua\u00e7\u00e3o e pouco abrangente no que diz respeito a empreendedorismo ou mesmo a decis\u00f5es de carreira &#8211; e o formando fica indeciso quanto a esses pontos apesar de ser \u00f3timo profissional.<\/p>\n\n\n\n<p>N\u00e3o h\u00e1 d\u00favidas de que uma orienta\u00e7\u00e3o profissional pode ajudar a tomar decis\u00f5es, mas tamb\u00e9m \u00e9 preciso levar em conta que somos humanos e podemos, e devemos, viver com base em erros e acertos.&nbsp;<\/p>\n\n\n\n<p>Quer dizer, n\u00e3o d\u00e1 para achar que come\u00e7ando uma carreira em uma \u00e1rea da TI voc\u00ea estar\u00e1 acertando para sempre: no meio do caminho voc\u00ea pode identificar que n\u00e3o gosta daquilo ou o mundo pode mudar e voc\u00ea precisar voltar sua atua\u00e7\u00e3o para outro segmento &#8211; a vida \u00e9 din\u00e2mica.<\/p>\n\n\n\n<p>Aqui neste artigo te apresentamos alguns caminhos para te ajudar nesse in\u00edcio &#8211; mas a primeira dica \u00e9 essa mesma: erre e acerte, e esteja preparado para mudan\u00e7as. Confira o nosso artigo.&nbsp;<\/p>\n\n\n\n<blockquote class=\"wp-block-quote is-layout-flow wp-block-quote-is-layout-flow\">\n<p><\/p>\n<cite>Saiba como emitir <a href=\"https:\/\/www.contabilizei.com.br\/contabilidade-online\/invoice\/\">invoice<\/a>.<\/cite><\/blockquote>\n\n\n\n<figure class=\"wp-block-image size-full\"><img decoding=\"async\" src=\"\/contabilidade-online\/wp-content\/uploads\/2022\/08\/Mercado-de-TI-dev-scaled.jpg\" alt=\"Mercado-de-TI-dev\" class=\"wp-image-32581\"\/><\/figure>\n\n\n\n<h2 class=\"wp-block-heading\" class=\"wp-block-heading\" id=\"10-dicas-para-entrar-no-mercado-de-ti\">10 dicas para entrar no mercado de TI&nbsp;<\/h2>\n\n\n\n<p>Confira agora nossas dicas para quem est\u00e1 iniciando nesta \u00e1rea e quer avan\u00e7ar na carreira da melhor maneira poss\u00edvel!<\/p>\n\n\n\n<h4 class=\"wp-block-heading\">1.Escolha a melhor forma\u00e7\u00e3o<\/h4>\n\n\n\n<p>\u00c9 diferente, sim, inscrever-se em um <strong>curso t\u00e9cnico e fazer uma gradua\u00e7\u00e3o<\/strong>. H\u00e1 oportunidades nos dois casos, mas vale a pena compreender quais tipos de servi\u00e7o voc\u00ea poder\u00e1 oferecer em cada um dos casos. Mais adiante temos mais informa\u00e7\u00f5es sobre a diferen\u00e7a entre a faculdade e o t\u00e9cnico em TI.<\/p>\n\n\n\n<h4 class=\"wp-block-heading\"><strong>2.Pratique seus conhecimentos<\/strong><\/h4>\n\n\n\n<p>O que faz com que alguns profissionais se destaquem \u00e9 a sua capacidade de trabalho t\u00e9cnico &#8211; mesmo que a forma\u00e7\u00e3o ainda n\u00e3o esteja conclu\u00edda ou que nem mesmo esteja em andamento. Isso acontece porque a pessoa \u00e9 o que chamamos de \u201crato de computador\u201d &#8211; est\u00e1 <strong>praticando suas habilidades<\/strong> o tempo todo, meio que na brincadeira mesmo. Na hora que as empresas acham esse profissional, ele vale muito.<\/p>\n\n\n\n<h4 class=\"wp-block-heading\">3.Comece a trabalhar na \u00e1rea<\/h4>\n\n\n\n<p>Assim que poss\u00edvel, sabendo uma base simples de <strong>como trabalhar com TI,<\/strong> busque oportunidades para iniciantes. \u00c9 assim que voc\u00ea come\u00e7a a compreender como \u00e9 que funciona esse mercado, e tamb\u00e9m identifica onde \u00e9 preciso se desenvolver mais.<\/p><div id=\"conta-397344784\" class=\"cta-bulk ga-cta-imagem-conteudo conta-cont-6p-cta-bulk conta-entity-placement\" style=\"margin-top: 30px;margin-bottom: 30px;\"><a href=\"https:\/\/www.contabilizei.com.br\/abrir-empresa\/\" aria-label=\"01\"><img loading=\"lazy\" decoding=\"async\" src=\"https:\/\/www.contabilizei.com.br\/contabilidade-online\/wp-content\/uploads\/2021\/07\/01.jpg?wsr\" alt=\"\"  srcset=\"https:\/\/www.contabilizei.com.br\/contabilidade-online\/wp-content\/uploads\/2021\/07\/01.jpg 615w, https:\/\/www.contabilizei.com.br\/contabilidade-online\/wp-content\/uploads\/2021\/07\/01-300x146.jpg 300w\" sizes=\"(max-width: 615px) 100vw, 615px\" width=\"615\" height=\"300\"  style=\"display: inline-block;\" \/><\/a><\/div>\n\n\n\n<h4 class=\"wp-block-heading\">4.Monte seu portf\u00f3lio&nbsp;<\/h4>\n\n\n\n<p>Se voc\u00ea j\u00e1 tem alguma pr\u00e1tica, aproveite para demonstrar aos poss\u00edveis contratantes do seu servi\u00e7o o que voc\u00ea sabe. A maneira mais f\u00e1cil de fazer isso \u00e9 montando um portf\u00f3lio, onde constar\u00e3o os desenvolvimentos como exemplo mesmo das suas habilidades. Voc\u00ea pode incluir informa\u00e7\u00f5es sobre quanto tempo levou para realizar as atividades e o tipo de modifica\u00e7\u00f5es que precisou fazer depois de implementado. \u00c9 importante oferecer informa\u00e7\u00f5es de<strong> linguagens utilizadas<\/strong>.<\/p>\n\n\n\n<h4 class=\"wp-block-heading\">5.Torne-se especialista em uma \u00e1rea<\/h4>\n\n\n\n<p>No caminho da carreira, \u00e9 legal identificar aquele tipo de atua\u00e7\u00e3o com a qual voc\u00ea gosta mais de trabalhar e <strong>buscar complementa\u00e7\u00f5es para sua qualifica\u00e7\u00e3o<\/strong> nesse segmento. A TI oferece uma s\u00e9rie de oportunidades, ent\u00e3o \u00e9 imprescind\u00edvel escolher o que mais se parece com voc\u00ea.&nbsp;<\/p>\n\n\n\n<h4 class=\"wp-block-heading\">6.Busque certifica\u00e7\u00f5es<\/h4>\n\n\n\n<p>As certifica\u00e7\u00f5es ajudam o contratante a compreender que voc\u00ea, de fato, conhece o suficiente sobre determinado assunto para que valha a pena pagar para ter voc\u00ea atuando. Existem certifica\u00e7\u00f5es em tipos de sistemas, em projetos, e at\u00e9 mesmo em l\u00ednguas, que podem ajudar voc\u00ea a ser reconhecido.<\/p>\n\n\n\n<h4 class=\"wp-block-heading\">7.Mantenha uma boa rede de contatos<\/h4>\n\n\n\n<p>Pouco adianta ter um excelente curr\u00edculo e ningu\u00e9m saber que voc\u00ea existe. Por isso mesmo, \u00e9 legal que voc\u00ea mantenha contato com sua rede de amigos, de profissionais com os quais j\u00e1 trabalhou ou esteve relacionado durante algum projeto. Deixe os outros saberem sobre o que voc\u00ea \u00e9 capaz de fazer.<\/p>\n\n\n\n<h4 class=\"wp-block-heading\">8.Esteja dispon\u00edvel<\/h4>\n\n\n\n<p>Sempre \u00e9 importante identificar que as oportunidades aparecem quando a gente se faz dispon\u00edvel para elas. N\u00e3o adianta manter sua rede de contatos informada sobre suas habilidades, ter uma excelente forma\u00e7\u00e3o e n\u00e3o se fazer presente para as oportunidades: <strong>cadastre-se em sites de emprego da \u00e1rea<\/strong> e verifique vagas que tenham a ver com o seu momento.<\/p>\n\n\n\n<h4 class=\"wp-block-heading\">9.Informe-se sobre as \u00faltimas novidades<\/h4>\n\n\n\n<p>O mundo da tecnologia \u00e9 muito r\u00e1pido e est\u00e1 em constante processo de mudan\u00e7a &#8211; n\u00e3o d\u00e1 para aprender alguma coisa na faculdade e continuar aplicando da mesma forma o resto da vida. \u00c9 <strong>preciso atualiza\u00e7\u00e3o<\/strong> sempre &#8211; mesmo para os profissionais mais novos.<\/p>\n\n\n\n<h4 class=\"wp-block-heading\">10.Participe de atividades do seu segmento<\/h4>\n\n\n\n<p>No mesmo sentido de manter-se atualizado e ainda gerar bons contatos, \u00e9 importante que o profissional participe de atividades relacionadas ao seu segmento e troque informa\u00e7\u00f5es com outros profissionais da \u00e1rea. <strong>Congressos, palestras, pequenos cursos<\/strong> &#8211; o movimento \u00e9 importante na vida profissional.<\/p>\n\n\n\n<p>Precisando de inspira\u00e7\u00e3o? Conhe\u00e7a a hist\u00f3ria da Beatriz, cliente da Contabilizei, que fez uma transi\u00e7\u00e3o de carreira para a \u00e1rea de tecnologia e se encontrou na \u00e1rea de Product Manager. D\u00ea o play:<\/p>\n\n\n\n<figure class=\"wp-block-embed is-type-video is-provider-youtube wp-block-embed-youtube wp-embed-aspect-16-9 wp-has-aspect-ratio\"><div class=\"wp-block-embed__wrapper\">\n<iframe loading=\"lazy\" title=\"Jornada da Beatriz | Hist\u00f3rias de sucesso\" width=\"640\" height=\"360\" src=\"https:\/\/www.youtube.com\/embed\/2dt-FG3mL1U?feature=oembed\" frameborder=\"0\" allow=\"accelerometer; autoplay; clipboard-write; encrypted-media; gyroscope; picture-in-picture; web-share\" referrerpolicy=\"strict-origin-when-cross-origin\" allowfullscreen><\/iframe>\n<\/div><\/figure>\n\n\n\n<h2 class=\"wp-block-heading\" class=\"wp-block-heading\" id=\"areas-de-atuacao-no-mercado-de-ti\">\u00c1reas de atua\u00e7\u00e3o no mercado de TI<\/h2>\n\n\n\n<p>As \u00e1reas de atua\u00e7\u00e3o s\u00e3o diversas e acabam por abrigar diferentes tipos profissionais. Voc\u00ea v\u00ea hoje gente trabalhando para \u00e1reas de entretenimento, de log\u00edstica, da ind\u00fastria e do com\u00e9rcio &#8211; todos os setores da economia, inclusive o agroneg\u00f3cio, est\u00e3o trabalhando com Tecnologia da Informa\u00e7\u00e3o.<\/p>\n\n\n\n<p>Est\u00e3o em alta atualmente tecnologias como <strong>Blockchain<\/strong>, efervescente para uma migra\u00e7\u00e3o cada vez maior do mercado financeiro para o digital, bem como projetos de <strong>Big Data, Cloud Computing ou Internet das Coisas<\/strong> (IoT). Dentro destas vertentes, \u00e9 preciso desenvolvedores, analistas de sistemas, testadores, etc. H\u00e1 vers\u00f5es para celulares, h\u00e1 vers\u00f5es tradicionais para computadores. Os espa\u00e7os s\u00e3o m\u00faltiplos e oferecem diversidade ao novo profissional.<\/p>\n\n\n\n<p>Para seguir seu pr\u00f3prio caminho, n\u00e3o adianta somente comparar, por exemplo, <a href=\"https:\/\/www.contabilizei.com.br\/contabilidade-online\/quanto-ganha-um-desenvolvedor-de-jogos-confira\/\" target=\"_blank\" rel=\"noreferrer noopener\">quanto ganha um desenvolvedor de jogos<\/a> com quanto ganha um desenvolvedor mobile &#8211; \u00e9 preciso identificar afinidades suas com a \u00e1rea para a qual voc\u00ea ir\u00e1 trabalhar. Dados para analisar quanto ganha um profissional de TI tamb\u00e9m est\u00e3o dispon\u00edveis. Por exemplo, conforme o Guia Salarial da Robert Half, <strong>um desenvolvedor recebe pagamentos entre R$ 4.550 e R$ 20.650<\/strong> &#8211; e isso vale para diferentes segmentos dentro da Tecnologia da Informa\u00e7\u00e3o.<\/p>\n\n\n\n<figure class=\"wp-block-image size-full\"><img loading=\"lazy\" decoding=\"async\" width=\"1270\" height=\"957\" src=\"https:\/\/www.contabilizei.com.br\/contabilidade-online\/wp-content\/uploads\/2023\/09\/Jornada_Beatriz_Fotos-20.jpg\" alt=\"\" class=\"wp-image-35758\" srcset=\"https:\/\/www.contabilizei.com.br\/contabilidade-online\/wp-content\/uploads\/2023\/09\/Jornada_Beatriz_Fotos-20.jpg 1270w, https:\/\/www.contabilizei.com.br\/contabilidade-online\/wp-content\/uploads\/2023\/09\/Jornada_Beatriz_Fotos-20-300x226.jpg 300w, https:\/\/www.contabilizei.com.br\/contabilidade-online\/wp-content\/uploads\/2023\/09\/Jornada_Beatriz_Fotos-20-491x370.jpg 491w, https:\/\/www.contabilizei.com.br\/contabilidade-online\/wp-content\/uploads\/2023\/09\/Jornada_Beatriz_Fotos-20-768x579.jpg 768w, https:\/\/www.contabilizei.com.br\/contabilidade-online\/wp-content\/uploads\/2023\/09\/Jornada_Beatriz_Fotos-20-150x113.jpg 150w\" sizes=\"(max-width: 1270px) 100vw, 1270px\" \/><\/figure>\n\n\n\n<h2 class=\"wp-block-heading\" class=\"wp-block-heading\" id=\"investir-em-uma-graduacao-ou-optar-por-cursos-rapidos\">Investir em uma gradua\u00e7\u00e3o ou optar por cursos r\u00e1pidos<\/h2>\n\n\n\n<p>Quando o profissional est\u00e1 buscando a forma\u00e7\u00e3o, \u00e9 importante compreender que diferentes cursos podem te levar para diferentes fun\u00e7\u00f5es e, principalmente, diferentes remunera\u00e7\u00f5es. Embora isso nem sempre seja o caso, na grande maioria das vezes um profissional com gradua\u00e7\u00e3o ter\u00e1 remunera\u00e7\u00e3o melhor do que um t\u00e9cnico.&nbsp;<\/p>\n\n\n\n<p>Estamos fazendo essa ressalva, de que nem sempre \u00e9 assim, apenas porque se trata de um mercado t\u00e3o necessitado de profissionais que mesmo t\u00e9cnicos com bom desempenho s\u00e3o capazes de conseguir bons valores nos contratos.<\/p>\n\n\n\n<p>\u00c9 importante dizer que a forma\u00e7\u00e3o n\u00e3o limita a cria\u00e7\u00e3o de uma empresa por parte do trabalhador: tanto os t\u00e9cnicos quanto os graduados t\u00eam essa op\u00e7\u00e3o, de <strong>atua\u00e7\u00e3o como Pessoa Jur\u00eddica<\/strong>.&nbsp;<\/p>\n\n\n\n<p>Uma forma de avaliar as diferen\u00e7as entre a contrata\u00e7\u00e3o CLT e a abertura de um neg\u00f3cio pr\u00f3prio \u00e9 consultando a <a href=\"https:\/\/www.contabilizei.com.br\/calculadora-clt-pj\/\" target=\"_blank\" rel=\"noreferrer noopener\">Calculadora CLT X PJ<\/a> da Contabilizei: aqui voc\u00ea identifica os valores dos impostos sobre a sua remunera\u00e7\u00e3o em cada situa\u00e7\u00e3o.&nbsp;<\/p>\n\n\n\n<p>Em alguns casos, <a href=\"https:\/\/www.contabilizei.com.br\/contabilidade-online\/profissional-de-ti-pode-ser-mei\/\" target=\"_blank\" rel=\"noreferrer noopener\">profissional de TI pode ser MEI<\/a>. Na lista de atividades permitidas para o MEI constam Instalador(a) de rede de computadores independente (CNAE 6190-6\/99) e T\u00e9cnico(a) de manuten\u00e7\u00e3o de computador independente (CNAE 9511-8\/00), por exemplo.&nbsp;<\/p>\n\n\n\n<p>Acontece que a <strong>limita\u00e7\u00e3o de faturamento em R$ 81 mil ao ano n\u00e3o \u00e9 atraente para a grande maioria dos profissionais da \u00e1rea<\/strong> &#8211; que podem optar por outros tipos de empresa com maior faturamento e ainda assim obter as vantagens em rela\u00e7\u00e3o aos impostos por preencherem os pr\u00e9-requisitos para aderir o <strong>Simples Nacional<\/strong>.<\/p>\n\n\n\n<h2 class=\"wp-block-heading\" class=\"wp-block-heading\" id=\"trabalhar-no-brasil-ou-no-exterior\">Trabalhar no Brasil ou no exterior?<\/h2>\n\n\n\n<p>Outro questionamento pertinente \u00e9 a respeito do local onde o profissional deseja trabalhar. O que muita gente n\u00e3o sabe \u00e9 que a vantagem maior est\u00e1 na combina\u00e7\u00e3o desses dois locais: voc\u00ea pode continuar morando no Brasil, mas atender empresas de fora do pa\u00eds que remuneram melhor do que o mercado nacional.<\/p>\n\n\n\n<p>Esse \u00e9 um caso muito comum na \u00e1rea de Tecnologia da Informa\u00e7\u00e3o, uma vez que o Brasil forma bons profissionais e o mercado internacional est\u00e1 de olho &#8211; para uma empresa estrangeira, a remunera\u00e7\u00e3o em reais \u00e9 muito interessante porque oferece uma redu\u00e7\u00e3o em rela\u00e7\u00e3o aos sal\u00e1rios dos pa\u00edses menos populosos.&nbsp;<\/p>\n\n\n\n<p>Para abra\u00e7ar essas oportunidades \u00e9 preciso <a href=\"https:\/\/www.contabilizei.com.br\/abrir-empresa\/\" target=\"_blank\" rel=\"noreferrer noopener\">abrir empresa<\/a> &#8211; ent\u00e3o aproveite o expertise da Contabilizei para te ajudar com toda a papelada para poder atender at\u00e9 mesmo clientes internacionais.<\/p>\n","protected":false},"excerpt":{"rendered":"<p>Uma das forma\u00e7\u00f5es mais cobi\u00e7adas dos \u00faltimos anos, a conclus\u00e3o da Faculdade de TI leva o profissional ao mesmo dilema&#8230;<\/p>\n","protected":false},"author":62,"featured_media":32580,"comment_status":"open","ping_status":"closed","sticky":false,"template":"","format":"standard","meta":{"footnotes":""},"categories":[250],"tags":[],"cta-tags":[],"acf":[],"yoast_head":"<!-- This site is optimized with the Yoast SEO plugin v24.5 - https:\/\/yoast.com\/wordpress\/plugins\/seo\/ -->\n<title>Como come\u00e7ar no mercado de TI: sal\u00e1rio e carreira<\/title>\n<meta name=\"description\" content=\"10 dicas de como come\u00e7ar no mercado de TI, quais cursos fazer, quais \u00e1reas de atua\u00e7\u00e3o e se vale trabalhar no Brasil ou no exterior.\" \/>\n<meta name=\"robots\" content=\"index, follow\" \/>\n<link rel=\"canonical\" href=\"https:\/\/www.contabilizei.com.br\/contabilidade-online\/mercado-de-ti\/\" \/>\n<meta property=\"og:locale\" content=\"pt_BR\" \/>\n<meta property=\"og:type\" content=\"article\" \/>\n<meta property=\"og:title\" content=\"Como come\u00e7ar no mercado de TI: sal\u00e1rio e carreira\" \/>\n<meta property=\"og:description\" content=\"10 dicas de como come\u00e7ar no mercado de TI, quais cursos fazer, quais \u00e1reas de atua\u00e7\u00e3o e se vale trabalhar no Brasil ou no exterior.\" \/>\n<meta property=\"og:url\" content=\"https:\/\/www.contabilizei.com.br\/contabilidade-online\/mercado-de-ti\/\" \/>\n<meta property=\"og:site_name\" content=\"Blog da Contabilizei\" \/>\n<meta property=\"article:publisher\" content=\"https:\/\/www.facebook.com\/Contabilizei\/\" \/>\n<meta property=\"article:author\" content=\"https:\/\/www.facebook.com\/Contabilizei\/\" \/>\n<meta property=\"article:published_time\" content=\"2022-08-22T15:05:07+00:00\" \/>\n<meta property=\"article:modified_time\" content=\"2026-02-02T17:20:03+00:00\" \/>\n<meta property=\"og:image\" content=\"https:\/\/www.contabilizei.com.br\/contabilidade-online\/wp-content\/uploads\/2022\/08\/Mercado-de-TI.png?wsr\" \/>\n\t<meta property=\"og:image:width\" content=\"1270\" \/>\n\t<meta property=\"og:image:height\" content=\"720\" \/>\n\t<meta property=\"og:image:type\" content=\"image\/png\" \/>\n<meta name=\"author\" content=\"Vitor Torres\" \/>\n<meta name=\"twitter:card\" content=\"summary_large_image\" \/>\n<meta name=\"twitter:creator\" content=\"@contabilizei\" \/>\n<meta name=\"twitter:site\" content=\"@contabilizei\" \/>\n<meta name=\"twitter:label1\" content=\"Escrito por\" \/>\n\t<meta name=\"twitter:data1\" content=\"Vitor Torres\" \/>\n\t<meta name=\"twitter:label2\" content=\"Est. tempo de leitura\" \/>\n\t<meta name=\"twitter:data2\" content=\"9 minutos\" \/>\n<!-- \/ Yoast SEO plugin. -->","yoast_head_json":{"title":"Como come\u00e7ar no mercado de TI: sal\u00e1rio e carreira","description":"10 dicas de como come\u00e7ar no mercado de TI, quais cursos fazer, quais \u00e1reas de atua\u00e7\u00e3o e se vale trabalhar no Brasil ou no exterior.","robots":{"index":"index","follow":"follow"},"canonical":"https:\/\/www.contabilizei.com.br\/contabilidade-online\/mercado-de-ti\/","og_locale":"pt_BR","og_type":"article","og_title":"Como come\u00e7ar no mercado de TI: sal\u00e1rio e carreira","og_description":"10 dicas de como come\u00e7ar no mercado de TI, quais cursos fazer, quais \u00e1reas de atua\u00e7\u00e3o e se vale trabalhar no Brasil ou no exterior.","og_url":"https:\/\/www.contabilizei.com.br\/contabilidade-online\/mercado-de-ti\/","og_site_name":"Blog da Contabilizei","article_publisher":"https:\/\/www.facebook.com\/Contabilizei\/","article_author":"https:\/\/www.facebook.com\/Contabilizei\/","article_published_time":"2022-08-22T15:05:07+00:00","article_modified_time":"2026-02-02T17:20:03+00:00","og_image":[{"width":1270,"height":720,"url":"https:\/\/www.contabilizei.com.br\/contabilidade-online\/wp-content\/uploads\/2022\/08\/Mercado-de-TI.png?wsr","type":"image\/png"}],"author":"Vitor Torres","twitter_card":"summary_large_image","twitter_creator":"@contabilizei","twitter_site":"@contabilizei","twitter_misc":{"Escrito por":"Vitor Torres","Est. tempo de leitura":"9 minutos"},"schema":{"@context":"https:\/\/schema.org","@graph":[{"@type":"Article","@id":"https:\/\/www.contabilizei.com.br\/contabilidade-online\/mercado-de-ti\/#article","isPartOf":{"@id":"https:\/\/www.contabilizei.com.br\/contabilidade-online\/mercado-de-ti\/"},"author":{"name":"Vitor Torres","@id":"https:\/\/www.contabilizei.com.br\/contabilidade-online\/#\/schema\/person\/87b4deaa44cff57e9234db891c5f72c0"},"headline":"Como come\u00e7ar no mercado de TI: sal\u00e1rio e carreira","datePublished":"2022-08-22T15:05:07+00:00","dateModified":"2026-02-02T17:20:03+00:00","mainEntityOfPage":{"@id":"https:\/\/www.contabilizei.com.br\/contabilidade-online\/mercado-de-ti\/"},"wordCount":1588,"commentCount":0,"publisher":{"@id":"https:\/\/www.contabilizei.com.br\/contabilidade-online\/#organization"},"image":{"@id":"https:\/\/www.contabilizei.com.br\/contabilidade-online\/mercado-de-ti\/#primaryimage"},"thumbnailUrl":"https:\/\/www.contabilizei.com.br\/contabilidade-online\/wp-content\/uploads\/2022\/08\/Mercado-de-TI.png?wsr","articleSection":["Tecnologia da Informa\u00e7\u00e3o"],"inLanguage":"pt-BR","potentialAction":[{"@type":"CommentAction","name":"Comment","target":["https:\/\/www.contabilizei.com.br\/contabilidade-online\/mercado-de-ti\/#respond"]}]},{"@type":"WebPage","@id":"https:\/\/www.contabilizei.com.br\/contabilidade-online\/mercado-de-ti\/","url":"https:\/\/www.contabilizei.com.br\/contabilidade-online\/mercado-de-ti\/","name":"Como come\u00e7ar no mercado de TI: sal\u00e1rio e carreira","isPartOf":{"@id":"https:\/\/www.contabilizei.com.br\/contabilidade-online\/#website"},"primaryImageOfPage":{"@id":"https:\/\/www.contabilizei.com.br\/contabilidade-online\/mercado-de-ti\/#primaryimage"},"image":{"@id":"https:\/\/www.contabilizei.com.br\/contabilidade-online\/mercado-de-ti\/#primaryimage"},"thumbnailUrl":"https:\/\/www.contabilizei.com.br\/contabilidade-online\/wp-content\/uploads\/2022\/08\/Mercado-de-TI.png?wsr","datePublished":"2022-08-22T15:05:07+00:00","dateModified":"2026-02-02T17:20:03+00:00","description":"10 dicas de como come\u00e7ar no mercado de TI, quais cursos fazer, quais \u00e1reas de atua\u00e7\u00e3o e se vale trabalhar no Brasil ou no exterior.","breadcrumb":{"@id":"https:\/\/www.contabilizei.com.br\/contabilidade-online\/mercado-de-ti\/#breadcrumb"},"inLanguage":"pt-BR","potentialAction":[{"@type":"ReadAction","target":["https:\/\/www.contabilizei.com.br\/contabilidade-online\/mercado-de-ti\/"]}]},{"@type":"ImageObject","inLanguage":"pt-BR","@id":"https:\/\/www.contabilizei.com.br\/contabilidade-online\/mercado-de-ti\/#primaryimage","url":"https:\/\/www.contabilizei.com.br\/contabilidade-online\/wp-content\/uploads\/2022\/08\/Mercado-de-TI.png?wsr","contentUrl":"https:\/\/www.contabilizei.com.br\/contabilidade-online\/wp-content\/uploads\/2022\/08\/Mercado-de-TI.png?wsr","width":1270,"height":720},{"@type":"BreadcrumbList","@id":"https:\/\/www.contabilizei.com.br\/contabilidade-online\/mercado-de-ti\/#breadcrumb","itemListElement":[{"@type":"ListItem","position":1,"name":"Home","item":"https:\/\/www.contabilizei.com.br\/contabilidade-online\/"},{"@type":"ListItem","position":2,"name":"Tecnologia da Informa\u00e7\u00e3o","item":"https:\/\/www.contabilizei.com.br\/contabilidade-online\/atividade-tecnologia-da-informacao\/"},{"@type":"ListItem","position":3,"name":"Como come\u00e7ar no mercado de TI: sal\u00e1rio e carreira"}]},{"@type":"WebSite","@id":"https:\/\/www.contabilizei.com.br\/contabilidade-online\/#website","url":"https:\/\/www.contabilizei.com.br\/contabilidade-online\/","name":"Blog da Contabilizei","description":"Apoiando o empreendedorismo desde 2013","publisher":{"@id":"https:\/\/www.contabilizei.com.br\/contabilidade-online\/#organization"},"potentialAction":[{"@type":"SearchAction","target":{"@type":"EntryPoint","urlTemplate":"https:\/\/www.contabilizei.com.br\/contabilidade-online\/?s={search_term_string}"},"query-input":{"@type":"PropertyValueSpecification","valueRequired":true,"valueName":"search_term_string"}}],"inLanguage":"pt-BR"},{"@type":"Organization","@id":"https:\/\/www.contabilizei.com.br\/contabilidade-online\/#organization","name":"Contabilizei Contabilidade","url":"https:\/\/www.contabilizei.com.br\/contabilidade-online\/","logo":{"@type":"ImageObject","inLanguage":"pt-BR","@id":"https:\/\/www.contabilizei.com.br\/contabilidade-online\/#\/schema\/logo\/image\/","url":"","contentUrl":"","caption":"Contabilizei Contabilidade"},"image":{"@id":"https:\/\/www.contabilizei.com.br\/contabilidade-online\/#\/schema\/logo\/image\/"},"sameAs":["https:\/\/www.facebook.com\/Contabilizei\/","https:\/\/x.com\/contabilizei","https:\/\/www.instagram.com\/contabilizei\/","https:\/\/www.linkedin.com\/company\/contabilizei\/","https:\/\/www.youtube.com\/channel\/UCNAlIbSjWxrDLDllQUug8dA","https:\/\/pt.wikipedia.org\/wiki\/Contabilizei"]},{"@type":"Person","@id":"https:\/\/www.contabilizei.com.br\/contabilidade-online\/#\/schema\/person\/87b4deaa44cff57e9234db891c5f72c0","name":"Vitor Torres","image":{"@type":"ImageObject","inLanguage":"pt-BR","@id":"https:\/\/www.contabilizei.com.br\/contabilidade-online\/#\/schema\/person\/image\/","url":"https:\/\/secure.gravatar.com\/avatar\/4d123a72e5de57b92b84e56ac1baa6f6?s=96&d=mm&r=g","contentUrl":"https:\/\/secure.gravatar.com\/avatar\/4d123a72e5de57b92b84e56ac1baa6f6?s=96&d=mm&r=g","caption":"Vitor Torres"},"description":"Vitor Torres \u00e9 fundador e presidente da Contabilizei desde 2013, quando iniciou uma revolu\u00e7\u00e3o ao liderar o movimento de desburocratiza\u00e7\u00e3o da contabilidade no pa\u00eds, tendo alcan\u00e7ado a lideran\u00e7a no segmento durante essa jornada. Hoje tem o prop\u00f3sito de simplificar a vida dos micros e pequenos empreendedores e fortalecer o futuro de cada um dos 100 mil clientes da companhia, transformando o cen\u00e1rio do empreendedorismo no Brasil. O executivo \u00e9 formado em Administra\u00e7\u00e3o pela Universidade Positivo, possui forma\u00e7\u00e3o executiva em Lideran\u00e7a em Escala pela INSEAD, realizou um MBA de Administra\u00e7\u00e3o e Neg\u00f3cios pela Columbia Business School e participou de um Programa de Lideran\u00e7a Executiva em Neg\u00f3cios pela Stanford University Graduate School of Business. Em 2016, foi selecionado como Empreendedor Endeavor. Re\u00fane experi\u00eancia na \u00e1rea de consultoria e an\u00e1lise de neg\u00f3cios, tendo apoiado de forma pioneira no desenvolvimento do ecossistema de startups.","sameAs":["http:\/\/contabilizei.com.br","https:\/\/www.facebook.com\/Contabilizei\/","https:\/\/www.instagram.com\/contabilizei\/","https:\/\/www.linkedin.com\/company\/contabilizei\/","https:\/\/www.youtube.com\/channel\/UCNAlIbSjWxrDLDllQUug8dA"],"url":"https:\/\/www.contabilizei.com.br\/contabilidade-online\/autor\/vitor-torres\/"}]}},"_links":{"self":[{"href":"https:\/\/www.contabilizei.com.br\/contabilidade-online\/wp-json\/wp\/v2\/posts\/32579"}],"collection":[{"href":"https:\/\/www.contabilizei.com.br\/contabilidade-online\/wp-json\/wp\/v2\/posts"}],"about":[{"href":"https:\/\/www.contabilizei.com.br\/contabilidade-online\/wp-json\/wp\/v2\/types\/post"}],"author":[{"embeddable":true,"href":"https:\/\/www.contabilizei.com.br\/contabilidade-online\/wp-json\/wp\/v2\/users\/62"}],"replies":[{"embeddable":true,"href":"https:\/\/www.contabilizei.com.br\/contabilidade-online\/wp-json\/wp\/v2\/comments?post=32579"}],"version-history":[{"count":0,"href":"https:\/\/www.contabilizei.com.br\/contabilidade-online\/wp-json\/wp\/v2\/posts\/32579\/revisions"}],"wp:featuredmedia":[{"embeddable":true,"href":"https:\/\/www.contabilizei.com.br\/contabilidade-online\/wp-json\/wp\/v2\/media\/32580"}],"wp:attachment":[{"href":"https:\/\/www.contabilizei.com.br\/contabilidade-online\/wp-json\/wp\/v2\/media?parent=32579"}],"wp:term":[{"taxonomy":"category","embeddable":true,"href":"https:\/\/www.contabilizei.com.br\/contabilidade-online\/wp-json\/wp\/v2\/categories?post=32579"},{"taxonomy":"post_tag","embeddable":true,"href":"https:\/\/www.contabilizei.com.br\/contabilidade-online\/wp-json\/wp\/v2\/tags?post=32579"},{"taxonomy":"cta-tags","embeddable":true,"href":"https:\/\/www.contabilizei.com.br\/contabilidade-online\/wp-json\/wp\/v2\/cta-tags?post=32579"}],"curies":[{"name":"wp","href":"https:\/\/api.w.org\/{rel}","templated":true}]}}