{"id":31455,"date":"2022-04-29T11:36:23","date_gmt":"2022-04-29T14:36:23","guid":{"rendered":"https:\/\/site-static-prd1.ctbz.com.br\/contabilidade-online\/?p=31455"},"modified":"2026-04-07T17:00:03","modified_gmt":"2026-04-07T20:00:03","slug":"autonomo-precisa-declarar-imposto-de-renda","status":"publish","type":"post","link":"https:\/\/www.contabilizei.com.br\/contabilidade-online\/autonomo-precisa-declarar-imposto-de-renda\/","title":{"rendered":"Aut\u00f4nomo precisa declarar Imposto de Renda 2026?"},"content":{"rendered":"\n<p>Sim! Aut\u00f4nomo que recebeu rendimentos tribut\u00e1veis acima de R$ 35.584,00 em 2025\u00a0 tem que declarar Imposto de Renda at\u00e9 29\/05\/2026. O mesmo vale para profissionais informais e freelancers.<\/p>\n\n\n\n<p>Todos os anos, quem tem rendimentos superiores ao limite de isen\u00e7\u00e3o estabelecido pela Receita Federal precisa prestar contas para a Receita Federal. E ainda que essa tarefa n\u00e3o seja uma novidade, muitas pessoas ficam na d\u00favida se est\u00e3o obrigadas ou n\u00e3o a fazerem essa declara\u00e7\u00e3o.<\/p>\n\n\n\n<p>Por exemplo, ser\u00e1 que aut\u00f4nomo precisa declarar Imposto de Renda? A quest\u00e3o aqui \u00e9 que <strong>declarar ou n\u00e3o IR independe da forma como se trabalha<\/strong>. Na pr\u00e1tica, <strong>o que determina essa necessidade \u00e9 o total de rendimento obtido no ano anterior.<\/strong><\/p>\n\n\n\n<p>Mas caso o aut\u00f4nomo precise declarar Imposto de Renda, isso \u00e9 feito da mesma forma que os demais profissionais? N\u00e3o necessariamente! Al\u00e9m disso, ao fazer essa declara\u00e7\u00e3o, quem trabalha por conta pode notar que \u00e9 mais interessante <a href=\"https:\/\/www.contabilizei.com.br\/abrir-empresa\/\">abrir empresa<\/a> \u2014 ou seja, ter o seu pr\u00f3prio CNPJ \u2014 visto que isso tende a gerar o pagamento de menos tributos.<\/p>\n\n\n\n<p>Al\u00e9m disso, as regras da declara\u00e7\u00e3o do Imposto de Renda mudaram. A partir de 1\u00ba de janeiro de 2026, entra em vigor a Lei n\u00ba15.270\/2025, conhecida como Reforma da Renda.&nbsp;<\/p>\n\n\n\n<p>Embora a obrigatoriedade de declarar o Imposto de Renda continue existindo, <strong>a forma como calculamos o imposto sobre seus rendimentos ser\u00e1 diferente<\/strong>.&nbsp;<\/p>\n\n\n\n<p><strong>A principal novidade \u00e9 a isen\u00e7\u00e3o total do Imposto de Renda Pessoa F\u00edsica (IRPF) para quem ganha at\u00e9 R$5 mil por m\u00eas<\/strong>. Al\u00e9m disso, foi criada uma regra de r<strong>edu\u00e7\u00e3o do imposto para quem recebe entre R$5.000,01 e R$7.350,00<\/strong>. Para essa faixa, o c\u00e1lculo deixa de seguir apenas a al\u00edquota fixa e passa a utilizar uma f\u00f3rmula de desconto linear, garantindo que o imposto suba gradativamente.<\/p>\n\n\n\n<p>Na pr\u00e1tica, as principais mudan\u00e7as no Imposto de Renda Pessoa F\u00edsica s\u00e3o:&nbsp;<\/p>\n\n\n\n<ul>\n<li><strong>Para rendas de at\u00e9 R$5.000,00 mensais:<\/strong> <strong>isento<\/strong>. Ou seja, o imposto devido \u00e9 zero;<\/li>\n<\/ul>\n\n\n\n<ul>\n<li><strong>Para rendas entre R$5.000,01 e R$ 7.350,00 mensais:<\/strong> <strong>tributa\u00e7\u00e3o reduzida.<\/strong> Ou seja, aqui haver\u00e1 um desconto parcial e, quanto mais a renda se aproxima de R$7.350,00, maior ser\u00e1 o imposto devido;<\/li>\n\n\n\n<li><strong>Para rendas acima de R$7.350,00 mensais<\/strong>: <strong>o pagamento do imposto acontece normalmente<\/strong> e sem descontos, seguindo a tabela vigente do Imposto de Renda (IR).<\/li>\n<\/ul>\n\n\n\n<p>Al\u00e9m disso, a lei determina outras mudan\u00e7as, como:&nbsp;<\/p>\n\n\n\n<ul>\n<li><strong>Nova tributa\u00e7\u00e3o sobre distribui\u00e7\u00e3o de dividendos e lucros enviados ao exterior<\/strong>: al\u00edquota fixa de 10%;<\/li>\n\n\n\n<li><strong>Nova tributa\u00e7\u00e3o sobre distribui\u00e7\u00e3o de lucros e dividendos, dentro do Brasil,&nbsp; maiores do que R$ 50 mil,<\/strong> dentro do mesmo m\u00eas, realizados pela mesma pessoa jur\u00eddica para a mesma pessoa f\u00edsica, com&nbsp; al\u00edquota fixa de 10%;<\/li>\n\n\n\n<li><strong>Nova tributa\u00e7\u00e3o sobre rendimentos anuais maiores do que R$600 mil at\u00e9 R$1,2 milh\u00e3o:<\/strong> al\u00edquota progressiva de at\u00e9 10%, dependendo do valor total recebido, sendo que se o valor ultrapassar o montante de R$1,2 milh\u00e3o, a al\u00edquota \u00e9 fixa de 10%;<\/li>\n\n\n\n<li><strong>Regra de transi\u00e7\u00e3o para Lucros acumulados:<\/strong> Lucros e dividendos relativos a resultados apurados at\u00e9 o ano-calend\u00e1rio de 2025 continuam isentos da nova tributa\u00e7\u00e3o de 10%, desde que sua distribui\u00e7\u00e3o tenha sido aprovada at\u00e9 31 de dezembro de 2025. O pagamento pode ocorrer at\u00e9 o ano-calend\u00e1rio de 2028, mantendo a isen\u00e7\u00e3o.<\/li>\n<\/ul>\n\n\n\n<p>Saiba mais sobre as outras regras estabelecidas pela Reforma da Renda <a href=\"https:\/\/www.contabilizei.com.br\/contabilidade-online\/isencao-imposto-de-renda-ate-5-mil-mudancas-para-autonomos\/\" target=\"_blank\" rel=\"noreferrer noopener\">neste artigo<\/a>.<\/p><div id=\"conta-1980072384\" class=\"cta-bulk ga-cta-imagem-conteudo conta-cont-6p-cta-bulk conta-entity-placement\" style=\"margin-top: 30px;margin-bottom: 30px;\"><a href=\"https:\/\/www.contabilizei.com.br\/abrir-empresa\/\" aria-label=\"01\"><img loading=\"lazy\" decoding=\"async\" src=\"https:\/\/www.contabilizei.com.br\/contabilidade-online\/wp-content\/uploads\/2021\/07\/01.jpg?wsr\" alt=\"\"  srcset=\"https:\/\/www.contabilizei.com.br\/contabilidade-online\/wp-content\/uploads\/2021\/07\/01.jpg 615w, https:\/\/www.contabilizei.com.br\/contabilidade-online\/wp-content\/uploads\/2021\/07\/01-300x146.jpg 300w\" sizes=\"(max-width: 615px) 100vw, 615px\" width=\"615\" height=\"300\"  style=\"display: inline-block;\" \/><\/a><\/div>\n\n\n\n<p><strong>Importante:<\/strong> as altera\u00e7\u00f5es entram em vigor e produzem efeitos a partir de 1\u00ba de janeiro de 2026. Portanto, a<strong> declara\u00e7\u00e3o a ser entregue em 2026 (ano-base 2025) segue as regras antigas, mas o planejamento para o futuro muda imediatamente.<\/strong><\/p>\n\n\n\n<h2 class=\"wp-block-heading\" class=\"wp-block-heading\" id=\"autonomo-precisa-declarar-imposto-de-renda\"><strong>Aut\u00f4nomo precisa declarar Imposto de Renda?<\/strong><\/h2>\n\n\n\n<p><strong>O aut\u00f4nomo precisa declarar Imposto de Renda se o seu rendimento tribut\u00e1vel do ano-calend\u00e1rio anterior tiver sido superior a R$ 35.584,00 (regra da Receita Federal v\u00e1lida para a declara\u00e7\u00e3o que ser\u00e1 entregue em 2026).<\/strong><\/p>\n\n\n\n<p>Por rendimento tribut\u00e1vel entenda valores sobre os quais h\u00e1 incid\u00eancia de cobran\u00e7a de Imposto de Renda. Alguns exemplos s\u00e3o:<\/p>\n\n\n\n<ul>\n<li>Sal\u00e1rios;<\/li>\n\n\n\n<li>Alugu\u00e9is;<\/li>\n\n\n\n<li>Pens\u00f5es;<\/li>\n\n\n\n<li>Pr\u00eamios;<\/li>\n\n\n\n<li>Direitos autorais;<\/li>\n\n\n\n<li>Lucros de uma empresa;<\/li>\n\n\n\n<li>Aux\u00edlio emergencial.<\/li>\n<\/ul>\n\n\n\n<p>Se a presta\u00e7\u00e3o de servi\u00e7os for proveniente de atividade rural, a obrigatoriedade \u00e9 para aquelas pessoas que obtiveram renda bruta superior a R$ 177.920,00.<\/p>\n\n\n\n<p>Al\u00e9m disso, tamb\u00e9m precisa preencher e entregar a Declara\u00e7\u00e3o de <a href=\"https:\/\/www.contabilizei.com.br\/contabilidade-online\/tudo-sobre-imposto-de-renda-irpf\/\" target=\"_blank\" rel=\"noreferrer noopener\">Imposto de Renda de Pessoa F\u00edsica<\/a> (IRPF) quem:<\/p>\n\n\n\n<ul>\n<li>Recebeu rendimentos isentos, n\u00e3o tribut\u00e1veis ou tributados exclusivamente na fonte, com valor total superior a R$200 mil;<\/li>\n\n\n\n<li>Em qualquer m\u00eas do ano-calend\u00e1rio de 2025 realizou opera\u00e7\u00f5es em bolsas de valores, de mercadorias, de futuros e assemelhadas, e\/ou ganhou capital sujeito \u00e0 incid\u00eancia do imposto na aliena\u00e7\u00e3o de bens ou direitos;<\/li>\n\n\n\n<li>Em 31 de dezembro de 2025 teve a posse ou a propriedade de bens ou direitos com valor total superior a R$800 mil, inclusive terra nua.<\/li>\n<\/ul>\n\n\n\n<p><strong>Importante:<\/strong> as regras listadas acima j\u00e1 s\u00e3o as diretrizes oficiais para a declara\u00e7\u00e3o do IRPF de 2026, que leva em considera\u00e7\u00e3o os ganhos e despesas do ano-calend\u00e1rio de 2025. Todas as normas e limites j\u00e1 foram divulgados e confirmados pela Receita Federal para este ano.<\/p>\n\n\n\n<p>Por\u00e9m, com as novas regras estabelecidas pela Reforma da Renda, al\u00e9m dos crit\u00e9rios tradicionais, o Fisco passar\u00e1 a monitorar com mais rigor a <strong>renda total anual da pessoa f\u00edsica<\/strong>. Isso porque foi criado o Imposto de Renda Pessoa F\u00edsica M\u00ednimo (IRPFM) que afeta pessoas com rendimentos totais (somando sal\u00e1rios, alugu\u00e9is, dividendos, etc) superiores a <strong>R$600 mil por ano<\/strong>.<\/p>\n\n\n\n<p>Se voc\u00ea se enquadra nessa faixa, a declara\u00e7\u00e3o se tornar\u00e1 ainda mais cr\u00edtica para apurar se haver\u00e1 imposto adicional no ajuste anual ou eventual restitui\u00e7\u00e3o de valores retidos na fonte durante o ano, j\u00e1 que as mudan\u00e7as ser\u00e3o refletidas no IRPF 2027.\u00a0<\/p>\n\n\n\n<p>\u00c9 fundamental compreender que a Lei n\u00ba 15.270\/2025 estabeleceu o que muda (novas al\u00edquotas e limites), mas o como isso ser\u00e1 operacionalizado ainda ter\u00e1 novos cap\u00edtulos. A regulamenta\u00e7\u00e3o detalhada ser\u00e1 definida em novas normas e Instru\u00e7\u00f5es Normativas da Receita Federal do Brasil durante o ano de 2026. Por isso, acompanhe os nossos conte\u00fados e fique por dentro de todas as atualiza\u00e7\u00f5es.<\/p>\n\n\n\n<blockquote class=\"wp-block-quote is-layout-flow wp-block-quote-is-layout-flow\">\n<p><em><a href=\"https:\/\/www.contabilizei.com.br\/contabilidade-online\/materiais\/guia-imposto-de-renda-2026\/\" target=\"_blank\" rel=\"noreferrer noopener\">Baixe o guia completo<\/a> e gratuito da Contabilizei de como declarar o IRPF com as principais d\u00favidas e como declarar corretamente.<\/em><\/p>\n<\/blockquote>\n\n\n\n<h3 class=\"wp-block-heading\"><strong>Lan\u00e7amento de rendimentos recebidos de pessoas jur\u00eddicas<\/strong><\/h3>\n\n\n\n<p>Para quem prestou servi\u00e7os para pessoas jur\u00eddicas, ou seja, para empresas, a forma de declara\u00e7\u00e3o no Imposto de Renda segue o mesmo princ\u00edpio de quem trabalha com carteira assinada.<\/p>\n\n\n\n<p>Isso quer dizer que os valores devem ser lan\u00e7ados na ficha de \u201cRendimentos Tribut\u00e1veis Recebidos de Pessoa Jur\u00eddica\u201d, na qual precisam ser informados o CNPJ de cada uma das fontes pagadoras, os valores recolhidos dos impostos e o total l\u00edquido recebido.<\/p>\n\n\n\n<p>Aqui, vale destacar que, quando uma pessoa jur\u00eddica contrata servi\u00e7os de um aut\u00f4nomo, ela \u00e9 respons\u00e1vel por reter e recolher os tributos devidos, como o Imposto de Renda Retido na Fonte (IRRF) e a Contribui\u00e7\u00e3o Previdenci\u00e1ria (INSS). Esses valores devem ser informados ao prestador de servi\u00e7os por meio de um Informe de Rendimentos, que servir\u00e1 de base para a sua declara\u00e7\u00e3o anual.<\/p>\n\n\n\n<p>Esse processo pode ser feito por meio do <a href=\"https:\/\/www.contabilizei.com.br\/contabilidade-online\/rpa-recibo-de-pagamento-autonomo\/\" target=\"_blank\" rel=\"noreferrer noopener\">RPA, Recibo de Pagamento Aut\u00f4nomo<\/a>. Trata-se de um documento emitido por quem contrata o servi\u00e7o que permite \u00e0 fonte pagadora recolher o INSS, o IRPF e o ISS.<\/p>\n\n\n\n<p>Sua finalidade \u00e9 comprovar o pagamento de valores a pessoas f\u00edsicas prestadoras de servi\u00e7o com as quais n\u00e3o se tem v\u00ednculo empregat\u00edcio.<\/p>\n\n\n\n<blockquote class=\"wp-block-quote is-layout-flow wp-block-quote-is-layout-flow\">\n<p><strong><p>Para as cidades de S\u00e3o Paulo, Curitiba e Florian\u00f3polis, o Recibo de Pagamento Aut\u00f4nomo (RPA) entrou em desuso a partir do in\u00edcio de 2026. A Nota Fiscal de Servi\u00e7os Eletr\u00f4nica (NFS-e) passou a ser o documento oficial e obrigat\u00f3rio para formalizar o servi\u00e7o prestado. Para saber mais, <a href=\"https:\/\/www.contabilizei.com.br\/contabilizei-responde\/fim-do-rpa-em-sao-paulo\/\">acesse aqui<\/a> nossa mat\u00e9ria sobre a obrigatoriedade da emiss\u00e3o da NFS-e por profissionais liberais e aut\u00f4nomos.<\/p>\n<\/strong><\/p>\n<\/blockquote>\n\n\n\n<h3 class=\"wp-block-heading\"><strong>Lan\u00e7amento de rendimentos recebidos de pessoas f\u00edsicas<\/strong><\/h3>\n\n\n\n<p>J\u00e1 quando a presta\u00e7\u00e3o de servi\u00e7os \u00e9 para pessoas f\u00edsicas, o aut\u00f4nomo precisa declarar os valores recebidos na ficha \u201cRendimentos Tribut\u00e1veis Recebidos de Pessoa F\u00edsica\/Exterior\u201d, informando o CPF de cada contratante e a quantia recebida.<\/p>\n\n\n\n<p>Caso tenha feito o recolhimento do <a href=\"https:\/\/www.contabilizei.com.br\/contabilidade-online\/inss-autonomo\/\" target=\"_blank\" rel=\"noreferrer noopener\">INSS aut\u00f4nomo<\/a> relativo a esse servi\u00e7o ou per\u00edodo, pode-se importar os valores pagos automaticamente, ou fazer o lan\u00e7amento manual na declara\u00e7\u00e3o de IR.<\/p>\n\n\n\n<p>Rendimentos recebidos de pessoas f\u00edsicas est\u00e3o sujeitos ao recolhimento mensal obrigat\u00f3rio do Imposto de Renda por meio do Carn\u00ea-Le\u00e3o. Os valores pagos devem ser informados na ficha &#8220;Imposto Pago\/Retido&#8221; no campo &#8220;Carn\u00ea-Le\u00e3o do Titular&#8221; na declara\u00e7\u00e3o anual.<\/p>\n\n\n\n<p><strong>Responsabilidade pelo Recolhimento:<\/strong> lembre-se, que quando o servi\u00e7o \u00e9 prestado para pessoas f\u00edsicas, o aut\u00f4nomo \u00e9 respons\u00e1vel pelo recolhimento dos tributos devidos, como o Imposto de Renda, por meio de guias espec\u00edficas, como o DARF (Documento de Arrecada\u00e7\u00e3o de Receitas Federais).<\/p>\n\n\n\n<h2 class=\"wp-block-heading\" class=\"wp-block-heading\" id=\"quanto-paga-de-imposto-de-renda-um-autonomo\">Quanto paga de Imposto de Renda um aut\u00f4nomo?<\/h2>\n\n\n\n<p>O Imposto de Renda pago por quem \u00e9 aut\u00f4nomo deve ser feito mensalmente, e os valores a serem recolhidos seguem uma tabela progressiva, de 7,5% a 27,5% sobre as quantias recebidas.<\/p>\n\n\n\n<p>A tabela vigente em 2025 continua valendo para o c\u00e1lculo do IRRF e para a declara\u00e7\u00e3o de 2026.<\/p>\n\n\n\n<p>J\u00e1 a pr\u00f3xima tabela (v\u00e1lida a partir de 2026) aplica as regras da Reforma da Renda, com nova faixa de isen\u00e7\u00e3o e descontos do imposto. <strong>Ela n\u00e3o substitui a tabela atual, mas atua como uma tabela complementar no c\u00e1lculo do imposto e acrescenta novos mecanismos de redu\u00e7\u00e3o do tributo<\/strong>, principalmente para rendimentos at\u00e9 R$7.350,00.<\/p>\n\n\n\n<p><strong>Tabela de redu\u00e7\u00e3o do imposto mensal a partir de 1\u00ba de janeiro de 2026, com a Lei n\u00ba15.270\/2025.<\/strong><\/p>\n\n\n\n<figure class=\"wp-block-table\"><table><tbody><tr><td><strong>RENDIMENTOS TRIBUT\u00c1VEIS SUJEITOS AO AJUSTE MENSAL<\/strong><\/td><td><strong>REDU\u00c7\u00c3O DO IMPOSTO DE RENDA<\/strong><\/td><\/tr><tr><td>At\u00e9 R$5.000,00<\/td><td>At\u00e9 R$312,89 (de modo que o imposto devido seja zero)<\/td><\/tr><tr><td>De R$5.000,01 at\u00e9 R$ 7.350,00<\/td><td>R$978,62 \u2013 (0,133145 x rendimentos tribut\u00e1veis sujeitos \u00e0 incid\u00eancia mensal, de modo que a redu\u00e7\u00e3o do imposto seja decrescente linearmente at\u00e9 zerar para rendimentos a partir de R$7.350,00)<\/td><\/tr><\/tbody><\/table><\/figure>\n\n\n\n<p><strong>Tabela progressiva do Imposto de Renda Retido na Fonte a partir de maio de 2025<\/strong><\/p>\n\n\n\n<figure class=\"wp-block-table\"><table><tbody><tr><td><strong>Base de C\u00e1lculo (RS)<\/strong><\/td><td><strong>Al\u00edquota (%)<\/strong><\/td><td><strong>Parcela a Deduzir do IR (R$)<\/strong><\/td><\/tr><tr><td>At\u00e9 2.428,80<\/td><td>zero<\/td><td>zero<\/td><\/tr><tr><td>De 2.428,81 at\u00e9 2.826,65<\/td><td>7,5<\/td><td>182,16<\/td><\/tr><tr><td>De 2.826,66 at\u00e9 3.751,05<\/td><td>15<\/td><td>394,16<\/td><\/tr><tr><td>De 3.751,06 at\u00e9 4.664,68<\/td><td>22,5<\/td><td>675,49<\/td><\/tr><tr><td>Acima de 4.664,68<\/td><td>27,5<\/td><td>908,73<\/td><\/tr><\/tbody><\/table><\/figure>\n\n\n\n<h2 class=\"wp-block-heading\" class=\"wp-block-heading\" id=\"quais-os-impostos-que-o-autonomo-paga\"><strong>Quais os impostos que o aut\u00f4nomo paga?<\/strong><\/h2>\n\n\n\n<p>Os aut\u00f4nomos pagam os seguintes impostos:<\/p>\n\n\n\n<ul>\n<li><strong>INSS<\/strong> (Instituto Nacional do Seguro Social): 11% sobre o sal\u00e1rio m\u00ednimo para quem opta pelo&nbsp;Plano Simplificado de Previd\u00eancia&nbsp;(mas nesse caso, o contribuinte n\u00e3o ter\u00e1 direito \u00e0 aposentadoria por tempo de contribui\u00e7\u00e3o, apenas \u00e0 aposentadoria por idade).<\/li>\n\n\n\n<li>Ou 20% sobre o valor da sua remunera\u00e7\u00e3o, respeitando o limite do teto do INSS.<\/li>\n\n\n\n<li><strong>IR (Imposto de Renda)<\/strong>: de acordo com a tabela progressiva que varia sobre a renda, que pode ser de 7,5% a 27,5%;<\/li>\n\n\n\n<li><a href=\"https:\/\/www.contabilizei.com.br\/contabilidade-online\/o-que-e-iss-e-como-calcular\/\" target=\"_blank\" rel=\"noreferrer noopener\"><strong>ISS (Imposto sobre Servi\u00e7o)<\/strong><\/a>: entre 2% a 5% sobre o valor do servi\u00e7o.<\/li>\n<\/ul>\n\n\n\n<h2 class=\"wp-block-heading\" class=\"wp-block-heading\" id=\"como-saber-se-tenho-que-declarar-imposto-de-renda\"><strong>Como saber se tenho que declarar Imposto de Renda?<\/strong><\/h2>\n\n\n\n<p>Como dissemos logo no in\u00edcio deste artigo, para saber se voc\u00ea precisa ou n\u00e3o declarar Imposto de Renda, o primeiro passo \u00e9 <strong>verificar de quanto foi o seu rendimento tribut\u00e1vel no ano-calend\u00e1rio anterior.<\/strong><\/p>\n\n\n\n<p>Para a declara\u00e7\u00e3o a ser entregue em 2026, se tiver recebido mais de R$35.584,00, o envio da sua declara\u00e7\u00e3o de IR \u00e9 obrigat\u00f3rio.<\/p>\n\n\n\n<p>Vale lembrar que as regras e os limites v\u00e1lidos para a declara\u00e7\u00e3o do IRPF de 2026, referente ao ano-calend\u00e1rio de 2025, j\u00e1 foram oficialmente divulgados pela Receita Federal, e voc\u00ea pode consultar todas elas <a href=\"https:\/\/www.contabilizei.com.br\/contabilidade-online\/tudo-sobre-imposto-de-renda-irpf\/\" target=\"_blank\" rel=\"noreferrer noopener\">neste artigo<\/a>.\u00a0<\/p>\n\n\n\n<h2 class=\"wp-block-heading\" class=\"wp-block-heading\" id=\"como-fazer-o-calculo-do-imposto-de-renda\">Como fazer o c\u00e1lculo do Imposto de Renda?<\/h2>\n\n\n\n<p><strong>Para fazer o c\u00e1lculo do Imposto de Renda \u00e9 preciso ter em m\u00e3os os seguintes valores:<\/strong><\/p>\n\n\n\n<ol>\n<li>Todos os rendimentos tribut\u00e1veis\/isentos\/n\u00e3o tribut\u00e1veis\/sujeitos \u00e0 tributa\u00e7\u00e3o exclusiva;<\/li>\n\n\n\n<li>Total de despesas que podem ser deduzidas, a exemplo de dependentes, alimentandos, servi\u00e7os de sa\u00fade, entre outras;<\/li>\n\n\n\n<li>Imposto de Renda Retido na Fonte (IRRF) \u2013 Informado nos informes de rendimento do empregador, banco ou corretora.<\/li>\n<\/ol>\n\n\n\n<p>Ap\u00f3s isso insira os dados no programa do IRPF, assim o programa j\u00e1 come\u00e7a a calcular automaticamente o valor de imposto devido com base na tabela progressiva de IR.<\/p>\n\n\n\n<p>*A base de c\u00e1lculo anual \u00e9 calculada assim:<\/p>\n\n\n\n<p>Base de c\u00e1lculo = Rendimentos tribut\u00e1veis \u2212 Despesas dedut\u00edveis &#8211; IR j\u00e1 pagos no ano<\/p>\n\n\n\n<p>Depois de calcular o imposto devido, o programa ir\u00e1 trazer uma das duas possibilidades:<\/p>\n\n\n\n<p>&#8211; Tem imposto a pagar \u2192 Se o imposto devido for maior que o valor retido na fonte.<br>&#8211; Tem imposto a restituir \u2192 Se o valor retido na fonte for maior que o imposto devido.<\/p>\n\n\n\n<p>Ao final o sistema mostra automaticamente o valor do imposto em dois cen\u00e1rios:<\/p>\n\n\n\n<p>Declara\u00e7\u00e3o simplificada \u2192 D\u00e1 um desconto padr\u00e3o de 20% sobre os rendimentos tribut\u00e1veis (limitado a R$ 16.754,34 para 2025. A partir de 2026, com a Reforma da Renda, o desconto padr\u00e3o de 20% sobre os rendimentos tribut\u00e1veis ter\u00e1 o limite ampliado para R$17.640,00).<br>Declara\u00e7\u00e3o completa \u2192 Usa todas as dedu\u00e7\u00f5es poss\u00edveis (despesas m\u00e9dicas, educa\u00e7\u00e3o, dependentes, etc.).<\/p>\n\n\n\n<p>O pr\u00f3prio programa sugere a op\u00e7\u00e3o mais vantajosa para voc\u00ea e se tem IR a pagar ou a restituir.<\/p>\n\n\n\n<h2 class=\"wp-block-heading\" class=\"wp-block-heading\" id=\"e-vantajoso-continuar-sendo-autonomo-ou-devo-abrir-um-cnpj\">\u00c9 vantajoso continuar sendo aut\u00f4nomo ou devo abrir um CNPJ?<\/h2>\n\n\n\n<p>Ter um CNPJ costuma ser bem mais vantajoso por in\u00fameros motivos, um deles \u00e9 que <strong>ter um neg\u00f3cio legalizado aumenta as chances de conseguir mais clientes<\/strong>, visto que isso confere muito mais credibilidade e confian\u00e7a ao servi\u00e7o que est\u00e1 sendo prestado.<\/p>\n\n\n\n<p>Somado a isso, aut\u00f4nomos que t\u00eam o pr\u00f3prio CNPJ t\u00eam probabilidades maiores de atender outras empresas, o que pode ser bastante interessante para o seu faturamento e evolu\u00e7\u00e3o profissional.<\/p>\n\n\n\n<p>No que se refere aos pagamentos de impostos, a forma de recolhimento \u00e9 bem mais f\u00e1cil \u2014 pelo Simples Nacional, por exemplo, tudo \u00e9 feito por uma \u00fanica guia, chamada <a href=\"https:\/\/www.contabilizei.com.br\/contabilidade-online\/das-documento-arrecadacao-simples-nacional\/\" target=\"_blank\" rel=\"noreferrer noopener\">DAS, Documento de Arrecada\u00e7\u00e3o do Simples Nacional<\/a>, que permite o recolhimento de um s\u00f3 vez de (considerando a atividade exercida)<\/p>\n\n\n\n<ul>\n<li><strong>IRPJ:<\/strong> Imposto sobre a Renda da Pessoa Jur\u00eddica:<\/li>\n\n\n\n<li><strong>IPI:<\/strong>&nbsp; Imposto sobre Produtos Industrializados<\/li>\n\n\n\n<li><strong>CSLL:<\/strong> Contribui\u00e7\u00e3o Social sobre o Lucro L\u00edquido;<\/li>\n\n\n\n<li><strong>Cofins:<\/strong> Contribui\u00e7\u00e3o para o Financiamento da Seguridade Social;<\/li>\n\n\n\n<li><strong>PIS:<\/strong> Programa de Integra\u00e7\u00e3o Social;<\/li>\n\n\n\n<li><strong>CPP:<\/strong> Contribui\u00e7\u00e3o Patronal Previdenci\u00e1ria;<\/li>\n\n\n\n<li><strong>ICMS:<\/strong> Imposto sobre Opera\u00e7\u00f5es Relativas \u00e0 Circula\u00e7\u00e3o de Mercadorias e Sobre Presta\u00e7\u00f5es de Servi\u00e7os de Transporte Interestadual e Intermunicipal e de Comunica\u00e7\u00e3o;<\/li>\n\n\n\n<li><strong>ISS:<\/strong> Imposto sobre Servi\u00e7os de Qualquer Natureza.<\/li>\n<\/ul>\n\n\n\n<p>Em linhas gerais, as al\u00edquotas praticadas tamb\u00e9m tendem a ser menores que as cobradas de quem n\u00e3o tem CNPJ.<\/p>\n\n\n\n<p>Al\u00e9m disso, tamb\u00e9m \u00e9 necess\u00e1rio levar em considera\u00e7\u00e3o as mudan\u00e7as estabelecidas pela Reforma da Renda. Caso voc\u00ea seja aut\u00f4nomo e atue por meio de RPA (Recibo de Pagamento Aut\u00f4nomo), os principais impactos s\u00e3o:<\/p>\n\n\n\n<ul>\n<li><strong>Para rendimentos mais baixos (at\u00e9 R$7.350,00 mil por m\u00eas)<\/strong>, a isen\u00e7\u00e3o ou desconto progressivo aumenta o valor l\u00edquido recebido, tornando <strong>o RPA <\/strong><strong>mais vantajoso em determinados casos,<\/strong><strong> do ponto de vista do Imposto de Renda<\/strong>;<br><\/li>\n\n\n\n<li><strong>Para rendimentos mais altos (acima de R$7.350,00),<\/strong> a carga tribut\u00e1ria do RPA ainda pode ser elevada. Assim,<strong> abrir um CNPJ continua sendo uma alternativa financeira mais estrat\u00e9gica<\/strong>, principalmente no Simples Nacional.<\/li>\n<\/ul>\n\n\n\n<p>Por isso, a decis\u00e3o sobre continuar com RPA ou migrar para CNPJ depende do equil\u00edbrio entre <strong>rendimento bruto, impostos e ganhos l\u00edquidos<\/strong>. O recomendado \u00e9 avaliar sua renda mensal e o impacto da isen\u00e7\u00e3o do IRRF antes de escolher entre continuar como aut\u00f4nomo ou abrir um CNPJ. Saiba mais neste artigo: \u201c<a href=\"https:\/\/www.contabilizei.com.br\/contabilidade-online\/isencao-imposto-de-renda-ate-5-mil-mudancas-para-autonomos\/\" target=\"_blank\" rel=\"noreferrer noopener\">Isen\u00e7\u00e3o do Imposto de Renda at\u00e9 R$5 mil: o que muda para o profissional aut\u00f4nomo?<\/a>\u201d.<\/p>\n\n\n\n<p>Caso tenha d\u00favidas quanto a isso, voc\u00ea pode usar a <a href=\"https:\/\/www.contabilizei.com.br\/calculadora-clt-pj\/\" target=\"_blank\" rel=\"noreferrer noopener\">calculadora CLT x PJ<\/a>, clicar na aba \u201cPJ x Aut\u00f4nomo\u201d para verificar a diferen\u00e7a de valores entre essas formas de prestar servi\u00e7o.<\/p>\n\n\n\n<p>E se depois de ver essa diferencia\u00e7\u00e3o quiser <a href=\"https:\/\/www.contabilizei.com.br\/abrir-empresa\/\" target=\"_blank\" rel=\"noreferrer noopener\">abrir empresa<\/a> e usufruir de todas as vantagens de ser dono do seu pr\u00f3prio neg\u00f3cio, pode contar com a ajuda de um <a href=\"https:\/\/www.contabilizei.com.br\/contador-online\/\" target=\"_blank\" rel=\"noreferrer noopener\">contador online<\/a> da Contabilizei.<\/p>\n\n\n\n<p>Sem precisar sair da sua casa ou do seu escrit\u00f3rio voc\u00ea obt\u00e9m o seu CNPJ de maneira f\u00e1cil, pr\u00e1tica e totalmente segura.&nbsp;<br><a href=\"https:\/\/www.contabilizei.com.br\/\" target=\"_blank\" rel=\"noreferrer noopener\"><strong>Acesse agora mesmo o site da Contabilizei<\/strong><\/a> e confira como fazer isso!<\/p>\n","protected":false},"excerpt":{"rendered":"<p>Sim! Aut\u00f4nomo que recebeu rendimentos tribut\u00e1veis acima de R$ 35.584,00 em \u00a0 tem que declarar Imposto de Renda at\u00e9 &#8230;.<\/p>\n","protected":false},"author":120,"featured_media":31456,"comment_status":"open","ping_status":"closed","sticky":false,"template":"","format":"standard","meta":{"footnotes":""},"categories":[240],"tags":[],"cta-tags":[312],"acf":[],"yoast_head":"<!-- This site is optimized with the Yoast SEO plugin v24.5 - https:\/\/yoast.com\/wordpress\/plugins\/seo\/ -->\n<title>Aut\u00f4nomo precisa declarar imposto de renda? Veja como Declarar<\/title>\n<meta name=\"description\" content=\"Aut\u00f4nomo precisa declarar Imposto de Renda? Se \u00e9 o seu caso, a Contablizei preparou um material especial. Tire d\u00favidas!\" \/>\n<meta name=\"robots\" content=\"index, follow\" \/>\n<link rel=\"canonical\" href=\"https:\/\/www.contabilizei.com.br\/contabilidade-online\/autonomo-precisa-declarar-imposto-de-renda\/\" \/>\n<meta property=\"og:locale\" content=\"pt_BR\" \/>\n<meta property=\"og:type\" content=\"article\" \/>\n<meta property=\"og:title\" content=\"Aut\u00f4nomo precisa declarar imposto de renda? Veja como Declarar\" \/>\n<meta property=\"og:description\" content=\"Aut\u00f4nomo precisa declarar Imposto de Renda? Se \u00e9 o seu caso, a Contablizei preparou um material especial. Tire d\u00favidas!\" \/>\n<meta property=\"og:url\" content=\"https:\/\/www.contabilizei.com.br\/contabilidade-online\/autonomo-precisa-declarar-imposto-de-renda\/\" \/>\n<meta property=\"og:site_name\" content=\"Blog da Contabilizei\" \/>\n<meta property=\"article:publisher\" content=\"https:\/\/www.facebook.com\/Contabilizei\/\" \/>\n<meta property=\"article:author\" content=\"https:\/\/www.facebook.com\/Contabilizei\/\" \/>\n<meta property=\"article:published_time\" content=\"2022-04-29T14:36:23+00:00\" \/>\n<meta property=\"article:modified_time\" content=\"2026-04-07T20:00:03+00:00\" \/>\n<meta property=\"og:image\" content=\"https:\/\/www.contabilizei.com.br\/contabilidade-online\/wp-content\/uploads\/2022\/04\/autonomo-precisa-declarar-imposto-de-renda.png?wsr\" \/>\n\t<meta property=\"og:image:width\" content=\"1270\" \/>\n\t<meta property=\"og:image:height\" content=\"720\" \/>\n\t<meta property=\"og:image:type\" content=\"image\/png\" \/>\n<meta name=\"author\" content=\"Charles Gularte\" \/>\n<meta name=\"twitter:card\" content=\"summary_large_image\" \/>\n<meta name=\"twitter:creator\" content=\"@contabilizei\" \/>\n<meta name=\"twitter:site\" content=\"@contabilizei\" \/>\n<meta name=\"twitter:label1\" content=\"Escrito por\" \/>\n\t<meta name=\"twitter:data1\" content=\"Charles Gularte\" \/>\n\t<meta name=\"twitter:label2\" content=\"Est. tempo de leitura\" \/>\n\t<meta name=\"twitter:data2\" content=\"14 minutos\" \/>\n<!-- \/ Yoast SEO plugin. -->","yoast_head_json":{"title":"Aut\u00f4nomo precisa declarar imposto de renda? Veja como Declarar","description":"Aut\u00f4nomo precisa declarar Imposto de Renda? Se \u00e9 o seu caso, a Contablizei preparou um material especial. Tire d\u00favidas!","robots":{"index":"index","follow":"follow"},"canonical":"https:\/\/www.contabilizei.com.br\/contabilidade-online\/autonomo-precisa-declarar-imposto-de-renda\/","og_locale":"pt_BR","og_type":"article","og_title":"Aut\u00f4nomo precisa declarar imposto de renda? Veja como Declarar","og_description":"Aut\u00f4nomo precisa declarar Imposto de Renda? Se \u00e9 o seu caso, a Contablizei preparou um material especial. Tire d\u00favidas!","og_url":"https:\/\/www.contabilizei.com.br\/contabilidade-online\/autonomo-precisa-declarar-imposto-de-renda\/","og_site_name":"Blog da Contabilizei","article_publisher":"https:\/\/www.facebook.com\/Contabilizei\/","article_author":"https:\/\/www.facebook.com\/Contabilizei\/","article_published_time":"2022-04-29T14:36:23+00:00","article_modified_time":"2026-04-07T20:00:03+00:00","og_image":[{"width":1270,"height":720,"url":"https:\/\/www.contabilizei.com.br\/contabilidade-online\/wp-content\/uploads\/2022\/04\/autonomo-precisa-declarar-imposto-de-renda.png?wsr","type":"image\/png"}],"author":"Charles Gularte","twitter_card":"summary_large_image","twitter_creator":"@contabilizei","twitter_site":"@contabilizei","twitter_misc":{"Escrito por":"Charles Gularte","Est. tempo de leitura":"14 minutos"},"schema":{"@context":"https:\/\/schema.org","@graph":[{"@type":"Article","@id":"https:\/\/www.contabilizei.com.br\/contabilidade-online\/autonomo-precisa-declarar-imposto-de-renda\/#article","isPartOf":{"@id":"https:\/\/www.contabilizei.com.br\/contabilidade-online\/autonomo-precisa-declarar-imposto-de-renda\/"},"author":{"name":"Charles Gularte","@id":"https:\/\/www.contabilizei.com.br\/contabilidade-online\/#\/schema\/person\/a7161c59bbb8d0c2aaa5639b246b6ccb"},"headline":"Aut\u00f4nomo precisa declarar Imposto de Renda 2026?","datePublished":"2022-04-29T14:36:23+00:00","dateModified":"2026-04-07T20:00:03+00:00","mainEntityOfPage":{"@id":"https:\/\/www.contabilizei.com.br\/contabilidade-online\/autonomo-precisa-declarar-imposto-de-renda\/"},"wordCount":2766,"commentCount":0,"publisher":{"@id":"https:\/\/www.contabilizei.com.br\/contabilidade-online\/#organization"},"image":{"@id":"https:\/\/www.contabilizei.com.br\/contabilidade-online\/autonomo-precisa-declarar-imposto-de-renda\/#primaryimage"},"thumbnailUrl":"https:\/\/www.contabilizei.com.br\/contabilidade-online\/wp-content\/uploads\/2022\/04\/autonomo-precisa-declarar-imposto-de-renda.png?wsr","articleSection":["Aut\u00f4nomo"],"inLanguage":"pt-BR","potentialAction":[{"@type":"CommentAction","name":"Comment","target":["https:\/\/www.contabilizei.com.br\/contabilidade-online\/autonomo-precisa-declarar-imposto-de-renda\/#respond"]}]},{"@type":"WebPage","@id":"https:\/\/www.contabilizei.com.br\/contabilidade-online\/autonomo-precisa-declarar-imposto-de-renda\/","url":"https:\/\/www.contabilizei.com.br\/contabilidade-online\/autonomo-precisa-declarar-imposto-de-renda\/","name":"Aut\u00f4nomo precisa declarar imposto de renda? Veja como Declarar","isPartOf":{"@id":"https:\/\/www.contabilizei.com.br\/contabilidade-online\/#website"},"primaryImageOfPage":{"@id":"https:\/\/www.contabilizei.com.br\/contabilidade-online\/autonomo-precisa-declarar-imposto-de-renda\/#primaryimage"},"image":{"@id":"https:\/\/www.contabilizei.com.br\/contabilidade-online\/autonomo-precisa-declarar-imposto-de-renda\/#primaryimage"},"thumbnailUrl":"https:\/\/www.contabilizei.com.br\/contabilidade-online\/wp-content\/uploads\/2022\/04\/autonomo-precisa-declarar-imposto-de-renda.png?wsr","datePublished":"2022-04-29T14:36:23+00:00","dateModified":"2026-04-07T20:00:03+00:00","description":"Aut\u00f4nomo precisa declarar Imposto de Renda? Se \u00e9 o seu caso, a Contablizei preparou um material especial. Tire d\u00favidas!","breadcrumb":{"@id":"https:\/\/www.contabilizei.com.br\/contabilidade-online\/autonomo-precisa-declarar-imposto-de-renda\/#breadcrumb"},"inLanguage":"pt-BR","potentialAction":[{"@type":"ReadAction","target":["https:\/\/www.contabilizei.com.br\/contabilidade-online\/autonomo-precisa-declarar-imposto-de-renda\/"]}]},{"@type":"ImageObject","inLanguage":"pt-BR","@id":"https:\/\/www.contabilizei.com.br\/contabilidade-online\/autonomo-precisa-declarar-imposto-de-renda\/#primaryimage","url":"https:\/\/www.contabilizei.com.br\/contabilidade-online\/wp-content\/uploads\/2022\/04\/autonomo-precisa-declarar-imposto-de-renda.png?wsr","contentUrl":"https:\/\/www.contabilizei.com.br\/contabilidade-online\/wp-content\/uploads\/2022\/04\/autonomo-precisa-declarar-imposto-de-renda.png?wsr","width":1270,"height":720},{"@type":"BreadcrumbList","@id":"https:\/\/www.contabilizei.com.br\/contabilidade-online\/autonomo-precisa-declarar-imposto-de-renda\/#breadcrumb","itemListElement":[{"@type":"ListItem","position":1,"name":"Home","item":"https:\/\/www.contabilizei.com.br\/contabilidade-online\/"},{"@type":"ListItem","position":2,"name":"Aut\u00f4nomo","item":"https:\/\/www.contabilizei.com.br\/contabilidade-online\/tudo-sobre-autonomo\/"},{"@type":"ListItem","position":3,"name":"Aut\u00f4nomo precisa declarar Imposto de Renda 2026?"}]},{"@type":"WebSite","@id":"https:\/\/www.contabilizei.com.br\/contabilidade-online\/#website","url":"https:\/\/www.contabilizei.com.br\/contabilidade-online\/","name":"Blog da Contabilizei","description":"Apoiando o empreendedorismo desde 2013","publisher":{"@id":"https:\/\/www.contabilizei.com.br\/contabilidade-online\/#organization"},"potentialAction":[{"@type":"SearchAction","target":{"@type":"EntryPoint","urlTemplate":"https:\/\/www.contabilizei.com.br\/contabilidade-online\/?s={search_term_string}"},"query-input":{"@type":"PropertyValueSpecification","valueRequired":true,"valueName":"search_term_string"}}],"inLanguage":"pt-BR"},{"@type":"Organization","@id":"https:\/\/www.contabilizei.com.br\/contabilidade-online\/#organization","name":"Contabilizei Contabilidade","url":"https:\/\/www.contabilizei.com.br\/contabilidade-online\/","logo":{"@type":"ImageObject","inLanguage":"pt-BR","@id":"https:\/\/www.contabilizei.com.br\/contabilidade-online\/#\/schema\/logo\/image\/","url":"","contentUrl":"","caption":"Contabilizei Contabilidade"},"image":{"@id":"https:\/\/www.contabilizei.com.br\/contabilidade-online\/#\/schema\/logo\/image\/"},"sameAs":["https:\/\/www.facebook.com\/Contabilizei\/","https:\/\/x.com\/contabilizei","https:\/\/www.instagram.com\/contabilizei\/","https:\/\/www.linkedin.com\/company\/contabilizei\/","https:\/\/www.youtube.com\/channel\/UCNAlIbSjWxrDLDllQUug8dA","https:\/\/pt.wikipedia.org\/wiki\/Contabilizei"]},{"@type":"Person","@id":"https:\/\/www.contabilizei.com.br\/contabilidade-online\/#\/schema\/person\/a7161c59bbb8d0c2aaa5639b246b6ccb","name":"Charles Gularte","image":{"@type":"ImageObject","inLanguage":"pt-BR","@id":"https:\/\/www.contabilizei.com.br\/contabilidade-online\/#\/schema\/person\/image\/","url":"https:\/\/secure.gravatar.com\/avatar\/b922f18ccf5954cb1804eedf01131f87?s=96&d=mm&r=g","contentUrl":"https:\/\/secure.gravatar.com\/avatar\/b922f18ccf5954cb1804eedf01131f87?s=96&d=mm&r=g","caption":"Charles Gularte"},"description":"Contador t\u00e9cnico e respons\u00e1vel na Contabilizei desde 2015. Charles Gularte \u00e9 s\u00f3cio-diretor de contabilidade e rela\u00e7\u00f5es institucionais, respons\u00e1vel t\u00e9cnico da empresa e contador h\u00e1 mais de 20 anos (CRC PR-045113\/O-7). Atualmente \u00e9 l\u00edder do maior time de contadores certificados do Brasil, onde garante um modelo operacional escal\u00e1vel e sustent\u00e1vel, que entrega servi\u00e7o, atendimento e suporte com excel\u00eancia a mais de 100 mil micros e pequenos empreendedores. Formado em Ci\u00eancias Cont\u00e1beis pela FAE Centro Universit\u00e1rio e com MBA em Gest\u00e3o Empresarial, Administra\u00e7\u00e3o e Neg\u00f3cios pela FGV, iniciou a carreira em um escrit\u00f3rio de contabilidade e seguiu para o mundo corporativo, onde \u00e9 refer\u00eancia profissional quando se trata de uma rotina cont\u00e1bil segura, transparente e confi\u00e1vel no pa\u00eds.","sameAs":["https:\/\/www.facebook.com\/Contabilizei\/","https:\/\/www.instagram.com\/contabilizei\/","https:\/\/www.linkedin.com\/in\/charlesgularte\/","https:\/\/www.youtube.com\/channel\/UCNAlIbSjWxrDLDllQUug8dA"],"url":"https:\/\/www.contabilizei.com.br\/contabilidade-online\/autor\/charles-gularte\/"}]}},"_links":{"self":[{"href":"https:\/\/www.contabilizei.com.br\/contabilidade-online\/wp-json\/wp\/v2\/posts\/31455"}],"collection":[{"href":"https:\/\/www.contabilizei.com.br\/contabilidade-online\/wp-json\/wp\/v2\/posts"}],"about":[{"href":"https:\/\/www.contabilizei.com.br\/contabilidade-online\/wp-json\/wp\/v2\/types\/post"}],"author":[{"embeddable":true,"href":"https:\/\/www.contabilizei.com.br\/contabilidade-online\/wp-json\/wp\/v2\/users\/120"}],"replies":[{"embeddable":true,"href":"https:\/\/www.contabilizei.com.br\/contabilidade-online\/wp-json\/wp\/v2\/comments?post=31455"}],"version-history":[{"count":0,"href":"https:\/\/www.contabilizei.com.br\/contabilidade-online\/wp-json\/wp\/v2\/posts\/31455\/revisions"}],"wp:featuredmedia":[{"embeddable":true,"href":"https:\/\/www.contabilizei.com.br\/contabilidade-online\/wp-json\/wp\/v2\/media\/31456"}],"wp:attachment":[{"href":"https:\/\/www.contabilizei.com.br\/contabilidade-online\/wp-json\/wp\/v2\/media?parent=31455"}],"wp:term":[{"taxonomy":"category","embeddable":true,"href":"https:\/\/www.contabilizei.com.br\/contabilidade-online\/wp-json\/wp\/v2\/categories?post=31455"},{"taxonomy":"post_tag","embeddable":true,"href":"https:\/\/www.contabilizei.com.br\/contabilidade-online\/wp-json\/wp\/v2\/tags?post=31455"},{"taxonomy":"cta-tags","embeddable":true,"href":"https:\/\/www.contabilizei.com.br\/contabilidade-online\/wp-json\/wp\/v2\/cta-tags?post=31455"}],"curies":[{"name":"wp","href":"https:\/\/api.w.org\/{rel}","templated":true}]}}