{"id":30865,"date":"2022-02-14T10:55:43","date_gmt":"2022-02-14T13:55:43","guid":{"rendered":"https:\/\/site-static-prd1.ctbz.com.br\/contabilidade-online\/?p=30865"},"modified":"2022-10-11T18:06:14","modified_gmt":"2022-10-11T21:06:14","slug":"site-para-advogado","status":"publish","type":"post","link":"https:\/\/www.contabilizei.com.br\/contabilidade-online\/site-para-advogado\/","title":{"rendered":"Site para advogado: qual a import\u00e2ncia e como criar?"},"content":{"rendered":"\n<p><strong><em>O site para <a href=\"https:\/\/www.contabilizei.com.br\/contabilidade-online\/advogado-e-profissional-liberal\/\">advogado<\/a> \u00e9 uma ferramenta que ajuda na divulga\u00e7\u00e3o do trabalho desse profissional na web, gerando credibilidade e contribuindo para atrair novos clientes.<\/em><\/strong><\/p>\n\n\n\n<p>O site para <a href=\"https:\/\/www.contabilizei.com.br\/contabilidade-online\/advogado-e-profissional-liberal\/\">advogado<\/a> \u00e9 uma importante <strong>ferramenta de divulga\u00e7\u00e3o do trabalho<\/strong> desse profissional. Um dos motivos que respaldam essa afirma\u00e7\u00e3o \u00e9 que, praticamente, todas as compras e contrata\u00e7\u00f5es de servi\u00e7o que uma pessoa precisa fazer come\u00e7am com uma pesquisa na internet.<\/p>\n\n\n\n<p>Um levantamento divulgado no <a href=\"https:\/\/esportes.yahoo.com\/noticias\/brasil-e-o-segundo-pais-que-mais-faz-buscas-no-google-145324426.html\" target=\"_blank\" rel=\"noreferrer noopener\">portal Yahoo!<\/a> apontou que o Brasil \u00e9 o segundo pa\u00eds do mundo que mais faz buscas no Google, com 92,58% da popula\u00e7\u00e3o usando esse mecanismo de pesquisa.<\/p>\n\n\n\n<p>Segundo o mesmo estudo, s\u00e3o mais de 139 milh\u00f5es de brasileiros que utilizam a internet constantemente para as mais variadas atividades.<\/p>\n\n\n\n<p>O que queremos dizer com esses n\u00fameros \u00e9 que <strong>estar presente na web \u00e9 uma maneira de ir ao encontro de potenciais clientes<\/strong>, pessoas que est\u00e3o, diariamente, \u00e0 procura de servi\u00e7os advocat\u00edcios como os seus para ajud\u00e1-las a solucionar variados problemas.<\/p>\n\n\n\n<p>Ou seja, essa \u00e9 mais uma maneira de captar clientes, indo al\u00e9m da indica\u00e7\u00e3o feita por quem j\u00e1 usufruiu do seu atendimento.<\/p>\n\n\n\n<p>Mas como fazer um site para <a href=\"https:\/\/www.contabilizei.com.br\/contabilidade-online\/advogado-e-profissional-liberal\/\">advogado<\/a> que chame a aten\u00e7\u00e3o do p\u00fablico? O que o C\u00f3digo de \u00c9tica da OAB, Ordem dos Advogados do Brasil, fala sobre essa pr\u00e1tica?&nbsp;<\/p>\n\n\n\n<p>Continue a leitura deste artigo e confira todas as respostas e orienta\u00e7\u00f5es sobre esse tema.<\/p>\n\n\n\n<h2 class=\"wp-block-heading\" class=\"wp-block-heading\" id=\"qual-a-importancia-de-um-site-para-advogado\">Qual a import\u00e2ncia de um site para advogado?<\/h2>\n\n\n\n<p>Uma das raz\u00f5es pelas quais \u00e9 bem importante criar um site para <a href=\"https:\/\/www.contabilizei.com.br\/contabilidade-online\/advogado-e-profissional-liberal\/\">advogado<\/a> \u00e9 para <strong>conseguir marcar presen\u00e7a na internet<\/strong>.<\/p>\n\n\n\n<p>Assim como dissemos logo no in\u00edcio deste artigo, quando uma pessoa precisa comprar algo, ou contratar um servi\u00e7o, a primeira atitude que ela costuma ter \u00e9 fazer uma pesquisa nas plataformas de busca, sendo o Google a mais comumente utilizada.<\/p><div id=\"conta-3140266675\" class=\"cta-bulk ga-cta-imagem-conteudo conta-cont-6p-cta-bulk conta-entity-placement\" style=\"margin-top: 30px;margin-bottom: 30px;\"><a href=\"https:\/\/www.contabilizei.com.br\/abrir-empresa\/\" aria-label=\"01\"><img loading=\"lazy\" decoding=\"async\" src=\"https:\/\/www.contabilizei.com.br\/contabilidade-online\/wp-content\/uploads\/2021\/07\/01.jpg?wsr\" alt=\"\"  srcset=\"https:\/\/www.contabilizei.com.br\/contabilidade-online\/wp-content\/uploads\/2021\/07\/01.jpg 615w, https:\/\/www.contabilizei.com.br\/contabilidade-online\/wp-content\/uploads\/2021\/07\/01-300x146.jpg 300w\" sizes=\"(max-width: 615px) 100vw, 615px\" width=\"615\" height=\"300\"  style=\"display: inline-block;\" \/><\/a><\/div>\n\n\n\n<p>Ter um site bem elaborado, com estrutura pensada para que os motores de busca dessas p\u00e1ginas o encontre, eleva as chances de ele ser indicado para o p\u00fablico interessado.<\/p>\n\n\n\n<p>Mas al\u00e9m da quest\u00e3o do <strong>alcance de potenciais clientes<\/strong>, \u00e9 preciso destacar que ter um site para advogados <strong>atribui muito mais profissionalismo<\/strong>.&nbsp;<\/p>\n\n\n\n<p>Esse princ\u00edpio \u00e9 similar ao obtido quando se entende a import\u00e2ncia de ter um <a href=\"https:\/\/www.contabilizei.com.br\/contabilidade-online\/cnpj-advogados-como-abrir\/\" target=\"_blank\" rel=\"noreferrer noopener\">CNPJ para advogados<\/a>.\u00a0<\/p>\n\n\n\n<p>\u00c9 certo que esse profissional pode trabalhar de forma aut\u00f4noma, por\u00e9m, ter um neg\u00f3cio formalizado ajuda a diminuir os custos com pagamento de impostos, e a tend\u00eancia \u00e9 que <strong>seus servi\u00e7os sejam vistos com muito mais credibilidade pelos contratantes<\/strong>.<\/p>\n\n\n\n<p>Indo mais \u00e0 frente, ter o pr\u00f3prio CNPJ pode ser um caminho para atender n\u00e3o s\u00f3 pessoas f\u00edsicas, mas tamb\u00e9m pessoas jur\u00eddicas, considerando que as companhias, de modo geral, solicitam empresa aberta e emiss\u00e3o de nota fiscal para contratar prestadores de servi\u00e7o.<\/p>\n\n\n\n<p>Ou seja, ter um CNPJ e criar um site para advogados tamb\u00e9m s\u00e3o formas de conquistar mais clientes.<\/p>\n\n\n\n<figure class=\"wp-block-image size-full is-resized\"><img loading=\"lazy\" decoding=\"async\" src=\"\/contabilidade-online\/wp-content\/uploads\/2022\/02\/site-para-advogado-homem-trabalhando-scaled.jpg\" alt=\"\" class=\"wp-image-30867\" width=\"840\" height=\"560\"\/><\/figure>\n\n\n\n<h2 class=\"wp-block-heading\" class=\"wp-block-heading\" id=\"o-que-diz-o-codigo-de-etica-da-oab-sobre-os-sites-para-advogados\">O que diz o C\u00f3digo de \u00c9tica da OAB sobre os sites para advogados?\u00a0<\/h2>\n\n\n\n<p>O <a href=\"https:\/\/www.oab.org.br\/visualizador\/19\/codigo-de-etica-e-disciplina\" target=\"_blank\" rel=\"noreferrer noopener\">C\u00f3digo de \u00c9tica da OAB<\/a> n\u00e3o faz nenhuma men\u00e7\u00e3o contr\u00e1ria \u00e0 cria\u00e7\u00e3o e\/ou divulga\u00e7\u00e3o de um site para advogados. Isso quer dizer que <strong>\u00e9 poss\u00edvel utilizar esse recurso sem ferir as determina\u00e7\u00f5es do conselho.<\/strong><\/p>\n\n\n\n<p>No entanto, no que se refere \u00e0 publicidade permitida a esses profissionais, \u00e9 preciso se atentar a algumas indica\u00e7\u00f5es previstas no cap\u00edtulo IV do c\u00f3digo que podem refletir na montagem do site, por exemplo:<\/p>\n\n\n\n<p><em>\u201cArt. 28. O&nbsp; advogado&nbsp; pode&nbsp; anunciar&nbsp; os&nbsp; seus&nbsp; servi\u00e7os&nbsp; profissionais,&nbsp; individual&nbsp; ou<\/em><\/p>\n\n\n\n<p><em>coletivamente, com discri\u00e7\u00e3o e modera\u00e7\u00e3o, para finalidade exclusivamente informativa,<\/em><\/p>\n\n\n\n<p><em>vedada a divulga\u00e7\u00e3o em conjunto com outra atividade<\/em>.<\/p>\n\n\n\n<p><em>Art. 29. O an\u00fancio&nbsp; deve&nbsp; mencionar&nbsp; o&nbsp; nome&nbsp; completo&nbsp; do&nbsp; advogado&nbsp; e&nbsp; o&nbsp; n\u00famero&nbsp; da inscri\u00e7\u00e3o&nbsp; na&nbsp; OAB,&nbsp; podendo&nbsp; fazer&nbsp; refer\u00eancia&nbsp; a&nbsp; t\u00edtulos&nbsp; ou&nbsp; qualifica\u00e7\u00f5es&nbsp; profissionais, especializa\u00e7\u00e3o t\u00e9cnico-cient\u00edfica e associa\u00e7\u00f5es culturais e cient\u00edficas, endere\u00e7os, hor\u00e1rio do expediente e meios de comunica\u00e7\u00e3o, vedadas a sua veicula\u00e7\u00e3o pelo r\u00e1dio e televis\u00e3o e a denomina\u00e7\u00e3o de fantasia.<\/em><\/p>\n\n\n\n<p><em>Art.&nbsp; 31. O&nbsp; an\u00fancio&nbsp; n\u00e3o&nbsp; deve&nbsp; conter fotografias,&nbsp; ilustra\u00e7\u00f5es,&nbsp; cores,&nbsp; figuras,&nbsp; desenhos, logotipos,&nbsp; marcas&nbsp; ou&nbsp; s\u00edmbolos incompat\u00edveis&nbsp; com&nbsp; a&nbsp; sobriedade&nbsp; da&nbsp; advocacia, sendo<\/em><\/p>\n\n\n\n<p><em>proibido&nbsp; o&nbsp; uso&nbsp; dos&nbsp; s\u00edmbolos&nbsp; oficiais&nbsp; e&nbsp; dos&nbsp; que&nbsp; sejam&nbsp; utilizados&nbsp; pela&nbsp; Ordem&nbsp; dos Advogados do Brasil.<\/em><\/p>\n\n\n\n<p><em>Art. 33. O <a href=\"https:\/\/www.contabilizei.com.br\/contabilidade-online\/advogado-e-profissional-liberal\/\">advogado<\/a> deve abster-se de:<\/em><\/p>\n\n\n\n<p><em>I \u2013 responder &nbsp; com &nbsp; habitualidade &nbsp; consulta &nbsp; sobre &nbsp; mat\u00e9ria &nbsp; jur\u00eddica, &nbsp; nos &nbsp; meios &nbsp; de<\/em><\/p>\n\n\n\n<p><em>comunica\u00e7\u00e3o social, com intuito de promover-se profissionalmente;<\/em><\/p>\n\n\n\n<p><em>II \u2013 debater, em qualquer ve\u00edculo de divulga\u00e7\u00e3o, causa sob seu patroc\u00ednio ou patroc\u00ednio<\/em><\/p>\n\n\n\n<p><em>de colega;<\/em><\/p>\n\n\n\n<p><em>III \u2013 abordar tema de modo a comprometer a dignidade da profiss\u00e3o e da institui\u00e7\u00e3o que<\/em><\/p>\n\n\n\n<p><em>o congrega;<\/em><\/p>\n\n\n\n<p><em>IV \u2013 divulgar ou deixar que seja divulgada a lista de clientes e demandas;<\/em><\/p>\n\n\n\n<p><em>V \u2013 insinuar-se para reportagens e declara\u00e7\u00f5es p\u00fablicas<\/em>\u201d.<\/p>\n\n\n\n<h2 class=\"wp-block-heading\" class=\"wp-block-heading\" id=\"como-criar-um-site-para-advogado-7-passos\">Como criar um site para advogado? 7 passos\u00a0<\/h2>\n\n\n\n<p>Para criar um site para <a href=\"https:\/\/www.contabilizei.com.br\/contabilidade-online\/advogado-e-profissional-liberal\/\">advogado<\/a>, \u00e9 sugerido que voc\u00ea siga estes sete passos:<\/p>\n\n\n\n<ol><li>Escolha o nome do seu site e providencie o registro<\/li><li>Pense na estrutura do seu site<\/li><li>Defina a forma como ele ser\u00e1 montado<\/li><li>Contrate um servi\u00e7o de hospedagem<\/li><li>Inicie sua produ\u00e7\u00e3o de conte\u00fados<\/li><li>Coloque o seu site no ar<\/li><li>Comece a divulga\u00e7\u00e3o<\/li><\/ol>\n\n\n\n<h3 class=\"wp-block-heading\">1. Escolha o nome do seu site e providencie o registro<\/h3>\n\n\n\n<p>A escolha do nome do seu site refletir\u00e1 no endere\u00e7o que ele receber\u00e1. Vamos imaginar um profissional que atua sozinho, por exemplo, Dr Jo\u00e3o, <a href=\"https:\/\/www.contabilizei.com.br\/contabilidade-online\/advogado-e-profissional-liberal\/\">advogado<\/a> trabalhista. Nesse caso, o endere\u00e7o web pode ser algo como \u201cwww.drjoaoadvogadotrabalhista.com.br\u201d.<\/p>\n\n\n\n<p>Se for uma <a href=\"https:\/\/www.contabilizei.com.br\/contabilidade-online\/vantagens-sociedade-advogados\/\" target=\"_blank\" rel=\"noreferrer noopener\">sociedade de advogados<\/a>, o princ\u00edpio \u00e9 o mesmo, como neste exemplo: Sociedade Advocat\u00edcia Civil, endere\u00e7o web \u201c<a href=\"http:\/\/www.sociedadeadvocaticiacivil.com.br\" target=\"_blank\" rel=\"noreferrer noopener\">www.sociedadeadvocaticiacivil.com.br<\/a>\u201d.<\/p>\n\n\n\n<p>Feita a escolha \u00e9 preciso verificar se o nome j\u00e1 n\u00e3o est\u00e1 sendo utilizado por outro profissional e, caso n\u00e3o esteja, providenciar o seu registro. Essas duas etapas podem ser feitas no site do Registro.br.<\/p>\n\n\n\n<p>O tempo de validade do dom\u00ednio pode variar de 12 meses a 10 anos, e o custo depende do per\u00edodo contratado. Lembrando que, se esse prazo expirar e n\u00e3o for renovado, voc\u00ea perde o seu endere\u00e7o web, o qual pode passar a ser usado por outra pessoa.<\/p>\n\n\n\n<h3 class=\"wp-block-heading\">2. Pense na estrutura do seu site<\/h3>\n\n\n\n<p>A estrutura de um site \u00e9, basicamente, a defini\u00e7\u00e3o das p\u00e1ginas que ele ter\u00e1, seu layout, cores e imagens que ser\u00e3o utilizadas.<\/p>\n\n\n\n<p>De modo geral, \u00e9 interessante que ele tenha:<\/p>\n\n\n\n<ul><li>p\u00e1gina inicial ou home;<\/li><li>quem somos, ou sobre;<\/li><li>servi\u00e7os oferecidos;<\/li><li>blog;<\/li><li>contato, ou fale conosco.<\/li><\/ul>\n\n\n\n<figure class=\"wp-block-image size-full\"><img decoding=\"async\" src=\"\/contabilidade-online\/wp-content\/uploads\/2022\/02\/site-para-advogado-pessoas-olhando-site-scaled.jpg\" alt=\"site-para-advogado-pessoas-olhando-site\" class=\"wp-image-30868\"\/><\/figure>\n\n\n\n<h3 class=\"wp-block-heading\">3. Defina a forma como ele ser\u00e1 montado<\/h3>\n\n\n\n<p>H\u00e1, ao menos, duas formas de montar um site, que s\u00e3o:<\/p>\n\n\n\n<ul><li>por conta pr\u00f3pria;<\/li><li>contratando um profissional.<\/li><\/ul>\n\n\n\n<p>Por conta pr\u00f3pria, o <a href=\"https:\/\/www.contabilizei.com.br\/contabilidade-online\/advogado-e-profissional-liberal\/\">advogado<\/a> que tem conhecimento em montagem de sites (programa\u00e7\u00e3o, CMS, configura\u00e7\u00e3o DNS etc) pode come\u00e7ar do zero e criar um de acordo com as suas necessidades.<\/p>\n\n\n\n<p>Para aqueles que n\u00e3o t\u00eam essa habilidade, mas, mesmo assim, querem montar o site sem contratar terceiros, \u00e9 poss\u00edvel utilizar plataformas com modelos prontos que exigem apenas alguns ajustes no layout, como o WordPress e o Wix.<\/p>\n\n\n\n<p>Por fim, pode ser mais pr\u00e1tico contratar um especialista na cria\u00e7\u00e3o de sites. Dessa forma, basta passar o direcionamento do que espera que seja inserido, cores e outras defini\u00e7\u00f5es, e aguardar a entrega do servi\u00e7o.<\/p>\n\n\n\n<h3 class=\"wp-block-heading\">4. Contrate um servi\u00e7o de hospedagem<\/h3>\n\n\n\n<p>O servi\u00e7o de hospedagem depende da escolha anterior. Geralmente, quando se usa uma plataforma pronta, como o WordPress, isso n\u00e3o \u00e9 preciso. J\u00e1 para sites personalizados, como os criados por profissionais, essa contrata\u00e7\u00e3o se faz necess\u00e1ria.<\/p>\n\n\n\n<p>Nesse \u00faltimo caso \u00e9 preciso verificar, al\u00e9m do valor cobrado pela hospedagem, pontos como:<\/p>\n\n\n\n<ul><li>espa\u00e7o de armazenamento oferecido;<\/li><li>quantos e-mails personalizados podem ser criados;<\/li><li>se h\u00e1 certificado de seguran\u00e7a (SSL).<\/li><\/ul>\n\n\n\n<h3 class=\"wp-block-heading\">5. Inicie sua produ\u00e7\u00e3o de conte\u00fados<\/h3>\n\n\n\n<p>E lembra que na parte da estrutura falamos que \u00e9 interessante ter um blog? \u00c9 por meio dele que voc\u00ea oferecer\u00e1 os conte\u00fados criados, sendo que isso tamb\u00e9m ajuda bastante para que o seu site seja encontrado e sugerido pelas plataformas de pesquisa, como o Google.<\/p>\n\n\n\n<p>Na hora de iniciar a sua produ\u00e7\u00e3o de conte\u00fado, pense em temas que s\u00e3o relevantes para o seu p\u00fablico-alvo e que respondam \u00e0s suas principais d\u00favidas de forma esclarecedora.<\/p>\n\n\n\n<h3 class=\"wp-block-heading\">6. Coloque o seu site no ar<\/h3>\n\n\n\n<p>Com as etapas anteriores conclu\u00eddas, voc\u00ea j\u00e1 pode colocar o seu site no ar. Se tiver contratado um profissional de cria\u00e7\u00e3o, todos os tr\u00e2mites necess\u00e1rios para isso tendem a ser feitos por ele.&nbsp;<\/p>\n\n\n\n<p>Mas se criou o site por conta, geralmente as plataformas prontas t\u00eam a op\u00e7\u00e3o de publica\u00e7\u00e3o, bastando adicion\u00e1-la.<\/p>\n\n\n\n<h3 class=\"wp-block-heading\">7. Comece a divulga\u00e7\u00e3o<\/h3>\n\n\n\n<p>Para ajudar o seu site a se tornar conhecido, voc\u00ea pode promover a divulga\u00e7\u00e3o. Redes sociais como o LinkedIn podem ser uma boa op\u00e7\u00e3o para isso.&nbsp;<\/p>\n\n\n\n<p>No Google, as op\u00e7\u00f5es \u201cGoogle Meu Neg\u00f3cio\u201d (gratuito), e \u201cGoogle Ads\u201d (pago) tamb\u00e9m podem ajudar a tornar o seu endere\u00e7o web e os seus servi\u00e7os mais conhecidos.<\/p>\n\n\n\n<p>Anteriormente falamos que ter um CNPJ \u00e9 outra maneira de gerar mais credibilidade, profissionalismo e at\u00e9 de conquistar novos clientes. Se achou essa sugest\u00e3o interessante, saiba que a Contabilizei pode ajudar voc\u00ea a <a href=\"https:\/\/www.contabilizei.com.br\/abrir-empresa\/\" target=\"_blank\" rel=\"noreferrer noopener\">abrir empresa<\/a> de advocacia.<\/p>\n\n\n\n<p>Com o suporte de um <a href=\"https:\/\/www.contabilizei.com.br\/contador-online\/\" target=\"_blank\" rel=\"noreferrer noopener\">contador online<\/a> todo o processo \u00e9 realizado via internet, sem que voc\u00ea precise sair da sua casa ou do seu escrit\u00f3rio.<br>Acesse agora mesmo o <a href=\"https:\/\/www.contabilizei.com.br\/\" target=\"_blank\" rel=\"noreferrer noopener\">site da Contabilizei<\/a>, confira servi\u00e7os, planos e aproveite para <a href=\"https:\/\/www.contabilizei.com.br\/#vamosComecar\" target=\"_blank\" rel=\"noreferrer noopener\"><strong>conversar com um especialista<\/strong><\/a>!<\/p>\n","protected":false},"excerpt":{"rendered":"<p>O site para advogado \u00e9 uma ferramenta que ajuda na divulga\u00e7\u00e3o do trabalho desse profissional na web, gerando credibilidade e&#8230;<\/p>\n","protected":false},"author":62,"featured_media":30866,"comment_status":"open","ping_status":"closed","sticky":false,"template":"","format":"standard","meta":{"footnotes":""},"categories":[243],"tags":[],"cta-tags":[],"acf":[],"yoast_head":"<!-- This site is optimized with the Yoast SEO plugin v24.5 - https:\/\/yoast.com\/wordpress\/plugins\/seo\/ -->\n<title>Site para advogado: qual a import\u00e2ncia e como criar?<\/title>\n<meta name=\"description\" content=\"Saiba qual a import\u00e2ncia de advogado ter um site, veja o que o C\u00f3digo de \u00c9tica da OAB diz a respeito e o passo a passo para criar o seu site.\" \/>\n<meta name=\"robots\" content=\"index, follow\" \/>\n<link rel=\"canonical\" href=\"https:\/\/www.contabilizei.com.br\/contabilidade-online\/site-para-advogado\/\" \/>\n<meta property=\"og:locale\" content=\"pt_BR\" \/>\n<meta property=\"og:type\" content=\"article\" \/>\n<meta property=\"og:title\" content=\"Site para advogado: qual a import\u00e2ncia e como criar?\" \/>\n<meta property=\"og:description\" content=\"Saiba qual a import\u00e2ncia de advogado ter um site, veja o que o C\u00f3digo de \u00c9tica da OAB diz a respeito e o passo a passo para criar o seu site.\" \/>\n<meta property=\"og:url\" content=\"https:\/\/www.contabilizei.com.br\/contabilidade-online\/site-para-advogado\/\" \/>\n<meta property=\"og:site_name\" content=\"Blog da Contabilizei\" \/>\n<meta property=\"article:publisher\" content=\"https:\/\/www.facebook.com\/Contabilizei\/\" \/>\n<meta property=\"article:author\" content=\"https:\/\/www.facebook.com\/Contabilizei\/\" \/>\n<meta property=\"article:published_time\" content=\"2022-02-14T13:55:43+00:00\" \/>\n<meta property=\"article:modified_time\" content=\"2022-10-11T21:06:14+00:00\" \/>\n<meta property=\"og:image\" content=\"https:\/\/www.contabilizei.com.br\/contabilidade-online\/wp-content\/uploads\/2022\/02\/site-para-advogado.jpg\" \/>\n\t<meta property=\"og:image:width\" content=\"1280\" \/>\n\t<meta property=\"og:image:height\" content=\"720\" \/>\n\t<meta property=\"og:image:type\" content=\"image\/jpeg\" \/>\n<meta name=\"author\" content=\"Vitor Torres\" \/>\n<meta name=\"twitter:card\" content=\"summary_large_image\" \/>\n<meta name=\"twitter:creator\" content=\"@contabilizei\" \/>\n<meta name=\"twitter:site\" content=\"@contabilizei\" \/>\n<meta name=\"twitter:label1\" content=\"Escrito por\" \/>\n\t<meta name=\"twitter:data1\" content=\"Vitor Torres\" \/>\n\t<meta name=\"twitter:label2\" content=\"Est. tempo de leitura\" \/>\n\t<meta name=\"twitter:data2\" content=\"8 minutos\" \/>\n<!-- \/ Yoast SEO plugin. -->","yoast_head_json":{"title":"Site para advogado: qual a import\u00e2ncia e como criar?","description":"Saiba qual a import\u00e2ncia de advogado ter um site, veja o que o C\u00f3digo de \u00c9tica da OAB diz a respeito e o passo a passo para criar o seu site.","robots":{"index":"index","follow":"follow"},"canonical":"https:\/\/www.contabilizei.com.br\/contabilidade-online\/site-para-advogado\/","og_locale":"pt_BR","og_type":"article","og_title":"Site para advogado: qual a import\u00e2ncia e como criar?","og_description":"Saiba qual a import\u00e2ncia de advogado ter um site, veja o que o C\u00f3digo de \u00c9tica da OAB diz a respeito e o passo a passo para criar o seu site.","og_url":"https:\/\/www.contabilizei.com.br\/contabilidade-online\/site-para-advogado\/","og_site_name":"Blog da Contabilizei","article_publisher":"https:\/\/www.facebook.com\/Contabilizei\/","article_author":"https:\/\/www.facebook.com\/Contabilizei\/","article_published_time":"2022-02-14T13:55:43+00:00","article_modified_time":"2022-10-11T21:06:14+00:00","og_image":[{"width":1280,"height":720,"url":"https:\/\/www.contabilizei.com.br\/contabilidade-online\/wp-content\/uploads\/2022\/02\/site-para-advogado.jpg","type":"image\/jpeg"}],"author":"Vitor Torres","twitter_card":"summary_large_image","twitter_creator":"@contabilizei","twitter_site":"@contabilizei","twitter_misc":{"Escrito por":"Vitor Torres","Est. tempo de leitura":"8 minutos"},"schema":{"@context":"https:\/\/schema.org","@graph":[{"@type":"Article","@id":"https:\/\/www.contabilizei.com.br\/contabilidade-online\/site-para-advogado\/#article","isPartOf":{"@id":"https:\/\/www.contabilizei.com.br\/contabilidade-online\/site-para-advogado\/"},"author":{"name":"Vitor Torres","@id":"https:\/\/www.contabilizei.com.br\/contabilidade-online\/#\/schema\/person\/87b4deaa44cff57e9234db891c5f72c0"},"headline":"Site para advogado: qual a import\u00e2ncia e como criar?","datePublished":"2022-02-14T13:55:43+00:00","dateModified":"2022-10-11T21:06:14+00:00","mainEntityOfPage":{"@id":"https:\/\/www.contabilizei.com.br\/contabilidade-online\/site-para-advogado\/"},"wordCount":1696,"commentCount":0,"publisher":{"@id":"https:\/\/www.contabilizei.com.br\/contabilidade-online\/#organization"},"image":{"@id":"https:\/\/www.contabilizei.com.br\/contabilidade-online\/site-para-advogado\/#primaryimage"},"thumbnailUrl":"https:\/\/www.contabilizei.com.br\/contabilidade-online\/wp-content\/uploads\/2022\/02\/site-para-advogado.jpg?wsr","articleSection":["Advogado"],"inLanguage":"pt-BR","potentialAction":[{"@type":"CommentAction","name":"Comment","target":["https:\/\/www.contabilizei.com.br\/contabilidade-online\/site-para-advogado\/#respond"]}]},{"@type":"WebPage","@id":"https:\/\/www.contabilizei.com.br\/contabilidade-online\/site-para-advogado\/","url":"https:\/\/www.contabilizei.com.br\/contabilidade-online\/site-para-advogado\/","name":"Site para advogado: qual a import\u00e2ncia e como criar?","isPartOf":{"@id":"https:\/\/www.contabilizei.com.br\/contabilidade-online\/#website"},"primaryImageOfPage":{"@id":"https:\/\/www.contabilizei.com.br\/contabilidade-online\/site-para-advogado\/#primaryimage"},"image":{"@id":"https:\/\/www.contabilizei.com.br\/contabilidade-online\/site-para-advogado\/#primaryimage"},"thumbnailUrl":"https:\/\/www.contabilizei.com.br\/contabilidade-online\/wp-content\/uploads\/2022\/02\/site-para-advogado.jpg?wsr","datePublished":"2022-02-14T13:55:43+00:00","dateModified":"2022-10-11T21:06:14+00:00","description":"Saiba qual a import\u00e2ncia de advogado ter um site, veja o que o C\u00f3digo de \u00c9tica da OAB diz a respeito e o passo a passo para criar o seu site.","breadcrumb":{"@id":"https:\/\/www.contabilizei.com.br\/contabilidade-online\/site-para-advogado\/#breadcrumb"},"inLanguage":"pt-BR","potentialAction":[{"@type":"ReadAction","target":["https:\/\/www.contabilizei.com.br\/contabilidade-online\/site-para-advogado\/"]}]},{"@type":"ImageObject","inLanguage":"pt-BR","@id":"https:\/\/www.contabilizei.com.br\/contabilidade-online\/site-para-advogado\/#primaryimage","url":"https:\/\/www.contabilizei.com.br\/contabilidade-online\/wp-content\/uploads\/2022\/02\/site-para-advogado.jpg?wsr","contentUrl":"https:\/\/www.contabilizei.com.br\/contabilidade-online\/wp-content\/uploads\/2022\/02\/site-para-advogado.jpg?wsr","width":1280,"height":720},{"@type":"BreadcrumbList","@id":"https:\/\/www.contabilizei.com.br\/contabilidade-online\/site-para-advogado\/#breadcrumb","itemListElement":[{"@type":"ListItem","position":1,"name":"Home","item":"https:\/\/www.contabilizei.com.br\/contabilidade-online\/"},{"@type":"ListItem","position":2,"name":"Advogado","item":"https:\/\/www.contabilizei.com.br\/contabilidade-online\/atividade-advogado\/"},{"@type":"ListItem","position":3,"name":"Site para advogado: qual a import\u00e2ncia e como criar?"}]},{"@type":"WebSite","@id":"https:\/\/www.contabilizei.com.br\/contabilidade-online\/#website","url":"https:\/\/www.contabilizei.com.br\/contabilidade-online\/","name":"Blog da Contabilizei","description":"Apoiando o empreendedorismo desde 2013","publisher":{"@id":"https:\/\/www.contabilizei.com.br\/contabilidade-online\/#organization"},"potentialAction":[{"@type":"SearchAction","target":{"@type":"EntryPoint","urlTemplate":"https:\/\/www.contabilizei.com.br\/contabilidade-online\/?s={search_term_string}"},"query-input":{"@type":"PropertyValueSpecification","valueRequired":true,"valueName":"search_term_string"}}],"inLanguage":"pt-BR"},{"@type":"Organization","@id":"https:\/\/www.contabilizei.com.br\/contabilidade-online\/#organization","name":"Contabilizei Contabilidade","url":"https:\/\/www.contabilizei.com.br\/contabilidade-online\/","logo":{"@type":"ImageObject","inLanguage":"pt-BR","@id":"https:\/\/www.contabilizei.com.br\/contabilidade-online\/#\/schema\/logo\/image\/","url":"","contentUrl":"","caption":"Contabilizei Contabilidade"},"image":{"@id":"https:\/\/www.contabilizei.com.br\/contabilidade-online\/#\/schema\/logo\/image\/"},"sameAs":["https:\/\/www.facebook.com\/Contabilizei\/","https:\/\/x.com\/contabilizei","https:\/\/www.instagram.com\/contabilizei\/","https:\/\/www.linkedin.com\/company\/contabilizei\/","https:\/\/www.youtube.com\/channel\/UCNAlIbSjWxrDLDllQUug8dA","https:\/\/pt.wikipedia.org\/wiki\/Contabilizei"]},{"@type":"Person","@id":"https:\/\/www.contabilizei.com.br\/contabilidade-online\/#\/schema\/person\/87b4deaa44cff57e9234db891c5f72c0","name":"Vitor Torres","image":{"@type":"ImageObject","inLanguage":"pt-BR","@id":"https:\/\/www.contabilizei.com.br\/contabilidade-online\/#\/schema\/person\/image\/","url":"https:\/\/secure.gravatar.com\/avatar\/4d123a72e5de57b92b84e56ac1baa6f6?s=96&d=mm&r=g","contentUrl":"https:\/\/secure.gravatar.com\/avatar\/4d123a72e5de57b92b84e56ac1baa6f6?s=96&d=mm&r=g","caption":"Vitor Torres"},"description":"Vitor Torres \u00e9 fundador e presidente da Contabilizei desde 2013, quando iniciou uma revolu\u00e7\u00e3o ao liderar o movimento de desburocratiza\u00e7\u00e3o da contabilidade no pa\u00eds, tendo alcan\u00e7ado a lideran\u00e7a no segmento durante essa jornada. Hoje tem o prop\u00f3sito de simplificar a vida dos micros e pequenos empreendedores e fortalecer o futuro de cada um dos 100 mil clientes da companhia, transformando o cen\u00e1rio do empreendedorismo no Brasil. O executivo \u00e9 formado em Administra\u00e7\u00e3o pela Universidade Positivo, possui forma\u00e7\u00e3o executiva em Lideran\u00e7a em Escala pela INSEAD, realizou um MBA de Administra\u00e7\u00e3o e Neg\u00f3cios pela Columbia Business School e participou de um Programa de Lideran\u00e7a Executiva em Neg\u00f3cios pela Stanford University Graduate School of Business. Em 2016, foi selecionado como Empreendedor Endeavor. Re\u00fane experi\u00eancia na \u00e1rea de consultoria e an\u00e1lise de neg\u00f3cios, tendo apoiado de forma pioneira no desenvolvimento do ecossistema de startups.","sameAs":["http:\/\/contabilizei.com.br","https:\/\/www.facebook.com\/Contabilizei\/","https:\/\/www.instagram.com\/contabilizei\/","https:\/\/www.linkedin.com\/company\/contabilizei\/","https:\/\/www.youtube.com\/channel\/UCNAlIbSjWxrDLDllQUug8dA"],"url":"https:\/\/www.contabilizei.com.br\/contabilidade-online\/autor\/vitor-torres\/"}]}},"_links":{"self":[{"href":"https:\/\/www.contabilizei.com.br\/contabilidade-online\/wp-json\/wp\/v2\/posts\/30865"}],"collection":[{"href":"https:\/\/www.contabilizei.com.br\/contabilidade-online\/wp-json\/wp\/v2\/posts"}],"about":[{"href":"https:\/\/www.contabilizei.com.br\/contabilidade-online\/wp-json\/wp\/v2\/types\/post"}],"author":[{"embeddable":true,"href":"https:\/\/www.contabilizei.com.br\/contabilidade-online\/wp-json\/wp\/v2\/users\/62"}],"replies":[{"embeddable":true,"href":"https:\/\/www.contabilizei.com.br\/contabilidade-online\/wp-json\/wp\/v2\/comments?post=30865"}],"version-history":[{"count":0,"href":"https:\/\/www.contabilizei.com.br\/contabilidade-online\/wp-json\/wp\/v2\/posts\/30865\/revisions"}],"wp:featuredmedia":[{"embeddable":true,"href":"https:\/\/www.contabilizei.com.br\/contabilidade-online\/wp-json\/wp\/v2\/media\/30866"}],"wp:attachment":[{"href":"https:\/\/www.contabilizei.com.br\/contabilidade-online\/wp-json\/wp\/v2\/media?parent=30865"}],"wp:term":[{"taxonomy":"category","embeddable":true,"href":"https:\/\/www.contabilizei.com.br\/contabilidade-online\/wp-json\/wp\/v2\/categories?post=30865"},{"taxonomy":"post_tag","embeddable":true,"href":"https:\/\/www.contabilizei.com.br\/contabilidade-online\/wp-json\/wp\/v2\/tags?post=30865"},{"taxonomy":"cta-tags","embeddable":true,"href":"https:\/\/www.contabilizei.com.br\/contabilidade-online\/wp-json\/wp\/v2\/cta-tags?post=30865"}],"curies":[{"name":"wp","href":"https:\/\/api.w.org\/{rel}","templated":true}]}}