{"id":30847,"date":"2022-02-11T10:00:40","date_gmt":"2022-02-11T13:00:40","guid":{"rendered":"https:\/\/site-static-prd1.ctbz.com.br\/contabilidade-online\/?p=30847"},"modified":"2025-07-29T12:01:20","modified_gmt":"2025-07-29T15:01:20","slug":"crm-medico","status":"publish","type":"post","link":"https:\/\/www.contabilizei.com.br\/contabilidade-online\/crm-medico\/","title":{"rendered":"CRM m\u00e9dico: principais d\u00favidas sobre o assunto"},"content":{"rendered":"\n<p><strong>O que \u00e9 CRM m\u00e9dico?&nbsp;<\/strong>O primeiro passo para entender o que \u00e9 CRM \u00e9 compreender o significado destas tr\u00eas letras. A sigla, na verdade, faz refer\u00eancia ao <strong>Conselho Regional de Medicina<\/strong>, que s\u00e3o \u00f3rg\u00e3os estaduais, vinculado ao Conselho Federal de Medicina (CFM). <\/p>\n\n\n\n<p>Se voc\u00ea pretende seguir a carreira de m\u00e9dico, \u00e9 estudante de medicina, at\u00e9 mesmo se consultou um m\u00e9dico ou precisou autorizar algum exame, j\u00e1 deve ter ouvido falar em <strong>CRM<\/strong>. Esse \u00e9 um registro imprescind\u00edvel para o profissional formado em Medicina, se quiser atuar na \u00e1rea.<\/p>\n\n\n\n<p>Esta exig\u00eancia \u00e9 definida por lei, conforme transcrevemos abaixo:<\/p>\n\n\n\n<p>Lei Federal n\u00ba 3.268\/57- Art. 17 \u2014 Os m\u00e9dicos s\u00f3 poder\u00e3o exercer legalmente a medicina, em qualquer de seus ramos ou especialidades, ap\u00f3s o pr\u00e9vio registro de seus t\u00edtulos, diplomas, certificados ou cartas no Minist\u00e9rio da Educa\u00e7\u00e3o e Cultura e de sua inscri\u00e7\u00e3o no Conselho Regional de Medicina, sob cuja jurisdi\u00e7\u00e3o se achar o local de sua atividade.<\/p>\n\n\n\n<h2 class=\"wp-block-heading\" class=\"wp-block-heading\" id=\"crm-medico-e-obrigatorio\">CRM m\u00e9dico \u00e9 obrigat\u00f3rio?<\/h2>\n\n\n\n<p>Em todos os estados do Brasil, existem \u00f3rg\u00e3os do tipo que fiscalizam e regulamentam a atua\u00e7\u00e3o dos m\u00e9dicos. No Estado do Amazonas, este \u00f3rg\u00e3o \u00e9 o CREMAM (Conselho Regional de Medicina do Estado do Amazonas), no Rio de Janeiro \u00e9 o CREMDERJ (Conselho Regional de Medicina do Estado do Rio de Janeiro), o CRM-PR (Conselho Regional de Medicina do Estado do Paran\u00e1) \u00e9 o \u00f3rg\u00e3o do Estado do Paran\u00e1 e assim, em todo o territ\u00f3rio brasileiro.<\/p>\n\n\n\n<p>Um profissional da medicina, que deseje atender pacientes no Brasil, <strong>precisa estar vinculado ao conselho regional do estado onde ir\u00e1 atuar<\/strong>. Ao se vincular ao \u00f3rg\u00e3o, o profissional recebe um n\u00famero de registro, que \u00e9 o CRM. \u00c9 um c\u00f3digo \u00fanico, individual, que ir\u00e1 acompanhar o m\u00e9dico por toda a sua trajet\u00f3ria, equivalente ao CPF de um cidad\u00e3o brasileiro.&nbsp;<\/p>\n\n\n\n<p>Ao atuar como m\u00e9dico, al\u00e9m do CRM, pode ser necess\u00e1rio abrir um CNPJ e contratar um contador. Evite erros e multas em sua contabilidade. Conte com o maior time de contadores certificados do Brasil e uma contabilidade segura e completa para pequenos neg\u00f3cios. Da abertura do CNPJ \u00e0 gest\u00e3o cont\u00e1bil: <a href=\"https:\/\/www.contabilizei.com.br\/abrir-empresa\/\" target=\"_blank\" rel=\"noreferrer noopener\">venha para a Contabilizei<\/a>.<\/p>\n\n\n\n<h2 class=\"wp-block-heading\" class=\"wp-block-heading\" id=\"o-que-precisa-para-tirar-o-crm-medico\">O que precisa para tirar o CRM m\u00e9dico?&nbsp;<\/h2>\n\n\n\n<p>Documentos s\u00e3o necess\u00e1rios para a inscri\u00e7\u00e3o:<\/p>\n\n\n\n<p>Para obter o CRM o m\u00e9dico precisa comparecer \u00e0 sede do conselho do seu estado ou ent\u00e3o no \u00f3rg\u00e3o respons\u00e1vel mais pr\u00f3ximo. Os documentos que ele dever\u00e1 apresentar podem variar de acordo com cada estado, mas, na sua maioria, o m\u00e9dico deve apresentar os documentos abaixo:<\/p>\n\n\n\n<ul>\n<li>O diploma original de gradua\u00e7\u00e3o e uma c\u00f3pia frente e verso;<\/li>\n\n\n\n<li>CPF original e c\u00f3pia;<\/li>\n\n\n\n<li>T\u00edtulo de eleitor original e c\u00f3pia;<\/li>\n\n\n\n<li>C\u00e9dula de identidade original e c\u00f3pia;<\/li>\n\n\n\n<li>3 fotos 3\u00d74;<\/li>\n\n\n\n<li>Comprovante de quita\u00e7\u00e3o da anuidade e taxas;<\/li>\n\n\n\n<li>No caso dos homens, certid\u00e3o de reservista das for\u00e7as armadas, original e c\u00f3pia.<\/li>\n<\/ul>\n\n\n\n<figure class=\"wp-block-image size-full is-style-default\"><img decoding=\"async\" src=\"\/contabilidade-online\/wp-content\/uploads\/2022\/02\/attractive-female-doctor-standing-with-documents-at-the-hospital-scaled.jpg\" alt=\"crm-medico-medica-pensativa\" class=\"wp-image-30849\"\/><\/figure>\n\n\n\n<p>Se, eventualmente, faltar algum desses documentos, o \u00f3rg\u00e3o n\u00e3o poder\u00e1 realizar a emiss\u00e3o do t\u00edtulo.<\/p><div id=\"conta-3543854420\" class=\"cta-bulk ga-cta-imagem-conteudo conta-cont-6p-cta-bulk conta-entity-placement\" style=\"margin-top: 30px;margin-bottom: 30px;\"><a href=\"https:\/\/www.contabilizei.com.br\/abrir-empresa\/\" aria-label=\"01\"><img loading=\"lazy\" decoding=\"async\" src=\"https:\/\/www.contabilizei.com.br\/contabilidade-online\/wp-content\/uploads\/2021\/07\/01.jpg?wsr\" alt=\"\"  srcset=\"https:\/\/www.contabilizei.com.br\/contabilidade-online\/wp-content\/uploads\/2021\/07\/01.jpg 615w, https:\/\/www.contabilizei.com.br\/contabilidade-online\/wp-content\/uploads\/2021\/07\/01-300x146.jpg 300w\" sizes=\"(max-width: 615px) 100vw, 615px\" width=\"615\" height=\"300\"  style=\"display: inline-block;\" \/><\/a><\/div>\n\n\n\n<p>Al\u00e9m dos documentos, h\u00e1 alguns procedimentos que precisar\u00e3o ser realizados:<\/p>\n\n\n\n<p>Na maioria dos casos, o requerente deve preencher a pr\u00e9-inscri\u00e7\u00e3o online no site oficial do seu CRM e ap\u00f3s isso, gerar o boleto de pagamento de anuidade e taxas. Logo ap\u00f3s \u00e9 preciso apresentar a documenta\u00e7\u00e3o e o comprovante de pagamento na sede do CRM ou \u00f3rg\u00e3o respons\u00e1vel mais pr\u00f3ximo.<\/p>\n\n\n\n<p>Um ponto de aten\u00e7\u00e3o \u00e9 que a inscri\u00e7\u00e3o s\u00f3 \u00e9 validada quando estiver completa, ou seja, com todos os documentos forem apresentados. Outro detalhe importante \u00e9 que a carteira profissional \u00e9 entregue somente pessoalmente em uma sess\u00e3o solene previamente agendada. O CRM \u00e9 um documento intransfer\u00edvel e \u00fanico. O n\u00famero registrado \u00e9 a garantia que o profissional precisa para exercer a profiss\u00e3o.<\/p>\n\n\n\n<blockquote class=\"wp-block-quote is-layout-flow wp-block-quote-is-layout-flow\">\n<p>Abra seu CNPJ gratuitamente com a Contabilizei. Conhe\u00e7a o plano da <a href=\"https:\/\/www.contabilizei.com.br\/medicos\/\">Contabilizei para Medicina<\/a> e tenha ajuda de um assessor especialista no dia a dia do seu consult\u00f3rio.<\/p>\n<\/blockquote>\n\n\n\n<h2 class=\"wp-block-heading\" class=\"wp-block-heading\" id=\"quanto-custa-para-tirar-o-crm-medico\">Quanto custa para tirar o CRM m\u00e9dico?<\/h2>\n\n\n\n<p>Normalmente a base para a cobran\u00e7a do CRM \u00e9 a anuidade vigente no ano.<\/p>\n\n\n\n<p>Al\u00e9m da anuidade proporcional, outros valore s\u00e3o comprados, conforme listamos abaixo:<\/p>\n\n\n\n<ul>\n<li>Anuidade Proporcional<\/li>\n\n\n\n<li>Carteira profissional<\/li>\n\n\n\n<li>Carteira de identidade<\/li>\n\n\n\n<li>Taxa de inscri\u00e7\u00e3o<\/li>\n<\/ul>\n\n\n\n<p>Mas, como falamos acima, os conselhos s\u00e3o estaduais, ent\u00e3o o valor para emitir o CRM tamb\u00e9m pode variar.<\/p>\n\n\n\n<p>No Estado de S\u00e3o Paulo, para o ano de 2022, um m\u00e9dico rec\u00e9m formado que quer requer seu registro junto ao <a href=\"http:\/\/www.cremesp.org.br\/?siteAcao=Anuidades&amp;Taxa=PessoaFisica\" target=\"_blank\" rel=\"noreferrer noopener\">CREMESP<\/a> ir\u00e1 pagar:<\/p>\n\n\n\n<ul>\n<li>Anuidade Proporcional: R$ 308.80<\/li>\n\n\n\n<li>Carteira profissional: R$ 109.00<\/li>\n\n\n\n<li>Carteira de identidade: R$ 109.00<\/li>\n\n\n\n<li>Taxa de inscri\u00e7\u00e3o: R$ 109.00<\/li>\n\n\n\n<li>Total: R$ 635.80<\/li>\n<\/ul>\n\n\n\n<h2 class=\"wp-block-heading\" class=\"wp-block-heading\" id=\"quanto-tempo-leva-para-sair-o-crm\">Quanto tempo leva para sair o CRM?<\/h2>\n\n\n\n<p>Tamb\u00e9m quanto ao tempo poder\u00e1 haver varia\u00e7\u00e3o, de acordo com a cidade\/estado.<\/p>\n\n\n\n<p>Mas, em m\u00e9dia, leva de 10 a 20 dias.<\/p>\n\n\n\n<h2 class=\"wp-block-heading\" class=\"wp-block-heading\" id=\"precisa-de-prova-para-tirar-o-crm\">Precisa de prova para tirar o CRM?&nbsp;<\/h2>\n\n\n\n<p>Este \u00e9 um assunto bastante pol\u00eamico, que de tempos em tempos entra em discuss\u00e3o a possibilidade da exig\u00eancia de uma prova para emiss\u00e3o de registro, no moldes da Ordem dos Advogados do Brasil. Em 2005, o CREMESP instituiu um exame e tornou-o pr\u00e9-requisito para o formado em Medicina se cadastrar na entidade de classe e trabalhar como m\u00e9dico no Estado de S\u00e3o Paulo.&nbsp;<\/p>\n\n\n\n<p>Mas em fevereiro de 2019, a Justi\u00e7a de S\u00e3o Paulo determinou o fim da obrigatoriedade da realiza\u00e7\u00e3o do exame Cremesp, que condicionava o registro dos profissionais formados em Medicina no estado \u00e0 participa\u00e7\u00e3o no exame.<\/p>\n\n\n\n<p>Portanto, <strong>atualmente, n\u00e3o \u00e9 necess\u00e1rio prestar exame para obter o CRM<\/strong>. Mas voc\u00ea precisa ficar atento, pois, por ser um assunto pol\u00eamico, pode entrar em discuss\u00e3o novamente e a situa\u00e7\u00e3o mudar.<\/p>\n\n\n\n<figure class=\"wp-block-embed is-type-video is-provider-youtube wp-block-embed-youtube wp-embed-aspect-16-9 wp-has-aspect-ratio\"><div class=\"wp-block-embed__wrapper\">\n<iframe loading=\"lazy\" title=\"CNPJ M\u00e9dico: como abrir o seu e como fazer registro CRM\" width=\"640\" height=\"360\" src=\"https:\/\/www.youtube.com\/embed\/ioc7Xlj8aTo?feature=oembed\" frameborder=\"0\" allow=\"accelerometer; autoplay; clipboard-write; encrypted-media; gyroscope; picture-in-picture; web-share\" referrerpolicy=\"strict-origin-when-cross-origin\" allowfullscreen><\/iframe>\n<\/div><\/figure>\n\n\n\n<h2 class=\"wp-block-heading\" class=\"wp-block-heading\" id=\"quais-situacoes-ocasionam-a-perda-do-crm\">Quais situa\u00e7\u00f5es ocasionam a perda do CRM?<\/h2>\n\n\n\n<p>Uma das san\u00e7\u00f5es disciplinares previstas no artigo 22 da Lei 3268 que rege os Conselhos de Medicina \u00e9 a perda ou cassa\u00e7\u00e3o do registro do CRM. \u00c9 o final de um processo que come\u00e7a com advert\u00eancia confidencial, censura, publica\u00e7\u00e3o em di\u00e1rio oficial e suspens\u00e3o de 30 dias.A cassa\u00e7\u00e3o \u00e9 a mais san\u00e7\u00e3o e faz com que o profissional fique impedido de praticar a medicina.&nbsp;<\/p>\n\n\n\n<p>Este processo come\u00e7a com uma den\u00fancia junto ao Conselho Regional, que o profissional faz parte, ou esteja exercendo durante o ocorrido. A den\u00fancia n\u00e3o pode ser an\u00f4nima, ela dever\u00e1 ser assinada e ter suas provas anexadas. Ap\u00f3s analisada a den\u00fancia, caso seja entendido que a puni\u00e7\u00e3o \u00e9 aplic\u00e1vel, esta fica registrada no hist\u00f3rico do m\u00e9dico.<\/p>\n\n\n\n<figure class=\"wp-block-image size-full is-style-default\"><img decoding=\"async\" src=\"\/contabilidade-online\/wp-content\/uploads\/2022\/02\/closeup-of-doctor-using-tablet-scaled.jpg\" alt=\"crm-medico-utilizacao-tablet-consultorio\" class=\"wp-image-30850\"\/><\/figure>\n\n\n\n<p>O erro m\u00e9dico ocorre quando o paciente sofre algum dano provocado pelo m\u00e9dico seja pela a\u00e7\u00e3o ou ina\u00e7\u00e3o, sem inten\u00e7\u00e3o.&nbsp;<\/p>\n\n\n\n<p>S\u00e3o tr\u00eas as considera\u00e7\u00f5es:<\/p>\n\n\n\n<ul>\n<li>A primeira \u00e9 a imprud\u00eancia, tomando escolha por a\u00e7\u00f5es que n\u00e3o deveriam ser feitas.&nbsp;<\/li>\n\n\n\n<li>A segunda \u00e9 a neglig\u00eancia que \u00e9 o oposto da primeira, uma omiss\u00e3o, \u00e9 n\u00e3o agir de acordo com o esperado, ou o que deveria ter sido feito.<\/li>\n\n\n\n<li>A terceira \u00e9 a imper\u00edcia, podendo ser falta de habilidade ou experi\u00eancia.&nbsp; Muitas vezes a imper\u00edcia pode se dar pelo fato do profissional exercer atividades de outra especialidade. Por exemplo, um m\u00e9dico cl\u00ednico geral realiza uma cirurgia pl\u00e1stica.<\/li>\n<\/ul>\n\n\n\n<h2 class=\"wp-block-heading\" class=\"wp-block-heading\" id=\"como-e-composto-o-numero-do-crm\">Como \u00e9 composto o n\u00famero do CRM?&nbsp;<\/h2>\n\n\n\n<p>O CRM \u00e9 composto por seis n\u00fameros + a sigla CRM acompanhada do estado, exemplo: CRM\/SP 123456.<\/p>\n\n\n\n<h2 class=\"wp-block-heading\" class=\"wp-block-heading\" id=\"conheca-a-contabilizei\">Conhe\u00e7a a Contabilizei<\/h2>\n\n\n\n<p>Est\u00e1 se formando em medicina e quer dicas de como empreender na carreira? <a href=\"https:\/\/www.contabilizei.com.br\/contabilidade-online\/medico-recem-formado\/\" target=\"_blank\" rel=\"noreferrer noopener\">Clique aqui <\/a>e confira nossas dicas. Mas se voc\u00ea j\u00e1 sabe o que quer, a Contabilizei ajuda voc\u00ea a<a href=\"https:\/\/www.contabilizei.com.br\/medicos\/\" target=\"_blank\" rel=\"noreferrer noopener\"> abrir sua empresa<\/a> de forma r\u00e1pida e eficiente, al\u00e9m de garantir que voc\u00ea fique sempre em dia com suas obriga\u00e7\u00f5es fiscais. Tenha uma contabilidade de confian\u00e7a, com um atendimento personalizado e humanizado: <a href=\"https:\/\/www.contabilizei.com.br\/abrir-empresa\/\" target=\"_blank\" rel=\"noreferrer noopener\">conhe\u00e7a a Contabilizei<\/a>.<\/p>\n\n\n\n<p><\/p>\n","protected":false},"excerpt":{"rendered":"<p>O que \u00e9 CRM m\u00e9dico?&nbsp;O primeiro passo para entender o que \u00e9 CRM \u00e9 compreender o significado destas tr\u00eas letras&#8230;.<\/p>\n","protected":false},"author":29,"featured_media":30848,"comment_status":"open","ping_status":"closed","sticky":false,"template":"","format":"standard","meta":{"footnotes":""},"categories":[248,3],"tags":[],"cta-tags":[146],"acf":[],"yoast_head":"<!-- This site is optimized with the Yoast SEO plugin v24.5 - https:\/\/yoast.com\/wordpress\/plugins\/seo\/ -->\n<title>CRM m\u00e9dico: principais d\u00favidas sobre o assunto.<\/title>\n<meta name=\"description\" content=\"Chegou a hora de tirar o CRM m\u00e9dico e est\u00e1 com d\u00favidas. A Contabilizei tem um material que te ajuda a entender como emitir CRM.\" \/>\n<meta name=\"robots\" content=\"index, follow\" \/>\n<link rel=\"canonical\" href=\"https:\/\/www.contabilizei.com.br\/contabilidade-online\/crm-medico\/\" \/>\n<meta property=\"og:locale\" content=\"pt_BR\" \/>\n<meta property=\"og:type\" content=\"article\" \/>\n<meta property=\"og:title\" content=\"CRM m\u00e9dico: principais d\u00favidas sobre o assunto.\" \/>\n<meta property=\"og:description\" content=\"Chegou a hora de tirar o CRM m\u00e9dico e est\u00e1 com d\u00favidas. A Contabilizei tem um material que te ajuda a entender como emitir CRM.\" \/>\n<meta property=\"og:url\" content=\"https:\/\/www.contabilizei.com.br\/contabilidade-online\/crm-medico\/\" \/>\n<meta property=\"og:site_name\" content=\"Blog da Contabilizei\" \/>\n<meta property=\"article:publisher\" content=\"https:\/\/www.facebook.com\/Contabilizei\/\" \/>\n<meta property=\"article:author\" content=\"https:\/\/www.facebook.com\/Contabilizei\/\" \/>\n<meta property=\"article:published_time\" content=\"2022-02-11T13:00:40+00:00\" \/>\n<meta property=\"article:modified_time\" content=\"2025-07-29T15:01:20+00:00\" \/>\n<meta property=\"og:image\" content=\"https:\/\/www.contabilizei.com.br\/contabilidade-online\/wp-content\/uploads\/2022\/02\/crm-medico-consultorio-medico.jpg\" \/>\n\t<meta property=\"og:image:width\" content=\"1280\" \/>\n\t<meta property=\"og:image:height\" content=\"720\" \/>\n\t<meta property=\"og:image:type\" content=\"image\/jpeg\" \/>\n<meta name=\"author\" content=\"Guilherme Soares\" \/>\n<meta name=\"twitter:card\" content=\"summary_large_image\" \/>\n<meta name=\"twitter:creator\" content=\"@contabilizei\" \/>\n<meta name=\"twitter:site\" content=\"@contabilizei\" \/>\n<meta name=\"twitter:label1\" content=\"Escrito por\" \/>\n\t<meta name=\"twitter:data1\" content=\"Guilherme Soares\" \/>\n\t<meta name=\"twitter:label2\" content=\"Est. tempo de leitura\" \/>\n\t<meta name=\"twitter:data2\" content=\"8 minutos\" \/>\n<!-- \/ Yoast SEO plugin. -->","yoast_head_json":{"title":"CRM m\u00e9dico: principais d\u00favidas sobre o assunto.","description":"Chegou a hora de tirar o CRM m\u00e9dico e est\u00e1 com d\u00favidas. A Contabilizei tem um material que te ajuda a entender como emitir CRM.","robots":{"index":"index","follow":"follow"},"canonical":"https:\/\/www.contabilizei.com.br\/contabilidade-online\/crm-medico\/","og_locale":"pt_BR","og_type":"article","og_title":"CRM m\u00e9dico: principais d\u00favidas sobre o assunto.","og_description":"Chegou a hora de tirar o CRM m\u00e9dico e est\u00e1 com d\u00favidas. A Contabilizei tem um material que te ajuda a entender como emitir CRM.","og_url":"https:\/\/www.contabilizei.com.br\/contabilidade-online\/crm-medico\/","og_site_name":"Blog da Contabilizei","article_publisher":"https:\/\/www.facebook.com\/Contabilizei\/","article_author":"https:\/\/www.facebook.com\/Contabilizei\/","article_published_time":"2022-02-11T13:00:40+00:00","article_modified_time":"2025-07-29T15:01:20+00:00","og_image":[{"width":1280,"height":720,"url":"https:\/\/www.contabilizei.com.br\/contabilidade-online\/wp-content\/uploads\/2022\/02\/crm-medico-consultorio-medico.jpg","type":"image\/jpeg"}],"author":"Guilherme Soares","twitter_card":"summary_large_image","twitter_creator":"@contabilizei","twitter_site":"@contabilizei","twitter_misc":{"Escrito por":"Guilherme Soares","Est. tempo de leitura":"8 minutos"},"schema":{"@context":"https:\/\/schema.org","@graph":[{"@type":"Article","@id":"https:\/\/www.contabilizei.com.br\/contabilidade-online\/crm-medico\/#article","isPartOf":{"@id":"https:\/\/www.contabilizei.com.br\/contabilidade-online\/crm-medico\/"},"author":{"name":"Guilherme Soares","@id":"https:\/\/www.contabilizei.com.br\/contabilidade-online\/#\/schema\/person\/bbf1ef618318b07398ea93cef6532afe"},"headline":"CRM m\u00e9dico: principais d\u00favidas sobre o assunto","datePublished":"2022-02-11T13:00:40+00:00","dateModified":"2025-07-29T15:01:20+00:00","mainEntityOfPage":{"@id":"https:\/\/www.contabilizei.com.br\/contabilidade-online\/crm-medico\/"},"wordCount":1358,"commentCount":0,"publisher":{"@id":"https:\/\/www.contabilizei.com.br\/contabilidade-online\/#organization"},"image":{"@id":"https:\/\/www.contabilizei.com.br\/contabilidade-online\/crm-medico\/#primaryimage"},"thumbnailUrl":"https:\/\/www.contabilizei.com.br\/contabilidade-online\/wp-content\/uploads\/2022\/02\/crm-medico-consultorio-medico.jpg?wsr","articleSection":["M\u00e9dico","Contabilizei"],"inLanguage":"pt-BR","potentialAction":[{"@type":"CommentAction","name":"Comment","target":["https:\/\/www.contabilizei.com.br\/contabilidade-online\/crm-medico\/#respond"]}]},{"@type":"WebPage","@id":"https:\/\/www.contabilizei.com.br\/contabilidade-online\/crm-medico\/","url":"https:\/\/www.contabilizei.com.br\/contabilidade-online\/crm-medico\/","name":"CRM m\u00e9dico: principais d\u00favidas sobre o assunto.","isPartOf":{"@id":"https:\/\/www.contabilizei.com.br\/contabilidade-online\/#website"},"primaryImageOfPage":{"@id":"https:\/\/www.contabilizei.com.br\/contabilidade-online\/crm-medico\/#primaryimage"},"image":{"@id":"https:\/\/www.contabilizei.com.br\/contabilidade-online\/crm-medico\/#primaryimage"},"thumbnailUrl":"https:\/\/www.contabilizei.com.br\/contabilidade-online\/wp-content\/uploads\/2022\/02\/crm-medico-consultorio-medico.jpg?wsr","datePublished":"2022-02-11T13:00:40+00:00","dateModified":"2025-07-29T15:01:20+00:00","description":"Chegou a hora de tirar o CRM m\u00e9dico e est\u00e1 com d\u00favidas. A Contabilizei tem um material que te ajuda a entender como emitir CRM.","breadcrumb":{"@id":"https:\/\/www.contabilizei.com.br\/contabilidade-online\/crm-medico\/#breadcrumb"},"inLanguage":"pt-BR","potentialAction":[{"@type":"ReadAction","target":["https:\/\/www.contabilizei.com.br\/contabilidade-online\/crm-medico\/"]}]},{"@type":"ImageObject","inLanguage":"pt-BR","@id":"https:\/\/www.contabilizei.com.br\/contabilidade-online\/crm-medico\/#primaryimage","url":"https:\/\/www.contabilizei.com.br\/contabilidade-online\/wp-content\/uploads\/2022\/02\/crm-medico-consultorio-medico.jpg?wsr","contentUrl":"https:\/\/www.contabilizei.com.br\/contabilidade-online\/wp-content\/uploads\/2022\/02\/crm-medico-consultorio-medico.jpg?wsr","width":1280,"height":720},{"@type":"BreadcrumbList","@id":"https:\/\/www.contabilizei.com.br\/contabilidade-online\/crm-medico\/#breadcrumb","itemListElement":[{"@type":"ListItem","position":1,"name":"Home","item":"https:\/\/www.contabilizei.com.br\/contabilidade-online\/"},{"@type":"ListItem","position":2,"name":"Contabilizei","item":"https:\/\/www.contabilizei.com.br\/contabilidade-online\/novidades-contabilizei\/"},{"@type":"ListItem","position":3,"name":"CRM m\u00e9dico: principais d\u00favidas sobre o assunto"}]},{"@type":"WebSite","@id":"https:\/\/www.contabilizei.com.br\/contabilidade-online\/#website","url":"https:\/\/www.contabilizei.com.br\/contabilidade-online\/","name":"Blog da Contabilizei","description":"Apoiando o empreendedorismo desde 2013","publisher":{"@id":"https:\/\/www.contabilizei.com.br\/contabilidade-online\/#organization"},"potentialAction":[{"@type":"SearchAction","target":{"@type":"EntryPoint","urlTemplate":"https:\/\/www.contabilizei.com.br\/contabilidade-online\/?s={search_term_string}"},"query-input":{"@type":"PropertyValueSpecification","valueRequired":true,"valueName":"search_term_string"}}],"inLanguage":"pt-BR"},{"@type":"Organization","@id":"https:\/\/www.contabilizei.com.br\/contabilidade-online\/#organization","name":"Contabilizei Contabilidade","url":"https:\/\/www.contabilizei.com.br\/contabilidade-online\/","logo":{"@type":"ImageObject","inLanguage":"pt-BR","@id":"https:\/\/www.contabilizei.com.br\/contabilidade-online\/#\/schema\/logo\/image\/","url":"","contentUrl":"","caption":"Contabilizei Contabilidade"},"image":{"@id":"https:\/\/www.contabilizei.com.br\/contabilidade-online\/#\/schema\/logo\/image\/"},"sameAs":["https:\/\/www.facebook.com\/Contabilizei\/","https:\/\/x.com\/contabilizei","https:\/\/www.instagram.com\/contabilizei\/","https:\/\/www.linkedin.com\/company\/contabilizei\/","https:\/\/www.youtube.com\/channel\/UCNAlIbSjWxrDLDllQUug8dA","https:\/\/pt.wikipedia.org\/wiki\/Contabilizei"]},{"@type":"Person","@id":"https:\/\/www.contabilizei.com.br\/contabilidade-online\/#\/schema\/person\/bbf1ef618318b07398ea93cef6532afe","name":"Guilherme Soares","image":{"@type":"ImageObject","inLanguage":"pt-BR","@id":"https:\/\/www.contabilizei.com.br\/contabilidade-online\/#\/schema\/person\/image\/","url":"https:\/\/secure.gravatar.com\/avatar\/c5f1f5f62eed22c852a04456d7051509?s=96&d=mm&r=g","contentUrl":"https:\/\/secure.gravatar.com\/avatar\/c5f1f5f62eed22c852a04456d7051509?s=96&d=mm&r=g","caption":"Guilherme Soares"},"description":"Guilherme Soares \u00e9 vice-presidente de Aquisi\u00e7\u00e3o e Receita da Contabilizei, onde atua desde 2018. O executivo lidera as verticais de neg\u00f3cios de Aquisi\u00e7\u00e3o de Novos Clientes e de Gest\u00e3o dos Clientes, sendo respons\u00e1vel por growth marketing, comercial, novos neg\u00f3cios, produtos e gest\u00e3o da unidade de neg\u00f3cios, \u00e1reas que s\u00e3o essenciais para garantir a atra\u00e7\u00e3o, a convers\u00e3o e a fideliza\u00e7\u00e3o de clientes. Como um dos respons\u00e1veis pelo crescimento acelerado da companhia, re\u00fane as ferramentas e as habilidades necess\u00e1rias para implantar teses de crescimento e gerir a qualidade dos servi\u00e7os prestados, visando conquistar diferentes patamares e sustentar a lideran\u00e7a de mercado em um ambiente competitivo. Engenheiro formado pela USP, concluiu mestrado em Gest\u00e3o e Administra\u00e7\u00e3o de Neg\u00f3cios pela London Business School e participa constantemente de programas de treinamento relacionados \u00e0 gest\u00e3o e ao crescimento de neg\u00f3cios, como o programa Empreendedorismo e Competitividade na Am\u00e9rica Latina pela Columbia Business School e o Innovation &amp; Growth da universidade de Stanford. No passado, exerceu a fun\u00e7\u00e3o de consultor estrat\u00e9gico de neg\u00f3cios na Bain &amp; Company e liderou \u00e1reas de estrat\u00e9gia comercial e produtos na Latam Airlines Cargo e Cielo.","sameAs":["https:\/\/www.facebook.com\/Contabilizei\/","https:\/\/www.instagram.com\/contabilizei\/","https:\/\/www.linkedin.com\/in\/guilhermesoares82\/","https:\/\/www.youtube.com\/channel\/UCNAlIbSjWxrDLDllQUug8dA"],"url":"https:\/\/www.contabilizei.com.br\/contabilidade-online\/autor\/guilherme-soares\/"}]}},"_links":{"self":[{"href":"https:\/\/www.contabilizei.com.br\/contabilidade-online\/wp-json\/wp\/v2\/posts\/30847"}],"collection":[{"href":"https:\/\/www.contabilizei.com.br\/contabilidade-online\/wp-json\/wp\/v2\/posts"}],"about":[{"href":"https:\/\/www.contabilizei.com.br\/contabilidade-online\/wp-json\/wp\/v2\/types\/post"}],"author":[{"embeddable":true,"href":"https:\/\/www.contabilizei.com.br\/contabilidade-online\/wp-json\/wp\/v2\/users\/29"}],"replies":[{"embeddable":true,"href":"https:\/\/www.contabilizei.com.br\/contabilidade-online\/wp-json\/wp\/v2\/comments?post=30847"}],"version-history":[{"count":0,"href":"https:\/\/www.contabilizei.com.br\/contabilidade-online\/wp-json\/wp\/v2\/posts\/30847\/revisions"}],"wp:featuredmedia":[{"embeddable":true,"href":"https:\/\/www.contabilizei.com.br\/contabilidade-online\/wp-json\/wp\/v2\/media\/30848"}],"wp:attachment":[{"href":"https:\/\/www.contabilizei.com.br\/contabilidade-online\/wp-json\/wp\/v2\/media?parent=30847"}],"wp:term":[{"taxonomy":"category","embeddable":true,"href":"https:\/\/www.contabilizei.com.br\/contabilidade-online\/wp-json\/wp\/v2\/categories?post=30847"},{"taxonomy":"post_tag","embeddable":true,"href":"https:\/\/www.contabilizei.com.br\/contabilidade-online\/wp-json\/wp\/v2\/tags?post=30847"},{"taxonomy":"cta-tags","embeddable":true,"href":"https:\/\/www.contabilizei.com.br\/contabilidade-online\/wp-json\/wp\/v2\/cta-tags?post=30847"}],"curies":[{"name":"wp","href":"https:\/\/api.w.org\/{rel}","templated":true}]}}