{"id":29787,"date":"2021-12-01T18:52:39","date_gmt":"2021-12-01T21:52:39","guid":{"rendered":"https:\/\/site-static-prd1.ctbz.com.br\/contabilidade-online\/?p=29787"},"modified":"2026-03-27T15:42:15","modified_gmt":"2026-03-27T18:42:15","slug":"capital-social-mei","status":"publish","type":"post","link":"https:\/\/www.contabilizei.com.br\/contabilidade-online\/capital-social-mei\/","title":{"rendered":"O que \u00e9 o Capital Social MEI? Qual o valor m\u00ednimo e como funciona"},"content":{"rendered":"\n<p>O <a href=\"https:\/\/www.contabilizei.com.br\/contabilidade-online\/materiais\/nao-posso-ser-mei-e-agora\/\" target=\"_blank\" rel=\"noreferrer noopener\">Microempreendedor Individual (MEI)<\/a> n\u00e3o precisa ter um contrato social, mas isso n\u00e3o quer dizer que n\u00e3o deva ter um capital social.<\/p>\n\n\n\n<blockquote class=\"wp-block-quote is-layout-flow wp-block-quote-is-layout-flow\">\n<p><\/p>\n<cite>Aten\u00e7\u00e3o ao <a href=\"https:\/\/www.contabilizei.com.br\/contabilidade-online\/faturamento-mei-2024\/\">limite MEI <\/a> e evite multas.<\/cite><\/blockquote>\n\n\n\n<p>De forma simples, Capital Social \u00e9 o valor que o empreendedor investe inicialmente para manter seu neg\u00f3cio funcionando at\u00e9 que ele gere lucro.&nbsp;<\/p>\n\n\n\n<p>\u00c9 o valor usado para comprar&nbsp; bens materiais, como mobili\u00e1rio e equipamentos, mesa, cadeira, computador, mat\u00e9ria-prima, pagar custos de abertura de CNPJ, contrata\u00e7\u00e3o de softwares e outros servi\u00e7os, pagamento de aluguel, entre outros custos.<\/p>\n\n\n\n<p>N\u00e3o h\u00e1 uma regra que defina um valor m\u00ednimo ou m\u00e1ximo para o Capital Social, ele deve refletir os custos diretos e indiretos para o in\u00edcio do neg\u00f3cio.<\/p>\n\n\n\n<h2 class=\"wp-block-heading\" class=\"wp-block-heading\" id=\"qual-a-importancia-do-valor-do-capital-social\">Qual a import\u00e2ncia do valor do capital social?<\/h2>\n\n\n\n<p>Em rela\u00e7\u00e3o a outras modalidades de empresas, nas empresas MEI existe uma facilidade: enquanto nas outras \u00e9 necess\u00e1rio um investimento real (concreto), o capital social MEI n\u00e3o \u00e9 obrigat\u00f3rio.<\/p>\n\n\n\n<blockquote class=\"wp-block-quote is-layout-flow wp-block-quote-is-layout-flow\">\n<p><\/p>\n<cite>Est\u00e1 se perguntando o que fazer se <a href=\"https:\/\/www.contabilizei.com.br\/contabilidade-online\/faturamento-mei-2025\/\" target=\"_blank\" rel=\"noreferrer noopener\">ultrapassou o limite do MEI<\/a>? Saiba como resolver.<\/cite><\/blockquote>\n\n\n\n<p>Mas mesmo n\u00e3o sendo obrigat\u00f3rio, \u00e9 importante declarar aquele valor que voc\u00ea ir\u00e1 investir para o neg\u00f3cio funcionar at\u00e9 que ele comece a rentabilizar.<\/p>\n\n\n\n<h2 class=\"wp-block-heading\" class=\"wp-block-heading\" id=\"para-que-serve-o-capital-inicial-mei\">Para que serve o capital inicial MEI?<\/h2>\n\n\n\n<p>Quando se pensa em <a href=\"https:\/\/www.contabilizei.com.br\/contabilidade-online\/como-abrir-um-mei\/\" target=\"_blank\" rel=\"noreferrer noopener\">abrir uma empres<\/a>a, \u00e9 necess\u00e1rio calcular todos os custos e investimentos necess\u00e1rios at\u00e9 que o neg\u00f3cio comece a faturar e gerar lucro.<\/p>\n\n\n\n<p>No caso do MEI, j\u00e1 que se trata de Microempreendedor Individual, pode-se pensar que n\u00e3o h\u00e1 custos, mas isso n\u00e3o \u00e9 verdade.&nbsp;<\/p>\n\n\n\n<p>Vamos pegar um exemplo de uma <a href=\"https:\/\/www.contabilizei.com.br\/contabilidade-online\/atividades-mei-tabela\/?utm_source=adwords&amp;utm_medium=ppc&amp;utm_campaign=&amp;utm_term=&amp;hsa_tgt=&amp;hsa_grp=&amp;hsa_mt=&amp;hsa_cam=13991176771&amp;hsa_ver=3&amp;hsa_src=x&amp;hsa_net=adwords&amp;hsa_kw=&amp;hsa_acc=1466761651&amp;hsa_ad=&amp;gclid=Cj0KCQiAys2MBhDOARIsAFf1D1f1l7b9g0ekNJQacqFNeU2C0a1Ms7Aof82RNZND-47L5AMpvUQ16WIaAm-8EALw_wcB\" target=\"_blank\" rel=\"noreferrer noopener\">atividade que est\u00e1 listada entre as permitidas <\/a>no MEI: carpinteiro. Ainda que possa parecer que todo o trabalho depender\u00e1 somente dele, ele precisar\u00e1 ferramentas, uniforme, equipamento de seguran\u00e7a, eventualmente at\u00e9 um carro para se locomover, todos estes custos fazem parte do capital inicial do Microempreendedor Individual (MEI).<\/p>\n\n\n\n<h2 class=\"wp-block-heading\" class=\"wp-block-heading\" id=\"que-valor-coloco-no-capital-social-mei\">Que valor coloco no capital social MEI?&nbsp;<\/h2>\n\n\n\n<p>Como j\u00e1 falamos acima, n\u00e3o h\u00e1 valor m\u00ednimo ou m\u00e1ximo para o Capital Social do Microempreendedor Individual, o valor a ser declarado \u00e9 o montante que ele precisar\u00e1 investir para abrir o neg\u00f3cio e torn\u00e1-lo vi\u00e1vel at\u00e9 que ele comece a gerar faturamento e lucro.<\/p><div id=\"conta-2589151321\" class=\"cta-bulk ga-cta-imagem-conteudo conta-cont-6p-cta-bulk conta-entity-placement\" style=\"margin-top: 30px;margin-bottom: 30px;\"><a href=\"https:\/\/www.contabilizei.com.br\/abrir-empresa\/\" aria-label=\"01\"><img loading=\"lazy\" decoding=\"async\" src=\"https:\/\/www.contabilizei.com.br\/contabilidade-online\/wp-content\/uploads\/2021\/07\/01.jpg?wsr\" alt=\"\"  srcset=\"https:\/\/www.contabilizei.com.br\/contabilidade-online\/wp-content\/uploads\/2021\/07\/01.jpg 615w, https:\/\/www.contabilizei.com.br\/contabilidade-online\/wp-content\/uploads\/2021\/07\/01-300x146.jpg 300w\" sizes=\"(max-width: 615px) 100vw, 615px\" width=\"615\" height=\"300\"  style=\"display: inline-block;\" \/><\/a><\/div>\n\n\n\n<p>Para ficar mais claro, vamos pegar um exemplo de uma categoria que pode ser enquadrada como MEI: Depiladora.<\/p>\n\n\n\n<p>Para iniciar os trabalhos como depiladora, sendo Microempreendedor Individual, ser\u00e1 necess\u00e1rio investir em alguns itens:<\/p>\n\n\n\n<ul>\n<li>Insumos para depila\u00e7\u00e3o. Dependendo do m\u00e9todo pode ser tanto ceras e len\u00e7os, como equipamentos (no caso de m\u00e9todo cera quente ou depila\u00e7\u00e3o por laser);<\/li>\n\n\n\n<li>uniforme;<\/li>\n\n\n\n<li>luvas e outros materiais descart\u00e1veis;<\/li>\n\n\n\n<li>pin\u00e7as, esp\u00e1tulas, espelhos;<\/li>\n\n\n\n<li>cosm\u00e9ticos para uso ap\u00f3s o procedimento;<\/li>\n\n\n\n<li>material de divulga\u00e7\u00e3o.<\/li>\n<\/ul>\n\n\n\n<p>Se for o caso de ter um espa\u00e7o f\u00edsico, todos os custos necess\u00e1rios para a montagem do espa\u00e7o devem ser considerados, exemplo:<\/p>\n\n\n\n<ul>\n<li>aluguel do espa\u00e7o,&nbsp;<\/li>\n\n\n\n<li>maca,&nbsp;<\/li>\n\n\n\n<li>cadeiras,&nbsp;<\/li>\n\n\n\n<li>mesa de recep\u00e7\u00e3o,<\/li>\n\n\n\n<li>lumin\u00e1rias, etc.<\/li>\n<\/ul>\n\n\n\n<p>Enfim, todo o investimento para se come\u00e7ar o neg\u00f3cio deve ser considerado como capital social.<\/p>\n\n\n\n<h2 class=\"wp-block-heading\" class=\"wp-block-heading\" id=\"qual-e-a-diferenca-entre-capital-social-e-faturamento-do-mei\">Qual \u00e9 a diferen\u00e7a entre capital social e faturamento do MEI?&nbsp;<\/h2>\n\n\n\n<p>\u00c9 muito comum confundir Capital Social com <a href=\"https:\/\/www.contabilizei.com.br\/contabilizei-responde\/nao-tive-faturamento-preciso-entregar-a-declaracao-anual\/\" target=\"_blank\" rel=\"noreferrer noopener\">faturamento<\/a>. Nos t\u00f3picos anteriores falamos sobre o que \u00e9 capital social do MEI, que \u00e9 a soma dos custos necess\u00e1rios para o neg\u00f3cio iniciar e se manter at\u00e9 que comece a faturar e render lucro. No exemplo citado, com a atividade de depiladora, como exemplo, listamos alguns custos que o neg\u00f3cio ter\u00e1, antes de iniciar seu funcionamento.<\/p>\n\n\n\n<p>J\u00e1 o faturamento \u00e9 o valor gerado pelos servi\u00e7os prestados ou produtos vendidos pelo Microempreendedor Individual (MEI).<\/p>\n\n\n\n<p>Seguindo o exemplo anterior, digamos que a soma dos custos listados tenha sido R$ 10.000,00 (dez mil reais).&nbsp; O Capital Social da Depiladora MEI ser\u00e1 de&nbsp; R$ 10.000,00 (dez mil reais).<\/p>\n\n\n\n<p>Ao iniciar as atividades a Depiladora ter\u00e1 uma tabela de pre\u00e7o dos servi\u00e7os prestados. \u00c0 medida que o neg\u00f3cio come\u00e7ar a funcionar e os servi\u00e7os come\u00e7arem a ser prestados, haver\u00e1 faturamento por estes servi\u00e7os. Suponhamos que o pre\u00e7o m\u00e9dio dos servi\u00e7os prestados por esta empreendedora seja R$ 65,00 (sessenta e cinco reais) e ela realizar uma m\u00e9dia de 100 (cem) servi\u00e7os por m\u00eas, ter\u00e1 um faturamento mensal de R$6.500,00 (seis mil e quinhentos reais) por m\u00eas.<\/p>\n\n\n\n<p>Um ponto importante em rela\u00e7\u00e3o ao faturamento mensal da empresa \u00e9 que, para permanecer enquadrada como MEI, ele n\u00e3o pode ultrapassar o limite de R$ 81 mil (oitenta e um mil reais) por ano e n\u00e3o poder\u00e1 ter mais do que um funcion\u00e1rio, al\u00e9m do empreendedor.<\/p>\n\n\n\n<h2 class=\"wp-block-heading\" class=\"wp-block-heading\" id=\"como-abrir-um-mei\">Como abrir um MEI?<\/h2>\n\n\n\n<p>Se voc\u00ea achou que a sua atividade se enquadra no perfil de MEI e quer se <a href=\"https:\/\/www.contabilizei.com.br\/contabilidade-online\/como-abrir-um-mei\/\" target=\"_blank\" rel=\"noreferrer noopener\">tornar um Microempreendedor Individual<\/a>, o processo \u00e9 f\u00e1cil e totalmente online. Voc\u00ea s\u00f3 precisa acessar o <a href=\"https:\/\/www.gov.br\/empresas-e-negocios\/pt-br\/empreendedor\/\" target=\"_blank\" rel=\"noreferrer noopener\">Portal do Empreendedor<\/a> e seguir os passos que relacionamos a seguir:<\/p>\n\n\n\n<blockquote class=\"wp-block-quote is-layout-flow wp-block-quote-is-layout-flow\">\n<p><\/p>\n<cite><a href=\"https:\/\/www.contabilizei.com.br\/contabilidade-online\/calculo-mei-simples-nacional\/\">Imposto MEI<\/a>: MEI pode ser Simples Nacional? Descubra.<\/cite><\/blockquote>\n\n\n\n<p><strong>1\u00ba passo:<\/strong> Atender \u00e0s condi\u00e7\u00f5es para se tornar um MEI:<\/p>\n\n\n\n<p>N\u00e3o ter participa\u00e7\u00e3o em outra empresa como s\u00f3cio ou titular<\/p>\n\n\n\n<p>Faturar at\u00e9 R$ 81 mil por ano; e<\/p>\n\n\n\n<p>Exercer as atividades permitidas. \u00c9 poss\u00edvel registrar uma ocupa\u00e7\u00e3o principal e at\u00e9 15 secund\u00e1rias.<\/p>\n\n\n\n<p><strong>2\u00ba passo:<\/strong> Criar sua conta Gov.br:<\/p>\n\n\n\n<p>No Portal do Empreendedor, no servi\u00e7o de formaliza\u00e7\u00e3o de MEI, clique em \u201cQuero ser\u201d. Em seguida, selecione \u201cFormalize-se\u201d ou \u201cGov.br\u201d<\/p>\n\n\n\n<p>O cadastro no Gov.br permite acessar diversos servi\u00e7os p\u00fablicos digitais sem precisar se deslocar, permanecer em filas, imprimir ou autenticar documentos.<\/p>\n\n\n\n<p><strong>3\u00ba passo:<\/strong> Completar seu cadastro no Portal do Empreendedor:<\/p>\n\n\n\n<p>Preencher o cadastro no Portal do Empreendedor.&nbsp;<\/p>\n\n\n\n<p>Clique no bot\u00e3o \u201cFormalize-se\u201d, informe os dados da sua conta Gov.br e autorize o acesso aos seus dados pelo Portal do Empreendedor \u2013 \u00c1rea do Usu\u00e1rio da Redesim.<\/p>\n\n\n\n<p>Preencha o n\u00famero do recibo da sua declara\u00e7\u00e3o de imposto de renda ou do t\u00edtulo de eleitor e o n\u00famero do seu telefone celular. Voc\u00ea receber\u00e1 um c\u00f3digo SMS.<\/p>\n\n\n\n<p><strong>4\u00ba Passo:<\/strong> Definir nome fantasia e atividades:<\/p>\n\n\n\n<p>Informe o nome fantasia de sua empresa e selecione as atividades que ir\u00e1 realizar.<\/p>\n\n\n\n<p>Tamb\u00e9m dever\u00e1 ser informado onde ir\u00e1 atuar: em casa, em endere\u00e7o comercial, como ambulante, porta a porta ou via internet, por exemplo.<\/p>\n\n\n\n<p><strong>5\u00ba Passo:<\/strong> Definir endere\u00e7o<\/p>\n\n\n\n<p>Informe o CEP do endere\u00e7o residencial e o CEP do local onde ir\u00e1 funcionar a empresa.<\/p>\n\n\n\n<p><strong>6\u00ba passo<\/strong> : Emitir o Certificado de Condi\u00e7\u00e3o de Microempreendedor Individual (CCMEI):<\/p>\n\n\n\n<p>Ap\u00f3s ler atentamente, o empreendedor dever\u00e1 selecionar todas as declara\u00e7\u00f5es obrigat\u00f3rias para o MEI. Ser\u00e1 emitido o Certificado de Condi\u00e7\u00e3o de Microempreendedor Individual (CCMEI) que comprova a inscri\u00e7\u00e3o como MEI, com o CNPJ e n\u00famero do registro na Junta Comercial.&nbsp;<\/p>\n\n\n\n<h2 class=\"wp-block-heading\" class=\"wp-block-heading\" id=\"minha-empresa-nao-se-encaixa-no-perfil-mei-como-faco-para-abrir-uma-empresa\">Minha empresa n\u00e3o se encaixa no Perfil MEI, como fa\u00e7o para abrir uma empresa?<\/h2>\n\n\n\n<p>Se&nbsp; voc\u00ea quer abrir uma empresa que n\u00e3o atende \u00e0s exig\u00eancias de Microempreendedor individual isso n\u00e3o \u00e9 motivo para deixar seu sonho de lado.<\/p>\n\n\n\n<p>Voc\u00ea pode <a href=\"https:\/\/www.contabilizei.com.br\/contabilidade-online\/como-abrir-empresa\/\" target=\"_blank\" rel=\"noreferrer noopener\">abrir uma empresa<\/a> de forma f\u00e1cil, \u00e1gil e segura, acesse o Portal da <a href=\"https:\/\/www.contabilizei.com.br\/\" target=\"_blank\" rel=\"noreferrer noopener\">Contabilizei <\/a>e conte conosco para dar tirar do papel aquele projeto de empreender e prosperar.<\/p>\n","protected":false},"excerpt":{"rendered":"<p>O Microempreendedor Individual (MEI) n\u00e3o precisa ter um contrato social, mas isso n\u00e3o quer dizer que n\u00e3o deva ter um&#8230;<\/p>\n","protected":false},"author":120,"featured_media":29789,"comment_status":"open","ping_status":"closed","sticky":false,"template":"","format":"standard","meta":{"footnotes":""},"categories":[259],"tags":[],"cta-tags":[317],"acf":[],"yoast_head":"<!-- This site is optimized with the Yoast SEO plugin v24.5 - https:\/\/yoast.com\/wordpress\/plugins\/seo\/ -->\n<title>O que \u00e9 o Capital Social MEI? Qual o valor m\u00ednimo e como funciona<\/title>\n<meta name=\"description\" content=\"Saiba o que \u00e9 o Capital Social do MEI (Microempreendedor Individual), como funciona e qual o valor m\u00ednimo adequado para micro emprendimentos.\" \/>\n<meta name=\"robots\" content=\"index, follow\" \/>\n<link rel=\"canonical\" href=\"https:\/\/www.contabilizei.com.br\/contabilidade-online\/capital-social-mei\/\" \/>\n<meta property=\"og:locale\" content=\"pt_BR\" \/>\n<meta property=\"og:type\" content=\"article\" \/>\n<meta property=\"og:title\" content=\"O que \u00e9 o Capital Social MEI? Qual o valor m\u00ednimo e como funciona\" \/>\n<meta property=\"og:description\" content=\"Saiba o que \u00e9 o Capital Social do MEI (Microempreendedor Individual), como funciona e qual o valor m\u00ednimo adequado para micro emprendimentos.\" \/>\n<meta property=\"og:url\" content=\"https:\/\/www.contabilizei.com.br\/contabilidade-online\/capital-social-mei\/\" \/>\n<meta property=\"og:site_name\" content=\"Blog da Contabilizei\" \/>\n<meta property=\"article:publisher\" content=\"https:\/\/www.facebook.com\/Contabilizei\/\" \/>\n<meta property=\"article:author\" content=\"https:\/\/www.facebook.com\/Contabilizei\/\" \/>\n<meta property=\"article:published_time\" content=\"2021-12-01T21:52:39+00:00\" \/>\n<meta property=\"article:modified_time\" content=\"2026-03-27T18:42:15+00:00\" \/>\n<meta property=\"og:image\" content=\"https:\/\/www.contabilizei.com.br\/contabilidade-online\/wp-content\/uploads\/2021\/12\/capital-social-mei-ilustra.jpg?wsr\" \/>\n\t<meta property=\"og:image:width\" content=\"1280\" \/>\n\t<meta property=\"og:image:height\" content=\"720\" \/>\n\t<meta property=\"og:image:type\" content=\"image\/jpeg\" \/>\n<meta name=\"author\" content=\"Charles Gularte\" \/>\n<meta name=\"twitter:card\" content=\"summary_large_image\" \/>\n<meta name=\"twitter:creator\" content=\"@contabilizei\" \/>\n<meta name=\"twitter:site\" content=\"@contabilizei\" \/>\n<meta name=\"twitter:label1\" content=\"Escrito por\" \/>\n\t<meta name=\"twitter:data1\" content=\"Charles Gularte\" \/>\n\t<meta name=\"twitter:label2\" content=\"Est. tempo de leitura\" \/>\n\t<meta name=\"twitter:data2\" content=\"7 minutos\" \/>\n<!-- \/ Yoast SEO plugin. -->","yoast_head_json":{"title":"O que \u00e9 o Capital Social MEI? Qual o valor m\u00ednimo e como funciona","description":"Saiba o que \u00e9 o Capital Social do MEI (Microempreendedor Individual), como funciona e qual o valor m\u00ednimo adequado para micro emprendimentos.","robots":{"index":"index","follow":"follow"},"canonical":"https:\/\/www.contabilizei.com.br\/contabilidade-online\/capital-social-mei\/","og_locale":"pt_BR","og_type":"article","og_title":"O que \u00e9 o Capital Social MEI? Qual o valor m\u00ednimo e como funciona","og_description":"Saiba o que \u00e9 o Capital Social do MEI (Microempreendedor Individual), como funciona e qual o valor m\u00ednimo adequado para micro emprendimentos.","og_url":"https:\/\/www.contabilizei.com.br\/contabilidade-online\/capital-social-mei\/","og_site_name":"Blog da Contabilizei","article_publisher":"https:\/\/www.facebook.com\/Contabilizei\/","article_author":"https:\/\/www.facebook.com\/Contabilizei\/","article_published_time":"2021-12-01T21:52:39+00:00","article_modified_time":"2026-03-27T18:42:15+00:00","og_image":[{"width":1280,"height":720,"url":"https:\/\/www.contabilizei.com.br\/contabilidade-online\/wp-content\/uploads\/2021\/12\/capital-social-mei-ilustra.jpg?wsr","type":"image\/jpeg"}],"author":"Charles Gularte","twitter_card":"summary_large_image","twitter_creator":"@contabilizei","twitter_site":"@contabilizei","twitter_misc":{"Escrito por":"Charles Gularte","Est. tempo de leitura":"7 minutos"},"schema":{"@context":"https:\/\/schema.org","@graph":[{"@type":"Article","@id":"https:\/\/www.contabilizei.com.br\/contabilidade-online\/capital-social-mei\/#article","isPartOf":{"@id":"https:\/\/www.contabilizei.com.br\/contabilidade-online\/capital-social-mei\/"},"author":{"name":"Charles Gularte","@id":"https:\/\/www.contabilizei.com.br\/contabilidade-online\/#\/schema\/person\/a7161c59bbb8d0c2aaa5639b246b6ccb"},"headline":"O que \u00e9 o Capital Social MEI? Qual o valor m\u00ednimo e como funciona","datePublished":"2021-12-01T21:52:39+00:00","dateModified":"2026-03-27T18:42:15+00:00","mainEntityOfPage":{"@id":"https:\/\/www.contabilizei.com.br\/contabilidade-online\/capital-social-mei\/"},"wordCount":1243,"commentCount":0,"publisher":{"@id":"https:\/\/www.contabilizei.com.br\/contabilidade-online\/#organization"},"image":{"@id":"https:\/\/www.contabilizei.com.br\/contabilidade-online\/capital-social-mei\/#primaryimage"},"thumbnailUrl":"https:\/\/www.contabilizei.com.br\/contabilidade-online\/wp-content\/uploads\/2021\/12\/capital-social-mei-ilustra.jpg?wsr","articleSection":["Conte\u00fados Cont\u00e1beis"],"inLanguage":"pt-BR","potentialAction":[{"@type":"CommentAction","name":"Comment","target":["https:\/\/www.contabilizei.com.br\/contabilidade-online\/capital-social-mei\/#respond"]}]},{"@type":"WebPage","@id":"https:\/\/www.contabilizei.com.br\/contabilidade-online\/capital-social-mei\/","url":"https:\/\/www.contabilizei.com.br\/contabilidade-online\/capital-social-mei\/","name":"O que \u00e9 o Capital Social MEI? Qual o valor m\u00ednimo e como funciona","isPartOf":{"@id":"https:\/\/www.contabilizei.com.br\/contabilidade-online\/#website"},"primaryImageOfPage":{"@id":"https:\/\/www.contabilizei.com.br\/contabilidade-online\/capital-social-mei\/#primaryimage"},"image":{"@id":"https:\/\/www.contabilizei.com.br\/contabilidade-online\/capital-social-mei\/#primaryimage"},"thumbnailUrl":"https:\/\/www.contabilizei.com.br\/contabilidade-online\/wp-content\/uploads\/2021\/12\/capital-social-mei-ilustra.jpg?wsr","datePublished":"2021-12-01T21:52:39+00:00","dateModified":"2026-03-27T18:42:15+00:00","description":"Saiba o que \u00e9 o Capital Social do MEI (Microempreendedor Individual), como funciona e qual o valor m\u00ednimo adequado para micro emprendimentos.","breadcrumb":{"@id":"https:\/\/www.contabilizei.com.br\/contabilidade-online\/capital-social-mei\/#breadcrumb"},"inLanguage":"pt-BR","potentialAction":[{"@type":"ReadAction","target":["https:\/\/www.contabilizei.com.br\/contabilidade-online\/capital-social-mei\/"]}]},{"@type":"ImageObject","inLanguage":"pt-BR","@id":"https:\/\/www.contabilizei.com.br\/contabilidade-online\/capital-social-mei\/#primaryimage","url":"https:\/\/www.contabilizei.com.br\/contabilidade-online\/wp-content\/uploads\/2021\/12\/capital-social-mei-ilustra.jpg?wsr","contentUrl":"https:\/\/www.contabilizei.com.br\/contabilidade-online\/wp-content\/uploads\/2021\/12\/capital-social-mei-ilustra.jpg?wsr","width":1280,"height":720,"caption":"capital-social-mei-ilustra"},{"@type":"BreadcrumbList","@id":"https:\/\/www.contabilizei.com.br\/contabilidade-online\/capital-social-mei\/#breadcrumb","itemListElement":[{"@type":"ListItem","position":1,"name":"Home","item":"https:\/\/www.contabilizei.com.br\/contabilidade-online\/"},{"@type":"ListItem","position":2,"name":"Conte\u00fados Cont\u00e1beis","item":"https:\/\/www.contabilizei.com.br\/contabilidade-online\/conteudos-contabeis\/"},{"@type":"ListItem","position":3,"name":"O que \u00e9 o Capital Social MEI? Qual o valor m\u00ednimo e como funciona"}]},{"@type":"WebSite","@id":"https:\/\/www.contabilizei.com.br\/contabilidade-online\/#website","url":"https:\/\/www.contabilizei.com.br\/contabilidade-online\/","name":"Blog da Contabilizei","description":"Apoiando o empreendedorismo desde 2013","publisher":{"@id":"https:\/\/www.contabilizei.com.br\/contabilidade-online\/#organization"},"potentialAction":[{"@type":"SearchAction","target":{"@type":"EntryPoint","urlTemplate":"https:\/\/www.contabilizei.com.br\/contabilidade-online\/?s={search_term_string}"},"query-input":{"@type":"PropertyValueSpecification","valueRequired":true,"valueName":"search_term_string"}}],"inLanguage":"pt-BR"},{"@type":"Organization","@id":"https:\/\/www.contabilizei.com.br\/contabilidade-online\/#organization","name":"Contabilizei Contabilidade","url":"https:\/\/www.contabilizei.com.br\/contabilidade-online\/","logo":{"@type":"ImageObject","inLanguage":"pt-BR","@id":"https:\/\/www.contabilizei.com.br\/contabilidade-online\/#\/schema\/logo\/image\/","url":"","contentUrl":"","caption":"Contabilizei Contabilidade"},"image":{"@id":"https:\/\/www.contabilizei.com.br\/contabilidade-online\/#\/schema\/logo\/image\/"},"sameAs":["https:\/\/www.facebook.com\/Contabilizei\/","https:\/\/x.com\/contabilizei","https:\/\/www.instagram.com\/contabilizei\/","https:\/\/www.linkedin.com\/company\/contabilizei\/","https:\/\/www.youtube.com\/channel\/UCNAlIbSjWxrDLDllQUug8dA","https:\/\/pt.wikipedia.org\/wiki\/Contabilizei"]},{"@type":"Person","@id":"https:\/\/www.contabilizei.com.br\/contabilidade-online\/#\/schema\/person\/a7161c59bbb8d0c2aaa5639b246b6ccb","name":"Charles Gularte","image":{"@type":"ImageObject","inLanguage":"pt-BR","@id":"https:\/\/www.contabilizei.com.br\/contabilidade-online\/#\/schema\/person\/image\/","url":"https:\/\/secure.gravatar.com\/avatar\/b922f18ccf5954cb1804eedf01131f87?s=96&d=mm&r=g","contentUrl":"https:\/\/secure.gravatar.com\/avatar\/b922f18ccf5954cb1804eedf01131f87?s=96&d=mm&r=g","caption":"Charles Gularte"},"description":"Contador t\u00e9cnico e respons\u00e1vel na Contabilizei desde 2015. Charles Gularte \u00e9 s\u00f3cio-diretor de contabilidade e rela\u00e7\u00f5es institucionais, respons\u00e1vel t\u00e9cnico da empresa e contador h\u00e1 mais de 20 anos (CRC PR-045113\/O-7). Atualmente \u00e9 l\u00edder do maior time de contadores certificados do Brasil, onde garante um modelo operacional escal\u00e1vel e sustent\u00e1vel, que entrega servi\u00e7o, atendimento e suporte com excel\u00eancia a mais de 100 mil micros e pequenos empreendedores. Formado em Ci\u00eancias Cont\u00e1beis pela FAE Centro Universit\u00e1rio e com MBA em Gest\u00e3o Empresarial, Administra\u00e7\u00e3o e Neg\u00f3cios pela FGV, iniciou a carreira em um escrit\u00f3rio de contabilidade e seguiu para o mundo corporativo, onde \u00e9 refer\u00eancia profissional quando se trata de uma rotina cont\u00e1bil segura, transparente e confi\u00e1vel no pa\u00eds.","sameAs":["https:\/\/www.facebook.com\/Contabilizei\/","https:\/\/www.instagram.com\/contabilizei\/","https:\/\/www.linkedin.com\/in\/charlesgularte\/","https:\/\/www.youtube.com\/channel\/UCNAlIbSjWxrDLDllQUug8dA"],"url":"https:\/\/www.contabilizei.com.br\/contabilidade-online\/autor\/charles-gularte\/"}]}},"_links":{"self":[{"href":"https:\/\/www.contabilizei.com.br\/contabilidade-online\/wp-json\/wp\/v2\/posts\/29787"}],"collection":[{"href":"https:\/\/www.contabilizei.com.br\/contabilidade-online\/wp-json\/wp\/v2\/posts"}],"about":[{"href":"https:\/\/www.contabilizei.com.br\/contabilidade-online\/wp-json\/wp\/v2\/types\/post"}],"author":[{"embeddable":true,"href":"https:\/\/www.contabilizei.com.br\/contabilidade-online\/wp-json\/wp\/v2\/users\/120"}],"replies":[{"embeddable":true,"href":"https:\/\/www.contabilizei.com.br\/contabilidade-online\/wp-json\/wp\/v2\/comments?post=29787"}],"version-history":[{"count":0,"href":"https:\/\/www.contabilizei.com.br\/contabilidade-online\/wp-json\/wp\/v2\/posts\/29787\/revisions"}],"wp:featuredmedia":[{"embeddable":true,"href":"https:\/\/www.contabilizei.com.br\/contabilidade-online\/wp-json\/wp\/v2\/media\/29789"}],"wp:attachment":[{"href":"https:\/\/www.contabilizei.com.br\/contabilidade-online\/wp-json\/wp\/v2\/media?parent=29787"}],"wp:term":[{"taxonomy":"category","embeddable":true,"href":"https:\/\/www.contabilizei.com.br\/contabilidade-online\/wp-json\/wp\/v2\/categories?post=29787"},{"taxonomy":"post_tag","embeddable":true,"href":"https:\/\/www.contabilizei.com.br\/contabilidade-online\/wp-json\/wp\/v2\/tags?post=29787"},{"taxonomy":"cta-tags","embeddable":true,"href":"https:\/\/www.contabilizei.com.br\/contabilidade-online\/wp-json\/wp\/v2\/cta-tags?post=29787"}],"curies":[{"name":"wp","href":"https:\/\/api.w.org\/{rel}","templated":true}]}}