{"id":26624,"date":"2023-12-01T14:05:53","date_gmt":"2023-12-01T17:05:53","guid":{"rendered":"https:\/\/site-static-prd1.ctbz.com.br\/contabilidade-online\/?p=26624"},"modified":"2026-04-07T16:40:23","modified_gmt":"2026-04-07T19:40:23","slug":"empresa-familiar-irpf-como-declarar","status":"publish","type":"post","link":"https:\/\/www.contabilizei.com.br\/contabilidade-online\/empresa-familiar-irpf-como-declarar\/","title":{"rendered":"Empresa familiar e o IRPF em 2026: como declarar?"},"content":{"rendered":"\n<p>Declarar o Imposto de Renda tem suas dificuldades, mas tamb\u00e9m n\u00e3o \u00e9 nada que n\u00e3o se possa estudar e cumprir corretamente. Quando se trata de empresas, os contadores s\u00e3o os melhores amigos do empres\u00e1rio neste momento. E quando se trata de empresa familiar?<\/p>\n\n\n\n<p>Claro que as empresas em opera\u00e7\u00e3o contam tamb\u00e9m com esse apoio, mas muita gente escolhe fazer a parte de Pessoa F\u00edsica por conta pr\u00f3pria &#8211; e vamos esclarecer aqui algumas d\u00favidas sobre os casos de empresas familiares.<\/p>\n\n\n\n<p>Este modelo de empresas \u00e9 um misto de situa\u00e7\u00f5es: o pessoal da fam\u00edlia \u00e9 tamb\u00e9m o time da empresa. \u00c9 a\u00ed que algumas vezes as situa\u00e7\u00f5es ficam complicadas, porque a gente n\u00e3o sabe onde um come\u00e7a e o outro termina. Vamos desenrolar?<\/p>\n\n\n\n<h2 class=\"wp-block-heading\" class=\"wp-block-heading\" id=\"o-que-e-uma-empresa-familiar\"><strong>O que \u00e9 uma empresa familiar?<\/strong>&nbsp;<\/h2>\n\n\n\n<p>Uma <a href=\"https:\/\/www.contabilizei.com.br\/contabilidade-online\/empresa-familiar\/\" target=\"_blank\" rel=\"noreferrer noopener\">empresa familiar<\/a> \u00e9 um neg\u00f3cio onde os s\u00f3cios s\u00e3o membros da mesma fam\u00edlia. Muitas vezes, nestes casos, al\u00e9m dos s\u00f3cios, diversos colaboradores da empresa tamb\u00e9m s\u00e3o do n\u00facleo familiar.<\/p>\n\n\n\n<p>Todo mundo conhece um restaurante assim: trabalham marido, mulher, av\u00f3, os filhos crescem dentro da empresa e j\u00e1 v\u00e3o entrando no esp\u00edrito. \u00c9 t\u00edpico. E os exemplos est\u00e3o em todo canto, nos mais diversos segmentos, e aparecem em todos os tamanhos de empresa tamb\u00e9m.<\/p>\n\n\n\n<p>As quest\u00f5es que surgem para quem monta um tipo de empresa onde os pap\u00e9is v\u00e3o muito al\u00e9m dos neg\u00f3cios s\u00e3o especialmente relacionadas \u00e0 organiza\u00e7\u00e3o profissional do trabalho, uma vez que esse espa\u00e7o se confunde com poss\u00edveis n\u00edveis hier\u00e1rquicos que j\u00e1 existem na fam\u00edlia.<\/p>\n\n\n\n<p>Por exemplo, quando um sobrinho \u00e9 aquele que comanda o neg\u00f3cio e um de seus tios est\u00e1 sob sua gest\u00e3o, os pap\u00e9is precisam estar claros: o tio tem bastante experi\u00eancia de vida, e o sobrinho pode aproveit\u00e1-la para apoi\u00e1-lo, mas deve ficar claro quem definir\u00e1 as a\u00e7\u00f5es estrat\u00e9gicas da empresa.<\/p>\n\n\n\n<h2 class=\"wp-block-heading\" class=\"wp-block-heading\" id=\"como-declarar-sociedade-em-empresa-familiar\"><strong>Como declarar sociedade em empresa familiar?<\/strong><strong>&nbsp;<\/strong><\/h2>\n\n\n\n<p>A montagem da empresa familiar, o registro da cria\u00e7\u00e3o, \u00e9 id\u00eantico a qualquer outro tipo de neg\u00f3cio. Ao eleger o tipo de sociedade que ser\u00e1 criada, os membros da fam\u00edlia definem cotas e indicam nos documentos se h\u00e1 algu\u00e9m com maior ou menor autoridade sobre os neg\u00f3cios. Muitas vezes ocorrem mudan\u00e7as na documenta\u00e7\u00e3o da empresa &#8211; filhos sucedem pais, outros membros da fam\u00edlia entram para a sociedade. Se estiver tudo corretamente registrado, melhor.<\/p>\n\n\n\n<p>A declara\u00e7\u00e3o de renda, portanto, segue esta mesma premissa: cada um dos s\u00f3cios deve incluir na sua declara\u00e7\u00e3o de Pessoa F\u00edsica a cota que possui da empresa, bem como informar todos os valores recebidos como seus proventos pessoais.<\/p>\n\n\n\n<p>Embora pare\u00e7a confuso, trata-se de um neg\u00f3cio como qualquer outro: os valores recebidos pela empresa devem ser utilizados para pagamento dos sal\u00e1rios dos funcion\u00e1rios, de forma correta e segura, e tamb\u00e9m para manuten\u00e7\u00e3o do funcionamento do neg\u00f3cio. Os s\u00f3cios devem receber o valor estipulado como pr\u00f3-labore, e se houver excedentes, o lucro da empresa, este valor tamb\u00e9m pode ser distribu\u00eddo.<\/p><div id=\"conta-4017027423\" class=\"cta-bulk ga-cta-imagem-conteudo conta-cont-6p-cta-bulk conta-entity-placement\" style=\"margin-top: 30px;margin-bottom: 30px;\"><a href=\"https:\/\/www.contabilizei.com.br\/abrir-empresa\/\" aria-label=\"01\"><img loading=\"lazy\" decoding=\"async\" src=\"https:\/\/www.contabilizei.com.br\/contabilidade-online\/wp-content\/uploads\/2021\/07\/01.jpg?wsr\" alt=\"\"  srcset=\"https:\/\/www.contabilizei.com.br\/contabilidade-online\/wp-content\/uploads\/2021\/07\/01.jpg 615w, https:\/\/www.contabilizei.com.br\/contabilidade-online\/wp-content\/uploads\/2021\/07\/01-300x146.jpg 300w\" sizes=\"(max-width: 615px) 100vw, 615px\" width=\"615\" height=\"300\"  style=\"display: inline-block;\" \/><\/a><\/div>\n\n\n\n<p>Se sua empresa familiar n\u00e3o est\u00e1 concretamente organizada, na hora de cada um declarar os valores que recebeu da empresa podem acontecer problemas e os n\u00fameros n\u00e3o corresponderem aos valores que a empresa distribuiu &#8211; e esse \u00e9 um cen\u00e1rio ruim, porque pode gerar multas e problemas cont\u00e1beis, e at\u00e9 prejudicar o funcionamento do neg\u00f3cio.<\/p>\n\n\n\n<h2 class=\"wp-block-heading\" class=\"wp-block-heading\" id=\"quem-e-responsavel-dentro-da-empresa-isso-tem-relacao-com-ir\"><strong>Quem \u00e9 respons\u00e1vel dentro da empresa? Isso tem rela\u00e7\u00e3o com IR?&nbsp;<\/strong><\/h2>\n\n\n\n<p>Essa \u00e9 a pergunta que temos que responder: o que cada membro da fam\u00edlia faz dentro da empresa? Al\u00e9m daqueles que s\u00e3o s\u00f3cios, h\u00e1 alguns que s\u00e3o funcion\u00e1rios? Est\u00e3o todos corretamente registrados?&nbsp;<\/p>\n\n\n\n<p>Feito isso, tamb\u00e9m podemos pensar em quem \u00e9 respons\u00e1vel pela declara\u00e7\u00e3o de Pessoa F\u00edsica e quem \u00e9 respons\u00e1vel pela Declara\u00e7\u00e3o de Pessoa Jur\u00eddica.&nbsp;<\/p>\n\n\n\n<p>\u00c9 importante ressaltar que a declara\u00e7\u00e3o de Pessoa Jur\u00eddica ser\u00e1 sempre \u00fanica para todo o movimento financeiro da empresa: \u00e9 a declara\u00e7\u00e3o do que ocorreu no neg\u00f3cio como um todo durante aquele ano.<\/p>\n\n\n\n<p>J\u00e1 <a href=\"https:\/\/www.contabilizei.com.br\/contabilidade-online\/tudo-sobre-imposto-de-renda-irpf\/\" target=\"_blank\" rel=\"noreferrer noopener\">as declara\u00e7\u00f5es de Pessoa F\u00edsica<\/a> ligadas \u00e0 empresa podem ser muitas, tantas quanto houver s\u00f3cios e funcion\u00e1rios que ultrapassem o limite de renda informado pelo Governo, a partir do qual os contribuintes s\u00e3o obrigados a prestar a declara\u00e7\u00e3o \u2013 em 2026, todos que tiveram rendimentos tribut\u00e1veis acima de R$ 35.584,00 precisam entregar este documento.<\/p>\n\n\n\n<p>Neste ano, as declara\u00e7\u00f5es do IRPF t\u00eam um prazo menor de entrega em compara\u00e7\u00e3o aos anos anteriores. Em 2026, o prazo vai at\u00e9 29\/05\/2026 e as declara\u00e7\u00f5es podem ser registradas <a href=\"https:\/\/www.gov.br\/receitafederal\/pt-br\/centrais-de-conteudo\/download\/pgd\/dirpf\" target=\"_blank\" rel=\"noreferrer noopener\">utilizando os meios oficiais da Receita Federal<\/a>.\u00a0<\/p>\n\n\n\n<h2 class=\"wp-block-heading\" class=\"wp-block-heading\" id=\"pro-labore-como-declarar\"><strong>Pr\u00f3-labore, como declarar?&nbsp;<\/strong><\/h2>\n\n\n\n<p>O pr\u00f3-labore \u00e9 o rendimento que recebe aquele que \u00e9 s\u00f3cio da empresa e indica remunera\u00e7\u00e3o a ser paga pelos seus servi\u00e7os &#8211; \u00e9 como se fosse o sal\u00e1rio do empres\u00e1rio.<\/p>\n\n\n\n<p>Este valor entra na Declara\u00e7\u00e3o de Renda de Pessoa F\u00edsica na ficha \u201cRendimentos Tribut\u00e1veis Recebidos de Pessoa Jur\u00eddica\u201d. \u00c9 preciso informar o CNPJ da fonte pagadora, que no caso ser\u00e1 a empresa da fam\u00edlia mesmo, e indicar o valor que foi recebido, bem como imposto retido na fonte e contribui\u00e7\u00e3o previdenci\u00e1ria (INSS). Estes dados todos est\u00e3o nas anota\u00e7\u00f5es que o contador organiza, sobre cada funcion\u00e1rio, justamente neste per\u00edodo em que ser\u00e1 apresentada a declara\u00e7\u00e3o.<\/p>\n\n\n\n<h2 class=\"wp-block-heading\" class=\"wp-block-heading\" id=\"distribuicao-de-lucros-como-declarar\"><strong>Distribui\u00e7\u00e3o de lucros, como declarar?&nbsp;<\/strong><\/h2>\n\n\n\n<p>Al\u00e9m dos valores que cada participante da empresa recebe como s\u00f3cio ou como funcion\u00e1rio, tamb\u00e9m existe a divis\u00e3o de lucro &#8211; que \u00e9 aquele valor repartido, especialmente entre os donos da empresa, quando o faturamento cobre os custos e tem excedente. Perceba: esse valor n\u00e3o \u00e9 o pr\u00f3-labore nem o sal\u00e1rio nominal recebido, mas um valor vari\u00e1vel que prov\u00e9m dos bons neg\u00f3cios da empresa.<\/p>\n\n\n\n<p>Para que a divis\u00e3o de lucro ocorra corretamente a empresa deve estar com sua contabilidade em dia, pois isso garante que os valores distribu\u00eddos n\u00e3o eram devidos em outras pend\u00eancias do neg\u00f3cio.<\/p>\n\n\n\n<p>Embora os lucros recebidos de uma empresa nos valores de at\u00e9 R$ 50 mil sejam rendimentos n\u00e3o tribut\u00e1veis, eles precisam constar na Declara\u00e7\u00e3o tamb\u00e9m. Existe uma ficha justamente para isso: \u201cRendimentos Isentos e N\u00e3o Tribut\u00e1veis\u201d.<\/p>\n\n\n\n<p>Para este tipo de recebimento, voc\u00ea vai selecionar \u201c09 &#8211; Lucros e dividendos recebidos\u201d. Neste espa\u00e7o ser\u00e3o solicitadas informa\u00e7\u00f5es sobre se o recebimento foi feito por voc\u00ea mesmo, o valor recebido e o nome da empresa que distribuiu o montante.<\/p>\n\n\n\n<p>\u00c9 importante lembrar que tivemos algumas mudan\u00e7as com a aprova\u00e7\u00e3o da Lei n\u00ba15.270\/2025, conhecida como Reforma da Renda, que entrou em vigor em 1\u00ba de janeiro de 2026 e alterou a forma de tributa\u00e7\u00e3o dos rendimentos e de lucros e dividendos.<\/p>\n\n\n\n<p><strong>A partir de 2026, os rendimentos de at\u00e9 R$ 5.000,00 ao m\u00eas s\u00e3o isentos de Imposto de Renda Pessoa F\u00edsica. Al\u00e9m disso, lucros recebidos na Pessoa F\u00edsica de uma mesma empresa acima de R$ 50.000 mensais ter\u00e3o reten\u00e7\u00e3o de 10% na fonte.&nbsp;<\/strong><\/p>\n\n\n\n<p>A nova lei trouxe uma regra de transi\u00e7\u00e3o importante: os lucros que a sua empresa gerou at\u00e9 31\/12\/2025 continuam totalmente isentos da nova tributa\u00e7\u00e3o de 10% (mesmo que ultrapassem R$ 50 mil mensais), desde que a distribui\u00e7\u00e3o tenha sido formalmente aprovada em ata ou documento cont\u00e1bil at\u00e9 31\/12\/2025. Caso a sua empresa tenha feito essa aprova\u00e7\u00e3o a tempo, a lei garante que voc\u00ea tem at\u00e9 o final de 2028 para transferir efetivamente esse dinheiro para a pessoa f\u00edsica sem pagar o novo imposto.<\/p>\n\n\n\n<p>Por fim, <strong>os rendimentos anuais acima de R$ 600.000 podem gerar um imposto progressivo adicional, chegando a 10% at\u00e9 1,2 milh\u00e3o.<\/strong><\/p>\n\n\n\n<p>Saiba mais neste artigo \u201c<a href=\"https:\/\/www.contabilizei.com.br\/contabilidade-online\/isencao-imposto-de-renda-ate-5-mil-lucros-e-dividendos\/\" target=\"_blank\" rel=\"noreferrer noopener\">Isen\u00e7\u00e3o de Imposto de Renda at\u00e9 5 mil: o que muda para o profissional PJ e quem declara dividendos?\u201d<\/a>.\u00a0<\/p>\n\n\n\n<h2 class=\"wp-block-heading\" class=\"wp-block-heading\" id=\"bens-no-nome-da-empresa-como-declarar-na-pessoa-fisica\"><strong>Bens no nome da empresa, como declarar na pessoa f\u00edsica?<\/strong><\/h2>\n\n\n\n<p>Esta d\u00favida \u00e9 bem presente nas empresas familiares, e demonstra realmente como as rela\u00e7\u00f5es dentro do neg\u00f3cio s\u00e3o um reflexo das rela\u00e7\u00f5es \u00edntimas entre os associados.<\/p>\n\n\n\n<p>O caso \u00e9 que, como j\u00e1 falamos, as empresas precisam contar com o apoio de um bom escrit\u00f3rio de contabilidade para que os bens pessoais e o patrim\u00f4nio empresarial estejam corretamente separados.<\/p>\n\n\n\n<p>Vamos a um exemplo cl\u00e1ssico: voc\u00ea comprou um carro, mas aproveitou os descontos para CNPJ e o bem foi adquirido em nome da empresa. Vamos pensar juntos ent\u00e3o: se o carro est\u00e1 registrado pela Pessoa Jur\u00eddica, onde ele entraria no imposto de renda da Pessoa F\u00edsica?<\/p>\n\n\n\n<p>Justamente &#8211; ele n\u00e3o entra. Este bem estar\u00e1 declarado nos registros da empresa, e n\u00e3o constar\u00e1 de nenhuma das declara\u00e7\u00f5es de Pessoa F\u00edsica dos s\u00f3cios ou funcion\u00e1rios.&nbsp;<\/p>\n\n\n\n<p>Para que n\u00e3o haja constrangimento entre os familiares, este tipo de situa\u00e7\u00e3o precisa estar bem clara para todos, e \u00e9 importante que aquele usu\u00e1rio do carro&nbsp; do exemplo perceba que o bem est\u00e1 no nome do neg\u00f3cio. Vale o mesmo para im\u00f3veis, maquin\u00e1rio, equipamentos de inform\u00e1tica, entre outros.<\/p>\n\n\n\n<h2 class=\"wp-block-heading\" class=\"wp-block-heading\" id=\"os-passos-para-nao-cair-na-malha-fina-por-discordancias-das-declaracoes\"><strong>&nbsp;Os passos para n\u00e3o cair na malha fina por discord\u00e2ncias das declara\u00e7\u00f5es<\/strong><\/h2>\n\n\n\n<p>Confira aqui os passos para conferir e n\u00e3o cair na malha fina porque algum dos componentes da sua empresa familiar entregaram a Declara\u00e7\u00e3o de Imposto de Renda da Pessoa F\u00edsica em discord\u00e2ncia com o que a empresa informa para a Receita:<\/p>\n\n\n\n<h3 class=\"wp-block-heading\"><strong>1. Todos devem declarar os valores contratados como pr\u00f3-labore ou sal\u00e1rio, de acordo com os registros<\/strong><\/h3>\n\n\n\n<p>\u00c9 poss\u00edvel que algu\u00e9m confunda pr\u00f3-labore com distribui\u00e7\u00e3o de lucros, e acabe informando errado no imposto de renda da Pessoa F\u00edsica &#8211; por isso \u00e9 importante esclarecer com todos a que se referem os valores pagos.<\/p>\n\n\n\n<h3 class=\"wp-block-heading\"><strong>2. Informar valores corretamente<\/strong><\/h3>\n\n\n\n<p>Al\u00e9m de n\u00e3o confundir o que foi pago em cada formato, tamb\u00e9m \u00e9 preciso que as declara\u00e7\u00f5es tenham consist\u00eancia em rela\u00e7\u00e3o aos valores &#8211; o contador respons\u00e1vel pela empresa deve emitir documento informando a cada membro da organiza\u00e7\u00e3o qual foi o total de valores recebidos em cada tipo de pagamento.<\/p>\n\n\n\n<h3 class=\"wp-block-heading\"><strong>3<\/strong>. <strong>N\u00e3o omitir recebimentos<\/strong><\/h3>\n\n\n\n<p>Outro problema constante nas declara\u00e7\u00f5es de Pessoa F\u00edsica \u00e9 a falta de informa\u00e7\u00e3o sobre algum pagamento. Nas empresas familiares, a divis\u00e3o de lucros pode n\u00e3o ser t\u00e3o frequente e o participante pode acabar esquecendo de informar este valor. Conforme nossa dica anterior, o ideal \u00e9 solicitar para a contabilidade da empresa a informa\u00e7\u00e3o sobre quais valores cada um dos membros da empresa recebeu no per\u00edodo apurado.<\/p>\n\n\n\n<h3 class=\"wp-block-heading\"><strong>4. N\u00e3o declarar bens empresariais como pessoais<\/strong><\/h3>\n\n\n\n<p>Como comentamos antes, se houve aquisi\u00e7\u00e3o ou transfer\u00eancia de bens pessoais para a empresa, mesmo que o usu\u00e1rio seja apenas um dos s\u00f3cios, o bem n\u00e3o poder\u00e1 constar da declara\u00e7\u00e3o de Pessoa F\u00edsica. O que consta na DIRPF \u00e9 somente a cota da empresa que aquele s\u00f3cio possui, e os valores que foram repassados a ele a t\u00edtulo de pr\u00f3-labore ou divis\u00e3o de lucros.<\/p>\n\n\n\n<h2 class=\"wp-block-heading\" class=\"wp-block-heading\" id=\"abra-sua-empresa-com-a-contabilizei\"><strong>Abra sua empresa com a Contabilizei<\/strong><\/h2>\n\n\n\n<p>Embora as mudan\u00e7as estabelecidas pela Reforma da Renda tragam novas al\u00edquotas sobre rendas altas, <strong>o CNPJ continua sendo a estrutura mais eficiente para gest\u00e3o de patrim\u00f4nio e sucess\u00e3o familiar.<\/strong><\/p>\n\n\n\n<p>Por isso, <strong>conte com apoio da Contabilizei, o maior escrit\u00f3rio de contabilidade do Brasil, para abrir a sua empresa e cuidar de toda a gest\u00e3o do CNPJ<\/strong>. Conhe\u00e7a a nossa <a href=\"https:\/\/www.contabilizei.com.br\/assessoria-contabil-gratuita\/\" target=\"_blank\" rel=\"noreferrer noopener\">assessoria cont\u00e1bil gratuita<\/a> e saiba como podemos te ajudar!<\/p>\n","protected":false},"excerpt":{"rendered":"<p>Declarar o Imposto de Renda tem suas dificuldades, mas tamb\u00e9m n\u00e3o \u00e9 nada que n\u00e3o se possa estudar e cumprir&#8230;<\/p>\n","protected":false},"author":120,"featured_media":26625,"comment_status":"open","ping_status":"closed","sticky":false,"template":"","format":"standard","meta":{"footnotes":""},"categories":[259],"tags":[],"cta-tags":[],"acf":[],"yoast_head":"<!-- This site is optimized with the Yoast SEO plugin v24.5 - https:\/\/yoast.com\/wordpress\/plugins\/seo\/ -->\n<title>Empresa familiar e o IRPF em 2026: como declarar?<\/title>\n<meta name=\"description\" content=\"Saiba como declarar o Imposto de Renda de Pessoa F\u00edsica quando se tem uma empresa familiar: pr\u00f3-labore, distribui\u00e7\u00e3o de lucros, bens e mais.\" \/>\n<meta name=\"robots\" content=\"index, follow\" \/>\n<link rel=\"canonical\" href=\"https:\/\/www.contabilizei.com.br\/contabilidade-online\/empresa-familiar-irpf-como-declarar\/\" \/>\n<meta property=\"og:locale\" content=\"pt_BR\" \/>\n<meta property=\"og:type\" content=\"article\" \/>\n<meta property=\"og:title\" content=\"Empresa familiar e o IRPF em 2026: como declarar?\" \/>\n<meta property=\"og:description\" content=\"Saiba como declarar o Imposto de Renda de Pessoa F\u00edsica quando se tem uma empresa familiar: pr\u00f3-labore, distribui\u00e7\u00e3o de lucros, bens e mais.\" \/>\n<meta property=\"og:url\" content=\"https:\/\/www.contabilizei.com.br\/contabilidade-online\/empresa-familiar-irpf-como-declarar\/\" \/>\n<meta property=\"og:site_name\" content=\"Blog da Contabilizei\" \/>\n<meta property=\"article:publisher\" content=\"https:\/\/www.facebook.com\/Contabilizei\/\" \/>\n<meta property=\"article:author\" content=\"https:\/\/www.facebook.com\/Contabilizei\/\" \/>\n<meta property=\"article:published_time\" content=\"2023-12-01T17:05:53+00:00\" \/>\n<meta property=\"article:modified_time\" content=\"2026-04-07T19:40:23+00:00\" \/>\n<meta property=\"og:image\" content=\"https:\/\/www.contabilizei.com.br\/contabilidade-online\/wp-content\/uploads\/2021\/05\/empresa-familiar-homens-robo.jpg?wsr\" \/>\n\t<meta property=\"og:image:width\" content=\"1280\" \/>\n\t<meta property=\"og:image:height\" content=\"720\" \/>\n\t<meta property=\"og:image:type\" content=\"image\/jpeg\" \/>\n<meta name=\"author\" content=\"Charles Gularte\" \/>\n<meta name=\"twitter:card\" content=\"summary_large_image\" \/>\n<meta name=\"twitter:creator\" content=\"@contabilizei\" \/>\n<meta name=\"twitter:site\" content=\"@contabilizei\" \/>\n<meta name=\"twitter:label1\" content=\"Escrito por\" \/>\n\t<meta name=\"twitter:data1\" content=\"Charles Gularte\" \/>\n\t<meta name=\"twitter:label2\" content=\"Est. tempo de leitura\" \/>\n\t<meta name=\"twitter:data2\" content=\"10 minutos\" \/>\n<!-- \/ Yoast SEO plugin. -->","yoast_head_json":{"title":"Empresa familiar e o IRPF em 2026: como declarar?","description":"Saiba como declarar o Imposto de Renda de Pessoa F\u00edsica quando se tem uma empresa familiar: pr\u00f3-labore, distribui\u00e7\u00e3o de lucros, bens e mais.","robots":{"index":"index","follow":"follow"},"canonical":"https:\/\/www.contabilizei.com.br\/contabilidade-online\/empresa-familiar-irpf-como-declarar\/","og_locale":"pt_BR","og_type":"article","og_title":"Empresa familiar e o IRPF em 2026: como declarar?","og_description":"Saiba como declarar o Imposto de Renda de Pessoa F\u00edsica quando se tem uma empresa familiar: pr\u00f3-labore, distribui\u00e7\u00e3o de lucros, bens e mais.","og_url":"https:\/\/www.contabilizei.com.br\/contabilidade-online\/empresa-familiar-irpf-como-declarar\/","og_site_name":"Blog da Contabilizei","article_publisher":"https:\/\/www.facebook.com\/Contabilizei\/","article_author":"https:\/\/www.facebook.com\/Contabilizei\/","article_published_time":"2023-12-01T17:05:53+00:00","article_modified_time":"2026-04-07T19:40:23+00:00","og_image":[{"width":1280,"height":720,"url":"https:\/\/www.contabilizei.com.br\/contabilidade-online\/wp-content\/uploads\/2021\/05\/empresa-familiar-homens-robo.jpg?wsr","type":"image\/jpeg"}],"author":"Charles Gularte","twitter_card":"summary_large_image","twitter_creator":"@contabilizei","twitter_site":"@contabilizei","twitter_misc":{"Escrito por":"Charles Gularte","Est. tempo de leitura":"10 minutos"},"schema":{"@context":"https:\/\/schema.org","@graph":[{"@type":"Article","@id":"https:\/\/www.contabilizei.com.br\/contabilidade-online\/empresa-familiar-irpf-como-declarar\/#article","isPartOf":{"@id":"https:\/\/www.contabilizei.com.br\/contabilidade-online\/empresa-familiar-irpf-como-declarar\/"},"author":{"name":"Charles Gularte","@id":"https:\/\/www.contabilizei.com.br\/contabilidade-online\/#\/schema\/person\/a7161c59bbb8d0c2aaa5639b246b6ccb"},"headline":"Empresa familiar e o IRPF em 2026: como declarar?","datePublished":"2023-12-01T17:05:53+00:00","dateModified":"2026-04-07T19:40:23+00:00","mainEntityOfPage":{"@id":"https:\/\/www.contabilizei.com.br\/contabilidade-online\/empresa-familiar-irpf-como-declarar\/"},"wordCount":2005,"commentCount":0,"publisher":{"@id":"https:\/\/www.contabilizei.com.br\/contabilidade-online\/#organization"},"image":{"@id":"https:\/\/www.contabilizei.com.br\/contabilidade-online\/empresa-familiar-irpf-como-declarar\/#primaryimage"},"thumbnailUrl":"https:\/\/www.contabilizei.com.br\/contabilidade-online\/wp-content\/uploads\/2021\/05\/empresa-familiar-homens-robo.jpg?wsr","articleSection":["Conte\u00fados Cont\u00e1beis"],"inLanguage":"pt-BR","potentialAction":[{"@type":"CommentAction","name":"Comment","target":["https:\/\/www.contabilizei.com.br\/contabilidade-online\/empresa-familiar-irpf-como-declarar\/#respond"]}]},{"@type":"WebPage","@id":"https:\/\/www.contabilizei.com.br\/contabilidade-online\/empresa-familiar-irpf-como-declarar\/","url":"https:\/\/www.contabilizei.com.br\/contabilidade-online\/empresa-familiar-irpf-como-declarar\/","name":"Empresa familiar e o IRPF em [internal_variables field=\"ano_atual\"]: como declarar?","isPartOf":{"@id":"https:\/\/www.contabilizei.com.br\/contabilidade-online\/#website"},"primaryImageOfPage":{"@id":"https:\/\/www.contabilizei.com.br\/contabilidade-online\/empresa-familiar-irpf-como-declarar\/#primaryimage"},"image":{"@id":"https:\/\/www.contabilizei.com.br\/contabilidade-online\/empresa-familiar-irpf-como-declarar\/#primaryimage"},"thumbnailUrl":"https:\/\/www.contabilizei.com.br\/contabilidade-online\/wp-content\/uploads\/2021\/05\/empresa-familiar-homens-robo.jpg?wsr","datePublished":"2023-12-01T17:05:53+00:00","dateModified":"2026-04-07T19:40:23+00:00","description":"Saiba como declarar o Imposto de Renda de Pessoa F\u00edsica quando se tem uma empresa familiar: pr\u00f3-labore, distribui\u00e7\u00e3o de lucros, bens e mais.","breadcrumb":{"@id":"https:\/\/www.contabilizei.com.br\/contabilidade-online\/empresa-familiar-irpf-como-declarar\/#breadcrumb"},"inLanguage":"pt-BR","potentialAction":[{"@type":"ReadAction","target":["https:\/\/www.contabilizei.com.br\/contabilidade-online\/empresa-familiar-irpf-como-declarar\/"]}]},{"@type":"ImageObject","inLanguage":"pt-BR","@id":"https:\/\/www.contabilizei.com.br\/contabilidade-online\/empresa-familiar-irpf-como-declarar\/#primaryimage","url":"https:\/\/www.contabilizei.com.br\/contabilidade-online\/wp-content\/uploads\/2021\/05\/empresa-familiar-homens-robo.jpg?wsr","contentUrl":"https:\/\/www.contabilizei.com.br\/contabilidade-online\/wp-content\/uploads\/2021\/05\/empresa-familiar-homens-robo.jpg?wsr","width":1280,"height":720,"caption":"empresa-familiar-homens-robo."},{"@type":"BreadcrumbList","@id":"https:\/\/www.contabilizei.com.br\/contabilidade-online\/empresa-familiar-irpf-como-declarar\/#breadcrumb","itemListElement":[{"@type":"ListItem","position":1,"name":"Home","item":"https:\/\/www.contabilizei.com.br\/contabilidade-online\/"},{"@type":"ListItem","position":2,"name":"Conte\u00fados Cont\u00e1beis","item":"https:\/\/www.contabilizei.com.br\/contabilidade-online\/conteudos-contabeis\/"},{"@type":"ListItem","position":3,"name":"Empresa familiar e o IRPF em 2026: como declarar?"}]},{"@type":"WebSite","@id":"https:\/\/www.contabilizei.com.br\/contabilidade-online\/#website","url":"https:\/\/www.contabilizei.com.br\/contabilidade-online\/","name":"Blog da Contabilizei","description":"Apoiando o empreendedorismo desde 2013","publisher":{"@id":"https:\/\/www.contabilizei.com.br\/contabilidade-online\/#organization"},"potentialAction":[{"@type":"SearchAction","target":{"@type":"EntryPoint","urlTemplate":"https:\/\/www.contabilizei.com.br\/contabilidade-online\/?s={search_term_string}"},"query-input":{"@type":"PropertyValueSpecification","valueRequired":true,"valueName":"search_term_string"}}],"inLanguage":"pt-BR"},{"@type":"Organization","@id":"https:\/\/www.contabilizei.com.br\/contabilidade-online\/#organization","name":"Contabilizei Contabilidade","url":"https:\/\/www.contabilizei.com.br\/contabilidade-online\/","logo":{"@type":"ImageObject","inLanguage":"pt-BR","@id":"https:\/\/www.contabilizei.com.br\/contabilidade-online\/#\/schema\/logo\/image\/","url":"","contentUrl":"","caption":"Contabilizei Contabilidade"},"image":{"@id":"https:\/\/www.contabilizei.com.br\/contabilidade-online\/#\/schema\/logo\/image\/"},"sameAs":["https:\/\/www.facebook.com\/Contabilizei\/","https:\/\/x.com\/contabilizei","https:\/\/www.instagram.com\/contabilizei\/","https:\/\/www.linkedin.com\/company\/contabilizei\/","https:\/\/www.youtube.com\/channel\/UCNAlIbSjWxrDLDllQUug8dA","https:\/\/pt.wikipedia.org\/wiki\/Contabilizei"]},{"@type":"Person","@id":"https:\/\/www.contabilizei.com.br\/contabilidade-online\/#\/schema\/person\/a7161c59bbb8d0c2aaa5639b246b6ccb","name":"Charles Gularte","image":{"@type":"ImageObject","inLanguage":"pt-BR","@id":"https:\/\/www.contabilizei.com.br\/contabilidade-online\/#\/schema\/person\/image\/","url":"https:\/\/secure.gravatar.com\/avatar\/b922f18ccf5954cb1804eedf01131f87?s=96&d=mm&r=g","contentUrl":"https:\/\/secure.gravatar.com\/avatar\/b922f18ccf5954cb1804eedf01131f87?s=96&d=mm&r=g","caption":"Charles Gularte"},"description":"Contador t\u00e9cnico e respons\u00e1vel na Contabilizei desde 2015. Charles Gularte \u00e9 s\u00f3cio-diretor de contabilidade e rela\u00e7\u00f5es institucionais, respons\u00e1vel t\u00e9cnico da empresa e contador h\u00e1 mais de 20 anos (CRC PR-045113\/O-7). Atualmente \u00e9 l\u00edder do maior time de contadores certificados do Brasil, onde garante um modelo operacional escal\u00e1vel e sustent\u00e1vel, que entrega servi\u00e7o, atendimento e suporte com excel\u00eancia a mais de 100 mil micros e pequenos empreendedores. Formado em Ci\u00eancias Cont\u00e1beis pela FAE Centro Universit\u00e1rio e com MBA em Gest\u00e3o Empresarial, Administra\u00e7\u00e3o e Neg\u00f3cios pela FGV, iniciou a carreira em um escrit\u00f3rio de contabilidade e seguiu para o mundo corporativo, onde \u00e9 refer\u00eancia profissional quando se trata de uma rotina cont\u00e1bil segura, transparente e confi\u00e1vel no pa\u00eds.","sameAs":["https:\/\/www.facebook.com\/Contabilizei\/","https:\/\/www.instagram.com\/contabilizei\/","https:\/\/www.linkedin.com\/in\/charlesgularte\/","https:\/\/www.youtube.com\/channel\/UCNAlIbSjWxrDLDllQUug8dA"],"url":"https:\/\/www.contabilizei.com.br\/contabilidade-online\/autor\/charles-gularte\/"}]}},"_links":{"self":[{"href":"https:\/\/www.contabilizei.com.br\/contabilidade-online\/wp-json\/wp\/v2\/posts\/26624"}],"collection":[{"href":"https:\/\/www.contabilizei.com.br\/contabilidade-online\/wp-json\/wp\/v2\/posts"}],"about":[{"href":"https:\/\/www.contabilizei.com.br\/contabilidade-online\/wp-json\/wp\/v2\/types\/post"}],"author":[{"embeddable":true,"href":"https:\/\/www.contabilizei.com.br\/contabilidade-online\/wp-json\/wp\/v2\/users\/120"}],"replies":[{"embeddable":true,"href":"https:\/\/www.contabilizei.com.br\/contabilidade-online\/wp-json\/wp\/v2\/comments?post=26624"}],"version-history":[{"count":0,"href":"https:\/\/www.contabilizei.com.br\/contabilidade-online\/wp-json\/wp\/v2\/posts\/26624\/revisions"}],"wp:featuredmedia":[{"embeddable":true,"href":"https:\/\/www.contabilizei.com.br\/contabilidade-online\/wp-json\/wp\/v2\/media\/26625"}],"wp:attachment":[{"href":"https:\/\/www.contabilizei.com.br\/contabilidade-online\/wp-json\/wp\/v2\/media?parent=26624"}],"wp:term":[{"taxonomy":"category","embeddable":true,"href":"https:\/\/www.contabilizei.com.br\/contabilidade-online\/wp-json\/wp\/v2\/categories?post=26624"},{"taxonomy":"post_tag","embeddable":true,"href":"https:\/\/www.contabilizei.com.br\/contabilidade-online\/wp-json\/wp\/v2\/tags?post=26624"},{"taxonomy":"cta-tags","embeddable":true,"href":"https:\/\/www.contabilizei.com.br\/contabilidade-online\/wp-json\/wp\/v2\/cta-tags?post=26624"}],"curies":[{"name":"wp","href":"https:\/\/api.w.org\/{rel}","templated":true}]}}