{"id":26436,"date":"2021-04-22T19:00:19","date_gmt":"2021-04-22T22:00:19","guid":{"rendered":"https:\/\/site-static-prd1.ctbz.com.br\/contabilidade-online\/?p=26436"},"modified":"2026-04-08T13:59:01","modified_gmt":"2026-04-08T16:59:01","slug":"imposto-medico","status":"publish","type":"post","link":"https:\/\/www.contabilizei.com.br\/contabilidade-online\/imposto-medico\/","title":{"rendered":"Imposto m\u00e9dico: Aut\u00f4nomo x PJ como pagar menos imposto?"},"content":{"rendered":"\n<p>Ser m\u00e9dico no Brasil j\u00e1 demanda uma rotina digna de maratona. Muitas vezes trabalhando em mais de uma cl\u00ednica e hospitais em hor\u00e1rios de plant\u00e3o, sobra pouco tempo para as atividades de gerenciamento da profiss\u00e3o e rotina administrativa.&nbsp;<\/p>\n\n\n\n<p>E n\u00e3o s\u00e3o poucas atividades: al\u00e9m de garantir a qualidade do atendimento dos pacientes, administrar as demandas de planos de sa\u00fade, prescrever exames e medicamentos, o m\u00e9dico e demais profissionais de sa\u00fade, necessitam \u2013 assim como outros profissionais liberais e&nbsp; aut\u00f4nomos \u2013 dar aten\u00e7\u00e3o ao seu neg\u00f3cio seja ele um CNPJ ou um celetista.<\/p>\n\n\n\n<p>Diferente de outros profissionais que podem reservar parte do tempo para sua pr\u00f3pria administra\u00e7\u00e3o, dificilmente os m\u00e9dicos conseguem \u2013 fora do final de semana \u2013 realizar essa atividade. S\u00f3 que esta agenda \u00e9 extremamente necess\u00e1ria pois ela vai garantir a sa\u00fade financeira da empresa.<\/p>\n\n\n\n<p>Emitir notas fiscais ou conferir seus recebimentos atrav\u00e9s de RPAs, ter um livro caixa e principalmente pagar impostos n\u00e3o \u00e9 uma op\u00e7\u00e3o, mas sim uma obriga\u00e7\u00e3o. Pensando dessa forma e sabendo que o objetivo de qualquer empreendedor, profissional liberal ou aut\u00f4nomo, \u00e9 pagar o menor tributo poss\u00edvel dentro da lei, a Contabilizei estruturou este conte\u00fado que responde a uma pergunta simples: Qual a melhor maneira para que o m\u00e9dico pague menos impostos? Est\u00e1 com a gente? Ent\u00e3o vamos l\u00e1.<\/p>\n\n\n\n<h2 class=\"wp-block-heading\" class=\"wp-block-heading\" id=\"quanto-paga-de-imposto-um-medico\"><strong>Quanto paga de imposto um m\u00e9dico?<\/strong><\/h2>\n\n\n\n<p>O imposto que o m\u00e9dico vai pagar depende de como ser\u00e1 a sua forma de presta\u00e7\u00e3o de servi\u00e7o e remunera\u00e7\u00e3o. A atividade do m\u00e9dico \u00e9 considerada como profissional liberal. Isso significa que ap\u00f3s o registro obrigat\u00f3rio no Conselho Regional de Medicina (CRM), o profissional tem a liberdade de definir como ir\u00e1 prestar seus servi\u00e7os como Empregado CLT, Prestador de Servi\u00e7o Aut\u00f4nomo ou ter a sua pr\u00f3pria empresa Pessoa Jur\u00eddica (com s\u00f3cios ou n\u00e3o).<\/p>\n\n\n\n<p>Como toda a escolha, a&nbsp; possibilidade de optar entre modalidades estabelece a necessidade de uma<a href=\"https:\/\/www.contabilizei.com.br\/contabilidade-online\/abertura-cnpj-medicos\/\" target=\"_blank\" rel=\"noreferrer noopener\"> tomada de decis\u00e3o j\u00e1 na abertura do neg\u00f3cio<\/a> e do in\u00edcio da atividade. A ideia desse artigo \u00e9 mostrar os pr\u00f3s e contras de cada modalidade e auxili\u00e1-lo, de maneira did\u00e1tica, na melhor escolha.<\/p>\n\n\n\n<p>Importante ressaltar que para alguns m\u00e9dicos a melhor op\u00e7\u00e3o pode ser a CLT, para outras, a pessoa jur\u00eddica e ainda, para alguns o formato de Prestador de Servi\u00e7o Aut\u00f4nomo. Avalie e entenda qual a sua melhor op\u00e7\u00e3o e conte sempre com a Contabilizei para auxili\u00e1-lo neste processo, decisivo para o seu sucesso profissional \u2013 al\u00e9m, \u00e9 claro, de propiciar o m\u00ednimo imposto dentro da lei.<\/p>\n\n\n\n<p>A Contabilizei \u00e9 a solu\u00e7\u00e3o ideal para voc\u00ea, profissional de medicina, que precisa abrir o seu CNPJ, mas n\u00e3o quer ter que se preocupar com contabilidade todo m\u00eas. Na Contabilizei Experts voc\u00ea conta com <a href=\"https:\/\/www.contabilizei.com.br\/medicos\/\" target=\"_blank\" rel=\"noreferrer noopener\">a melhor contabilidade para m\u00e9dicos<\/a> do Brasil: assessor especialista em medicina, para cuidar desde a abertura da sua empresa, sua contabilidade at\u00e9 dar suporte na gest\u00e3o do seu consult\u00f3rio.<\/p>\n\n\n<div id=\"app\"><\/div>\n\n\n\n<h2 class=\"wp-block-heading\" class=\"wp-block-heading\" id=\"como-e-a-tributacao-de-um-medico-pela-clt\"><strong>Como \u00e9 a tributa\u00e7\u00e3o de um m\u00e9dico pela CLT?<\/strong><\/h2>\n\n\n\n<p>O m\u00e9dico que trabalha pela CLT \u00e9 igual aos demais profissionais regidos por ela. O m\u00e9dico assina um ou mais contratos de trabalho e a empresa contratante recolhe mensalmente INSS e IR na fonte.&nbsp;<\/p>\n\n\n\n<p>Quer saber o quanto voc\u00ea realmente ganharia como CLT? Ent\u00e3o use a <a href=\"https:\/\/www.contabilizei.com.br\/calculadora-salario-liquido\/\" target=\"_blank\" rel=\"noreferrer noopener\">Calculadora de Sal\u00e1rio L\u00edquido<\/a> da Contabilizei e saiba qual ser\u00e1 o valor do seu sal\u00e1rio descontando todos os impostos.<\/p><div id=\"conta-551032250\" class=\"cta-bulk ga-cta-imagem-conteudo conta-cont-6p-cta-bulk conta-entity-placement\" style=\"margin-top: 30px;margin-bottom: 30px;\"><a href=\"https:\/\/www.contabilizei.com.br\/abrir-empresa\/\" aria-label=\"01\"><img loading=\"lazy\" decoding=\"async\" src=\"https:\/\/www.contabilizei.com.br\/contabilidade-online\/wp-content\/uploads\/2021\/07\/01.jpg?wsr\" alt=\"\"  srcset=\"https:\/\/www.contabilizei.com.br\/contabilidade-online\/wp-content\/uploads\/2021\/07\/01.jpg 615w, https:\/\/www.contabilizei.com.br\/contabilidade-online\/wp-content\/uploads\/2021\/07\/01-300x146.jpg 300w\" sizes=\"(max-width: 615px) 100vw, 615px\" width=\"615\" height=\"300\"  style=\"display: inline-block;\" \/><\/a><\/div>\n\n\n\n<p>Para 2026&nbsp; as faixas estabelecidas para o desconto do INSS s\u00e3o:<\/p>\n\n\n\n<figure class=\"wp-block-table\"><table><tbody><tr><td><strong>Sal\u00e1rio (de)<\/strong><\/td><td><strong>Sal\u00e1rio (at\u00e9)<\/strong><\/td><td><strong>Al\u00edquota<\/strong><\/td><td><strong>Parcela a deduzir<\/strong><\/td><\/tr><tr><td>R$0,00<\/td><td>R$1.621,00<\/td><td>7,5%<\/td><td>\u2013<\/td><\/tr><tr><td>R$1.621,01<\/td><td>R$2.902,84<\/td><td>9,0%<\/td><td>R$24,32<\/td><\/tr><tr><td>R$2.902,85<\/td><td>R$4.354,27<\/td><td>12,0%<\/td><td>R$111,40<\/td><\/tr><tr><td>R$4.354,28<\/td><td>R$8.475,55<\/td><td>14,0%<\/td><td>R$198,49<\/td><\/tr><\/tbody><\/table><figcaption class=\"wp-element-caption\">Tabela INSS 2026 com dedu\u00e7\u00e3o.<\/figcaption><\/figure>\n\n\n\n<p>O percentual de desconto do INSS sobre o sal\u00e1rio deve variar de acordo com o n\u00famero de sal\u00e1rios m\u00ednimos recebidos por algu\u00e9m, de maneira progressiva, ou seja, quanto maior o sal\u00e1rio do profissional, mais ele ter\u00e1 que pagar para usufruir dos benef\u00edcios da previd\u00eancia. Essas varia\u00e7\u00f5es de porcentagem s\u00e3o separadas em 4 faixas salariais:<\/p>\n\n\n\n<p><strong>1\u00aa faixa salarial:<\/strong> R$1.621,00 x 7,5% = R$121,58<\/p>\n\n\n\n<p><strong>2\u00aa faixa salarial: <\/strong>(R$2.902,84\u2013 R$1.621,00) x 9% = R$ 1.281,84 x 9% = R$115,37<\/p>\n\n\n\n<p><strong>3\u00aa faixa salarial: <\/strong>(R$4.354,27 \u2013 R$2.902,84) x 12% = R$2.902,84 x 12% = R$174,17<\/p>\n\n\n\n<p><strong>4\u00aa faixa salarial: <\/strong>(R$8.475,55 \u2013 R$4.354,27) x 14% = R$4.121,28 x 14% = R$576,98<\/p>\n\n\n\n<p><strong>Total m\u00e1ximo a recolher:<\/strong> R$121,58 + R$115,37+ R$174,17 + R$576,98 = R$988,10<\/p>\n\n\n\n<p>Como podemos ver, a contribui\u00e7\u00e3o para o INSS tem um teto, que \u00e9 de R$ 8.475,55. A parte do sal\u00e1rio que ultrapassar esse teto fica isenta, o que significa dizer que um sal\u00e1rio de 9 mil reais ter\u00e1 o mesmo valor de desconto de INSS que um sal\u00e1rio de 20 mil reais, que ser\u00e1 de R$988,10.<\/p>\n\n\n\n<p>Ap\u00f3s o c\u00e1lculo do INSS, \u00e9 necess\u00e1rio fazer o c\u00e1lculo do Imposto de Renda Pessoa F\u00edsica (IRPF), que tamb\u00e9m segue&nbsp; uma tabela progressiva e pode variar entre 0% e 27,5% de al\u00edquota.&nbsp;<\/p>\n\n\n\n<p><strong>Importante:<\/strong> com a aprova\u00e7\u00e3o da Lei n\u00ba15.270\/2025, conhecida como Reforma da Renda, a forma como calculamos o Imposto de Renda muda a partir de 1\u00ba de janeiro de 2026, afetando as declara\u00e7\u00f5es que ser\u00e3o entregues em 2027.<\/p>\n\n\n\n<p>A principal novidade \u00e9 a<strong> isen\u00e7\u00e3o total do IRPF para quem ganha at\u00e9 R$5 mil por m\u00eas<\/strong> e uma <strong>regra de redu\u00e7\u00e3o desse imposto para quem recebe entre R$5.000,01 e R$7.350,00<\/strong>. Para essa faixa, o c\u00e1lculo deixa de seguir apenas a al\u00edquota fixa e passa a utilizar uma f\u00f3rmula de desconto linear, garantindo que o imposto suba gradativamente.&nbsp;<\/p>\n\n\n\n<p>J\u00e1 para as<strong> rendas acima de R$7.350,00, o pagamento do imposto acontece normalmente e sem descontos, seguindo a tabela vigente<\/strong> do Imposto de Renda (IR).<\/p>\n\n\n\n<p>A partir de janeiro de 2026, a Tabela de Incid\u00eancia Mensal do Imposto de Renda \u00e9 a seguinte:<\/p>\n\n\n\n<figure class=\"wp-block-table\"><table><tbody><tr><td><strong>Base de C\u00e1lculo (R$)<\/strong><\/td><td><strong>Al\u00edquota (%)<\/strong><\/td><td><strong>Parcela a Deduzir do IR (R$)<\/strong><\/td><\/tr><tr><td>At\u00e9 R$2.428,80<\/td><td>zero<\/td><td>zero<\/td><\/tr><tr><td>De R$2.428,81 at\u00e9 R$2.826,65<\/td><td>7,5%<\/td><td>R$182,16<\/td><\/tr><tr><td>De R$2.826,66 at\u00e9 R$3.751,05<\/td><td>15%<\/td><td>R$394,16<\/td><\/tr><tr><td>De R$3.751,06 at\u00e9 R$4.664,68<\/td><td>22,5%<\/td><td>R$675,49<\/td><\/tr><tr><td>Acima de R$4.664,68<\/td><td>27,5%<\/td><td>R$908,73<\/td><\/tr><\/tbody><\/table><\/figure>\n\n\n\n<p>Al\u00e9m da Tabela de Incid\u00eancia Mensal do Imposto de Renda, a partir de 1\u00ba de janeiro de 2026 tamb\u00e9m passa a valer a Tabela de Redu\u00e7\u00e3o do Imposto Mensal:<\/p>\n\n\n\n<figure class=\"wp-block-table\"><table><tbody><tr><td><strong>Rendimentos Tribut\u00e1veis (Mensal)<\/strong><\/td><td><strong>Redu\u00e7\u00e3o do Imposto (O \u201cDesconto\u201d)<\/strong><\/td><td><strong>Na pr\u00e1tica<\/strong><\/td><\/tr><tr><td>At\u00e9 R$5.000,00<\/td><td>At\u00e9 R$312,89<\/td><td>Imposto zero (isento)<\/td><\/tr><tr><td>De R$5.000,01 at\u00e9 R$7.350,00<\/td><td>F\u00f3rmula: R$978,62 \u2013 (0,133145 x rendimento mensal). Redu\u00e7\u00e3o progressiva at\u00e9 zerar para quem ganha R$7.350<\/td><td>Desconto parcial (diminui o imposto a pagar)<\/td><\/tr><tr><td>A partir de&nbsp; R$7.350,00<\/td><td>Sem redu\u00e7\u00e3o do imposto<\/td><td>Segue a tributa\u00e7\u00e3o normal, seguindo a tabela vigente em 2026<\/td><\/tr><\/tbody><\/table><figcaption class=\"wp-element-caption\">Fonte: Art. 3\u00ba da Lei n\u00ba 9.250\/1995, alterado pela Lei n\u00ba 15.270\/2025.<\/figcaption><\/figure>\n\n\n\n<p>Saiba mais detalhes sobre o que muda para quem \u00e9 CLT com este artigo \u201c<a href=\"https:\/\/www.contabilizei.com.br\/contabilidade-online\/isencao-imposto-de-renda-ate-5-mil-mudancas-para-clt-e-pf\/\" target=\"_blank\" rel=\"noreferrer noopener\">Isen\u00e7\u00e3o do Imposto de Renda at\u00e9 5 mil: o que muda para o profissional CLT e demais pessoas f\u00edsicas?<\/a>\u201d.<\/p>\n\n\n\n<p>Em linhas gerais, para um <strong>rendimento mensal CLT de R$10.000,00<\/strong>, por exemplo, o m\u00e9dico ter\u00e1 um desconto de R$988,10 de INSS e R$1.569,54 de Imposto de Renda na fonte, resultando um <strong>sal\u00e1rio l\u00edquido mensal de R$7.442,36 (25,58% de desconto)<\/strong>.<\/p>\n\n\n\n<p>Evite erros e multas em sua contabilidade. Conte com o maior time de contadores certificados do Brasil e uma contabilidade para m\u00e9dicos segura e completa para pequenos neg\u00f3cios. Da abertura do CNPJ \u00e0 gest\u00e3o cont\u00e1bil: <a href=\"https:\/\/www.contabilizei.com.br\/abrir-empresa\/\" target=\"_blank\" rel=\"noreferrer noopener\">venha para a Contabilizei<\/a>.<\/p>\n\n\n\n<h2 class=\"wp-block-heading\" class=\"wp-block-heading\" id=\"como-e-a-tributacao-de-um-medico-profissional-autonomo\"><strong>Como \u00e9 a tributa\u00e7\u00e3o de um m\u00e9dico Profissional Aut\u00f4nomo?<\/strong><\/h2>\n\n\n\n<p>Nessa op\u00e7\u00e3o, os m\u00e9dicos podem trabalhar como profissionais liberais ou aut\u00f4nomos e est\u00e3o sujeitos \u00e0 cobran\u00e7a do Imposto de Renda de Pessoa F\u00edsica, do INSS (Instituto Nacional de Seguridade Social) e do ISSQN (Imposto Sobre Servi\u00e7os de Qualquer Natureza) referente \u00e0 legisla\u00e7\u00e3o de cada Munic\u00edpio.&nbsp;<\/p>\n\n\n\n<p>Um poss\u00edvel problema ao optar por esse regime \u00e9 a alta tributa\u00e7\u00e3o. A al\u00edquota do Imposto de Renda pode chegar a 27,5% da receita \u2013 de acordo com a tabela do tributo \u2013, e do INSS a at\u00e9 20% limitado ao teto do INSS.<\/p>\n\n\n\n<p>Outro ponto importante a ser observado \u00e9 que quando os m\u00e9dicos optam por trabalhar como profissionais liberais ou aut\u00f4nomos, eles ficam muito mais suscet\u00edveis a uma fiscaliza\u00e7\u00e3o ou malha fina na sua declara\u00e7\u00e3o de Imposto de Renda pessoa f\u00edsica.<\/p>\n\n\n\n<p>Nesta situa\u00e7\u00e3o os m\u00e9dicos ter\u00e3o os valores de impostos de duas formas diferentes:<\/p>\n\n\n\n<p>Baixe o e-book preparado pela Contabilizei e <a href=\"https:\/\/www.contabilizei.com.br\/contabilidade-online\/materiais\/impostos-para-profissionais-da-saude\/\" target=\"_blank\" rel=\"noreferrer noopener\">saiba como profissionais de sa\u00fade podem economizar em impostos<\/a>!<\/p>\n\n\n\n<h3 class=\"wp-block-heading\"><strong>1.Presta\u00e7\u00e3o de servi\u00e7os para pessoas f\u00edsicas<\/strong><\/h3>\n\n\n\n<p>Neste caso, os valores recebidos s\u00e3o controlados mensalmente via livro-caixa, e o IRRF gerado atrav\u00e9s do Carn\u00ea-Le\u00e3o. Os impostos s\u00e3o os seguintes:<\/p>\n\n\n\n<p><strong>INSS: <\/strong>a contribui\u00e7\u00e3o previdenci\u00e1ria (na modalidade de contribuinte individual) tem al\u00edquota de 20% sobre o valor recebido, limitada ao teto do INSS. Em 2026, com o teto fixado em R$ 8.475,55, o valor m\u00e1ximo de contribui\u00e7\u00e3o \u00e9 de R$1.695,11 por m\u00eas.<\/p>\n\n\n\n<p><strong>IRPF (Carn\u00ea-Le\u00e3o)<\/strong>: o valor do Imposto de Renda a ser pago mensalmente pode variar de 0% a 27,5%, conforme a tabela progressiva da Receita Federal. Diferente do INSS, n\u00e3o h\u00e1 limite de teto para o Imposto de Renda. A al\u00edquota incide sobre o total dos rendimentos tribut\u00e1veis (sendo permitido abater as despesas dedut\u00edveis do livro-caixa e o pr\u00f3prio INSS recolhido).<\/p>\n\n\n\n<h3 class=\"wp-block-heading\"><strong>2.Presta\u00e7\u00e3o de servi\u00e7os para Pessoa Jur\u00eddica<\/strong><\/h3>\n\n\n\n<p>Nesta situa\u00e7\u00e3o, os m\u00e9dicos ter\u00e3o os valores dos impostos descontados pelo contratante. Essa pessoa dever\u00e1 realizar a emiss\u00e3o do Recibo de Pagamento de Aut\u00f4nomos (RPA) para realizar recolhimento dos valores devidos. S\u00e3o eles:<\/p>\n\n\n\n<p><strong>INSS: <\/strong>a contribui\u00e7\u00e3o previdenci\u00e1ria tem al\u00edquota de 11%, com valor m\u00e1ximo de R$ R$932,31 por m\u00eas;<\/p>\n\n\n\n<p><strong>IRRF:<\/strong> o valor do Imposto de Renda retido na fonte pode variar de 0% a 27,5%, conforme tabela mensal, e n\u00e3o h\u00e1 limite para reten\u00e7\u00e3o.<\/p>\n\n\n\n<p><strong>ISS:<\/strong> o Imposto Sobre Servi\u00e7os ser\u00e1 devido sempre de acordo com as regras de cadastro&nbsp; na prefeitura de sua cidade, e as regras podem variar em cada munic\u00edpio, podendo a al\u00edquota variar de 2 a 5%.<\/p>\n\n\n\n<p>Confira o exemplo abaixo para o c\u00e1lculo completo para um rendimento aut\u00f4nomo de R$10.000,00, quando o contratante for uma pessoa jur\u00eddica:<\/p>\n\n\n\n<ul>\n<li><strong>Sal\u00e1rio bruto:<\/strong> R$10.000,00;<\/li>\n\n\n\n<li><strong>IRRF:<\/strong> R$1.584,88;<\/li>\n\n\n\n<li><strong>INSS:<\/strong> R$932,31;<\/li>\n\n\n\n<li><strong>ISS:<\/strong> R$500,00;<\/li>\n\n\n\n<li><strong>Sal\u00e1rio l\u00edquido:<\/strong> R$6.982,81.<\/li>\n<\/ul>\n\n\n\n<p>Erros cont\u00e1beis podem prejudicar sua empresa. Tenha uma contabilidade para m\u00e9dicos segura e de confian\u00e7a, <a href=\"https:\/\/www.contabilizei.com.br\/abrir-empresa\/\" target=\"_blank\" rel=\"noreferrer noopener\">conhe\u00e7a a Contabilizei<\/a>.<\/p>\n\n\n\n<blockquote class=\"wp-block-quote is-layout-flow wp-block-quote-is-layout-flow\">\n<p><strong><p>Para as cidades de S\u00e3o Paulo, Curitiba e Florian\u00f3polis, o Recibo de Pagamento Aut\u00f4nomo (RPA) entrou em desuso a partir do in\u00edcio de 2026. A Nota Fiscal de Servi\u00e7os Eletr\u00f4nica (NFS-e) passou a ser o documento oficial e obrigat\u00f3rio para formalizar o servi\u00e7o prestado. Para saber mais, <a href=\"https:\/\/www.contabilizei.com.br\/contabilizei-responde\/fim-do-rpa-em-sao-paulo\/\">acesse aqui<\/a> nossa mat\u00e9ria sobre a obrigatoriedade da emiss\u00e3o da NFS-e por profissionais liberais e aut\u00f4nomos.<\/p>\n<\/strong><\/p>\n<\/blockquote>\n\n\n\n<h2 class=\"wp-block-heading\" class=\"wp-block-heading\" id=\"como-e-a-tributacao-de-um-medico-pessoa-juridica-pj\"><strong>Como \u00e9 a tributa\u00e7\u00e3o de um m\u00e9dico Pessoa Jur\u00eddica (PJ)?<\/strong><\/h2>\n\n\n\n<p>Para os m\u00e9dicos que atuam como Pessoa Jur\u00eddica \u2013 tem uma empresa \u2013 o recolhimento dos impostos \u00e9 realizado pela empresa, ou seja, pelo CNPJ. \u00c9 aquela situa\u00e7\u00e3o que o m\u00e9dico opta por ser o \u201cdono\u201d do seu pr\u00f3prio neg\u00f3cio e <a href=\"https:\/\/www.contabilizei.com.br\/contabilidade-online\/medicos-notas-fiscais-cnpj\/\" target=\"_blank\" rel=\"noreferrer noopener\">atua emitindo notas fiscais pelos servi\u00e7os prestados para cl\u00ednicas, hospitais e at\u00e9 mesmo para pessoa f\u00edsica, os seus pacientes diretos.<\/a> Considerando que a empresa tenha sido enquadrado como Simples Nacional \u2013 o mais comum entre profissionais liberais, os impostos s\u00e3o:<\/p>\n\n\n\n<p><strong>DAS: <\/strong>o DAS \u00e9 o Documento de Arrecada\u00e7\u00e3o do Simples Nacional, uma guia \u00fanica que compreende at\u00e9 8 impostos (IRPJ, CSLL, PIS, COFINS, CPP, ISS, ICMS e IPI, conforme o caso). Os impostos no Simples Nacional&nbsp; incidem sobre o faturamento total da empresa.<\/p>\n\n\n\n<p>A atividade de medicina tem a tributa\u00e7\u00e3o vari\u00e1vel no Simples Nacional, podendo ser pelo <a href=\"https:\/\/www.contabilizei.com.br\/contabilidade-online\/anexo-3-simples-nacional\/\" target=\"_blank\" rel=\"noreferrer noopener\">anexo III<\/a> ou pelo <a href=\"https:\/\/www.contabilizei.com.br\/contabilidade-online\/anexo-5-simples-nacional\/\" target=\"_blank\" rel=\"noreferrer noopener\">anexo V<\/a>. O que vai determinar o anexo de tributa\u00e7\u00e3o \u00e9 o seu <a href=\"https:\/\/www.contabilizei.com.br\/contabilidade-online\/fator-r-simples-nacional\/\" target=\"_blank\" rel=\"noreferrer noopener\">Fator R<\/a>.<\/p>\n\n\n\n<p>Basicamente o fator R \u00e9 o valor do seu pr\u00f3-labore dividido pelo seu faturamento, ambos referentes aos \u00faltimos 12 meses. Ent\u00e3o, sempre que o resultado for igual ou maior que 28% ser\u00e1 tributado no anexo III com al\u00edquotas menores, iniciando em 6%. Caso n\u00e3o atinja o fator R de 28% ser\u00e1 tributado pelo anexo V com al\u00edquotas iniciais de 15,5%.<\/p>\n\n\n\n<p><strong>INSS: <\/strong>a previd\u00eancia deve ser recolhida sobre o valor do pr\u00f3 labore do s\u00f3cio ou dono. Para as atividades de medicina, no Simples Nacional, o valor do INSS \u00e9 recolhido por fora da DAS, com al\u00edquota de 11%, limitado ao teto do INSS.<\/p>\n\n\n\n<p><strong>IRRF: <\/strong>pode incidir sobre o pr\u00f3 labore do s\u00f3cio (valor de retirada obrigat\u00f3rio) e varia de 0% a 27,5%, seguindo a tabela do IRPF.&nbsp;<\/p>\n\n\n\n<p>Dessa forma, seguindo o nosso exemplo, para um rendimento mensal de R$ 10.000,00 sendo tributado pelo Anexo III, com fator R igual ou maior que 28%:<\/p>\n\n\n\n<ul>\n<li><strong>Valor Bruto: <\/strong>R$10.000,00<\/li>\n\n\n\n<li><strong>(-) imposto sobre faturamento<\/strong>: R$600,00<\/li>\n\n\n\n<li><strong>(-) servi\u00e7o do contador<\/strong> (m\u00e9dia): R$400,00<\/li>\n\n\n\n<li><strong>(-) INSS<\/strong> (11% sobre o pr\u00f3-labore de R$ 2.800): R$ 308,00<\/li>\n\n\n\n<li><strong>(-) IRPF:<\/strong> R$ 0,00 (isento pela nova regra de 2026 para rendimentos at\u00e9 R$ 5 mil)<\/li>\n\n\n\n<li><strong>Valor l\u00edquido mensal: <\/strong>R$8.692,00<\/li>\n<\/ul>\n\n\n\n<p>Importante ressaltar que dentro deste c\u00e1lculo inclu\u00edmos o valor m\u00e9dio do servi\u00e7o de contabilidade obrigat\u00f3rio por lei \u2013<a href=\"https:\/\/www.contabilizei.com.br\/contabilidade-online\/medico-pode-ser-mei\/\" target=\"_blank\" rel=\"noreferrer noopener\"> M\u00e9dicos n\u00e3o podem ser MEI (Micro empreendedor individual) <\/a>e dessa forma precisam de contador. Al\u00e9m disso, no exemplo o Imposto de Renda est\u00e1 calculado sobre o valor m\u00ednimo de pr\u00f3-labore usual nas micro e pequenas empresas.<\/p>\n\n\n\n<h2 class=\"wp-block-heading\" class=\"wp-block-heading\" id=\"qual-a-melhor-opcao-para-que-o-medico-pague-menos-imposto\"><strong>Qual a melhor op\u00e7\u00e3o para que o m\u00e9dico pague menos imposto?<\/strong><\/h2>\n\n\n\n<p>A melhor op\u00e7\u00e3o, sem contar fatores subjetivos, \u00e9 a Pessoa Jur\u00eddica. Entenda porque com o nosso exemplo dos R$10 mil de sal\u00e1rio\/faturamento, agora completo:<\/p>\n\n\n\n<ul>\n<li><strong>Sal\u00e1rio l\u00edquido do profissional CLT = R$7.442,36<\/strong> (25,58 % de desconto)<\/li>\n\n\n\n<li><strong>Rendimento l\u00edquido&nbsp; do profissional aut\u00f4nomo = R$6.982,81<\/strong> (30,17% de desconto)<\/li>\n\n\n\n<li><strong>Rendimento l\u00edquido do profissional PJ <\/strong>(com servi\u00e7o de contabilidade Expert Contabilizei, de R$369,00\/m\u00eas) = <strong>R$8.723,00<\/strong> (12,77% de descontos aproximadamente)<\/li>\n<\/ul>\n\n\n\n<p>Neste exemplo fica claro que, mesmo contratando o servi\u00e7o de contabilidade obrigat\u00f3rio, ser PJ \u00e9 a melhor op\u00e7\u00e3o. <a href=\"https:\/\/www.contabilizei.com.br\/contabilidade-online\/medico-empreendedor\/\" target=\"_blank\" rel=\"noreferrer noopener\">Por\u00e9m, como falamos anteriormente, vai depender do objetivo do m\u00e9dico, do seu modelo de trabalho e do quanto ele est\u00e1 disposto a empreender. <\/a>Em linhas gerais, apesar de n\u00e3o ter benef\u00edcios trabalhistas como f\u00e9rias, FGTS e 13\u00ba sal\u00e1rio, os ganhos podem ser bem maiores quando o m\u00e9dico opta por ser Pessoa Jur\u00eddica.<\/p>\n\n\n\n<p>E hoje existem excelentes op\u00e7\u00f5es de servi\u00e7os de suporte de contabilidade para m\u00e9dicos que n\u00e3o sobrecarregam o profissional, nem ocupam seu tempo com rotinas burocr\u00e1ticas. Uma solu\u00e7\u00e3o \u00e9 o plano <a href=\"https:\/\/www.contabilizei.com.br\/experts\/\" target=\"_blank\" rel=\"noreferrer noopener\">Contabilizei Experts<\/a> que oferece contabilidade completa com assessor especializado em m\u00e9dicos para fazer sua gest\u00e3o financeira e cont\u00e1bil, al\u00e9m de propiciar a <a href=\"https:\/\/www.contabilizei.com.br\/contabilidade-online\/como-abrir-um-consultorio-medico\/\" target=\"_blank\" rel=\"noreferrer noopener\">abertura do CNPJ sem custo de servi\u00e7o<\/a>.<\/p>\n\n\n\n<p>O&nbsp; Assessor Experts \u2013 que \u00e9 um especialista em processos de gest\u00e3o cont\u00e1bil e financeira para m\u00e9dicos \u2013 fica dedicado \u00e0 gest\u00e3o da sua empresa, enquanto voc\u00ea trabalha de forma despreocupada com essas obriga\u00e7\u00f5es. Com o Expert Contabilizei voc\u00ea tem um bra\u00e7o direito para realizar suas rotinas administrativas e financeiras e mais tempo para dedicar para o seu neg\u00f3cio, e o que \u00e9 melhor com um pre\u00e7o muito acess\u00edvel e totalmente adequado a sua empresa m\u00e9dica.<\/p>\n","protected":false},"excerpt":{"rendered":"<p>Ser m\u00e9dico no Brasil j\u00e1 demanda uma rotina digna de maratona. Muitas vezes trabalhando em mais de uma cl\u00ednica e&#8230;<\/p>\n","protected":false},"author":120,"featured_media":26437,"comment_status":"open","ping_status":"closed","sticky":false,"template":"","format":"standard","meta":{"footnotes":""},"categories":[248],"tags":[],"cta-tags":[146],"acf":[],"yoast_head":"<!-- This site is optimized with the Yoast SEO plugin v24.5 - https:\/\/yoast.com\/wordpress\/plugins\/seo\/ -->\n<title>Imposto m\u00e9dico: Aut\u00f4nomo x PJ como pagar menos imposto?<\/title>\n<meta name=\"description\" content=\"Imposto m\u00e9dico: Aut\u00f4nomo x PJ como pagar menos imposto? Em alguns casos o m\u00e9dico ser PJ (Pessoa Jur\u00eddica) pode ser mais vantajoso em rela\u00e7\u00e3o a CLT\" \/>\n<meta name=\"robots\" content=\"index, follow\" \/>\n<link rel=\"canonical\" href=\"https:\/\/www.contabilizei.com.br\/contabilidade-online\/imposto-medico\/\" \/>\n<meta property=\"og:locale\" content=\"pt_BR\" \/>\n<meta property=\"og:type\" content=\"article\" \/>\n<meta property=\"og:title\" content=\"Imposto m\u00e9dico: Aut\u00f4nomo x PJ como pagar menos imposto?\" \/>\n<meta property=\"og:description\" content=\"Imposto m\u00e9dico: Aut\u00f4nomo x PJ como pagar menos imposto? Em alguns casos o m\u00e9dico ser PJ (Pessoa Jur\u00eddica) pode ser mais vantajoso em rela\u00e7\u00e3o a CLT\" \/>\n<meta property=\"og:url\" content=\"https:\/\/www.contabilizei.com.br\/contabilidade-online\/imposto-medico\/\" \/>\n<meta property=\"og:site_name\" content=\"Blog da Contabilizei\" \/>\n<meta property=\"article:publisher\" content=\"https:\/\/www.facebook.com\/Contabilizei\/\" \/>\n<meta property=\"article:author\" content=\"https:\/\/www.facebook.com\/Contabilizei\/\" \/>\n<meta property=\"article:published_time\" content=\"2021-04-22T22:00:19+00:00\" \/>\n<meta property=\"article:modified_time\" content=\"2026-04-08T16:59:01+00:00\" \/>\n<meta property=\"og:image\" content=\"https:\/\/www.contabilizei.com.br\/contabilidade-online\/wp-content\/uploads\/2021\/04\/imposto-medico-medico-computador.jpg?wsr\" \/>\n\t<meta property=\"og:image:width\" content=\"1280\" \/>\n\t<meta property=\"og:image:height\" content=\"720\" \/>\n\t<meta property=\"og:image:type\" content=\"image\/jpeg\" \/>\n<meta name=\"author\" content=\"Charles Gularte\" \/>\n<meta name=\"twitter:card\" content=\"summary_large_image\" \/>\n<meta name=\"twitter:creator\" content=\"@contabilizei\" \/>\n<meta name=\"twitter:site\" content=\"@contabilizei\" \/>\n<meta name=\"twitter:label1\" content=\"Escrito por\" \/>\n\t<meta name=\"twitter:data1\" content=\"Charles Gularte\" \/>\n\t<meta name=\"twitter:label2\" content=\"Est. tempo de leitura\" \/>\n\t<meta name=\"twitter:data2\" content=\"14 minutos\" \/>\n<!-- \/ Yoast SEO plugin. -->","yoast_head_json":{"title":"Imposto m\u00e9dico: Aut\u00f4nomo x PJ como pagar menos imposto?","description":"Imposto m\u00e9dico: Aut\u00f4nomo x PJ como pagar menos imposto? Em alguns casos o m\u00e9dico ser PJ (Pessoa Jur\u00eddica) pode ser mais vantajoso em rela\u00e7\u00e3o a CLT","robots":{"index":"index","follow":"follow"},"canonical":"https:\/\/www.contabilizei.com.br\/contabilidade-online\/imposto-medico\/","og_locale":"pt_BR","og_type":"article","og_title":"Imposto m\u00e9dico: Aut\u00f4nomo x PJ como pagar menos imposto?","og_description":"Imposto m\u00e9dico: Aut\u00f4nomo x PJ como pagar menos imposto? Em alguns casos o m\u00e9dico ser PJ (Pessoa Jur\u00eddica) pode ser mais vantajoso em rela\u00e7\u00e3o a CLT","og_url":"https:\/\/www.contabilizei.com.br\/contabilidade-online\/imposto-medico\/","og_site_name":"Blog da Contabilizei","article_publisher":"https:\/\/www.facebook.com\/Contabilizei\/","article_author":"https:\/\/www.facebook.com\/Contabilizei\/","article_published_time":"2021-04-22T22:00:19+00:00","article_modified_time":"2026-04-08T16:59:01+00:00","og_image":[{"width":1280,"height":720,"url":"https:\/\/www.contabilizei.com.br\/contabilidade-online\/wp-content\/uploads\/2021\/04\/imposto-medico-medico-computador.jpg?wsr","type":"image\/jpeg"}],"author":"Charles Gularte","twitter_card":"summary_large_image","twitter_creator":"@contabilizei","twitter_site":"@contabilizei","twitter_misc":{"Escrito por":"Charles Gularte","Est. tempo de leitura":"14 minutos"},"schema":{"@context":"https:\/\/schema.org","@graph":[{"@type":"Article","@id":"https:\/\/www.contabilizei.com.br\/contabilidade-online\/imposto-medico\/#article","isPartOf":{"@id":"https:\/\/www.contabilizei.com.br\/contabilidade-online\/imposto-medico\/"},"author":{"name":"Charles Gularte","@id":"https:\/\/www.contabilizei.com.br\/contabilidade-online\/#\/schema\/person\/a7161c59bbb8d0c2aaa5639b246b6ccb"},"headline":"Imposto m\u00e9dico: Aut\u00f4nomo x PJ como pagar menos imposto?","datePublished":"2021-04-22T22:00:19+00:00","dateModified":"2026-04-08T16:59:01+00:00","mainEntityOfPage":{"@id":"https:\/\/www.contabilizei.com.br\/contabilidade-online\/imposto-medico\/"},"wordCount":2553,"commentCount":1,"publisher":{"@id":"https:\/\/www.contabilizei.com.br\/contabilidade-online\/#organization"},"image":{"@id":"https:\/\/www.contabilizei.com.br\/contabilidade-online\/imposto-medico\/#primaryimage"},"thumbnailUrl":"https:\/\/www.contabilizei.com.br\/contabilidade-online\/wp-content\/uploads\/2021\/04\/imposto-medico-medico-computador.jpg?wsr","articleSection":["M\u00e9dico"],"inLanguage":"pt-BR","potentialAction":[{"@type":"CommentAction","name":"Comment","target":["https:\/\/www.contabilizei.com.br\/contabilidade-online\/imposto-medico\/#respond"]}]},{"@type":"WebPage","@id":"https:\/\/www.contabilizei.com.br\/contabilidade-online\/imposto-medico\/","url":"https:\/\/www.contabilizei.com.br\/contabilidade-online\/imposto-medico\/","name":"Imposto m\u00e9dico: Aut\u00f4nomo x PJ como pagar menos imposto?","isPartOf":{"@id":"https:\/\/www.contabilizei.com.br\/contabilidade-online\/#website"},"primaryImageOfPage":{"@id":"https:\/\/www.contabilizei.com.br\/contabilidade-online\/imposto-medico\/#primaryimage"},"image":{"@id":"https:\/\/www.contabilizei.com.br\/contabilidade-online\/imposto-medico\/#primaryimage"},"thumbnailUrl":"https:\/\/www.contabilizei.com.br\/contabilidade-online\/wp-content\/uploads\/2021\/04\/imposto-medico-medico-computador.jpg?wsr","datePublished":"2021-04-22T22:00:19+00:00","dateModified":"2026-04-08T16:59:01+00:00","description":"Imposto m\u00e9dico: Aut\u00f4nomo x PJ como pagar menos imposto? Em alguns casos o m\u00e9dico ser PJ (Pessoa Jur\u00eddica) pode ser mais vantajoso em rela\u00e7\u00e3o a CLT","breadcrumb":{"@id":"https:\/\/www.contabilizei.com.br\/contabilidade-online\/imposto-medico\/#breadcrumb"},"inLanguage":"pt-BR","potentialAction":[{"@type":"ReadAction","target":["https:\/\/www.contabilizei.com.br\/contabilidade-online\/imposto-medico\/"]}]},{"@type":"ImageObject","inLanguage":"pt-BR","@id":"https:\/\/www.contabilizei.com.br\/contabilidade-online\/imposto-medico\/#primaryimage","url":"https:\/\/www.contabilizei.com.br\/contabilidade-online\/wp-content\/uploads\/2021\/04\/imposto-medico-medico-computador.jpg?wsr","contentUrl":"https:\/\/www.contabilizei.com.br\/contabilidade-online\/wp-content\/uploads\/2021\/04\/imposto-medico-medico-computador.jpg?wsr","width":1280,"height":720,"caption":"imposto-medico-medico-computador"},{"@type":"BreadcrumbList","@id":"https:\/\/www.contabilizei.com.br\/contabilidade-online\/imposto-medico\/#breadcrumb","itemListElement":[{"@type":"ListItem","position":1,"name":"Home","item":"https:\/\/www.contabilizei.com.br\/contabilidade-online\/"},{"@type":"ListItem","position":2,"name":"M\u00e9dico","item":"https:\/\/www.contabilizei.com.br\/contabilidade-online\/atividade-medico\/"},{"@type":"ListItem","position":3,"name":"Imposto m\u00e9dico: Aut\u00f4nomo x PJ como pagar menos imposto?"}]},{"@type":"WebSite","@id":"https:\/\/www.contabilizei.com.br\/contabilidade-online\/#website","url":"https:\/\/www.contabilizei.com.br\/contabilidade-online\/","name":"Blog da Contabilizei","description":"Apoiando o empreendedorismo desde 2013","publisher":{"@id":"https:\/\/www.contabilizei.com.br\/contabilidade-online\/#organization"},"potentialAction":[{"@type":"SearchAction","target":{"@type":"EntryPoint","urlTemplate":"https:\/\/www.contabilizei.com.br\/contabilidade-online\/?s={search_term_string}"},"query-input":{"@type":"PropertyValueSpecification","valueRequired":true,"valueName":"search_term_string"}}],"inLanguage":"pt-BR"},{"@type":"Organization","@id":"https:\/\/www.contabilizei.com.br\/contabilidade-online\/#organization","name":"Contabilizei Contabilidade","url":"https:\/\/www.contabilizei.com.br\/contabilidade-online\/","logo":{"@type":"ImageObject","inLanguage":"pt-BR","@id":"https:\/\/www.contabilizei.com.br\/contabilidade-online\/#\/schema\/logo\/image\/","url":"","contentUrl":"","caption":"Contabilizei Contabilidade"},"image":{"@id":"https:\/\/www.contabilizei.com.br\/contabilidade-online\/#\/schema\/logo\/image\/"},"sameAs":["https:\/\/www.facebook.com\/Contabilizei\/","https:\/\/x.com\/contabilizei","https:\/\/www.instagram.com\/contabilizei\/","https:\/\/www.linkedin.com\/company\/contabilizei\/","https:\/\/www.youtube.com\/channel\/UCNAlIbSjWxrDLDllQUug8dA","https:\/\/pt.wikipedia.org\/wiki\/Contabilizei"]},{"@type":"Person","@id":"https:\/\/www.contabilizei.com.br\/contabilidade-online\/#\/schema\/person\/a7161c59bbb8d0c2aaa5639b246b6ccb","name":"Charles Gularte","image":{"@type":"ImageObject","inLanguage":"pt-BR","@id":"https:\/\/www.contabilizei.com.br\/contabilidade-online\/#\/schema\/person\/image\/","url":"https:\/\/secure.gravatar.com\/avatar\/b922f18ccf5954cb1804eedf01131f87?s=96&d=mm&r=g","contentUrl":"https:\/\/secure.gravatar.com\/avatar\/b922f18ccf5954cb1804eedf01131f87?s=96&d=mm&r=g","caption":"Charles Gularte"},"description":"Contador t\u00e9cnico e respons\u00e1vel na Contabilizei desde 2015. Charles Gularte \u00e9 s\u00f3cio-diretor de contabilidade e rela\u00e7\u00f5es institucionais, respons\u00e1vel t\u00e9cnico da empresa e contador h\u00e1 mais de 20 anos (CRC PR-045113\/O-7). Atualmente \u00e9 l\u00edder do maior time de contadores certificados do Brasil, onde garante um modelo operacional escal\u00e1vel e sustent\u00e1vel, que entrega servi\u00e7o, atendimento e suporte com excel\u00eancia a mais de 100 mil micros e pequenos empreendedores. Formado em Ci\u00eancias Cont\u00e1beis pela FAE Centro Universit\u00e1rio e com MBA em Gest\u00e3o Empresarial, Administra\u00e7\u00e3o e Neg\u00f3cios pela FGV, iniciou a carreira em um escrit\u00f3rio de contabilidade e seguiu para o mundo corporativo, onde \u00e9 refer\u00eancia profissional quando se trata de uma rotina cont\u00e1bil segura, transparente e confi\u00e1vel no pa\u00eds.","sameAs":["https:\/\/www.facebook.com\/Contabilizei\/","https:\/\/www.instagram.com\/contabilizei\/","https:\/\/www.linkedin.com\/in\/charlesgularte\/","https:\/\/www.youtube.com\/channel\/UCNAlIbSjWxrDLDllQUug8dA"],"url":"https:\/\/www.contabilizei.com.br\/contabilidade-online\/autor\/charles-gularte\/"}]}},"_links":{"self":[{"href":"https:\/\/www.contabilizei.com.br\/contabilidade-online\/wp-json\/wp\/v2\/posts\/26436"}],"collection":[{"href":"https:\/\/www.contabilizei.com.br\/contabilidade-online\/wp-json\/wp\/v2\/posts"}],"about":[{"href":"https:\/\/www.contabilizei.com.br\/contabilidade-online\/wp-json\/wp\/v2\/types\/post"}],"author":[{"embeddable":true,"href":"https:\/\/www.contabilizei.com.br\/contabilidade-online\/wp-json\/wp\/v2\/users\/120"}],"replies":[{"embeddable":true,"href":"https:\/\/www.contabilizei.com.br\/contabilidade-online\/wp-json\/wp\/v2\/comments?post=26436"}],"version-history":[{"count":0,"href":"https:\/\/www.contabilizei.com.br\/contabilidade-online\/wp-json\/wp\/v2\/posts\/26436\/revisions"}],"wp:featuredmedia":[{"embeddable":true,"href":"https:\/\/www.contabilizei.com.br\/contabilidade-online\/wp-json\/wp\/v2\/media\/26437"}],"wp:attachment":[{"href":"https:\/\/www.contabilizei.com.br\/contabilidade-online\/wp-json\/wp\/v2\/media?parent=26436"}],"wp:term":[{"taxonomy":"category","embeddable":true,"href":"https:\/\/www.contabilizei.com.br\/contabilidade-online\/wp-json\/wp\/v2\/categories?post=26436"},{"taxonomy":"post_tag","embeddable":true,"href":"https:\/\/www.contabilizei.com.br\/contabilidade-online\/wp-json\/wp\/v2\/tags?post=26436"},{"taxonomy":"cta-tags","embeddable":true,"href":"https:\/\/www.contabilizei.com.br\/contabilidade-online\/wp-json\/wp\/v2\/cta-tags?post=26436"}],"curies":[{"name":"wp","href":"https:\/\/api.w.org\/{rel}","templated":true}]}}