{"id":25747,"date":"2025-01-16T11:40:37","date_gmt":"2025-01-16T14:40:37","guid":{"rendered":"https:\/\/site-static-prd1.ctbz.com.br\/contabilidade-online\/?p=25747"},"modified":"2026-01-22T17:40:08","modified_gmt":"2026-01-22T20:40:08","slug":"como-abrir-empresa-de-representacao-comercial","status":"publish","type":"post","link":"https:\/\/www.contabilizei.com.br\/contabilidade-online\/como-abrir-empresa-de-representacao-comercial\/","title":{"rendered":"Como abrir uma empresa de representa\u00e7\u00e3o comercial em 2026?"},"content":{"rendered":"\n<p>Para abrir uma empresa de representa\u00e7\u00e3o comercial, \u00e9 preciso ter o registro no Conselho Regional dos Representantes Comerciais (Core). Com esse registro profissional em dia, \u00e9 poss\u00edvel formalizar a empresa.<\/p>\n\n\n\n<p>O passo a passo para abrir a empresa de representa\u00e7\u00e3o comercial \u00e9:<\/p>\n\n\n\n<ul>\n<li>Contratar um servi\u00e7o de contabilidade;<\/li>\n\n\n\n<li>Definir a natureza jur\u00eddica da empresa (EI, SLU ou LTDA);<\/li>\n\n\n\n<li>Escolher o regime tribut\u00e1rio (Simples Nacional, Lucro Presumido ou Lucro Real);<\/li>\n\n\n\n<li>Realizar a consulta de viabilidade e registrar a empresa na Junta Comercial;<\/li>\n\n\n\n<li>Obter o CNPJ e as licen\u00e7as necess\u00e1rias, como o alvar\u00e1 de funcionamento e etc.<\/li>\n<\/ul>\n\n\n\n<p>Embora seja poss\u00edvel atuar como aut\u00f4nomo, ter um CNPJ de representante comercial \u00e9 mais vantajoso, pois permite emitir notas fiscais, acessar linhas de cr\u00e9dito com condi\u00e7\u00f5es especiais e atender empresas que s\u00f3 contratam pessoas jur\u00eddicas, aumentando a credibilidade no mercado.<\/p>\n\n\n\n<p>Continue a leitura para entender em detalhes cada uma das etapas e os custos envolvidos na abertura de uma empresa de representa\u00e7\u00e3o comercial.<\/p>\n\n\n\n<h2 class=\"wp-block-heading\" class=\"wp-block-heading\" id=\"o-que-e-uma-empresa-de-representacao-comercial\"><strong>O que \u00e9 uma empresa de representa\u00e7\u00e3o comercial?&nbsp;<\/strong><\/h2>\n\n\n\n<p>Uma empresa de representa\u00e7\u00e3o comercial \u00e9 um <strong>segmento que tem como principal atividade fazer a intermedia\u00e7\u00e3o entre um fornecedor e\/ou produtor e os seus potenciais consumidores<\/strong>.<\/p>\n\n\n\n<p>Ou seja, essa empresa tem como objetivo facilitar o relacionamento entre esses dois pontos, apresentando e oferecendo os produtos comercializados.<\/p>\n\n\n\n<p>Por conta desse formato, \u00e9 bastante comum que se confunda representante comercial com vendedor. No entanto, ainda que tenham atua\u00e7\u00f5es semelhantes, h\u00e1 um ponto bem importante que os difere.<\/p>\n\n\n\n<p>De modo geral, o vendedor tem v\u00ednculo com a empresa na qual atua, enquanto o representante comercial n\u00e3o tem.<\/p>\n\n\n\n<p>Por isso, os profissionais desse segmento podem ser tanto pessoas f\u00edsicas quanto pessoas jur\u00eddicas.<\/p>\n\n\n\n<p>No entanto, sabemos que muitas empresas preferem firmar uma rela\u00e7\u00e3o comercial com quem j\u00e1 tem o seu pr\u00f3prio CNPJ. Isso porque ter empresa aberta atribui muito mais profissionalismo e credibilidade.<\/p><div id=\"conta-1024041390\" class=\"cta-bulk ga-cta-imagem-conteudo conta-cont-6p-cta-bulk conta-entity-placement\" style=\"margin-top: 30px;margin-bottom: 30px;\"><a href=\"https:\/\/www.contabilizei.com.br\/abrir-empresa\/\" aria-label=\"01\"><img loading=\"lazy\" decoding=\"async\" src=\"https:\/\/www.contabilizei.com.br\/contabilidade-online\/wp-content\/uploads\/2021\/07\/01.jpg?wsr\" alt=\"\"  srcset=\"https:\/\/www.contabilizei.com.br\/contabilidade-online\/wp-content\/uploads\/2021\/07\/01.jpg 615w, https:\/\/www.contabilizei.com.br\/contabilidade-online\/wp-content\/uploads\/2021\/07\/01-300x146.jpg 300w\" sizes=\"(max-width: 615px) 100vw, 615px\" width=\"615\" height=\"300\"  style=\"display: inline-block;\" \/><\/a><\/div>\n\n\n\n<p>Esse \u00e9 um dos motivos pelo qual \u00e9 t\u00e3o importante que voc\u00ea saiba como abrir uma empresa de representa\u00e7\u00e3o comercial.<\/p>\n\n\n\n<p><strong><em>Dica extra! <\/em><\/strong>Trabalha como CLT em uma empresa e tem d\u00favidas se vale a pena se tornar pessoa jur\u00eddica?<\/p>\n\n\n\n<blockquote class=\"wp-block-quote is-layout-flow wp-block-quote-is-layout-flow\">\n<p>Ent\u00e3o utilize a nossa <a href=\"https:\/\/www.contabilizei.com.br\/calculadora-clt-pj\/\" target=\"_blank\" rel=\"noreferrer noopener\">calculadora CLT x PJ x Aut\u00f4nomo<\/a>, compare os custos de ambas as categorias e confira qual a melhor para voc\u00ea.<\/p>\n<\/blockquote>\n\n\n\n<p>E para n\u00e3o restarem d\u00favidas, leia o artigo \u201c<a href=\"https:\/\/www.contabilizei.com.br\/contabilidade-online\/clt-ou-pj-o-que-compensa-mais\/\" target=\"_blank\" rel=\"noreferrer noopener\">CLT ou PJ: O que vale mais a pena para sua carreira? Diferen\u00e7as, Vantagens e Desvantagens<\/a>\u201d<\/p>\n\n\n\n<figure class=\"wp-block-image size-full is-resized\"><img loading=\"lazy\" decoding=\"async\" width=\"1280\" height=\"854\" src=\"\/contabilidade-online\/wp-content\/uploads\/2021\/01\/representacao-comercial-assinatura-e1610044822113.jpg\" alt=\"representacao-comercial-assinatura\" class=\"wp-image-25749\" style=\"width:640px;height:427px\"\/><\/figure>\n\n\n\n<h2 class=\"wp-block-heading\" class=\"wp-block-heading\" id=\"quem-pode-abrir-uma-empresa-de-representacao-comercial\"><strong>Quem pode abrir uma empresa de representa\u00e7\u00e3o comercial?&nbsp;<\/strong><\/h2>\n\n\n\n<p>Ainda que seja uma excelente oportunidade de atua\u00e7\u00e3o, nem todas as pessoas podem abrir uma empresa de representa\u00e7\u00e3o comercial.<\/p>\n\n\n\n<p>Veja o que diz o artigo 4\u00aa da <a href=\"http:\/\/www.planalto.gov.br\/ccivil_03\/leis\/l4886.htm\" target=\"_blank\" rel=\"noreferrer noopener\">lei n\u00ba 4.886 de 9 de dezembro de 1965<\/a>, que regulamenta as atividades dos representantes comerciais aut\u00f4nomos:<\/p>\n\n\n\n<p><em>Art . 4\u00ba N\u00e3o pode ser representante comercial:<\/em><\/p>\n\n\n\n<p><em>&nbsp;&nbsp;&nbsp;&nbsp;<\/em><em> <\/em><em>a) o que n\u00e3o pode ser comerciante;<\/em><\/p>\n\n\n\n<p><em>&nbsp;&nbsp;&nbsp;&nbsp;<\/em><em> <\/em><em>b) o falido n\u00e3o reabilitado;<\/em><\/p>\n\n\n\n<p><em>&nbsp;&nbsp;&nbsp;&nbsp;<\/em><em> <\/em><em>c) o que tenha sido condenado por infra\u00e7\u00e3o penal de natureza infamante, tais como falsidade, estelionato, apropria\u00e7\u00e3o ind\u00e9bita, contrabando, roubo, furto, lenoc\u00ednio ou crimes tamb\u00e9m punidos com a perda de cargo p\u00fablico;<\/em><\/p>\n\n\n\n<p><em>&nbsp;&nbsp;&nbsp;&nbsp;<\/em><em> <\/em><em>d) o que estiver com seu registro comercial cancelado como penalidade.<\/em><\/p>\n\n\n\n<p>Al\u00e9m disso, para atuar nessa profiss\u00e3o e abrir uma empresa de representa\u00e7\u00e3o comercial \u00e9 obrigat\u00f3rio o registro no Conselho Regional dos Representantes Comerciais \u2013 Core.<\/p>\n\n\n\n<div class=\"wpcf7 no-js\" id=\"wpcf7-f26392-o1\" lang=\"pt-BR\" dir=\"ltr\">\n<div class=\"screen-reader-response\"><p role=\"status\" aria-live=\"polite\" aria-atomic=\"true\"><\/p> <ul><\/ul><\/div>\n<form action=\"\/contabilidade-online\/wp-json\/wp\/v2\/posts\/25747#wpcf7-f26392-o1\" method=\"post\" class=\"wpcf7-form init form-especialista demo\" aria-label=\"Formul\u00e1rios de contato\" novalidate=\"novalidate\" data-status=\"init\">\n<div style=\"display: none;\">\n<input type=\"hidden\" name=\"_wpcf7\" value=\"26392\" \/>\n<input type=\"hidden\" name=\"_wpcf7_version\" value=\"5.9.8\" \/>\n<input type=\"hidden\" name=\"_wpcf7_locale\" value=\"pt_BR\" \/>\n<input type=\"hidden\" name=\"_wpcf7_unit_tag\" value=\"wpcf7-f26392-o1\" \/>\n<input type=\"hidden\" name=\"_wpcf7_container_post\" value=\"0\" \/>\n<input type=\"hidden\" name=\"_wpcf7_posted_data_hash\" value=\"\" \/>\n<input type=\"hidden\" name=\"_wpcf7dtx_version\" value=\"5.0.5\" \/>\n<\/div>\n<div class=\"cta-forms\">\n\t<div class=\"box\">\n\t\t<p class=\"cta-forms-title\">Quer ajuda para abrir uma empresa ou ter um CNPJ?\n\t\t<\/p>\n\t\t<p>A Contabilizei \u00e9 l\u00edder em abertura de empresas, deixe seus dados e nossos especialistas entrar\u00e3o em contato.\n\t\t<\/p>\n\t\t<p><label>E-mail<\/label><br \/>\n<span class=\"wpcf7-form-control-wrap\" data-name=\"your-email\"><input size=\"40\" maxlength=\"400\" class=\"wpcf7-form-control wpcf7-email wpcf7-validates-as-required wpcf7-text wpcf7-validates-as-email\" aria-required=\"true\" aria-invalid=\"false\" value=\"\" type=\"email\" name=\"your-email\" \/><\/span>\n\t\t<\/p>\n\t\t<p><label>Telefone<\/label><br \/>\n<span class=\"wpcf7-form-control-wrap\" data-name=\"your-phone\"><input size=\"40\" maxlength=\"400\" class=\"wpcf7-form-control wpcf7-tel wpcf7-validates-as-required wpcf7-text wpcf7-validates-as-tel\" aria-required=\"true\" aria-invalid=\"false\" value=\"\" type=\"tel\" name=\"your-phone\" \/><\/span>\n\t\t<\/p>\n\t\t<p><input type=\"hidden\" value=\"BLOG: COMO-ABRIR-EMPRESA-DE-REPRESENTACAO-COMERCIAL\" name=\"origin\"><\/input>\n\t\t<\/p>\n\t\t<p><input class=\"wpcf7-form-control wpcf7-submit has-spinner\" type=\"submit\" value=\"Fale com especialista\" \/>\n\t\t<\/p>\n\t<\/div>\n\t<div class=\"aviso-obrigado hideme\">\n\t\t<p class=\"aviso-obrigado-title\">TUDO CERTO!\n\t\t<\/p>\n\t\t<p>Recebemos suas informa\u00e7\u00f5es, logo nossos especialistas entrar\u00e3o em contato.\n\t\t<\/p>\n\t<\/div>\n<\/div><div class=\"wpcf7-response-output\" aria-hidden=\"true\"><\/div>\n<\/form>\n<\/div>\n\n\n\n\n<h2 class=\"wp-block-heading\" class=\"wp-block-heading\" id=\"qual-o-melhor-formato-juridico-para-uma-empresa-de-representacao-comercial\"><strong>Qual o melhor formato jur\u00eddico para uma empresa de representa\u00e7\u00e3o comercial?&nbsp;<\/strong><\/h2>\n\n\n\n<p>O formato jur\u00eddico \u00e9 uma das primeiras escolhas que voc\u00ea precisar\u00e1 tomar ao abrir a sua empresa de representa\u00e7\u00e3o comercial.<\/p>\n\n\n\n<p>A <a href=\"https:\/\/www.contabilizei.com.br\/contabilidade-online\/nao-sabe-definir-o-tipo-societario-entenda-aqui-como-descobrir-a-natureza-juridica-de-uma-empresa\/\" target=\"_blank\" rel=\"noreferrer noopener\">natureza jur\u00eddica<\/a>, como \u00e9 mais comumente chamada, define as regras, exig\u00eancias e normas de um neg\u00f3cio que precisam ser seguidas por seus s\u00f3cios.<\/p>\n\n\n\n<p>No caso do representante comercial, especificamente, estamos falando de um empres\u00e1rio individual, ou seja, de uma pessoa jur\u00eddica que pode atuar sem a necessidade de firmar uma sociedade.&nbsp;<\/p>\n\n\n\n<p>Nesse caso, entre os <a href=\"https:\/\/www.contabilizei.com.br\/contabilidade-online\/entenda-quais-sao-os-tipos-de-empresa-para-abrir-no-brasil\/\" target=\"_blank\" rel=\"noreferrer noopener\">tipos de empresas<\/a> que podem ser escolhidas, deve-se optar pela Sociedade Limitada Unipessoal.<\/p>\n\n\n\n\t\t<div class=\"cta-abertura\">\n\t\t\t<a href=\"\/calculadora-de-custo-para-tirar-cnpj\/\" target=\"_blank\" class=\"\">\n\t\t\t\t<div><h6>Quer saber quanto custa abrir a sua empresa? <\/h6>\n\t\t\t\t\t<p>Acesse a nossa calculadora de custo para abertura de CNPJ e descubra os valores. <\/p>\n\t\t\t\t\t<p class=\"button\">Calcular agora<\/p>\n\t\t\t\t<\/div>\n\t\t\t\t<picture>\n\t\t\t\t\t<source srcset=\"https:\/\/www.contabilizei.com.br\/contabilidade-online\/wp-content\/themes\/contabilizei-blog-wordpress\/images\/ctas\/webp\/cta-abertura.webp\" type=\"image\/webp\">\n\t\t\t\t\t<source srcset=\"https:\/\/www.contabilizei.com.br\/contabilidade-online\/wp-content\/themes\/contabilizei-blog-wordpress\/images\/ctas\/cta-abertura.png\" type=\"image\/png\">\n\t\t\t\t\t<img decoding=\"async\" width=\"170\" src=\"https:\/\/www.contabilizei.com.br\/contabilidade-online\/wp-content\/themes\/contabilizei-blog-wordpress\/images\/ctas\/cta-abertura.png\" alt=\"Quer saber quanto custa abrir a sua empresa?\">\n\t\t\t\t<\/picture>\n\t\t\t<\/a>\n    <\/div>\n\t\n\n\n\n<h3 class=\"wp-block-heading\"><strong>Sociedade Limitada Unipessoal<\/strong><\/h3>\n\n\n\n<p>A Sociedade Limitada Unipessoal (SLU) n\u00e3o requer s\u00f3cios para ser aberta. A principal diferen\u00e7a entre essas duas naturezas jur\u00eddicas \u00e9 que a SLU n\u00e3o exige capital social m\u00ednimo. Isso quer dizer que voc\u00ea pode abrir a sua empresa sem grandes investimentos iniciais.<\/p>\n\n\n\n<p>Aproveite e leia tamb\u00e9m \u201c<a href=\"https:\/\/www.contabilizei.com.br\/contabilidade-online\/quanto-custa-abrir-empresa-no-brasil-descubra-tudo\/\" target=\"_blank\" rel=\"noreferrer noopener\">Quanto custa abrir empresa no Brasil? Confira os custos e Taxas em 2025<\/a>\u201d<\/p>\n\n\n\n<p>Al\u00e9m disso, o seu patrim\u00f4nio pessoal tamb\u00e9m fica separado do patrim\u00f4nio da empresa. O que quer dizer que, em casos de d\u00edvidas ou fal\u00eancia, seus bens n\u00e3o podem ser utilizados para pagamento.<\/p>\n\n\n\n<figure class=\"wp-block-image size-full\"><img loading=\"lazy\" decoding=\"async\" width=\"1280\" height=\"854\" src=\"\/contabilidade-online\/wp-content\/uploads\/2021\/01\/representacao-comercial-casal-scaled-e1610044884482.jpg\" alt=\"representacao-comercial-casal\" class=\"wp-image-25751\"\/><\/figure>\n\n\n\n<h2 class=\"wp-block-heading\" class=\"wp-block-heading\" id=\"e-possivel-abrir-uma-empresa-de-representacao-comercial-como-mei\"><strong>\u00c9 poss\u00edvel abrir uma empresa de representa\u00e7\u00e3o comercial como MEI?<\/strong><\/h2>\n\n\n\n<p>Ainda que o MEI, Microempreendedor Individual, tamb\u00e9m seja uma natureza jur\u00eddica na qual n\u00e3o s\u00e3o exigidos s\u00f3cios, <strong>n\u00e3o \u00e9 poss\u00edvel abrir empresa de representa\u00e7\u00e3o comercial nesse formato.<\/strong><\/p>\n\n\n\n<p>O principal motivo \u00e9 que a <a href=\"https:\/\/www.contabilizei.com.br\/contabilidade-online\/atividades-mei-tabela\/\" target=\"_blank\" rel=\"noreferrer noopener\">tabela de atividades permitidas no MEI<\/a> faz men\u00e7\u00e3o \u00e0quelas que n\u00e3o requerem registro em conselhos de classe.<\/p>\n\n\n\n<p>No entanto, para se tornar um representante comercial \u00e9 obrigat\u00f3rio o registro no Core, conforme explicado anteriormente.<\/p>\n\n\n\n<h2 class=\"wp-block-heading\" class=\"wp-block-heading\" id=\"como-abrir-uma-empresa-de-representacao-comercial\"><strong>Como abrir uma empresa de representa\u00e7\u00e3o comercial?&nbsp;<\/strong><\/h2>\n\n\n\n<p>Mas a abertura de uma empresa de representa\u00e7\u00e3o comercial n\u00e3o se limita a escolher a natureza jur\u00eddica. Na verdade, esse \u00e9 apenas um dos passos do processo.<\/p>\n\n\n\n<p>Para saber como ter a sua pr\u00f3pria empresa nesse segmento, confira todas as etapas a seguir.<\/p>\n\n\n\n<h3 class=\"wp-block-heading\">1. <strong>Passo a passo para abrir uma empresa de representa\u00e7\u00e3o comercial<\/strong><\/h3>\n\n\n\n<ol>\n<li>Fa\u00e7a o seu registro no conselho de classe (Core) do seu estado<\/li>\n\n\n\n<li>Defina o nome da sua empresa<\/li>\n\n\n\n<li>Escolha a natureza jur\u00eddica<\/li>\n\n\n\n<li>Escolha o seu regime tribut\u00e1rio, que pode ser <a href=\"https:\/\/www.contabilizei.com.br\/contabilidade-online\/simples-nacional\/\">Simples Nacional<\/a>, <a href=\"https:\/\/www.contabilizei.com.br\/contabilidade-online\/lucro-presumido\/\">Lucro Presumido<\/a> ou <a href=\"https:\/\/www.contabilizei.com.br\/contabilidade-online\/lucro-real\/\">Lucro Real<\/a><\/li>\n\n\n\n<li>Identifique a CNAE (Classifica\u00e7\u00e3o Nacional de Atividades Econ\u00f4micas) correto<\/li>\n\n\n\n<li>Fa\u00e7a o seu registro de pessoa jur\u00eddica (CNPJ) junto aos \u00f3rg\u00e3os competentes, tais como Junta Comercial, Receita Federal, entre outros<\/li>\n\n\n\n<li>Elabore o seu Contrato de Representa\u00e7\u00e3o Comercial<\/li>\n<\/ol>\n\n\n\n<p>Em resumo, abrir empresa de representa\u00e7\u00e3o comercial segue praticamente o mesmo trajeto dos demais segmentos.&nbsp;<\/p>\n\n\n\n<p>Para n\u00e3o cometer nenhuma falha que possa atrasar esse processo, o mais indicado \u00e9 contar com a ajuda de um <a href=\"https:\/\/www.contabilizei.com.br\/contabilidade-online\/contador-e-contabilista\/\" target=\"_blank\" rel=\"noreferrer noopener\">contador<\/a> desde o in\u00edcio.<\/p>\n\n\n\n<p>Esse profissional vai lhe ajudar a tomar decis\u00f5es importantes, que v\u00e3o impactar, inclusive, nos impostos a serem pagos todos os meses.<\/p>\n\n\n\n<blockquote class=\"wp-block-quote is-layout-flow wp-block-quote-is-layout-flow\">\n<p>A <a href=\"https:\/\/www.contabilizei.com.br\/experts\/\" target=\"_blank\" rel=\"noreferrer noopener\">Contabilizei Experts<\/a> \u00e9 a solu\u00e7\u00e3o ideal para voc\u00ea, profissional, que precisa abrir o seu CNPJ, mas n\u00e3o quer ter que se preocupar com contabilidade todo m\u00eas. Na Contabilizei Experts, voc\u00ea conta com um assessor especialista para cuidar desde a abertura da sua empresa, sua contabilidade at\u00e9 dar suporte na gest\u00e3o do seu neg\u00f3cio. <\/p>\n<\/blockquote>\n\n\n\n<h2 class=\"wp-block-heading\" class=\"wp-block-heading\" id=\"qual-o-cnae-correto-para-empresa-de-representacao-comercial\"><strong>Qual o CNAE correto para empresa de representa\u00e7\u00e3o comercial?&nbsp;<\/strong><\/h2>\n\n\n\n<p>No passo a passo de como abrir uma empresa de representa\u00e7\u00e3o social citamos a necessidade de identificar a CNAE correta para o seu neg\u00f3cio.<\/p>\n\n\n\n<p>CNAE \u00e9 a sigla para Classifica\u00e7\u00e3o Nacional de Atividades Econ\u00f4micas. Consiste em um c\u00f3digo que determina quais s\u00e3o as atividades exercidas por uma empresa.<\/p>\n\n\n\n<p>Considerando que um representante comercial pode atuar em variados segmentos, a CNAE certa vai depender do ramo de atividade escolhido.<\/p>\n\n\n\n<p>Por exemplo, de acordo com o <a href=\"https:\/\/concla.ibge.gov.br\/\" target=\"_blank\" rel=\"noreferrer noopener\">Concla, Comiss\u00e3o Nacional de Classifica\u00e7\u00e3o<\/a> do IBGE, Instituto Brasileiro de Geografia e Estat\u00edstica, o c\u00f3digo para representantes comerciais de ve\u00edculos automotores \u00e9 o 4512-9\/01.<\/p>\n\n\n\n<p>Confira outros exemplos:<\/p>\n\n\n\n<ul>\n<li><a href=\"https:\/\/www.contabilizei.com.br\/consulta-cnae\/comercio-e-reparacao-de-veiculos-automotores-e-motocicletas\/4530706-representantes-comerciais-e-agentes-do-comercio-de-pecas-e-acessorios-novos-e-usados-para-veiculos-automotores\/\" target=\"_blank\" rel=\"noreferrer noopener\">4530-7\/06 Representantes comerciais e agentes do com\u00e9rcio de pe\u00e7as e acess\u00f3rios novos e usados para ve\u00edculos automotores;<\/a><\/li>\n\n\n\n<li><a href=\"https:\/\/www.contabilizei.com.br\/consulta-cnae\/comercio-por-atacado-exceto-veiculos-automotores-e-motocicletas\/4611700-representantes-comerciais-e-agentes-do-comercio-de-materias-primas-agricolas-e-animais-vivos\/\" target=\"_blank\" rel=\"noreferrer noopener\">4611-7\/00 Representantes comerciais e agentes do com\u00e9rcio de mat\u00e9rias-primas agr\u00edcolas e animais vivos;<\/a><\/li>\n\n\n\n<li><a href=\"https:\/\/www.contabilizei.com.br\/consulta-cnae\/comercio-por-atacado-exceto-veiculos-automotores-e-motocicletas\/4613300-representantes-comerciais-e-agentes-do-comercio-de-madeira-material-de-construcao-e-ferragens\/\" target=\"_blank\" rel=\"noreferrer noopener\">4613-3\/00 Representantes comerciais e agentes do com\u00e9rcio de madeira, material de constru\u00e7\u00e3o e ferragens.<\/a><\/li>\n<\/ul>\n\n\n\n<blockquote class=\"wp-block-quote is-layout-flow wp-block-quote-is-layout-flow\">\n<p>Para encontrar os CNAEs dispon\u00edveis para o seu neg\u00f3cio, basta usar nossa <a href=\"https:\/\/www.contabilizei.com.br\/consulta-cnae\/\" target=\"_blank\" rel=\"noreferrer noopener\">ferramenta consultor de CNAEs<\/a>, a forma mais f\u00e1cil, gratuita e completa de descobrir a atividade ideal para a sua empresa.<\/p>\n<\/blockquote>\n\n\n\n<h2 class=\"wp-block-heading\" class=\"wp-block-heading\" id=\"o-que-e-o-contrato-de-representacao-comercial\"><strong>O que \u00e9 o Contrato de Representa\u00e7\u00e3o Comercial?<\/strong><\/h2>\n\n\n\n<p>O Contrato de Representa\u00e7\u00e3o Comercial \u00e9 um documento que estabelece a rela\u00e7\u00e3o entre o profissional e a empresa que ser\u00e1 representada por ele.<\/p>\n\n\n\n<p>Neste documento devem constar as regras que determinam diversas quest\u00f5es, tais como:<\/p>\n\n\n\n<ul>\n<li>obriga\u00e7\u00f5es e responsabilidades de cada parte;<\/li>\n\n\n\n<li>defini\u00e7\u00e3o da exclusividade, ou n\u00e3o, do representante comercial;<\/li>\n\n\n\n<li>prazo de representa\u00e7\u00e3o;<\/li>\n\n\n\n<li>produtos e servi\u00e7os que ser\u00e3o representados;<\/li>\n\n\n\n<li>remunera\u00e7\u00e3o a ser paga e a sua forma.<\/li>\n<\/ul>\n\n\n\n<figure class=\"wp-block-image size-full\"><img loading=\"lazy\" decoding=\"async\" width=\"1280\" height=\"853\" src=\"\/contabilidade-online\/wp-content\/uploads\/2021\/01\/representacao-comercial-fone-e1610044938229.jpg\" alt=\"representacao-comercial-fone\" class=\"wp-image-25750\"\/><\/figure>\n\n\n\n<h2 class=\"wp-block-heading\" class=\"wp-block-heading\" id=\"como-divulgar-sua-empresa-de-representacao-comercial\"><strong>Como divulgar sua empresa de representa\u00e7\u00e3o comercial?&nbsp;<\/strong><\/h2>\n\n\n\n<p>Existem diversas boas pr\u00e1ticas que podem lhe ajudar a divulgar a sua empresa de representa\u00e7\u00e3o comercial.<\/p>\n\n\n\n<p>Entre as possibilidades, podemos citar o uso do marketing digital, com a cria\u00e7\u00e3o de um site e de um blog para postagem de conte\u00fados relevantes para os seus potenciais clientes.<\/p>\n\n\n\n<p>Voc\u00ea tamb\u00e9m pode explorar redes sociais como o LinkedIn, que tem um foco mais empresarial, e fazer a capta\u00e7\u00e3o de leads.<\/p>\n\n\n\n<p>Al\u00e9m disso, pode lan\u00e7ar m\u00e3o de um bom networking, participando de grupos e eventos voltados para o segmento no qual pretende atuar.<\/p>\n","protected":false},"excerpt":{"rendered":"<p>Para abrir uma empresa de representa\u00e7\u00e3o comercial, \u00e9 preciso ter o registro no Conselho Regional dos Representantes Comerciais (Core). Com&#8230;<\/p>\n","protected":false},"author":120,"featured_media":25748,"comment_status":"open","ping_status":"closed","sticky":false,"template":"","format":"standard","meta":{"footnotes":""},"categories":[236],"tags":[286],"cta-tags":[],"acf":[],"yoast_head":"<!-- This site is optimized with the Yoast SEO plugin v24.5 - https:\/\/yoast.com\/wordpress\/plugins\/seo\/ -->\n<title>Como abrir uma empresa de representa\u00e7\u00e3o comercial em 2026?<\/title>\n<meta name=\"description\" content=\"Saiba como abrir uma empresa de representa\u00e7\u00e3o comercial: quem pode abrir, o passo a passo e qual o melhor formato jur\u00eddico.\" \/>\n<meta name=\"robots\" content=\"index, follow\" \/>\n<link rel=\"canonical\" href=\"https:\/\/www.contabilizei.com.br\/contabilidade-online\/como-abrir-empresa-de-representacao-comercial\/\" \/>\n<meta property=\"og:locale\" content=\"pt_BR\" \/>\n<meta property=\"og:type\" content=\"article\" \/>\n<meta property=\"og:title\" content=\"Como abrir uma empresa de representa\u00e7\u00e3o comercial em 2026?\" \/>\n<meta property=\"og:description\" content=\"Saiba como abrir uma empresa de representa\u00e7\u00e3o comercial: quem pode abrir, o passo a passo e qual o melhor formato jur\u00eddico.\" \/>\n<meta property=\"og:url\" content=\"https:\/\/www.contabilizei.com.br\/contabilidade-online\/como-abrir-empresa-de-representacao-comercial\/\" \/>\n<meta property=\"og:site_name\" content=\"Blog da Contabilizei\" \/>\n<meta property=\"article:publisher\" content=\"https:\/\/www.facebook.com\/Contabilizei\/\" \/>\n<meta property=\"article:author\" content=\"https:\/\/www.facebook.com\/Contabilizei\/\" \/>\n<meta property=\"article:published_time\" content=\"2025-01-16T14:40:37+00:00\" \/>\n<meta property=\"article:modified_time\" content=\"2026-01-22T20:40:08+00:00\" \/>\n<meta property=\"og:image\" content=\"https:\/\/www.contabilizei.com.br\/contabilidade-online\/wp-content\/uploads\/2021\/01\/representacao-comercial-aperto-mao.jpg?wsr\" \/>\n\t<meta property=\"og:image:width\" content=\"1280\" \/>\n\t<meta property=\"og:image:height\" content=\"720\" \/>\n\t<meta property=\"og:image:type\" content=\"image\/jpeg\" \/>\n<meta name=\"author\" content=\"Charles Gularte\" \/>\n<meta name=\"twitter:card\" content=\"summary_large_image\" \/>\n<meta name=\"twitter:creator\" content=\"@contabilizei\" \/>\n<meta name=\"twitter:site\" content=\"@contabilizei\" \/>\n<meta name=\"twitter:label1\" content=\"Escrito por\" \/>\n\t<meta name=\"twitter:data1\" content=\"Charles Gularte\" \/>\n\t<meta name=\"twitter:label2\" content=\"Est. tempo de leitura\" \/>\n\t<meta name=\"twitter:data2\" content=\"9 minutos\" \/>\n<!-- \/ Yoast SEO plugin. -->","yoast_head_json":{"title":"Como abrir uma empresa de representa\u00e7\u00e3o comercial em 2026?","description":"Saiba como abrir uma empresa de representa\u00e7\u00e3o comercial: quem pode abrir, o passo a passo e qual o melhor formato jur\u00eddico.","robots":{"index":"index","follow":"follow"},"canonical":"https:\/\/www.contabilizei.com.br\/contabilidade-online\/como-abrir-empresa-de-representacao-comercial\/","og_locale":"pt_BR","og_type":"article","og_title":"Como abrir uma empresa de representa\u00e7\u00e3o comercial em 2026?","og_description":"Saiba como abrir uma empresa de representa\u00e7\u00e3o comercial: quem pode abrir, o passo a passo e qual o melhor formato jur\u00eddico.","og_url":"https:\/\/www.contabilizei.com.br\/contabilidade-online\/como-abrir-empresa-de-representacao-comercial\/","og_site_name":"Blog da Contabilizei","article_publisher":"https:\/\/www.facebook.com\/Contabilizei\/","article_author":"https:\/\/www.facebook.com\/Contabilizei\/","article_published_time":"2025-01-16T14:40:37+00:00","article_modified_time":"2026-01-22T20:40:08+00:00","og_image":[{"width":1280,"height":720,"url":"https:\/\/www.contabilizei.com.br\/contabilidade-online\/wp-content\/uploads\/2021\/01\/representacao-comercial-aperto-mao.jpg?wsr","type":"image\/jpeg"}],"author":"Charles Gularte","twitter_card":"summary_large_image","twitter_creator":"@contabilizei","twitter_site":"@contabilizei","twitter_misc":{"Escrito por":"Charles Gularte","Est. tempo de leitura":"9 minutos"},"schema":{"@context":"https:\/\/schema.org","@graph":[{"@type":"Article","@id":"https:\/\/www.contabilizei.com.br\/contabilidade-online\/como-abrir-empresa-de-representacao-comercial\/#article","isPartOf":{"@id":"https:\/\/www.contabilizei.com.br\/contabilidade-online\/como-abrir-empresa-de-representacao-comercial\/"},"author":{"name":"Charles Gularte","@id":"https:\/\/www.contabilizei.com.br\/contabilidade-online\/#\/schema\/person\/a7161c59bbb8d0c2aaa5639b246b6ccb"},"headline":"Como abrir uma empresa de representa\u00e7\u00e3o comercial em 2026?","datePublished":"2025-01-16T14:40:37+00:00","dateModified":"2026-01-22T20:40:08+00:00","mainEntityOfPage":{"@id":"https:\/\/www.contabilizei.com.br\/contabilidade-online\/como-abrir-empresa-de-representacao-comercial\/"},"wordCount":1586,"commentCount":1,"publisher":{"@id":"https:\/\/www.contabilizei.com.br\/contabilidade-online\/#organization"},"image":{"@id":"https:\/\/www.contabilizei.com.br\/contabilidade-online\/como-abrir-empresa-de-representacao-comercial\/#primaryimage"},"thumbnailUrl":"https:\/\/www.contabilizei.com.br\/contabilidade-online\/wp-content\/uploads\/2021\/01\/representacao-comercial-aperto-mao.jpg?wsr","keywords":["Ideias de Neg\u00f3cios"],"articleSection":["Abertura de Empresa"],"inLanguage":"pt-BR","potentialAction":[{"@type":"CommentAction","name":"Comment","target":["https:\/\/www.contabilizei.com.br\/contabilidade-online\/como-abrir-empresa-de-representacao-comercial\/#respond"]}]},{"@type":"WebPage","@id":"https:\/\/www.contabilizei.com.br\/contabilidade-online\/como-abrir-empresa-de-representacao-comercial\/","url":"https:\/\/www.contabilizei.com.br\/contabilidade-online\/como-abrir-empresa-de-representacao-comercial\/","name":"Como abrir uma empresa de representa\u00e7\u00e3o comercial em [internal_variables field=\"ano_atual\"]?","isPartOf":{"@id":"https:\/\/www.contabilizei.com.br\/contabilidade-online\/#website"},"primaryImageOfPage":{"@id":"https:\/\/www.contabilizei.com.br\/contabilidade-online\/como-abrir-empresa-de-representacao-comercial\/#primaryimage"},"image":{"@id":"https:\/\/www.contabilizei.com.br\/contabilidade-online\/como-abrir-empresa-de-representacao-comercial\/#primaryimage"},"thumbnailUrl":"https:\/\/www.contabilizei.com.br\/contabilidade-online\/wp-content\/uploads\/2021\/01\/representacao-comercial-aperto-mao.jpg?wsr","datePublished":"2025-01-16T14:40:37+00:00","dateModified":"2026-01-22T20:40:08+00:00","description":"Saiba como abrir uma empresa de representa\u00e7\u00e3o comercial: quem pode abrir, o passo a passo e qual o melhor formato jur\u00eddico.","breadcrumb":{"@id":"https:\/\/www.contabilizei.com.br\/contabilidade-online\/como-abrir-empresa-de-representacao-comercial\/#breadcrumb"},"inLanguage":"pt-BR","potentialAction":[{"@type":"ReadAction","target":["https:\/\/www.contabilizei.com.br\/contabilidade-online\/como-abrir-empresa-de-representacao-comercial\/"]}]},{"@type":"ImageObject","inLanguage":"pt-BR","@id":"https:\/\/www.contabilizei.com.br\/contabilidade-online\/como-abrir-empresa-de-representacao-comercial\/#primaryimage","url":"https:\/\/www.contabilizei.com.br\/contabilidade-online\/wp-content\/uploads\/2021\/01\/representacao-comercial-aperto-mao.jpg?wsr","contentUrl":"https:\/\/www.contabilizei.com.br\/contabilidade-online\/wp-content\/uploads\/2021\/01\/representacao-comercial-aperto-mao.jpg?wsr","width":1280,"height":720,"caption":"representacao-comercial-aperto-mao"},{"@type":"BreadcrumbList","@id":"https:\/\/www.contabilizei.com.br\/contabilidade-online\/como-abrir-empresa-de-representacao-comercial\/#breadcrumb","itemListElement":[{"@type":"ListItem","position":1,"name":"Home","item":"https:\/\/www.contabilizei.com.br\/contabilidade-online\/"},{"@type":"ListItem","position":2,"name":"Abertura de Empresa","item":"https:\/\/www.contabilizei.com.br\/contabilidade-online\/tudo-sobre-abertura-de-empresa\/"},{"@type":"ListItem","position":3,"name":"Como abrir uma empresa de representa\u00e7\u00e3o comercial em 2026?"}]},{"@type":"WebSite","@id":"https:\/\/www.contabilizei.com.br\/contabilidade-online\/#website","url":"https:\/\/www.contabilizei.com.br\/contabilidade-online\/","name":"Blog da Contabilizei","description":"Apoiando o empreendedorismo desde 2013","publisher":{"@id":"https:\/\/www.contabilizei.com.br\/contabilidade-online\/#organization"},"potentialAction":[{"@type":"SearchAction","target":{"@type":"EntryPoint","urlTemplate":"https:\/\/www.contabilizei.com.br\/contabilidade-online\/?s={search_term_string}"},"query-input":{"@type":"PropertyValueSpecification","valueRequired":true,"valueName":"search_term_string"}}],"inLanguage":"pt-BR"},{"@type":"Organization","@id":"https:\/\/www.contabilizei.com.br\/contabilidade-online\/#organization","name":"Contabilizei Contabilidade","url":"https:\/\/www.contabilizei.com.br\/contabilidade-online\/","logo":{"@type":"ImageObject","inLanguage":"pt-BR","@id":"https:\/\/www.contabilizei.com.br\/contabilidade-online\/#\/schema\/logo\/image\/","url":"","contentUrl":"","caption":"Contabilizei Contabilidade"},"image":{"@id":"https:\/\/www.contabilizei.com.br\/contabilidade-online\/#\/schema\/logo\/image\/"},"sameAs":["https:\/\/www.facebook.com\/Contabilizei\/","https:\/\/x.com\/contabilizei","https:\/\/www.instagram.com\/contabilizei\/","https:\/\/www.linkedin.com\/company\/contabilizei\/","https:\/\/www.youtube.com\/channel\/UCNAlIbSjWxrDLDllQUug8dA","https:\/\/pt.wikipedia.org\/wiki\/Contabilizei"]},{"@type":"Person","@id":"https:\/\/www.contabilizei.com.br\/contabilidade-online\/#\/schema\/person\/a7161c59bbb8d0c2aaa5639b246b6ccb","name":"Charles Gularte","image":{"@type":"ImageObject","inLanguage":"pt-BR","@id":"https:\/\/www.contabilizei.com.br\/contabilidade-online\/#\/schema\/person\/image\/","url":"https:\/\/secure.gravatar.com\/avatar\/b922f18ccf5954cb1804eedf01131f87?s=96&d=mm&r=g","contentUrl":"https:\/\/secure.gravatar.com\/avatar\/b922f18ccf5954cb1804eedf01131f87?s=96&d=mm&r=g","caption":"Charles Gularte"},"description":"Contador t\u00e9cnico e respons\u00e1vel na Contabilizei desde 2015. Charles Gularte \u00e9 s\u00f3cio-diretor de contabilidade e rela\u00e7\u00f5es institucionais, respons\u00e1vel t\u00e9cnico da empresa e contador h\u00e1 mais de 20 anos (CRC PR-045113\/O-7). Atualmente \u00e9 l\u00edder do maior time de contadores certificados do Brasil, onde garante um modelo operacional escal\u00e1vel e sustent\u00e1vel, que entrega servi\u00e7o, atendimento e suporte com excel\u00eancia a mais de 100 mil micros e pequenos empreendedores. Formado em Ci\u00eancias Cont\u00e1beis pela FAE Centro Universit\u00e1rio e com MBA em Gest\u00e3o Empresarial, Administra\u00e7\u00e3o e Neg\u00f3cios pela FGV, iniciou a carreira em um escrit\u00f3rio de contabilidade e seguiu para o mundo corporativo, onde \u00e9 refer\u00eancia profissional quando se trata de uma rotina cont\u00e1bil segura, transparente e confi\u00e1vel no pa\u00eds.","sameAs":["https:\/\/www.facebook.com\/Contabilizei\/","https:\/\/www.instagram.com\/contabilizei\/","https:\/\/www.linkedin.com\/in\/charlesgularte\/","https:\/\/www.youtube.com\/channel\/UCNAlIbSjWxrDLDllQUug8dA"],"url":"https:\/\/www.contabilizei.com.br\/contabilidade-online\/autor\/charles-gularte\/"}]}},"_links":{"self":[{"href":"https:\/\/www.contabilizei.com.br\/contabilidade-online\/wp-json\/wp\/v2\/posts\/25747"}],"collection":[{"href":"https:\/\/www.contabilizei.com.br\/contabilidade-online\/wp-json\/wp\/v2\/posts"}],"about":[{"href":"https:\/\/www.contabilizei.com.br\/contabilidade-online\/wp-json\/wp\/v2\/types\/post"}],"author":[{"embeddable":true,"href":"https:\/\/www.contabilizei.com.br\/contabilidade-online\/wp-json\/wp\/v2\/users\/120"}],"replies":[{"embeddable":true,"href":"https:\/\/www.contabilizei.com.br\/contabilidade-online\/wp-json\/wp\/v2\/comments?post=25747"}],"version-history":[{"count":0,"href":"https:\/\/www.contabilizei.com.br\/contabilidade-online\/wp-json\/wp\/v2\/posts\/25747\/revisions"}],"wp:featuredmedia":[{"embeddable":true,"href":"https:\/\/www.contabilizei.com.br\/contabilidade-online\/wp-json\/wp\/v2\/media\/25748"}],"wp:attachment":[{"href":"https:\/\/www.contabilizei.com.br\/contabilidade-online\/wp-json\/wp\/v2\/media?parent=25747"}],"wp:term":[{"taxonomy":"category","embeddable":true,"href":"https:\/\/www.contabilizei.com.br\/contabilidade-online\/wp-json\/wp\/v2\/categories?post=25747"},{"taxonomy":"post_tag","embeddable":true,"href":"https:\/\/www.contabilizei.com.br\/contabilidade-online\/wp-json\/wp\/v2\/tags?post=25747"},{"taxonomy":"cta-tags","embeddable":true,"href":"https:\/\/www.contabilizei.com.br\/contabilidade-online\/wp-json\/wp\/v2\/cta-tags?post=25747"}],"curies":[{"name":"wp","href":"https:\/\/api.w.org\/{rel}","templated":true}]}}