{"id":25119,"date":"2020-12-02T18:45:09","date_gmt":"2020-12-02T21:45:09","guid":{"rendered":"https:\/\/site-static-prd1.ctbz.com.br\/contabilidade-online\/?p=25119"},"modified":"2026-02-03T10:16:18","modified_gmt":"2026-02-03T13:16:18","slug":"empreender-aos-50-anos","status":"publish","type":"post","link":"https:\/\/www.contabilizei.com.br\/contabilidade-online\/empreender-aos-50-anos\/","title":{"rendered":"Empreender aos 50 anos: Nunca \u00e9 tarde para come\u00e7ar, aposentadoria e dicas"},"content":{"rendered":"\n<p>Dizem que h\u00e1 certos marcos de idade que fazem diferen\u00e7a na carreira das pessoas. De fato, como a experi\u00eancia vem com o tempo, em certo momento n\u00e3o \u00e9 preciso mais falar sobre isso nas entrevistas &#8211; ningu\u00e9m duvida que voc\u00ea realmente tem bagagem.&nbsp;<\/p>\n\n\n\n<p>Mas e quando essa bagagem n\u00e3o te ajuda? A partir de um determinado momento de vida, \u00e9 bastante dif\u00edcil conseguir uma promo\u00e7\u00e3o ou progredir na carreira &#8211; \u00e9 como se fosse o est\u00e1gio final que voc\u00ea consegue atingir. Mudar de emprego ent\u00e3o se torna um pesadelo &#8211; as oportunidades s\u00e3o poucas e voc\u00ea acaba estagnado.<\/p>\n\n\n\n<p>O que fazer ent\u00e3o quando, j\u00e1 depois dos 50, voc\u00ea n\u00e3o quer ficar estagnado, ainda est\u00e1 em busca de novos desafios? A solu\u00e7\u00e3o \u00e9 empreender. Sim, utilizar sua experi\u00eancia em um neg\u00f3cio pr\u00f3prio \u00e9 vi\u00e1vel e te permite aproveitar vantagens que s\u00f3 quem tem esse perfil apresenta.<\/p>\n\n\n\n<h2 class=\"wp-block-heading\" class=\"wp-block-heading\" id=\"ser-empreendedor-depois-dos-50-anos\"><strong>Ser empreendedor depois dos 50 anos&nbsp;<\/strong><\/h2>\n\n\n\n<p>Empreender quer dizer construir as pr\u00f3prias oportunidades. Ent\u00e3o, como \u00e9 voc\u00ea mesmo que est\u00e1 montando o seu caminho, n\u00e3o importa idade ou qualquer outra caracter\u00edstica &#8211; a proposta \u00e9 sua e o desenvolvimento dela tamb\u00e9m.&nbsp;<\/p>\n\n\n\n<p>Mas \u00e9 importante pensar em qual tipo de neg\u00f3cio voc\u00ea quer montar e trabalhar com profundidade o planejamento das a\u00e7\u00f5es para que isso aconte\u00e7a de acordo com o que voc\u00ea espera.<\/p>\n\n\n\n<p>Alavancar um neg\u00f3cio precisa de investimento financeiro e tamb\u00e9m de tempo, no sentido de promover algum tipo de pesquisa e organiza\u00e7\u00e3o para que a empresa que voc\u00ea est\u00e1 montando seja voltada para o sucesso. Temos certeza de que se for dar esse passo voc\u00ea ter\u00e1 refletido muito, mas o pensamento direcionado no plano de neg\u00f3cios \u00e9 o mais valioso para dar o passo certeiro no mundo do empreendedorismo. O plano de neg\u00f3cios traz algumas perguntas que, enquanto voc\u00ea vai respondendo, elucidam se o caminho que voc\u00ea escolheu est\u00e1 de acordo com a realidade ou n\u00e3o &#8211; se est\u00e1 mais pendente para dar certo ou errado essa sua investida.<\/p>\n\n\n\n<p>Mesmo tendo experi\u00eancia de vida, muitas vezes o profissional n\u00e3o atuou nenhuma vez como gestor ou n\u00e3o esteve naquele ramo de neg\u00f3cios no qual opta por abrir a empresa, ent\u00e3o tudo \u00e9 bastante novo e pede aten\u00e7\u00e3o.<\/p>\n\n\n\n<figure class=\"wp-block-image size-full\"><img loading=\"lazy\" decoding=\"async\" width=\"1280\" height=\"854\" src=\"\/contabilidade-online\/wp-content\/uploads\/2020\/12\/empreender-50mulher-scaled-e1606945243843.jpg\" alt=\"empreender-50mulher\" class=\"wp-image-25137\"\/><\/figure>\n\n\n\n<h2 class=\"wp-block-heading\" class=\"wp-block-heading\" id=\"como-ter-uma-segunda-carreira\"><strong>Como ter uma segunda carreira<\/strong><\/h2>\n\n\n\n<p>\u00c9 claro que os empreendedores acima dos 50 est\u00e3o preocupados com o tempo tamb\u00e9m, assim como com o dinheiro. Ningu\u00e9m quer viver somente para o trabalho depois de j\u00e1 ter dado duro por um longo per\u00edodo &#8211; montar um neg\u00f3cio para quem est\u00e1 nesta faixa et\u00e1ria tem que ser tamb\u00e9m um prazer, uma conquista.<\/p>\n\n\n\n<p>\u00c9 nesse sentido que podemos pensar que quem est\u00e1 buscando essa op\u00e7\u00e3o deve pensar primeiro nos tipos de neg\u00f3cios que est\u00e3o alinhados com o seu perfil. Talvez voc\u00ea queira investir agora em uma atividade que durante longo tempo na sua vida foi um lazer; talvez voc\u00ea tenha desejo por novos conhecimentos, e queira montar sua empresa em um modelo que voc\u00ea nunca ouviu falar e agora quer estudar. Tudo depende do seu perfil e das atividades que est\u00e1 disposto a fazer.&nbsp;<\/p>\n\n\n\n<p>Outra op\u00e7\u00e3o que aparece com frequ\u00eancia \u00e9 a inten\u00e7\u00e3o de montar um neg\u00f3cio que possa ser lucrativo e onde o empreendedor fa\u00e7a gest\u00e3o mas n\u00e3o tenha muito envolvimento operacional &#8211; e \u00e9 para esse perfil que as franquias est\u00e3o direcionadas. Aten\u00e7\u00e3o aqui ao fato de que, mesmo que a franquia lhe entregue uma s\u00e9rie de processos desenhados, voc\u00ea ainda ter\u00e1 um montante de trabalho para gerir as pessoas que dar\u00e3o conta das atividades &#8211; e isso pode demandar bastante.<\/p><div id=\"conta-2680068803\" class=\"cta-bulk ga-cta-imagem-conteudo conta-cont-6p-cta-bulk conta-entity-placement\" style=\"margin-top: 30px;margin-bottom: 30px;\"><a href=\"https:\/\/www.contabilizei.com.br\/abrir-empresa\/\" aria-label=\"01\"><img loading=\"lazy\" decoding=\"async\" src=\"https:\/\/www.contabilizei.com.br\/contabilidade-online\/wp-content\/uploads\/2021\/07\/01.jpg?wsr\" alt=\"\"  srcset=\"https:\/\/www.contabilizei.com.br\/contabilidade-online\/wp-content\/uploads\/2021\/07\/01.jpg 615w, https:\/\/www.contabilizei.com.br\/contabilidade-online\/wp-content\/uploads\/2021\/07\/01-300x146.jpg 300w\" sizes=\"(max-width: 615px) 100vw, 615px\" width=\"615\" height=\"300\"  style=\"display: inline-block;\" \/><\/a><\/div>\n\n\n\n<h2 class=\"wp-block-heading\" class=\"wp-block-heading\" id=\"credito-para-empreendedor-de-50\"><strong>Cr\u00e9dito para empreendedor de 50+<\/strong><\/h2>\n\n\n\n<p>Uma das vantagens dos empreendedores que est\u00e3o nessa faixa et\u00e1ria \u00e9 que em geral j\u00e1 tem no bolso algum tipo de financiamento pr\u00f3prio, como o resultado da aposentadoria ou das economias que foram feitas durante os per\u00edodos anteriores.&nbsp;<\/p>\n\n\n\n<p>De qualquer forma, \u00e9 poss\u00edvel buscar recursos para sua empresa, dinheiro que est\u00e1 dispon\u00edvel nas institui\u00e7\u00f5es de cr\u00e9dito para financiar os novos neg\u00f3cios. Esse cr\u00e9dito est\u00e1 atrelado a algum grau de burocracia, uma vez que os bancos que emprestam o dinheiro querem saber se est\u00e3o investindo em um neg\u00f3cio que ter\u00e1 capacidade de retornar o valor para eles &#8211; e aquele papo sobre o plano de neg\u00f3cios tamb\u00e9m ajuda nisso, porque responde algumas perguntas que o banco far\u00e1.<\/p>\n\n\n\n<p>Para al\u00e9m disso, muitas pessoas e empresas vem utilizando uma maneira criativa de se financiar: os financiamentos coletivos. Nesse caso, voc\u00ea vai disponibilizar sua ideia de neg\u00f3cio em um site de financiamento coletivo e as pessoas podem doar valores para que voc\u00ea receba o montante que est\u00e1 solicitando. Se o seu projeto \u00e9 inovador e tem apelo comercial, pode ser uma boa sacada.<\/p>\n\n\n\n<figure class=\"wp-block-image size-full\"><img loading=\"lazy\" decoding=\"async\" width=\"1280\" height=\"853\" src=\"\/contabilidade-online\/wp-content\/uploads\/2020\/12\/empreender-50-pai-filho-scaled-e1606945312956.jpg\" alt=\"empreender-50-pai-filho\" class=\"wp-image-25138\"\/><\/figure>\n\n\n\n<h2 class=\"wp-block-heading\" class=\"wp-block-heading\" id=\"como-recomecar-depois-de-se-aposentar\"><strong>Como recome\u00e7ar depois de se aposentar<\/strong><\/h2>\n\n\n\n<p>\u00c9 legal poder pensar no processo de abertura de empresa como um segundo tempo, porque muita gente est\u00e1 fazendo nesta etapa uma carreira profissional completamente nova, \u00e0s vezes tendo at\u00e9 j\u00e1 se aposentado de uma primeira.&nbsp;<\/p>\n\n\n\n<p>E diferente do primeiro tempo, em que valia muita coisa que talvez n\u00e3o fosse t\u00e3o bacana pra voc\u00ea, no segundo tempo \u00e9 a decis\u00e3o do jogo &#8211; ent\u00e3o voc\u00ea at\u00e9 pode errar, mas tem que mirar em uma proposta de neg\u00f3cio que tenha muito, muito a ver com o seu perfil &#8211; e \u00e9 isso que vai ajud\u00e1-lo a realizar mais esse sonho.<\/p>\n\n\n\n<p>Quando voc\u00ea j\u00e1 est\u00e1 aposentado e recebe um valor mensal que garante um sustento, mesmo que b\u00e1sico, empreender fica um pouco mais simples, uma vez que voc\u00ea pode fazer as coisas com calma e foge do empreendedorismo por necessidade &#8211; aquele de quem n\u00e3o tem nenhuma alternativa financeira e est\u00e1 correndo contra o tempo para poder colocar comida na mesa.<\/p>\n\n\n\n<p>Os aposentados, em geral, s\u00e3o uma grande seguran\u00e7a tamb\u00e9m para as fam\u00edlias, e por isso mesmo costumam envolver outros familiares quando criam seus empreendimentos. Uma dica valiosa \u00e9 aproveitar os recursos humanos da fam\u00edlia, mas coloc\u00e1-los na posi\u00e7\u00e3o certa: se voc\u00ea tem um filho padeiro, ele poder\u00e1 ser o padeiro no seu neg\u00f3cio, mas evite coloc\u00e1-lo para executar tarefas que ele nunca fez &#8211; isso pode trazer problemas n\u00e3o s\u00f3 para o neg\u00f3cio como tamb\u00e9m para a vida familiar de voc\u00eas.<\/p>\n\n\n\n<h2 class=\"wp-block-heading\" class=\"wp-block-heading\" id=\"negocios-para-empreendedores-de-50\"><strong>Neg\u00f3cios para empreendedores de 50+<\/strong><\/h2>\n\n\n\n<p>Engana-se quem pensa que os empreendedores depois dos 50 anos investem somente em op\u00e7\u00f5es tradicionais. Pelo contr\u00e1rio. Muitas vezes as mudan\u00e7as na economia provocadas pelo tempo acabam por abrir portas para que os neg\u00f3cios mais inovadores apare\u00e7am &#8211; mesmo que esse tipo de neg\u00f3cio tenha sido pensado anos atr\u00e1s ainda de forma invi\u00e1vel.<\/p>\n\n\n\n<p>Temos alguns empreendedores famosos que somente come\u00e7aram seus neg\u00f3cios depois dos 50 anos. \u00c9 o caso de Ray Kroc, do McDonald\u2019s, que come\u00e7ou a rede de franquias da marca j\u00e1 com 52 anos (e cuja hist\u00f3ria completa voc\u00ea pode ver no filme Fome de Poder). Ray \u00e9 um exemplo cl\u00e1ssico de profissional que estava cheio de ideias e boa vontade &#8211; e soube perceber uma oportunidade que nem mesmo os criadores dos processos da famosa lancheria identificaram.<\/p>\n\n\n\n<p>\u00c9 disso que estamos falando &#8211; as ideias podem ter diversos caminhos, mas a realiza\u00e7\u00e3o em forma de neg\u00f3cio \u00e9 poss\u00edvel, com organiza\u00e7\u00e3o e determina\u00e7\u00e3o.&nbsp;<\/p>\n\n\n\n<p>Pensando que a experi\u00eancia que voc\u00ea adquiriu nas suas atividades profissionais anteriores possa ser aproveitada, h\u00e1 a op\u00e7\u00e3o tamb\u00e9m de cria\u00e7\u00e3o de uma empresa de treinamento ou de consultoria. Esse pode ser um bom caminho se voc\u00ea \u00e9 feliz com o rumo profissional que tomou na vida, e pode ser bastante lucrativo tamb\u00e9m.<\/p>\n\n\n\n<h2 class=\"wp-block-heading\" class=\"wp-block-heading\" id=\"como-abrir-empresa-depois-da-aposentadoria\"><strong>Como abrir empresa depois da aposentadoria<\/strong><\/h2>\n\n\n\n<p>O procedimento para abrir empresa com s\u00f3cios que j\u00e1 se aposentaram \u00e9 o mesmo feito para abertura quando os s\u00f3cios n\u00e3o est\u00e3o nesta condi\u00e7\u00e3o. O que pode mudar \u00e9 que a retirada de pr\u00f3-labore da empresa exige contribui\u00e7\u00e3o ao INSS, ent\u00e3o mesmo aposentado voc\u00ea far\u00e1 essa contribui\u00e7\u00e3o tamb\u00e9m.<\/p>\n\n\n\n<p>O \u00fanico caso que indica algum tipo de preju\u00edzo ao aposentado na abertura de um neg\u00f3cio \u00e9 quando esta aposentadoria \u00e9 feita por invalidez: considerando que o Estado est\u00e1 arcando com o valor da pens\u00e3o em fun\u00e7\u00e3o de uma dificuldade do profissional, se esta pessoa aparece como s\u00f3cio em uma empresa pode vir a ter problemas, at\u00e9 mesmo cessando a aposentadoria.<\/p>\n\n\n\n<p>Mesmo o tipo de empresa MEI (<a href=\"https:\/\/www.contabilizei.com.br\/contabilidade-online\/mei\/\">Microempreendedor Individual<\/a>), que conta com diversas vantagens e redu\u00e7\u00e3o nos impostos, n\u00e3o tem restri\u00e7\u00e3o na abertura por aposentados. Essa \u00e9 uma boa op\u00e7\u00e3o para quem est\u00e1 pensando na abertura da empresa como complementa\u00e7\u00e3o de renda: embora o MEI tenha limita\u00e7\u00e3o de faturamento de R$ 81 mil ao ano, comporta bem alguns tipos de neg\u00f3cios individuais.<\/p>\n\n\n\n<figure class=\"wp-block-image size-full\"><img loading=\"lazy\" decoding=\"async\" width=\"1280\" height=\"854\" src=\"\/contabilidade-online\/wp-content\/uploads\/2020\/12\/empreender-50-mulher-amarelo-scaled-e1606945376732.jpg\" alt=\"empreender-50-mulher-amarelo\" class=\"wp-image-25139\"\/><\/figure>\n\n\n\n<h2 class=\"wp-block-heading\" class=\"wp-block-heading\" id=\"foque-no-seu-negocio-e-busque-assessoria\"><strong>Foque no seu neg\u00f3cio e busque assessoria<\/strong><\/h2>\n\n\n\n<p>Como j\u00e1 falamos desde o in\u00edcio do texto, ao fazer o planejamento do seu neg\u00f3cio e conhecer seu perfil de trabalho, identifique tamb\u00e9m em quais \u00e1reas voc\u00ea ir\u00e1 se dedicar e quais voc\u00ea buscar\u00e1 apoio externo.<\/p>\n\n\n\n<p>Por exemplo, para a pr\u00f3pria abertura da empresa \u00e9 preciso uma s\u00e9rie de tr\u00e2mites burocr\u00e1ticos &#8211; e se voc\u00ea n\u00e3o tem intimidade com isso, pode ser vantajoso contratar um apoio.&nbsp;<\/p>\n\n\n\n<p>Al\u00e9m disso, h\u00e1 processos financeiros, de gest\u00e3o de pessoas, de log\u00edstica, jur\u00eddicos. Para todos esses escopos voc\u00ea pode tomar a decis\u00e3o de fazer um investimento e respaldar-se com profissionais de cada \u00e1rea ou abra\u00e7ar por si mesmo as tarefas: considere com aten\u00e7\u00e3o as op\u00e7\u00f5es para n\u00e3o se sobrecarregar.<\/p>\n\n\n\n<p>Lembrando sempre: o cora\u00e7\u00e3o do seu empreendimento \u00e9 voc\u00ea, ent\u00e3o h\u00e1 tarefas que n\u00e3o podem ser delegadas e que fazem todo o sentido serem suas mesmo.&nbsp;<\/p>\n\n\n\n<p>Aproveite o investimento neste novo projeto para tamb\u00e9m poder conectar-se consigo e identificar oportunidades de crescimento pessoal e profissional &#8211; quem est\u00e1 com mais de 50 anos ainda pode surpreender pela capacidade produtiva, \u00e0s vezes at\u00e9 a si mesmo.<\/p>\n","protected":false},"excerpt":{"rendered":"<p>Dizem que h\u00e1 certos marcos de idade que fazem diferen\u00e7a na carreira das pessoas. De fato, como a experi\u00eancia vem&#8230;<\/p>\n","protected":false},"author":62,"featured_media":25128,"comment_status":"open","ping_status":"closed","sticky":false,"template":"","format":"standard","meta":{"footnotes":""},"categories":[4],"tags":[],"cta-tags":[],"acf":[],"yoast_head":"<!-- This site is optimized with the Yoast SEO plugin v24.5 - https:\/\/yoast.com\/wordpress\/plugins\/seo\/ -->\n<title>Empreender aos 50 anos: Como recome\u00e7ar, e dicas<\/title>\n<meta name=\"description\" content=\"O que fazer ent\u00e3o quando, j\u00e1 depois dos 50, voc\u00ea n\u00e3o quer ficar estagnado, ainda est\u00e1 em busca de novos desafios? A solu\u00e7\u00e3o \u00e9 empreender.\" \/>\n<meta name=\"robots\" content=\"index, follow\" \/>\n<link rel=\"canonical\" href=\"https:\/\/www.contabilizei.com.br\/contabilidade-online\/empreender-aos-50-anos\/\" \/>\n<meta property=\"og:locale\" content=\"pt_BR\" \/>\n<meta property=\"og:type\" content=\"article\" \/>\n<meta property=\"og:title\" content=\"Empreender aos 50 anos: Como recome\u00e7ar, e dicas\" \/>\n<meta property=\"og:description\" content=\"O que fazer ent\u00e3o quando, j\u00e1 depois dos 50, voc\u00ea n\u00e3o quer ficar estagnado, ainda est\u00e1 em busca de novos desafios? A solu\u00e7\u00e3o \u00e9 empreender.\" \/>\n<meta property=\"og:url\" content=\"https:\/\/www.contabilizei.com.br\/contabilidade-online\/empreender-aos-50-anos\/\" \/>\n<meta property=\"og:site_name\" content=\"Blog da Contabilizei\" \/>\n<meta property=\"article:publisher\" content=\"https:\/\/www.facebook.com\/Contabilizei\/\" \/>\n<meta property=\"article:author\" content=\"https:\/\/www.facebook.com\/Contabilizei\/\" \/>\n<meta property=\"article:published_time\" content=\"2020-12-02T21:45:09+00:00\" \/>\n<meta property=\"article:modified_time\" content=\"2026-02-03T13:16:18+00:00\" \/>\n<meta property=\"og:image\" content=\"https:\/\/www.contabilizei.com.br\/contabilidade-online\/wp-content\/uploads\/2020\/12\/empreender-50.jpg?wsr\" \/>\n\t<meta property=\"og:image:width\" content=\"1280\" \/>\n\t<meta property=\"og:image:height\" content=\"720\" \/>\n\t<meta property=\"og:image:type\" content=\"image\/jpeg\" \/>\n<meta name=\"author\" content=\"Vitor Torres\" \/>\n<meta name=\"twitter:card\" content=\"summary_large_image\" \/>\n<meta name=\"twitter:creator\" content=\"@contabilizei\" \/>\n<meta name=\"twitter:site\" content=\"@contabilizei\" \/>\n<meta name=\"twitter:label1\" content=\"Escrito por\" \/>\n\t<meta name=\"twitter:data1\" content=\"Vitor Torres\" \/>\n\t<meta name=\"twitter:label2\" content=\"Est. tempo de leitura\" \/>\n\t<meta name=\"twitter:data2\" content=\"10 minutos\" \/>\n<!-- \/ Yoast SEO plugin. -->","yoast_head_json":{"title":"Empreender aos 50 anos: Como recome\u00e7ar, e dicas","description":"O que fazer ent\u00e3o quando, j\u00e1 depois dos 50, voc\u00ea n\u00e3o quer ficar estagnado, ainda est\u00e1 em busca de novos desafios? A solu\u00e7\u00e3o \u00e9 empreender.","robots":{"index":"index","follow":"follow"},"canonical":"https:\/\/www.contabilizei.com.br\/contabilidade-online\/empreender-aos-50-anos\/","og_locale":"pt_BR","og_type":"article","og_title":"Empreender aos 50 anos: Como recome\u00e7ar, e dicas","og_description":"O que fazer ent\u00e3o quando, j\u00e1 depois dos 50, voc\u00ea n\u00e3o quer ficar estagnado, ainda est\u00e1 em busca de novos desafios? A solu\u00e7\u00e3o \u00e9 empreender.","og_url":"https:\/\/www.contabilizei.com.br\/contabilidade-online\/empreender-aos-50-anos\/","og_site_name":"Blog da Contabilizei","article_publisher":"https:\/\/www.facebook.com\/Contabilizei\/","article_author":"https:\/\/www.facebook.com\/Contabilizei\/","article_published_time":"2020-12-02T21:45:09+00:00","article_modified_time":"2026-02-03T13:16:18+00:00","og_image":[{"width":1280,"height":720,"url":"https:\/\/www.contabilizei.com.br\/contabilidade-online\/wp-content\/uploads\/2020\/12\/empreender-50.jpg?wsr","type":"image\/jpeg"}],"author":"Vitor Torres","twitter_card":"summary_large_image","twitter_creator":"@contabilizei","twitter_site":"@contabilizei","twitter_misc":{"Escrito por":"Vitor Torres","Est. tempo de leitura":"10 minutos"},"schema":{"@context":"https:\/\/schema.org","@graph":[{"@type":"Article","@id":"https:\/\/www.contabilizei.com.br\/contabilidade-online\/empreender-aos-50-anos\/#article","isPartOf":{"@id":"https:\/\/www.contabilizei.com.br\/contabilidade-online\/empreender-aos-50-anos\/"},"author":{"name":"Vitor Torres","@id":"https:\/\/www.contabilizei.com.br\/contabilidade-online\/#\/schema\/person\/87b4deaa44cff57e9234db891c5f72c0"},"headline":"Empreender aos 50 anos: Nunca \u00e9 tarde para come\u00e7ar, aposentadoria e dicas","datePublished":"2020-12-02T21:45:09+00:00","dateModified":"2026-02-03T13:16:18+00:00","mainEntityOfPage":{"@id":"https:\/\/www.contabilizei.com.br\/contabilidade-online\/empreender-aos-50-anos\/"},"wordCount":1732,"commentCount":0,"publisher":{"@id":"https:\/\/www.contabilizei.com.br\/contabilidade-online\/#organization"},"image":{"@id":"https:\/\/www.contabilizei.com.br\/contabilidade-online\/empreender-aos-50-anos\/#primaryimage"},"thumbnailUrl":"https:\/\/www.contabilizei.com.br\/contabilidade-online\/wp-content\/uploads\/2020\/12\/empreender-50.jpg?wsr","articleSection":["Empreendedorismo"],"inLanguage":"pt-BR","potentialAction":[{"@type":"CommentAction","name":"Comment","target":["https:\/\/www.contabilizei.com.br\/contabilidade-online\/empreender-aos-50-anos\/#respond"]}]},{"@type":"WebPage","@id":"https:\/\/www.contabilizei.com.br\/contabilidade-online\/empreender-aos-50-anos\/","url":"https:\/\/www.contabilizei.com.br\/contabilidade-online\/empreender-aos-50-anos\/","name":"Empreender aos 50 anos: Como recome\u00e7ar, e dicas","isPartOf":{"@id":"https:\/\/www.contabilizei.com.br\/contabilidade-online\/#website"},"primaryImageOfPage":{"@id":"https:\/\/www.contabilizei.com.br\/contabilidade-online\/empreender-aos-50-anos\/#primaryimage"},"image":{"@id":"https:\/\/www.contabilizei.com.br\/contabilidade-online\/empreender-aos-50-anos\/#primaryimage"},"thumbnailUrl":"https:\/\/www.contabilizei.com.br\/contabilidade-online\/wp-content\/uploads\/2020\/12\/empreender-50.jpg?wsr","datePublished":"2020-12-02T21:45:09+00:00","dateModified":"2026-02-03T13:16:18+00:00","description":"O que fazer ent\u00e3o quando, j\u00e1 depois dos 50, voc\u00ea n\u00e3o quer ficar estagnado, ainda est\u00e1 em busca de novos desafios? A solu\u00e7\u00e3o \u00e9 empreender.","breadcrumb":{"@id":"https:\/\/www.contabilizei.com.br\/contabilidade-online\/empreender-aos-50-anos\/#breadcrumb"},"inLanguage":"pt-BR","potentialAction":[{"@type":"ReadAction","target":["https:\/\/www.contabilizei.com.br\/contabilidade-online\/empreender-aos-50-anos\/"]}]},{"@type":"ImageObject","inLanguage":"pt-BR","@id":"https:\/\/www.contabilizei.com.br\/contabilidade-online\/empreender-aos-50-anos\/#primaryimage","url":"https:\/\/www.contabilizei.com.br\/contabilidade-online\/wp-content\/uploads\/2020\/12\/empreender-50.jpg?wsr","contentUrl":"https:\/\/www.contabilizei.com.br\/contabilidade-online\/wp-content\/uploads\/2020\/12\/empreender-50.jpg?wsr","width":1280,"height":720,"caption":"empreender-50."},{"@type":"BreadcrumbList","@id":"https:\/\/www.contabilizei.com.br\/contabilidade-online\/empreender-aos-50-anos\/#breadcrumb","itemListElement":[{"@type":"ListItem","position":1,"name":"Home","item":"https:\/\/www.contabilizei.com.br\/contabilidade-online\/"},{"@type":"ListItem","position":2,"name":"Empreendedorismo","item":"https:\/\/www.contabilizei.com.br\/contabilidade-online\/empreendedorismo\/"},{"@type":"ListItem","position":3,"name":"Empreender aos 50 anos: Nunca \u00e9 tarde para come\u00e7ar, aposentadoria e dicas"}]},{"@type":"WebSite","@id":"https:\/\/www.contabilizei.com.br\/contabilidade-online\/#website","url":"https:\/\/www.contabilizei.com.br\/contabilidade-online\/","name":"Blog da Contabilizei","description":"Apoiando o empreendedorismo desde 2013","publisher":{"@id":"https:\/\/www.contabilizei.com.br\/contabilidade-online\/#organization"},"potentialAction":[{"@type":"SearchAction","target":{"@type":"EntryPoint","urlTemplate":"https:\/\/www.contabilizei.com.br\/contabilidade-online\/?s={search_term_string}"},"query-input":{"@type":"PropertyValueSpecification","valueRequired":true,"valueName":"search_term_string"}}],"inLanguage":"pt-BR"},{"@type":"Organization","@id":"https:\/\/www.contabilizei.com.br\/contabilidade-online\/#organization","name":"Contabilizei Contabilidade","url":"https:\/\/www.contabilizei.com.br\/contabilidade-online\/","logo":{"@type":"ImageObject","inLanguage":"pt-BR","@id":"https:\/\/www.contabilizei.com.br\/contabilidade-online\/#\/schema\/logo\/image\/","url":"","contentUrl":"","caption":"Contabilizei Contabilidade"},"image":{"@id":"https:\/\/www.contabilizei.com.br\/contabilidade-online\/#\/schema\/logo\/image\/"},"sameAs":["https:\/\/www.facebook.com\/Contabilizei\/","https:\/\/x.com\/contabilizei","https:\/\/www.instagram.com\/contabilizei\/","https:\/\/www.linkedin.com\/company\/contabilizei\/","https:\/\/www.youtube.com\/channel\/UCNAlIbSjWxrDLDllQUug8dA","https:\/\/pt.wikipedia.org\/wiki\/Contabilizei"]},{"@type":"Person","@id":"https:\/\/www.contabilizei.com.br\/contabilidade-online\/#\/schema\/person\/87b4deaa44cff57e9234db891c5f72c0","name":"Vitor Torres","image":{"@type":"ImageObject","inLanguage":"pt-BR","@id":"https:\/\/www.contabilizei.com.br\/contabilidade-online\/#\/schema\/person\/image\/","url":"https:\/\/secure.gravatar.com\/avatar\/4d123a72e5de57b92b84e56ac1baa6f6?s=96&d=mm&r=g","contentUrl":"https:\/\/secure.gravatar.com\/avatar\/4d123a72e5de57b92b84e56ac1baa6f6?s=96&d=mm&r=g","caption":"Vitor Torres"},"description":"Vitor Torres \u00e9 fundador e presidente da Contabilizei desde 2013, quando iniciou uma revolu\u00e7\u00e3o ao liderar o movimento de desburocratiza\u00e7\u00e3o da contabilidade no pa\u00eds, tendo alcan\u00e7ado a lideran\u00e7a no segmento durante essa jornada. Hoje tem o prop\u00f3sito de simplificar a vida dos micros e pequenos empreendedores e fortalecer o futuro de cada um dos 100 mil clientes da companhia, transformando o cen\u00e1rio do empreendedorismo no Brasil. O executivo \u00e9 formado em Administra\u00e7\u00e3o pela Universidade Positivo, possui forma\u00e7\u00e3o executiva em Lideran\u00e7a em Escala pela INSEAD, realizou um MBA de Administra\u00e7\u00e3o e Neg\u00f3cios pela Columbia Business School e participou de um Programa de Lideran\u00e7a Executiva em Neg\u00f3cios pela Stanford University Graduate School of Business. Em 2016, foi selecionado como Empreendedor Endeavor. Re\u00fane experi\u00eancia na \u00e1rea de consultoria e an\u00e1lise de neg\u00f3cios, tendo apoiado de forma pioneira no desenvolvimento do ecossistema de startups.","sameAs":["http:\/\/contabilizei.com.br","https:\/\/www.facebook.com\/Contabilizei\/","https:\/\/www.instagram.com\/contabilizei\/","https:\/\/www.linkedin.com\/company\/contabilizei\/","https:\/\/www.youtube.com\/channel\/UCNAlIbSjWxrDLDllQUug8dA"],"url":"https:\/\/www.contabilizei.com.br\/contabilidade-online\/autor\/vitor-torres\/"}]}},"_links":{"self":[{"href":"https:\/\/www.contabilizei.com.br\/contabilidade-online\/wp-json\/wp\/v2\/posts\/25119"}],"collection":[{"href":"https:\/\/www.contabilizei.com.br\/contabilidade-online\/wp-json\/wp\/v2\/posts"}],"about":[{"href":"https:\/\/www.contabilizei.com.br\/contabilidade-online\/wp-json\/wp\/v2\/types\/post"}],"author":[{"embeddable":true,"href":"https:\/\/www.contabilizei.com.br\/contabilidade-online\/wp-json\/wp\/v2\/users\/62"}],"replies":[{"embeddable":true,"href":"https:\/\/www.contabilizei.com.br\/contabilidade-online\/wp-json\/wp\/v2\/comments?post=25119"}],"version-history":[{"count":0,"href":"https:\/\/www.contabilizei.com.br\/contabilidade-online\/wp-json\/wp\/v2\/posts\/25119\/revisions"}],"wp:featuredmedia":[{"embeddable":true,"href":"https:\/\/www.contabilizei.com.br\/contabilidade-online\/wp-json\/wp\/v2\/media\/25128"}],"wp:attachment":[{"href":"https:\/\/www.contabilizei.com.br\/contabilidade-online\/wp-json\/wp\/v2\/media?parent=25119"}],"wp:term":[{"taxonomy":"category","embeddable":true,"href":"https:\/\/www.contabilizei.com.br\/contabilidade-online\/wp-json\/wp\/v2\/categories?post=25119"},{"taxonomy":"post_tag","embeddable":true,"href":"https:\/\/www.contabilizei.com.br\/contabilidade-online\/wp-json\/wp\/v2\/tags?post=25119"},{"taxonomy":"cta-tags","embeddable":true,"href":"https:\/\/www.contabilizei.com.br\/contabilidade-online\/wp-json\/wp\/v2\/cta-tags?post=25119"}],"curies":[{"name":"wp","href":"https:\/\/api.w.org\/{rel}","templated":true}]}}