{"id":1888,"date":"2019-11-06T10:28:35","date_gmt":"2019-11-06T13:28:35","guid":{"rendered":"https:\/\/blog.contabilizei.com.br\/?p=1888"},"modified":"2024-10-30T15:55:32","modified_gmt":"2024-10-30T18:55:32","slug":"o-que-voce-precisa-saber-para-trabalhar-como-freelancer","status":"publish","type":"post","link":"https:\/\/www.contabilizei.com.br\/contabilidade-online\/o-que-voce-precisa-saber-para-trabalhar-como-freelancer\/","title":{"rendered":"O que voc\u00ea precisa saber para trabalhar como freelancer"},"content":{"rendered":"\n<p>Quando se come\u00e7a a trabalhar como freelancer, voc\u00ea passa a n\u00e3o ter mais chefe e lida diretamente com os clientes. Tudo \u00e9 feito sob demanda e os ganhos s\u00e3o proporcionais \u00e0 sua produtividade.<\/p>\n\n\n\n<p>Independentemente do motivo que leve voc\u00ea a entrar nesse mercado, \u00e9 preciso tomar alguns cuidados e seguir boas pr\u00e1ticas \u2014 que v\u00e3o ajudar a desenvolver uma carreira bem-sucedida. Continue a leitura para saber mais sobre o assunto!<\/p>\n\n\n\n<h2 class=\"wp-block-heading\" class=\"wp-block-heading\" id=\"por-que-trabalhar-como-freelancer\">Por que trabalhar como freelancer?<\/h2>\n\n\n\n<p>S\u00e3o v\u00e1rios os <strong>motivos <\/strong>que levam uma pessoa a come\u00e7ar a trabalhar como freelancer. Entre os principais, podemos citar:<\/p>\n\n\n\n<ul>\n<li>decis\u00e3o de trabalhar para si mesmo (e n\u00e3o para empresas);<\/li>\n\n\n\n<li>vontade de empreender;<\/li>\n\n\n\n<li>necessidade de mais autonomia, liberdade e flexibilidade;<\/li>\n\n\n\n<li>desejo de mudar de \u00e1rea de atua\u00e7\u00e3o;<\/li>\n\n\n\n<li>necessidade de <strong>aumentar a renda<\/strong> (seja ela principal ou extra).<\/li>\n<\/ul>\n\n\n\n<h2 class=\"wp-block-heading\" class=\"wp-block-heading\" id=\"quais-sao-os-primeiros-passos-para-trabalhar-como-freelancer\">Quais s\u00e3o os primeiros passos para trabalhar como freelancer?<\/h2>\n\n\n\n<p>Come\u00e7ar a trabalhar como freela nem sempre \u00e9 uma tarefa simples, j\u00e1 que voc\u00ea precisa aprender a colocar <strong>pre\u00e7o <\/strong>em seu trabalho e a se posicionar no mercado para conseguir clientes.<\/p>\n\n\n\n<p>Por\u00e9m, nos t\u00f3picos a seguir, listamos algumas dicas valiosas que v\u00e3o ajudar voc\u00ea nessa miss\u00e3o e a se dar bem no mercado. Veja quais s\u00e3o elas!<\/p>\n\n\n\n<h3 class=\"wp-block-heading\">Invista em especializa\u00e7\u00e3o<\/h3>\n\n\n\n<p>Antes de tudo, voc\u00ea precisa se qualificar e se especializar no que deseja trabalhar. H\u00e1 diversos cursos dispon\u00edveis na internet que podem complementar o seu curr\u00edculo ou oferecer um bom conhecimento sobre a sua \u00e1rea de atua\u00e7\u00e3o.<\/p>\n\n\n\n<p>Isso \u00e9 <strong>especialmente importante se voc\u00ea pretende trocar de \u00e1rea<\/strong>. Assim, mesmo que tenha uma excelente forma\u00e7\u00e3o, o ideal \u00e9 investir no conhecimento espec\u00edfico necess\u00e1rio para realizar esse novo trabalho com qualidade (e conquistar os clientes).<\/p>\n\n\n\n<h3 class=\"wp-block-heading\">Descubra como precificar o seu servi\u00e7o<\/h3>\n\n\n\n<p>H\u00e1 casos em que \u00e9 mais vantajoso cobrar por hora de trabalho. Em outros, os profissionais preferem oferecer um pre\u00e7o fechado para o servi\u00e7o completo.<\/p>\n\n\n\n<p>A forma como voc\u00ea vai fechar seus contratos tamb\u00e9m influencia no valor cobrado, j\u00e1 que os <strong>custos de um profissional aut\u00f4nomo s\u00e3o diferentes de um freela com CNPJ<\/strong>. Estude qual modelo funciona melhor para voc\u00ea e fa\u00e7a a precifica\u00e7\u00e3o correta.<\/p>\n\n\n\n<p>O importante \u00e9 que o valor repassado seja suficiente para cobrir todos os <a href=\"https:\/\/www.contabilizei.com.br\/contabilidade-online\/como-reduzir-custos-em-pequenas-empresas\/\" target=\"_blank\" rel=\"noreferrer noopener\">custos<\/a> que voc\u00ea ter\u00e1 com a presta\u00e7\u00e3o do servi\u00e7o e ainda gerar lucro \u2014 que \u00e9 como um sal\u00e1rio, utilizado para custear as suas despesas pessoais.<\/p><div id=\"conta-483719469\" class=\"cta-bulk ga-cta-imagem-conteudo conta-cont-6p-cta-bulk conta-entity-placement\" style=\"margin-top: 30px;margin-bottom: 30px;\"><a href=\"https:\/\/www.contabilizei.com.br\/abrir-empresa\/\" aria-label=\"01\"><img loading=\"lazy\" decoding=\"async\" src=\"https:\/\/www.contabilizei.com.br\/contabilidade-online\/wp-content\/uploads\/2021\/07\/01.jpg?wsr\" alt=\"\"  srcset=\"https:\/\/www.contabilizei.com.br\/contabilidade-online\/wp-content\/uploads\/2021\/07\/01.jpg 615w, https:\/\/www.contabilizei.com.br\/contabilidade-online\/wp-content\/uploads\/2021\/07\/01-300x146.jpg 300w\" sizes=\"(max-width: 615px) 100vw, 615px\" width=\"615\" height=\"300\"  style=\"display: inline-block;\" \/><\/a><\/div>\n\n\n\n\n\n<h3 class=\"wp-block-heading\">Divulgue seu trabalho<\/h3>\n\n\n\n<p>Sabe aquele ditado que diz que &#8220;quem n\u00e3o \u00e9 visto n\u00e3o \u00e9 lembrado&#8221;? Jamais se esque\u00e7a dele e aposte sempre na divulga\u00e7\u00e3o do seu trabalho. Isso pode ser feito por um perfil no LinkedIn, grupos do Facebook ou at\u00e9 mesmo em <strong>plataformas espec\u00edficas que conectam oportunidades a freelas como <\/strong><a href=\"https:\/\/www.workana.com\/pt\" rel=\"noreferrer noopener\" target=\"_blank\"><strong>Workana<\/strong><\/a><strong> ou <\/strong><a href=\"https:\/\/www.99freelas.com.br\/\" rel=\"noreferrer noopener\" target=\"_blank\"><strong>99Freelas<\/strong><\/a>.<\/p>\n\n\n\n<p>Caso queira, voc\u00ea tamb\u00e9m pode distribuir cart\u00f5es de visitas ou at\u00e9 mesmo fazer a chamada prospec\u00e7\u00e3o ativa, entrando em contato diretamente com os clientes e oferecendo seus servi\u00e7os.<\/p>\n\n\n\n<h3 class=\"wp-block-heading\">Escolha os projetos com os quais quer trabalhar<\/h3>\n\n\n\n<p>J\u00e1 pensou em qual \u00e1rea quer trabalhar como freelancer? Se voc\u00ea \u00e9 design gr\u00e1fico, pode optar por fazer diagrama\u00e7\u00e3o de materiais (como e-books), artes para cart\u00f5es e folders e at\u00e9 mesmo imagens para redes sociais, por exemplo.<\/p>\n\n\n\n<p>Veja em quais projetos voc\u00ea quer se envolver, de acordo com as suas habilidades e conhecimentos. Quando voc\u00ea define seu <strong>nicho do mercado<\/strong>, fica mais f\u00e1cil se posicionar no mercado e ir atr\u00e1s dos cliente certos.<\/p>\n\n\n\n<h3 class=\"wp-block-heading\">Prepare-se financeiramente<\/h3>\n\n\n\n<p>Uma das caracter\u00edsticas mais marcantes do trabalho de freelancer \u00e9 a <strong>renda vari\u00e1vel<\/strong>. Como voc\u00ea depende da frequ\u00eancia de clientes e das demandas deles, \u00e9 praticamente certo que um m\u00eas nunca ser\u00e1 como o outro.<\/p>\n\n\n\n<p>Por isso, voc\u00ea precisa se preparar financeiramente, lembrando de fazer uma economia nos per\u00edodos de mais abund\u00e2ncia \u2014 o que vai ajudar bastante na hora do aperto.<\/p>\n\n\n\n<p>O ideal \u00e9 que voc\u00ea tenha a chamada <strong>reserva de emerg\u00eancia<\/strong>. Para aut\u00f4nomos (como os freelas), ela deve ser a soma de 12 meses do seu custo de vida. Assim, se voc\u00ea tem um gasto de R$2.000 mensais, a sua reserva deve ser o equivalente a R$24.000.<\/p>\n\n\n\n<p>Ela \u00e9 fundamental para suprir os momentos de baixa e qualquer imprevisto que aconte\u00e7a e gere a necessidade de um dinheiro extra.<\/p>\n\n\n\n<h3 class=\"wp-block-heading\">Defina o seu local de trabalho<\/h3>\n\n\n\n<p>Trabalhar como freelancer em regime de <strong><a href=\"https:\/\/www.contabilizei.com.br\/contabilidade-online\/como-ser-mais-produtivo-no-trabalho-home-office\/\" target=\"_blank\" rel=\"noreferrer noopener\">home office<\/a><\/strong> \u00e9 o sonho de muita gente. Se o seu trabalho pode ser feito online, essa \u00e9 uma excelente alternativa \u2014 principalmente porque diminui consideravelmente as suas despesas.<\/p>\n\n\n\n<p>Mas tamb\u00e9m h\u00e1 a op\u00e7\u00e3o de utilizar <strong>coworkings<\/strong>, ir a caf\u00e9s ou at\u00e9 mesmo realizar suas atividades de forma presencial com os clientes.<\/p>\n\n\n\n<p>Se voc\u00ea trabalha com fotografia, por exemplo, pode ficar mais dif\u00edcil se manter em um local fixo para executar as tarefas. Nesse caso, as despesas com deslocamento e alimenta\u00e7\u00e3o precisam ser inclu\u00eddas em seu or\u00e7amento tamb\u00e9m.<\/p>\n\n\n\n<h2 class=\"wp-block-heading\" class=\"wp-block-heading\" id=\"quais-areas-tem-potencial-no-mercado\">Quais \u00e1reas t\u00eam potencial no mercado?<\/h2>\n\n\n\n<p>Para trabalhar como freelancer, o mercado \u00e9 bem amplo e est\u00e1 aberto para profissionais das mais diversas \u00e1reas. Algumas delas t\u00eam ainda mais destaque, como:<\/p>\n\n\n\n<ul>\n<li>marketing;<\/li>\n\n\n\n<li>produ\u00e7\u00e3o de conte\u00fado (reda\u00e7\u00e3o e revis\u00e3o);<\/li>\n\n\n\n<li>design;<\/li>\n\n\n\n<li>TI (desenvolvimento de sistemas e cria\u00e7\u00e3o de sites);<\/li>\n\n\n\n<li>consultoria (em v\u00e1rias \u00e1reas);<\/li>\n\n\n\n<li>fotografia.<\/li>\n<\/ul>\n\n\n\n<h2 class=\"wp-block-heading\" class=\"wp-block-heading\" id=\"e-preciso-ser-pj-para-trabalhar-como-freelancer\">\u00c9 preciso ser PJ para trabalhar como freelancer?<\/h2>\n\n\n\n<p>O ideal \u00e9 que voc\u00ea abra uma empresa e se formalize. Al\u00e9m de isso ajudar a se profissionalizar, \u00e9 importante para atender \u00e0s exig\u00eancias de <a href=\"https:\/\/www.contabilizei.com.br\/contabilidade-online\/automacao-de-tarefas-para-pj-contabilidade-piloto-automatico\/\" target=\"_blank\" rel=\"noreferrer noopener\">emiss\u00e3o de Nota Fiscal<\/a> (para seus clientes) sempre que prestar um servi\u00e7o ou vender algum produto.<\/p>\n\n\n\n<p>Em muitos casos, isso \u00e9 crit\u00e9rio de contrata\u00e7\u00e3o por parte das empresas, ou seja, voc\u00ea precisa ter um CNPJ e emitir NF para que possa ser contratado. Isso significa que \u00e9 uma decis\u00e3o que pode ajudar a abrir muitas portas para voc\u00ea no mercado, principalmente se seus voc\u00ea for prestar servi\u00e7o para empresas.<\/p>\n\n\n\n<p>Mas n\u00e3o pense que abrir um CNPJ que n\u00e3o seja MEI \u00e9 complicado! Tomada a decis\u00e3o, \u00e9 necess\u00e1rio contar com a ajuda de um contador que vai <strong>orientar <\/strong>tudo o que deve ser feito. <\/p>\n\n\n\n<p>J\u00e1 pensou em recorrer \u00e0 <a href=\"https:\/\/www.contabilizei.com.br\/\" target=\"_blank\" rel=\"noreferrer noopener\">contabilidade online<\/a>? Esse servi\u00e7o <strong>facilita <\/strong>bastante as etapas do processo de abertura e em alguns casos, como na <strong>Contabilizei<\/strong>, voc\u00ea n\u00e3o paga nada por isso.<\/p>\n\n\n\n<p>Trabalhar como freelancer \u00e9 uma op\u00e7\u00e3o para muitos profissionais (seja por necessidade ou por op\u00e7\u00e3o). Se voc\u00ea tomar todos os cuidados necess\u00e1rios, principalmente no in\u00edcio da carreira, e investir em seu marketing pessoal, pode conseguir resultados muito promissores!<\/p>\n\n\n\n<p>Gostou deste artigo? Quer saber um pouco mais sobre como abrir uma empresa? Ent\u00e3o, aproveite e confira o post que explicamos <a rel=\"noreferrer noopener\" href=\"https:\/\/www.contabilizei.com.br\/contabilidade-online\/como-abrir-um-cnpj\/\" target=\"_blank\">como abrir um CNPJ<\/a>!<\/p>\n","protected":false},"excerpt":{"rendered":"<p>Descubra como se preparar para virar freela sem perrengue<\/p>\n","protected":false},"author":62,"featured_media":1893,"comment_status":"open","ping_status":"open","sticky":false,"template":"","format":"standard","meta":{"footnotes":""},"categories":[259],"tags":[],"cta-tags":[],"acf":[],"yoast_head":"<!-- This site is optimized with the Yoast SEO plugin v24.5 - https:\/\/yoast.com\/wordpress\/plugins\/seo\/ -->\n<title>O que voc\u00ea precisa saber para trabalhar como freelancer | Blog da Contabilizei<\/title>\n<meta name=\"robots\" content=\"index, follow\" \/>\n<link rel=\"canonical\" href=\"https:\/\/www.contabilizei.com.br\/contabilidade-online\/o-que-voce-precisa-saber-para-trabalhar-como-freelancer\/\" \/>\n<meta property=\"og:locale\" content=\"pt_BR\" \/>\n<meta property=\"og:type\" content=\"article\" \/>\n<meta property=\"og:title\" content=\"O que voc\u00ea precisa saber para trabalhar como freelancer | Blog da Contabilizei\" \/>\n<meta property=\"og:description\" content=\"Descubra como se preparar para virar freela sem perrengue\" \/>\n<meta property=\"og:url\" content=\"https:\/\/www.contabilizei.com.br\/contabilidade-online\/o-que-voce-precisa-saber-para-trabalhar-como-freelancer\/\" \/>\n<meta property=\"og:site_name\" content=\"Blog da Contabilizei\" \/>\n<meta property=\"article:publisher\" content=\"https:\/\/www.facebook.com\/Contabilizei\/\" \/>\n<meta property=\"article:author\" content=\"https:\/\/www.facebook.com\/Contabilizei\/\" \/>\n<meta property=\"article:published_time\" content=\"2019-11-06T13:28:35+00:00\" \/>\n<meta property=\"article:modified_time\" content=\"2024-10-30T18:55:32+00:00\" \/>\n<meta property=\"og:image\" content=\"https:\/\/www.contabilizei.com.br\/contabilidade-online\/wp-content\/uploads\/2019\/11\/trabalhar_freela.jpg\" \/>\n\t<meta property=\"og:image:width\" content=\"1280\" \/>\n\t<meta property=\"og:image:height\" content=\"720\" \/>\n\t<meta property=\"og:image:type\" content=\"image\/jpeg\" \/>\n<meta name=\"author\" content=\"Vitor Torres\" \/>\n<meta name=\"twitter:card\" content=\"summary_large_image\" \/>\n<meta name=\"twitter:creator\" content=\"@contabilizei\" \/>\n<meta name=\"twitter:site\" content=\"@contabilizei\" \/>\n<meta name=\"twitter:label1\" content=\"Escrito por\" \/>\n\t<meta name=\"twitter:data1\" content=\"Vitor Torres\" \/>\n\t<meta name=\"twitter:label2\" content=\"Est. tempo de leitura\" \/>\n\t<meta name=\"twitter:data2\" content=\"12 minutos\" \/>\n<!-- \/ Yoast SEO plugin. -->","yoast_head_json":{"title":"O que voc\u00ea precisa saber para trabalhar como freelancer | Blog da Contabilizei","robots":{"index":"index","follow":"follow"},"canonical":"https:\/\/www.contabilizei.com.br\/contabilidade-online\/o-que-voce-precisa-saber-para-trabalhar-como-freelancer\/","og_locale":"pt_BR","og_type":"article","og_title":"O que voc\u00ea precisa saber para trabalhar como freelancer | Blog da Contabilizei","og_description":"Descubra como se preparar para virar freela sem perrengue","og_url":"https:\/\/www.contabilizei.com.br\/contabilidade-online\/o-que-voce-precisa-saber-para-trabalhar-como-freelancer\/","og_site_name":"Blog da Contabilizei","article_publisher":"https:\/\/www.facebook.com\/Contabilizei\/","article_author":"https:\/\/www.facebook.com\/Contabilizei\/","article_published_time":"2019-11-06T13:28:35+00:00","article_modified_time":"2024-10-30T18:55:32+00:00","og_image":[{"width":1280,"height":720,"url":"https:\/\/www.contabilizei.com.br\/contabilidade-online\/wp-content\/uploads\/2019\/11\/trabalhar_freela.jpg","type":"image\/jpeg"}],"author":"Vitor Torres","twitter_card":"summary_large_image","twitter_creator":"@contabilizei","twitter_site":"@contabilizei","twitter_misc":{"Escrito por":"Vitor Torres","Est. tempo de leitura":"12 minutos"},"schema":{"@context":"https:\/\/schema.org","@graph":[{"@type":"Article","@id":"https:\/\/www.contabilizei.com.br\/contabilidade-online\/o-que-voce-precisa-saber-para-trabalhar-como-freelancer\/#article","isPartOf":{"@id":"https:\/\/www.contabilizei.com.br\/contabilidade-online\/o-que-voce-precisa-saber-para-trabalhar-como-freelancer\/"},"author":{"name":"Vitor Torres","@id":"https:\/\/www.contabilizei.com.br\/contabilidade-online\/#\/schema\/person\/87b4deaa44cff57e9234db891c5f72c0"},"headline":"O que voc\u00ea precisa saber para trabalhar como freelancer","datePublished":"2019-11-06T13:28:35+00:00","dateModified":"2024-10-30T18:55:32+00:00","mainEntityOfPage":{"@id":"https:\/\/www.contabilizei.com.br\/contabilidade-online\/o-que-voce-precisa-saber-para-trabalhar-como-freelancer\/"},"wordCount":1132,"commentCount":0,"publisher":{"@id":"https:\/\/www.contabilizei.com.br\/contabilidade-online\/#organization"},"image":{"@id":"https:\/\/www.contabilizei.com.br\/contabilidade-online\/o-que-voce-precisa-saber-para-trabalhar-como-freelancer\/#primaryimage"},"thumbnailUrl":"https:\/\/www.contabilizei.com.br\/contabilidade-online\/wp-content\/uploads\/2019\/11\/trabalhar_freela.jpg?wsr","articleSection":["Conte\u00fados Cont\u00e1beis"],"inLanguage":"pt-BR","potentialAction":[{"@type":"CommentAction","name":"Comment","target":["https:\/\/www.contabilizei.com.br\/contabilidade-online\/o-que-voce-precisa-saber-para-trabalhar-como-freelancer\/#respond"]}]},{"@type":"WebPage","@id":"https:\/\/www.contabilizei.com.br\/contabilidade-online\/o-que-voce-precisa-saber-para-trabalhar-como-freelancer\/","url":"https:\/\/www.contabilizei.com.br\/contabilidade-online\/o-que-voce-precisa-saber-para-trabalhar-como-freelancer\/","name":"O que voc\u00ea precisa saber para trabalhar como freelancer | Blog da Contabilizei","isPartOf":{"@id":"https:\/\/www.contabilizei.com.br\/contabilidade-online\/#website"},"primaryImageOfPage":{"@id":"https:\/\/www.contabilizei.com.br\/contabilidade-online\/o-que-voce-precisa-saber-para-trabalhar-como-freelancer\/#primaryimage"},"image":{"@id":"https:\/\/www.contabilizei.com.br\/contabilidade-online\/o-que-voce-precisa-saber-para-trabalhar-como-freelancer\/#primaryimage"},"thumbnailUrl":"https:\/\/www.contabilizei.com.br\/contabilidade-online\/wp-content\/uploads\/2019\/11\/trabalhar_freela.jpg?wsr","datePublished":"2019-11-06T13:28:35+00:00","dateModified":"2024-10-30T18:55:32+00:00","breadcrumb":{"@id":"https:\/\/www.contabilizei.com.br\/contabilidade-online\/o-que-voce-precisa-saber-para-trabalhar-como-freelancer\/#breadcrumb"},"inLanguage":"pt-BR","potentialAction":[{"@type":"ReadAction","target":["https:\/\/www.contabilizei.com.br\/contabilidade-online\/o-que-voce-precisa-saber-para-trabalhar-como-freelancer\/"]}]},{"@type":"ImageObject","inLanguage":"pt-BR","@id":"https:\/\/www.contabilizei.com.br\/contabilidade-online\/o-que-voce-precisa-saber-para-trabalhar-como-freelancer\/#primaryimage","url":"https:\/\/www.contabilizei.com.br\/contabilidade-online\/wp-content\/uploads\/2019\/11\/trabalhar_freela.jpg?wsr","contentUrl":"https:\/\/www.contabilizei.com.br\/contabilidade-online\/wp-content\/uploads\/2019\/11\/trabalhar_freela.jpg?wsr","width":1280,"height":720},{"@type":"BreadcrumbList","@id":"https:\/\/www.contabilizei.com.br\/contabilidade-online\/o-que-voce-precisa-saber-para-trabalhar-como-freelancer\/#breadcrumb","itemListElement":[{"@type":"ListItem","position":1,"name":"Home","item":"https:\/\/www.contabilizei.com.br\/contabilidade-online\/"},{"@type":"ListItem","position":2,"name":"Conte\u00fados Cont\u00e1beis","item":"https:\/\/www.contabilizei.com.br\/contabilidade-online\/conteudos-contabeis\/"},{"@type":"ListItem","position":3,"name":"O que voc\u00ea precisa saber para trabalhar como freelancer"}]},{"@type":"WebSite","@id":"https:\/\/www.contabilizei.com.br\/contabilidade-online\/#website","url":"https:\/\/www.contabilizei.com.br\/contabilidade-online\/","name":"Blog da Contabilizei","description":"Apoiando o empreendedorismo desde 2013","publisher":{"@id":"https:\/\/www.contabilizei.com.br\/contabilidade-online\/#organization"},"potentialAction":[{"@type":"SearchAction","target":{"@type":"EntryPoint","urlTemplate":"https:\/\/www.contabilizei.com.br\/contabilidade-online\/?s={search_term_string}"},"query-input":{"@type":"PropertyValueSpecification","valueRequired":true,"valueName":"search_term_string"}}],"inLanguage":"pt-BR"},{"@type":"Organization","@id":"https:\/\/www.contabilizei.com.br\/contabilidade-online\/#organization","name":"Contabilizei Contabilidade","url":"https:\/\/www.contabilizei.com.br\/contabilidade-online\/","logo":{"@type":"ImageObject","inLanguage":"pt-BR","@id":"https:\/\/www.contabilizei.com.br\/contabilidade-online\/#\/schema\/logo\/image\/","url":"","contentUrl":"","caption":"Contabilizei Contabilidade"},"image":{"@id":"https:\/\/www.contabilizei.com.br\/contabilidade-online\/#\/schema\/logo\/image\/"},"sameAs":["https:\/\/www.facebook.com\/Contabilizei\/","https:\/\/x.com\/contabilizei","https:\/\/www.instagram.com\/contabilizei\/","https:\/\/www.linkedin.com\/company\/contabilizei\/","https:\/\/www.youtube.com\/channel\/UCNAlIbSjWxrDLDllQUug8dA","https:\/\/pt.wikipedia.org\/wiki\/Contabilizei"]},{"@type":"Person","@id":"https:\/\/www.contabilizei.com.br\/contabilidade-online\/#\/schema\/person\/87b4deaa44cff57e9234db891c5f72c0","name":"Vitor Torres","image":{"@type":"ImageObject","inLanguage":"pt-BR","@id":"https:\/\/www.contabilizei.com.br\/contabilidade-online\/#\/schema\/person\/image\/","url":"https:\/\/secure.gravatar.com\/avatar\/4d123a72e5de57b92b84e56ac1baa6f6?s=96&d=mm&r=g","contentUrl":"https:\/\/secure.gravatar.com\/avatar\/4d123a72e5de57b92b84e56ac1baa6f6?s=96&d=mm&r=g","caption":"Vitor Torres"},"description":"Vitor Torres \u00e9 fundador e presidente da Contabilizei desde 2013, quando iniciou uma revolu\u00e7\u00e3o ao liderar o movimento de desburocratiza\u00e7\u00e3o da contabilidade no pa\u00eds, tendo alcan\u00e7ado a lideran\u00e7a no segmento durante essa jornada. Hoje tem o prop\u00f3sito de simplificar a vida dos micros e pequenos empreendedores e fortalecer o futuro de cada um dos 100 mil clientes da companhia, transformando o cen\u00e1rio do empreendedorismo no Brasil. O executivo \u00e9 formado em Administra\u00e7\u00e3o pela Universidade Positivo, possui forma\u00e7\u00e3o executiva em Lideran\u00e7a em Escala pela INSEAD, realizou um MBA de Administra\u00e7\u00e3o e Neg\u00f3cios pela Columbia Business School e participou de um Programa de Lideran\u00e7a Executiva em Neg\u00f3cios pela Stanford University Graduate School of Business. Em 2016, foi selecionado como Empreendedor Endeavor. Re\u00fane experi\u00eancia na \u00e1rea de consultoria e an\u00e1lise de neg\u00f3cios, tendo apoiado de forma pioneira no desenvolvimento do ecossistema de startups.","sameAs":["http:\/\/contabilizei.com.br","https:\/\/www.facebook.com\/Contabilizei\/","https:\/\/www.instagram.com\/contabilizei\/","https:\/\/www.linkedin.com\/company\/contabilizei\/","https:\/\/www.youtube.com\/channel\/UCNAlIbSjWxrDLDllQUug8dA"],"url":"https:\/\/www.contabilizei.com.br\/contabilidade-online\/autor\/vitor-torres\/"}]}},"_links":{"self":[{"href":"https:\/\/www.contabilizei.com.br\/contabilidade-online\/wp-json\/wp\/v2\/posts\/1888"}],"collection":[{"href":"https:\/\/www.contabilizei.com.br\/contabilidade-online\/wp-json\/wp\/v2\/posts"}],"about":[{"href":"https:\/\/www.contabilizei.com.br\/contabilidade-online\/wp-json\/wp\/v2\/types\/post"}],"author":[{"embeddable":true,"href":"https:\/\/www.contabilizei.com.br\/contabilidade-online\/wp-json\/wp\/v2\/users\/62"}],"replies":[{"embeddable":true,"href":"https:\/\/www.contabilizei.com.br\/contabilidade-online\/wp-json\/wp\/v2\/comments?post=1888"}],"version-history":[{"count":0,"href":"https:\/\/www.contabilizei.com.br\/contabilidade-online\/wp-json\/wp\/v2\/posts\/1888\/revisions"}],"wp:featuredmedia":[{"embeddable":true,"href":"https:\/\/www.contabilizei.com.br\/contabilidade-online\/wp-json\/wp\/v2\/media\/1893"}],"wp:attachment":[{"href":"https:\/\/www.contabilizei.com.br\/contabilidade-online\/wp-json\/wp\/v2\/media?parent=1888"}],"wp:term":[{"taxonomy":"category","embeddable":true,"href":"https:\/\/www.contabilizei.com.br\/contabilidade-online\/wp-json\/wp\/v2\/categories?post=1888"},{"taxonomy":"post_tag","embeddable":true,"href":"https:\/\/www.contabilizei.com.br\/contabilidade-online\/wp-json\/wp\/v2\/tags?post=1888"},{"taxonomy":"cta-tags","embeddable":true,"href":"https:\/\/www.contabilizei.com.br\/contabilidade-online\/wp-json\/wp\/v2\/cta-tags?post=1888"}],"curies":[{"name":"wp","href":"https:\/\/api.w.org\/{rel}","templated":true}]}}