{"id":1700,"date":"2023-06-07T10:55:50","date_gmt":"2023-06-07T13:55:50","guid":{"rendered":"http:\/\/blog-dev-novo.contabilizei.com\/?p=1700"},"modified":"2025-05-05T17:07:38","modified_gmt":"2025-05-05T20:07:38","slug":"9-dicas-para-organizar-suas-financas-pessoais","status":"publish","type":"post","link":"https:\/\/www.contabilizei.com.br\/contabilidade-online\/9-dicas-para-organizar-suas-financas-pessoais\/","title":{"rendered":"9 dicas para organizar as suas finan\u00e7as pessoais"},"content":{"rendered":"\n<p>Organizar as <a href=\"https:\/\/www.contabilizei.com.br\/contabilidade-online\/gestao-financeira-para-pj-o-que-voce-precisa-saber\/\" target=\"_blank\" rel=\"noreferrer noopener\" aria-label=\" (abre numa nova aba)\">finan\u00e7as<\/a> pessoais \u00e9 um grande desafio para v\u00e1rias pessoas, especialmente para trabalha com CNPJ e precisa cuidar tamb\u00e9m das finan\u00e7as da empresa. <\/p>\n\n\n\n<p>No entanto, \u00e9 uma tarefa muito importante, j\u00e1 que a falta de <a href=\"https:\/\/www.contabilizei.com.br\/contabilidade-online\/planejamento-financeiro-empresarial-o-que-um-pequeno-empreendedor-precisa\/\" target=\"_blank\" rel=\"noreferrer noopener\" aria-label=\" (abre numa nova aba)\">planejamento<\/a> pode gerar s\u00e9rios problemas, como aumento de d\u00edvidas, gastos desnecess\u00e1rios que comprometem a renda, entre outros.<\/p>\n\n\n\n<p>Para evitar que isso aconte\u00e7a, \u00e9 preciso investir em um controle financeiro eficaz do seu dinheiro. Isso contribui para que voc\u00ea tenha que se preocupar menos no final do m\u00eas, al\u00e9m de outras vantagens, como a possibilidade de investir e multiplicar seu capital, fazer uma viagem, trocar de carro etc.<\/p>\n\n\n\n<p>Pensando nisso, separamos <strong>9 dicas simples<\/strong> para ajudar voc\u00ea a <strong>organizar as finan\u00e7as pessoais<\/strong>:<\/p>\n\n\n\n<ol>\n<li>fa\u00e7a um or\u00e7amento;<\/li>\n\n\n\n<li>estabele\u00e7a metas para economizar;<\/li>\n\n\n\n<li>restrinja gastos;<\/li>\n\n\n\n<li>evite gastos desnecess\u00e1rios;<\/li>\n\n\n\n<li>fique longe de d\u00edvidas;<\/li>\n\n\n\n<li>separe um valor para despesas anuais;<\/li>\n\n\n\n<li>tenha uma reserva para emerg\u00eancias;<\/li>\n\n\n\n<li>separe as contas pessoais das profissionais;<\/li>\n\n\n\n<li>use a tecnologia ao seu favor.<\/li>\n<\/ol>\n\n\n\n<p>Quer saber mais detalhes sobre cada uma delas? Ent\u00e3o, continue a leitura!<\/p>\n\n\n\n<h2 class=\"wp-block-heading\" class=\"wp-block-heading\" id=\"1-faca-um-orcamento\"><strong>1. Fa\u00e7a um or\u00e7amento<\/strong><\/h2>\n\n\n\n<p>Elabore uma lista com todos os seus <strong>custos fixos<\/strong>, como \u00e1gua, luz, telefone, aluguel etc. Depois calcule qual \u00e9 a quantia m\u00e9dia de todas essas despesas no m\u00eas. O valor encontrado \u00e9 o seu custo de vida.<\/p>\n\n\n\n<p>\u00c9 necess\u00e1rio ter claro em mente que esse montante j\u00e1 compromete uma parte da sua renda todo m\u00eas e, por isso, \u00e9 preciso acompanhar sempre suas futuras despesas para garantir que tudo esteja conforme o planejado.<\/p>\n\n\n\n<p><strong>O valor que sobrar<\/strong> \u00e9 o que voc\u00ea tem dispon\u00edvel para aplicar em <strong>custos vari\u00e1veis<\/strong>, fazer <strong>investimentos<\/strong> ou criar uma <strong>reserva financeira<\/strong>.<\/p>\n\n\n\n<h2 class=\"wp-block-heading\" class=\"wp-block-heading\" id=\"2-estabeleca-metas-para-economizar\"><strong>2. Estabele\u00e7a metas para economizar<\/strong><\/h2>\n\n\n\n<p>A economia n\u00e3o pode ser feita somente com o dinheiro que sobrou no final do m\u00eas. Ela deve ser um objetivo, pois assim voc\u00ea n\u00e3o s\u00f3 monitora suas despesas como tamb\u00e9m passa a ter uma <strong>proje\u00e7\u00e3o financeira<\/strong>. <\/p>\n\n\n\n<p>Para isso, voc\u00ea pode determinar um valor mensal para reservar e, ao receber o sal\u00e1rio, separar imediatamente essa quantia em um lugar diferente da conta que voc\u00ea usa para os gastos di\u00e1rios.<\/p><div id=\"conta-3932180755\" class=\"cta-bulk ga-cta-imagem-conteudo conta-cont-6p-cta-bulk conta-entity-placement\" style=\"margin-top: 30px;margin-bottom: 30px;\"><a href=\"https:\/\/www.contabilizei.com.br\/abrir-empresa\/\" aria-label=\"01\"><img loading=\"lazy\" decoding=\"async\" src=\"https:\/\/www.contabilizei.com.br\/contabilidade-online\/wp-content\/uploads\/2021\/07\/01.jpg?wsr\" alt=\"\"  srcset=\"https:\/\/www.contabilizei.com.br\/contabilidade-online\/wp-content\/uploads\/2021\/07\/01.jpg 615w, https:\/\/www.contabilizei.com.br\/contabilidade-online\/wp-content\/uploads\/2021\/07\/01-300x146.jpg 300w\" sizes=\"(max-width: 615px) 100vw, 615px\" width=\"615\" height=\"300\"  style=\"display: inline-block;\" \/><\/a><\/div>\n\n\n\n<h2 class=\"wp-block-heading\" class=\"wp-block-heading\" id=\"3-restrinja-seus-gastos-do-dia-a-dia\"><strong>3. Restrinja seus gastos do dia a dia<\/strong><\/h2>\n\n\n\n<p>Da mesma forma que voc\u00ea deve estipular metas para economizar, uma boa ideia \u00e9 definir metas para os gastos, estabelecendo um <strong>limite m\u00e1ximo por m\u00eas<\/strong> que pode ser empregado em cada tipo de despesa. Voc\u00ea pode fazer essa divis\u00e3o por categorias, por exemplo:<\/p>\n\n\n\n<ul>\n<li>15% com supermercado;<\/li>\n\n\n\n<li>10% com lazer;<\/li>\n\n\n\n<li>5% com vestu\u00e1rio e demais acess\u00f3rios.<\/li>\n<\/ul>\n\n\n\n<p>Isso n\u00e3o significa que voc\u00ea deve gastar esse valor todo m\u00eas, mas sim que \u00e9 o m\u00e1ximo que pode investir em cada modalidade. Esse \u00e9 um grande avan\u00e7o no seu processo para organizar as finan\u00e7as pessoais.<\/p>\n\n\n\n<h2 class=\"wp-block-heading\" class=\"wp-block-heading\" id=\"4-evite-gastos-desnecessarios\"><strong>4. Evite gastos desnecess\u00e1rios<\/strong><\/h2>\n\n\n\n<p>Quando entende para onde sua renda est\u00e1 indo, fica mais f\u00e1cil avaliar o que \u00e9 importante e o que \u00e9 dispens\u00e1vel em seu or\u00e7amento pessoal. Dessa forma, voc\u00ea consegue evitar o comprometimento do seu sal\u00e1rio com despesas que n\u00e3o pode pagar.<\/p>\n\n\n\n<p>Quando for comprar algo, pergunte para si mesmo se tem condi\u00e7\u00f5es de pagar e se realmente aquilo \u00e9 necess\u00e1rio. \u00c0s vezes a vontade fala mais alto, mas \u00e9 preciso se controlar, j\u00e1 que \u00e9 melhor n\u00e3o ter aquilo do que se endividar.<\/p>\n\n\n\n<p>Caso tenha mais de uma prioridade, por\u00e9m s\u00f3 possa arcar com uma delas, d\u00ea prefer\u00eancia a mais essencial. Em alguns momentos \u00e9 necess\u00e1rio <strong>ponderar algumas coisas<\/strong>.<\/p>\n\n\n\n<p>Que tal voc\u00ea deixar de gastar em coisas sup\u00e9rfluas para poder investir, guardar para ter uma aposentadoria mais tranquila ou economizar para conquistar algo que deseja muito? Isso pode ser bem interessante!<\/p>\n\n\n\n<h2 class=\"wp-block-heading\" class=\"wp-block-heading\" id=\"5-fique-longe-das-dividas\"><strong>5. Fique longe das d\u00edvidas<\/strong><\/h2>\n\n\n\n<p>Caso voc\u00ea n\u00e3o tenha d\u00edvidas, j\u00e1 est\u00e1 indo por um bom caminho em rela\u00e7\u00e3o ao controle das finan\u00e7as pessoais. Contudo, caso tenha, esse \u00e9 o <strong>primeiro problema que deve solucionar<\/strong> para se organizar financeiramente.<\/p>\n\n\n\n<p>Contas em atraso acarretam outros custos, j\u00e1 que taxas e juros s\u00e3o cobrados e tiram a chance de voc\u00ea economizar e se controlar. Nessas situa\u00e7\u00f5es, todo o dinheiro que entra \u00e9 gasto com pagamentos das contas, e o objetivo principal passa a ser quitar a d\u00edvida.&nbsp;<\/p>\n\n\n\n<p>Como forma de resolver esse problema, voc\u00ea pode tentar <a href=\"https:\/\/blog.acerto.com.br\/limpar-nome\/quando-negociar-divida\/\" target=\"_blank\" rel=\"noreferrer noopener\">renegociar ou parcelar a d\u00edvida<\/a>, e ficar livre dessa \u201cpedra\u201d no seu projeto de organiza\u00e7\u00e3o financeira.<\/p>\n\n\n\n\n\n<h2 class=\"wp-block-heading\" class=\"wp-block-heading\" id=\"6-separe-um-valor-para-as-despesas-anuais\"><strong>6. Separe um valor para as despesas anuais<\/strong><\/h2>\n\n\n\n<p>Um erro cometido pela maioria das pessoas \u00e9 focar somente nos gastos mensais e deixar de considerar as despesas anuais, por exemplo, <strong>IPVA, IPTU e seguros<\/strong>. Esses gastos acabam se tornando um problema quando n\u00e3o s\u00e3o programados, j\u00e1 que, se voc\u00ea n\u00e3o se planeja para pag\u00e1-los, pode passar por aperto quando eles chegarem.<\/p>\n\n\n\n<p>Por esse motivo, o adequado \u00e9 reservar uma quantia para essas despesas no decorrer do ano. Uma ideia \u00e9 voc\u00ea separar um valor espec\u00edfico todo m\u00eas para elas.<\/p>\n\n\n\n<h2 class=\"wp-block-heading\" class=\"wp-block-heading\" id=\"7-tenha-uma-reserva-para-emergencias\"><strong>7. Tenha uma reserva para emerg\u00eancias<\/strong><\/h2>\n\n\n\n<p>Situa\u00e7\u00f5es inesperadas podem acontecer a qualquer momento, por isso \u00e9 preciso estar preparado. A finalidade de criar um fundo de emerg\u00eancia \u00e9 <strong>se<\/strong> <strong>prevenir para os imprevistos<\/strong>, como <a href=\"https:\/\/www.contabilizei.com.br\/calculadora-rescisao\/\" target=\"_blank\" rel=\"noreferrer noopener\">rescis\u00e3o de contratos<\/a>, problemas de sa\u00fade, consertos no carro, entre outros. \u00c9 necess\u00e1rio ter tranquilidade financeira em horas como essas e a reserva emergencial assegura isso.<\/p>\n\n\n\n<h2 class=\"wp-block-heading\" class=\"wp-block-heading\" id=\"8-separe-as-contas-pessoais-das-contas-profissionais\">8. Separe as contas pessoais das contas profissionais<\/h2>\n\n\n\n<p>O controle financeiro deve ser feito por qualquer pessoa. Mas, quando voc\u00ea tamb\u00e9m \u00e9 uma <a href=\"https:\/\/www.contabilizei.com.br\/contabilidade-online\/como-abrir-um-cnpj\/\" target=\"_blank\" rel=\"noreferrer noopener\" aria-label=\" (abre numa nova aba)\">pessoa jur\u00eddica<\/a>, \u00e9 necess\u00e1rio ter aten\u00e7\u00e3o redobrada. As contas pessoais nunca podem se misturar com as contas profissionais e isso vai al\u00e9m da quest\u00e3o de se organizar.<\/p>\n\n\n\n<p>Se misturar essas contas e usar sua renda pessoal para quitar d\u00edvidas da pessoa jur\u00eddica e vice-versa, al\u00e9m de poder ter s\u00e9rias consequ\u00eancias, por exemplo, a impossibilidade de planejamento financeiro do neg\u00f3cio, sua contabilidade tamb\u00e9m ficar\u00e1 comprometida. Isso, porque, todo CNPJ deve fazer a concilia\u00e7\u00e3o banc\u00e1ria que \u00e9 a verifica\u00e7\u00e3o do extrato banc\u00e1rio da conta PJ com a declara\u00e7\u00e3o de entradas e sa\u00eddas da empresa. Ao misturar finan\u00e7as pessoais e profissionais, a conta n\u00e3o fecha.<\/p>\n\n\n\n<p>Para n\u00e3o ter esse problema, o ideal \u00e9 abrir duas contas banc\u00e1rias diferentes: uma para pessoa f\u00edsica e outra para pessoa jur\u00eddica. Com isso, voc\u00ea evita que as contas e rendas das duas se misturem.<\/p>\n\n\n\n<p><strong><em>Dica extra<\/em><\/strong><em>: para facilitar a concilia\u00e7\u00e3o banc\u00e1ria, voc\u00ea pode usar a plataforma da Contabilizei que permite bater automaticamente as movimenta\u00e7\u00f5es da conta com o extrato. <\/em><a href=\"https:\/\/www.contabilizei.com.br\/como-funciona-contabilizei\/\" rel=\"noreferrer noopener\" target=\"_blank\"><em>Saiba mais aqui!<\/em><\/a><\/p>\n\n\n\n<h2 class=\"wp-block-heading\" class=\"wp-block-heading\" id=\"9-use-a-tecnologia-a-seu-favor\"><strong>9. Use a tecnologia a seu favor<\/strong><\/h2>\n\n\n\n<p>Existem diversos <strong>aplicativos <\/strong>dispon\u00edveis no mercado que podem <a href=\"https:\/\/www.contabilizei.com.br\/contabilidade-online\/automacao-de-tarefas-para-pj-contabilidade-piloto-automatico\/\" target=\"_blank\" rel=\"noreferrer noopener\" aria-label=\" (abre numa nova aba)\">auxiliar nessa tarefa<\/a> de organizar as finan\u00e7as pessoais no seu dia a dia. Dessa forma, fica mais f\u00e1cil registrar e controlar todos os gastos que fazem parte da sua rotina. Um bom exemplo \u00e9 o <a rel=\"noreferrer noopener\" href=\"https:\/\/www.guiabolso.com.br\/\" target=\"_blank\">GuiaBolso<\/a>.<\/p>\n\n\n\n<p>Isso vai permitir que voc\u00ea identifique quais valores est\u00e3o sendo gastos desnecessariamente e, assim, poder\u00e1 cort\u00e1-los. O importante \u00e9 aprender a <strong>controlar as finan\u00e7as<\/strong>, economizar e cuidar melhor da sua renda.<\/p>\n\n\n\n<p><em>J\u00e1 para cuidar das<\/em><strong><em> finan\u00e7as do seu CNPJ<\/em><\/strong><em>, a dica \u00e9 migrar sua contabilidade para a <\/em><a href=\"https:\/\/www.contabilizei.com.br\/escritorio-contabilidade-online\/\/\" rel=\"noreferrer noopener\" target=\"_blank\"><em>Contabilizei<\/em><\/a><em> e automatizar a emiss\u00e3o de nota fiscal e a concilia\u00e7\u00e3o banc\u00e1ria. <\/em><\/p>\n\n\n\n<p>Conseguiu perceber a import\u00e2ncia de organizar as finan\u00e7as pessoais e separ\u00e1-las das contas profissionais? Ent\u00e3o comece a colocar as dicas apresentadas em pr\u00e1tica agora mesmo. Com isso, voc\u00ea garante uma vida financeira mais tranquila e capaz de alcan\u00e7ar todas as metas estipuladas!<\/p>\n\n\n\n<p>Gostou deste conte\u00fado? Aproveite a visita e fique por dentro de <a href=\"https:\/\/www.contabilizei.com.br\/contabilidade-online\/gestao-financeira-para-pj-o-que-voce-precisa-saber\/\" target=\"_blank\" rel=\"noreferrer noopener\" aria-label=\" (abre numa nova aba)\">tudo o que voc\u00ea precisa saber sobre gest\u00e3o financeira para PJ<\/a>!<\/p>\n","protected":false},"excerpt":{"rendered":"<p>Se voc\u00ea n\u00e3o sabe como separar suas finan\u00e7as pessoais da conta PJ, esse conte\u00fado \u00e9 para voc\u00ea!<\/p>\n","protected":false},"author":62,"featured_media":1828,"comment_status":"open","ping_status":"open","sticky":false,"template":"","format":"standard","meta":{"footnotes":""},"categories":[256],"tags":[],"cta-tags":[],"acf":[],"yoast_head":"<!-- This site is optimized with the Yoast SEO plugin v24.5 - https:\/\/yoast.com\/wordpress\/plugins\/seo\/ -->\n<title>9 dicas para organizar as suas finan\u00e7as pessoais | Blog da Contabilizei<\/title>\n<meta name=\"description\" content=\"Confira esta lista de 9 dicas para voc\u00ea organizar suas finan\u00e7as pessoais e ter um aproveitamento melhor do seu dinheiro! Leia no blog da Contabilizei!\" \/>\n<meta name=\"robots\" content=\"index, follow\" \/>\n<link rel=\"canonical\" href=\"https:\/\/www.contabilizei.com.br\/contabilidade-online\/9-dicas-para-organizar-suas-financas-pessoais\/\" \/>\n<meta property=\"og:locale\" content=\"pt_BR\" \/>\n<meta property=\"og:type\" content=\"article\" \/>\n<meta property=\"og:title\" content=\"9 dicas para organizar as suas finan\u00e7as pessoais | Blog da Contabilizei\" \/>\n<meta property=\"og:description\" content=\"Confira esta lista de 9 dicas para voc\u00ea organizar suas finan\u00e7as pessoais e ter um aproveitamento melhor do seu dinheiro! Leia no blog da Contabilizei!\" \/>\n<meta property=\"og:url\" content=\"https:\/\/www.contabilizei.com.br\/contabilidade-online\/9-dicas-para-organizar-suas-financas-pessoais\/\" \/>\n<meta property=\"og:site_name\" content=\"Blog da Contabilizei\" \/>\n<meta property=\"article:publisher\" content=\"https:\/\/www.facebook.com\/Contabilizei\/\" \/>\n<meta property=\"article:author\" content=\"https:\/\/www.facebook.com\/Contabilizei\/\" \/>\n<meta property=\"article:published_time\" content=\"2023-06-07T13:55:50+00:00\" \/>\n<meta property=\"article:modified_time\" content=\"2025-05-05T20:07:38+00:00\" \/>\n<meta property=\"og:image\" content=\"https:\/\/www.contabilizei.com.br\/contabilidade-online\/wp-content\/uploads\/2019\/10\/financas_pessoais.jpg\" \/>\n\t<meta property=\"og:image:width\" content=\"1280\" \/>\n\t<meta property=\"og:image:height\" content=\"720\" \/>\n\t<meta property=\"og:image:type\" content=\"image\/jpeg\" \/>\n<meta name=\"author\" content=\"Vitor Torres\" \/>\n<meta name=\"twitter:card\" content=\"summary_large_image\" \/>\n<meta name=\"twitter:creator\" content=\"@contabilizei\" \/>\n<meta name=\"twitter:site\" content=\"@contabilizei\" \/>\n<meta name=\"twitter:label1\" content=\"Escrito por\" \/>\n\t<meta name=\"twitter:data1\" content=\"Vitor Torres\" \/>\n\t<meta name=\"twitter:label2\" content=\"Est. tempo de leitura\" \/>\n\t<meta name=\"twitter:data2\" content=\"14 minutos\" \/>\n<!-- \/ Yoast SEO plugin. -->","yoast_head_json":{"title":"9 dicas para organizar as suas finan\u00e7as pessoais | Blog da Contabilizei","description":"Confira esta lista de 9 dicas para voc\u00ea organizar suas finan\u00e7as pessoais e ter um aproveitamento melhor do seu dinheiro! Leia no blog da Contabilizei!","robots":{"index":"index","follow":"follow"},"canonical":"https:\/\/www.contabilizei.com.br\/contabilidade-online\/9-dicas-para-organizar-suas-financas-pessoais\/","og_locale":"pt_BR","og_type":"article","og_title":"9 dicas para organizar as suas finan\u00e7as pessoais | Blog da Contabilizei","og_description":"Confira esta lista de 9 dicas para voc\u00ea organizar suas finan\u00e7as pessoais e ter um aproveitamento melhor do seu dinheiro! Leia no blog da Contabilizei!","og_url":"https:\/\/www.contabilizei.com.br\/contabilidade-online\/9-dicas-para-organizar-suas-financas-pessoais\/","og_site_name":"Blog da Contabilizei","article_publisher":"https:\/\/www.facebook.com\/Contabilizei\/","article_author":"https:\/\/www.facebook.com\/Contabilizei\/","article_published_time":"2023-06-07T13:55:50+00:00","article_modified_time":"2025-05-05T20:07:38+00:00","og_image":[{"width":1280,"height":720,"url":"https:\/\/www.contabilizei.com.br\/contabilidade-online\/wp-content\/uploads\/2019\/10\/financas_pessoais.jpg","type":"image\/jpeg"}],"author":"Vitor Torres","twitter_card":"summary_large_image","twitter_creator":"@contabilizei","twitter_site":"@contabilizei","twitter_misc":{"Escrito por":"Vitor Torres","Est. tempo de leitura":"14 minutos"},"schema":{"@context":"https:\/\/schema.org","@graph":[{"@type":"Article","@id":"https:\/\/www.contabilizei.com.br\/contabilidade-online\/9-dicas-para-organizar-suas-financas-pessoais\/#article","isPartOf":{"@id":"https:\/\/www.contabilizei.com.br\/contabilidade-online\/9-dicas-para-organizar-suas-financas-pessoais\/"},"author":{"name":"Vitor Torres","@id":"https:\/\/www.contabilizei.com.br\/contabilidade-online\/#\/schema\/person\/87b4deaa44cff57e9234db891c5f72c0"},"headline":"9 dicas para organizar as suas finan\u00e7as pessoais","datePublished":"2023-06-07T13:55:50+00:00","dateModified":"2025-05-05T20:07:38+00:00","mainEntityOfPage":{"@id":"https:\/\/www.contabilizei.com.br\/contabilidade-online\/9-dicas-para-organizar-suas-financas-pessoais\/"},"wordCount":1295,"commentCount":0,"publisher":{"@id":"https:\/\/www.contabilizei.com.br\/contabilidade-online\/#organization"},"image":{"@id":"https:\/\/www.contabilizei.com.br\/contabilidade-online\/9-dicas-para-organizar-suas-financas-pessoais\/#primaryimage"},"thumbnailUrl":"https:\/\/www.contabilizei.com.br\/contabilidade-online\/wp-content\/uploads\/2019\/10\/financas_pessoais.jpg?wsr","articleSection":["Gest\u00e3o Financeira"],"inLanguage":"pt-BR","potentialAction":[{"@type":"CommentAction","name":"Comment","target":["https:\/\/www.contabilizei.com.br\/contabilidade-online\/9-dicas-para-organizar-suas-financas-pessoais\/#respond"]}]},{"@type":"WebPage","@id":"https:\/\/www.contabilizei.com.br\/contabilidade-online\/9-dicas-para-organizar-suas-financas-pessoais\/","url":"https:\/\/www.contabilizei.com.br\/contabilidade-online\/9-dicas-para-organizar-suas-financas-pessoais\/","name":"9 dicas para organizar as suas finan\u00e7as pessoais | Blog da Contabilizei","isPartOf":{"@id":"https:\/\/www.contabilizei.com.br\/contabilidade-online\/#website"},"primaryImageOfPage":{"@id":"https:\/\/www.contabilizei.com.br\/contabilidade-online\/9-dicas-para-organizar-suas-financas-pessoais\/#primaryimage"},"image":{"@id":"https:\/\/www.contabilizei.com.br\/contabilidade-online\/9-dicas-para-organizar-suas-financas-pessoais\/#primaryimage"},"thumbnailUrl":"https:\/\/www.contabilizei.com.br\/contabilidade-online\/wp-content\/uploads\/2019\/10\/financas_pessoais.jpg?wsr","datePublished":"2023-06-07T13:55:50+00:00","dateModified":"2025-05-05T20:07:38+00:00","description":"Confira esta lista de 9 dicas para voc\u00ea organizar suas finan\u00e7as pessoais e ter um aproveitamento melhor do seu dinheiro! Leia no blog da Contabilizei!","breadcrumb":{"@id":"https:\/\/www.contabilizei.com.br\/contabilidade-online\/9-dicas-para-organizar-suas-financas-pessoais\/#breadcrumb"},"inLanguage":"pt-BR","potentialAction":[{"@type":"ReadAction","target":["https:\/\/www.contabilizei.com.br\/contabilidade-online\/9-dicas-para-organizar-suas-financas-pessoais\/"]}]},{"@type":"ImageObject","inLanguage":"pt-BR","@id":"https:\/\/www.contabilizei.com.br\/contabilidade-online\/9-dicas-para-organizar-suas-financas-pessoais\/#primaryimage","url":"https:\/\/www.contabilizei.com.br\/contabilidade-online\/wp-content\/uploads\/2019\/10\/financas_pessoais.jpg?wsr","contentUrl":"https:\/\/www.contabilizei.com.br\/contabilidade-online\/wp-content\/uploads\/2019\/10\/financas_pessoais.jpg?wsr","width":1280,"height":720},{"@type":"BreadcrumbList","@id":"https:\/\/www.contabilizei.com.br\/contabilidade-online\/9-dicas-para-organizar-suas-financas-pessoais\/#breadcrumb","itemListElement":[{"@type":"ListItem","position":1,"name":"Home","item":"https:\/\/www.contabilizei.com.br\/contabilidade-online\/"},{"@type":"ListItem","position":2,"name":"Gest\u00e3o Financeira","item":"https:\/\/www.contabilizei.com.br\/contabilidade-online\/gestao-financeira\/"},{"@type":"ListItem","position":3,"name":"9 dicas para organizar as suas finan\u00e7as pessoais"}]},{"@type":"WebSite","@id":"https:\/\/www.contabilizei.com.br\/contabilidade-online\/#website","url":"https:\/\/www.contabilizei.com.br\/contabilidade-online\/","name":"Blog da Contabilizei","description":"Apoiando o empreendedorismo desde 2013","publisher":{"@id":"https:\/\/www.contabilizei.com.br\/contabilidade-online\/#organization"},"potentialAction":[{"@type":"SearchAction","target":{"@type":"EntryPoint","urlTemplate":"https:\/\/www.contabilizei.com.br\/contabilidade-online\/?s={search_term_string}"},"query-input":{"@type":"PropertyValueSpecification","valueRequired":true,"valueName":"search_term_string"}}],"inLanguage":"pt-BR"},{"@type":"Organization","@id":"https:\/\/www.contabilizei.com.br\/contabilidade-online\/#organization","name":"Contabilizei Contabilidade","url":"https:\/\/www.contabilizei.com.br\/contabilidade-online\/","logo":{"@type":"ImageObject","inLanguage":"pt-BR","@id":"https:\/\/www.contabilizei.com.br\/contabilidade-online\/#\/schema\/logo\/image\/","url":"","contentUrl":"","caption":"Contabilizei Contabilidade"},"image":{"@id":"https:\/\/www.contabilizei.com.br\/contabilidade-online\/#\/schema\/logo\/image\/"},"sameAs":["https:\/\/www.facebook.com\/Contabilizei\/","https:\/\/x.com\/contabilizei","https:\/\/www.instagram.com\/contabilizei\/","https:\/\/www.linkedin.com\/company\/contabilizei\/","https:\/\/www.youtube.com\/channel\/UCNAlIbSjWxrDLDllQUug8dA","https:\/\/pt.wikipedia.org\/wiki\/Contabilizei"]},{"@type":"Person","@id":"https:\/\/www.contabilizei.com.br\/contabilidade-online\/#\/schema\/person\/87b4deaa44cff57e9234db891c5f72c0","name":"Vitor Torres","image":{"@type":"ImageObject","inLanguage":"pt-BR","@id":"https:\/\/www.contabilizei.com.br\/contabilidade-online\/#\/schema\/person\/image\/","url":"https:\/\/secure.gravatar.com\/avatar\/4d123a72e5de57b92b84e56ac1baa6f6?s=96&d=mm&r=g","contentUrl":"https:\/\/secure.gravatar.com\/avatar\/4d123a72e5de57b92b84e56ac1baa6f6?s=96&d=mm&r=g","caption":"Vitor Torres"},"description":"Vitor Torres \u00e9 fundador e presidente da Contabilizei desde 2013, quando iniciou uma revolu\u00e7\u00e3o ao liderar o movimento de desburocratiza\u00e7\u00e3o da contabilidade no pa\u00eds, tendo alcan\u00e7ado a lideran\u00e7a no segmento durante essa jornada. Hoje tem o prop\u00f3sito de simplificar a vida dos micros e pequenos empreendedores e fortalecer o futuro de cada um dos 100 mil clientes da companhia, transformando o cen\u00e1rio do empreendedorismo no Brasil. O executivo \u00e9 formado em Administra\u00e7\u00e3o pela Universidade Positivo, possui forma\u00e7\u00e3o executiva em Lideran\u00e7a em Escala pela INSEAD, realizou um MBA de Administra\u00e7\u00e3o e Neg\u00f3cios pela Columbia Business School e participou de um Programa de Lideran\u00e7a Executiva em Neg\u00f3cios pela Stanford University Graduate School of Business. Em 2016, foi selecionado como Empreendedor Endeavor. Re\u00fane experi\u00eancia na \u00e1rea de consultoria e an\u00e1lise de neg\u00f3cios, tendo apoiado de forma pioneira no desenvolvimento do ecossistema de startups.","sameAs":["http:\/\/contabilizei.com.br","https:\/\/www.facebook.com\/Contabilizei\/","https:\/\/www.instagram.com\/contabilizei\/","https:\/\/www.linkedin.com\/company\/contabilizei\/","https:\/\/www.youtube.com\/channel\/UCNAlIbSjWxrDLDllQUug8dA"],"url":"https:\/\/www.contabilizei.com.br\/contabilidade-online\/autor\/vitor-torres\/"}]}},"_links":{"self":[{"href":"https:\/\/www.contabilizei.com.br\/contabilidade-online\/wp-json\/wp\/v2\/posts\/1700"}],"collection":[{"href":"https:\/\/www.contabilizei.com.br\/contabilidade-online\/wp-json\/wp\/v2\/posts"}],"about":[{"href":"https:\/\/www.contabilizei.com.br\/contabilidade-online\/wp-json\/wp\/v2\/types\/post"}],"author":[{"embeddable":true,"href":"https:\/\/www.contabilizei.com.br\/contabilidade-online\/wp-json\/wp\/v2\/users\/62"}],"replies":[{"embeddable":true,"href":"https:\/\/www.contabilizei.com.br\/contabilidade-online\/wp-json\/wp\/v2\/comments?post=1700"}],"version-history":[{"count":0,"href":"https:\/\/www.contabilizei.com.br\/contabilidade-online\/wp-json\/wp\/v2\/posts\/1700\/revisions"}],"wp:featuredmedia":[{"embeddable":true,"href":"https:\/\/www.contabilizei.com.br\/contabilidade-online\/wp-json\/wp\/v2\/media\/1828"}],"wp:attachment":[{"href":"https:\/\/www.contabilizei.com.br\/contabilidade-online\/wp-json\/wp\/v2\/media?parent=1700"}],"wp:term":[{"taxonomy":"category","embeddable":true,"href":"https:\/\/www.contabilizei.com.br\/contabilidade-online\/wp-json\/wp\/v2\/categories?post=1700"},{"taxonomy":"post_tag","embeddable":true,"href":"https:\/\/www.contabilizei.com.br\/contabilidade-online\/wp-json\/wp\/v2\/tags?post=1700"},{"taxonomy":"cta-tags","embeddable":true,"href":"https:\/\/www.contabilizei.com.br\/contabilidade-online\/wp-json\/wp\/v2\/cta-tags?post=1700"}],"curies":[{"name":"wp","href":"https:\/\/api.w.org\/{rel}","templated":true}]}}