{"id":1567,"date":"2019-06-14T00:00:00","date_gmt":"2019-06-14T03:00:00","guid":{"rendered":"http:\/\/blog-dev-novo.contabilizei.com\/gestao-financeira-para-pj-o-que-voce-precisa-saber\/"},"modified":"2025-08-25T09:50:26","modified_gmt":"2025-08-25T12:50:26","slug":"gestao-financeira-para-pj-o-que-voce-precisa-saber","status":"publish","type":"post","link":"https:\/\/www.contabilizei.com.br\/contabilidade-online\/gestao-financeira-para-pj-o-que-voce-precisa-saber\/","title":{"rendered":"Gest\u00e3o financeira para PJ: o que voc\u00ea precisa saber"},"content":{"rendered":"\n<p>Embora ter um emprego com carteira assinada ainda seja visto como o padr\u00e3o no Brasil, cresce o n\u00famero de profissionais que atuam como pessoas jur\u00eddicas em empresas.<\/p>\n\n\n\n<p>Se voc\u00ea trabalha ou pensa em trabalhar como PJ, j\u00e1 deve ter se deparado com uma s\u00e9rie de <strong>d\u00favidas sobre a gest\u00e3o financeira desse regime de contrata\u00e7\u00e3o<\/strong> como: quanto ganha um profissional da sua \u00e1rea? Quais s\u00e3o os impostos que precisa pagar? Como separar as finan\u00e7as pessoais das profissionais?<\/p>\n\n\n\n<p><strong>*Voc\u00ea sabia que a Contabilizei possui uma calculadora para comparar o seu sal\u00e1rio liquido como PJ, CLT ou aut\u00f4nomo? Fa\u00e7a o teste agora!<\/strong><\/p>\n\n\n<div id=\"app\"><\/div>\n\n\n\n<p>Mesmo que a presta\u00e7\u00e3o de servi\u00e7os n\u00e3o ofere\u00e7a os mesmos direitos da Consolida\u00e7\u00e3o das Leis do Trabalho (CLT), ela permite que voc\u00ea se dedique \u00e0 sua carreira \u2014 atendendo mais de uma empresa \u2014, monte a sua pr\u00f3pria carga hor\u00e1ria, tenha uma remunera\u00e7\u00e3o mais vantajosa, entre outros pontos positivos.<\/p>\n\n\n\n<p>Quer saber mais sobre como fazer <a href=\"https:\/\/iugu.com\/blog\/principais-erros-cometidos-na-gestao-pagamentos-recorrentes\/\" target=\"_blank\" rel=\"noreferrer noopener\">gest\u00e3o financeira<\/a> para PJ? Confira as nossas dicas!<\/p>\n\n\n\n\n\n<h2 class=\"wp-block-heading\" class=\"wp-block-heading\" id=\"qual-e-o-objetivo-da-gestao-financeira-de-um-pj\">Qual \u00e9 o objetivo da gest\u00e3o financeira de um PJ?<\/h2>\n\n\n\n<p>A gest\u00e3o financeira para PJ tem como objetivo <strong>potencializar ganhos e n\u00e3o apenas pagar contas<\/strong>. \u00c9 preciso agir, como o nome bem indica, como um gestor, mesmo que voc\u00ea n\u00e3o pretenda ser um empres\u00e1rio.<\/p>\n\n\n\n<p>\u00c9 preciso ir al\u00e9m de evitar d\u00edvidas e manter os boletos em dia: explorar potenciais ganhos, diagnosticar riscos e tra\u00e7ar proje\u00e7\u00f5es a fim de concretizar planos para sua vida pessoal e profissional &#8211; tudo isso sem deixar de lado as obriga\u00e7\u00f5es que um CNPJ carrega.<\/p>\n\n\n\n<h2 class=\"wp-block-heading\" class=\"wp-block-heading\" id=\"qual-a-importancia-da-gestao-financeira-para-pj-recem-saido-da-clt\">Qual a import\u00e2ncia da gest\u00e3o financeira para PJ rec\u00e9m-sa\u00eddo da CLT?<\/h2>\n\n\n\n<p>Para quem est\u00e1 habituado \u00e0 CLT, o <a href=\"https:\/\/www.contabilizei.com.br\/contabilidade-online\/clt-ou-pj-o-que-compensa-mais\/\">regime PJ pode causar certa apreens\u00e3o<\/a>. Afinal, a carteira assinada garante um 13\u00ba sal\u00e1rio, dinheiro todo m\u00eas, entre outros benef\u00edcios.<\/p>\n\n\n\n<p>Nesse caso, a gest\u00e3o financeira, aliada \u00e0 uma boa contabilidade, torna-se ainda mais importante, pois <strong>garante que as obriga\u00e7\u00f5es fiscais sejam cumpridos dentro do prazo, sem perder a estabilidade \u00e0 qual o rec\u00e9m-sa\u00eddo da CLT j\u00e1 est\u00e1 acostumado<\/strong>.<\/p>\n\n\n\n<h2 class=\"wp-block-heading\" class=\"wp-block-heading\" id=\"como-fazer-a-gestao-financeira-para-pj\">Como fazer a gest\u00e3o financeira para PJ?<\/h2>\n\n\n\n<h3 class=\"wp-block-heading\">Separe PF e PJ<\/h3>\n\n\n\n<p>O primeiro passo para uma boa gest\u00e3o financeira, independente do tamanho ou complexidade do seu CNPJ, \u00e9 separar os ganhos e as despesas de sua pessoa f\u00edsica e jur\u00eddica.<\/p><div id=\"conta-2421829105\" class=\"cta-bulk ga-cta-imagem-conteudo conta-cont-6p-cta-bulk conta-entity-placement\" style=\"margin-top: 30px;margin-bottom: 30px;\"><a href=\"https:\/\/www.contabilizei.com.br\/abrir-empresa\/\" aria-label=\"01\"><img loading=\"lazy\" decoding=\"async\" src=\"https:\/\/www.contabilizei.com.br\/contabilidade-online\/wp-content\/uploads\/2021\/07\/01.jpg?wsr\" alt=\"\"  srcset=\"https:\/\/www.contabilizei.com.br\/contabilidade-online\/wp-content\/uploads\/2021\/07\/01.jpg 615w, https:\/\/www.contabilizei.com.br\/contabilidade-online\/wp-content\/uploads\/2021\/07\/01-300x146.jpg 300w\" sizes=\"(max-width: 615px) 100vw, 615px\" width=\"615\" height=\"300\"  style=\"display: inline-block;\" \/><\/a><\/div>\n\n\n\n<p>Voc\u00ea, como PF, tem suas obriga\u00e7\u00f5es mensais como aluguel, internet e alimenta\u00e7\u00e3o. J\u00e1 sua PJ ter\u00e1 os recebimentos dos clientes, pagamentos de contador, impostos, taxas, entre outros.<\/p>\n\n\n\n<p><strong>Quando as contas se confundem, a chance de perder o controle, atrasar pagamentos e poupar menos dinheiro no final do m\u00eas \u00e9 muito maior.<\/strong><\/p>\n\n\n\n<p>Para iniciar a separa\u00e7\u00e3o de suas finan\u00e7as PF e PJ, voc\u00ea precisa responder tr\u00eas perguntas b\u00e1sicas.<\/p>\n\n\n\n<ul>\n<li>Qual \u00e9 o seu faturamento mensal, em m\u00e9dia?<\/li>\n\n\n\n<li>Qual \u00e9 o custo mensal das suas opera\u00e7\u00f5es, aproximadamente?<\/li>\n\n\n\n<li>Qual \u00e9 o custo mensal na sua vida pessoal, em m\u00e9dia?<\/li>\n<\/ul>\n\n\n\n<blockquote class=\"wp-block-quote is-layout-flow wp-block-quote-is-layout-flow\">\n<p><\/p>\n<cite>Otimize seus ganhos com a<a href=\"https:\/\/www.contabilizei.com.br\/contabilizei-responde\/calculo-PJ-desenvolvedor\/\" target=\"_blank\" rel=\"noreferrer noopener\"> calculadora PJ para desevolvedor<\/a>. Entenda mais aqui.<\/cite><\/blockquote>\n\n\n\n<figure class=\"wp-block-embed is-type-video is-provider-youtube wp-block-embed-youtube wp-embed-aspect-16-9 wp-has-aspect-ratio\"><div class=\"wp-block-embed__wrapper\">\n<iframe loading=\"lazy\" title=\"GEST\u00c3O FINANCEIRA PARA PEQUENAS EMPRESAS: como organizar as finan\u00e7as - passo a passo pr\u00e1tico!\" width=\"640\" height=\"360\" src=\"https:\/\/www.youtube.com\/embed\/kIvgDGkjJo8?feature=oembed\" frameborder=\"0\" allow=\"accelerometer; autoplay; clipboard-write; encrypted-media; gyroscope; picture-in-picture; web-share\" referrerpolicy=\"strict-origin-when-cross-origin\" allowfullscreen><\/iframe>\n<\/div><\/figure>\n\n\n\n<h3 class=\"wp-block-heading\">Emita Nota Fiscal<\/h3>\n\n\n\n<p>A emiss\u00e3o de notas fiscais \u00e9 uma <a href=\"https:\/\/www.contabilizei.com.br\/contabilidade-online\/o-que-preciso-saber-para-ser-pj\/\">obriga\u00e7\u00e3o para Pessoas Jur\u00eddicas<\/a> e <strong>deve ser feita para todo servi\u00e7o prestado para outra empresa<\/strong>.<\/p>\n\n\n\n<p>A grande vantagem para o profissional em emitir notas est\u00e1 em agir de acordo com a lei, j\u00e1 que \u00e9 uma das formas do governo verificar se a tributa\u00e7\u00e3o do seu servi\u00e7o est\u00e1 correta. Al\u00e9m disso, elas facilitam o controle de suas finan\u00e7as e do que ser\u00e1 pago no Imposto de Renda.<\/p>\n\n\n\n<h3 class=\"wp-block-heading\">Fique atento aos impostos<\/h3>\n\n\n\n<p>Para manter seu CNPJ dentro da lei, n\u00e3o h\u00e1 como fugir dos tributos. Por isso, voc\u00ea e <a href=\"https:\/\/www.contabilizei.com.br\/contabilidade-online\/o-que-levar-em-conta-na-hora-de-contratar-um-contador\/\">seu contador<\/a> devem manter um controle r\u00edgido a fim de que nenhum pagamento seja feito com atraso.<\/p>\n\n\n\n<p>As multas e juros que incidem sobre esses impostos significam desperd\u00edcio de dinheiro e podem tornar seus problemas financeiros uma verdadeira bola de neve. N\u00e3o deixe que suas finan\u00e7as cheguem nesse estado!<\/p>\n\n\n\n<p>Outro ponto importante aqui \u00e9 <strong>se certificar de que est\u00e1 pagando os impostos certos<\/strong>. Para isso, seu contador deve analisar seu regime tribut\u00e1rio e os CNAEs escolhidos.<\/p>\n\n\n\n<h3 class=\"wp-block-heading\">Fa\u00e7a o controle de entradas e sa\u00eddas<\/h3>\n\n\n\n<p>Qualquer que seja o seu modelo de gest\u00e3o financeira, voc\u00ea precisa entender quais s\u00e3o as contas a pagar e receber, pois \u00e9 imposs\u00edvel fazer proje\u00e7\u00f5es para o seu trabalho, e, at\u00e9 mesmo, para sua vida pessoal sem essas informa\u00e7\u00f5es.<\/p>\n\n\n\n<p>Despesas fixas, como \u00e1gua e aluguel, devem ser anotadas, pois elas n\u00e3o deixam de chegar e s\u00e3o essenciais. As vari\u00e1veis, como eventuais compras de equipamentos, gastos com combust\u00edvel e energia el\u00e9trica tamb\u00e9m devem entrar na conta &#8211; especialmente se em seu contrato de presta\u00e7\u00e3o de servi\u00e7o estiver previsto fazer home office.<\/p>\n\n\n\n<p>O objetivo aqui \u00e9 controlar todas as suas movimenta\u00e7\u00f5es financeiras, tanto de entrada quanto de sa\u00edda para <strong>entender quanto voc\u00ea precisa ganhar<\/strong>. Isso deve ser feito periodicamente \u2014 voc\u00ea pode faz\u00ea-lo semanal, quinzenal ou mensalmente, de modo que identifique, em tempo h\u00e1bil, quanto precisa ganhar e quanto precisa economizar.<\/p>\n\n\n\n<h3 class=\"wp-block-heading\">Gerencie seus contratos<\/h3>\n\n\n\n<p>Como PJ, voc\u00ea tamb\u00e9m deve fazer uma boa gest\u00e3o de contratos. Afinal, as empresas para as quais voc\u00ea presta servi\u00e7os s\u00e3o sua fonte de renda e a manuten\u00e7\u00e3o do relacionamento com elas \u00e9 o que garante a sa\u00fade financeira. Portanto, fazer networking, respeitar os prazos de entregas e buscar aprimoramento cont\u00ednuo s\u00e3o requisitos importantes para voc\u00ea prosperar.<\/p>\n\n\n\n<p>Tenha em mente que, para a divulga\u00e7\u00e3o do trabalho de um PJ, poucas a\u00e7\u00f5es funcionam t\u00e3o bem quanto a propaganda &#8220;boca a boca&#8221;. <strong>Deixe seus contratantes satisfeitos: assim, eles mant\u00eam o fluxo de contratos e divulgam seus servi\u00e7os para parceiros.<\/strong><\/p>\n\n\n\n<h3 class=\"wp-block-heading\">Alimente a sua aposentadoria<\/h3>\n\n\n\n<p>Embora seja prov\u00e1vel que voc\u00ea far\u00e1 mais dinheiro como PJ, \u00e9 preciso assegurar qualidade de vida para o seu futuro.<\/p>\n\n\n\n<p>O <a href=\"https:\/\/www.contabilizei.com.br\/contabilidade-online\/o-que-e-o-pro-labore\/\">pr\u00f3-labore<\/a>, que engloba a contribui\u00e7\u00e3o previdenci\u00e1ria, \u00e9 obrigat\u00f3rio para todos os regimes tribut\u00e1rios, ou seja, de certa forma, voc\u00ea continua a contribuir mensalmente com a sua aposentadoria do INSS. Vamos falar mais sobre isso a seguir.<\/p>\n\n\n\n<p>Ainda assim, um investimento que incremente o valor de sua aposentadoria \u00e9 muito bem-vindo. Por exemplo, voc\u00ea pode separar cerca de 8% do que ganha mensalmente para aplicar em um fundo de <a href=\"https:\/\/www.mongeralaegon.com.br\/\" target=\"_blank\" rel=\"noreferrer noopener\">previd\u00eancia privada<\/a>.<\/p>\n\n\n\n<h2 class=\"wp-block-heading\" class=\"wp-block-heading\" id=\"o-que-e-o-pro-labore\">O que \u00e9 o pr\u00f3-labore?<\/h2>\n\n\n\n<p>O pr\u00f3-labore \u00e9 o sal\u00e1rio que o s\u00f3cio-administrador do CNPJ deve receber mensalmente, a partir do momento que o neg\u00f3cio come\u00e7a a ter faturamento.<\/p>\n\n\n\n<p>A lei n\u00e3o especifica um valor, cabendo a voc\u00ea e seu contador determin\u00e1-lo. A \u00fanica regra \u00e9 que ele n\u00e3o pode ser inferior ao sal\u00e1rio m\u00ednimo vigente.<\/p>\n\n\n\n<p>Vale lembrar que a <strong>retirada de pr\u00f3-labore mensal n\u00e3o deve ser confundida com a distribui\u00e7\u00e3o de lucros da empresa<\/strong> que acontece ao final de cada ano, com o fechamento do balan\u00e7o patrimonial pela contabilidade.<\/p>\n\n\n\n<p>A d\u00favida que sempre fica sobre esse assunto \u00e9 se h\u00e1 obrigatoriedade dos s\u00f3cios administradores retirarem o pr\u00f3-labore. A resposta \u00e9 sim, a retirada \u00e9 obrigat\u00f3ria!<\/p>\n\n\n\n<h2 class=\"wp-block-heading\" class=\"wp-block-heading\" id=\"como-posso-melhorar-minha-gestao-financeira-como-pj\">Como posso melhorar minha gest\u00e3o financeira como PJ?<\/h2>\n\n\n\n<p>Agora que voc\u00ea j\u00e1 conhece alguns conceitos b\u00e1sicos para o gerenciamento das suas finan\u00e7as, est\u00e1 na hora de aprender como coloc\u00e1-los em pr\u00e1tica.<\/p>\n\n\n\n<blockquote class=\"wp-block-quote is-layout-flow wp-block-quote-is-layout-flow\">\n<p><\/p>\n<cite>Veja aqui mais algumas dicas, saiba como calcular seu <a href=\"https:\/\/www.contabilizei.com.br\/contabilizei-responde\/como-calcular-salario-de-PJ\/\" target=\"_blank\" rel=\"noreferrer noopener\">sal\u00e1rio PJ<\/a><\/cite><\/blockquote>\n\n\n\n<h3 class=\"wp-block-heading\">Fa\u00e7a um planejamento<\/h3>\n\n\n\n<p>Como j\u00e1 dissemos, a gest\u00e3o financeira para PJ aborda uma vis\u00e3o muito mais estrat\u00e9gica. Por isso, \u00e9 preciso planejar e direcionar suas a\u00e7\u00f5es. Defina claramente quais s\u00e3o os seus objetivos com o seu trabalho e estipule metas para que se concretizem.<\/p>\n\n\n\n<p>Voc\u00ea precisar\u00e1 fazer um curso? Essas tarefas dependem da contrata\u00e7\u00e3o de algu\u00e9m ou da aquisi\u00e7\u00e3o de algum equipamento? Quanto e quando ser\u00e1 necess\u00e1rio investir? O que se espera receber em cada etapa? Reflita periodicamente sobre seus planos.<\/p>\n\n\n\n<p>Boa parte da gest\u00e3o financeira \u00e9 sobre organiza\u00e7\u00e3o e entender os seus objetivos.<\/p>\n\n\n\n<h3 class=\"wp-block-heading\">Utilize a tecnologia<\/h3>\n\n\n\n<p>Felizmente, <strong>a tecnologia pode ajudar<\/strong> oferecendo uma s\u00e9rie de recursos que otimizam as tarefas do seu dia a dia. Essas ferramentas permitem, por exemplo, cuidar da sua contabilidade de forma simples e pr\u00e1tica. E tamb\u00e9m h\u00e1 palataformas de gest\u00e3o financeira como da startup <a href=\"https:\/\/celero.com.br\/\" target=\"_blank\" rel=\"noreferrer noopener\">Celero<\/a>, por exemplo,<\/p>\n\n\n\n<p>__Os servi\u00e7os de contabilidade online permitem que todas essas tarefas cont\u00e1beis que indicamos aqui sejam feitas com facilidade e \u00f3timo custo-benef\u00edcio. __<\/p>\n\n\n\n<blockquote class=\"wp-block-quote is-layout-flow wp-block-quote-is-layout-flow\">\n<p><\/p>\n<cite>Quer ser PJ? Veja aqui sobre <a href=\"https:\/\/www.contabilizei.com.br\/contabilidade-online\/desconto-pj\/\" target=\"_blank\" rel=\"noreferrer noopener\">desconto PJ<\/a><\/cite><\/blockquote>\n\n\n\n<h2 class=\"wp-block-heading\" class=\"wp-block-heading\" id=\"por-que-contratar-uma-contabilidade-online\">Por que contratar uma contabilidade online?<\/h2>\n\n\n\n<p>O apoio de um servi\u00e7o de contabilidade online \u00e9 um passo importante para que as opera\u00e7\u00f5es de uma Pessoa Jur\u00eddica ocorram dentro da legalidade. Al\u00e9m disso, essa tecnologia permite que voc\u00ea ganhe mais tempo para se dedicar ao seu trabalho e vida pessoal j\u00e1 que automatiza as obriga\u00e7\u00f5es que um PJ deve cumprir (como a emiss\u00e3o de NF-e, por exemplo).<\/p>\n\n\n\n<p>Por mais que na pr\u00e1tica os conceitos sejam bem menos complicados do que parecem, contar com a tecnologia torna tudo mais f\u00e1cil.<\/p>\n\n\n\n<p>Dar a devida import\u00e2ncia \u00e0 sua vida financeira \u00e9 uma das etapas que fazem toda a diferen\u00e7a para se dar bem como PJ.<\/p>\n\n\n\n<p>Se voc\u00ea gostou destas dicas e est\u00e1 considerando migrar para a presta\u00e7\u00e3o de servi\u00e7o com CNPJ ou j\u00e1 atua dessa forma, <a href=\"https:\/\/www.contabilizei.com.br\/calculadora-clt-pj\/\">que tal comparar quanto voc\u00ea precisa ganhar trabalhando com carteira registrada, CNPJ ou como aut\u00f4nomo? Baixe nossa calculadora e descubra!<\/a><\/p>\n","protected":false},"excerpt":{"rendered":"<p>A gest\u00e3o financeira para PJ n\u00e3o precisa ser um bicho de sete cabe\u00e7as. Aqui voc\u00ea vai entender alguns conceitos b\u00e1sicos para descomplic\u00e1-la e vai aprender dicas para colocar em pr\u00e1tica!<\/p>\n","protected":false},"author":62,"featured_media":994,"comment_status":"open","ping_status":"closed","sticky":false,"template":"","format":"standard","meta":{"footnotes":""},"categories":[241],"tags":[],"cta-tags":[],"acf":[],"yoast_head":"<!-- This site is optimized with the Yoast SEO plugin v24.5 - https:\/\/yoast.com\/wordpress\/plugins\/seo\/ -->\n<title>Tudo o que voc\u00ea precisa saber sobre gest\u00e3o financeira para PJ | Blog da Contabilizei<\/title>\n<meta name=\"description\" content=\"Come\u00e7ou a trabalhar como PJ? Melhor ficar atento com o seu financeiro. Neste post contamos tudo o que voc\u00ea precisa saber sobre gest\u00e3o financeira para PJs!\" \/>\n<meta name=\"robots\" content=\"index, follow\" \/>\n<link rel=\"canonical\" href=\"https:\/\/www.contabilizei.com.br\/contabilidade-online\/gestao-financeira-para-pj-o-que-voce-precisa-saber\/\" \/>\n<meta property=\"og:locale\" content=\"pt_BR\" \/>\n<meta property=\"og:type\" content=\"article\" \/>\n<meta property=\"og:title\" content=\"Tudo o que voc\u00ea precisa saber sobre gest\u00e3o financeira para PJ | Blog da Contabilizei\" \/>\n<meta property=\"og:description\" content=\"Come\u00e7ou a trabalhar como PJ? Melhor ficar atento com o seu financeiro. Neste post contamos tudo o que voc\u00ea precisa saber sobre gest\u00e3o financeira para PJs!\" \/>\n<meta property=\"og:url\" content=\"https:\/\/www.contabilizei.com.br\/contabilidade-online\/gestao-financeira-para-pj-o-que-voce-precisa-saber\/\" \/>\n<meta property=\"og:site_name\" content=\"Blog da Contabilizei\" \/>\n<meta property=\"article:publisher\" content=\"https:\/\/www.facebook.com\/Contabilizei\/\" \/>\n<meta property=\"article:author\" content=\"https:\/\/www.facebook.com\/Contabilizei\/\" \/>\n<meta property=\"article:published_time\" content=\"2019-06-14T03:00:00+00:00\" \/>\n<meta property=\"article:modified_time\" content=\"2025-08-25T12:50:26+00:00\" \/>\n<meta property=\"og:image\" content=\"https:\/\/www.contabilizei.com.br\/contabilidade-online\/wp-content\/uploads\/2019\/09\/GettyImages-818435778.jpg\" \/>\n\t<meta property=\"og:image:width\" content=\"1601\" \/>\n\t<meta property=\"og:image:height\" content=\"1201\" \/>\n\t<meta property=\"og:image:type\" content=\"image\/jpeg\" \/>\n<meta name=\"author\" content=\"Vitor Torres\" \/>\n<meta name=\"twitter:card\" content=\"summary_large_image\" \/>\n<meta name=\"twitter:creator\" content=\"@contabilizei\" \/>\n<meta name=\"twitter:site\" content=\"@contabilizei\" \/>\n<meta name=\"twitter:label1\" content=\"Escrito por\" \/>\n\t<meta name=\"twitter:data1\" content=\"Vitor Torres\" \/>\n\t<meta name=\"twitter:label2\" content=\"Est. tempo de leitura\" \/>\n\t<meta name=\"twitter:data2\" content=\"17 minutos\" \/>\n<!-- \/ Yoast SEO plugin. -->","yoast_head_json":{"title":"Tudo o que voc\u00ea precisa saber sobre gest\u00e3o financeira para PJ | Blog da Contabilizei","description":"Come\u00e7ou a trabalhar como PJ? Melhor ficar atento com o seu financeiro. Neste post contamos tudo o que voc\u00ea precisa saber sobre gest\u00e3o financeira para PJs!","robots":{"index":"index","follow":"follow"},"canonical":"https:\/\/www.contabilizei.com.br\/contabilidade-online\/gestao-financeira-para-pj-o-que-voce-precisa-saber\/","og_locale":"pt_BR","og_type":"article","og_title":"Tudo o que voc\u00ea precisa saber sobre gest\u00e3o financeira para PJ | Blog da Contabilizei","og_description":"Come\u00e7ou a trabalhar como PJ? Melhor ficar atento com o seu financeiro. Neste post contamos tudo o que voc\u00ea precisa saber sobre gest\u00e3o financeira para PJs!","og_url":"https:\/\/www.contabilizei.com.br\/contabilidade-online\/gestao-financeira-para-pj-o-que-voce-precisa-saber\/","og_site_name":"Blog da Contabilizei","article_publisher":"https:\/\/www.facebook.com\/Contabilizei\/","article_author":"https:\/\/www.facebook.com\/Contabilizei\/","article_published_time":"2019-06-14T03:00:00+00:00","article_modified_time":"2025-08-25T12:50:26+00:00","og_image":[{"width":1601,"height":1201,"url":"https:\/\/www.contabilizei.com.br\/contabilidade-online\/wp-content\/uploads\/2019\/09\/GettyImages-818435778.jpg","type":"image\/jpeg"}],"author":"Vitor Torres","twitter_card":"summary_large_image","twitter_creator":"@contabilizei","twitter_site":"@contabilizei","twitter_misc":{"Escrito por":"Vitor Torres","Est. tempo de leitura":"17 minutos"},"schema":{"@context":"https:\/\/schema.org","@graph":[{"@type":"Article","@id":"https:\/\/www.contabilizei.com.br\/contabilidade-online\/gestao-financeira-para-pj-o-que-voce-precisa-saber\/#article","isPartOf":{"@id":"https:\/\/www.contabilizei.com.br\/contabilidade-online\/gestao-financeira-para-pj-o-que-voce-precisa-saber\/"},"author":{"name":"Vitor Torres","@id":"https:\/\/www.contabilizei.com.br\/contabilidade-online\/#\/schema\/person\/87b4deaa44cff57e9234db891c5f72c0"},"headline":"Gest\u00e3o financeira para PJ: o que voc\u00ea precisa saber","datePublished":"2019-06-14T03:00:00+00:00","dateModified":"2025-08-25T12:50:26+00:00","mainEntityOfPage":{"@id":"https:\/\/www.contabilizei.com.br\/contabilidade-online\/gestao-financeira-para-pj-o-que-voce-precisa-saber\/"},"wordCount":1619,"commentCount":0,"publisher":{"@id":"https:\/\/www.contabilizei.com.br\/contabilidade-online\/#organization"},"image":{"@id":"https:\/\/www.contabilizei.com.br\/contabilidade-online\/gestao-financeira-para-pj-o-que-voce-precisa-saber\/#primaryimage"},"thumbnailUrl":"https:\/\/www.contabilizei.com.br\/contabilidade-online\/wp-content\/uploads\/2019\/09\/GettyImages-818435778.jpg?wsr","articleSection":["Comparativo CLT X PJ"],"inLanguage":"pt-BR","potentialAction":[{"@type":"CommentAction","name":"Comment","target":["https:\/\/www.contabilizei.com.br\/contabilidade-online\/gestao-financeira-para-pj-o-que-voce-precisa-saber\/#respond"]}]},{"@type":"WebPage","@id":"https:\/\/www.contabilizei.com.br\/contabilidade-online\/gestao-financeira-para-pj-o-que-voce-precisa-saber\/","url":"https:\/\/www.contabilizei.com.br\/contabilidade-online\/gestao-financeira-para-pj-o-que-voce-precisa-saber\/","name":"Tudo o que voc\u00ea precisa saber sobre gest\u00e3o financeira para PJ | Blog da Contabilizei","isPartOf":{"@id":"https:\/\/www.contabilizei.com.br\/contabilidade-online\/#website"},"primaryImageOfPage":{"@id":"https:\/\/www.contabilizei.com.br\/contabilidade-online\/gestao-financeira-para-pj-o-que-voce-precisa-saber\/#primaryimage"},"image":{"@id":"https:\/\/www.contabilizei.com.br\/contabilidade-online\/gestao-financeira-para-pj-o-que-voce-precisa-saber\/#primaryimage"},"thumbnailUrl":"https:\/\/www.contabilizei.com.br\/contabilidade-online\/wp-content\/uploads\/2019\/09\/GettyImages-818435778.jpg?wsr","datePublished":"2019-06-14T03:00:00+00:00","dateModified":"2025-08-25T12:50:26+00:00","description":"Come\u00e7ou a trabalhar como PJ? Melhor ficar atento com o seu financeiro. Neste post contamos tudo o que voc\u00ea precisa saber sobre gest\u00e3o financeira para PJs!","breadcrumb":{"@id":"https:\/\/www.contabilizei.com.br\/contabilidade-online\/gestao-financeira-para-pj-o-que-voce-precisa-saber\/#breadcrumb"},"inLanguage":"pt-BR","potentialAction":[{"@type":"ReadAction","target":["https:\/\/www.contabilizei.com.br\/contabilidade-online\/gestao-financeira-para-pj-o-que-voce-precisa-saber\/"]}]},{"@type":"ImageObject","inLanguage":"pt-BR","@id":"https:\/\/www.contabilizei.com.br\/contabilidade-online\/gestao-financeira-para-pj-o-que-voce-precisa-saber\/#primaryimage","url":"https:\/\/www.contabilizei.com.br\/contabilidade-online\/wp-content\/uploads\/2019\/09\/GettyImages-818435778.jpg?wsr","contentUrl":"https:\/\/www.contabilizei.com.br\/contabilidade-online\/wp-content\/uploads\/2019\/09\/GettyImages-818435778.jpg?wsr","width":1601,"height":1201},{"@type":"BreadcrumbList","@id":"https:\/\/www.contabilizei.com.br\/contabilidade-online\/gestao-financeira-para-pj-o-que-voce-precisa-saber\/#breadcrumb","itemListElement":[{"@type":"ListItem","position":1,"name":"Home","item":"https:\/\/www.contabilizei.com.br\/contabilidade-online\/"},{"@type":"ListItem","position":2,"name":"Comparativo CLT X PJ","item":"https:\/\/www.contabilizei.com.br\/contabilidade-online\/tudo-sobre-clt-x-pj\/"},{"@type":"ListItem","position":3,"name":"Gest\u00e3o financeira para PJ: o que voc\u00ea precisa saber"}]},{"@type":"WebSite","@id":"https:\/\/www.contabilizei.com.br\/contabilidade-online\/#website","url":"https:\/\/www.contabilizei.com.br\/contabilidade-online\/","name":"Blog da Contabilizei","description":"Apoiando o empreendedorismo desde 2013","publisher":{"@id":"https:\/\/www.contabilizei.com.br\/contabilidade-online\/#organization"},"potentialAction":[{"@type":"SearchAction","target":{"@type":"EntryPoint","urlTemplate":"https:\/\/www.contabilizei.com.br\/contabilidade-online\/?s={search_term_string}"},"query-input":{"@type":"PropertyValueSpecification","valueRequired":true,"valueName":"search_term_string"}}],"inLanguage":"pt-BR"},{"@type":"Organization","@id":"https:\/\/www.contabilizei.com.br\/contabilidade-online\/#organization","name":"Contabilizei Contabilidade","url":"https:\/\/www.contabilizei.com.br\/contabilidade-online\/","logo":{"@type":"ImageObject","inLanguage":"pt-BR","@id":"https:\/\/www.contabilizei.com.br\/contabilidade-online\/#\/schema\/logo\/image\/","url":"","contentUrl":"","caption":"Contabilizei Contabilidade"},"image":{"@id":"https:\/\/www.contabilizei.com.br\/contabilidade-online\/#\/schema\/logo\/image\/"},"sameAs":["https:\/\/www.facebook.com\/Contabilizei\/","https:\/\/x.com\/contabilizei","https:\/\/www.instagram.com\/contabilizei\/","https:\/\/www.linkedin.com\/company\/contabilizei\/","https:\/\/www.youtube.com\/channel\/UCNAlIbSjWxrDLDllQUug8dA","https:\/\/pt.wikipedia.org\/wiki\/Contabilizei"]},{"@type":"Person","@id":"https:\/\/www.contabilizei.com.br\/contabilidade-online\/#\/schema\/person\/87b4deaa44cff57e9234db891c5f72c0","name":"Vitor Torres","image":{"@type":"ImageObject","inLanguage":"pt-BR","@id":"https:\/\/www.contabilizei.com.br\/contabilidade-online\/#\/schema\/person\/image\/","url":"https:\/\/secure.gravatar.com\/avatar\/4d123a72e5de57b92b84e56ac1baa6f6?s=96&d=mm&r=g","contentUrl":"https:\/\/secure.gravatar.com\/avatar\/4d123a72e5de57b92b84e56ac1baa6f6?s=96&d=mm&r=g","caption":"Vitor Torres"},"description":"Vitor Torres \u00e9 fundador e presidente da Contabilizei desde 2013, quando iniciou uma revolu\u00e7\u00e3o ao liderar o movimento de desburocratiza\u00e7\u00e3o da contabilidade no pa\u00eds, tendo alcan\u00e7ado a lideran\u00e7a no segmento durante essa jornada. Hoje tem o prop\u00f3sito de simplificar a vida dos micros e pequenos empreendedores e fortalecer o futuro de cada um dos 100 mil clientes da companhia, transformando o cen\u00e1rio do empreendedorismo no Brasil. O executivo \u00e9 formado em Administra\u00e7\u00e3o pela Universidade Positivo, possui forma\u00e7\u00e3o executiva em Lideran\u00e7a em Escala pela INSEAD, realizou um MBA de Administra\u00e7\u00e3o e Neg\u00f3cios pela Columbia Business School e participou de um Programa de Lideran\u00e7a Executiva em Neg\u00f3cios pela Stanford University Graduate School of Business. Em 2016, foi selecionado como Empreendedor Endeavor. Re\u00fane experi\u00eancia na \u00e1rea de consultoria e an\u00e1lise de neg\u00f3cios, tendo apoiado de forma pioneira no desenvolvimento do ecossistema de startups.","sameAs":["http:\/\/contabilizei.com.br","https:\/\/www.facebook.com\/Contabilizei\/","https:\/\/www.instagram.com\/contabilizei\/","https:\/\/www.linkedin.com\/company\/contabilizei\/","https:\/\/www.youtube.com\/channel\/UCNAlIbSjWxrDLDllQUug8dA"],"url":"https:\/\/www.contabilizei.com.br\/contabilidade-online\/autor\/vitor-torres\/"}]}},"_links":{"self":[{"href":"https:\/\/www.contabilizei.com.br\/contabilidade-online\/wp-json\/wp\/v2\/posts\/1567"}],"collection":[{"href":"https:\/\/www.contabilizei.com.br\/contabilidade-online\/wp-json\/wp\/v2\/posts"}],"about":[{"href":"https:\/\/www.contabilizei.com.br\/contabilidade-online\/wp-json\/wp\/v2\/types\/post"}],"author":[{"embeddable":true,"href":"https:\/\/www.contabilizei.com.br\/contabilidade-online\/wp-json\/wp\/v2\/users\/62"}],"replies":[{"embeddable":true,"href":"https:\/\/www.contabilizei.com.br\/contabilidade-online\/wp-json\/wp\/v2\/comments?post=1567"}],"version-history":[{"count":0,"href":"https:\/\/www.contabilizei.com.br\/contabilidade-online\/wp-json\/wp\/v2\/posts\/1567\/revisions"}],"wp:featuredmedia":[{"embeddable":true,"href":"https:\/\/www.contabilizei.com.br\/contabilidade-online\/wp-json\/wp\/v2\/media\/994"}],"wp:attachment":[{"href":"https:\/\/www.contabilizei.com.br\/contabilidade-online\/wp-json\/wp\/v2\/media?parent=1567"}],"wp:term":[{"taxonomy":"category","embeddable":true,"href":"https:\/\/www.contabilizei.com.br\/contabilidade-online\/wp-json\/wp\/v2\/categories?post=1567"},{"taxonomy":"post_tag","embeddable":true,"href":"https:\/\/www.contabilizei.com.br\/contabilidade-online\/wp-json\/wp\/v2\/tags?post=1567"},{"taxonomy":"cta-tags","embeddable":true,"href":"https:\/\/www.contabilizei.com.br\/contabilidade-online\/wp-json\/wp\/v2\/cta-tags?post=1567"}],"curies":[{"name":"wp","href":"https:\/\/api.w.org\/{rel}","templated":true}]}}