{"id":1561,"date":"2019-06-03T00:00:00","date_gmt":"2019-06-03T03:00:00","guid":{"rendered":"http:\/\/blog-dev-novo.contabilizei.com\/o-que-preciso-saber-para-ser-pj\/"},"modified":"2024-07-29T14:34:20","modified_gmt":"2024-07-29T17:34:20","slug":"o-que-preciso-saber-para-ser-pj","status":"publish","type":"post","link":"https:\/\/www.contabilizei.com.br\/contabilidade-online\/o-que-preciso-saber-para-ser-pj\/","title":{"rendered":"O que preciso saber para ser PJ?"},"content":{"rendered":"\n<p>\u201cCom grandes poderes v\u00eam grandes responsabilidades\u201d, essa \u00e9 a sensa\u00e7\u00e3o dos profissionais que migram do regime CLT para a presta\u00e7\u00e3o de servi\u00e7o como <strong><a href=\"https:\/\/www.contabilizei.com.br\/contabilidade-online\/pessoa-juridica\/\">pessoa jur\u00eddica<\/a><\/strong>. De fato, os \u201cpoderes\u201d aumentam e se traduzem em mais liberdade, hor\u00e1rios flex\u00edveis, oportunidades, ofertas melhores, entre outros.<\/p>\n\n\n\n<p>J\u00e1 as responsabilidades moram nas obriga\u00e7\u00f5es que o acompanham nessa nova rotina. Emitir nota fiscal e pagar impostos geralmente s\u00e3o as mais conhecidas, mas existem outras t\u00e3o importantes quanto e que n\u00e3o s\u00e3o t\u00e3o populares.<\/p>\n\n\n\n<blockquote class=\"wp-block-quote is-layout-flow wp-block-quote-is-layout-flow\">\n<p>Recebeu uma proposta PJ? Conhe\u00e7a o passo a passo gratuito da Contabilizei para entender se o modelo de PJ faz sentido para voc\u00ea. Acesse clicando <a href=\"https:\/\/www.contabilizei.com.br\/contabilidade-online\/trilha-de-conhecimento\/analise-de-proposta-pj\/\" target=\"_blank\" rel=\"noreferrer noopener\">aqui<\/a>.<\/p>\n<\/blockquote>\n\n\n\n<p>Por\u00e9m, isso n\u00e3o significa que seu cotidiano como PJ precisa ser complicado. Estamos aqui justamente para ajudar a <strong>desburocratizar esses processos<\/strong>!<\/p>\n\n\n\n<p>Aqui estamos falando das obriga\u00e7\u00f5es de quem j\u00e1 abriu uma empresa, por isso nesse conte\u00fado n\u00e3o abordaremos isso. Mas, \u00e9 claro, que dar in\u00edcio no processo de abertura do CNPJ \u00e9 a primeira coisa a ser feita.<\/p>\n\n\n\n<p>Ent\u00e3o vamos direto ao ponto: <strong>o que voc\u00ea precisa saber sobre sua rotina como PJ (<a href=\"https:\/\/www.contabilizei.com.br\/contabilidade-online\/pessoa-juridica\/\">Pessoa Jur\u00eddica<\/a>)?<\/strong><\/p>\n\n\n<div id=\"download-materiais\">\n<div id=\"aviso-material-baixado\">\n<div class=\"col-md-12 obrigado\">\n<h3>Obrigado<\/h3>\n<\/p><\/div>\n<\/p><\/div>\n<div class=\"entre-contabilizei\">\n<h3>Guia definitivo para ser PJ<br \/><span>Baixe agora mesmo!<\/span><\/h3>\n\n<div class=\"wpcf7 no-js\" id=\"wpcf7-f2872-o1\" lang=\"pt-BR\" dir=\"ltr\">\n<div class=\"screen-reader-response\"><p role=\"status\" aria-live=\"polite\" aria-atomic=\"true\"><\/p> <ul><\/ul><\/div>\n<form action=\"\/contabilidade-online\/wp-json\/wp\/v2\/posts\/1561#wpcf7-f2872-o1\" method=\"post\" class=\"wpcf7-form init demo\" aria-label=\"Formul\u00e1rios de contato\" novalidate=\"novalidate\" data-status=\"init\">\n<div style=\"display: none;\">\n<input type=\"hidden\" name=\"_wpcf7\" value=\"2872\" \/>\n<input type=\"hidden\" name=\"_wpcf7_version\" value=\"5.9.8\" \/>\n<input type=\"hidden\" name=\"_wpcf7_locale\" value=\"pt_BR\" \/>\n<input type=\"hidden\" name=\"_wpcf7_unit_tag\" value=\"wpcf7-f2872-o1\" \/>\n<input type=\"hidden\" name=\"_wpcf7_container_post\" value=\"0\" \/>\n<input type=\"hidden\" name=\"_wpcf7_posted_data_hash\" value=\"\" \/>\n<input type=\"hidden\" name=\"_wpcf7dtx_version\" value=\"5.0.5\" \/>\n<\/div>\n<p><span class=\"wpcf7-form-control-wrap\" data-name=\"your-email\"><input size=\"40\" maxlength=\"400\" class=\"wpcf7-form-control wpcf7-email wpcf7-validates-as-required wpcf7-text wpcf7-validates-as-email email-news\" aria-required=\"true\" aria-invalid=\"false\" placeholder=\"seu e-mail\" value=\"\" type=\"email\" name=\"your-email\" \/><\/span><br \/>\n<span id=\"wpcf7-69f485ee6abdc-wrapper\" class=\"wpcf7-form-control-wrap honeypot-559-wrap\" style=\"display:none !important; visibility:hidden !important;\"><label for=\"wpcf7-69f485ee6abdc-field\" class=\"hp-message\">Please leave this field empty.<\/label><input id=\"wpcf7-69f485ee6abdc-field\"  class=\"wpcf7-form-control wpcf7-text\" type=\"text\" name=\"honeypot-559\" value=\"\" size=\"40\" tabindex=\"-1\" autocomplete=\"new-password\" \/><\/span><br \/>\n<input class=\"wpcf7-form-control wpcf7-submit has-spinner bt bt-pequeno bt-secondary\" type=\"submit\" value=\"BAIXE AGORA!\" \/><img loading=\"lazy\" decoding=\"async\" width=\"42\" height=\"36\" src=\"\/contabilidade-online\/wp-content\/uploads\/2019\/09\/logo-contabilizei-icon.png\" alt=\"Entre para a Contabilizei\" \/>\n<\/p>\n<p><script type=\"text\/javascript\">\njQuery(function(){\n\tdocument.addEventListener( 'wpcf7mailsent', function( event ) { \n if ( '2872' == event.detail.contactFormId ) {\n\t jQuery(\"#aviso-material-baixado\").css(\"display\", \"block\"); \n var material= 'https:\/\/cdn2.hubspot.net\/hubfs\/547564\/landing-pages\/Guia%20para%20quem%20n%C3%A3o%20pode%20ser%20MEI.pdf';\n window.open(material,\"_blank\");\n } \n\t}, false );\n})\n<\/script>\n<\/p><div class=\"wpcf7-response-output\" aria-hidden=\"true\"><\/div>\n<\/form>\n<\/div>\n<\/div>\n<\/div>\n\n\n\n<h2 class=\"wp-block-heading\" class=\"wp-block-heading\" id=\"emissao-de-nota-fiscal\">Emiss\u00e3o de nota fiscal<\/h2>\n\n\n\n<p>Para todo servi\u00e7o prestado, deve ser <a title=\"Emissor gratuito de NFS-e\" href=\"https:\/\/www.contabilizei.com.br\/emissor-gratuito-nfs-e\/\">emitida uma nota fiscal<\/a>. \u00c9 importante frisar que se trata de algo opcional, e sim uma obriga\u00e7\u00e3o.<\/p>\n\n\n\n<p>\u00c9 nela onde as informa\u00e7\u00f5es do trabalho realizado estar\u00e3o. Al\u00e9m disso, essas informa\u00e7\u00f5es ser\u00e3o utilizadas para que seus impostos sejam gerados corretamente.<\/p>\n\n\n\n<h2 class=\"wp-block-heading\" class=\"wp-block-heading\" id=\"pagamento-de-impostos\">Pagamento de impostos<\/h2>\n\n\n\n<p>Com a empresa aberta, voc\u00ea ser\u00e1 enquadrado no regime tribut\u00e1rio mais adequado \u00e0 atividade que vai exercer. Esse enquadramento vai, basicamente, ditar <a href=\"https:\/\/www.contabilizei.com.br\/contabilidade-online\/como-pagar-menos-impostos-sendo-pj\/\" target=\"_blank\" rel=\"noreferrer noopener\">quanto imposto voc\u00ea vai pagar<\/a>.<\/p><div id=\"conta-4150479681\" class=\"cta-bulk ga-cta-imagem-conteudo conta-cont-6p-cta-bulk conta-entity-placement\" style=\"margin-top: 30px;margin-bottom: 30px;\"><a href=\"https:\/\/www.contabilizei.com.br\/abrir-empresa\/\" aria-label=\"01\"><img loading=\"lazy\" decoding=\"async\" src=\"https:\/\/www.contabilizei.com.br\/contabilidade-online\/wp-content\/uploads\/2021\/07\/01.jpg?wsr\" alt=\"\"  srcset=\"https:\/\/www.contabilizei.com.br\/contabilidade-online\/wp-content\/uploads\/2021\/07\/01.jpg 615w, https:\/\/www.contabilizei.com.br\/contabilidade-online\/wp-content\/uploads\/2021\/07\/01-300x146.jpg 300w\" sizes=\"(max-width: 615px) 100vw, 615px\" width=\"615\" height=\"300\"  style=\"display: inline-block;\" \/><\/a><\/div>\n\n\n\n<p>As guias de impostos ser\u00e3o geradas pelo seu contador ap\u00f3s o fechamento do m\u00eas e tudo que voc\u00ea precisa fazer \u00e9 pag\u00e1-las. Viu como \u00e9 mais simples do que dizem por a\u00ed?<\/p>\n\n\n\n<h2 class=\"wp-block-heading\" class=\"wp-block-heading\" id=\"registro-de-movimentacoes\">Registro de movimenta\u00e7\u00f5es<\/h2>\n\n\n\n<p>Registrar as despesas do seu CNPJ \u00e9 uma boa pr\u00e1tica para controlar para onde est\u00e1 indo o seu dinheiro. Al\u00e9m disso, \u00e9 essencial que comprove as entradas e sa\u00eddas financeiras da sua empresa para ficar em dia com os \u00f3rg\u00e3os reguladores.<\/p>\n\n\n\n<h2 class=\"wp-block-heading\" class=\"wp-block-heading\" id=\"contribuicao-com-o-inss\">Contribui\u00e7\u00e3o com o INSS<\/h2>\n\n\n\n<p>Lembra daquele senso-comum que ao virar PJ todos os direitos s\u00e3o perdidos? Essa \u00e9 mais uma prova de que n\u00e3o funciona bem assim. Como <a href=\"https:\/\/www.contabilizei.com.br\/contabilidade-online\/pessoa-juridica\/\">Pessoa Jur\u00eddica<\/a>, voc\u00ea ter\u00e1 o pr\u00f3-labore, que ser\u00e1 como o seu \u201csal\u00e1rio\u201d.<\/p>\n\n\n\n<p>Com a retirada do pr\u00f3-labore, voc\u00ea gera a GPS, que \u00e9 a <a title=\"C\u00e1lculo da Guia da Previd\u00eancia Social\" href=\"https:\/\/www.inss.gov.br\/servicos-do-inss\/calculo-da-guia-da-previdencia-social-gps\/\">Guia da Previd\u00eancia Social<\/a>. Da\u00ed \u00e9 s\u00f3 determinar o valor da contribui\u00e7\u00e3o com o INSS e pagar.<\/p>\n\n\n\n<blockquote class=\"wp-block-quote is-layout-flow wp-block-quote-is-layout-flow\">\n<p><\/p>\n<cite>Saiba mais sobre seu <a href=\"https:\/\/www.contabilizei.com.br\/contabilizei-responde\/como-calcular-salario-de-PJ\/\" target=\"_blank\" rel=\"noreferrer noopener\">sal\u00e1rio PJ<\/a><\/cite><\/blockquote>\n\n\n\n\n\n<h2 class=\"wp-block-heading\" class=\"wp-block-heading\" id=\"contratar-um-contador\">Contratar um contador<\/h2>\n\n\n\n<p>Tendo uma microempresa (ME), voc\u00ea \u00e9 obrigado por lei a contratar um contador e isso n\u00e3o precisa ser um problema, muito menos custar caro.<\/p>\n\n\n\n<p>Hoje a contabilidade est\u00e1 mudando, saindo do tradicional \u201cpapel e caneta\u201d e ganhando novas formas no mundo digital. Com essas mudan\u00e7as, quem \u00e9 <a href=\"https:\/\/www.contabilizei.com.br\/contabilidade-online\/pessoa-juridica\/\">Pessoa Jur\u00eddica<\/a>, e precisa de praticidade, s\u00f3 tem a ganhar!<\/p>\n\n\n\n<p>Por isso, escolher um servi\u00e7o de contabilidade online \u00e9 a melhor op\u00e7\u00e3o. Com ele voc\u00ea pode automatizar todos os processos que citamos acima, tornando sua rotina mais f\u00e1cil e a comunica\u00e7\u00e3o com seu contador mais transparente.<\/p>\n\n\n\n<p>\u00c9 assim que a Contabilizei atua: democratizando os servi\u00e7os cont\u00e1beis para voc\u00ea ser mais livre nas suas escolhas.<\/p>\n\n\n\n<p>Hoje somos o maior escrit\u00f3rio de contabilidade do Brasil e fomos os pioneiros na <a href=\"https:\/\/www.contabilizei.com.br\/contabilidade-online\/contabilidade-digital\/\">contabilidade digital<\/a>. Ou seja, aqui n\u00e3o falta experi\u00eancia para te ajudar a virar PJ da melhor maneira poss\u00edvel. Clique abaixo e conhe\u00e7a nossos servi\u00e7os<\/p>\n\n\n\n<blockquote class=\"wp-block-quote is-layout-flow wp-block-quote-is-layout-flow\">\n<p><\/p>\n<cite>Descubra quanto cobrar por seus servi\u00e7os com a <a href=\"https:\/\/www.contabilizei.com.br\/contabilizei-responde\/calculo-PJ-desenvolvedor\/\" target=\"_blank\" rel=\"noreferrer noopener\">calculadora PJ para desenvolvedor<\/a>.<\/cite><\/blockquote>\n\n\n\n<h4 class=\"wp-block-heading\">Contabilizei, me ajude a ser PJ<\/h4>\n\n\n\n<p>Esperamos que esse conte\u00fado tenha ajudado a entender o que voc\u00ea precisa saber para para virar PJ. Sabemos que essa \u00e9 uma decis\u00e3o importante e que voc\u00ea precisa de bastante informa\u00e7\u00e3o. <\/p>\n\n\n<p><iframe loading=\"lazy\" id=\"interactApp63c86bed830cc40016124a64\" width=\"800\" height=\"650\" style=\"border:none;max-width:100%;margin:0;\" allowtransparency=\"true\" frameborder=\"0\" src=\"https:\/\/quiz.tryinteract.com\/#\/63c86bed830cc40016124a64?method=iframe\"><\/iframe><\/p>\n\n\n","protected":false},"excerpt":{"rendered":"<p>Curioso para saber quais s\u00e3o as responsabilidades de um profissional que atua como Pessoa Jur\u00eddica? Acompanhe nosso artigo e fique por dentro.<\/p>\n","protected":false},"author":62,"featured_media":1781,"comment_status":"open","ping_status":"closed","sticky":false,"template":"","format":"standard","meta":{"footnotes":""},"categories":[241],"tags":[],"cta-tags":[],"acf":[],"yoast_head":"<!-- This site is optimized with the Yoast SEO plugin v24.5 - https:\/\/yoast.com\/wordpress\/plugins\/seo\/ -->\n<title>O que preciso saber para ser PJ? | Contabilizei Contabilidade<\/title>\n<meta name=\"description\" content=\"Muitos profissionais se tornam PJ e n\u00e3o sabem o que \u00e9 preciso para come\u00e7arem a atuar. Confira tudo neste post da Contabilizei.\" \/>\n<meta name=\"robots\" content=\"index, follow\" \/>\n<link rel=\"canonical\" href=\"https:\/\/www.contabilizei.com.br\/contabilidade-online\/o-que-preciso-saber-para-ser-pj\/\" \/>\n<meta property=\"og:locale\" content=\"pt_BR\" \/>\n<meta property=\"og:type\" content=\"article\" \/>\n<meta property=\"og:title\" content=\"O que preciso saber para ser PJ? | Contabilizei Contabilidade\" \/>\n<meta property=\"og:description\" content=\"Muitos profissionais se tornam PJ e n\u00e3o sabem o que \u00e9 preciso para come\u00e7arem a atuar. Confira tudo neste post da Contabilizei.\" \/>\n<meta property=\"og:url\" content=\"https:\/\/www.contabilizei.com.br\/contabilidade-online\/o-que-preciso-saber-para-ser-pj\/\" \/>\n<meta property=\"og:site_name\" content=\"Blog da Contabilizei\" \/>\n<meta property=\"article:publisher\" content=\"https:\/\/www.facebook.com\/Contabilizei\/\" \/>\n<meta property=\"article:author\" content=\"https:\/\/www.facebook.com\/Contabilizei\/\" \/>\n<meta property=\"article:published_time\" content=\"2019-06-03T03:00:00+00:00\" \/>\n<meta property=\"article:modified_time\" content=\"2024-07-29T17:34:20+00:00\" \/>\n<meta property=\"og:image\" content=\"https:\/\/www.contabilizei.com.br\/contabilidade-online\/wp-content\/uploads\/2019\/06\/preciso_saber_pj.jpg\" \/>\n\t<meta property=\"og:image:width\" content=\"1200\" \/>\n\t<meta property=\"og:image:height\" content=\"405\" \/>\n\t<meta property=\"og:image:type\" content=\"image\/jpeg\" \/>\n<meta name=\"author\" content=\"Vitor Torres\" \/>\n<meta name=\"twitter:card\" content=\"summary_large_image\" \/>\n<meta name=\"twitter:creator\" content=\"@contabilizei\" \/>\n<meta name=\"twitter:site\" content=\"@contabilizei\" \/>\n<meta name=\"twitter:label1\" content=\"Escrito por\" \/>\n\t<meta name=\"twitter:data1\" content=\"Vitor Torres\" \/>\n\t<meta name=\"twitter:label2\" content=\"Est. tempo de leitura\" \/>\n\t<meta name=\"twitter:data2\" content=\"7 minutos\" \/>\n<!-- \/ Yoast SEO plugin. -->","yoast_head_json":{"title":"O que preciso saber para ser PJ? | Contabilizei Contabilidade","description":"Muitos profissionais se tornam PJ e n\u00e3o sabem o que \u00e9 preciso para come\u00e7arem a atuar. Confira tudo neste post da Contabilizei.","robots":{"index":"index","follow":"follow"},"canonical":"https:\/\/www.contabilizei.com.br\/contabilidade-online\/o-que-preciso-saber-para-ser-pj\/","og_locale":"pt_BR","og_type":"article","og_title":"O que preciso saber para ser PJ? | Contabilizei Contabilidade","og_description":"Muitos profissionais se tornam PJ e n\u00e3o sabem o que \u00e9 preciso para come\u00e7arem a atuar. Confira tudo neste post da Contabilizei.","og_url":"https:\/\/www.contabilizei.com.br\/contabilidade-online\/o-que-preciso-saber-para-ser-pj\/","og_site_name":"Blog da Contabilizei","article_publisher":"https:\/\/www.facebook.com\/Contabilizei\/","article_author":"https:\/\/www.facebook.com\/Contabilizei\/","article_published_time":"2019-06-03T03:00:00+00:00","article_modified_time":"2024-07-29T17:34:20+00:00","og_image":[{"width":1200,"height":405,"url":"https:\/\/www.contabilizei.com.br\/contabilidade-online\/wp-content\/uploads\/2019\/06\/preciso_saber_pj.jpg","type":"image\/jpeg"}],"author":"Vitor Torres","twitter_card":"summary_large_image","twitter_creator":"@contabilizei","twitter_site":"@contabilizei","twitter_misc":{"Escrito por":"Vitor Torres","Est. tempo de leitura":"7 minutos"},"schema":{"@context":"https:\/\/schema.org","@graph":[{"@type":"Article","@id":"https:\/\/www.contabilizei.com.br\/contabilidade-online\/o-que-preciso-saber-para-ser-pj\/#article","isPartOf":{"@id":"https:\/\/www.contabilizei.com.br\/contabilidade-online\/o-que-preciso-saber-para-ser-pj\/"},"author":{"name":"Vitor Torres","@id":"https:\/\/www.contabilizei.com.br\/contabilidade-online\/#\/schema\/person\/87b4deaa44cff57e9234db891c5f72c0"},"headline":"O que preciso saber para ser PJ?","datePublished":"2019-06-03T03:00:00+00:00","dateModified":"2024-07-29T17:34:20+00:00","mainEntityOfPage":{"@id":"https:\/\/www.contabilizei.com.br\/contabilidade-online\/o-que-preciso-saber-para-ser-pj\/"},"wordCount":668,"commentCount":0,"publisher":{"@id":"https:\/\/www.contabilizei.com.br\/contabilidade-online\/#organization"},"image":{"@id":"https:\/\/www.contabilizei.com.br\/contabilidade-online\/o-que-preciso-saber-para-ser-pj\/#primaryimage"},"thumbnailUrl":"https:\/\/www.contabilizei.com.br\/contabilidade-online\/wp-content\/uploads\/2019\/06\/preciso_saber_pj.jpg?wsr","articleSection":["Comparativo CLT X PJ"],"inLanguage":"pt-BR","potentialAction":[{"@type":"CommentAction","name":"Comment","target":["https:\/\/www.contabilizei.com.br\/contabilidade-online\/o-que-preciso-saber-para-ser-pj\/#respond"]}]},{"@type":"WebPage","@id":"https:\/\/www.contabilizei.com.br\/contabilidade-online\/o-que-preciso-saber-para-ser-pj\/","url":"https:\/\/www.contabilizei.com.br\/contabilidade-online\/o-que-preciso-saber-para-ser-pj\/","name":"O que preciso saber para ser PJ? | Contabilizei Contabilidade","isPartOf":{"@id":"https:\/\/www.contabilizei.com.br\/contabilidade-online\/#website"},"primaryImageOfPage":{"@id":"https:\/\/www.contabilizei.com.br\/contabilidade-online\/o-que-preciso-saber-para-ser-pj\/#primaryimage"},"image":{"@id":"https:\/\/www.contabilizei.com.br\/contabilidade-online\/o-que-preciso-saber-para-ser-pj\/#primaryimage"},"thumbnailUrl":"https:\/\/www.contabilizei.com.br\/contabilidade-online\/wp-content\/uploads\/2019\/06\/preciso_saber_pj.jpg?wsr","datePublished":"2019-06-03T03:00:00+00:00","dateModified":"2024-07-29T17:34:20+00:00","description":"Muitos profissionais se tornam PJ e n\u00e3o sabem o que \u00e9 preciso para come\u00e7arem a atuar. Confira tudo neste post da Contabilizei.","breadcrumb":{"@id":"https:\/\/www.contabilizei.com.br\/contabilidade-online\/o-que-preciso-saber-para-ser-pj\/#breadcrumb"},"inLanguage":"pt-BR","potentialAction":[{"@type":"ReadAction","target":["https:\/\/www.contabilizei.com.br\/contabilidade-online\/o-que-preciso-saber-para-ser-pj\/"]}]},{"@type":"ImageObject","inLanguage":"pt-BR","@id":"https:\/\/www.contabilizei.com.br\/contabilidade-online\/o-que-preciso-saber-para-ser-pj\/#primaryimage","url":"https:\/\/www.contabilizei.com.br\/contabilidade-online\/wp-content\/uploads\/2019\/06\/preciso_saber_pj.jpg?wsr","contentUrl":"https:\/\/www.contabilizei.com.br\/contabilidade-online\/wp-content\/uploads\/2019\/06\/preciso_saber_pj.jpg?wsr","width":1200,"height":405,"caption":"Home Office corretores de seguro"},{"@type":"BreadcrumbList","@id":"https:\/\/www.contabilizei.com.br\/contabilidade-online\/o-que-preciso-saber-para-ser-pj\/#breadcrumb","itemListElement":[{"@type":"ListItem","position":1,"name":"Home","item":"https:\/\/www.contabilizei.com.br\/contabilidade-online\/"},{"@type":"ListItem","position":2,"name":"Comparativo CLT X PJ","item":"https:\/\/www.contabilizei.com.br\/contabilidade-online\/tudo-sobre-clt-x-pj\/"},{"@type":"ListItem","position":3,"name":"O que preciso saber para ser PJ?"}]},{"@type":"WebSite","@id":"https:\/\/www.contabilizei.com.br\/contabilidade-online\/#website","url":"https:\/\/www.contabilizei.com.br\/contabilidade-online\/","name":"Blog da Contabilizei","description":"Apoiando o empreendedorismo desde 2013","publisher":{"@id":"https:\/\/www.contabilizei.com.br\/contabilidade-online\/#organization"},"potentialAction":[{"@type":"SearchAction","target":{"@type":"EntryPoint","urlTemplate":"https:\/\/www.contabilizei.com.br\/contabilidade-online\/?s={search_term_string}"},"query-input":{"@type":"PropertyValueSpecification","valueRequired":true,"valueName":"search_term_string"}}],"inLanguage":"pt-BR"},{"@type":"Organization","@id":"https:\/\/www.contabilizei.com.br\/contabilidade-online\/#organization","name":"Contabilizei Contabilidade","url":"https:\/\/www.contabilizei.com.br\/contabilidade-online\/","logo":{"@type":"ImageObject","inLanguage":"pt-BR","@id":"https:\/\/www.contabilizei.com.br\/contabilidade-online\/#\/schema\/logo\/image\/","url":"","contentUrl":"","caption":"Contabilizei Contabilidade"},"image":{"@id":"https:\/\/www.contabilizei.com.br\/contabilidade-online\/#\/schema\/logo\/image\/"},"sameAs":["https:\/\/www.facebook.com\/Contabilizei\/","https:\/\/x.com\/contabilizei","https:\/\/www.instagram.com\/contabilizei\/","https:\/\/www.linkedin.com\/company\/contabilizei\/","https:\/\/www.youtube.com\/channel\/UCNAlIbSjWxrDLDllQUug8dA","https:\/\/pt.wikipedia.org\/wiki\/Contabilizei"]},{"@type":"Person","@id":"https:\/\/www.contabilizei.com.br\/contabilidade-online\/#\/schema\/person\/87b4deaa44cff57e9234db891c5f72c0","name":"Vitor Torres","image":{"@type":"ImageObject","inLanguage":"pt-BR","@id":"https:\/\/www.contabilizei.com.br\/contabilidade-online\/#\/schema\/person\/image\/","url":"https:\/\/secure.gravatar.com\/avatar\/4d123a72e5de57b92b84e56ac1baa6f6?s=96&d=mm&r=g","contentUrl":"https:\/\/secure.gravatar.com\/avatar\/4d123a72e5de57b92b84e56ac1baa6f6?s=96&d=mm&r=g","caption":"Vitor Torres"},"description":"Vitor Torres \u00e9 fundador e presidente da Contabilizei desde 2013, quando iniciou uma revolu\u00e7\u00e3o ao liderar o movimento de desburocratiza\u00e7\u00e3o da contabilidade no pa\u00eds, tendo alcan\u00e7ado a lideran\u00e7a no segmento durante essa jornada. Hoje tem o prop\u00f3sito de simplificar a vida dos micros e pequenos empreendedores e fortalecer o futuro de cada um dos 100 mil clientes da companhia, transformando o cen\u00e1rio do empreendedorismo no Brasil. O executivo \u00e9 formado em Administra\u00e7\u00e3o pela Universidade Positivo, possui forma\u00e7\u00e3o executiva em Lideran\u00e7a em Escala pela INSEAD, realizou um MBA de Administra\u00e7\u00e3o e Neg\u00f3cios pela Columbia Business School e participou de um Programa de Lideran\u00e7a Executiva em Neg\u00f3cios pela Stanford University Graduate School of Business. Em 2016, foi selecionado como Empreendedor Endeavor. Re\u00fane experi\u00eancia na \u00e1rea de consultoria e an\u00e1lise de neg\u00f3cios, tendo apoiado de forma pioneira no desenvolvimento do ecossistema de startups.","sameAs":["http:\/\/contabilizei.com.br","https:\/\/www.facebook.com\/Contabilizei\/","https:\/\/www.instagram.com\/contabilizei\/","https:\/\/www.linkedin.com\/company\/contabilizei\/","https:\/\/www.youtube.com\/channel\/UCNAlIbSjWxrDLDllQUug8dA"],"url":"https:\/\/www.contabilizei.com.br\/contabilidade-online\/autor\/vitor-torres\/"}]}},"_links":{"self":[{"href":"https:\/\/www.contabilizei.com.br\/contabilidade-online\/wp-json\/wp\/v2\/posts\/1561"}],"collection":[{"href":"https:\/\/www.contabilizei.com.br\/contabilidade-online\/wp-json\/wp\/v2\/posts"}],"about":[{"href":"https:\/\/www.contabilizei.com.br\/contabilidade-online\/wp-json\/wp\/v2\/types\/post"}],"author":[{"embeddable":true,"href":"https:\/\/www.contabilizei.com.br\/contabilidade-online\/wp-json\/wp\/v2\/users\/62"}],"replies":[{"embeddable":true,"href":"https:\/\/www.contabilizei.com.br\/contabilidade-online\/wp-json\/wp\/v2\/comments?post=1561"}],"version-history":[{"count":0,"href":"https:\/\/www.contabilizei.com.br\/contabilidade-online\/wp-json\/wp\/v2\/posts\/1561\/revisions"}],"wp:featuredmedia":[{"embeddable":true,"href":"https:\/\/www.contabilizei.com.br\/contabilidade-online\/wp-json\/wp\/v2\/media\/1781"}],"wp:attachment":[{"href":"https:\/\/www.contabilizei.com.br\/contabilidade-online\/wp-json\/wp\/v2\/media?parent=1561"}],"wp:term":[{"taxonomy":"category","embeddable":true,"href":"https:\/\/www.contabilizei.com.br\/contabilidade-online\/wp-json\/wp\/v2\/categories?post=1561"},{"taxonomy":"post_tag","embeddable":true,"href":"https:\/\/www.contabilizei.com.br\/contabilidade-online\/wp-json\/wp\/v2\/tags?post=1561"},{"taxonomy":"cta-tags","embeddable":true,"href":"https:\/\/www.contabilizei.com.br\/contabilidade-online\/wp-json\/wp\/v2\/cta-tags?post=1561"}],"curies":[{"name":"wp","href":"https:\/\/api.w.org\/{rel}","templated":true}]}}